{"id":83964,"date":"2024-07-10T09:53:39","date_gmt":"2024-07-10T07:53:39","guid":{"rendered":"https:\/\/www.tressis.com\/?p=83964"},"modified":"2024-08-09T11:38:49","modified_gmt":"2024-08-09T09:38:49","slug":"fed-necesita-mas-datos","status":"publish","type":"post","link":"https:\/\/www.tressis.com\/ca\/blog\/fed-necesita-mas-datos\/","title":{"rendered":"La Fed necesita m\u00e1s datos antes de dar un paso"},"content":{"rendered":"<p>Ayer vivimos una sesi\u00f3n con tono negativo en los principales \u00edndices de renta variable en Europa. En el Viejo Continente vimos retrocesos del 1,33% por parte del Eurostoxx, el DAX acab\u00f3 la jornada con un -1,28%, el CAC 40 con p\u00e9rdidas del 1,56% y el IBEX corrigiendo un 1,12%.<\/p>\n<p>&nbsp;<\/p>\n<p>En Estados Unidos, la t\u00f3nica fue algo m\u00e1s mixta y el S&#038;P recog\u00eda m\u00ednimas ganancias del 0,07%, el Nasdaq suma 0,14% y el Dow Jones termin\u00f3 con p\u00e9rdidas del 0,49%.<\/p>\n<p>&nbsp;<\/p>\n<p>El rendimiento de los bonos del Tesoro estadounidense a diez a\u00f1os se estabiliz\u00f3 alrededor del 4,3%, encontrando cierto soporte luego de que el presidente de la Reserva Federal, Jerome Powell, reiterara el <strong>enfoque cauteloso del banco central sobre los recortes de tipos de inter\u00e9s<\/strong>.<\/p>\n<p>&nbsp;<\/p>\n<div style=\"text-align: center; margin-bottom: 10px;\"><a href=\"https:\/\/www.tressis.com\/landing\/campana\/tressis-vision\/index.html?utm_campaign=descarga_paper&amp;utm_medium=blog_MMV&amp;utm_source=tressisvision\" target=\"_blank\" rel=\"noopener\"><img class=\"alignnone size-full\" \nsrc=\"https:\/\/www.tressis.com\/wp-content\/uploads\/2024\/04\/CTA-Tressis-vision-para-articulos-blog.webp\" alt=\"Informe mensual - Tressis visi\u00f3n\" \nwidth=\"800\" height=\"354\" \/><\/a><\/div>\n<p>&nbsp;<\/p>\n<p>Powell afirm\u00f3 que <strong>la Fed necesita m\u00e1s datos que respalden la idea de que la inflaci\u00f3n se est\u00e1 moviendo de manera sostenible<\/strong> hacia el 2% antes de reducir las tasas. Sin embargo, advirti\u00f3 que <strong>mantener una pol\u00edtica restrictiva durante demasiado tiempo podr\u00eda debilitar involuntariamente la actividad econ\u00f3mica y el empleo<\/strong>. Los inversores ahora esperan con atenci\u00f3n la comparecencia de Powell de hoy ante la C\u00e1mara de Representantes, as\u00ed como las cifras clave de inflaci\u00f3n de EE.UU. a finales de esta semana, para obtener m\u00e1s pistas sobre la trayectoria de la pol\u00edtica monetaria.<\/p>\n<p>&nbsp;<\/p>\n<p>Los mercados a\u00fan prev\u00e9n una <strong>probabilidad superior al 70% de un recorte de tasas de la Fed en septiembre<\/strong>, con una segunda reducci\u00f3n casi totalmente prevista para diciembre. Mientras tanto, el Departamento del Tesoro de EE.UU. subastar\u00e1 119.000 millones de d\u00f3lares en nuevos bonos esta semana.<\/p>\n<p>&nbsp;<\/p>\n<h2><strong>Inteligencia artificial<\/strong><\/h2>\n<p>Por el lado corporativo, las ventas de <a href=\"https:\/\/es.wikipedia.org\/wiki\/TSMC\" rel=\"noopener\" target=\"_blank\">TSMC<\/a> en el segundo trimestre se dispararon un 40% gracias a la fuerte demanda de chips para inteligencia artificial (IA). Este crecimiento impuls\u00f3 la capitalizaci\u00f3n de mercado de la compa\u00f1\u00eda a un bill\u00f3n de d\u00f3lares, convirti\u00e9ndola en la primera empresa taiwanesa en alcanzar este hito. <strong>La demanda de chips de IA proviene de centros de datos de todo el mundo que est\u00e1n invirtiendo en infraestructura para soportar la creciente adopci\u00f3n de la IA.<\/strong> Apple sigue siendo el mayor cliente de TSMC, pero la demanda de otros sectores como la inform\u00e1tica de alto rendimiento tambi\u00e9n est\u00e1 aumentando.<\/p>\n<p>&nbsp;<\/p>\n<h2><strong>OPA conjunta Brookfield y Grifols<\/strong><\/h2>\n<p>Tambi\u00e9n, el gigante canadiense de inversi\u00f3n Brookfield y la familia Gr\u00edfols, que controla m\u00e1s del 30% del fabricante de <a href=\"https:\/\/www.google.com\/search?q=hemoderivados\" rel=\"noopener\" target=\"_blank\">hemoderivados<\/a>, <a href=\"https:\/\/www.eleconomista.es\/salud\/noticias\/12903046\/07\/24\/brookfield-requerira-el-45-del-capital-para-excluir-de-bolsa-a-grifols-en-una-ofensiva-expres.html\" rel=\"noopener\" target=\"_blank\">est\u00e1n negociando una OPA conjunta<\/a> para excluir Grifols de la Bolsa de Valores. La oferta se presentar\u00eda a un precio de al menos diez euros por acci\u00f3n. De llevarse a cabo la operaci\u00f3n, Grifols dejar\u00eda de cotizar en bolsa y la familia Gr\u00edfols y Brookfield tendr\u00edan el control total de la compa\u00f1\u00eda. La decisi\u00f3n final sobre la OPA se espera en las pr\u00f3ximas semanas.<\/p>\n<p>&nbsp;<\/p>\n<p>Que teng\u00e1is un buen d\u00eda.<\/p>\n<p>&nbsp;<\/p>\n<p><center><strong>Javier Cantelar<\/strong><br \/>\nAnalista<\/center><\/p>\n","protected":false},"excerpt":{"rendered":"<p>Ayer vivimos una sesi\u00f3n con tono negativo en los principales \u00edndices de renta variable en Europa. En el Viejo Continente vimos retrocesos del 1,33% por parte del Eurostoxx, el DAX acab\u00f3 la jornada con un -1,28%, el CAC 40 con p\u00e9rdidas del 1,56% y el IBEX corrigiendo un 1,12%. &nbsp; En Estados Unidos, la t\u00f3nica [&hellip;]<\/p>\n","protected":false},"author":9,"featured_media":83968,"comment_status":"closed","ping_status":"open","sticky":false,"template":"","format":"standard","meta":{"_acf_changed":false,"footnotes":""},"categories":[9721],"tags":[9673,259,9674,9677,9167,2314,8843,9676,9084,3453,3527,3726,6128,9675,9672,6635,9395],"class_list":["post-83964","post","type-post","status-publish","format-standard","has-post-thumbnail","hentry","category-morning-meeting","tag-actividad-economica","tag-apple","tag-bonos-ee-uu","tag-brookfield","tag-el-ibex-35-hoy","tag-empleo","tag-grifols","tag-hemoderivados","tag-ia","tag-inflacion","tag-inteligencia-artificial","tag-jerome-powell","tag-semiconductores","tag-taiwan-semiconductor-manufacturing-company-limited","tag-tasas-fed","tag-tipos-interes","tag-tsmc"],"acf":[],"yoast_head":"<!-- This site is optimized with the Yoast SEO plugin v27.4 - https:\/\/yoast.com\/product\/yoast-seo-wordpress\/ -->\n<title>La Fed necesita m\u00e1s datos antes de dar un paso<\/title>\n<meta name=\"description\" content=\"El presidente de la Reserva Federal, Jerome Powell, reiterara el enfoque cauteloso del banco central sobre los recortes de tipos de inter\u00e9s.\" \/>\n<meta name=\"robots\" content=\"index, follow, max-snippet:-1, max-image-preview:large, max-video-preview:-1\" \/>\n<link rel=\"canonical\" href=\"https:\/\/www.tressis.com\/ca\/blog\/fed-necesita-mas-datos\/\" \/>\n<meta property=\"og:locale\" content=\"ca_ES\" \/>\n<meta property=\"og:type\" content=\"article\" \/>\n<meta property=\"og:title\" content=\"La Fed necesita m\u00e1s datos antes de dar un paso\" \/>\n<meta property=\"og:description\" content=\"El presidente de la Reserva Federal, Jerome Powell, reiterara el enfoque cauteloso del banco central sobre los recortes de tipos de inter\u00e9s.\" \/>\n<meta property=\"og:url\" content=\"https:\/\/www.tressis.com\/ca\/blog\/fed-necesita-mas-datos\/\" \/>\n<meta property=\"og:site_name\" content=\"Tressis\" \/>\n<meta property=\"article:publisher\" content=\"https:\/\/www.facebook.com\/Tressis\/\" \/>\n<meta property=\"article:published_time\" content=\"2024-07-10T07:53:39+00:00\" \/>\n<meta property=\"article:modified_time\" content=\"2024-08-09T09:38:49+00:00\" \/>\n<meta property=\"og:image\" content=\"https:\/\/www.tressis.com\/wp-content\/uploads\/2024\/07\/fed-necesita-mas-datos.webp\" \/>\n\t<meta property=\"og:image:width\" content=\"1200\" \/>\n\t<meta property=\"og:image:height\" content=\"531\" \/>\n\t<meta property=\"og:image:type\" content=\"image\/webp\" \/>\n<meta name=\"author\" content=\"Armando\" \/>\n<meta name=\"twitter:card\" content=\"summary_large_image\" \/>\n<meta name=\"twitter:creator\" content=\"@TressisSV\" \/>\n<meta name=\"twitter:site\" content=\"@TressisSV\" \/>\n<meta name=\"twitter:label1\" content=\"Escrit per\" \/>\n\t<meta name=\"twitter:data1\" content=\"Armando\" \/>\n\t<meta name=\"twitter:label2\" content=\"Temps estimat de lectura\" \/>\n\t<meta name=\"twitter:data2\" content=\"3 minuts\" \/>\n<script type=\"application\/ld+json\" class=\"yoast-schema-graph\">{\"@context\":\"https:\\\/\\\/schema.org\",\"@graph\":[{\"@type\":\"Article\",\"@id\":\"https:\\\/\\\/www.tressis.com\\\/ca\\\/blog\\\/fed-necesita-mas-datos\\\/#article\",\"isPartOf\":{\"@id\":\"https:\\\/\\\/www.tressis.com\\\/ca\\\/blog\\\/fed-necesita-mas-datos\\\/\"},\"author\":{\"name\":\"Armando\",\"@id\":\"https:\\\/\\\/www.tressis.com\\\/ca\\\/#\\\/schema\\\/person\\\/56d3b4de0493f088a4ca62a2e0c790ae\"},\"headline\":\"La Fed necesita m\u00e1s datos antes de dar un paso\",\"datePublished\":\"2024-07-10T07:53:39+00:00\",\"dateModified\":\"2024-08-09T09:38:49+00:00\",\"mainEntityOfPage\":{\"@id\":\"https:\\\/\\\/www.tressis.com\\\/ca\\\/blog\\\/fed-necesita-mas-datos\\\/\"},\"wordCount\":521,\"publisher\":{\"@id\":\"https:\\\/\\\/www.tressis.com\\\/ca\\\/#organization\"},\"image\":{\"@id\":\"https:\\\/\\\/www.tressis.com\\\/ca\\\/blog\\\/fed-necesita-mas-datos\\\/#primaryimage\"},\"thumbnailUrl\":\"https:\\\/\\\/www.tressis.com\\\/wp-content\\\/uploads\\\/2024\\\/07\\\/fed-necesita-mas-datos.webp\",\"keywords\":[\"actividad econ\u00f3mica\",\"Apple\",\"bonos EE.UU.\",\"Brookfield\",\"el Ibex 35 hoy\",\"empleo\",\"Grifols\",\"hemoderivados\",\"IA\",\"inflaci\u00f3n\",\"inteligencia artificial\",\"Jerome Powell\",\"semiconductores\",\"Taiwan Semiconductor Manufacturing Company Limited\",\"tasas Fed\",\"tipos inter\u00e9s\",\"TSMC\"],\"articleSection\":[\"Morning meeting\"],\"inLanguage\":\"ca\"},{\"@type\":\"WebPage\",\"@id\":\"https:\\\/\\\/www.tressis.com\\\/ca\\\/blog\\\/fed-necesita-mas-datos\\\/\",\"url\":\"https:\\\/\\\/www.tressis.com\\\/ca\\\/blog\\\/fed-necesita-mas-datos\\\/\",\"name\":\"La Fed necesita m\u00e1s datos antes de dar un paso\",\"isPartOf\":{\"@id\":\"https:\\\/\\\/www.tressis.com\\\/ca\\\/#website\"},\"primaryImageOfPage\":{\"@id\":\"https:\\\/\\\/www.tressis.com\\\/ca\\\/blog\\\/fed-necesita-mas-datos\\\/#primaryimage\"},\"image\":{\"@id\":\"https:\\\/\\\/www.tressis.com\\\/ca\\\/blog\\\/fed-necesita-mas-datos\\\/#primaryimage\"},\"thumbnailUrl\":\"https:\\\/\\\/www.tressis.com\\\/wp-content\\\/uploads\\\/2024\\\/07\\\/fed-necesita-mas-datos.webp\",\"datePublished\":\"2024-07-10T07:53:39+00:00\",\"dateModified\":\"2024-08-09T09:38:49+00:00\",\"description\":\"El presidente de la Reserva Federal, Jerome Powell, reiterara el enfoque cauteloso del banco central sobre los recortes de tipos de inter\u00e9s.\",\"breadcrumb\":{\"@id\":\"https:\\\/\\\/www.tressis.com\\\/ca\\\/blog\\\/fed-necesita-mas-datos\\\/#breadcrumb\"},\"inLanguage\":\"ca\",\"potentialAction\":[{\"@type\":\"ReadAction\",\"target\":[\"https:\\\/\\\/www.tressis.com\\\/ca\\\/blog\\\/fed-necesita-mas-datos\\\/\"]}]},{\"@type\":\"ImageObject\",\"inLanguage\":\"ca\",\"@id\":\"https:\\\/\\\/www.tressis.com\\\/ca\\\/blog\\\/fed-necesita-mas-datos\\\/#primaryimage\",\"url\":\"https:\\\/\\\/www.tressis.com\\\/wp-content\\\/uploads\\\/2024\\\/07\\\/fed-necesita-mas-datos.webp\",\"contentUrl\":\"https:\\\/\\\/www.tressis.com\\\/wp-content\\\/uploads\\\/2024\\\/07\\\/fed-necesita-mas-datos.webp\",\"width\":1200,\"height\":531,\"caption\":\"La Fed necesita m\u00e1s datos antes de dar un paso\"},{\"@type\":\"BreadcrumbList\",\"@id\":\"https:\\\/\\\/www.tressis.com\\\/ca\\\/blog\\\/fed-necesita-mas-datos\\\/#breadcrumb\",\"itemListElement\":[{\"@type\":\"ListItem\",\"position\":1,\"name\":\"Inicio\",\"item\":\"https:\\\/\\\/www.tressis.com\\\/ca\\\/\"},{\"@type\":\"ListItem\",\"position\":2,\"name\":\"Morning meeting\",\"item\":\"https:\\\/\\\/www.tressis.com\\\/ca\\\/blog\\\/categorias\\\/morning-meeting-ca\\\/\"},{\"@type\":\"ListItem\",\"position\":3,\"name\":\"La Fed necesita m\u00e1s datos antes de dar un paso\"}]},{\"@type\":\"WebSite\",\"@id\":\"https:\\\/\\\/www.tressis.com\\\/ca\\\/#website\",\"url\":\"https:\\\/\\\/www.tressis.com\\\/ca\\\/\",\"name\":\"Tressis banca privada\",\"description\":\"Tressis | Planificaci\u00f3n financiera y gesti\u00f3n de patrimonios\",\"publisher\":{\"@id\":\"https:\\\/\\\/www.tressis.com\\\/ca\\\/#organization\"},\"potentialAction\":[{\"@type\":\"SearchAction\",\"target\":{\"@type\":\"EntryPoint\",\"urlTemplate\":\"https:\\\/\\\/www.tressis.com\\\/ca\\\/?s={search_term_string}\"},\"query-input\":{\"@type\":\"PropertyValueSpecification\",\"valueRequired\":true,\"valueName\":\"search_term_string\"}}],\"inLanguage\":\"ca\"},{\"@type\":\"Organization\",\"@id\":\"https:\\\/\\\/www.tressis.com\\\/ca\\\/#organization\",\"name\":\"Tressis\",\"url\":\"https:\\\/\\\/www.tressis.com\\\/ca\\\/\",\"logo\":{\"@type\":\"ImageObject\",\"inLanguage\":\"ca\",\"@id\":\"https:\\\/\\\/www.tressis.com\\\/ca\\\/#\\\/schema\\\/logo\\\/image\\\/\",\"url\":\"https:\\\/\\\/www.tressis.com\\\/wp-content\\\/uploads\\\/2025\\\/06\\\/logo-tressis-112.png\",\"contentUrl\":\"https:\\\/\\\/www.tressis.com\\\/wp-content\\\/uploads\\\/2025\\\/06\\\/logo-tressis-112.png\",\"width\":112,\"height\":112,\"caption\":\"Tressis\"},\"image\":{\"@id\":\"https:\\\/\\\/www.tressis.com\\\/ca\\\/#\\\/schema\\\/logo\\\/image\\\/\"},\"sameAs\":[\"https:\\\/\\\/www.facebook.com\\\/Tressis\\\/\",\"https:\\\/\\\/x.com\\\/TressisSV\",\"https:\\\/\\\/www.instagram.com\\\/tressissv\\\/?hl=es\",\"https:\\\/\\\/linkedin.com\\\/company\\\/tressis\\\/\",\"https:\\\/\\\/www.youtube.com\\\/user\\\/tressissv\",\"https:\\\/\\\/open.spotify.com\\\/show\\\/3jmTe1Nf0wqMILl7diWV6h?si=d7112519f13c4593&nd=1\"]},{\"@type\":\"Person\",\"@id\":\"https:\\\/\\\/www.tressis.com\\\/ca\\\/#\\\/schema\\\/person\\\/56d3b4de0493f088a4ca62a2e0c790ae\",\"name\":\"Armando\",\"image\":{\"@type\":\"ImageObject\",\"inLanguage\":\"ca\",\"@id\":\"https:\\\/\\\/secure.gravatar.com\\\/avatar\\\/6d7efca74644be7dae792b122beab663996c233ae58f101b52769ece1cbf1435?s=96&d=mm&r=g\",\"url\":\"https:\\\/\\\/secure.gravatar.com\\\/avatar\\\/6d7efca74644be7dae792b122beab663996c233ae58f101b52769ece1cbf1435?s=96&d=mm&r=g\",\"contentUrl\":\"https:\\\/\\\/secure.gravatar.com\\\/avatar\\\/6d7efca74644be7dae792b122beab663996c233ae58f101b52769ece1cbf1435?s=96&d=mm&r=g\",\"caption\":\"Armando\"}}]}<\/script>\n<!-- \/ Yoast SEO plugin. -->","yoast_head_json":{"title":"La Fed necesita m\u00e1s datos antes de dar un paso","description":"El presidente de la Reserva Federal, Jerome Powell, reiterara el enfoque cauteloso del banco central sobre los recortes de tipos de inter\u00e9s.","robots":{"index":"index","follow":"follow","max-snippet":"max-snippet:-1","max-image-preview":"max-image-preview:large","max-video-preview":"max-video-preview:-1"},"canonical":"https:\/\/www.tressis.com\/ca\/blog\/fed-necesita-mas-datos\/","og_locale":"ca_ES","og_type":"article","og_title":"La Fed necesita m\u00e1s datos antes de dar un paso","og_description":"El presidente de la Reserva Federal, Jerome Powell, reiterara el enfoque cauteloso del banco central sobre los recortes de tipos de inter\u00e9s.","og_url":"https:\/\/www.tressis.com\/ca\/blog\/fed-necesita-mas-datos\/","og_site_name":"Tressis","article_publisher":"https:\/\/www.facebook.com\/Tressis\/","article_published_time":"2024-07-10T07:53:39+00:00","article_modified_time":"2024-08-09T09:38:49+00:00","og_image":[{"width":1200,"height":531,"url":"https:\/\/www.tressis.com\/wp-content\/uploads\/2024\/07\/fed-necesita-mas-datos.webp","type":"image\/webp"}],"author":"Armando","twitter_card":"summary_large_image","twitter_creator":"@TressisSV","twitter_site":"@TressisSV","twitter_misc":{"Escrit per":"Armando","Temps estimat de lectura":"3 minuts"},"schema":{"@context":"https:\/\/schema.org","@graph":[{"@type":"Article","@id":"https:\/\/www.tressis.com\/ca\/blog\/fed-necesita-mas-datos\/#article","isPartOf":{"@id":"https:\/\/www.tressis.com\/ca\/blog\/fed-necesita-mas-datos\/"},"author":{"name":"Armando","@id":"https:\/\/www.tressis.com\/ca\/#\/schema\/person\/56d3b4de0493f088a4ca62a2e0c790ae"},"headline":"La Fed necesita m\u00e1s datos antes de dar un paso","datePublished":"2024-07-10T07:53:39+00:00","dateModified":"2024-08-09T09:38:49+00:00","mainEntityOfPage":{"@id":"https:\/\/www.tressis.com\/ca\/blog\/fed-necesita-mas-datos\/"},"wordCount":521,"publisher":{"@id":"https:\/\/www.tressis.com\/ca\/#organization"},"image":{"@id":"https:\/\/www.tressis.com\/ca\/blog\/fed-necesita-mas-datos\/#primaryimage"},"thumbnailUrl":"https:\/\/www.tressis.com\/wp-content\/uploads\/2024\/07\/fed-necesita-mas-datos.webp","keywords":["actividad econ\u00f3mica","Apple","bonos EE.UU.","Brookfield","el Ibex 35 hoy","empleo","Grifols","hemoderivados","IA","inflaci\u00f3n","inteligencia artificial","Jerome Powell","semiconductores","Taiwan Semiconductor Manufacturing Company Limited","tasas Fed","tipos inter\u00e9s","TSMC"],"articleSection":["Morning meeting"],"inLanguage":"ca"},{"@type":"WebPage","@id":"https:\/\/www.tressis.com\/ca\/blog\/fed-necesita-mas-datos\/","url":"https:\/\/www.tressis.com\/ca\/blog\/fed-necesita-mas-datos\/","name":"La Fed necesita m\u00e1s datos antes de dar un paso","isPartOf":{"@id":"https:\/\/www.tressis.com\/ca\/#website"},"primaryImageOfPage":{"@id":"https:\/\/www.tressis.com\/ca\/blog\/fed-necesita-mas-datos\/#primaryimage"},"image":{"@id":"https:\/\/www.tressis.com\/ca\/blog\/fed-necesita-mas-datos\/#primaryimage"},"thumbnailUrl":"https:\/\/www.tressis.com\/wp-content\/uploads\/2024\/07\/fed-necesita-mas-datos.webp","datePublished":"2024-07-10T07:53:39+00:00","dateModified":"2024-08-09T09:38:49+00:00","description":"El presidente de la Reserva Federal, Jerome Powell, reiterara el enfoque cauteloso del banco central sobre los recortes de tipos de inter\u00e9s.","breadcrumb":{"@id":"https:\/\/www.tressis.com\/ca\/blog\/fed-necesita-mas-datos\/#breadcrumb"},"inLanguage":"ca","potentialAction":[{"@type":"ReadAction","target":["https:\/\/www.tressis.com\/ca\/blog\/fed-necesita-mas-datos\/"]}]},{"@type":"ImageObject","inLanguage":"ca","@id":"https:\/\/www.tressis.com\/ca\/blog\/fed-necesita-mas-datos\/#primaryimage","url":"https:\/\/www.tressis.com\/wp-content\/uploads\/2024\/07\/fed-necesita-mas-datos.webp","contentUrl":"https:\/\/www.tressis.com\/wp-content\/uploads\/2024\/07\/fed-necesita-mas-datos.webp","width":1200,"height":531,"caption":"La Fed necesita m\u00e1s datos antes de dar un paso"},{"@type":"BreadcrumbList","@id":"https:\/\/www.tressis.com\/ca\/blog\/fed-necesita-mas-datos\/#breadcrumb","itemListElement":[{"@type":"ListItem","position":1,"name":"Inicio","item":"https:\/\/www.tressis.com\/ca\/"},{"@type":"ListItem","position":2,"name":"Morning meeting","item":"https:\/\/www.tressis.com\/ca\/blog\/categorias\/morning-meeting-ca\/"},{"@type":"ListItem","position":3,"name":"La Fed necesita m\u00e1s datos antes de dar un paso"}]},{"@type":"WebSite","@id":"https:\/\/www.tressis.com\/ca\/#website","url":"https:\/\/www.tressis.com\/ca\/","name":"Tressis banca privada","description":"Tressis | Planificaci\u00f3n financiera y gesti\u00f3n de patrimonios","publisher":{"@id":"https:\/\/www.tressis.com\/ca\/#organization"},"potentialAction":[{"@type":"SearchAction","target":{"@type":"EntryPoint","urlTemplate":"https:\/\/www.tressis.com\/ca\/?s={search_term_string}"},"query-input":{"@type":"PropertyValueSpecification","valueRequired":true,"valueName":"search_term_string"}}],"inLanguage":"ca"},{"@type":"Organization","@id":"https:\/\/www.tressis.com\/ca\/#organization","name":"Tressis","url":"https:\/\/www.tressis.com\/ca\/","logo":{"@type":"ImageObject","inLanguage":"ca","@id":"https:\/\/www.tressis.com\/ca\/#\/schema\/logo\/image\/","url":"https:\/\/www.tressis.com\/wp-content\/uploads\/2025\/06\/logo-tressis-112.png","contentUrl":"https:\/\/www.tressis.com\/wp-content\/uploads\/2025\/06\/logo-tressis-112.png","width":112,"height":112,"caption":"Tressis"},"image":{"@id":"https:\/\/www.tressis.com\/ca\/#\/schema\/logo\/image\/"},"sameAs":["https:\/\/www.facebook.com\/Tressis\/","https:\/\/x.com\/TressisSV","https:\/\/www.instagram.com\/tressissv\/?hl=es","https:\/\/linkedin.com\/company\/tressis\/","https:\/\/www.youtube.com\/user\/tressissv","https:\/\/open.spotify.com\/show\/3jmTe1Nf0wqMILl7diWV6h?si=d7112519f13c4593&nd=1"]},{"@type":"Person","@id":"https:\/\/www.tressis.com\/ca\/#\/schema\/person\/56d3b4de0493f088a4ca62a2e0c790ae","name":"Armando","image":{"@type":"ImageObject","inLanguage":"ca","@id":"https:\/\/secure.gravatar.com\/avatar\/6d7efca74644be7dae792b122beab663996c233ae58f101b52769ece1cbf1435?s=96&d=mm&r=g","url":"https:\/\/secure.gravatar.com\/avatar\/6d7efca74644be7dae792b122beab663996c233ae58f101b52769ece1cbf1435?s=96&d=mm&r=g","contentUrl":"https:\/\/secure.gravatar.com\/avatar\/6d7efca74644be7dae792b122beab663996c233ae58f101b52769ece1cbf1435?s=96&d=mm&r=g","caption":"Armando"}}]}},"_links":{"self":[{"href":"https:\/\/www.tressis.com\/ca\/wp-json\/wp\/v2\/posts\/83964","targetHints":{"allow":["GET"]}}],"collection":[{"href":"https:\/\/www.tressis.com\/ca\/wp-json\/wp\/v2\/posts"}],"about":[{"href":"https:\/\/www.tressis.com\/ca\/wp-json\/wp\/v2\/types\/post"}],"author":[{"embeddable":true,"href":"https:\/\/www.tressis.com\/ca\/wp-json\/wp\/v2\/users\/9"}],"replies":[{"embeddable":true,"href":"https:\/\/www.tressis.com\/ca\/wp-json\/wp\/v2\/comments?post=83964"}],"version-history":[{"count":7,"href":"https:\/\/www.tressis.com\/ca\/wp-json\/wp\/v2\/posts\/83964\/revisions"}],"predecessor-version":[{"id":83978,"href":"https:\/\/www.tressis.com\/ca\/wp-json\/wp\/v2\/posts\/83964\/revisions\/83978"}],"wp:featuredmedia":[{"embeddable":true,"href":"https:\/\/www.tressis.com\/ca\/wp-json\/wp\/v2\/media\/83968"}],"wp:attachment":[{"href":"https:\/\/www.tressis.com\/ca\/wp-json\/wp\/v2\/media?parent=83964"}],"wp:term":[{"taxonomy":"category","embeddable":true,"href":"https:\/\/www.tressis.com\/ca\/wp-json\/wp\/v2\/categories?post=83964"},{"taxonomy":"post_tag","embeddable":true,"href":"https:\/\/www.tressis.com\/ca\/wp-json\/wp\/v2\/tags?post=83964"}],"curies":[{"name":"wp","href":"https:\/\/api.w.org\/{rel}","templated":true}]}}