{"id":83688,"date":"2024-07-04T09:42:22","date_gmt":"2024-07-04T07:42:22","guid":{"rendered":"https:\/\/www.tressis.com\/?p=83688"},"modified":"2025-04-09T11:30:24","modified_gmt":"2025-04-09T09:30:24","slug":"moderados-comentarios-reserva-federal","status":"publish","type":"post","link":"https:\/\/www.tressis.com\/ca\/blog\/moderados-comentarios-reserva-federal\/","title":{"rendered":"Moderados comentarios por parte del presidente de la Reserva Federal"},"content":{"rendered":"<p>Las acciones europeas subieron el mi\u00e9rcoles ante los comentarios moderados del presidente de la Reserva Federal, Jerome Powell, y los nuevos datos econ\u00f3micos de Estados Unidos, que reforzaron las esperanzas de recorte de tipos, mientras los inversores esperaban la segunda vuelta de las elecciones francesas y las elecciones nacionales en el Reino Unido. Las expectativas de que la Fed baje los tipos en septiembre se sit\u00faan ahora en el 74%, frente al 65% anterior a los datos m\u00e1s d\u00e9biles, lo que ha contribuido a que el rendimiento de la deuda p\u00fablica a diez a\u00f1os baje.<\/p>\n<p>&nbsp;<\/p>\n<p>En el Viejo Continente, los principales \u00edndices cerraron con incrementos superiores al 1%. El Ibex 35 subi\u00f3 un +1,24%, el CAC franc\u00e9s lo hizo un +1,24% y el DAX alem\u00e1n un 1,19%. El FTSE 100 brit\u00e1nico tambi\u00e9n gan\u00f3 un +0,6% antes de la votaci\u00f3n del 4 de julio, que podr\u00eda poner fin a catorce a\u00f1os de gobierno conservador.<\/p>\n<p>&nbsp;<\/p>\n<div style=\"text-align: center; margin-bottom: 10px;\"><a href=\"https:\/\/www.tressis.com\/landing\/campana\/tressis-vision\/index.html?utm_campaign=descarga_paper&amp;utm_medium=blog_MMV&amp;utm_source=tressisvision\" target=\"_blank\" rel=\"noopener\"><img class=\"alignnone size-full\" \nsrc=\"https:\/\/www.tressis.com\/wp-content\/uploads\/2024\/04\/CTA-Tressis-vision-para-articulos-blog.webp\" alt=\"Informe mensual - Tressis visi\u00f3n\" \nwidth=\"800\" height=\"354\" \/><\/a><\/div>\n<p>&nbsp;<\/p>\n<h2><strong>El peso de China<\/strong><\/h2>\n<p>Las mineras fueron el sector que m\u00e1s subi\u00f3, con un avance del +2,2%, despu\u00e9s de que los precios del cobre se incrementaran gracias a un d\u00f3lar m\u00e1s d\u00e9bil en medio de renovadas esperanzas de recortes de tipos en EE.UU. y se\u00f1ales de una demanda m\u00e1s firme por parte del principal consumidor, China.<\/p>\n<p>&nbsp;<\/p>\n<h2><strong>\u00a1Feliz 4 de julio!<\/strong><\/h2>\n<p>Al otro lado del charco, el S&#038;P 500 (+0,51%) y el Nasdaq (0,88%) subieron el mi\u00e9rcoles y cerraron en m\u00e1ximos hist\u00f3ricos, despu\u00e9s de que los datos sobre el mercado laboral y la actividad empresarial en Estados Unidos apuntaran a un debilitamiento de la situaci\u00f3n econ\u00f3mica, consolidando las esperanzas de una bajada de tipos en septiembre. Estos siguen a las declaraciones de Powell el martes, que subrayaba los datos recientes como un signo de &#8220;progreso significativo&#8221; en la inflaci\u00f3n. Sin embargo, el Dow Jones industrial cerr\u00f3 ligeramente a la baja (-0,06%), presionado por las ventas en los sectores sanitario y de consumo, en una sesi\u00f3n m\u00e1s corta por la celebraci\u00f3n del 4 de julio. <strong>No abrir\u00e1 la bolsa el jueves por el <a href=\"https:\/\/es.wikipedia.org\/wiki\/D%C3%ADa_de_la_Independencia_de_los_Estados_Unidos\" rel=\"noopener\" target=\"_blank\">D\u00eda de la Independencia de EE.UU.<\/a><\/strong><\/p>\n<p>&nbsp;<\/p>\n<h2><strong>El Reino Unido decide en las urnas<\/strong><\/h2>\n<p>El principal acontecimiento que nos espera hoy en Europa ser\u00e1 las <a href=\"https:\/\/www.elconfidencial.com\/mundo\/europa\/2024-07-03\/encuestas-ganador-elecciones-reino-unido-2024-1qrt_3916110\/\" rel=\"noopener\" target=\"_blank\">elecciones brit\u00e1nicas<\/a>, en las que la \u00fanica inc\u00f3gnita real es cu\u00e1n amplia ser\u00e1 la mayor\u00eda laborista. Es posible que el voto t\u00e1ctico relegue a los conservadores al tercer puesto, lo que convertir\u00eda a los centristas liberal-dem\u00f3cratas en la principal oposici\u00f3n y cambiar\u00eda el tradicional equilibrio de poder en el Parlamento.<\/p>\n<p>&nbsp;<\/p>\n<p>Los mercados parecen imperturbables ante el probable cambio de poder, con los futuros del FTSE estables y la libra esterlina cerca de un m\u00e1ximo de tres semanas frente al d\u00f3lar. La reputaci\u00f3n de los conservadores en materia de gesti\u00f3n econ\u00f3mica se vio tan empa\u00f1ada por el descalabro del mercado de bonos que sigui\u00f3 al disparatado presupuesto de <a href=\"https:\/\/es.wikipedia.org\/wiki\/Liz_Truss\" rel=\"noopener\" target=\"_blank\">Liz Truss<\/a>, que los laboristas ya no parecen temibles desde el punto de vista fiscal. De hecho, <a href=\"https:\/\/es.wikipedia.org\/wiki\/Keir_Starmer\" rel=\"noopener\" target=\"_blank\">Keir Starmer<\/a> se ha esforzado por parecer aburridamente sobrio en materia de gasto e impuestos, precisamente para no asustar a los caballos.<\/p>\n<p>&nbsp;<\/p>\n<h2><strong>Avances de la jornada<\/strong><\/h2>\n<p>Por \u00faltimo, hoy la jornada en Asia ha sido, en general, optimista. El \u00edndice TOPIX (Tokyo Stock Exchange) de Jap\u00f3n ha superado su nivel de 1989 y ha alcanzado un nuevo m\u00e1ximo hist\u00f3rico, impulsado por los bancos y el sector automovil\u00edstico, mientras que el principal \u00edndice de Taiw\u00e1n tambi\u00e9n ha alcanzado m\u00e1ximos hist\u00f3ricos, a lomos de la actual pasi\u00f3n por la inteligencia artificial.<\/p>\n<p>&nbsp;<\/p>\n<div style=\"text-align: center; margin-bottom: 10px;\"><img decoding=\"async\" src=\"https:\/\/www.tressis.com\/wp-content\/uploads\/2024\/07\/moderados-comentarios-reserva-federal-1.webp\" alt=\"Gr\u00e1fica, nuevo r\u00e9cord del TOPIX desde 1989\" Width=\"640\" Height=\"360\" \/><\/div>\n<p>&nbsp;<\/p>\n<p>Feliz jueves.<\/p>\n<p>&nbsp;<\/p>\n<p><center><strong>Jose Francisco Ib\u00e1\u00f1ez<\/strong><br \/>\nAnalista<\/center><\/p>\n","protected":false},"excerpt":{"rendered":"<p>Las acciones europeas subieron el mi\u00e9rcoles ante los comentarios moderados del presidente de la Reserva Federal, Jerome Powell, y los nuevos datos econ\u00f3micos de Estados Unidos, que reforzaron las esperanzas de recorte de tipos, mientras los inversores esperaban la segunda vuelta de las elecciones francesas y las elecciones nacionales en el Reino Unido. Las expectativas [&hellip;]<\/p>\n","protected":false},"author":9,"featured_media":83738,"comment_status":"closed","ping_status":"open","sticky":false,"template":"","format":"standard","meta":{"_acf_changed":false,"footnotes":""},"categories":[9721],"tags":[9661,9167,2263,2275,3726,6617],"class_list":["post-83688","post","type-post","status-publish","format-standard","has-post-thumbnail","hentry","category-morning-meeting","tag-4-de-julio","tag-el-ibex-35-hoy","tag-elecciones-francesas","tag-elecciones-reino-unido","tag-jerome-powell","tag-tipos-de-interes"],"acf":[],"yoast_head":"<!-- This site is optimized with the Yoast SEO plugin v27.4 - https:\/\/yoast.com\/product\/yoast-seo-wordpress\/ -->\n<title>Moderados comentarios del presidente de la Reserva Federal - Tressis<\/title>\n<meta name=\"description\" content=\"Las expectativas de una bajada de tipos en septiembre por parte de la Fed se sit\u00faan ahora en el 74%, frente al 65% anterior.\" \/>\n<meta name=\"robots\" content=\"index, follow, max-snippet:-1, max-image-preview:large, max-video-preview:-1\" \/>\n<link rel=\"canonical\" href=\"https:\/\/www.tressis.com\/ca\/blog\/moderados-comentarios-reserva-federal\/\" \/>\n<meta property=\"og:locale\" content=\"ca_ES\" \/>\n<meta property=\"og:type\" content=\"article\" \/>\n<meta property=\"og:title\" content=\"Moderados comentarios del presidente de la Reserva Federal - Tressis\" \/>\n<meta property=\"og:description\" content=\"Las expectativas de una bajada de tipos en septiembre por parte de la Fed se sit\u00faan ahora en el 74%, frente al 65% anterior.\" \/>\n<meta property=\"og:url\" content=\"https:\/\/www.tressis.com\/ca\/blog\/moderados-comentarios-reserva-federal\/\" \/>\n<meta property=\"og:site_name\" content=\"Tressis\" \/>\n<meta property=\"article:publisher\" content=\"https:\/\/www.facebook.com\/Tressis\/\" \/>\n<meta property=\"article:published_time\" content=\"2024-07-04T07:42:22+00:00\" \/>\n<meta property=\"article:modified_time\" content=\"2025-04-09T09:30:24+00:00\" \/>\n<meta property=\"og:image\" content=\"https:\/\/www.tressis.com\/wp-content\/uploads\/2024\/07\/moderados-comentarios-reserva-federal.webp\" \/>\n\t<meta property=\"og:image:width\" content=\"1200\" \/>\n\t<meta property=\"og:image:height\" content=\"531\" \/>\n\t<meta property=\"og:image:type\" content=\"image\/webp\" \/>\n<meta name=\"author\" content=\"Armando\" \/>\n<meta name=\"twitter:card\" content=\"summary_large_image\" \/>\n<meta name=\"twitter:creator\" content=\"@TressisSV\" \/>\n<meta name=\"twitter:site\" content=\"@TressisSV\" \/>\n<meta name=\"twitter:label1\" content=\"Escrit per\" \/>\n\t<meta name=\"twitter:data1\" content=\"Armando\" \/>\n\t<meta name=\"twitter:label2\" content=\"Temps estimat de lectura\" \/>\n\t<meta name=\"twitter:data2\" content=\"3 minuts\" \/>\n<script type=\"application\/ld+json\" class=\"yoast-schema-graph\">{\"@context\":\"https:\\\/\\\/schema.org\",\"@graph\":[{\"@type\":\"Article\",\"@id\":\"https:\\\/\\\/www.tressis.com\\\/ca\\\/blog\\\/moderados-comentarios-reserva-federal\\\/#article\",\"isPartOf\":{\"@id\":\"https:\\\/\\\/www.tressis.com\\\/ca\\\/blog\\\/moderados-comentarios-reserva-federal\\\/\"},\"author\":{\"name\":\"Armando\",\"@id\":\"https:\\\/\\\/www.tressis.com\\\/ca\\\/#\\\/schema\\\/person\\\/56d3b4de0493f088a4ca62a2e0c790ae\"},\"headline\":\"Moderados comentarios por parte del presidente de la Reserva Federal\",\"datePublished\":\"2024-07-04T07:42:22+00:00\",\"dateModified\":\"2025-04-09T09:30:24+00:00\",\"mainEntityOfPage\":{\"@id\":\"https:\\\/\\\/www.tressis.com\\\/ca\\\/blog\\\/moderados-comentarios-reserva-federal\\\/\"},\"wordCount\":640,\"publisher\":{\"@id\":\"https:\\\/\\\/www.tressis.com\\\/ca\\\/#organization\"},\"image\":{\"@id\":\"https:\\\/\\\/www.tressis.com\\\/ca\\\/blog\\\/moderados-comentarios-reserva-federal\\\/#primaryimage\"},\"thumbnailUrl\":\"https:\\\/\\\/www.tressis.com\\\/wp-content\\\/uploads\\\/2024\\\/07\\\/moderados-comentarios-reserva-federal.webp\",\"keywords\":[\"4 de julio\",\"el Ibex 35 hoy\",\"elecciones francesas\",\"elecciones Reino Unido\",\"Jerome Powell\",\"tipos de inter\u00e9s\"],\"articleSection\":[\"Morning meeting\"],\"inLanguage\":\"ca\"},{\"@type\":\"WebPage\",\"@id\":\"https:\\\/\\\/www.tressis.com\\\/ca\\\/blog\\\/moderados-comentarios-reserva-federal\\\/\",\"url\":\"https:\\\/\\\/www.tressis.com\\\/ca\\\/blog\\\/moderados-comentarios-reserva-federal\\\/\",\"name\":\"Moderados comentarios del presidente de la Reserva Federal - Tressis\",\"isPartOf\":{\"@id\":\"https:\\\/\\\/www.tressis.com\\\/ca\\\/#website\"},\"primaryImageOfPage\":{\"@id\":\"https:\\\/\\\/www.tressis.com\\\/ca\\\/blog\\\/moderados-comentarios-reserva-federal\\\/#primaryimage\"},\"image\":{\"@id\":\"https:\\\/\\\/www.tressis.com\\\/ca\\\/blog\\\/moderados-comentarios-reserva-federal\\\/#primaryimage\"},\"thumbnailUrl\":\"https:\\\/\\\/www.tressis.com\\\/wp-content\\\/uploads\\\/2024\\\/07\\\/moderados-comentarios-reserva-federal.webp\",\"datePublished\":\"2024-07-04T07:42:22+00:00\",\"dateModified\":\"2025-04-09T09:30:24+00:00\",\"description\":\"Las expectativas de una bajada de tipos en septiembre por parte de la Fed se sit\u00faan ahora en el 74%, frente al 65% anterior.\",\"breadcrumb\":{\"@id\":\"https:\\\/\\\/www.tressis.com\\\/ca\\\/blog\\\/moderados-comentarios-reserva-federal\\\/#breadcrumb\"},\"inLanguage\":\"ca\",\"potentialAction\":[{\"@type\":\"ReadAction\",\"target\":[\"https:\\\/\\\/www.tressis.com\\\/ca\\\/blog\\\/moderados-comentarios-reserva-federal\\\/\"]}]},{\"@type\":\"ImageObject\",\"inLanguage\":\"ca\",\"@id\":\"https:\\\/\\\/www.tressis.com\\\/ca\\\/blog\\\/moderados-comentarios-reserva-federal\\\/#primaryimage\",\"url\":\"https:\\\/\\\/www.tressis.com\\\/wp-content\\\/uploads\\\/2024\\\/07\\\/moderados-comentarios-reserva-federal.webp\",\"contentUrl\":\"https:\\\/\\\/www.tressis.com\\\/wp-content\\\/uploads\\\/2024\\\/07\\\/moderados-comentarios-reserva-federal.webp\",\"width\":1200,\"height\":531,\"caption\":\"Moderados comentarios de la Reserva Federal\"},{\"@type\":\"BreadcrumbList\",\"@id\":\"https:\\\/\\\/www.tressis.com\\\/ca\\\/blog\\\/moderados-comentarios-reserva-federal\\\/#breadcrumb\",\"itemListElement\":[{\"@type\":\"ListItem\",\"position\":1,\"name\":\"Inicio\",\"item\":\"https:\\\/\\\/www.tressis.com\\\/ca\\\/\"},{\"@type\":\"ListItem\",\"position\":2,\"name\":\"Morning meeting\",\"item\":\"https:\\\/\\\/www.tressis.com\\\/ca\\\/blog\\\/categorias\\\/morning-meeting-ca\\\/\"},{\"@type\":\"ListItem\",\"position\":3,\"name\":\"Moderados comentarios por parte del presidente de la Reserva Federal\"}]},{\"@type\":\"WebSite\",\"@id\":\"https:\\\/\\\/www.tressis.com\\\/ca\\\/#website\",\"url\":\"https:\\\/\\\/www.tressis.com\\\/ca\\\/\",\"name\":\"Tressis banca privada\",\"description\":\"Tressis | Planificaci\u00f3n financiera y gesti\u00f3n de patrimonios\",\"publisher\":{\"@id\":\"https:\\\/\\\/www.tressis.com\\\/ca\\\/#organization\"},\"potentialAction\":[{\"@type\":\"SearchAction\",\"target\":{\"@type\":\"EntryPoint\",\"urlTemplate\":\"https:\\\/\\\/www.tressis.com\\\/ca\\\/?s={search_term_string}\"},\"query-input\":{\"@type\":\"PropertyValueSpecification\",\"valueRequired\":true,\"valueName\":\"search_term_string\"}}],\"inLanguage\":\"ca\"},{\"@type\":\"Organization\",\"@id\":\"https:\\\/\\\/www.tressis.com\\\/ca\\\/#organization\",\"name\":\"Tressis\",\"url\":\"https:\\\/\\\/www.tressis.com\\\/ca\\\/\",\"logo\":{\"@type\":\"ImageObject\",\"inLanguage\":\"ca\",\"@id\":\"https:\\\/\\\/www.tressis.com\\\/ca\\\/#\\\/schema\\\/logo\\\/image\\\/\",\"url\":\"https:\\\/\\\/www.tressis.com\\\/wp-content\\\/uploads\\\/2025\\\/06\\\/logo-tressis-112.png\",\"contentUrl\":\"https:\\\/\\\/www.tressis.com\\\/wp-content\\\/uploads\\\/2025\\\/06\\\/logo-tressis-112.png\",\"width\":112,\"height\":112,\"caption\":\"Tressis\"},\"image\":{\"@id\":\"https:\\\/\\\/www.tressis.com\\\/ca\\\/#\\\/schema\\\/logo\\\/image\\\/\"},\"sameAs\":[\"https:\\\/\\\/www.facebook.com\\\/Tressis\\\/\",\"https:\\\/\\\/x.com\\\/TressisSV\",\"https:\\\/\\\/www.instagram.com\\\/tressissv\\\/?hl=es\",\"https:\\\/\\\/linkedin.com\\\/company\\\/tressis\\\/\",\"https:\\\/\\\/www.youtube.com\\\/user\\\/tressissv\",\"https:\\\/\\\/open.spotify.com\\\/show\\\/3jmTe1Nf0wqMILl7diWV6h?si=d7112519f13c4593&nd=1\"]},{\"@type\":\"Person\",\"@id\":\"https:\\\/\\\/www.tressis.com\\\/ca\\\/#\\\/schema\\\/person\\\/56d3b4de0493f088a4ca62a2e0c790ae\",\"name\":\"Armando\",\"image\":{\"@type\":\"ImageObject\",\"inLanguage\":\"ca\",\"@id\":\"https:\\\/\\\/secure.gravatar.com\\\/avatar\\\/6d7efca74644be7dae792b122beab663996c233ae58f101b52769ece1cbf1435?s=96&d=mm&r=g\",\"url\":\"https:\\\/\\\/secure.gravatar.com\\\/avatar\\\/6d7efca74644be7dae792b122beab663996c233ae58f101b52769ece1cbf1435?s=96&d=mm&r=g\",\"contentUrl\":\"https:\\\/\\\/secure.gravatar.com\\\/avatar\\\/6d7efca74644be7dae792b122beab663996c233ae58f101b52769ece1cbf1435?s=96&d=mm&r=g\",\"caption\":\"Armando\"}}]}<\/script>\n<!-- \/ Yoast SEO plugin. -->","yoast_head_json":{"title":"Moderados comentarios del presidente de la Reserva Federal - Tressis","description":"Las expectativas de una bajada de tipos en septiembre por parte de la Fed se sit\u00faan ahora en el 74%, frente al 65% anterior.","robots":{"index":"index","follow":"follow","max-snippet":"max-snippet:-1","max-image-preview":"max-image-preview:large","max-video-preview":"max-video-preview:-1"},"canonical":"https:\/\/www.tressis.com\/ca\/blog\/moderados-comentarios-reserva-federal\/","og_locale":"ca_ES","og_type":"article","og_title":"Moderados comentarios del presidente de la Reserva Federal - Tressis","og_description":"Las expectativas de una bajada de tipos en septiembre por parte de la Fed se sit\u00faan ahora en el 74%, frente al 65% anterior.","og_url":"https:\/\/www.tressis.com\/ca\/blog\/moderados-comentarios-reserva-federal\/","og_site_name":"Tressis","article_publisher":"https:\/\/www.facebook.com\/Tressis\/","article_published_time":"2024-07-04T07:42:22+00:00","article_modified_time":"2025-04-09T09:30:24+00:00","og_image":[{"width":1200,"height":531,"url":"https:\/\/www.tressis.com\/wp-content\/uploads\/2024\/07\/moderados-comentarios-reserva-federal.webp","type":"image\/webp"}],"author":"Armando","twitter_card":"summary_large_image","twitter_creator":"@TressisSV","twitter_site":"@TressisSV","twitter_misc":{"Escrit per":"Armando","Temps estimat de lectura":"3 minuts"},"schema":{"@context":"https:\/\/schema.org","@graph":[{"@type":"Article","@id":"https:\/\/www.tressis.com\/ca\/blog\/moderados-comentarios-reserva-federal\/#article","isPartOf":{"@id":"https:\/\/www.tressis.com\/ca\/blog\/moderados-comentarios-reserva-federal\/"},"author":{"name":"Armando","@id":"https:\/\/www.tressis.com\/ca\/#\/schema\/person\/56d3b4de0493f088a4ca62a2e0c790ae"},"headline":"Moderados comentarios por parte del presidente de la Reserva Federal","datePublished":"2024-07-04T07:42:22+00:00","dateModified":"2025-04-09T09:30:24+00:00","mainEntityOfPage":{"@id":"https:\/\/www.tressis.com\/ca\/blog\/moderados-comentarios-reserva-federal\/"},"wordCount":640,"publisher":{"@id":"https:\/\/www.tressis.com\/ca\/#organization"},"image":{"@id":"https:\/\/www.tressis.com\/ca\/blog\/moderados-comentarios-reserva-federal\/#primaryimage"},"thumbnailUrl":"https:\/\/www.tressis.com\/wp-content\/uploads\/2024\/07\/moderados-comentarios-reserva-federal.webp","keywords":["4 de julio","el Ibex 35 hoy","elecciones francesas","elecciones Reino Unido","Jerome Powell","tipos de inter\u00e9s"],"articleSection":["Morning meeting"],"inLanguage":"ca"},{"@type":"WebPage","@id":"https:\/\/www.tressis.com\/ca\/blog\/moderados-comentarios-reserva-federal\/","url":"https:\/\/www.tressis.com\/ca\/blog\/moderados-comentarios-reserva-federal\/","name":"Moderados comentarios del presidente de la Reserva Federal - Tressis","isPartOf":{"@id":"https:\/\/www.tressis.com\/ca\/#website"},"primaryImageOfPage":{"@id":"https:\/\/www.tressis.com\/ca\/blog\/moderados-comentarios-reserva-federal\/#primaryimage"},"image":{"@id":"https:\/\/www.tressis.com\/ca\/blog\/moderados-comentarios-reserva-federal\/#primaryimage"},"thumbnailUrl":"https:\/\/www.tressis.com\/wp-content\/uploads\/2024\/07\/moderados-comentarios-reserva-federal.webp","datePublished":"2024-07-04T07:42:22+00:00","dateModified":"2025-04-09T09:30:24+00:00","description":"Las expectativas de una bajada de tipos en septiembre por parte de la Fed se sit\u00faan ahora en el 74%, frente al 65% anterior.","breadcrumb":{"@id":"https:\/\/www.tressis.com\/ca\/blog\/moderados-comentarios-reserva-federal\/#breadcrumb"},"inLanguage":"ca","potentialAction":[{"@type":"ReadAction","target":["https:\/\/www.tressis.com\/ca\/blog\/moderados-comentarios-reserva-federal\/"]}]},{"@type":"ImageObject","inLanguage":"ca","@id":"https:\/\/www.tressis.com\/ca\/blog\/moderados-comentarios-reserva-federal\/#primaryimage","url":"https:\/\/www.tressis.com\/wp-content\/uploads\/2024\/07\/moderados-comentarios-reserva-federal.webp","contentUrl":"https:\/\/www.tressis.com\/wp-content\/uploads\/2024\/07\/moderados-comentarios-reserva-federal.webp","width":1200,"height":531,"caption":"Moderados comentarios de la Reserva Federal"},{"@type":"BreadcrumbList","@id":"https:\/\/www.tressis.com\/ca\/blog\/moderados-comentarios-reserva-federal\/#breadcrumb","itemListElement":[{"@type":"ListItem","position":1,"name":"Inicio","item":"https:\/\/www.tressis.com\/ca\/"},{"@type":"ListItem","position":2,"name":"Morning meeting","item":"https:\/\/www.tressis.com\/ca\/blog\/categorias\/morning-meeting-ca\/"},{"@type":"ListItem","position":3,"name":"Moderados comentarios por parte del presidente de la Reserva Federal"}]},{"@type":"WebSite","@id":"https:\/\/www.tressis.com\/ca\/#website","url":"https:\/\/www.tressis.com\/ca\/","name":"Tressis banca privada","description":"Tressis | Planificaci\u00f3n financiera y gesti\u00f3n de patrimonios","publisher":{"@id":"https:\/\/www.tressis.com\/ca\/#organization"},"potentialAction":[{"@type":"SearchAction","target":{"@type":"EntryPoint","urlTemplate":"https:\/\/www.tressis.com\/ca\/?s={search_term_string}"},"query-input":{"@type":"PropertyValueSpecification","valueRequired":true,"valueName":"search_term_string"}}],"inLanguage":"ca"},{"@type":"Organization","@id":"https:\/\/www.tressis.com\/ca\/#organization","name":"Tressis","url":"https:\/\/www.tressis.com\/ca\/","logo":{"@type":"ImageObject","inLanguage":"ca","@id":"https:\/\/www.tressis.com\/ca\/#\/schema\/logo\/image\/","url":"https:\/\/www.tressis.com\/wp-content\/uploads\/2025\/06\/logo-tressis-112.png","contentUrl":"https:\/\/www.tressis.com\/wp-content\/uploads\/2025\/06\/logo-tressis-112.png","width":112,"height":112,"caption":"Tressis"},"image":{"@id":"https:\/\/www.tressis.com\/ca\/#\/schema\/logo\/image\/"},"sameAs":["https:\/\/www.facebook.com\/Tressis\/","https:\/\/x.com\/TressisSV","https:\/\/www.instagram.com\/tressissv\/?hl=es","https:\/\/linkedin.com\/company\/tressis\/","https:\/\/www.youtube.com\/user\/tressissv","https:\/\/open.spotify.com\/show\/3jmTe1Nf0wqMILl7diWV6h?si=d7112519f13c4593&nd=1"]},{"@type":"Person","@id":"https:\/\/www.tressis.com\/ca\/#\/schema\/person\/56d3b4de0493f088a4ca62a2e0c790ae","name":"Armando","image":{"@type":"ImageObject","inLanguage":"ca","@id":"https:\/\/secure.gravatar.com\/avatar\/6d7efca74644be7dae792b122beab663996c233ae58f101b52769ece1cbf1435?s=96&d=mm&r=g","url":"https:\/\/secure.gravatar.com\/avatar\/6d7efca74644be7dae792b122beab663996c233ae58f101b52769ece1cbf1435?s=96&d=mm&r=g","contentUrl":"https:\/\/secure.gravatar.com\/avatar\/6d7efca74644be7dae792b122beab663996c233ae58f101b52769ece1cbf1435?s=96&d=mm&r=g","caption":"Armando"}}]}},"_links":{"self":[{"href":"https:\/\/www.tressis.com\/ca\/wp-json\/wp\/v2\/posts\/83688","targetHints":{"allow":["GET"]}}],"collection":[{"href":"https:\/\/www.tressis.com\/ca\/wp-json\/wp\/v2\/posts"}],"about":[{"href":"https:\/\/www.tressis.com\/ca\/wp-json\/wp\/v2\/types\/post"}],"author":[{"embeddable":true,"href":"https:\/\/www.tressis.com\/ca\/wp-json\/wp\/v2\/users\/9"}],"replies":[{"embeddable":true,"href":"https:\/\/www.tressis.com\/ca\/wp-json\/wp\/v2\/comments?post=83688"}],"version-history":[{"count":7,"href":"https:\/\/www.tressis.com\/ca\/wp-json\/wp\/v2\/posts\/83688\/revisions"}],"predecessor-version":[{"id":106762,"href":"https:\/\/www.tressis.com\/ca\/wp-json\/wp\/v2\/posts\/83688\/revisions\/106762"}],"wp:featuredmedia":[{"embeddable":true,"href":"https:\/\/www.tressis.com\/ca\/wp-json\/wp\/v2\/media\/83738"}],"wp:attachment":[{"href":"https:\/\/www.tressis.com\/ca\/wp-json\/wp\/v2\/media?parent=83688"}],"wp:term":[{"taxonomy":"category","embeddable":true,"href":"https:\/\/www.tressis.com\/ca\/wp-json\/wp\/v2\/categories?post=83688"},{"taxonomy":"post_tag","embeddable":true,"href":"https:\/\/www.tressis.com\/ca\/wp-json\/wp\/v2\/tags?post=83688"}],"curies":[{"name":"wp","href":"https:\/\/api.w.org\/{rel}","templated":true}]}}