{"id":83558,"date":"2024-07-03T09:45:24","date_gmt":"2024-07-03T07:45:24","guid":{"rendered":"https:\/\/www.tressis.com\/?p=83558"},"modified":"2024-08-09T11:40:23","modified_gmt":"2024-08-09T09:40:23","slug":"foro-bce-bancos-centrales","status":"publish","type":"post","link":"https:\/\/www.tressis.com\/ca\/blog\/foro-bce-bancos-centrales\/","title":{"rendered":"Semana protagonizada por el Foro del BCE sobre Banca Central"},"content":{"rendered":"<p>No cesan las declaraciones de los responsables de pol\u00edtica monetaria de los bancos centrales. La presidenta del BCE, Christine Lagarde, dijo en el <a href=\"https:\/\/www.ecb.europa.eu\/press\/key\/date\/2024\/html\/ecb.sp240701~ba1ae1bd25.es.html\" rel=\"noopener\" target=\"_blank\">discurso de inauguraci\u00f3n del Foro de Sintra<\/a>, foro que termina hoy, que se necesita tiempo para sopesar las incertidumbres sobre la inflaci\u00f3n, advirtiendo que todav\u00eda no est\u00e1 garantizado el \u201caterrizaje suave&#8221; de la econom\u00eda. Adem\u00e1s, indic\u00f3 que el BCE se tomar\u00e1 un descanso con los tipos de inter\u00e9s este mes, ya que no tienen pruebas suficientes de que las preocupaciones sobre la inflaci\u00f3n hayan disminuido. Por su parte, <a href=\"https:\/\/es.wikipedia.org\/wiki\/M%C4%81rti%C5%86%C5%A1_Kaz%C4%81ks\" rel=\"noopener\" target=\"_blank\">M\u0101rti\u0146\u0161 Kaz\u0101ks<\/a>, miembro del Consejo de Gobierno del BCE, indicaba que las expectativas de que la entidad recorte los tipos de inter\u00e9s una o dos veces m\u00e1s este a\u00f1o parecen bastante razonables. Por su parte, el responsable de pol\u00edtica monetaria del BCE, <a href=\"https:\/\/www.google.com\/search?q=Bo%C5%A1tjan+Vasle\" rel=\"noopener\" target=\"_blank\">Bo\u0161tjan Vasle<\/a>, declaraba que \u201c<a href=\"https:\/\/www.bolsamania.com\/capitalbolsa\/noticias\/economia\/vasle-del-bce-podemos-recortar-mas-los-tipos-si-las-cosas-van-como-esperamos--17025610.html\" rel=\"noopener\" target=\"_blank\">podemos recortar m\u00e1s los tipos si las cosas van como esperamos<\/a>, pero necesitamos m\u00e1s datos para confirmar la trayectoria de la inflaci\u00f3n. Hay que tener cuidado de no cantar victoria demasiado pronto. El mercado laboral es muy importante para los pr\u00f3ximos pasos\u201d. <a href=\"https:\/\/es.wikipedia.org\/wiki\/Luis_de_Guindos\" rel=\"noopener\" target=\"_blank\">Luis de Guindos<\/a>, <strong>vicepresidente del BCE, ve positivos los \u00faltimos datos de inflaci\u00f3n de Espa\u00f1a y Alemania<\/strong>. Adem\u00e1s, el economista jefe del BCE, <a href=\"https:\/\/es.wikipedia.org\/wiki\/Philip_R._Lane\" rel=\"noopener\" target=\"_blank\">Philip Lane<\/a>, no ve urgente bajar tipos y considera que la tasa de desempleo en la eurozona permite al organismo considerar con m\u00e1s calma si los riesgos al alza para las presiones inflacionistas est\u00e1n verdaderamente contenidos. Por su parte, el presidente de la autoridad monetaria de EE.UU., <strong>Jerome Powell, ha admitido en Sintra que la Fed ha hecho &#8220;bastante progreso&#8221; en sus esfuerzos para reducir la inflaci\u00f3n<\/strong>, pero quiere seguir viendo que este progreso contin\u00faa avanzando. Indicaba que la econom\u00eda estadounidense es fuerte, y el mercado laboral tambi\u00e9n, por lo que tienen la capacidad de tomarse un tiempo para bajar los tipos de inter\u00e9s. Quieren tener m\u00e1s confianza en que la inflaci\u00f3n est\u00e1 descendiendo de forma sostenible hacia el 2%, objetivo que no creen que se alance este a\u00f1o ni el pr\u00f3ximo en su pa\u00eds, aunque no descarta que, a lo mejor, sea posible para finales de 2025.<\/p>\n<p>&nbsp;<\/p>\n<h2><strong>Los bonos se toman un respiro<\/strong><\/h2>\n<p>Las rentabilidades disminuyen tras las fuertes subidas de rentabilidades a las que hemos asistido en los \u00faltimos d\u00edas. El bono alem\u00e1n a diez a\u00f1os se mantuvo sin cambios al ubicarse en 2,60%, el bono franc\u00e9s y el espa\u00f1ol bajan 3 puntos b\u00e1sicos a niveles de 3,31% y 3,43%, respectivamente. En Estados Unidos la situaci\u00f3n fue similar: el bono americano a largo plazo experiment\u00f3 una bajada de 3 p.b. para cerrar al 4,43%. En el tramo corto de la curva (dos a\u00f1os), el movimiento fue m\u00e1s leve a ambos lados del Atl\u00e1ntico. El bono alem\u00e1n se dejaba 2 p.b. en el 2,89% y Estados Unidos hac\u00eda lo propio, -1 p.b., para situarse en 4,74%. De momento, las curvas de tipos siguen invertidas con rentabilidades mayores en el corto plazo que en el largo, pero el diferencial entre el dos y el diez a\u00f1os se esta acortando. En Estados Unidos se ubica en -31 p.b. y en Alemania -30 p.b. Estos diferenciales llegaron a estar durante este a\u00f1o en niveles de \u201349 p.b. y -55 p.b. respectivamente.<\/p>\n<p>&nbsp;<\/p>\n<div style=\"text-align: center; margin-bottom: 10px;\"><a href=\"https:\/\/www.tressis.com\/landing\/campana\/tressis-vision\/index.html?utm_campaign=descarga_paper&amp;utm_medium=blog_MMV&amp;utm_source=tressisvision\" target=\"_blank\" rel=\"noopener\"><img class=\"alignnone size-full\" \nsrc=\"https:\/\/www.tressis.com\/wp-content\/uploads\/2024\/04\/CTA-Tressis-vision-para-articulos-blog.webp\" alt=\"Informe mensual - Tressis visi\u00f3n\" \nwidth=\"800\" height=\"354\" \/><\/a><\/div>\n<p>&nbsp;<\/p>\n<h2><strong>Nueva subasta de letras del Tesoro P\u00fablico<\/strong><\/h2>\n<p>El Tesoro celebr\u00f3 ayer la primera subasta del mes de julio en la que ha colocado 4998 millones, ofreciendo rentabilidades m\u00e1s altas por las letras a seis meses y m\u00e1s bajas por las letras a doce meses frente a la subasta del mes pasado. En las letras a seis meses, el Tesoro ha conseguido 1347 millones. Por otro lado, en las letras a doce meses ha captado 3650, se\u00f1al de que <strong>sigue el alto apetito inversor por esta clase de activos<\/strong>. La demanda conjunta de ambas referencias casi ha llegado a duplicar lo adjudicado, con unas solicitudes de 9117 millones de euros.<\/p>\n<p>&nbsp;<\/p>\n<h2><strong>Resumen burs\u00e1til<\/strong><\/h2>\n<p>Los \u00edndices burs\u00e1tiles europeos no pudieron esquivar los n\u00fameros rojos y acabaron cerrando con p\u00e9rdidas generalizadas. El Eurostoxx termin\u00f3 la jornada con un retroceso del 0,48%, el CAC 40 cedi\u00f3 un 0,30%, el DAX un 0,69% y el IBEX 35 perd\u00eda un 1,30%. En Estados Unidos la sesi\u00f3n fue contraria, registr\u00e1ndose subidas en los \u00edndices. El S&#038;P 500 rebotaba un 0,62%, cerrando por primera vez en su historia por encima de 5500 puntos, el Nasdaq sub\u00eda un 0,84% (32\u00ba r\u00e9cord del indicador este a\u00f1o) y el Dow Jones un 0,41%.<\/p>\n<p>&nbsp;<\/p>\n<h2><strong>Datos de inflaci\u00f3n<\/strong><\/h2>\n<p>La inflaci\u00f3n de la eurozona se modera una d\u00e9cima en junio, hasta el 2,5% interanual, mientras que la tasa subyacente se mantuvo en el 2,9%. El mayor incremento del coste de la vida en junio correspondi\u00f3 a B\u00e9lgica con un 5,5%, seguido de Espa\u00f1a con un 3,5% y de Croacia y Pa\u00edses Bajos con un 3,4% en ambos casos. Por contra, las menores subidas de los precios se observaron en Finlandia, con un alza del 0,6% interanual, seguido de Italia con un 0,9% y de Lituania con un 1%. En Estados Unidos <a href=\"https:\/\/www.fxstreet.es\/economic-calendar\/event\/9ba65d91-c2d2-4e4b-b6f3-dfe3677dc980?timezoneOffset=0\" rel=\"noopener\" target=\"_blank\">las ofertas de empleo (JOLTS) aumentaron por primera vez en tres meses en m\u00e1s de 220.000 en mayo<\/a>, saltando a 8.140.000 desde las 7.919.000 de abril. El indicador ha superado las expectativas del mercado, que esperaba un descenso a 7.910.000.<\/p>\n<p>&nbsp;<\/p>\n<p style=\"text-align: center; margin-bottom:20px;\">Distribuci\u00f3n de inflaci\u00f3n de la eurozona.<\/p>\n<div style=\"text-align: center; margin-bottom: 30px;\"><img decoding=\"async\" src=\"https:\/\/www.tressis.com\/wp-content\/uploads\/2024\/07\/foro-bce-bancos-centrales-1.webp\" alt=\"Distribuci\u00f3n de inflaci\u00f3n de la eurozona\" Width=\"334\" Height=\"374\" \/><\/div>\n<div style=\"text-align: center; margin-bottom: 10px;\"><img decoding=\"async\" src=\"https:\/\/www.tressis.com\/wp-content\/uploads\/2024\/07\/foro-bce-bancos-centrales-2.webp\" alt=\"Distribuci\u00f3n de inflaci\u00f3n de la eurozona. DAtos de vestimenta y calzado\" Width=\"1041\" Height=\"375\" \/><\/div>\n<p style=\"text-align: center; margin:auto 20px;\">Fuente: Bloomberg.<\/p>\n<p>&nbsp;<\/p>\n<h2><strong>Bater\u00eda de datos macroecon\u00f3micos<\/strong><\/h2>\n<p>Hoy tendremos los PMI finales de servicios del mes de junio en Estados Unidos, zona euro, Alemania, Francia, Italia y Espa\u00f1a. Los precios de producci\u00f3n de la zona euro de mayo. La encuesta ADP de empleo de junio de Estados Unidos, junto con los pedidos de bienes duraderos de mayo. Las solicitudes iniciales de desempleo. Y el acta de la \u00faltima reuni\u00f3n de la Fed.<\/p>\n<p>&nbsp;<\/p>\n<p>\u00a1Buen mi\u00e9rcoles!<\/p>\n<p>&nbsp;<\/p>\n<p><center><strong>Jessica Steuer Barbosa<\/strong><br \/>\nAnalista<\/center><\/p>\n","protected":false},"excerpt":{"rendered":"<p>No cesan las declaraciones de los responsables de pol\u00edtica monetaria de los bancos centrales. La presidenta del BCE, Christine Lagarde, dijo en el discurso de inauguraci\u00f3n del Foro de Sintra, foro que termina hoy, que se necesita tiempo para sopesar las incertidumbres sobre la inflaci\u00f3n, advirtiendo que todav\u00eda no est\u00e1 garantizado el \u201caterrizaje suave&#8221; de [&hellip;]<\/p>\n","protected":false},"author":9,"featured_media":83563,"comment_status":"closed","ping_status":"open","sticky":false,"template":"","format":"standard","meta":{"_acf_changed":false,"footnotes":""},"categories":[9721],"tags":[8826,559,9659,1130,9167,9107,3453,3726,9047,9658,9441,6557],"class_list":["post-83558","post","type-post","status-publish","format-standard","has-post-thumbnail","hentry","category-morning-meeting","tag-acta-fed","tag-bce","tag-bostjan-vasle","tag-christine-lagarde","tag-el-ibex-35-hoy","tag-foro-anual-bce-en-sintra","tag-inflacion","tag-jerome-powell","tag-luis-de-guindos","tag-martins-kazaks","tag-philip-lane","tag-tesoro-publico"],"acf":[],"yoast_head":"<!-- This site is optimized with the Yoast SEO plugin v27.4 - https:\/\/yoast.com\/product\/yoast-seo-wordpress\/ -->\n<title>Inflaci\u00f3n y el Foro del BCE sobre Banca Central - Tressis<\/title>\n<meta name=\"description\" content=\"Christine Lagarde dijo en el discurso de inauguraci\u00f3n del Foro que se necesita tiempo para sopesar las incertidumbres sobre la inflaci\u00f3n.\" \/>\n<meta name=\"robots\" content=\"index, follow, max-snippet:-1, max-image-preview:large, max-video-preview:-1\" \/>\n<link rel=\"canonical\" href=\"https:\/\/www.tressis.com\/ca\/blog\/foro-bce-bancos-centrales\/\" \/>\n<meta property=\"og:locale\" content=\"ca_ES\" \/>\n<meta property=\"og:type\" content=\"article\" \/>\n<meta property=\"og:title\" content=\"Inflaci\u00f3n y el Foro del BCE sobre Banca Central - Tressis\" \/>\n<meta property=\"og:description\" content=\"Christine Lagarde dijo en el discurso de inauguraci\u00f3n del Foro que se necesita tiempo para sopesar las incertidumbres sobre la inflaci\u00f3n.\" \/>\n<meta property=\"og:url\" content=\"https:\/\/www.tressis.com\/ca\/blog\/foro-bce-bancos-centrales\/\" \/>\n<meta property=\"og:site_name\" content=\"Tressis\" \/>\n<meta property=\"article:publisher\" content=\"https:\/\/www.facebook.com\/Tressis\/\" \/>\n<meta property=\"article:published_time\" content=\"2024-07-03T07:45:24+00:00\" \/>\n<meta property=\"article:modified_time\" content=\"2024-08-09T09:40:23+00:00\" \/>\n<meta property=\"og:image\" content=\"https:\/\/www.tressis.com\/wp-content\/uploads\/2024\/07\/foro-bce-bancos-centrales.webp\" \/>\n\t<meta property=\"og:image:width\" content=\"1200\" \/>\n\t<meta property=\"og:image:height\" content=\"531\" \/>\n\t<meta property=\"og:image:type\" content=\"image\/webp\" \/>\n<meta name=\"author\" content=\"Armando\" \/>\n<meta name=\"twitter:card\" content=\"summary_large_image\" \/>\n<meta name=\"twitter:creator\" content=\"@TressisSV\" \/>\n<meta name=\"twitter:site\" content=\"@TressisSV\" \/>\n<meta name=\"twitter:label1\" content=\"Escrit per\" \/>\n\t<meta name=\"twitter:data1\" content=\"Armando\" \/>\n\t<meta name=\"twitter:label2\" content=\"Temps estimat de lectura\" \/>\n\t<meta name=\"twitter:data2\" content=\"5 minuts\" \/>\n<script type=\"application\/ld+json\" class=\"yoast-schema-graph\">{\"@context\":\"https:\\\/\\\/schema.org\",\"@graph\":[{\"@type\":\"Article\",\"@id\":\"https:\\\/\\\/www.tressis.com\\\/ca\\\/blog\\\/foro-bce-bancos-centrales\\\/#article\",\"isPartOf\":{\"@id\":\"https:\\\/\\\/www.tressis.com\\\/ca\\\/blog\\\/foro-bce-bancos-centrales\\\/\"},\"author\":{\"name\":\"Armando\",\"@id\":\"https:\\\/\\\/www.tressis.com\\\/ca\\\/#\\\/schema\\\/person\\\/56d3b4de0493f088a4ca62a2e0c790ae\"},\"headline\":\"Semana protagonizada por el Foro del BCE sobre Banca Central\",\"datePublished\":\"2024-07-03T07:45:24+00:00\",\"dateModified\":\"2024-08-09T09:40:23+00:00\",\"mainEntityOfPage\":{\"@id\":\"https:\\\/\\\/www.tressis.com\\\/ca\\\/blog\\\/foro-bce-bancos-centrales\\\/\"},\"wordCount\":1015,\"publisher\":{\"@id\":\"https:\\\/\\\/www.tressis.com\\\/ca\\\/#organization\"},\"image\":{\"@id\":\"https:\\\/\\\/www.tressis.com\\\/ca\\\/blog\\\/foro-bce-bancos-centrales\\\/#primaryimage\"},\"thumbnailUrl\":\"https:\\\/\\\/www.tressis.com\\\/wp-content\\\/uploads\\\/2024\\\/07\\\/foro-bce-bancos-centrales.webp\",\"keywords\":[\"acta Fed\",\"BCE\",\"Bo\u0161tjan Vasle\",\"Christine Lagarde\",\"el Ibex 35 hoy\",\"foro anual BCE en Sintra\",\"inflaci\u00f3n\",\"Jerome Powell\",\"Luis de Guindos\",\"Martins Kazaks\",\"Philip Lane\",\"tesoro p\u00fablico\"],\"articleSection\":[\"Morning meeting\"],\"inLanguage\":\"ca\"},{\"@type\":\"WebPage\",\"@id\":\"https:\\\/\\\/www.tressis.com\\\/ca\\\/blog\\\/foro-bce-bancos-centrales\\\/\",\"url\":\"https:\\\/\\\/www.tressis.com\\\/ca\\\/blog\\\/foro-bce-bancos-centrales\\\/\",\"name\":\"Inflaci\u00f3n y el Foro del BCE sobre Banca Central - Tressis\",\"isPartOf\":{\"@id\":\"https:\\\/\\\/www.tressis.com\\\/ca\\\/#website\"},\"primaryImageOfPage\":{\"@id\":\"https:\\\/\\\/www.tressis.com\\\/ca\\\/blog\\\/foro-bce-bancos-centrales\\\/#primaryimage\"},\"image\":{\"@id\":\"https:\\\/\\\/www.tressis.com\\\/ca\\\/blog\\\/foro-bce-bancos-centrales\\\/#primaryimage\"},\"thumbnailUrl\":\"https:\\\/\\\/www.tressis.com\\\/wp-content\\\/uploads\\\/2024\\\/07\\\/foro-bce-bancos-centrales.webp\",\"datePublished\":\"2024-07-03T07:45:24+00:00\",\"dateModified\":\"2024-08-09T09:40:23+00:00\",\"description\":\"Christine Lagarde dijo en el discurso de inauguraci\u00f3n del Foro que se necesita tiempo para sopesar las incertidumbres sobre la inflaci\u00f3n.\",\"breadcrumb\":{\"@id\":\"https:\\\/\\\/www.tressis.com\\\/ca\\\/blog\\\/foro-bce-bancos-centrales\\\/#breadcrumb\"},\"inLanguage\":\"ca\",\"potentialAction\":[{\"@type\":\"ReadAction\",\"target\":[\"https:\\\/\\\/www.tressis.com\\\/ca\\\/blog\\\/foro-bce-bancos-centrales\\\/\"]}]},{\"@type\":\"ImageObject\",\"inLanguage\":\"ca\",\"@id\":\"https:\\\/\\\/www.tressis.com\\\/ca\\\/blog\\\/foro-bce-bancos-centrales\\\/#primaryimage\",\"url\":\"https:\\\/\\\/www.tressis.com\\\/wp-content\\\/uploads\\\/2024\\\/07\\\/foro-bce-bancos-centrales.webp\",\"contentUrl\":\"https:\\\/\\\/www.tressis.com\\\/wp-content\\\/uploads\\\/2024\\\/07\\\/foro-bce-bancos-centrales.webp\",\"width\":1200,\"height\":531,\"caption\":\"BCE\"},{\"@type\":\"BreadcrumbList\",\"@id\":\"https:\\\/\\\/www.tressis.com\\\/ca\\\/blog\\\/foro-bce-bancos-centrales\\\/#breadcrumb\",\"itemListElement\":[{\"@type\":\"ListItem\",\"position\":1,\"name\":\"Inicio\",\"item\":\"https:\\\/\\\/www.tressis.com\\\/ca\\\/\"},{\"@type\":\"ListItem\",\"position\":2,\"name\":\"Morning meeting\",\"item\":\"https:\\\/\\\/www.tressis.com\\\/ca\\\/blog\\\/categorias\\\/morning-meeting-ca\\\/\"},{\"@type\":\"ListItem\",\"position\":3,\"name\":\"Semana protagonizada por el Foro del BCE sobre Banca Central\"}]},{\"@type\":\"WebSite\",\"@id\":\"https:\\\/\\\/www.tressis.com\\\/ca\\\/#website\",\"url\":\"https:\\\/\\\/www.tressis.com\\\/ca\\\/\",\"name\":\"Tressis banca privada\",\"description\":\"Tressis | Planificaci\u00f3n financiera y gesti\u00f3n de patrimonios\",\"publisher\":{\"@id\":\"https:\\\/\\\/www.tressis.com\\\/ca\\\/#organization\"},\"potentialAction\":[{\"@type\":\"SearchAction\",\"target\":{\"@type\":\"EntryPoint\",\"urlTemplate\":\"https:\\\/\\\/www.tressis.com\\\/ca\\\/?s={search_term_string}\"},\"query-input\":{\"@type\":\"PropertyValueSpecification\",\"valueRequired\":true,\"valueName\":\"search_term_string\"}}],\"inLanguage\":\"ca\"},{\"@type\":\"Organization\",\"@id\":\"https:\\\/\\\/www.tressis.com\\\/ca\\\/#organization\",\"name\":\"Tressis\",\"url\":\"https:\\\/\\\/www.tressis.com\\\/ca\\\/\",\"logo\":{\"@type\":\"ImageObject\",\"inLanguage\":\"ca\",\"@id\":\"https:\\\/\\\/www.tressis.com\\\/ca\\\/#\\\/schema\\\/logo\\\/image\\\/\",\"url\":\"https:\\\/\\\/www.tressis.com\\\/wp-content\\\/uploads\\\/2025\\\/06\\\/logo-tressis-112.png\",\"contentUrl\":\"https:\\\/\\\/www.tressis.com\\\/wp-content\\\/uploads\\\/2025\\\/06\\\/logo-tressis-112.png\",\"width\":112,\"height\":112,\"caption\":\"Tressis\"},\"image\":{\"@id\":\"https:\\\/\\\/www.tressis.com\\\/ca\\\/#\\\/schema\\\/logo\\\/image\\\/\"},\"sameAs\":[\"https:\\\/\\\/www.facebook.com\\\/Tressis\\\/\",\"https:\\\/\\\/x.com\\\/TressisSV\",\"https:\\\/\\\/www.instagram.com\\\/tressissv\\\/?hl=es\",\"https:\\\/\\\/linkedin.com\\\/company\\\/tressis\\\/\",\"https:\\\/\\\/www.youtube.com\\\/user\\\/tressissv\",\"https:\\\/\\\/open.spotify.com\\\/show\\\/3jmTe1Nf0wqMILl7diWV6h?si=d7112519f13c4593&nd=1\"]},{\"@type\":\"Person\",\"@id\":\"https:\\\/\\\/www.tressis.com\\\/ca\\\/#\\\/schema\\\/person\\\/56d3b4de0493f088a4ca62a2e0c790ae\",\"name\":\"Armando\",\"image\":{\"@type\":\"ImageObject\",\"inLanguage\":\"ca\",\"@id\":\"https:\\\/\\\/secure.gravatar.com\\\/avatar\\\/6d7efca74644be7dae792b122beab663996c233ae58f101b52769ece1cbf1435?s=96&d=mm&r=g\",\"url\":\"https:\\\/\\\/secure.gravatar.com\\\/avatar\\\/6d7efca74644be7dae792b122beab663996c233ae58f101b52769ece1cbf1435?s=96&d=mm&r=g\",\"contentUrl\":\"https:\\\/\\\/secure.gravatar.com\\\/avatar\\\/6d7efca74644be7dae792b122beab663996c233ae58f101b52769ece1cbf1435?s=96&d=mm&r=g\",\"caption\":\"Armando\"}}]}<\/script>\n<!-- \/ Yoast SEO plugin. -->","yoast_head_json":{"title":"Inflaci\u00f3n y el Foro del BCE sobre Banca Central - Tressis","description":"Christine Lagarde dijo en el discurso de inauguraci\u00f3n del Foro que se necesita tiempo para sopesar las incertidumbres sobre la inflaci\u00f3n.","robots":{"index":"index","follow":"follow","max-snippet":"max-snippet:-1","max-image-preview":"max-image-preview:large","max-video-preview":"max-video-preview:-1"},"canonical":"https:\/\/www.tressis.com\/ca\/blog\/foro-bce-bancos-centrales\/","og_locale":"ca_ES","og_type":"article","og_title":"Inflaci\u00f3n y el Foro del BCE sobre Banca Central - Tressis","og_description":"Christine Lagarde dijo en el discurso de inauguraci\u00f3n del Foro que se necesita tiempo para sopesar las incertidumbres sobre la inflaci\u00f3n.","og_url":"https:\/\/www.tressis.com\/ca\/blog\/foro-bce-bancos-centrales\/","og_site_name":"Tressis","article_publisher":"https:\/\/www.facebook.com\/Tressis\/","article_published_time":"2024-07-03T07:45:24+00:00","article_modified_time":"2024-08-09T09:40:23+00:00","og_image":[{"width":1200,"height":531,"url":"https:\/\/www.tressis.com\/wp-content\/uploads\/2024\/07\/foro-bce-bancos-centrales.webp","type":"image\/webp"}],"author":"Armando","twitter_card":"summary_large_image","twitter_creator":"@TressisSV","twitter_site":"@TressisSV","twitter_misc":{"Escrit per":"Armando","Temps estimat de lectura":"5 minuts"},"schema":{"@context":"https:\/\/schema.org","@graph":[{"@type":"Article","@id":"https:\/\/www.tressis.com\/ca\/blog\/foro-bce-bancos-centrales\/#article","isPartOf":{"@id":"https:\/\/www.tressis.com\/ca\/blog\/foro-bce-bancos-centrales\/"},"author":{"name":"Armando","@id":"https:\/\/www.tressis.com\/ca\/#\/schema\/person\/56d3b4de0493f088a4ca62a2e0c790ae"},"headline":"Semana protagonizada por el Foro del BCE sobre Banca Central","datePublished":"2024-07-03T07:45:24+00:00","dateModified":"2024-08-09T09:40:23+00:00","mainEntityOfPage":{"@id":"https:\/\/www.tressis.com\/ca\/blog\/foro-bce-bancos-centrales\/"},"wordCount":1015,"publisher":{"@id":"https:\/\/www.tressis.com\/ca\/#organization"},"image":{"@id":"https:\/\/www.tressis.com\/ca\/blog\/foro-bce-bancos-centrales\/#primaryimage"},"thumbnailUrl":"https:\/\/www.tressis.com\/wp-content\/uploads\/2024\/07\/foro-bce-bancos-centrales.webp","keywords":["acta Fed","BCE","Bo\u0161tjan Vasle","Christine Lagarde","el Ibex 35 hoy","foro anual BCE en Sintra","inflaci\u00f3n","Jerome Powell","Luis de Guindos","Martins Kazaks","Philip Lane","tesoro p\u00fablico"],"articleSection":["Morning meeting"],"inLanguage":"ca"},{"@type":"WebPage","@id":"https:\/\/www.tressis.com\/ca\/blog\/foro-bce-bancos-centrales\/","url":"https:\/\/www.tressis.com\/ca\/blog\/foro-bce-bancos-centrales\/","name":"Inflaci\u00f3n y el Foro del BCE sobre Banca Central - Tressis","isPartOf":{"@id":"https:\/\/www.tressis.com\/ca\/#website"},"primaryImageOfPage":{"@id":"https:\/\/www.tressis.com\/ca\/blog\/foro-bce-bancos-centrales\/#primaryimage"},"image":{"@id":"https:\/\/www.tressis.com\/ca\/blog\/foro-bce-bancos-centrales\/#primaryimage"},"thumbnailUrl":"https:\/\/www.tressis.com\/wp-content\/uploads\/2024\/07\/foro-bce-bancos-centrales.webp","datePublished":"2024-07-03T07:45:24+00:00","dateModified":"2024-08-09T09:40:23+00:00","description":"Christine Lagarde dijo en el discurso de inauguraci\u00f3n del Foro que se necesita tiempo para sopesar las incertidumbres sobre la inflaci\u00f3n.","breadcrumb":{"@id":"https:\/\/www.tressis.com\/ca\/blog\/foro-bce-bancos-centrales\/#breadcrumb"},"inLanguage":"ca","potentialAction":[{"@type":"ReadAction","target":["https:\/\/www.tressis.com\/ca\/blog\/foro-bce-bancos-centrales\/"]}]},{"@type":"ImageObject","inLanguage":"ca","@id":"https:\/\/www.tressis.com\/ca\/blog\/foro-bce-bancos-centrales\/#primaryimage","url":"https:\/\/www.tressis.com\/wp-content\/uploads\/2024\/07\/foro-bce-bancos-centrales.webp","contentUrl":"https:\/\/www.tressis.com\/wp-content\/uploads\/2024\/07\/foro-bce-bancos-centrales.webp","width":1200,"height":531,"caption":"BCE"},{"@type":"BreadcrumbList","@id":"https:\/\/www.tressis.com\/ca\/blog\/foro-bce-bancos-centrales\/#breadcrumb","itemListElement":[{"@type":"ListItem","position":1,"name":"Inicio","item":"https:\/\/www.tressis.com\/ca\/"},{"@type":"ListItem","position":2,"name":"Morning meeting","item":"https:\/\/www.tressis.com\/ca\/blog\/categorias\/morning-meeting-ca\/"},{"@type":"ListItem","position":3,"name":"Semana protagonizada por el Foro del BCE sobre Banca Central"}]},{"@type":"WebSite","@id":"https:\/\/www.tressis.com\/ca\/#website","url":"https:\/\/www.tressis.com\/ca\/","name":"Tressis banca privada","description":"Tressis | Planificaci\u00f3n financiera y gesti\u00f3n de patrimonios","publisher":{"@id":"https:\/\/www.tressis.com\/ca\/#organization"},"potentialAction":[{"@type":"SearchAction","target":{"@type":"EntryPoint","urlTemplate":"https:\/\/www.tressis.com\/ca\/?s={search_term_string}"},"query-input":{"@type":"PropertyValueSpecification","valueRequired":true,"valueName":"search_term_string"}}],"inLanguage":"ca"},{"@type":"Organization","@id":"https:\/\/www.tressis.com\/ca\/#organization","name":"Tressis","url":"https:\/\/www.tressis.com\/ca\/","logo":{"@type":"ImageObject","inLanguage":"ca","@id":"https:\/\/www.tressis.com\/ca\/#\/schema\/logo\/image\/","url":"https:\/\/www.tressis.com\/wp-content\/uploads\/2025\/06\/logo-tressis-112.png","contentUrl":"https:\/\/www.tressis.com\/wp-content\/uploads\/2025\/06\/logo-tressis-112.png","width":112,"height":112,"caption":"Tressis"},"image":{"@id":"https:\/\/www.tressis.com\/ca\/#\/schema\/logo\/image\/"},"sameAs":["https:\/\/www.facebook.com\/Tressis\/","https:\/\/x.com\/TressisSV","https:\/\/www.instagram.com\/tressissv\/?hl=es","https:\/\/linkedin.com\/company\/tressis\/","https:\/\/www.youtube.com\/user\/tressissv","https:\/\/open.spotify.com\/show\/3jmTe1Nf0wqMILl7diWV6h?si=d7112519f13c4593&nd=1"]},{"@type":"Person","@id":"https:\/\/www.tressis.com\/ca\/#\/schema\/person\/56d3b4de0493f088a4ca62a2e0c790ae","name":"Armando","image":{"@type":"ImageObject","inLanguage":"ca","@id":"https:\/\/secure.gravatar.com\/avatar\/6d7efca74644be7dae792b122beab663996c233ae58f101b52769ece1cbf1435?s=96&d=mm&r=g","url":"https:\/\/secure.gravatar.com\/avatar\/6d7efca74644be7dae792b122beab663996c233ae58f101b52769ece1cbf1435?s=96&d=mm&r=g","contentUrl":"https:\/\/secure.gravatar.com\/avatar\/6d7efca74644be7dae792b122beab663996c233ae58f101b52769ece1cbf1435?s=96&d=mm&r=g","caption":"Armando"}}]}},"_links":{"self":[{"href":"https:\/\/www.tressis.com\/ca\/wp-json\/wp\/v2\/posts\/83558","targetHints":{"allow":["GET"]}}],"collection":[{"href":"https:\/\/www.tressis.com\/ca\/wp-json\/wp\/v2\/posts"}],"about":[{"href":"https:\/\/www.tressis.com\/ca\/wp-json\/wp\/v2\/types\/post"}],"author":[{"embeddable":true,"href":"https:\/\/www.tressis.com\/ca\/wp-json\/wp\/v2\/users\/9"}],"replies":[{"embeddable":true,"href":"https:\/\/www.tressis.com\/ca\/wp-json\/wp\/v2\/comments?post=83558"}],"version-history":[{"count":17,"href":"https:\/\/www.tressis.com\/ca\/wp-json\/wp\/v2\/posts\/83558\/revisions"}],"predecessor-version":[{"id":83578,"href":"https:\/\/www.tressis.com\/ca\/wp-json\/wp\/v2\/posts\/83558\/revisions\/83578"}],"wp:featuredmedia":[{"embeddable":true,"href":"https:\/\/www.tressis.com\/ca\/wp-json\/wp\/v2\/media\/83563"}],"wp:attachment":[{"href":"https:\/\/www.tressis.com\/ca\/wp-json\/wp\/v2\/media?parent=83558"}],"wp:term":[{"taxonomy":"category","embeddable":true,"href":"https:\/\/www.tressis.com\/ca\/wp-json\/wp\/v2\/categories?post=83558"},{"taxonomy":"post_tag","embeddable":true,"href":"https:\/\/www.tressis.com\/ca\/wp-json\/wp\/v2\/tags?post=83558"}],"curies":[{"name":"wp","href":"https:\/\/api.w.org\/{rel}","templated":true}]}}