{"id":82553,"date":"2024-05-31T09:09:52","date_gmt":"2024-05-31T07:09:52","guid":{"rendered":"https:\/\/www.tressis.com\/?p=82553"},"modified":"2024-08-09T11:41:13","modified_gmt":"2024-08-09T09:41:13","slug":"salesforce-con-menos-sales-y-menos-force","status":"publish","type":"post","link":"https:\/\/www.tressis.com\/ca\/blog\/salesforce-con-menos-sales-y-menos-force\/","title":{"rendered":"Salesforce, con menos \u201csales\u201d y menos \u201cforce\u201d"},"content":{"rendered":"<p>Los \u00edndices Dow Jones (-0,86%), S&amp;P500 (-0,60%) y Nasdaq (-1,08%) cerraron con p\u00e9rdidas la sesi\u00f3n de ayer. Lo m\u00e1s curioso fue que los \u00fanicos sectores en negativo fueron tecnolog\u00eda (-2,45%) y comunicaciones (-1,06%). Esto tiene un claro culpable. <a href=\"https:\/\/cincodias.elpais.com\/companias\/2024-05-29\/salesforce-decepciona-con-sus-resultados-y-previsiones-y-se-desploma-un-16-en-bolsa.html\" target=\"_blank\" rel=\"noopener\">Las acciones de Salesforce<\/a> cayeron bruscamente, la mayor ca\u00edda en casi dos d\u00e9cadas, despu\u00e9s de proyectar su crecimiento trimestral de ventas m\u00e1s lento en la historia, con un aumento del 8%. Esto marca el primer trimestre con crecimiento de un solo d\u00edgito desde que la compa\u00f1\u00eda comenz\u00f3 a cotizar en bolsa. Las acciones cayeron casi un 20%, ya que los ingresos y ganancias estimadas quedaron por debajo de las expectativas de los analistas. Esta perspectiva aumenta los temores sobre la disminuci\u00f3n del crecimiento de ventas, a pesar de los esfuerzos de Salesforce por impulsar los beneficios y la adopci\u00f3n de inteligencia artificial.<\/p>\n<p>&nbsp;<\/p>\n<p><center><a href=\"https:\/\/www.tressis.com\/landing\/campana\/tressis-vision\/index.html?utm_campaign=descarga_paper&amp;utm_medium=blog_MMV&amp;utm_source=tressisvision\" target=\"_blank\" rel=\"noopener\"><img fetchpriority=\"high\" decoding=\"async\" class=\"aligncenter wp-image-67199 size-full\" src=\"https:\/\/www.tressis.com\/wp-content\/uploads\/2023\/03\/CTA-Tressis-vision-para-articulos-blog.jpg\" alt=\"Informe mensual - Tressis visi\u00f3n\" width=\"800\" height=\"354\" srcset=\"https:\/\/www.tressis.com\/wp-content\/uploads\/2023\/03\/CTA-Tressis-vision-para-articulos-blog.jpg 800w, https:\/\/www.tressis.com\/wp-content\/uploads\/2023\/03\/CTA-Tressis-vision-para-articulos-blog-300x133.jpg 300w, https:\/\/www.tressis.com\/wp-content\/uploads\/2023\/03\/CTA-Tressis-vision-para-articulos-blog-768x340.jpg 768w\" sizes=\"(max-width: 800px) 100vw, 800px\" \/><\/a><\/center>&nbsp;<\/p>\n<p>En Europa la situaci\u00f3n sectorial fue similar, con las tecnol\u00f3gicas en n\u00fameros rojos, adem\u00e1s de la energ\u00eda. Sin embargo, los parqu\u00e9s europeos cerraron con ganancias el d\u00eda. El\u00a0 DAX +0,13%, CAC 40 +0,55% y el Ibex 35 +1,73%.<\/p>\n<p>&nbsp;<\/p>\n<h2><strong>Salesforce, peor crecimiento en ventas de la historia<\/strong><\/h2>\n<p><img decoding=\"async\" class=\"aligncenter wp-image-82554 size-full\" src=\"https:\/\/www.tressis.com\/wp-content\/uploads\/2024\/05\/salesforce.webp\" alt=\"Salesforce\" width=\"886\" height=\"351\" srcset=\"https:\/\/www.tressis.com\/wp-content\/uploads\/2024\/05\/salesforce.webp 886w, https:\/\/www.tressis.com\/wp-content\/uploads\/2024\/05\/salesforce-300x119.webp 300w, https:\/\/www.tressis.com\/wp-content\/uploads\/2024\/05\/salesforce-768x304.webp 768w\" sizes=\"(max-width: 886px) 100vw, 886px\" \/><\/p>\n<p>&nbsp;<\/p>\n<h2><strong>Deuda p\u00fablica<\/strong><\/h2>\n<p>Por el lado de la deuda p\u00fablica, el <i>treasury<\/i> estadounidense y el <i>bund<\/i> tuvieron un comportamiento positivo en precio, con una TIR a cierre de sesi\u00f3n del 4,55% y 2,65%, respectivamente.<br \/>\nEl comienzo de la sesi\u00f3n estadounidense estuvo marcado por los datos macroecon\u00f3micos. El crecimiento del PIB en EE.UU. fue inferior al del trimestre anterior, 1,3% frente al 1,6% (dato anualizado), como consecuencia de que tanto el consumo como la inflaci\u00f3n se desaceleraron. El gasto del consumidor se situ\u00f3 en 2%, por debajo del estimado 2,2% y las peticiones iniciales por desempleo 219.000 frente a las 217.000 esperadas.<\/p>\n<p>&nbsp;<\/p>\n<p>Por \u00faltimo, hoy tambi\u00e9n esperamos un d\u00eda agitado en la agenda macro. En la madrugada obtuvimos los datos de IPC de Tokio y el PMI manufacturero chino. Durante la ma\u00f1ana, la inflaci\u00f3n en la zona euro y Francia, mientras que, pasado el mediod\u00eda, tendremos los precios del gasto en consumo personal en Estados Unidos.<\/p>\n<p>&nbsp;<\/p>\n<p>Feliz viernes.<\/p>\n<p>&nbsp;<\/p>\n<p><center><strong>\u00c1lvaro Lleras Montoya<\/strong><br \/>\nAnalista<\/center><\/p>\n","protected":false},"excerpt":{"rendered":"<p>Los \u00edndices Dow Jones (-0,86%), S&amp;P500 (-0,60%) y Nasdaq (-1,08%) cerraron con p\u00e9rdidas la sesi\u00f3n de ayer. Lo m\u00e1s curioso fue que los \u00fanicos sectores en negativo fueron tecnolog\u00eda (-2,45%) y comunicaciones (-1,06%). Esto tiene un claro culpable. Las acciones de Salesforce cayeron bruscamente, la mayor ca\u00edda en casi dos d\u00e9cadas, despu\u00e9s de proyectar su [&hellip;]<\/p>\n","protected":false},"author":4,"featured_media":82555,"comment_status":"closed","ping_status":"open","sticky":false,"template":"","format":"standard","meta":{"_acf_changed":false,"footnotes":""},"categories":[9721],"tags":[],"class_list":["post-82553","post","type-post","status-publish","format-standard","has-post-thumbnail","hentry","category-morning-meeting"],"acf":[],"yoast_head":"<!-- This site is optimized with the Yoast SEO plugin v27.4 - https:\/\/yoast.com\/product\/yoast-seo-wordpress\/ -->\n<title>Salesforce, con menos \u201csales\u201d y menos \u201cforce\u201d<\/title>\n<meta name=\"description\" content=\"La mayor ca\u00edda de Salesforce en casi dos d\u00e9cadas. Esto marca el primer trimestre con crecimiento de un solo d\u00edgito.\" \/>\n<meta name=\"robots\" content=\"index, follow, max-snippet:-1, max-image-preview:large, max-video-preview:-1\" \/>\n<link rel=\"canonical\" href=\"https:\/\/www.tressis.com\/ca\/blog\/salesforce-con-menos-sales-y-menos-force\/\" \/>\n<meta property=\"og:locale\" content=\"ca_ES\" \/>\n<meta property=\"og:type\" content=\"article\" \/>\n<meta property=\"og:title\" content=\"Salesforce, con menos \u201csales\u201d y menos \u201cforce\u201d\" \/>\n<meta property=\"og:description\" content=\"La mayor ca\u00edda de Salesforce en casi dos d\u00e9cadas. Esto marca el primer trimestre con crecimiento de un solo d\u00edgito.\" \/>\n<meta property=\"og:url\" content=\"https:\/\/www.tressis.com\/ca\/blog\/salesforce-con-menos-sales-y-menos-force\/\" \/>\n<meta property=\"og:site_name\" content=\"Tressis\" \/>\n<meta property=\"article:publisher\" content=\"https:\/\/www.facebook.com\/Tressis\/\" \/>\n<meta property=\"article:published_time\" content=\"2024-05-31T07:09:52+00:00\" \/>\n<meta property=\"article:modified_time\" content=\"2024-08-09T09:41:13+00:00\" \/>\n<meta property=\"og:image\" content=\"https:\/\/www.tressis.com\/wp-content\/uploads\/2024\/05\/logotipo-salesforce.webp\" \/>\n\t<meta property=\"og:image:width\" content=\"1200\" \/>\n\t<meta property=\"og:image:height\" content=\"531\" \/>\n\t<meta property=\"og:image:type\" content=\"image\/webp\" \/>\n<meta name=\"author\" content=\"Lola\" \/>\n<meta name=\"twitter:card\" content=\"summary_large_image\" \/>\n<meta name=\"twitter:creator\" content=\"@TressisSV\" \/>\n<meta name=\"twitter:site\" content=\"@TressisSV\" \/>\n<meta name=\"twitter:label1\" content=\"Escrit per\" \/>\n\t<meta name=\"twitter:data1\" content=\"Lola\" \/>\n\t<meta name=\"twitter:label2\" content=\"Temps estimat de lectura\" \/>\n\t<meta name=\"twitter:data2\" content=\"2 minuts\" \/>\n<script type=\"application\/ld+json\" class=\"yoast-schema-graph\">{\"@context\":\"https:\\\/\\\/schema.org\",\"@graph\":[{\"@type\":\"Article\",\"@id\":\"https:\\\/\\\/www.tressis.com\\\/ca\\\/blog\\\/salesforce-con-menos-sales-y-menos-force\\\/#article\",\"isPartOf\":{\"@id\":\"https:\\\/\\\/www.tressis.com\\\/ca\\\/blog\\\/salesforce-con-menos-sales-y-menos-force\\\/\"},\"author\":{\"name\":\"Lola\",\"@id\":\"https:\\\/\\\/www.tressis.com\\\/ca\\\/#\\\/schema\\\/person\\\/b833c1d724d8764920b6d6852c70584e\"},\"headline\":\"Salesforce, con menos \u201csales\u201d y menos \u201cforce\u201d\",\"datePublished\":\"2024-05-31T07:09:52+00:00\",\"dateModified\":\"2024-08-09T09:41:13+00:00\",\"mainEntityOfPage\":{\"@id\":\"https:\\\/\\\/www.tressis.com\\\/ca\\\/blog\\\/salesforce-con-menos-sales-y-menos-force\\\/\"},\"wordCount\":378,\"publisher\":{\"@id\":\"https:\\\/\\\/www.tressis.com\\\/ca\\\/#organization\"},\"image\":{\"@id\":\"https:\\\/\\\/www.tressis.com\\\/ca\\\/blog\\\/salesforce-con-menos-sales-y-menos-force\\\/#primaryimage\"},\"thumbnailUrl\":\"https:\\\/\\\/www.tressis.com\\\/wp-content\\\/uploads\\\/2024\\\/05\\\/logotipo-salesforce.webp\",\"articleSection\":[\"Morning meeting\"],\"inLanguage\":\"ca\"},{\"@type\":\"WebPage\",\"@id\":\"https:\\\/\\\/www.tressis.com\\\/ca\\\/blog\\\/salesforce-con-menos-sales-y-menos-force\\\/\",\"url\":\"https:\\\/\\\/www.tressis.com\\\/ca\\\/blog\\\/salesforce-con-menos-sales-y-menos-force\\\/\",\"name\":\"Salesforce, con menos \u201csales\u201d y menos \u201cforce\u201d\",\"isPartOf\":{\"@id\":\"https:\\\/\\\/www.tressis.com\\\/ca\\\/#website\"},\"primaryImageOfPage\":{\"@id\":\"https:\\\/\\\/www.tressis.com\\\/ca\\\/blog\\\/salesforce-con-menos-sales-y-menos-force\\\/#primaryimage\"},\"image\":{\"@id\":\"https:\\\/\\\/www.tressis.com\\\/ca\\\/blog\\\/salesforce-con-menos-sales-y-menos-force\\\/#primaryimage\"},\"thumbnailUrl\":\"https:\\\/\\\/www.tressis.com\\\/wp-content\\\/uploads\\\/2024\\\/05\\\/logotipo-salesforce.webp\",\"datePublished\":\"2024-05-31T07:09:52+00:00\",\"dateModified\":\"2024-08-09T09:41:13+00:00\",\"description\":\"La mayor ca\u00edda de Salesforce en casi dos d\u00e9cadas. Esto marca el primer trimestre con crecimiento de un solo d\u00edgito.\",\"breadcrumb\":{\"@id\":\"https:\\\/\\\/www.tressis.com\\\/ca\\\/blog\\\/salesforce-con-menos-sales-y-menos-force\\\/#breadcrumb\"},\"inLanguage\":\"ca\",\"potentialAction\":[{\"@type\":\"ReadAction\",\"target\":[\"https:\\\/\\\/www.tressis.com\\\/ca\\\/blog\\\/salesforce-con-menos-sales-y-menos-force\\\/\"]}]},{\"@type\":\"ImageObject\",\"inLanguage\":\"ca\",\"@id\":\"https:\\\/\\\/www.tressis.com\\\/ca\\\/blog\\\/salesforce-con-menos-sales-y-menos-force\\\/#primaryimage\",\"url\":\"https:\\\/\\\/www.tressis.com\\\/wp-content\\\/uploads\\\/2024\\\/05\\\/logotipo-salesforce.webp\",\"contentUrl\":\"https:\\\/\\\/www.tressis.com\\\/wp-content\\\/uploads\\\/2024\\\/05\\\/logotipo-salesforce.webp\",\"width\":1200,\"height\":531},{\"@type\":\"BreadcrumbList\",\"@id\":\"https:\\\/\\\/www.tressis.com\\\/ca\\\/blog\\\/salesforce-con-menos-sales-y-menos-force\\\/#breadcrumb\",\"itemListElement\":[{\"@type\":\"ListItem\",\"position\":1,\"name\":\"Inicio\",\"item\":\"https:\\\/\\\/www.tressis.com\\\/ca\\\/\"},{\"@type\":\"ListItem\",\"position\":2,\"name\":\"Morning meeting\",\"item\":\"https:\\\/\\\/www.tressis.com\\\/ca\\\/blog\\\/categorias\\\/morning-meeting-ca\\\/\"},{\"@type\":\"ListItem\",\"position\":3,\"name\":\"Salesforce, con menos \u201csales\u201d y menos \u201cforce\u201d\"}]},{\"@type\":\"WebSite\",\"@id\":\"https:\\\/\\\/www.tressis.com\\\/ca\\\/#website\",\"url\":\"https:\\\/\\\/www.tressis.com\\\/ca\\\/\",\"name\":\"Tressis banca privada\",\"description\":\"Tressis | Planificaci\u00f3n financiera y gesti\u00f3n de patrimonios\",\"publisher\":{\"@id\":\"https:\\\/\\\/www.tressis.com\\\/ca\\\/#organization\"},\"potentialAction\":[{\"@type\":\"SearchAction\",\"target\":{\"@type\":\"EntryPoint\",\"urlTemplate\":\"https:\\\/\\\/www.tressis.com\\\/ca\\\/?s={search_term_string}\"},\"query-input\":{\"@type\":\"PropertyValueSpecification\",\"valueRequired\":true,\"valueName\":\"search_term_string\"}}],\"inLanguage\":\"ca\"},{\"@type\":\"Organization\",\"@id\":\"https:\\\/\\\/www.tressis.com\\\/ca\\\/#organization\",\"name\":\"Tressis\",\"url\":\"https:\\\/\\\/www.tressis.com\\\/ca\\\/\",\"logo\":{\"@type\":\"ImageObject\",\"inLanguage\":\"ca\",\"@id\":\"https:\\\/\\\/www.tressis.com\\\/ca\\\/#\\\/schema\\\/logo\\\/image\\\/\",\"url\":\"https:\\\/\\\/www.tressis.com\\\/wp-content\\\/uploads\\\/2025\\\/06\\\/logo-tressis-112.png\",\"contentUrl\":\"https:\\\/\\\/www.tressis.com\\\/wp-content\\\/uploads\\\/2025\\\/06\\\/logo-tressis-112.png\",\"width\":112,\"height\":112,\"caption\":\"Tressis\"},\"image\":{\"@id\":\"https:\\\/\\\/www.tressis.com\\\/ca\\\/#\\\/schema\\\/logo\\\/image\\\/\"},\"sameAs\":[\"https:\\\/\\\/www.facebook.com\\\/Tressis\\\/\",\"https:\\\/\\\/x.com\\\/TressisSV\",\"https:\\\/\\\/www.instagram.com\\\/tressissv\\\/?hl=es\",\"https:\\\/\\\/linkedin.com\\\/company\\\/tressis\\\/\",\"https:\\\/\\\/www.youtube.com\\\/user\\\/tressissv\",\"https:\\\/\\\/open.spotify.com\\\/show\\\/3jmTe1Nf0wqMILl7diWV6h?si=d7112519f13c4593&nd=1\"]},{\"@type\":\"Person\",\"@id\":\"https:\\\/\\\/www.tressis.com\\\/ca\\\/#\\\/schema\\\/person\\\/b833c1d724d8764920b6d6852c70584e\",\"name\":\"Lola\",\"image\":{\"@type\":\"ImageObject\",\"inLanguage\":\"ca\",\"@id\":\"https:\\\/\\\/secure.gravatar.com\\\/avatar\\\/05e646486b23ff45df9649110609c7e31b8c4a3e2821caa23d6317f405e0c51d?s=96&d=mm&r=g\",\"url\":\"https:\\\/\\\/secure.gravatar.com\\\/avatar\\\/05e646486b23ff45df9649110609c7e31b8c4a3e2821caa23d6317f405e0c51d?s=96&d=mm&r=g\",\"contentUrl\":\"https:\\\/\\\/secure.gravatar.com\\\/avatar\\\/05e646486b23ff45df9649110609c7e31b8c4a3e2821caa23d6317f405e0c51d?s=96&d=mm&r=g\",\"caption\":\"Lola\"}}]}<\/script>\n<!-- \/ Yoast SEO plugin. -->","yoast_head_json":{"title":"Salesforce, con menos \u201csales\u201d y menos \u201cforce\u201d","description":"La mayor ca\u00edda de Salesforce en casi dos d\u00e9cadas. Esto marca el primer trimestre con crecimiento de un solo d\u00edgito.","robots":{"index":"index","follow":"follow","max-snippet":"max-snippet:-1","max-image-preview":"max-image-preview:large","max-video-preview":"max-video-preview:-1"},"canonical":"https:\/\/www.tressis.com\/ca\/blog\/salesforce-con-menos-sales-y-menos-force\/","og_locale":"ca_ES","og_type":"article","og_title":"Salesforce, con menos \u201csales\u201d y menos \u201cforce\u201d","og_description":"La mayor ca\u00edda de Salesforce en casi dos d\u00e9cadas. Esto marca el primer trimestre con crecimiento de un solo d\u00edgito.","og_url":"https:\/\/www.tressis.com\/ca\/blog\/salesforce-con-menos-sales-y-menos-force\/","og_site_name":"Tressis","article_publisher":"https:\/\/www.facebook.com\/Tressis\/","article_published_time":"2024-05-31T07:09:52+00:00","article_modified_time":"2024-08-09T09:41:13+00:00","og_image":[{"width":1200,"height":531,"url":"https:\/\/www.tressis.com\/wp-content\/uploads\/2024\/05\/logotipo-salesforce.webp","type":"image\/webp"}],"author":"Lola","twitter_card":"summary_large_image","twitter_creator":"@TressisSV","twitter_site":"@TressisSV","twitter_misc":{"Escrit per":"Lola","Temps estimat de lectura":"2 minuts"},"schema":{"@context":"https:\/\/schema.org","@graph":[{"@type":"Article","@id":"https:\/\/www.tressis.com\/ca\/blog\/salesforce-con-menos-sales-y-menos-force\/#article","isPartOf":{"@id":"https:\/\/www.tressis.com\/ca\/blog\/salesforce-con-menos-sales-y-menos-force\/"},"author":{"name":"Lola","@id":"https:\/\/www.tressis.com\/ca\/#\/schema\/person\/b833c1d724d8764920b6d6852c70584e"},"headline":"Salesforce, con menos \u201csales\u201d y menos \u201cforce\u201d","datePublished":"2024-05-31T07:09:52+00:00","dateModified":"2024-08-09T09:41:13+00:00","mainEntityOfPage":{"@id":"https:\/\/www.tressis.com\/ca\/blog\/salesforce-con-menos-sales-y-menos-force\/"},"wordCount":378,"publisher":{"@id":"https:\/\/www.tressis.com\/ca\/#organization"},"image":{"@id":"https:\/\/www.tressis.com\/ca\/blog\/salesforce-con-menos-sales-y-menos-force\/#primaryimage"},"thumbnailUrl":"https:\/\/www.tressis.com\/wp-content\/uploads\/2024\/05\/logotipo-salesforce.webp","articleSection":["Morning meeting"],"inLanguage":"ca"},{"@type":"WebPage","@id":"https:\/\/www.tressis.com\/ca\/blog\/salesforce-con-menos-sales-y-menos-force\/","url":"https:\/\/www.tressis.com\/ca\/blog\/salesforce-con-menos-sales-y-menos-force\/","name":"Salesforce, con menos \u201csales\u201d y menos \u201cforce\u201d","isPartOf":{"@id":"https:\/\/www.tressis.com\/ca\/#website"},"primaryImageOfPage":{"@id":"https:\/\/www.tressis.com\/ca\/blog\/salesforce-con-menos-sales-y-menos-force\/#primaryimage"},"image":{"@id":"https:\/\/www.tressis.com\/ca\/blog\/salesforce-con-menos-sales-y-menos-force\/#primaryimage"},"thumbnailUrl":"https:\/\/www.tressis.com\/wp-content\/uploads\/2024\/05\/logotipo-salesforce.webp","datePublished":"2024-05-31T07:09:52+00:00","dateModified":"2024-08-09T09:41:13+00:00","description":"La mayor ca\u00edda de Salesforce en casi dos d\u00e9cadas. Esto marca el primer trimestre con crecimiento de un solo d\u00edgito.","breadcrumb":{"@id":"https:\/\/www.tressis.com\/ca\/blog\/salesforce-con-menos-sales-y-menos-force\/#breadcrumb"},"inLanguage":"ca","potentialAction":[{"@type":"ReadAction","target":["https:\/\/www.tressis.com\/ca\/blog\/salesforce-con-menos-sales-y-menos-force\/"]}]},{"@type":"ImageObject","inLanguage":"ca","@id":"https:\/\/www.tressis.com\/ca\/blog\/salesforce-con-menos-sales-y-menos-force\/#primaryimage","url":"https:\/\/www.tressis.com\/wp-content\/uploads\/2024\/05\/logotipo-salesforce.webp","contentUrl":"https:\/\/www.tressis.com\/wp-content\/uploads\/2024\/05\/logotipo-salesforce.webp","width":1200,"height":531},{"@type":"BreadcrumbList","@id":"https:\/\/www.tressis.com\/ca\/blog\/salesforce-con-menos-sales-y-menos-force\/#breadcrumb","itemListElement":[{"@type":"ListItem","position":1,"name":"Inicio","item":"https:\/\/www.tressis.com\/ca\/"},{"@type":"ListItem","position":2,"name":"Morning meeting","item":"https:\/\/www.tressis.com\/ca\/blog\/categorias\/morning-meeting-ca\/"},{"@type":"ListItem","position":3,"name":"Salesforce, con menos \u201csales\u201d y menos \u201cforce\u201d"}]},{"@type":"WebSite","@id":"https:\/\/www.tressis.com\/ca\/#website","url":"https:\/\/www.tressis.com\/ca\/","name":"Tressis banca privada","description":"Tressis | Planificaci\u00f3n financiera y gesti\u00f3n de patrimonios","publisher":{"@id":"https:\/\/www.tressis.com\/ca\/#organization"},"potentialAction":[{"@type":"SearchAction","target":{"@type":"EntryPoint","urlTemplate":"https:\/\/www.tressis.com\/ca\/?s={search_term_string}"},"query-input":{"@type":"PropertyValueSpecification","valueRequired":true,"valueName":"search_term_string"}}],"inLanguage":"ca"},{"@type":"Organization","@id":"https:\/\/www.tressis.com\/ca\/#organization","name":"Tressis","url":"https:\/\/www.tressis.com\/ca\/","logo":{"@type":"ImageObject","inLanguage":"ca","@id":"https:\/\/www.tressis.com\/ca\/#\/schema\/logo\/image\/","url":"https:\/\/www.tressis.com\/wp-content\/uploads\/2025\/06\/logo-tressis-112.png","contentUrl":"https:\/\/www.tressis.com\/wp-content\/uploads\/2025\/06\/logo-tressis-112.png","width":112,"height":112,"caption":"Tressis"},"image":{"@id":"https:\/\/www.tressis.com\/ca\/#\/schema\/logo\/image\/"},"sameAs":["https:\/\/www.facebook.com\/Tressis\/","https:\/\/x.com\/TressisSV","https:\/\/www.instagram.com\/tressissv\/?hl=es","https:\/\/linkedin.com\/company\/tressis\/","https:\/\/www.youtube.com\/user\/tressissv","https:\/\/open.spotify.com\/show\/3jmTe1Nf0wqMILl7diWV6h?si=d7112519f13c4593&nd=1"]},{"@type":"Person","@id":"https:\/\/www.tressis.com\/ca\/#\/schema\/person\/b833c1d724d8764920b6d6852c70584e","name":"Lola","image":{"@type":"ImageObject","inLanguage":"ca","@id":"https:\/\/secure.gravatar.com\/avatar\/05e646486b23ff45df9649110609c7e31b8c4a3e2821caa23d6317f405e0c51d?s=96&d=mm&r=g","url":"https:\/\/secure.gravatar.com\/avatar\/05e646486b23ff45df9649110609c7e31b8c4a3e2821caa23d6317f405e0c51d?s=96&d=mm&r=g","contentUrl":"https:\/\/secure.gravatar.com\/avatar\/05e646486b23ff45df9649110609c7e31b8c4a3e2821caa23d6317f405e0c51d?s=96&d=mm&r=g","caption":"Lola"}}]}},"_links":{"self":[{"href":"https:\/\/www.tressis.com\/ca\/wp-json\/wp\/v2\/posts\/82553","targetHints":{"allow":["GET"]}}],"collection":[{"href":"https:\/\/www.tressis.com\/ca\/wp-json\/wp\/v2\/posts"}],"about":[{"href":"https:\/\/www.tressis.com\/ca\/wp-json\/wp\/v2\/types\/post"}],"author":[{"embeddable":true,"href":"https:\/\/www.tressis.com\/ca\/wp-json\/wp\/v2\/users\/4"}],"replies":[{"embeddable":true,"href":"https:\/\/www.tressis.com\/ca\/wp-json\/wp\/v2\/comments?post=82553"}],"version-history":[{"count":5,"href":"https:\/\/www.tressis.com\/ca\/wp-json\/wp\/v2\/posts\/82553\/revisions"}],"predecessor-version":[{"id":82611,"href":"https:\/\/www.tressis.com\/ca\/wp-json\/wp\/v2\/posts\/82553\/revisions\/82611"}],"wp:featuredmedia":[{"embeddable":true,"href":"https:\/\/www.tressis.com\/ca\/wp-json\/wp\/v2\/media\/82555"}],"wp:attachment":[{"href":"https:\/\/www.tressis.com\/ca\/wp-json\/wp\/v2\/media?parent=82553"}],"wp:term":[{"taxonomy":"category","embeddable":true,"href":"https:\/\/www.tressis.com\/ca\/wp-json\/wp\/v2\/categories?post=82553"},{"taxonomy":"post_tag","embeddable":true,"href":"https:\/\/www.tressis.com\/ca\/wp-json\/wp\/v2\/tags?post=82553"}],"curies":[{"name":"wp","href":"https:\/\/api.w.org\/{rel}","templated":true}]}}