{"id":81576,"date":"2024-05-14T10:01:41","date_gmt":"2024-05-14T08:01:41","guid":{"rendered":"https:\/\/www.tressis.com\/?p=81576"},"modified":"2024-08-09T11:42:05","modified_gmt":"2024-08-09T09:42:05","slug":"ibex-maximos-agosto-2015","status":"publish","type":"post","link":"https:\/\/www.tressis.com\/ca\/blog\/ibex-maximos-agosto-2015\/","title":{"rendered":"El Ibex abre en m\u00e1ximos no vistos desde agosto de 2015"},"content":{"rendered":"<p>Ayer las bolsas europeas cerraron sin grandes cambios y signo mixto en una jornada de transici\u00f3n antes de la oleada de resultados y con la vista puesta ya en el IPC de Estados Unidos del mi\u00e9rcoles.<\/p>\n<p>&nbsp;<\/p>\n<h2><strong>El Ibex 35 sube un 0,42 hasta los 11.152 puntos<\/strong><\/h2>\n<p>El principal \u00edndice europeo Euro Stoxx 50 cerr\u00f3 con un -0,12%. El Ibex 35 espa\u00f1ol se ha anotado un alza del +0,42% hasta 11.152 puntos, al filo de sus m\u00e1ximos del a\u00f1o en 11.154,60 puntos. Una vez superada esa cota, el selectivo espa\u00f1ol marca su nivel m\u00e1s alto desde 2015. El FTSE MIB italiano cerr\u00f3 con un +0,46%, el FTSE 100 del Reino Unido con un +0,22%, el CAC 40 franc\u00e9s con un -0,12% y el DAX alem\u00e1n un -0,16%.<\/p>\n<p>&nbsp;<\/p>\n<p><center><a href=\"https:\/\/www.tressis.com\/landing\/campana\/tressis-vision\/index.html?utm_campaign=descarga_paper&amp;utm_medium=blog_MMV&amp;utm_source=tressisvision\" target=\"_blank\" rel=\"noopener\"><img fetchpriority=\"high\" decoding=\"async\" class=\"aligncenter wp-image-67199 size-full\" src=\"https:\/\/www.tressis.com\/wp-content\/uploads\/2023\/03\/CTA-Tressis-vision-para-articulos-blog.jpg\" alt=\"Informe mensual - Tressis visi\u00f3n\" width=\"800\" height=\"354\" srcset=\"https:\/\/www.tressis.com\/wp-content\/uploads\/2023\/03\/CTA-Tressis-vision-para-articulos-blog.jpg 800w, https:\/\/www.tressis.com\/wp-content\/uploads\/2023\/03\/CTA-Tressis-vision-para-articulos-blog-300x133.jpg 300w, https:\/\/www.tressis.com\/wp-content\/uploads\/2023\/03\/CTA-Tressis-vision-para-articulos-blog-768x340.jpg 768w\" sizes=\"(max-width: 800px) 100vw, 800px\" \/><\/a><\/center><\/p>\n<p>&nbsp;<\/p>\n<h2><strong>Las acciones del Banco Sabadell han comenzado la semana con ca\u00eddas<\/strong><\/h2>\n<p>Debemos mencionar que las acciones de <a href=\"https:\/\/www.expansion.com\/empresas\/banca\/2024\/05\/14\/6643090b468aeb644e8b45c5.html\" target=\"_blank\" rel=\"noopener\">Banco Sabadell<\/a> han iniciado la semana con su primera jornada de ca\u00eddas, desde que BBVA lanzara su opa hostil. Las subidas de las dos jornadas anteriores han dado paso a una m\u00ednima correcci\u00f3n en sus t\u00edtulos del -0,19%. BBVA, por su parte, ha cerrado con un ligero avance del +0,14%.<\/p>\n<p>&nbsp;<\/p>\n<h2><strong>Las cifras del IPC de EE.UU. son una de las claves de la semana<\/strong><\/h2>\n<p>Las cifras de IPC de EE.UU., que se conocer\u00e1n el mi\u00e9rcoles, se presentan como una de las grandes claves de la semana. El mercado prev\u00e9 un cierto alivio donde la inflaci\u00f3n interanual podr\u00eda pasar del 3,5% de marzo al 3,4% esperado para el mes de abril, lejos a\u00fan del objetivo que se marca la Fed.<\/p>\n<p>&nbsp;<\/p>\n<p>Las bolsas en EE.UU. vivieron tambi\u00e9n una jornada mixta en sus principales \u00edndices, empezando por el \u00edndice Nasdaq, que cerr\u00f3 con un +0,29%. El Dow Jones se apunt\u00f3 un -0,21% y el sector con peor comportamiento fue el de restaurantes con la compa\u00f1\u00eda McDonald&#8217;s retrocediendo un -1,34%. El S&amp;P 500 sufri\u00f3 un peque\u00f1o descenso de -0,02%.<\/p>\n<p>&nbsp;<\/p>\n<p>Por el lado de la renta fija, en el mercado de deuda, la rentabilidad exigida al bono estadounidense a diez a\u00f1os ronda el 4,50%. En Europa el <i>bund<\/i> alem\u00e1n cotiza en el entorno del 2,50%, frente al 3,30% en el que se sit\u00faa el inter\u00e9s del bono espa\u00f1ol a diez a\u00f1os.<\/p>\n<p>&nbsp;<\/p>\n<p>Feliz martes.<\/p>\n<p>&nbsp;<\/p>\n<p><center><strong>Jes\u00fas Cabrero Cabello<\/strong><br \/>\nAnalista<\/center><\/p>\n","protected":false},"excerpt":{"rendered":"<p>Ayer las bolsas europeas cerraron sin grandes cambios y signo mixto en una jornada de transici\u00f3n antes de la oleada de resultados y con la vista puesta ya en el IPC de Estados Unidos del mi\u00e9rcoles. &nbsp; El Ibex 35 sube un 0,42 hasta los 11.152 puntos El principal \u00edndice europeo Euro Stoxx 50 cerr\u00f3 [&hellip;]<\/p>\n","protected":false},"author":4,"featured_media":81577,"comment_status":"closed","ping_status":"open","sticky":false,"template":"","format":"standard","meta":{"_acf_changed":false,"footnotes":""},"categories":[9721],"tags":[],"class_list":["post-81576","post","type-post","status-publish","format-standard","has-post-thumbnail","hentry","category-morning-meeting"],"acf":[],"yoast_head":"<!-- This site is optimized with the Yoast SEO plugin v27.4 - https:\/\/yoast.com\/product\/yoast-seo-wordpress\/ -->\n<title>El Ibex abre en m\u00e1ximos no vistos desde agosto de 2015<\/title>\n<meta name=\"description\" content=\"El Ibex 35 espa\u00f1ol se ha anotado un alza del 0,42% hasta los 11.152 puntos. Valor no visto desde agosto de 2015.\" \/>\n<meta name=\"robots\" content=\"index, follow, max-snippet:-1, max-image-preview:large, max-video-preview:-1\" \/>\n<link rel=\"canonical\" href=\"https:\/\/www.tressis.com\/ca\/blog\/ibex-maximos-agosto-2015\/\" \/>\n<meta property=\"og:locale\" content=\"ca_ES\" \/>\n<meta property=\"og:type\" content=\"article\" \/>\n<meta property=\"og:title\" content=\"El Ibex abre en m\u00e1ximos no vistos desde agosto de 2015\" \/>\n<meta property=\"og:description\" content=\"El Ibex 35 espa\u00f1ol se ha anotado un alza del 0,42% hasta los 11.152 puntos. Valor no visto desde agosto de 2015.\" \/>\n<meta property=\"og:url\" content=\"https:\/\/www.tressis.com\/ca\/blog\/ibex-maximos-agosto-2015\/\" \/>\n<meta property=\"og:site_name\" content=\"Tressis\" \/>\n<meta property=\"article:publisher\" content=\"https:\/\/www.facebook.com\/Tressis\/\" \/>\n<meta property=\"article:published_time\" content=\"2024-05-14T08:01:41+00:00\" \/>\n<meta property=\"article:modified_time\" content=\"2024-08-09T09:42:05+00:00\" \/>\n<meta property=\"og:image\" content=\"https:\/\/www.tressis.com\/wp-content\/uploads\/2024\/05\/ibex-35-espanol.webp\" \/>\n\t<meta property=\"og:image:width\" content=\"1100\" \/>\n\t<meta property=\"og:image:height\" content=\"487\" \/>\n\t<meta property=\"og:image:type\" content=\"image\/webp\" \/>\n<meta name=\"author\" content=\"Lola\" \/>\n<meta name=\"twitter:card\" content=\"summary_large_image\" \/>\n<meta name=\"twitter:creator\" content=\"@TressisSV\" \/>\n<meta name=\"twitter:site\" content=\"@TressisSV\" \/>\n<meta name=\"twitter:label1\" content=\"Escrit per\" \/>\n\t<meta name=\"twitter:data1\" content=\"Lola\" \/>\n\t<meta name=\"twitter:label2\" content=\"Temps estimat de lectura\" \/>\n\t<meta name=\"twitter:data2\" content=\"2 minuts\" \/>\n<script type=\"application\/ld+json\" class=\"yoast-schema-graph\">{\"@context\":\"https:\\\/\\\/schema.org\",\"@graph\":[{\"@type\":\"Article\",\"@id\":\"https:\\\/\\\/www.tressis.com\\\/ca\\\/blog\\\/ibex-maximos-agosto-2015\\\/#article\",\"isPartOf\":{\"@id\":\"https:\\\/\\\/www.tressis.com\\\/ca\\\/blog\\\/ibex-maximos-agosto-2015\\\/\"},\"author\":{\"name\":\"Lola\",\"@id\":\"https:\\\/\\\/www.tressis.com\\\/ca\\\/#\\\/schema\\\/person\\\/b833c1d724d8764920b6d6852c70584e\"},\"headline\":\"El Ibex abre en m\u00e1ximos no vistos desde agosto de 2015\",\"datePublished\":\"2024-05-14T08:01:41+00:00\",\"dateModified\":\"2024-08-09T09:42:05+00:00\",\"mainEntityOfPage\":{\"@id\":\"https:\\\/\\\/www.tressis.com\\\/ca\\\/blog\\\/ibex-maximos-agosto-2015\\\/\"},\"wordCount\":408,\"publisher\":{\"@id\":\"https:\\\/\\\/www.tressis.com\\\/ca\\\/#organization\"},\"image\":{\"@id\":\"https:\\\/\\\/www.tressis.com\\\/ca\\\/blog\\\/ibex-maximos-agosto-2015\\\/#primaryimage\"},\"thumbnailUrl\":\"https:\\\/\\\/www.tressis.com\\\/wp-content\\\/uploads\\\/2024\\\/05\\\/ibex-35-espanol.webp\",\"articleSection\":[\"Morning meeting\"],\"inLanguage\":\"ca\"},{\"@type\":\"WebPage\",\"@id\":\"https:\\\/\\\/www.tressis.com\\\/ca\\\/blog\\\/ibex-maximos-agosto-2015\\\/\",\"url\":\"https:\\\/\\\/www.tressis.com\\\/ca\\\/blog\\\/ibex-maximos-agosto-2015\\\/\",\"name\":\"El Ibex abre en m\u00e1ximos no vistos desde agosto de 2015\",\"isPartOf\":{\"@id\":\"https:\\\/\\\/www.tressis.com\\\/ca\\\/#website\"},\"primaryImageOfPage\":{\"@id\":\"https:\\\/\\\/www.tressis.com\\\/ca\\\/blog\\\/ibex-maximos-agosto-2015\\\/#primaryimage\"},\"image\":{\"@id\":\"https:\\\/\\\/www.tressis.com\\\/ca\\\/blog\\\/ibex-maximos-agosto-2015\\\/#primaryimage\"},\"thumbnailUrl\":\"https:\\\/\\\/www.tressis.com\\\/wp-content\\\/uploads\\\/2024\\\/05\\\/ibex-35-espanol.webp\",\"datePublished\":\"2024-05-14T08:01:41+00:00\",\"dateModified\":\"2024-08-09T09:42:05+00:00\",\"description\":\"El Ibex 35 espa\u00f1ol se ha anotado un alza del 0,42% hasta los 11.152 puntos. Valor no visto desde agosto de 2015.\",\"breadcrumb\":{\"@id\":\"https:\\\/\\\/www.tressis.com\\\/ca\\\/blog\\\/ibex-maximos-agosto-2015\\\/#breadcrumb\"},\"inLanguage\":\"ca\",\"potentialAction\":[{\"@type\":\"ReadAction\",\"target\":[\"https:\\\/\\\/www.tressis.com\\\/ca\\\/blog\\\/ibex-maximos-agosto-2015\\\/\"]}]},{\"@type\":\"ImageObject\",\"inLanguage\":\"ca\",\"@id\":\"https:\\\/\\\/www.tressis.com\\\/ca\\\/blog\\\/ibex-maximos-agosto-2015\\\/#primaryimage\",\"url\":\"https:\\\/\\\/www.tressis.com\\\/wp-content\\\/uploads\\\/2024\\\/05\\\/ibex-35-espanol.webp\",\"contentUrl\":\"https:\\\/\\\/www.tressis.com\\\/wp-content\\\/uploads\\\/2024\\\/05\\\/ibex-35-espanol.webp\",\"width\":1100,\"height\":487,\"caption\":\"Ibex 35\"},{\"@type\":\"BreadcrumbList\",\"@id\":\"https:\\\/\\\/www.tressis.com\\\/ca\\\/blog\\\/ibex-maximos-agosto-2015\\\/#breadcrumb\",\"itemListElement\":[{\"@type\":\"ListItem\",\"position\":1,\"name\":\"Inicio\",\"item\":\"https:\\\/\\\/www.tressis.com\\\/ca\\\/\"},{\"@type\":\"ListItem\",\"position\":2,\"name\":\"Morning meeting\",\"item\":\"https:\\\/\\\/www.tressis.com\\\/ca\\\/blog\\\/categorias\\\/morning-meeting-ca\\\/\"},{\"@type\":\"ListItem\",\"position\":3,\"name\":\"El Ibex abre en m\u00e1ximos no vistos desde agosto de 2015\"}]},{\"@type\":\"WebSite\",\"@id\":\"https:\\\/\\\/www.tressis.com\\\/ca\\\/#website\",\"url\":\"https:\\\/\\\/www.tressis.com\\\/ca\\\/\",\"name\":\"Tressis banca privada\",\"description\":\"Tressis | Planificaci\u00f3n financiera y gesti\u00f3n de patrimonios\",\"publisher\":{\"@id\":\"https:\\\/\\\/www.tressis.com\\\/ca\\\/#organization\"},\"potentialAction\":[{\"@type\":\"SearchAction\",\"target\":{\"@type\":\"EntryPoint\",\"urlTemplate\":\"https:\\\/\\\/www.tressis.com\\\/ca\\\/?s={search_term_string}\"},\"query-input\":{\"@type\":\"PropertyValueSpecification\",\"valueRequired\":true,\"valueName\":\"search_term_string\"}}],\"inLanguage\":\"ca\"},{\"@type\":\"Organization\",\"@id\":\"https:\\\/\\\/www.tressis.com\\\/ca\\\/#organization\",\"name\":\"Tressis\",\"url\":\"https:\\\/\\\/www.tressis.com\\\/ca\\\/\",\"logo\":{\"@type\":\"ImageObject\",\"inLanguage\":\"ca\",\"@id\":\"https:\\\/\\\/www.tressis.com\\\/ca\\\/#\\\/schema\\\/logo\\\/image\\\/\",\"url\":\"https:\\\/\\\/www.tressis.com\\\/wp-content\\\/uploads\\\/2025\\\/06\\\/logo-tressis-112.png\",\"contentUrl\":\"https:\\\/\\\/www.tressis.com\\\/wp-content\\\/uploads\\\/2025\\\/06\\\/logo-tressis-112.png\",\"width\":112,\"height\":112,\"caption\":\"Tressis\"},\"image\":{\"@id\":\"https:\\\/\\\/www.tressis.com\\\/ca\\\/#\\\/schema\\\/logo\\\/image\\\/\"},\"sameAs\":[\"https:\\\/\\\/www.facebook.com\\\/Tressis\\\/\",\"https:\\\/\\\/x.com\\\/TressisSV\",\"https:\\\/\\\/www.instagram.com\\\/tressissv\\\/?hl=es\",\"https:\\\/\\\/linkedin.com\\\/company\\\/tressis\\\/\",\"https:\\\/\\\/www.youtube.com\\\/user\\\/tressissv\",\"https:\\\/\\\/open.spotify.com\\\/show\\\/3jmTe1Nf0wqMILl7diWV6h?si=d7112519f13c4593&nd=1\"]},{\"@type\":\"Person\",\"@id\":\"https:\\\/\\\/www.tressis.com\\\/ca\\\/#\\\/schema\\\/person\\\/b833c1d724d8764920b6d6852c70584e\",\"name\":\"Lola\",\"image\":{\"@type\":\"ImageObject\",\"inLanguage\":\"ca\",\"@id\":\"https:\\\/\\\/secure.gravatar.com\\\/avatar\\\/05e646486b23ff45df9649110609c7e31b8c4a3e2821caa23d6317f405e0c51d?s=96&d=mm&r=g\",\"url\":\"https:\\\/\\\/secure.gravatar.com\\\/avatar\\\/05e646486b23ff45df9649110609c7e31b8c4a3e2821caa23d6317f405e0c51d?s=96&d=mm&r=g\",\"contentUrl\":\"https:\\\/\\\/secure.gravatar.com\\\/avatar\\\/05e646486b23ff45df9649110609c7e31b8c4a3e2821caa23d6317f405e0c51d?s=96&d=mm&r=g\",\"caption\":\"Lola\"}}]}<\/script>\n<!-- \/ Yoast SEO plugin. -->","yoast_head_json":{"title":"El Ibex abre en m\u00e1ximos no vistos desde agosto de 2015","description":"El Ibex 35 espa\u00f1ol se ha anotado un alza del 0,42% hasta los 11.152 puntos. Valor no visto desde agosto de 2015.","robots":{"index":"index","follow":"follow","max-snippet":"max-snippet:-1","max-image-preview":"max-image-preview:large","max-video-preview":"max-video-preview:-1"},"canonical":"https:\/\/www.tressis.com\/ca\/blog\/ibex-maximos-agosto-2015\/","og_locale":"ca_ES","og_type":"article","og_title":"El Ibex abre en m\u00e1ximos no vistos desde agosto de 2015","og_description":"El Ibex 35 espa\u00f1ol se ha anotado un alza del 0,42% hasta los 11.152 puntos. Valor no visto desde agosto de 2015.","og_url":"https:\/\/www.tressis.com\/ca\/blog\/ibex-maximos-agosto-2015\/","og_site_name":"Tressis","article_publisher":"https:\/\/www.facebook.com\/Tressis\/","article_published_time":"2024-05-14T08:01:41+00:00","article_modified_time":"2024-08-09T09:42:05+00:00","og_image":[{"width":1100,"height":487,"url":"https:\/\/www.tressis.com\/wp-content\/uploads\/2024\/05\/ibex-35-espanol.webp","type":"image\/webp"}],"author":"Lola","twitter_card":"summary_large_image","twitter_creator":"@TressisSV","twitter_site":"@TressisSV","twitter_misc":{"Escrit per":"Lola","Temps estimat de lectura":"2 minuts"},"schema":{"@context":"https:\/\/schema.org","@graph":[{"@type":"Article","@id":"https:\/\/www.tressis.com\/ca\/blog\/ibex-maximos-agosto-2015\/#article","isPartOf":{"@id":"https:\/\/www.tressis.com\/ca\/blog\/ibex-maximos-agosto-2015\/"},"author":{"name":"Lola","@id":"https:\/\/www.tressis.com\/ca\/#\/schema\/person\/b833c1d724d8764920b6d6852c70584e"},"headline":"El Ibex abre en m\u00e1ximos no vistos desde agosto de 2015","datePublished":"2024-05-14T08:01:41+00:00","dateModified":"2024-08-09T09:42:05+00:00","mainEntityOfPage":{"@id":"https:\/\/www.tressis.com\/ca\/blog\/ibex-maximos-agosto-2015\/"},"wordCount":408,"publisher":{"@id":"https:\/\/www.tressis.com\/ca\/#organization"},"image":{"@id":"https:\/\/www.tressis.com\/ca\/blog\/ibex-maximos-agosto-2015\/#primaryimage"},"thumbnailUrl":"https:\/\/www.tressis.com\/wp-content\/uploads\/2024\/05\/ibex-35-espanol.webp","articleSection":["Morning meeting"],"inLanguage":"ca"},{"@type":"WebPage","@id":"https:\/\/www.tressis.com\/ca\/blog\/ibex-maximos-agosto-2015\/","url":"https:\/\/www.tressis.com\/ca\/blog\/ibex-maximos-agosto-2015\/","name":"El Ibex abre en m\u00e1ximos no vistos desde agosto de 2015","isPartOf":{"@id":"https:\/\/www.tressis.com\/ca\/#website"},"primaryImageOfPage":{"@id":"https:\/\/www.tressis.com\/ca\/blog\/ibex-maximos-agosto-2015\/#primaryimage"},"image":{"@id":"https:\/\/www.tressis.com\/ca\/blog\/ibex-maximos-agosto-2015\/#primaryimage"},"thumbnailUrl":"https:\/\/www.tressis.com\/wp-content\/uploads\/2024\/05\/ibex-35-espanol.webp","datePublished":"2024-05-14T08:01:41+00:00","dateModified":"2024-08-09T09:42:05+00:00","description":"El Ibex 35 espa\u00f1ol se ha anotado un alza del 0,42% hasta los 11.152 puntos. Valor no visto desde agosto de 2015.","breadcrumb":{"@id":"https:\/\/www.tressis.com\/ca\/blog\/ibex-maximos-agosto-2015\/#breadcrumb"},"inLanguage":"ca","potentialAction":[{"@type":"ReadAction","target":["https:\/\/www.tressis.com\/ca\/blog\/ibex-maximos-agosto-2015\/"]}]},{"@type":"ImageObject","inLanguage":"ca","@id":"https:\/\/www.tressis.com\/ca\/blog\/ibex-maximos-agosto-2015\/#primaryimage","url":"https:\/\/www.tressis.com\/wp-content\/uploads\/2024\/05\/ibex-35-espanol.webp","contentUrl":"https:\/\/www.tressis.com\/wp-content\/uploads\/2024\/05\/ibex-35-espanol.webp","width":1100,"height":487,"caption":"Ibex 35"},{"@type":"BreadcrumbList","@id":"https:\/\/www.tressis.com\/ca\/blog\/ibex-maximos-agosto-2015\/#breadcrumb","itemListElement":[{"@type":"ListItem","position":1,"name":"Inicio","item":"https:\/\/www.tressis.com\/ca\/"},{"@type":"ListItem","position":2,"name":"Morning meeting","item":"https:\/\/www.tressis.com\/ca\/blog\/categorias\/morning-meeting-ca\/"},{"@type":"ListItem","position":3,"name":"El Ibex abre en m\u00e1ximos no vistos desde agosto de 2015"}]},{"@type":"WebSite","@id":"https:\/\/www.tressis.com\/ca\/#website","url":"https:\/\/www.tressis.com\/ca\/","name":"Tressis banca privada","description":"Tressis | Planificaci\u00f3n financiera y gesti\u00f3n de patrimonios","publisher":{"@id":"https:\/\/www.tressis.com\/ca\/#organization"},"potentialAction":[{"@type":"SearchAction","target":{"@type":"EntryPoint","urlTemplate":"https:\/\/www.tressis.com\/ca\/?s={search_term_string}"},"query-input":{"@type":"PropertyValueSpecification","valueRequired":true,"valueName":"search_term_string"}}],"inLanguage":"ca"},{"@type":"Organization","@id":"https:\/\/www.tressis.com\/ca\/#organization","name":"Tressis","url":"https:\/\/www.tressis.com\/ca\/","logo":{"@type":"ImageObject","inLanguage":"ca","@id":"https:\/\/www.tressis.com\/ca\/#\/schema\/logo\/image\/","url":"https:\/\/www.tressis.com\/wp-content\/uploads\/2025\/06\/logo-tressis-112.png","contentUrl":"https:\/\/www.tressis.com\/wp-content\/uploads\/2025\/06\/logo-tressis-112.png","width":112,"height":112,"caption":"Tressis"},"image":{"@id":"https:\/\/www.tressis.com\/ca\/#\/schema\/logo\/image\/"},"sameAs":["https:\/\/www.facebook.com\/Tressis\/","https:\/\/x.com\/TressisSV","https:\/\/www.instagram.com\/tressissv\/?hl=es","https:\/\/linkedin.com\/company\/tressis\/","https:\/\/www.youtube.com\/user\/tressissv","https:\/\/open.spotify.com\/show\/3jmTe1Nf0wqMILl7diWV6h?si=d7112519f13c4593&nd=1"]},{"@type":"Person","@id":"https:\/\/www.tressis.com\/ca\/#\/schema\/person\/b833c1d724d8764920b6d6852c70584e","name":"Lola","image":{"@type":"ImageObject","inLanguage":"ca","@id":"https:\/\/secure.gravatar.com\/avatar\/05e646486b23ff45df9649110609c7e31b8c4a3e2821caa23d6317f405e0c51d?s=96&d=mm&r=g","url":"https:\/\/secure.gravatar.com\/avatar\/05e646486b23ff45df9649110609c7e31b8c4a3e2821caa23d6317f405e0c51d?s=96&d=mm&r=g","contentUrl":"https:\/\/secure.gravatar.com\/avatar\/05e646486b23ff45df9649110609c7e31b8c4a3e2821caa23d6317f405e0c51d?s=96&d=mm&r=g","caption":"Lola"}}]}},"_links":{"self":[{"href":"https:\/\/www.tressis.com\/ca\/wp-json\/wp\/v2\/posts\/81576","targetHints":{"allow":["GET"]}}],"collection":[{"href":"https:\/\/www.tressis.com\/ca\/wp-json\/wp\/v2\/posts"}],"about":[{"href":"https:\/\/www.tressis.com\/ca\/wp-json\/wp\/v2\/types\/post"}],"author":[{"embeddable":true,"href":"https:\/\/www.tressis.com\/ca\/wp-json\/wp\/v2\/users\/4"}],"replies":[{"embeddable":true,"href":"https:\/\/www.tressis.com\/ca\/wp-json\/wp\/v2\/comments?post=81576"}],"version-history":[{"count":5,"href":"https:\/\/www.tressis.com\/ca\/wp-json\/wp\/v2\/posts\/81576\/revisions"}],"predecessor-version":[{"id":82117,"href":"https:\/\/www.tressis.com\/ca\/wp-json\/wp\/v2\/posts\/81576\/revisions\/82117"}],"wp:featuredmedia":[{"embeddable":true,"href":"https:\/\/www.tressis.com\/ca\/wp-json\/wp\/v2\/media\/81577"}],"wp:attachment":[{"href":"https:\/\/www.tressis.com\/ca\/wp-json\/wp\/v2\/media?parent=81576"}],"wp:term":[{"taxonomy":"category","embeddable":true,"href":"https:\/\/www.tressis.com\/ca\/wp-json\/wp\/v2\/categories?post=81576"},{"taxonomy":"post_tag","embeddable":true,"href":"https:\/\/www.tressis.com\/ca\/wp-json\/wp\/v2\/tags?post=81576"}],"curies":[{"name":"wp","href":"https:\/\/api.w.org\/{rel}","templated":true}]}}