{"id":81011,"date":"2024-04-24T09:38:01","date_gmt":"2024-04-24T07:38:01","guid":{"rendered":"https:\/\/www.tressis.com\/?p=81011"},"modified":"2024-05-20T12:42:16","modified_gmt":"2024-05-20T10:42:16","slug":"deuda-publica-maximos","status":"publish","type":"post","link":"https:\/\/www.tressis.com\/ca\/blog\/deuda-publica-maximos\/","title":{"rendered":"La deuda p\u00fablica registra m\u00e1ximos de 1,6 billones"},"content":{"rendered":"<p>Las compras se impusieron en las bolsas europeas. El Eurostoxx sub\u00eda un 1,44%, el DAX 1,55%, el CAC 40 0,81%, el FTSE 100 0,26% y nuestro selectivo Ibex 35 se anota una subida del 1,73%. En Estados Unidos la sesi\u00f3n fue similar: el Dow Jones se apuntaba un 0,69%, el S&amp;P 500 1,20% y el tecnol\u00f3gico Nasdaq un 1,59%. El VIX, que mide la volatilidad del precio de las opciones del S&amp;P 500, sufr\u00eda una disminuci\u00f3n situ\u00e1ndose en 15,69. Por su parte, el V2X, \u00edndice que mide la volatilidad de las opciones del Eurostoxx 50, se qued\u00f3 en niveles de 15,79.<\/p>\n<p>&nbsp;<\/p>\n<p><center><a href=\"https:\/\/www.tressis.com\/landing\/campana\/tressis-vision\/index.html?utm_campaign=descarga_paper&amp;utm_medium=blog_MMV&amp;utm_source=tressisvision\" target=\"_blank\" rel=\"noopener\"><img fetchpriority=\"high\" decoding=\"async\" class=\"aligncenter wp-image-67199 size-full\" src=\"https:\/\/www.tressis.com\/wp-content\/uploads\/2023\/03\/CTA-Tressis-vision-para-articulos-blog.jpg\" alt=\"Informe mensual - Tressis visi\u00f3n\" width=\"800\" height=\"354\" srcset=\"https:\/\/www.tressis.com\/wp-content\/uploads\/2023\/03\/CTA-Tressis-vision-para-articulos-blog.jpg 800w, https:\/\/www.tressis.com\/wp-content\/uploads\/2023\/03\/CTA-Tressis-vision-para-articulos-blog-300x133.jpg 300w, https:\/\/www.tressis.com\/wp-content\/uploads\/2023\/03\/CTA-Tressis-vision-para-articulos-blog-768x340.jpg 768w\" sizes=\"(max-width: 800px) 100vw, 800px\" \/><\/a><\/center>&nbsp;<\/p>\n<p>Sigue la volatilidad en la renta fija soberana. Ayer asistimos a un aumento y disminuci\u00f3n de rentabilidades en diferentes horas del d\u00eda. Sin embargo, el cierre fue pr\u00e1cticamente plano. El bono alem\u00e1n a diez a\u00f1os se manten\u00eda en el 3,84%, el bono franc\u00e9s sub\u00eda 1 pb a niveles de 2,99% y el espa\u00f1ol aumentaba 2 pb a niveles 3,27%.<\/p>\n<p>&nbsp;<\/p>\n<p>En Estados Unidos la rentabilidad exigida al bono a diez a\u00f1os disminu\u00eda a 4,60% (-1pb). Esta semana no tendremos declaraciones de miembros de la Fed, en per\u00edodo de <i>blackout<\/i> previo a la reuni\u00f3n del pr\u00f3ximo 1 de mayo. Los economistas de Citigroup mantienen su pron\u00f3stico de cinco recortes de tipos de cuartos de punto este a\u00f1o, desafiando lo que descuenta el mercado para Estados Unidos.<\/p>\n<p>&nbsp;<\/p>\n<p>El \u00edndice MOVE, que mide la volatilidad de los tipos de inter\u00e9s americanos (muy parecido al VIX del S&amp;P 500), se sit\u00faa a niveles de 108,56, no tan lejos del nivel m\u00e1ximo de este a\u00f1o (127), alcanzado el primer d\u00eda h\u00e1bil del a\u00f1o. En el lado de la renta fija privada, los diferenciales de cr\u00e9dito experimentaron un estrechamiento, tanto para los bonos de grado de inversi\u00f3n como para los de alto rendimiento.<\/p>\n<p>&nbsp;<\/p>\n<h2><strong>Deuda p\u00fablica<\/strong><\/h2>\n<p>En Espa\u00f1a, <a href=\"https:\/\/www.abc.es\/economia\/deuda-publica-suma-20000-millones-febrero-registra-20240422105127-nt.html\" target=\"_blank\" rel=\"noopener\">la deuda del conjunto de las administraciones p\u00fablicas<\/a> marc\u00f3 en febrero un r\u00e9cord hist\u00f3rico al acumular 1,6 billones de euros. Supone un incremento con respecto al mes anterior de un 2,1%, seg\u00fan los datos publicados por el Banco de Espa\u00f1a. Los motivos por los que creci\u00f3 la deuda se deben al aumento del endeudamiento del Estado y de las comunidades aut\u00f3nomas.<\/p>\n<p>&nbsp;<\/p>\n<h2><strong>Previsiones preliminares de los PMI<\/strong><\/h2>\n<p>En el \u00e1mbito macroecon\u00f3mico, ayer conocimos las previsiones preliminares de abril de los PMI de Alemania, Francia, zona euro, Reino Unido y Estados Unidos. En la zona euro los datos siguen arrojando se\u00f1ales de debilidad, sobre todo en el componente manufacturero, que sigue por debajo de zona de expansi\u00f3n. Por su parte, el \u00edndice PMI compuesto subi\u00f3 a 51,4, impulsado principalmente por la actividad en el sector servicios.<\/p>\n<p>&nbsp;<\/p>\n<p>Todos los \u00edndices del sector manufacturero en la zona euro y\u00a0 en el Reino Unido siguen estando por debajo de cincuenta, lo que sigue apuntando a una contracci\u00f3n de la actividad empresarial en la zona. Por su parte los PMI al otro lado del Atl\u00e1ntico empiezan a dar avisos de cansancio: todos los \u00edndices han sorprendido a la baja y el PMI manufacturero se ubicaba por debajo de cincuenta, niveles no visto desde diciembre del a\u00f1o pasado.<\/p>\n<p>&nbsp;<\/p>\n<p><img decoding=\"async\" class=\"aligncenter wp-image-81012 size-full\" src=\"https:\/\/www.tressis.com\/wp-content\/uploads\/2024\/04\/PMI-manufacturero.webp\" alt=\"PMI manufacturero\" width=\"699\" height=\"387\" srcset=\"https:\/\/www.tressis.com\/wp-content\/uploads\/2024\/04\/PMI-manufacturero.webp 699w, https:\/\/www.tressis.com\/wp-content\/uploads\/2024\/04\/PMI-manufacturero-300x166.webp 300w\" sizes=\"(max-width: 699px) 100vw, 699px\" \/><\/p>\n<p class=\"smallPie\">Fuente: Bloomberg. Elaboraci\u00f3n propia 23\/04\/2024<\/p>\n<p>&nbsp;<\/p>\n<p><img decoding=\"async\" class=\"aligncenter wp-image-81013 size-full\" src=\"https:\/\/www.tressis.com\/wp-content\/uploads\/2024\/04\/PMI-manufacturero-zonaEuro.webp\" alt=\"PMI manufacturero zona euro\" width=\"764\" height=\"488\" srcset=\"https:\/\/www.tressis.com\/wp-content\/uploads\/2024\/04\/PMI-manufacturero-zonaEuro.webp 764w, https:\/\/www.tressis.com\/wp-content\/uploads\/2024\/04\/PMI-manufacturero-zonaEuro-300x192.webp 300w\" sizes=\"(max-width: 764px) 100vw, 764px\" \/><\/p>\n<p class=\"smallPie\">Fuente: Bloomberg. Elaboraci\u00f3n propia 23\/04\/2024<\/p>\n<p>&nbsp;<\/p>\n<p>Hoy no tendremos muchas referencias macroecon\u00f3micas, salvo el clima empresarial IFO de Alemania de abril, la confianza del consumidor en Italia del mismo mes y los pedidos de bienes duraderos en Estados Unidos de marzo. En cuanto a los resultados empresariales, hoy publican AT&amp;T, Meta, Thermo Fisher, Boeing y Biogen, entre otras.<\/p>\n<p>&nbsp;<\/p>\n<p>\u00a1Feliz mi\u00e9rcoles!<\/p>\n<p><center><strong>J\u00e9ssica Steuer Barbosa<\/strong><br \/>\nAnalista<\/center><\/p>\n","protected":false},"excerpt":{"rendered":"<p>Las compras se impusieron en las bolsas europeas. El Eurostoxx sub\u00eda un 1,44%, el DAX 1,55%, el CAC 40 0,81%, el FTSE 100 0,26% y nuestro selectivo Ibex 35 se anota una subida del 1,73%. En Estados Unidos la sesi\u00f3n fue similar: el Dow Jones se apuntaba un 0,69%, el S&amp;P 500 1,20% y el [&hellip;]<\/p>\n","protected":false},"author":4,"featured_media":81017,"comment_status":"closed","ping_status":"open","sticky":false,"template":"","format":"standard","meta":{"_acf_changed":false,"footnotes":""},"categories":[9721],"tags":[1976,2126,3221,3236,9581,9580,6920],"class_list":["post-81011","post","type-post","status-publish","format-standard","has-post-thumbnail","hentry","category-morning-meeting","tag-deuda-publica","tag-dow-jones","tag-ibex-35","tag-ifo","tag-indice-move","tag-renta-fija-soberana","tag-volatilidad"],"acf":[],"yoast_head":"<!-- This site is optimized with the Yoast SEO plugin v27.4 - https:\/\/yoast.com\/product\/yoast-seo-wordpress\/ -->\n<title>La deuda p\u00fablica registra m\u00e1ximos de 1,6 billones<\/title>\n<meta name=\"description\" content=\"Seg\u00fan el Banco de Espa\u00f1a, la deuda p\u00fablica del conjunto de las administraciones subi\u00f3 19.549 millones de euros en febrero.\" \/>\n<meta name=\"robots\" content=\"index, follow, max-snippet:-1, max-image-preview:large, max-video-preview:-1\" \/>\n<link rel=\"canonical\" href=\"https:\/\/www.tressis.com\/ca\/blog\/deuda-publica-maximos\/\" \/>\n<meta property=\"og:locale\" content=\"ca_ES\" \/>\n<meta property=\"og:type\" content=\"article\" \/>\n<meta property=\"og:title\" content=\"La deuda p\u00fablica registra m\u00e1ximos de 1,6 billones\" \/>\n<meta property=\"og:description\" content=\"Seg\u00fan el Banco de Espa\u00f1a, la deuda p\u00fablica del conjunto de las administraciones subi\u00f3 19.549 millones de euros en febrero.\" \/>\n<meta property=\"og:url\" content=\"https:\/\/www.tressis.com\/ca\/blog\/deuda-publica-maximos\/\" \/>\n<meta property=\"og:site_name\" content=\"Tressis\" \/>\n<meta property=\"article:publisher\" content=\"https:\/\/www.facebook.com\/Tressis\/\" \/>\n<meta property=\"article:published_time\" content=\"2024-04-24T07:38:01+00:00\" \/>\n<meta property=\"article:modified_time\" content=\"2024-05-20T10:42:16+00:00\" \/>\n<meta property=\"og:image\" content=\"https:\/\/www.tressis.com\/wp-content\/uploads\/2024\/04\/banco-espana.webp\" \/>\n\t<meta property=\"og:image:width\" content=\"1100\" \/>\n\t<meta property=\"og:image:height\" content=\"487\" \/>\n\t<meta property=\"og:image:type\" content=\"image\/webp\" \/>\n<meta name=\"author\" content=\"Lola\" \/>\n<meta name=\"twitter:card\" content=\"summary_large_image\" \/>\n<meta name=\"twitter:creator\" content=\"@TressisSV\" \/>\n<meta name=\"twitter:site\" content=\"@TressisSV\" \/>\n<meta name=\"twitter:label1\" content=\"Escrit per\" \/>\n\t<meta name=\"twitter:data1\" content=\"Lola\" \/>\n\t<meta name=\"twitter:label2\" content=\"Temps estimat de lectura\" \/>\n\t<meta name=\"twitter:data2\" content=\"3 minuts\" \/>\n<script type=\"application\/ld+json\" class=\"yoast-schema-graph\">{\"@context\":\"https:\\\/\\\/schema.org\",\"@graph\":[{\"@type\":\"Article\",\"@id\":\"https:\\\/\\\/www.tressis.com\\\/ca\\\/blog\\\/deuda-publica-maximos\\\/#article\",\"isPartOf\":{\"@id\":\"https:\\\/\\\/www.tressis.com\\\/ca\\\/blog\\\/deuda-publica-maximos\\\/\"},\"author\":{\"name\":\"Lola\",\"@id\":\"https:\\\/\\\/www.tressis.com\\\/ca\\\/#\\\/schema\\\/person\\\/b833c1d724d8764920b6d6852c70584e\"},\"headline\":\"La deuda p\u00fablica registra m\u00e1ximos de 1,6 billones\",\"datePublished\":\"2024-04-24T07:38:01+00:00\",\"dateModified\":\"2024-05-20T10:42:16+00:00\",\"mainEntityOfPage\":{\"@id\":\"https:\\\/\\\/www.tressis.com\\\/ca\\\/blog\\\/deuda-publica-maximos\\\/\"},\"wordCount\":629,\"publisher\":{\"@id\":\"https:\\\/\\\/www.tressis.com\\\/ca\\\/#organization\"},\"image\":{\"@id\":\"https:\\\/\\\/www.tressis.com\\\/ca\\\/blog\\\/deuda-publica-maximos\\\/#primaryimage\"},\"thumbnailUrl\":\"https:\\\/\\\/www.tressis.com\\\/wp-content\\\/uploads\\\/2024\\\/04\\\/banco-espana.webp\",\"keywords\":[\"deuda p\u00fablica\",\"Dow Jones\",\"Ibex 35\",\"IFO\",\"\u00edndice MOVE\",\"Renta fija soberana\",\"volatilidad\"],\"articleSection\":[\"Morning meeting\"],\"inLanguage\":\"ca\"},{\"@type\":\"WebPage\",\"@id\":\"https:\\\/\\\/www.tressis.com\\\/ca\\\/blog\\\/deuda-publica-maximos\\\/\",\"url\":\"https:\\\/\\\/www.tressis.com\\\/ca\\\/blog\\\/deuda-publica-maximos\\\/\",\"name\":\"La deuda p\u00fablica registra m\u00e1ximos de 1,6 billones\",\"isPartOf\":{\"@id\":\"https:\\\/\\\/www.tressis.com\\\/ca\\\/#website\"},\"primaryImageOfPage\":{\"@id\":\"https:\\\/\\\/www.tressis.com\\\/ca\\\/blog\\\/deuda-publica-maximos\\\/#primaryimage\"},\"image\":{\"@id\":\"https:\\\/\\\/www.tressis.com\\\/ca\\\/blog\\\/deuda-publica-maximos\\\/#primaryimage\"},\"thumbnailUrl\":\"https:\\\/\\\/www.tressis.com\\\/wp-content\\\/uploads\\\/2024\\\/04\\\/banco-espana.webp\",\"datePublished\":\"2024-04-24T07:38:01+00:00\",\"dateModified\":\"2024-05-20T10:42:16+00:00\",\"description\":\"Seg\u00fan el Banco de Espa\u00f1a, la deuda p\u00fablica del conjunto de las administraciones subi\u00f3 19.549 millones de euros en febrero.\",\"breadcrumb\":{\"@id\":\"https:\\\/\\\/www.tressis.com\\\/ca\\\/blog\\\/deuda-publica-maximos\\\/#breadcrumb\"},\"inLanguage\":\"ca\",\"potentialAction\":[{\"@type\":\"ReadAction\",\"target\":[\"https:\\\/\\\/www.tressis.com\\\/ca\\\/blog\\\/deuda-publica-maximos\\\/\"]}]},{\"@type\":\"ImageObject\",\"inLanguage\":\"ca\",\"@id\":\"https:\\\/\\\/www.tressis.com\\\/ca\\\/blog\\\/deuda-publica-maximos\\\/#primaryimage\",\"url\":\"https:\\\/\\\/www.tressis.com\\\/wp-content\\\/uploads\\\/2024\\\/04\\\/banco-espana.webp\",\"contentUrl\":\"https:\\\/\\\/www.tressis.com\\\/wp-content\\\/uploads\\\/2024\\\/04\\\/banco-espana.webp\",\"width\":1100,\"height\":487,\"caption\":\"Banco de Espa\u00f1a\"},{\"@type\":\"BreadcrumbList\",\"@id\":\"https:\\\/\\\/www.tressis.com\\\/ca\\\/blog\\\/deuda-publica-maximos\\\/#breadcrumb\",\"itemListElement\":[{\"@type\":\"ListItem\",\"position\":1,\"name\":\"Inicio\",\"item\":\"https:\\\/\\\/www.tressis.com\\\/ca\\\/\"},{\"@type\":\"ListItem\",\"position\":2,\"name\":\"Morning meeting\",\"item\":\"https:\\\/\\\/www.tressis.com\\\/ca\\\/blog\\\/categorias\\\/morning-meeting-ca\\\/\"},{\"@type\":\"ListItem\",\"position\":3,\"name\":\"La deuda p\u00fablica registra m\u00e1ximos de 1,6 billones\"}]},{\"@type\":\"WebSite\",\"@id\":\"https:\\\/\\\/www.tressis.com\\\/ca\\\/#website\",\"url\":\"https:\\\/\\\/www.tressis.com\\\/ca\\\/\",\"name\":\"Tressis banca privada\",\"description\":\"Tressis | Planificaci\u00f3n financiera y gesti\u00f3n de patrimonios\",\"publisher\":{\"@id\":\"https:\\\/\\\/www.tressis.com\\\/ca\\\/#organization\"},\"potentialAction\":[{\"@type\":\"SearchAction\",\"target\":{\"@type\":\"EntryPoint\",\"urlTemplate\":\"https:\\\/\\\/www.tressis.com\\\/ca\\\/?s={search_term_string}\"},\"query-input\":{\"@type\":\"PropertyValueSpecification\",\"valueRequired\":true,\"valueName\":\"search_term_string\"}}],\"inLanguage\":\"ca\"},{\"@type\":\"Organization\",\"@id\":\"https:\\\/\\\/www.tressis.com\\\/ca\\\/#organization\",\"name\":\"Tressis\",\"url\":\"https:\\\/\\\/www.tressis.com\\\/ca\\\/\",\"logo\":{\"@type\":\"ImageObject\",\"inLanguage\":\"ca\",\"@id\":\"https:\\\/\\\/www.tressis.com\\\/ca\\\/#\\\/schema\\\/logo\\\/image\\\/\",\"url\":\"https:\\\/\\\/www.tressis.com\\\/wp-content\\\/uploads\\\/2025\\\/06\\\/logo-tressis-112.png\",\"contentUrl\":\"https:\\\/\\\/www.tressis.com\\\/wp-content\\\/uploads\\\/2025\\\/06\\\/logo-tressis-112.png\",\"width\":112,\"height\":112,\"caption\":\"Tressis\"},\"image\":{\"@id\":\"https:\\\/\\\/www.tressis.com\\\/ca\\\/#\\\/schema\\\/logo\\\/image\\\/\"},\"sameAs\":[\"https:\\\/\\\/www.facebook.com\\\/Tressis\\\/\",\"https:\\\/\\\/x.com\\\/TressisSV\",\"https:\\\/\\\/www.instagram.com\\\/tressissv\\\/?hl=es\",\"https:\\\/\\\/linkedin.com\\\/company\\\/tressis\\\/\",\"https:\\\/\\\/www.youtube.com\\\/user\\\/tressissv\",\"https:\\\/\\\/open.spotify.com\\\/show\\\/3jmTe1Nf0wqMILl7diWV6h?si=d7112519f13c4593&nd=1\"]},{\"@type\":\"Person\",\"@id\":\"https:\\\/\\\/www.tressis.com\\\/ca\\\/#\\\/schema\\\/person\\\/b833c1d724d8764920b6d6852c70584e\",\"name\":\"Lola\",\"image\":{\"@type\":\"ImageObject\",\"inLanguage\":\"ca\",\"@id\":\"https:\\\/\\\/secure.gravatar.com\\\/avatar\\\/05e646486b23ff45df9649110609c7e31b8c4a3e2821caa23d6317f405e0c51d?s=96&d=mm&r=g\",\"url\":\"https:\\\/\\\/secure.gravatar.com\\\/avatar\\\/05e646486b23ff45df9649110609c7e31b8c4a3e2821caa23d6317f405e0c51d?s=96&d=mm&r=g\",\"contentUrl\":\"https:\\\/\\\/secure.gravatar.com\\\/avatar\\\/05e646486b23ff45df9649110609c7e31b8c4a3e2821caa23d6317f405e0c51d?s=96&d=mm&r=g\",\"caption\":\"Lola\"}}]}<\/script>\n<!-- \/ Yoast SEO plugin. -->","yoast_head_json":{"title":"La deuda p\u00fablica registra m\u00e1ximos de 1,6 billones","description":"Seg\u00fan el Banco de Espa\u00f1a, la deuda p\u00fablica del conjunto de las administraciones subi\u00f3 19.549 millones de euros en febrero.","robots":{"index":"index","follow":"follow","max-snippet":"max-snippet:-1","max-image-preview":"max-image-preview:large","max-video-preview":"max-video-preview:-1"},"canonical":"https:\/\/www.tressis.com\/ca\/blog\/deuda-publica-maximos\/","og_locale":"ca_ES","og_type":"article","og_title":"La deuda p\u00fablica registra m\u00e1ximos de 1,6 billones","og_description":"Seg\u00fan el Banco de Espa\u00f1a, la deuda p\u00fablica del conjunto de las administraciones subi\u00f3 19.549 millones de euros en febrero.","og_url":"https:\/\/www.tressis.com\/ca\/blog\/deuda-publica-maximos\/","og_site_name":"Tressis","article_publisher":"https:\/\/www.facebook.com\/Tressis\/","article_published_time":"2024-04-24T07:38:01+00:00","article_modified_time":"2024-05-20T10:42:16+00:00","og_image":[{"width":1100,"height":487,"url":"https:\/\/www.tressis.com\/wp-content\/uploads\/2024\/04\/banco-espana.webp","type":"image\/webp"}],"author":"Lola","twitter_card":"summary_large_image","twitter_creator":"@TressisSV","twitter_site":"@TressisSV","twitter_misc":{"Escrit per":"Lola","Temps estimat de lectura":"3 minuts"},"schema":{"@context":"https:\/\/schema.org","@graph":[{"@type":"Article","@id":"https:\/\/www.tressis.com\/ca\/blog\/deuda-publica-maximos\/#article","isPartOf":{"@id":"https:\/\/www.tressis.com\/ca\/blog\/deuda-publica-maximos\/"},"author":{"name":"Lola","@id":"https:\/\/www.tressis.com\/ca\/#\/schema\/person\/b833c1d724d8764920b6d6852c70584e"},"headline":"La deuda p\u00fablica registra m\u00e1ximos de 1,6 billones","datePublished":"2024-04-24T07:38:01+00:00","dateModified":"2024-05-20T10:42:16+00:00","mainEntityOfPage":{"@id":"https:\/\/www.tressis.com\/ca\/blog\/deuda-publica-maximos\/"},"wordCount":629,"publisher":{"@id":"https:\/\/www.tressis.com\/ca\/#organization"},"image":{"@id":"https:\/\/www.tressis.com\/ca\/blog\/deuda-publica-maximos\/#primaryimage"},"thumbnailUrl":"https:\/\/www.tressis.com\/wp-content\/uploads\/2024\/04\/banco-espana.webp","keywords":["deuda p\u00fablica","Dow Jones","Ibex 35","IFO","\u00edndice MOVE","Renta fija soberana","volatilidad"],"articleSection":["Morning meeting"],"inLanguage":"ca"},{"@type":"WebPage","@id":"https:\/\/www.tressis.com\/ca\/blog\/deuda-publica-maximos\/","url":"https:\/\/www.tressis.com\/ca\/blog\/deuda-publica-maximos\/","name":"La deuda p\u00fablica registra m\u00e1ximos de 1,6 billones","isPartOf":{"@id":"https:\/\/www.tressis.com\/ca\/#website"},"primaryImageOfPage":{"@id":"https:\/\/www.tressis.com\/ca\/blog\/deuda-publica-maximos\/#primaryimage"},"image":{"@id":"https:\/\/www.tressis.com\/ca\/blog\/deuda-publica-maximos\/#primaryimage"},"thumbnailUrl":"https:\/\/www.tressis.com\/wp-content\/uploads\/2024\/04\/banco-espana.webp","datePublished":"2024-04-24T07:38:01+00:00","dateModified":"2024-05-20T10:42:16+00:00","description":"Seg\u00fan el Banco de Espa\u00f1a, la deuda p\u00fablica del conjunto de las administraciones subi\u00f3 19.549 millones de euros en febrero.","breadcrumb":{"@id":"https:\/\/www.tressis.com\/ca\/blog\/deuda-publica-maximos\/#breadcrumb"},"inLanguage":"ca","potentialAction":[{"@type":"ReadAction","target":["https:\/\/www.tressis.com\/ca\/blog\/deuda-publica-maximos\/"]}]},{"@type":"ImageObject","inLanguage":"ca","@id":"https:\/\/www.tressis.com\/ca\/blog\/deuda-publica-maximos\/#primaryimage","url":"https:\/\/www.tressis.com\/wp-content\/uploads\/2024\/04\/banco-espana.webp","contentUrl":"https:\/\/www.tressis.com\/wp-content\/uploads\/2024\/04\/banco-espana.webp","width":1100,"height":487,"caption":"Banco de Espa\u00f1a"},{"@type":"BreadcrumbList","@id":"https:\/\/www.tressis.com\/ca\/blog\/deuda-publica-maximos\/#breadcrumb","itemListElement":[{"@type":"ListItem","position":1,"name":"Inicio","item":"https:\/\/www.tressis.com\/ca\/"},{"@type":"ListItem","position":2,"name":"Morning meeting","item":"https:\/\/www.tressis.com\/ca\/blog\/categorias\/morning-meeting-ca\/"},{"@type":"ListItem","position":3,"name":"La deuda p\u00fablica registra m\u00e1ximos de 1,6 billones"}]},{"@type":"WebSite","@id":"https:\/\/www.tressis.com\/ca\/#website","url":"https:\/\/www.tressis.com\/ca\/","name":"Tressis banca privada","description":"Tressis | Planificaci\u00f3n financiera y gesti\u00f3n de patrimonios","publisher":{"@id":"https:\/\/www.tressis.com\/ca\/#organization"},"potentialAction":[{"@type":"SearchAction","target":{"@type":"EntryPoint","urlTemplate":"https:\/\/www.tressis.com\/ca\/?s={search_term_string}"},"query-input":{"@type":"PropertyValueSpecification","valueRequired":true,"valueName":"search_term_string"}}],"inLanguage":"ca"},{"@type":"Organization","@id":"https:\/\/www.tressis.com\/ca\/#organization","name":"Tressis","url":"https:\/\/www.tressis.com\/ca\/","logo":{"@type":"ImageObject","inLanguage":"ca","@id":"https:\/\/www.tressis.com\/ca\/#\/schema\/logo\/image\/","url":"https:\/\/www.tressis.com\/wp-content\/uploads\/2025\/06\/logo-tressis-112.png","contentUrl":"https:\/\/www.tressis.com\/wp-content\/uploads\/2025\/06\/logo-tressis-112.png","width":112,"height":112,"caption":"Tressis"},"image":{"@id":"https:\/\/www.tressis.com\/ca\/#\/schema\/logo\/image\/"},"sameAs":["https:\/\/www.facebook.com\/Tressis\/","https:\/\/x.com\/TressisSV","https:\/\/www.instagram.com\/tressissv\/?hl=es","https:\/\/linkedin.com\/company\/tressis\/","https:\/\/www.youtube.com\/user\/tressissv","https:\/\/open.spotify.com\/show\/3jmTe1Nf0wqMILl7diWV6h?si=d7112519f13c4593&nd=1"]},{"@type":"Person","@id":"https:\/\/www.tressis.com\/ca\/#\/schema\/person\/b833c1d724d8764920b6d6852c70584e","name":"Lola","image":{"@type":"ImageObject","inLanguage":"ca","@id":"https:\/\/secure.gravatar.com\/avatar\/05e646486b23ff45df9649110609c7e31b8c4a3e2821caa23d6317f405e0c51d?s=96&d=mm&r=g","url":"https:\/\/secure.gravatar.com\/avatar\/05e646486b23ff45df9649110609c7e31b8c4a3e2821caa23d6317f405e0c51d?s=96&d=mm&r=g","contentUrl":"https:\/\/secure.gravatar.com\/avatar\/05e646486b23ff45df9649110609c7e31b8c4a3e2821caa23d6317f405e0c51d?s=96&d=mm&r=g","caption":"Lola"}}]}},"_links":{"self":[{"href":"https:\/\/www.tressis.com\/ca\/wp-json\/wp\/v2\/posts\/81011","targetHints":{"allow":["GET"]}}],"collection":[{"href":"https:\/\/www.tressis.com\/ca\/wp-json\/wp\/v2\/posts"}],"about":[{"href":"https:\/\/www.tressis.com\/ca\/wp-json\/wp\/v2\/types\/post"}],"author":[{"embeddable":true,"href":"https:\/\/www.tressis.com\/ca\/wp-json\/wp\/v2\/users\/4"}],"replies":[{"embeddable":true,"href":"https:\/\/www.tressis.com\/ca\/wp-json\/wp\/v2\/comments?post=81011"}],"version-history":[{"count":1,"href":"https:\/\/www.tressis.com\/ca\/wp-json\/wp\/v2\/posts\/81011\/revisions"}],"predecessor-version":[{"id":82122,"href":"https:\/\/www.tressis.com\/ca\/wp-json\/wp\/v2\/posts\/81011\/revisions\/82122"}],"wp:featuredmedia":[{"embeddable":true,"href":"https:\/\/www.tressis.com\/ca\/wp-json\/wp\/v2\/media\/81017"}],"wp:attachment":[{"href":"https:\/\/www.tressis.com\/ca\/wp-json\/wp\/v2\/media?parent=81011"}],"wp:term":[{"taxonomy":"category","embeddable":true,"href":"https:\/\/www.tressis.com\/ca\/wp-json\/wp\/v2\/categories?post=81011"},{"taxonomy":"post_tag","embeddable":true,"href":"https:\/\/www.tressis.com\/ca\/wp-json\/wp\/v2\/tags?post=81011"}],"curies":[{"name":"wp","href":"https:\/\/api.w.org\/{rel}","templated":true}]}}