{"id":80505,"date":"2024-04-18T09:51:46","date_gmt":"2024-04-18T07:51:46","guid":{"rendered":"https:\/\/www.tressis.com\/?p=80505"},"modified":"2024-04-18T11:32:01","modified_gmt":"2024-04-18T09:32:01","slug":"las-dudas-se-apoderan-del-mercado","status":"publish","type":"post","link":"https:\/\/www.tressis.com\/ca\/blog\/las-dudas-se-apoderan-del-mercado\/","title":{"rendered":"Las dudas se apoderan del mercado"},"content":{"rendered":"<p><a href=\"https:\/\/www.tressis.com\/blog\/incertidumbre-mercados-por-tensiones-iran-israel\/\" target=\"_blank\" rel=\"noopener\">Las tensiones que nos llegan desde Oriente Medio<\/a> y la resistencia que est\u00e1n mostrando los datos de inflaci\u00f3n pesan en el \u00e1nimo de los inversores. De hecho, si nos fijamos en la encuesta americana de inversores individuales, vemos que el porcentaje de alcistas ha pasado de niveles de complacencia (50%) a situarse muy cerca de la media hist\u00f3rica (38,3%):<\/p>\n<p>&nbsp;<\/p>\n<div style=\"text-align: center;\"><img decoding=\"async\" src=\"https:\/\/www.tressis.com\/wp-content\/uploads\/2024\/04\/las-dudas-se-apoderan-del-mercado-1.webp\" alt=\"Gr\u00e1fica del sentimiento de los inversores. Fuente: AAII.\" \/><\/div>\n<p style=\"text-align: center; margin-top:20px;\">Fuente: AAII<\/p>\n<p>&nbsp;<\/p>\n<h2><strong>Vaiv\u00e9n de los mercados<\/strong><\/h2>\n<p>\u00cdndices como el S&#038;P 500 o el Euro Stoxx 50 han retrocedido cerca de un 5% desde los m\u00e1ximos de marzo. Cuando tenemos subidas sin apenas descanso durante tantos meses, <strong>cuesta creer que las correcciones sean habituales<\/strong>. Hab\u00edan pasado 105 d\u00edas desde la \u00faltima y, si analizamos desde 1928, se produjeron ca\u00eddas del 5% cada 84 d\u00edas. As\u00ed que s\u00ed, es algo bastante habitual.<\/p>\n<p>&nbsp;<\/p>\n<div style=\"text-align: center;\"><img decoding=\"async\" src=\"https:\/\/www.tressis.com\/wp-content\/uploads\/2024\/04\/las-dudas-se-apoderan-del-mercado-2.webp\" alt=\"Gr\u00e1fica comparativa de rentabilidades por a\u00f1o neutral y mayores descensos interanuales. Fuente: MFS, Factset y S&#038;P.\" \/><\/div>\n<p style=\"text-align: center; margin-top:20px;\">Fuente: MFS, Factset y S&#038;P<\/p>\n<p>&nbsp;<\/p>\n<p>Las bolsas fueron claramente de m\u00e1s a menos, aunque algo mejor en Europa (Euro Stoxx 50 -0,05%, DAX +0,12%, IBEX 35 +1,02%) que en Estados Unidos (S&#038;P 500 -0,58%, Nasdaq -1,15%, Dow Jones -0,12%). Los valores tecnol\u00f3gicos y las peque\u00f1as compa\u00f1\u00edas fueron los que m\u00e1s sufrieron, al son de <strong>unas perspectivas algo m\u00e1s restrictivas<\/strong> por parte de los bancos centrales.<\/p>\n<p>&nbsp;<\/p>\n<div style=\"text-align: center; margin-bottom: 10px;\"><a href=\"https:\/\/www.tressis.com\/landing\/campana\/tressis-vision\/index.html?utm_campaign=descarga_paper&amp;utm_medium=blog_MMV&amp;utm_source=tressisvision\" target=\"_blank\" rel=\"noopener\"><img class=\"alignnone size-full wp-image-67199\" \nsrc=\"https:\/\/www.tressis.com\/wp-content\/uploads\/2024\/04\/CTA-Tressis-vision-para-articulos-blog.webp\" alt=\"Informe mensual - Tressis visi\u00f3n\" \nwidth=\"800\" height=\"354\" \/><\/a><\/div>\n<p>&nbsp;<\/p>\n<h2><strong>Resultados empresariales<\/strong><\/h2>\n<p>En el plano corporativo, ayer presentaron sus cifras dos de las mayores compa\u00f1\u00edas europeas por capitalizaci\u00f3n: <a href=\"https:\/\/www.lvmh.com\/\" rel=\"noopener\" target=\"_blank\">LVMH<\/a> y <a href=\"https:\/\/www.asml.com\/en\" rel=\"noopener\" target=\"_blank\">ASML<\/a>. El gigante del lujo public\u00f3 las ventas del primer trimestre, con un crecimiento org\u00e1nico del 3% y bastantes luces y sombras. <strong>Jap\u00f3n (+32%) lograba compensar con creces a las dem\u00e1s regiones<\/strong>, mientras se mantiene la debilidad del resto de Asia (-6%). Por segmentos: bien en perfumer\u00eda y cosm\u00e9ticos (+7%) y en la venta al por menor selectiva (+11%), que incluye el buen comportamiento de las tiendas de <a href=\"https:\/\/www.sephora.es\/\" rel=\"noopener\" target=\"_blank\">Sephora<\/a>. Es cierto que ha habido un peque\u00f1o par\u00f3n en el consumo, sobre todo si lo comparamos con los a\u00f1os posteriores a la pandemia, pero las cifras no son tan malas como preve\u00edan los analistas y se espera que la demanda en China se recupere en la segunda mitad del a\u00f1o. En el caso de ASML, las cifras superaron las estimaciones del consenso, pero tal y como adelantaron el trimestre anterior: 2024 va a ser un a\u00f1o de transici\u00f3n. La entrada de pedidos est\u00e1 siendo algo irregular y muchos clientes est\u00e1n aplazando las compras mientras dura la desaceleraci\u00f3n global. <strong>La actividad en China sigue siendo fuerte y la demanda contin\u00faa gracias a la necesidad de ampliar la capacidad tecnol\u00f3gica<\/strong>; se espera que su cuota de mercado y su autosuficiencia aumenten con el tiempo. As\u00ed que el segundo semestre deber\u00eda ser mucho mejor que el primero, crecimiento que previsiblemente se incrementar\u00e1 en 2025. <\/p>\n<p>&nbsp;<\/p>\n<p>Hoy tendremos peticiones de subsidios por desempleo y datos manufactureros de la Fed de Filadelfia en Estados Unidos. Adem\u00e1s, conoceremos los resultados de empresas como Taiwan Semiconductors, Netflix, L&#8217;Oreal, Blackstone, Intuitive Surgical o EssiloLuxottica, entre otras.<\/p>\n<p>&nbsp;<\/p>\n<p>Feliz jueves.<\/p>\n<p>&nbsp;<\/p>\n<p><center><strong>V\u00edctor \u00c1lvarez Sanz<\/strong><br \/>\nResponsable de renta variable <\/center><\/p>\n","protected":false},"excerpt":{"rendered":"<p>Las tensiones que nos llegan desde Oriente Medio y la resistencia que est\u00e1n mostrando los datos de inflaci\u00f3n pesan en el \u00e1nimo de los inversores. De hecho, si nos fijamos en la encuesta americana de inversores individuales, vemos que el porcentaje de alcistas ha pasado de niveles de complacencia (50%) a situarse muy cerca de [&hellip;]<\/p>\n","protected":false},"author":9,"featured_media":80511,"comment_status":"closed","ping_status":"open","sticky":false,"template":"","format":"standard","meta":{"_acf_changed":false,"footnotes":""},"categories":[9721],"tags":[9010,9167,2720,3714,8998,9569],"class_list":["post-80505","post","type-post","status-publish","format-standard","has-post-thumbnail","hentry","category-morning-meeting","tag-asml-holding","tag-el-ibex-35-hoy","tag-fed","tag-japon","tag-lvmh","tag-tensiones-oriente-medio"],"acf":[],"yoast_head":"<!-- This site is optimized with the Yoast SEO plugin v27.5 - https:\/\/yoast.com\/product\/yoast-seo-wordpress\/ -->\n<title>Las dudas se apoderan del mercado<\/title>\n<meta name=\"description\" content=\"El \u00e1nimo los inversores se resientes ante las tensiones en Oriente Medio y la resistencia de los datos de la inflaci\u00f3n.\" \/>\n<meta name=\"robots\" content=\"index, follow, max-snippet:-1, max-image-preview:large, max-video-preview:-1\" \/>\n<link rel=\"canonical\" href=\"https:\/\/www.tressis.com\/ca\/blog\/las-dudas-se-apoderan-del-mercado\/\" \/>\n<meta property=\"og:locale\" content=\"ca_ES\" \/>\n<meta property=\"og:type\" content=\"article\" \/>\n<meta property=\"og:title\" content=\"Las dudas se apoderan del mercado\" \/>\n<meta property=\"og:description\" content=\"El \u00e1nimo los inversores se resientes ante las tensiones en Oriente Medio y la resistencia de los datos de la inflaci\u00f3n.\" \/>\n<meta property=\"og:url\" content=\"https:\/\/www.tressis.com\/ca\/blog\/las-dudas-se-apoderan-del-mercado\/\" \/>\n<meta property=\"og:site_name\" content=\"Tressis\" \/>\n<meta property=\"article:publisher\" content=\"https:\/\/www.facebook.com\/Tressis\/\" \/>\n<meta property=\"article:published_time\" content=\"2024-04-18T07:51:46+00:00\" \/>\n<meta property=\"article:modified_time\" content=\"2024-04-18T09:32:01+00:00\" \/>\n<meta property=\"og:image\" content=\"https:\/\/www.tressis.com\/wp-content\/uploads\/2024\/04\/las-dudas-se-apoderan-del-mercado.webp\" \/>\n\t<meta property=\"og:image:width\" content=\"1100\" \/>\n\t<meta property=\"og:image:height\" content=\"487\" \/>\n\t<meta property=\"og:image:type\" content=\"image\/webp\" \/>\n<meta name=\"author\" content=\"Armando\" \/>\n<meta name=\"twitter:card\" content=\"summary_large_image\" \/>\n<meta name=\"twitter:creator\" content=\"@TressisSV\" \/>\n<meta name=\"twitter:site\" content=\"@TressisSV\" \/>\n<meta name=\"twitter:label1\" content=\"Escrit per\" \/>\n\t<meta name=\"twitter:data1\" content=\"Armando\" \/>\n\t<meta name=\"twitter:label2\" content=\"Temps estimat de lectura\" \/>\n\t<meta name=\"twitter:data2\" content=\"3 minuts\" \/>\n<script type=\"application\/ld+json\" class=\"yoast-schema-graph\">{\"@context\":\"https:\\\/\\\/schema.org\",\"@graph\":[{\"@type\":\"Article\",\"@id\":\"https:\\\/\\\/www.tressis.com\\\/ca\\\/blog\\\/las-dudas-se-apoderan-del-mercado\\\/#article\",\"isPartOf\":{\"@id\":\"https:\\\/\\\/www.tressis.com\\\/ca\\\/blog\\\/las-dudas-se-apoderan-del-mercado\\\/\"},\"author\":{\"name\":\"Armando\",\"@id\":\"https:\\\/\\\/www.tressis.com\\\/ca\\\/#\\\/schema\\\/person\\\/56d3b4de0493f088a4ca62a2e0c790ae\"},\"headline\":\"Las dudas se apoderan del mercado\",\"datePublished\":\"2024-04-18T07:51:46+00:00\",\"dateModified\":\"2024-04-18T09:32:01+00:00\",\"mainEntityOfPage\":{\"@id\":\"https:\\\/\\\/www.tressis.com\\\/ca\\\/blog\\\/las-dudas-se-apoderan-del-mercado\\\/\"},\"wordCount\":514,\"publisher\":{\"@id\":\"https:\\\/\\\/www.tressis.com\\\/ca\\\/#organization\"},\"image\":{\"@id\":\"https:\\\/\\\/www.tressis.com\\\/ca\\\/blog\\\/las-dudas-se-apoderan-del-mercado\\\/#primaryimage\"},\"thumbnailUrl\":\"https:\\\/\\\/www.tressis.com\\\/wp-content\\\/uploads\\\/2024\\\/04\\\/las-dudas-se-apoderan-del-mercado.webp\",\"keywords\":[\"ASML Holding\",\"el Ibex 35 hoy\",\"fed\",\"Jap\u00f3n\",\"LVMH\",\"tensiones Oriente Medio\"],\"articleSection\":[\"Morning meeting\"],\"inLanguage\":\"ca\"},{\"@type\":\"WebPage\",\"@id\":\"https:\\\/\\\/www.tressis.com\\\/ca\\\/blog\\\/las-dudas-se-apoderan-del-mercado\\\/\",\"url\":\"https:\\\/\\\/www.tressis.com\\\/ca\\\/blog\\\/las-dudas-se-apoderan-del-mercado\\\/\",\"name\":\"Las dudas se apoderan del mercado\",\"isPartOf\":{\"@id\":\"https:\\\/\\\/www.tressis.com\\\/ca\\\/#website\"},\"primaryImageOfPage\":{\"@id\":\"https:\\\/\\\/www.tressis.com\\\/ca\\\/blog\\\/las-dudas-se-apoderan-del-mercado\\\/#primaryimage\"},\"image\":{\"@id\":\"https:\\\/\\\/www.tressis.com\\\/ca\\\/blog\\\/las-dudas-se-apoderan-del-mercado\\\/#primaryimage\"},\"thumbnailUrl\":\"https:\\\/\\\/www.tressis.com\\\/wp-content\\\/uploads\\\/2024\\\/04\\\/las-dudas-se-apoderan-del-mercado.webp\",\"datePublished\":\"2024-04-18T07:51:46+00:00\",\"dateModified\":\"2024-04-18T09:32:01+00:00\",\"description\":\"El \u00e1nimo los inversores se resientes ante las tensiones en Oriente Medio y la resistencia de los datos de la inflaci\u00f3n.\",\"breadcrumb\":{\"@id\":\"https:\\\/\\\/www.tressis.com\\\/ca\\\/blog\\\/las-dudas-se-apoderan-del-mercado\\\/#breadcrumb\"},\"inLanguage\":\"ca\",\"potentialAction\":[{\"@type\":\"ReadAction\",\"target\":[\"https:\\\/\\\/www.tressis.com\\\/ca\\\/blog\\\/las-dudas-se-apoderan-del-mercado\\\/\"]}]},{\"@type\":\"ImageObject\",\"inLanguage\":\"ca\",\"@id\":\"https:\\\/\\\/www.tressis.com\\\/ca\\\/blog\\\/las-dudas-se-apoderan-del-mercado\\\/#primaryimage\",\"url\":\"https:\\\/\\\/www.tressis.com\\\/wp-content\\\/uploads\\\/2024\\\/04\\\/las-dudas-se-apoderan-del-mercado.webp\",\"contentUrl\":\"https:\\\/\\\/www.tressis.com\\\/wp-content\\\/uploads\\\/2024\\\/04\\\/las-dudas-se-apoderan-del-mercado.webp\",\"width\":1100,\"height\":487,\"caption\":\"Las dudas se apoderan del mercado\"},{\"@type\":\"BreadcrumbList\",\"@id\":\"https:\\\/\\\/www.tressis.com\\\/ca\\\/blog\\\/las-dudas-se-apoderan-del-mercado\\\/#breadcrumb\",\"itemListElement\":[{\"@type\":\"ListItem\",\"position\":1,\"name\":\"Inicio\",\"item\":\"https:\\\/\\\/www.tressis.com\\\/ca\\\/\"},{\"@type\":\"ListItem\",\"position\":2,\"name\":\"Morning meeting\",\"item\":\"https:\\\/\\\/www.tressis.com\\\/ca\\\/blog\\\/categorias\\\/morning-meeting-ca\\\/\"},{\"@type\":\"ListItem\",\"position\":3,\"name\":\"Las dudas se apoderan del mercado\"}]},{\"@type\":\"WebSite\",\"@id\":\"https:\\\/\\\/www.tressis.com\\\/ca\\\/#website\",\"url\":\"https:\\\/\\\/www.tressis.com\\\/ca\\\/\",\"name\":\"Tressis banca privada\",\"description\":\"Tressis | Planificaci\u00f3n financiera y gesti\u00f3n de patrimonios\",\"publisher\":{\"@id\":\"https:\\\/\\\/www.tressis.com\\\/ca\\\/#organization\"},\"potentialAction\":[{\"@type\":\"SearchAction\",\"target\":{\"@type\":\"EntryPoint\",\"urlTemplate\":\"https:\\\/\\\/www.tressis.com\\\/ca\\\/?s={search_term_string}\"},\"query-input\":{\"@type\":\"PropertyValueSpecification\",\"valueRequired\":true,\"valueName\":\"search_term_string\"}}],\"inLanguage\":\"ca\"},{\"@type\":\"Organization\",\"@id\":\"https:\\\/\\\/www.tressis.com\\\/ca\\\/#organization\",\"name\":\"Tressis\",\"url\":\"https:\\\/\\\/www.tressis.com\\\/ca\\\/\",\"logo\":{\"@type\":\"ImageObject\",\"inLanguage\":\"ca\",\"@id\":\"https:\\\/\\\/www.tressis.com\\\/ca\\\/#\\\/schema\\\/logo\\\/image\\\/\",\"url\":\"https:\\\/\\\/www.tressis.com\\\/wp-content\\\/uploads\\\/2025\\\/06\\\/logo-tressis-112.png\",\"contentUrl\":\"https:\\\/\\\/www.tressis.com\\\/wp-content\\\/uploads\\\/2025\\\/06\\\/logo-tressis-112.png\",\"width\":112,\"height\":112,\"caption\":\"Tressis\"},\"image\":{\"@id\":\"https:\\\/\\\/www.tressis.com\\\/ca\\\/#\\\/schema\\\/logo\\\/image\\\/\"},\"sameAs\":[\"https:\\\/\\\/www.facebook.com\\\/Tressis\\\/\",\"https:\\\/\\\/x.com\\\/TressisSV\",\"https:\\\/\\\/www.instagram.com\\\/tressissv\\\/?hl=es\",\"https:\\\/\\\/linkedin.com\\\/company\\\/tressis\\\/\",\"https:\\\/\\\/www.youtube.com\\\/user\\\/tressissv\",\"https:\\\/\\\/open.spotify.com\\\/show\\\/3jmTe1Nf0wqMILl7diWV6h?si=d7112519f13c4593&nd=1\"]},{\"@type\":\"Person\",\"@id\":\"https:\\\/\\\/www.tressis.com\\\/ca\\\/#\\\/schema\\\/person\\\/56d3b4de0493f088a4ca62a2e0c790ae\",\"name\":\"Armando\",\"image\":{\"@type\":\"ImageObject\",\"inLanguage\":\"ca\",\"@id\":\"https:\\\/\\\/secure.gravatar.com\\\/avatar\\\/6d7efca74644be7dae792b122beab663996c233ae58f101b52769ece1cbf1435?s=96&d=mm&r=g\",\"url\":\"https:\\\/\\\/secure.gravatar.com\\\/avatar\\\/6d7efca74644be7dae792b122beab663996c233ae58f101b52769ece1cbf1435?s=96&d=mm&r=g\",\"contentUrl\":\"https:\\\/\\\/secure.gravatar.com\\\/avatar\\\/6d7efca74644be7dae792b122beab663996c233ae58f101b52769ece1cbf1435?s=96&d=mm&r=g\",\"caption\":\"Armando\"}}]}<\/script>\n<!-- \/ Yoast SEO plugin. -->","yoast_head_json":{"title":"Las dudas se apoderan del mercado","description":"El \u00e1nimo los inversores se resientes ante las tensiones en Oriente Medio y la resistencia de los datos de la inflaci\u00f3n.","robots":{"index":"index","follow":"follow","max-snippet":"max-snippet:-1","max-image-preview":"max-image-preview:large","max-video-preview":"max-video-preview:-1"},"canonical":"https:\/\/www.tressis.com\/ca\/blog\/las-dudas-se-apoderan-del-mercado\/","og_locale":"ca_ES","og_type":"article","og_title":"Las dudas se apoderan del mercado","og_description":"El \u00e1nimo los inversores se resientes ante las tensiones en Oriente Medio y la resistencia de los datos de la inflaci\u00f3n.","og_url":"https:\/\/www.tressis.com\/ca\/blog\/las-dudas-se-apoderan-del-mercado\/","og_site_name":"Tressis","article_publisher":"https:\/\/www.facebook.com\/Tressis\/","article_published_time":"2024-04-18T07:51:46+00:00","article_modified_time":"2024-04-18T09:32:01+00:00","og_image":[{"width":1100,"height":487,"url":"https:\/\/www.tressis.com\/wp-content\/uploads\/2024\/04\/las-dudas-se-apoderan-del-mercado.webp","type":"image\/webp"}],"author":"Armando","twitter_card":"summary_large_image","twitter_creator":"@TressisSV","twitter_site":"@TressisSV","twitter_misc":{"Escrit per":"Armando","Temps estimat de lectura":"3 minuts"},"schema":{"@context":"https:\/\/schema.org","@graph":[{"@type":"Article","@id":"https:\/\/www.tressis.com\/ca\/blog\/las-dudas-se-apoderan-del-mercado\/#article","isPartOf":{"@id":"https:\/\/www.tressis.com\/ca\/blog\/las-dudas-se-apoderan-del-mercado\/"},"author":{"name":"Armando","@id":"https:\/\/www.tressis.com\/ca\/#\/schema\/person\/56d3b4de0493f088a4ca62a2e0c790ae"},"headline":"Las dudas se apoderan del mercado","datePublished":"2024-04-18T07:51:46+00:00","dateModified":"2024-04-18T09:32:01+00:00","mainEntityOfPage":{"@id":"https:\/\/www.tressis.com\/ca\/blog\/las-dudas-se-apoderan-del-mercado\/"},"wordCount":514,"publisher":{"@id":"https:\/\/www.tressis.com\/ca\/#organization"},"image":{"@id":"https:\/\/www.tressis.com\/ca\/blog\/las-dudas-se-apoderan-del-mercado\/#primaryimage"},"thumbnailUrl":"https:\/\/www.tressis.com\/wp-content\/uploads\/2024\/04\/las-dudas-se-apoderan-del-mercado.webp","keywords":["ASML Holding","el Ibex 35 hoy","fed","Jap\u00f3n","LVMH","tensiones Oriente Medio"],"articleSection":["Morning meeting"],"inLanguage":"ca"},{"@type":"WebPage","@id":"https:\/\/www.tressis.com\/ca\/blog\/las-dudas-se-apoderan-del-mercado\/","url":"https:\/\/www.tressis.com\/ca\/blog\/las-dudas-se-apoderan-del-mercado\/","name":"Las dudas se apoderan del mercado","isPartOf":{"@id":"https:\/\/www.tressis.com\/ca\/#website"},"primaryImageOfPage":{"@id":"https:\/\/www.tressis.com\/ca\/blog\/las-dudas-se-apoderan-del-mercado\/#primaryimage"},"image":{"@id":"https:\/\/www.tressis.com\/ca\/blog\/las-dudas-se-apoderan-del-mercado\/#primaryimage"},"thumbnailUrl":"https:\/\/www.tressis.com\/wp-content\/uploads\/2024\/04\/las-dudas-se-apoderan-del-mercado.webp","datePublished":"2024-04-18T07:51:46+00:00","dateModified":"2024-04-18T09:32:01+00:00","description":"El \u00e1nimo los inversores se resientes ante las tensiones en Oriente Medio y la resistencia de los datos de la inflaci\u00f3n.","breadcrumb":{"@id":"https:\/\/www.tressis.com\/ca\/blog\/las-dudas-se-apoderan-del-mercado\/#breadcrumb"},"inLanguage":"ca","potentialAction":[{"@type":"ReadAction","target":["https:\/\/www.tressis.com\/ca\/blog\/las-dudas-se-apoderan-del-mercado\/"]}]},{"@type":"ImageObject","inLanguage":"ca","@id":"https:\/\/www.tressis.com\/ca\/blog\/las-dudas-se-apoderan-del-mercado\/#primaryimage","url":"https:\/\/www.tressis.com\/wp-content\/uploads\/2024\/04\/las-dudas-se-apoderan-del-mercado.webp","contentUrl":"https:\/\/www.tressis.com\/wp-content\/uploads\/2024\/04\/las-dudas-se-apoderan-del-mercado.webp","width":1100,"height":487,"caption":"Las dudas se apoderan del mercado"},{"@type":"BreadcrumbList","@id":"https:\/\/www.tressis.com\/ca\/blog\/las-dudas-se-apoderan-del-mercado\/#breadcrumb","itemListElement":[{"@type":"ListItem","position":1,"name":"Inicio","item":"https:\/\/www.tressis.com\/ca\/"},{"@type":"ListItem","position":2,"name":"Morning meeting","item":"https:\/\/www.tressis.com\/ca\/blog\/categorias\/morning-meeting-ca\/"},{"@type":"ListItem","position":3,"name":"Las dudas se apoderan del mercado"}]},{"@type":"WebSite","@id":"https:\/\/www.tressis.com\/ca\/#website","url":"https:\/\/www.tressis.com\/ca\/","name":"Tressis banca privada","description":"Tressis | Planificaci\u00f3n financiera y gesti\u00f3n de patrimonios","publisher":{"@id":"https:\/\/www.tressis.com\/ca\/#organization"},"potentialAction":[{"@type":"SearchAction","target":{"@type":"EntryPoint","urlTemplate":"https:\/\/www.tressis.com\/ca\/?s={search_term_string}"},"query-input":{"@type":"PropertyValueSpecification","valueRequired":true,"valueName":"search_term_string"}}],"inLanguage":"ca"},{"@type":"Organization","@id":"https:\/\/www.tressis.com\/ca\/#organization","name":"Tressis","url":"https:\/\/www.tressis.com\/ca\/","logo":{"@type":"ImageObject","inLanguage":"ca","@id":"https:\/\/www.tressis.com\/ca\/#\/schema\/logo\/image\/","url":"https:\/\/www.tressis.com\/wp-content\/uploads\/2025\/06\/logo-tressis-112.png","contentUrl":"https:\/\/www.tressis.com\/wp-content\/uploads\/2025\/06\/logo-tressis-112.png","width":112,"height":112,"caption":"Tressis"},"image":{"@id":"https:\/\/www.tressis.com\/ca\/#\/schema\/logo\/image\/"},"sameAs":["https:\/\/www.facebook.com\/Tressis\/","https:\/\/x.com\/TressisSV","https:\/\/www.instagram.com\/tressissv\/?hl=es","https:\/\/linkedin.com\/company\/tressis\/","https:\/\/www.youtube.com\/user\/tressissv","https:\/\/open.spotify.com\/show\/3jmTe1Nf0wqMILl7diWV6h?si=d7112519f13c4593&nd=1"]},{"@type":"Person","@id":"https:\/\/www.tressis.com\/ca\/#\/schema\/person\/56d3b4de0493f088a4ca62a2e0c790ae","name":"Armando","image":{"@type":"ImageObject","inLanguage":"ca","@id":"https:\/\/secure.gravatar.com\/avatar\/6d7efca74644be7dae792b122beab663996c233ae58f101b52769ece1cbf1435?s=96&d=mm&r=g","url":"https:\/\/secure.gravatar.com\/avatar\/6d7efca74644be7dae792b122beab663996c233ae58f101b52769ece1cbf1435?s=96&d=mm&r=g","contentUrl":"https:\/\/secure.gravatar.com\/avatar\/6d7efca74644be7dae792b122beab663996c233ae58f101b52769ece1cbf1435?s=96&d=mm&r=g","caption":"Armando"}}]}},"_links":{"self":[{"href":"https:\/\/www.tressis.com\/ca\/wp-json\/wp\/v2\/posts\/80505","targetHints":{"allow":["GET"]}}],"collection":[{"href":"https:\/\/www.tressis.com\/ca\/wp-json\/wp\/v2\/posts"}],"about":[{"href":"https:\/\/www.tressis.com\/ca\/wp-json\/wp\/v2\/types\/post"}],"author":[{"embeddable":true,"href":"https:\/\/www.tressis.com\/ca\/wp-json\/wp\/v2\/users\/9"}],"replies":[{"embeddable":true,"href":"https:\/\/www.tressis.com\/ca\/wp-json\/wp\/v2\/comments?post=80505"}],"version-history":[{"count":0,"href":"https:\/\/www.tressis.com\/ca\/wp-json\/wp\/v2\/posts\/80505\/revisions"}],"wp:featuredmedia":[{"embeddable":true,"href":"https:\/\/www.tressis.com\/ca\/wp-json\/wp\/v2\/media\/80511"}],"wp:attachment":[{"href":"https:\/\/www.tressis.com\/ca\/wp-json\/wp\/v2\/media?parent=80505"}],"wp:term":[{"taxonomy":"category","embeddable":true,"href":"https:\/\/www.tressis.com\/ca\/wp-json\/wp\/v2\/categories?post=80505"},{"taxonomy":"post_tag","embeddable":true,"href":"https:\/\/www.tressis.com\/ca\/wp-json\/wp\/v2\/tags?post=80505"}],"curies":[{"name":"wp","href":"https:\/\/api.w.org\/{rel}","templated":true}]}}