{"id":80192,"date":"2024-04-10T09:37:14","date_gmt":"2024-04-10T07:37:14","guid":{"rendered":"https:\/\/www.tressis.com\/?p=80192"},"modified":"2024-04-10T11:53:56","modified_gmt":"2024-04-10T09:53:56","slug":"inflacion-americana-marcara-rumbo-de-los-mercados","status":"publish","type":"post","link":"https:\/\/www.tressis.com\/ca\/blog\/inflacion-americana-marcara-rumbo-de-los-mercados\/","title":{"rendered":"La inflaci\u00f3n americana marcar\u00e1 el rumbo de los mercados"},"content":{"rendered":"<p>Las bolsas europeas se ti\u00f1eron de rojo. En Europa destaca la ca\u00edda del DAX alem\u00e1n, que cedi\u00f3 1,32%, el Ibex retroced\u00eda un 0,88%, el Eurostoxx y el CAC franc\u00e9s se dejaban un 1,09% y 0,86% respectivamente. En cuanto a Wall Street, el comportamiento fue mixto: el Nasdaq sub\u00eda un 0,32%, el S&amp;P 500 un 0,14%, mientras que el Dow Jones se dejaba 0,02%.<\/p>\n<p>&nbsp;<\/p>\n<p><center><strong>Informe de abril<\/strong><\/center><center><a href=\"https:\/\/www.tressis.com\/landing\/campana\/tressis-vision\/index.html?utm_campaign=descarga_paper&amp;utm_medium=blog_MMV&amp;utm_source=tressisvision\" target=\"_blank\" rel=\"noopener\"><img fetchpriority=\"high\" decoding=\"async\" class=\"aligncenter wp-image-67199 size-full\" src=\"https:\/\/www.tressis.com\/wp-content\/uploads\/2023\/03\/CTA-Tressis-vision-para-articulos-blog.jpg\" alt=\"Informe mensual - Tressis visi\u00f3n\" width=\"800\" height=\"354\" srcset=\"https:\/\/www.tressis.com\/wp-content\/uploads\/2023\/03\/CTA-Tressis-vision-para-articulos-blog.jpg 800w, https:\/\/www.tressis.com\/wp-content\/uploads\/2023\/03\/CTA-Tressis-vision-para-articulos-blog-300x133.jpg 300w, https:\/\/www.tressis.com\/wp-content\/uploads\/2023\/03\/CTA-Tressis-vision-para-articulos-blog-768x340.jpg 768w\" sizes=\"(max-width: 800px) 100vw, 800px\" \/><\/a><\/center>&nbsp;<\/p>\n<h2>Tipos de inter\u00e9s<\/h2>\n<p>&nbsp;<\/p>\n<p>Los bonos se toman un respiro. Las rentabilidades disminuyen mientras el mercado mantiene en el 50% la probabilidad de un primer recorte en junio en Estados Unidos. Sin embargo, en Europa la probabilidad de una bajada de tipos en junio es del 80%. Se ha disipado la expectativa de tres recortes de tipos de inter\u00e9s de un cuarto de punto por parte de la Reserva Federal.<\/p>\n<p>Ahora el mercado descuenta solo dos reducciones este a\u00f1o, y as\u00ed lo reflejan los contratos de <i>swap<\/i>, que sugieren alrededor de 60 puntos b\u00e1sicos de relajaci\u00f3n monetaria en EE.UU. para este a\u00f1o. Esto indica que dos recortes son el resultado m\u00e1s probable, con el primero esperado para septiembre. Se empieza a ver un horizonte de <a href=\"https:\/\/www.tressis.com\/blog\/tiempo-de-consolidacion-oportunidad-de-inversion\/\" target=\"_blank\" rel=\"noopener\">tipos altos durante m\u00e1s tiempo<\/a>.<\/p>\n<p>&nbsp;<\/p>\n<table id=\"\">\n<thead class=\"\">\n<tr>\n<th class=\"\"><\/th>\n<th>Rentabilidad dos a\u00f1os<\/th>\n<th>Cambio diario dos a\u00f1os<\/th>\n<th>Rentabilidad diez a\u00f1os<\/th>\n<th>Cambio diario diez a\u00f1os<\/th>\n<\/tr>\n<\/thead>\n<tbody class=\"\">\n<tr>\n<td>Alemania<\/td>\n<td>2,883%<\/td>\n<td>-3,7 pb<\/td>\n<td>2,369%<\/td>\n<td>-6,4 pb<\/td>\n<\/tr>\n<tr>\n<td>Francia<\/td>\n<td>2,87%<\/td>\n<td>-2,9 pb<\/td>\n<td>2,858%<\/td>\n<td>-6,3 pb<\/td>\n<\/tr>\n<tr>\n<td>Espa\u00f1a<\/td>\n<td>3,032%<\/td>\n<td>-2,9 pb<\/td>\n<td>3,179%<\/td>\n<td>-6,8 pb<\/td>\n<\/tr>\n<tr>\n<td>Estados Unidos<\/td>\n<td>4,744%<\/td>\n<td>-4,7 pb<\/td>\n<td>4,367%<\/td>\n<td>-5,5 pb<\/td>\n<\/tr>\n<\/tbody>\n<\/table>\n<p>&nbsp;<\/p>\n<p>El Tesoro P\u00fablico coloc\u00f3 ayer letras a seis y doce meses. La demanda de este tipo de activos de renta fija sigue siendo muy alta entre los inversores particulares, que en enero acumulaban una inversi\u00f3n de 24.664 millones de euros, casi 21.000 millones m\u00e1s que hace un a\u00f1o. El Tesoro recibi\u00f3 ofertas de 3.412 millones (seis meses) y de 6.915 (doce meses). En la letra subastada a m\u00e1s corto plazo se adjudicaron 1.310 millones, mientras que en la letra a doce se colocaron 3.921 millones. Ambas letras a un tipo m\u00e1s bajo. El Tesoro volver\u00e1 a los mercados de deuda el pr\u00f3ximo 16 de abril, con una emisi\u00f3n de letras a tres y nueve meses y otra el d\u00eda 18 de bonos y obligaciones del Estado, a un tipo inferior.<\/p>\n<p>&nbsp;<\/p>\n<p>En cuanto a las materias primas, <a href=\"https:\/\/okdiario.com\/economia\/escalada-del-petroleo-refuerza-ala-dura-del-bce-mantener-congelados-tipos-interes-12647547\" target=\"_blank\" rel=\"noopener\">el petr\u00f3leo contin\u00faa con la correcci\u00f3n<\/a> que comenzaba el d\u00eda anterior: el crudo Brent cotiza en 89 d\u00f3lares\/barril y el de tipo West Texas en torno a los 85 d\u00f3lares\/barril; en lo que va de a\u00f1o registran subidas cercanas al 16% y 19% respectivamente.<\/p>\n<p>&nbsp;<\/p>\n<h2>La inflaci\u00f3n americana<\/h2>\n<p>&nbsp;<\/p>\n<p>En macroeconom\u00eda ayer fue un d\u00eda de escasa informaci\u00f3n. Destacamos el indicador NFIB de optimismo de peque\u00f1as compa\u00f1\u00edas en Estados Unidos, que sali\u00f3 88,5 por debajo de lo esperado 89,9. Hoy conoceremos uno de los datos relevantes de esta semana: se publica la inflaci\u00f3n americana de marzo, la cual podr\u00eda repuntar del 3,2% al 3,4%, con la subyacente moder\u00e1ndose una d\u00e9cima al 3.7, aunque superando el objetivo del 2% de la Fed. Tambi\u00e9n se publica el acta de la reuni\u00f3n anterior de la Reserva Federal.<\/p>\n<p>&nbsp;<\/p>\n<h2>Reuni\u00f3n del BCE<\/h2>\n<p>La otra cita importante de la semana tendr\u00e1 lugar ma\u00f1ana, cuando el BCE celebra su reuni\u00f3n mensual de pol\u00edtica monetaria, en la que no se esperan cambios. El foco se centrar\u00e1 en la rueda de prensa de Christine Lagarde, en donde la presidenta puede preparar el camino para la primera bajada de junio o, por el contrario, no dar pistas sobre las decisiones futuras a tomar, a la espera de revisar las previsiones macro en junio.<\/p>\n<p>&nbsp;<\/p>\n<p>Son importantes las esperanzadoras cifras macro que han salido en los \u00faltimos d\u00edas: el \u00edndice Sentix de confianza del consumidor de la eurozona aument\u00f3 por sexto mes consecutivo en abril, su mayor nivel en dos a\u00f1os, a niveles de -5,9 aunque sigue en terreno negativo.<\/p>\n<p>&nbsp;<\/p>\n<p>En Alemania la producci\u00f3n manufacturera subi\u00f3 un 2,1% en febrero, lo que hace prever que la econom\u00eda alemana empieza a dar signos de recuperaci\u00f3n. Estos buenos datos hacen pensar que la bajada de tipos a corto plazo no est\u00e1 garantizada.<\/p>\n<p>&nbsp;<\/p>\n<p>Buen mi\u00e9rcoles.<\/p>\n<p>&nbsp;<\/p>\n<p><center><strong>J\u00e9ssica Steuer Barbosa<\/strong><br \/>\nAnalista<\/center><\/p>\n","protected":false},"excerpt":{"rendered":"<p>Las bolsas europeas se ti\u00f1eron de rojo. En Europa destaca la ca\u00edda del DAX alem\u00e1n, que cedi\u00f3 1,32%, el Ibex retroced\u00eda un 0,88%, el Eurostoxx y el CAC franc\u00e9s se dejaban un 1,09% y 0,86% respectivamente. En cuanto a Wall Street, el comportamiento fue mixto: el Nasdaq sub\u00eda un 0,32%, el S&amp;P 500 un 0,14%, [&hellip;]<\/p>\n","protected":false},"author":4,"featured_media":80194,"comment_status":"closed","ping_status":"open","sticky":false,"template":"","format":"standard","meta":{"_acf_changed":false,"footnotes":""},"categories":[9721],"tags":[9560,3459,4845,9559,5841,6557,6617],"class_list":["post-80192","post","type-post","status-publish","format-standard","has-post-thumbnail","hentry","category-morning-meeting","tag-dow-jones-bajada","tag-inflacion-americana","tag-petroleo","tag-reserva-fedeal","tag-reunion-bce","tag-tesoro-publico","tag-tipos-de-interes"],"acf":[],"yoast_head":"<!-- This site is optimized with the Yoast SEO plugin v27.5 - https:\/\/yoast.com\/product\/yoast-seo-wordpress\/ -->\n<title>La inflaci\u00f3n americana marcar\u00e1 el rumbo de los mercados<\/title>\n<meta name=\"description\" content=\"Hoy conoceremos uno de los datos relevantes de esta semana: se publica el dato de inflaci\u00f3n americana. \u00bfSe moderar\u00e1?\" \/>\n<meta name=\"robots\" content=\"index, follow, max-snippet:-1, max-image-preview:large, max-video-preview:-1\" \/>\n<link rel=\"canonical\" href=\"https:\/\/www.tressis.com\/ca\/blog\/inflacion-americana-marcara-rumbo-de-los-mercados\/\" \/>\n<meta property=\"og:locale\" content=\"ca_ES\" \/>\n<meta property=\"og:type\" content=\"article\" \/>\n<meta property=\"og:title\" content=\"La inflaci\u00f3n americana marcar\u00e1 el rumbo de los mercados\" \/>\n<meta property=\"og:description\" content=\"Hoy conoceremos uno de los datos relevantes de esta semana: se publica el dato de inflaci\u00f3n americana. \u00bfSe moderar\u00e1?\" \/>\n<meta property=\"og:url\" content=\"https:\/\/www.tressis.com\/ca\/blog\/inflacion-americana-marcara-rumbo-de-los-mercados\/\" \/>\n<meta property=\"og:site_name\" content=\"Tressis\" \/>\n<meta property=\"article:publisher\" content=\"https:\/\/www.facebook.com\/Tressis\/\" \/>\n<meta property=\"article:published_time\" content=\"2024-04-10T07:37:14+00:00\" \/>\n<meta property=\"article:modified_time\" content=\"2024-04-10T09:53:56+00:00\" \/>\n<meta property=\"og:image\" content=\"https:\/\/www.tressis.com\/wp-content\/uploads\/2024\/04\/inflacion-americana-marcara-rumbo-mercados.webp\" \/>\n\t<meta property=\"og:image:width\" content=\"1100\" \/>\n\t<meta property=\"og:image:height\" content=\"487\" \/>\n\t<meta property=\"og:image:type\" content=\"image\/webp\" \/>\n<meta name=\"author\" content=\"Lola\" \/>\n<meta name=\"twitter:card\" content=\"summary_large_image\" \/>\n<meta name=\"twitter:creator\" content=\"@TressisSV\" \/>\n<meta name=\"twitter:site\" content=\"@TressisSV\" \/>\n<meta name=\"twitter:label1\" content=\"Escrit per\" \/>\n\t<meta name=\"twitter:data1\" content=\"Lola\" \/>\n\t<meta name=\"twitter:label2\" content=\"Temps estimat de lectura\" \/>\n\t<meta name=\"twitter:data2\" content=\"4 minuts\" \/>\n<script type=\"application\/ld+json\" class=\"yoast-schema-graph\">{\"@context\":\"https:\\\/\\\/schema.org\",\"@graph\":[{\"@type\":\"Article\",\"@id\":\"https:\\\/\\\/www.tressis.com\\\/ca\\\/blog\\\/inflacion-americana-marcara-rumbo-de-los-mercados\\\/#article\",\"isPartOf\":{\"@id\":\"https:\\\/\\\/www.tressis.com\\\/ca\\\/blog\\\/inflacion-americana-marcara-rumbo-de-los-mercados\\\/\"},\"author\":{\"name\":\"Lola\",\"@id\":\"https:\\\/\\\/www.tressis.com\\\/ca\\\/#\\\/schema\\\/person\\\/b833c1d724d8764920b6d6852c70584e\"},\"headline\":\"La inflaci\u00f3n americana marcar\u00e1 el rumbo de los mercados\",\"datePublished\":\"2024-04-10T07:37:14+00:00\",\"dateModified\":\"2024-04-10T09:53:56+00:00\",\"mainEntityOfPage\":{\"@id\":\"https:\\\/\\\/www.tressis.com\\\/ca\\\/blog\\\/inflacion-americana-marcara-rumbo-de-los-mercados\\\/\"},\"wordCount\":724,\"publisher\":{\"@id\":\"https:\\\/\\\/www.tressis.com\\\/ca\\\/#organization\"},\"image\":{\"@id\":\"https:\\\/\\\/www.tressis.com\\\/ca\\\/blog\\\/inflacion-americana-marcara-rumbo-de-los-mercados\\\/#primaryimage\"},\"thumbnailUrl\":\"https:\\\/\\\/www.tressis.com\\\/wp-content\\\/uploads\\\/2024\\\/04\\\/inflacion-americana-marcara-rumbo-mercados.webp\",\"keywords\":[\"dow jones bajada\",\"inflaci\u00f3n americana\",\"petr\u00f3leo\",\"Reserva Fedeal\",\"reuni\u00f3n BCE\",\"tesoro p\u00fablico\",\"tipos de inter\u00e9s\"],\"articleSection\":[\"Morning meeting\"],\"inLanguage\":\"ca\"},{\"@type\":\"WebPage\",\"@id\":\"https:\\\/\\\/www.tressis.com\\\/ca\\\/blog\\\/inflacion-americana-marcara-rumbo-de-los-mercados\\\/\",\"url\":\"https:\\\/\\\/www.tressis.com\\\/ca\\\/blog\\\/inflacion-americana-marcara-rumbo-de-los-mercados\\\/\",\"name\":\"La inflaci\u00f3n americana marcar\u00e1 el rumbo de los mercados\",\"isPartOf\":{\"@id\":\"https:\\\/\\\/www.tressis.com\\\/ca\\\/#website\"},\"primaryImageOfPage\":{\"@id\":\"https:\\\/\\\/www.tressis.com\\\/ca\\\/blog\\\/inflacion-americana-marcara-rumbo-de-los-mercados\\\/#primaryimage\"},\"image\":{\"@id\":\"https:\\\/\\\/www.tressis.com\\\/ca\\\/blog\\\/inflacion-americana-marcara-rumbo-de-los-mercados\\\/#primaryimage\"},\"thumbnailUrl\":\"https:\\\/\\\/www.tressis.com\\\/wp-content\\\/uploads\\\/2024\\\/04\\\/inflacion-americana-marcara-rumbo-mercados.webp\",\"datePublished\":\"2024-04-10T07:37:14+00:00\",\"dateModified\":\"2024-04-10T09:53:56+00:00\",\"description\":\"Hoy conoceremos uno de los datos relevantes de esta semana: se publica el dato de inflaci\u00f3n americana. \u00bfSe moderar\u00e1?\",\"breadcrumb\":{\"@id\":\"https:\\\/\\\/www.tressis.com\\\/ca\\\/blog\\\/inflacion-americana-marcara-rumbo-de-los-mercados\\\/#breadcrumb\"},\"inLanguage\":\"ca\",\"potentialAction\":[{\"@type\":\"ReadAction\",\"target\":[\"https:\\\/\\\/www.tressis.com\\\/ca\\\/blog\\\/inflacion-americana-marcara-rumbo-de-los-mercados\\\/\"]}]},{\"@type\":\"ImageObject\",\"inLanguage\":\"ca\",\"@id\":\"https:\\\/\\\/www.tressis.com\\\/ca\\\/blog\\\/inflacion-americana-marcara-rumbo-de-los-mercados\\\/#primaryimage\",\"url\":\"https:\\\/\\\/www.tressis.com\\\/wp-content\\\/uploads\\\/2024\\\/04\\\/inflacion-americana-marcara-rumbo-mercados.webp\",\"contentUrl\":\"https:\\\/\\\/www.tressis.com\\\/wp-content\\\/uploads\\\/2024\\\/04\\\/inflacion-americana-marcara-rumbo-mercados.webp\",\"width\":1100,\"height\":487,\"caption\":\"La inflaci\u00f3n americana marcar\u00e1 el rumbo de los mercados\"},{\"@type\":\"BreadcrumbList\",\"@id\":\"https:\\\/\\\/www.tressis.com\\\/ca\\\/blog\\\/inflacion-americana-marcara-rumbo-de-los-mercados\\\/#breadcrumb\",\"itemListElement\":[{\"@type\":\"ListItem\",\"position\":1,\"name\":\"Inicio\",\"item\":\"https:\\\/\\\/www.tressis.com\\\/ca\\\/\"},{\"@type\":\"ListItem\",\"position\":2,\"name\":\"Morning meeting\",\"item\":\"https:\\\/\\\/www.tressis.com\\\/ca\\\/blog\\\/categorias\\\/morning-meeting-ca\\\/\"},{\"@type\":\"ListItem\",\"position\":3,\"name\":\"La inflaci\u00f3n americana marcar\u00e1 el rumbo de los mercados\"}]},{\"@type\":\"WebSite\",\"@id\":\"https:\\\/\\\/www.tressis.com\\\/ca\\\/#website\",\"url\":\"https:\\\/\\\/www.tressis.com\\\/ca\\\/\",\"name\":\"Tressis banca privada\",\"description\":\"Tressis | Planificaci\u00f3n financiera y gesti\u00f3n de patrimonios\",\"publisher\":{\"@id\":\"https:\\\/\\\/www.tressis.com\\\/ca\\\/#organization\"},\"potentialAction\":[{\"@type\":\"SearchAction\",\"target\":{\"@type\":\"EntryPoint\",\"urlTemplate\":\"https:\\\/\\\/www.tressis.com\\\/ca\\\/?s={search_term_string}\"},\"query-input\":{\"@type\":\"PropertyValueSpecification\",\"valueRequired\":true,\"valueName\":\"search_term_string\"}}],\"inLanguage\":\"ca\"},{\"@type\":\"Organization\",\"@id\":\"https:\\\/\\\/www.tressis.com\\\/ca\\\/#organization\",\"name\":\"Tressis\",\"url\":\"https:\\\/\\\/www.tressis.com\\\/ca\\\/\",\"logo\":{\"@type\":\"ImageObject\",\"inLanguage\":\"ca\",\"@id\":\"https:\\\/\\\/www.tressis.com\\\/ca\\\/#\\\/schema\\\/logo\\\/image\\\/\",\"url\":\"https:\\\/\\\/www.tressis.com\\\/wp-content\\\/uploads\\\/2025\\\/06\\\/logo-tressis-112.png\",\"contentUrl\":\"https:\\\/\\\/www.tressis.com\\\/wp-content\\\/uploads\\\/2025\\\/06\\\/logo-tressis-112.png\",\"width\":112,\"height\":112,\"caption\":\"Tressis\"},\"image\":{\"@id\":\"https:\\\/\\\/www.tressis.com\\\/ca\\\/#\\\/schema\\\/logo\\\/image\\\/\"},\"sameAs\":[\"https:\\\/\\\/www.facebook.com\\\/Tressis\\\/\",\"https:\\\/\\\/x.com\\\/TressisSV\",\"https:\\\/\\\/www.instagram.com\\\/tressissv\\\/?hl=es\",\"https:\\\/\\\/linkedin.com\\\/company\\\/tressis\\\/\",\"https:\\\/\\\/www.youtube.com\\\/user\\\/tressissv\",\"https:\\\/\\\/open.spotify.com\\\/show\\\/3jmTe1Nf0wqMILl7diWV6h?si=d7112519f13c4593&nd=1\"]},{\"@type\":\"Person\",\"@id\":\"https:\\\/\\\/www.tressis.com\\\/ca\\\/#\\\/schema\\\/person\\\/b833c1d724d8764920b6d6852c70584e\",\"name\":\"Lola\",\"image\":{\"@type\":\"ImageObject\",\"inLanguage\":\"ca\",\"@id\":\"https:\\\/\\\/secure.gravatar.com\\\/avatar\\\/05e646486b23ff45df9649110609c7e31b8c4a3e2821caa23d6317f405e0c51d?s=96&d=mm&r=g\",\"url\":\"https:\\\/\\\/secure.gravatar.com\\\/avatar\\\/05e646486b23ff45df9649110609c7e31b8c4a3e2821caa23d6317f405e0c51d?s=96&d=mm&r=g\",\"contentUrl\":\"https:\\\/\\\/secure.gravatar.com\\\/avatar\\\/05e646486b23ff45df9649110609c7e31b8c4a3e2821caa23d6317f405e0c51d?s=96&d=mm&r=g\",\"caption\":\"Lola\"}}]}<\/script>\n<!-- \/ Yoast SEO plugin. -->","yoast_head_json":{"title":"La inflaci\u00f3n americana marcar\u00e1 el rumbo de los mercados","description":"Hoy conoceremos uno de los datos relevantes de esta semana: se publica el dato de inflaci\u00f3n americana. \u00bfSe moderar\u00e1?","robots":{"index":"index","follow":"follow","max-snippet":"max-snippet:-1","max-image-preview":"max-image-preview:large","max-video-preview":"max-video-preview:-1"},"canonical":"https:\/\/www.tressis.com\/ca\/blog\/inflacion-americana-marcara-rumbo-de-los-mercados\/","og_locale":"ca_ES","og_type":"article","og_title":"La inflaci\u00f3n americana marcar\u00e1 el rumbo de los mercados","og_description":"Hoy conoceremos uno de los datos relevantes de esta semana: se publica el dato de inflaci\u00f3n americana. \u00bfSe moderar\u00e1?","og_url":"https:\/\/www.tressis.com\/ca\/blog\/inflacion-americana-marcara-rumbo-de-los-mercados\/","og_site_name":"Tressis","article_publisher":"https:\/\/www.facebook.com\/Tressis\/","article_published_time":"2024-04-10T07:37:14+00:00","article_modified_time":"2024-04-10T09:53:56+00:00","og_image":[{"width":1100,"height":487,"url":"https:\/\/www.tressis.com\/wp-content\/uploads\/2024\/04\/inflacion-americana-marcara-rumbo-mercados.webp","type":"image\/webp"}],"author":"Lola","twitter_card":"summary_large_image","twitter_creator":"@TressisSV","twitter_site":"@TressisSV","twitter_misc":{"Escrit per":"Lola","Temps estimat de lectura":"4 minuts"},"schema":{"@context":"https:\/\/schema.org","@graph":[{"@type":"Article","@id":"https:\/\/www.tressis.com\/ca\/blog\/inflacion-americana-marcara-rumbo-de-los-mercados\/#article","isPartOf":{"@id":"https:\/\/www.tressis.com\/ca\/blog\/inflacion-americana-marcara-rumbo-de-los-mercados\/"},"author":{"name":"Lola","@id":"https:\/\/www.tressis.com\/ca\/#\/schema\/person\/b833c1d724d8764920b6d6852c70584e"},"headline":"La inflaci\u00f3n americana marcar\u00e1 el rumbo de los mercados","datePublished":"2024-04-10T07:37:14+00:00","dateModified":"2024-04-10T09:53:56+00:00","mainEntityOfPage":{"@id":"https:\/\/www.tressis.com\/ca\/blog\/inflacion-americana-marcara-rumbo-de-los-mercados\/"},"wordCount":724,"publisher":{"@id":"https:\/\/www.tressis.com\/ca\/#organization"},"image":{"@id":"https:\/\/www.tressis.com\/ca\/blog\/inflacion-americana-marcara-rumbo-de-los-mercados\/#primaryimage"},"thumbnailUrl":"https:\/\/www.tressis.com\/wp-content\/uploads\/2024\/04\/inflacion-americana-marcara-rumbo-mercados.webp","keywords":["dow jones bajada","inflaci\u00f3n americana","petr\u00f3leo","Reserva Fedeal","reuni\u00f3n BCE","tesoro p\u00fablico","tipos de inter\u00e9s"],"articleSection":["Morning meeting"],"inLanguage":"ca"},{"@type":"WebPage","@id":"https:\/\/www.tressis.com\/ca\/blog\/inflacion-americana-marcara-rumbo-de-los-mercados\/","url":"https:\/\/www.tressis.com\/ca\/blog\/inflacion-americana-marcara-rumbo-de-los-mercados\/","name":"La inflaci\u00f3n americana marcar\u00e1 el rumbo de los mercados","isPartOf":{"@id":"https:\/\/www.tressis.com\/ca\/#website"},"primaryImageOfPage":{"@id":"https:\/\/www.tressis.com\/ca\/blog\/inflacion-americana-marcara-rumbo-de-los-mercados\/#primaryimage"},"image":{"@id":"https:\/\/www.tressis.com\/ca\/blog\/inflacion-americana-marcara-rumbo-de-los-mercados\/#primaryimage"},"thumbnailUrl":"https:\/\/www.tressis.com\/wp-content\/uploads\/2024\/04\/inflacion-americana-marcara-rumbo-mercados.webp","datePublished":"2024-04-10T07:37:14+00:00","dateModified":"2024-04-10T09:53:56+00:00","description":"Hoy conoceremos uno de los datos relevantes de esta semana: se publica el dato de inflaci\u00f3n americana. \u00bfSe moderar\u00e1?","breadcrumb":{"@id":"https:\/\/www.tressis.com\/ca\/blog\/inflacion-americana-marcara-rumbo-de-los-mercados\/#breadcrumb"},"inLanguage":"ca","potentialAction":[{"@type":"ReadAction","target":["https:\/\/www.tressis.com\/ca\/blog\/inflacion-americana-marcara-rumbo-de-los-mercados\/"]}]},{"@type":"ImageObject","inLanguage":"ca","@id":"https:\/\/www.tressis.com\/ca\/blog\/inflacion-americana-marcara-rumbo-de-los-mercados\/#primaryimage","url":"https:\/\/www.tressis.com\/wp-content\/uploads\/2024\/04\/inflacion-americana-marcara-rumbo-mercados.webp","contentUrl":"https:\/\/www.tressis.com\/wp-content\/uploads\/2024\/04\/inflacion-americana-marcara-rumbo-mercados.webp","width":1100,"height":487,"caption":"La inflaci\u00f3n americana marcar\u00e1 el rumbo de los mercados"},{"@type":"BreadcrumbList","@id":"https:\/\/www.tressis.com\/ca\/blog\/inflacion-americana-marcara-rumbo-de-los-mercados\/#breadcrumb","itemListElement":[{"@type":"ListItem","position":1,"name":"Inicio","item":"https:\/\/www.tressis.com\/ca\/"},{"@type":"ListItem","position":2,"name":"Morning meeting","item":"https:\/\/www.tressis.com\/ca\/blog\/categorias\/morning-meeting-ca\/"},{"@type":"ListItem","position":3,"name":"La inflaci\u00f3n americana marcar\u00e1 el rumbo de los mercados"}]},{"@type":"WebSite","@id":"https:\/\/www.tressis.com\/ca\/#website","url":"https:\/\/www.tressis.com\/ca\/","name":"Tressis banca privada","description":"Tressis | Planificaci\u00f3n financiera y gesti\u00f3n de patrimonios","publisher":{"@id":"https:\/\/www.tressis.com\/ca\/#organization"},"potentialAction":[{"@type":"SearchAction","target":{"@type":"EntryPoint","urlTemplate":"https:\/\/www.tressis.com\/ca\/?s={search_term_string}"},"query-input":{"@type":"PropertyValueSpecification","valueRequired":true,"valueName":"search_term_string"}}],"inLanguage":"ca"},{"@type":"Organization","@id":"https:\/\/www.tressis.com\/ca\/#organization","name":"Tressis","url":"https:\/\/www.tressis.com\/ca\/","logo":{"@type":"ImageObject","inLanguage":"ca","@id":"https:\/\/www.tressis.com\/ca\/#\/schema\/logo\/image\/","url":"https:\/\/www.tressis.com\/wp-content\/uploads\/2025\/06\/logo-tressis-112.png","contentUrl":"https:\/\/www.tressis.com\/wp-content\/uploads\/2025\/06\/logo-tressis-112.png","width":112,"height":112,"caption":"Tressis"},"image":{"@id":"https:\/\/www.tressis.com\/ca\/#\/schema\/logo\/image\/"},"sameAs":["https:\/\/www.facebook.com\/Tressis\/","https:\/\/x.com\/TressisSV","https:\/\/www.instagram.com\/tressissv\/?hl=es","https:\/\/linkedin.com\/company\/tressis\/","https:\/\/www.youtube.com\/user\/tressissv","https:\/\/open.spotify.com\/show\/3jmTe1Nf0wqMILl7diWV6h?si=d7112519f13c4593&nd=1"]},{"@type":"Person","@id":"https:\/\/www.tressis.com\/ca\/#\/schema\/person\/b833c1d724d8764920b6d6852c70584e","name":"Lola","image":{"@type":"ImageObject","inLanguage":"ca","@id":"https:\/\/secure.gravatar.com\/avatar\/05e646486b23ff45df9649110609c7e31b8c4a3e2821caa23d6317f405e0c51d?s=96&d=mm&r=g","url":"https:\/\/secure.gravatar.com\/avatar\/05e646486b23ff45df9649110609c7e31b8c4a3e2821caa23d6317f405e0c51d?s=96&d=mm&r=g","contentUrl":"https:\/\/secure.gravatar.com\/avatar\/05e646486b23ff45df9649110609c7e31b8c4a3e2821caa23d6317f405e0c51d?s=96&d=mm&r=g","caption":"Lola"}}]}},"_links":{"self":[{"href":"https:\/\/www.tressis.com\/ca\/wp-json\/wp\/v2\/posts\/80192","targetHints":{"allow":["GET"]}}],"collection":[{"href":"https:\/\/www.tressis.com\/ca\/wp-json\/wp\/v2\/posts"}],"about":[{"href":"https:\/\/www.tressis.com\/ca\/wp-json\/wp\/v2\/types\/post"}],"author":[{"embeddable":true,"href":"https:\/\/www.tressis.com\/ca\/wp-json\/wp\/v2\/users\/4"}],"replies":[{"embeddable":true,"href":"https:\/\/www.tressis.com\/ca\/wp-json\/wp\/v2\/comments?post=80192"}],"version-history":[{"count":0,"href":"https:\/\/www.tressis.com\/ca\/wp-json\/wp\/v2\/posts\/80192\/revisions"}],"wp:featuredmedia":[{"embeddable":true,"href":"https:\/\/www.tressis.com\/ca\/wp-json\/wp\/v2\/media\/80194"}],"wp:attachment":[{"href":"https:\/\/www.tressis.com\/ca\/wp-json\/wp\/v2\/media?parent=80192"}],"wp:term":[{"taxonomy":"category","embeddable":true,"href":"https:\/\/www.tressis.com\/ca\/wp-json\/wp\/v2\/categories?post=80192"},{"taxonomy":"post_tag","embeddable":true,"href":"https:\/\/www.tressis.com\/ca\/wp-json\/wp\/v2\/tags?post=80192"}],"curies":[{"name":"wp","href":"https:\/\/api.w.org\/{rel}","templated":true}]}}