{"id":79166,"date":"2024-03-11T09:16:45","date_gmt":"2024-03-11T08:16:45","guid":{"rendered":"https:\/\/www.tressis.com\/?p=79166"},"modified":"2024-03-11T13:50:47","modified_gmt":"2024-03-11T12:50:47","slug":"final-ciclo-mercado","status":"publish","type":"post","link":"https:\/\/www.tressis.com\/ca\/blog\/final-ciclo-mercado\/","title":{"rendered":"\u00bfEstaremos ante el final del ciclo de mercado?"},"content":{"rendered":"<p>El cierre de semana fue m\u00e1s negativo de lo esperado, sobre todo viendo c\u00f3mo iniciaban la sesi\u00f3n los mercados europeos. Las cifras de empleo del mes de febrero de Estados Unidos no fueron bien recibidas. Adem\u00e1s, muchos analistas empiezan a advertir de que la expansi\u00f3n de m\u00faltiplos que hemos ido viviendo este arranque de 2024 ha sido excesivo y de que podr\u00edamos estar cerca de m\u00e1ximos. Algo relativamente l\u00f3gico si tenemos en cuenta que el principal \u00edndice del mundo, el S&amp;P 500, ha subido cerca de un 35% desde el inicio del a\u00f1o pasado.<\/p>\n<p>&nbsp;<\/p>\n<p><center><strong>Informe de marzo<\/strong><\/center><center><\/center><center><a href=\"https:\/\/www.tressis.com\/landing\/campana\/tressis-vision\/index.html?utm_campaign=descarga_paper&amp;utm_medium=blog_MMV&amp;utm_source=tressisvision\" target=\"_blank\" rel=\"noopener\"><img fetchpriority=\"high\" decoding=\"async\" class=\"aligncenter wp-image-67199 size-full\" src=\"https:\/\/www.tressis.com\/wp-content\/uploads\/2023\/03\/CTA-Tressis-vision-para-articulos-blog.jpg\" alt=\"Informe mensual - Tressis visi\u00f3n\" width=\"800\" height=\"354\" srcset=\"https:\/\/www.tressis.com\/wp-content\/uploads\/2023\/03\/CTA-Tressis-vision-para-articulos-blog.jpg 800w, https:\/\/www.tressis.com\/wp-content\/uploads\/2023\/03\/CTA-Tressis-vision-para-articulos-blog-300x133.jpg 300w, https:\/\/www.tressis.com\/wp-content\/uploads\/2023\/03\/CTA-Tressis-vision-para-articulos-blog-768x340.jpg 768w\" sizes=\"(max-width: 800px) 100vw, 800px\" \/><\/a><\/center>&nbsp;<\/p>\n<p>La debilidad en el grupo m\u00e1s influyente del S&amp;P 500 pes\u00f3 mucho en el comportamiento del mercado. La tecnolog\u00eda se vio sometida a presi\u00f3n, con el Nasdaq 100 dej\u00e1ndose un 1,5% y Nvidia deteniendo una racha ganadora de seis d\u00edas y registrando una ca\u00edda intradiaria del 10%, como si se tratara de un peque\u00f1o chicharro. Tesla extendi\u00f3 la ca\u00edda de esta semana al 13% y Broadcom se desplom\u00f3 por las ventas de chips.<\/p>\n<p>&nbsp;<\/p>\n<p><img decoding=\"async\" class=\"aligncenter wp-image-79167 size-full\" src=\"https:\/\/www.tressis.com\/wp-content\/uploads\/2024\/03\/chips.webp\" alt=\"\" width=\"850\" height=\"284\" srcset=\"https:\/\/www.tressis.com\/wp-content\/uploads\/2024\/03\/chips.webp 850w, https:\/\/www.tressis.com\/wp-content\/uploads\/2024\/03\/chips-300x100.webp 300w, https:\/\/www.tressis.com\/wp-content\/uploads\/2024\/03\/chips-768x257.webp 768w\" sizes=\"(max-width: 850px) 100vw, 850px\" \/><\/p>\n<p>&nbsp;<\/p>\n<p>La semana pasada la comparecencia de Powell en el Congreso y la reuni\u00f3n de marzo del BCE sirvieron para mandar un mensaje claro al mercado: los bancos centrales tienen previsto bajar tipos, pero siguen necesitando disponer de m\u00e1s datos para confirmar que la inflaci\u00f3n se modera definitivamente. De hecho, el presidente del Banco de la Fed de Chicago, Austan Goolsbee, dijo el viernes que espera que los responsables de la pol\u00edtica monetaria bajen las tasas de inter\u00e9s este a\u00f1o a medida que la inflaci\u00f3n se enfr\u00ede a\u00fan m\u00e1s. Por lo que ahora todo apunta a que habr\u00e1 que esperar a junio para tener novedades monetarias. En ambos casos la buena noticia es que han se\u00f1alado que los datos van en la buena direcci\u00f3n, sobre todo en el caso de la inflaci\u00f3n, porque al menos el crecimiento, en el caso europeo se ha revisado a la baja.<\/p>\n<p>&nbsp;<\/p>\n<p>Tras los importantes eventos del jueves, el viernes toda la atenci\u00f3n estaba centrada en el dato de creaci\u00f3n de empleo y de salario medio por hora de febrero en EE.UU. que movieron el mercado. Las empresas crearon 275.000 puestos de trabajo, por encima de las previsiones de consenso de alrededor de 200.000, pero se revisaron a la baja las cifras de enero, de 353.000 a 229.000. Adem\u00e1s, la tasa de desempleo subi\u00f3 inesperadamente del 3,7% al 3,9%, su nivel m\u00e1s alto en m\u00e1s de dos a\u00f1os. En una se\u00f1al positiva para la inflaci\u00f3n, los ingresos medios por hora aumentaron un 0,1%, por debajo de las expectativas y muy por debajo del aumento del 0,5% de enero.<\/p>\n<p>&nbsp;<\/p>\n<p>Por tanto, parece l\u00f3gico el retroceso generalizado de las rentabilidades exigidas a la deuda soberana, en un contexto en el que ya han alcanzado niveles acordes a los mensajes de los bancos centrales sobre la cuant\u00eda de las bajadas de tipos que cabe esperar en 2024.<\/p>\n<p>&nbsp;<\/p>\n<p>El bono del Tesoro de EE.UU. a diez a\u00f1os se situ\u00f3 en su nivel intrad\u00eda m\u00e1s bajo (4,03%) desde el 2 de febrero. De igual modo, los rendimientos de los bonos gubernamentales a diez a\u00f1os de Alemania, Italia y Francia volv\u00edan a registrar un d\u00eda de ca\u00eddas, es decir, de aumento de sus precios. Toda la curva se mov\u00eda en paralelo, por lo que ve\u00edamos tambi\u00e9n un incremento de los precios de los bonos a dos y cinco a\u00f1os, siendo estos \u00faltimos los que mayores ca\u00eddas de rentabilidad registraban.<\/p>\n<p>&nbsp;<\/p>\n<p>En el mercado de bonos corporativos con grado de inversi\u00f3n, vivimos una semana bastante movidita en el mercado primario, con una oferta total de 51.000 millones de d\u00f3lares, superando las expectativas de entre 30.000 y 35.000 millones de d\u00f3lares. Las condiciones t\u00e9cnicas favorecieron a los bonos de alto rendimiento, ya que los pagos de cupones fueron elevados, mientras que las nuevas emisiones netas siguieron siendo modestas.<\/p>\n<p>&nbsp;<\/p>\n<p>Por su parte, el d\u00f3lar registr\u00f3 su racha de p\u00e9rdidas m\u00e1s larga desde octubre y el bitcoin toc\u00f3 brevemente los 70.000 d\u00f3lares, niveles con los que estuvo coqueteando todo el domingo.<\/p>\n<p>&nbsp;<\/p>\n<p>En la otra punta del globo continuaron las especulaciones de los inversores sobre las posibles decisiones de pol\u00edtica monetaria del Banco de Jap\u00f3n (BoJ), que podr\u00eda estar m\u00e1s cerca de subir los tipos de inter\u00e9s a corto plazo fuera de territorio negativo de lo que se pensaba hace unos d\u00edas. Los comentarios de un miembro del Consejo de Pol\u00edtica de la junta del Banco de Jap\u00f3n sugirieron que se vislumbraba un c\u00edrculo virtuoso en el que los precios sub\u00edan junto con los salarios (una condici\u00f3n previa declarada para el endurecimiento de la pol\u00edtica monetaria). Hoy hemos tenido la revisi\u00f3n del PIB del cuarto trimestre.<\/p>\n<p>&nbsp;<\/p>\n<p>En este contexto, el rendimiento de la deuda p\u00fablica japonesa a diez a\u00f1os subi\u00f3 al 0,73% desde el 0,71% de finales de la semana anterior. El yen se apreci\u00f3 bruscamente a alrededor de 147,4 yenes frente al d\u00f3lar estadounidense, desde cerca de 150 la semana anterior. La fortaleza de la moneda pes\u00f3 sobre los exportadores de Jap\u00f3n, ya que obtienen una parte significativa de sus ingresos del extranjero. Los mercados burs\u00e1tiles japoneses se han visto significativamente impulsados por la hist\u00f3rica debilidad del yen en los \u00faltimos tres a\u00f1os. \u00bfEstaremos ante el final del ciclo de mercado?<\/p>\n<p>&nbsp;<\/p>\n<p>Cerca de all\u00ed, Pek\u00edn fij\u00f3 un objetivo de crecimiento econ\u00f3mico de alrededor del 5% este a\u00f1o en la Asamblea Popular Nacional, el parlamento chino, que se ha reunido entre el 5 de marzo y hoy. El gobierno defini\u00f3 el d\u00e9ficit presupuestario en alrededor del 3% \u2014el mismo objetivo que a principios del a\u00f1o pasado hasta que posteriormente se elev\u00f3 al 3,8% para dar cabida a m\u00e1s pr\u00e9stamos\u2014 y dijo que emitir\u00eda un bill\u00f3n de yuanes en bonos del Estado especiales ultralargos del gobierno central para apoyar el crecimiento.<\/p>\n<p>&nbsp;<\/p>\n<p>Ya veremos c\u00f3mo se toma el mercado dicha noticia. En cuanto a los datos macro, la semana nos traer\u00e1 la publicaci\u00f3n del IPC, las ventas minoristas y los precios a la producci\u00f3n, todos ellos de febrero y EE.UU.<\/p>\n<p>&nbsp;<\/p>\n<p>Buena semana.<\/p>\n<p>&nbsp;<\/p>\n<p><center><strong>Jorge Gonz\u00e1lez G\u00f3mez<\/strong><br \/>\nDirector de An\u00e1lisis<\/center><\/p>\n","protected":false},"excerpt":{"rendered":"<p>El cierre de semana fue m\u00e1s negativo de lo esperado, sobre todo viendo c\u00f3mo iniciaban la sesi\u00f3n los mercados europeos. Las cifras de empleo del mes de febrero de Estados Unidos no fueron bien recibidas. Adem\u00e1s, muchos analistas empiezan a advertir de que la expansi\u00f3n de m\u00faltiplos que hemos ido viviendo este arranque de 2024 [&hellip;]<\/p>\n","protected":false},"author":4,"featured_media":79168,"comment_status":"closed","ping_status":"open","sticky":false,"template":"","format":"standard","meta":{"_acf_changed":false,"footnotes":""},"categories":[9721],"tags":[411,559,817,1976,9494,7021,4544,5078,6272],"class_list":["post-79166","post","type-post","status-publish","format-standard","has-post-thumbnail","hentry","category-morning-meeting","tag-bajada-de-tipos","tag-bce","tag-broadcom","tag-deuda-publica","tag-mercados-bursatiles-japoneses","tag-nasdaq-100","tag-nvidia","tag-powell","tag-sp-500"],"acf":[],"yoast_head":"<!-- This site is optimized with the Yoast SEO plugin v27.5 - https:\/\/yoast.com\/product\/yoast-seo-wordpress\/ -->\n<title>\u00bfEstaremos ante el final del ciclo de mercado?<\/title>\n<meta name=\"description\" content=\"Los mercados burs\u00e1tiles japoneses se han visto significativamente impulsados por la hist\u00f3rica debilidad del yen en los \u00faltimos tres a\u00f1os.\" \/>\n<meta name=\"robots\" content=\"index, follow, max-snippet:-1, max-image-preview:large, max-video-preview:-1\" \/>\n<link rel=\"canonical\" href=\"https:\/\/www.tressis.com\/ca\/blog\/final-ciclo-mercado\/\" \/>\n<meta property=\"og:locale\" content=\"ca_ES\" \/>\n<meta property=\"og:type\" content=\"article\" \/>\n<meta property=\"og:title\" content=\"\u00bfEstaremos ante el final del ciclo de mercado?\" \/>\n<meta property=\"og:description\" content=\"Los mercados burs\u00e1tiles japoneses se han visto significativamente impulsados por la hist\u00f3rica debilidad del yen en los \u00faltimos tres a\u00f1os.\" \/>\n<meta property=\"og:url\" content=\"https:\/\/www.tressis.com\/ca\/blog\/final-ciclo-mercado\/\" \/>\n<meta property=\"og:site_name\" content=\"Tressis\" \/>\n<meta property=\"article:publisher\" content=\"https:\/\/www.facebook.com\/Tressis\/\" \/>\n<meta property=\"article:published_time\" content=\"2024-03-11T08:16:45+00:00\" \/>\n<meta property=\"article:modified_time\" content=\"2024-03-11T12:50:47+00:00\" \/>\n<meta property=\"og:image\" content=\"https:\/\/www.tressis.com\/wp-content\/uploads\/2024\/03\/mercados-bursatiles.webp\" \/>\n\t<meta property=\"og:image:width\" content=\"1100\" \/>\n\t<meta property=\"og:image:height\" content=\"487\" \/>\n\t<meta property=\"og:image:type\" content=\"image\/webp\" \/>\n<meta name=\"author\" content=\"Lola\" \/>\n<meta name=\"twitter:card\" content=\"summary_large_image\" \/>\n<meta name=\"twitter:creator\" content=\"@TressisSV\" \/>\n<meta name=\"twitter:site\" content=\"@TressisSV\" \/>\n<meta name=\"twitter:label1\" content=\"Escrit per\" \/>\n\t<meta name=\"twitter:data1\" content=\"Lola\" \/>\n\t<meta name=\"twitter:label2\" content=\"Temps estimat de lectura\" \/>\n\t<meta name=\"twitter:data2\" content=\"5 minuts\" \/>\n<script type=\"application\/ld+json\" class=\"yoast-schema-graph\">{\"@context\":\"https:\\\/\\\/schema.org\",\"@graph\":[{\"@type\":\"Article\",\"@id\":\"https:\\\/\\\/www.tressis.com\\\/ca\\\/blog\\\/final-ciclo-mercado\\\/#article\",\"isPartOf\":{\"@id\":\"https:\\\/\\\/www.tressis.com\\\/ca\\\/blog\\\/final-ciclo-mercado\\\/\"},\"author\":{\"name\":\"Lola\",\"@id\":\"https:\\\/\\\/www.tressis.com\\\/ca\\\/#\\\/schema\\\/person\\\/b833c1d724d8764920b6d6852c70584e\"},\"headline\":\"\u00bfEstaremos ante el final del ciclo de mercado?\",\"datePublished\":\"2024-03-11T08:16:45+00:00\",\"dateModified\":\"2024-03-11T12:50:47+00:00\",\"mainEntityOfPage\":{\"@id\":\"https:\\\/\\\/www.tressis.com\\\/ca\\\/blog\\\/final-ciclo-mercado\\\/\"},\"wordCount\":1093,\"publisher\":{\"@id\":\"https:\\\/\\\/www.tressis.com\\\/ca\\\/#organization\"},\"image\":{\"@id\":\"https:\\\/\\\/www.tressis.com\\\/ca\\\/blog\\\/final-ciclo-mercado\\\/#primaryimage\"},\"thumbnailUrl\":\"https:\\\/\\\/www.tressis.com\\\/wp-content\\\/uploads\\\/2024\\\/03\\\/mercados-bursatiles.webp\",\"keywords\":[\"bajada de tipos\",\"BCE\",\"broadcom\",\"deuda p\u00fablica\",\"mercados burs\u00e1tiles japoneses\",\"nasdaq 100\",\"nvidia\",\"Powell\",\"SP 500\"],\"articleSection\":[\"Morning meeting\"],\"inLanguage\":\"ca\"},{\"@type\":\"WebPage\",\"@id\":\"https:\\\/\\\/www.tressis.com\\\/ca\\\/blog\\\/final-ciclo-mercado\\\/\",\"url\":\"https:\\\/\\\/www.tressis.com\\\/ca\\\/blog\\\/final-ciclo-mercado\\\/\",\"name\":\"\u00bfEstaremos ante el final del ciclo de mercado?\",\"isPartOf\":{\"@id\":\"https:\\\/\\\/www.tressis.com\\\/ca\\\/#website\"},\"primaryImageOfPage\":{\"@id\":\"https:\\\/\\\/www.tressis.com\\\/ca\\\/blog\\\/final-ciclo-mercado\\\/#primaryimage\"},\"image\":{\"@id\":\"https:\\\/\\\/www.tressis.com\\\/ca\\\/blog\\\/final-ciclo-mercado\\\/#primaryimage\"},\"thumbnailUrl\":\"https:\\\/\\\/www.tressis.com\\\/wp-content\\\/uploads\\\/2024\\\/03\\\/mercados-bursatiles.webp\",\"datePublished\":\"2024-03-11T08:16:45+00:00\",\"dateModified\":\"2024-03-11T12:50:47+00:00\",\"description\":\"Los mercados burs\u00e1tiles japoneses se han visto significativamente impulsados por la hist\u00f3rica debilidad del yen en los \u00faltimos tres a\u00f1os.\",\"breadcrumb\":{\"@id\":\"https:\\\/\\\/www.tressis.com\\\/ca\\\/blog\\\/final-ciclo-mercado\\\/#breadcrumb\"},\"inLanguage\":\"ca\",\"potentialAction\":[{\"@type\":\"ReadAction\",\"target\":[\"https:\\\/\\\/www.tressis.com\\\/ca\\\/blog\\\/final-ciclo-mercado\\\/\"]}]},{\"@type\":\"ImageObject\",\"inLanguage\":\"ca\",\"@id\":\"https:\\\/\\\/www.tressis.com\\\/ca\\\/blog\\\/final-ciclo-mercado\\\/#primaryimage\",\"url\":\"https:\\\/\\\/www.tressis.com\\\/wp-content\\\/uploads\\\/2024\\\/03\\\/mercados-bursatiles.webp\",\"contentUrl\":\"https:\\\/\\\/www.tressis.com\\\/wp-content\\\/uploads\\\/2024\\\/03\\\/mercados-bursatiles.webp\",\"width\":1100,\"height\":487},{\"@type\":\"BreadcrumbList\",\"@id\":\"https:\\\/\\\/www.tressis.com\\\/ca\\\/blog\\\/final-ciclo-mercado\\\/#breadcrumb\",\"itemListElement\":[{\"@type\":\"ListItem\",\"position\":1,\"name\":\"Inicio\",\"item\":\"https:\\\/\\\/www.tressis.com\\\/ca\\\/\"},{\"@type\":\"ListItem\",\"position\":2,\"name\":\"Morning meeting\",\"item\":\"https:\\\/\\\/www.tressis.com\\\/ca\\\/blog\\\/categorias\\\/morning-meeting-ca\\\/\"},{\"@type\":\"ListItem\",\"position\":3,\"name\":\"\u00bfEstaremos ante el final del ciclo de mercado?\"}]},{\"@type\":\"WebSite\",\"@id\":\"https:\\\/\\\/www.tressis.com\\\/ca\\\/#website\",\"url\":\"https:\\\/\\\/www.tressis.com\\\/ca\\\/\",\"name\":\"Tressis banca privada\",\"description\":\"Tressis | Planificaci\u00f3n financiera y gesti\u00f3n de patrimonios\",\"publisher\":{\"@id\":\"https:\\\/\\\/www.tressis.com\\\/ca\\\/#organization\"},\"potentialAction\":[{\"@type\":\"SearchAction\",\"target\":{\"@type\":\"EntryPoint\",\"urlTemplate\":\"https:\\\/\\\/www.tressis.com\\\/ca\\\/?s={search_term_string}\"},\"query-input\":{\"@type\":\"PropertyValueSpecification\",\"valueRequired\":true,\"valueName\":\"search_term_string\"}}],\"inLanguage\":\"ca\"},{\"@type\":\"Organization\",\"@id\":\"https:\\\/\\\/www.tressis.com\\\/ca\\\/#organization\",\"name\":\"Tressis\",\"url\":\"https:\\\/\\\/www.tressis.com\\\/ca\\\/\",\"logo\":{\"@type\":\"ImageObject\",\"inLanguage\":\"ca\",\"@id\":\"https:\\\/\\\/www.tressis.com\\\/ca\\\/#\\\/schema\\\/logo\\\/image\\\/\",\"url\":\"https:\\\/\\\/www.tressis.com\\\/wp-content\\\/uploads\\\/2025\\\/06\\\/logo-tressis-112.png\",\"contentUrl\":\"https:\\\/\\\/www.tressis.com\\\/wp-content\\\/uploads\\\/2025\\\/06\\\/logo-tressis-112.png\",\"width\":112,\"height\":112,\"caption\":\"Tressis\"},\"image\":{\"@id\":\"https:\\\/\\\/www.tressis.com\\\/ca\\\/#\\\/schema\\\/logo\\\/image\\\/\"},\"sameAs\":[\"https:\\\/\\\/www.facebook.com\\\/Tressis\\\/\",\"https:\\\/\\\/x.com\\\/TressisSV\",\"https:\\\/\\\/www.instagram.com\\\/tressissv\\\/?hl=es\",\"https:\\\/\\\/linkedin.com\\\/company\\\/tressis\\\/\",\"https:\\\/\\\/www.youtube.com\\\/user\\\/tressissv\",\"https:\\\/\\\/open.spotify.com\\\/show\\\/3jmTe1Nf0wqMILl7diWV6h?si=d7112519f13c4593&nd=1\"]},{\"@type\":\"Person\",\"@id\":\"https:\\\/\\\/www.tressis.com\\\/ca\\\/#\\\/schema\\\/person\\\/b833c1d724d8764920b6d6852c70584e\",\"name\":\"Lola\",\"image\":{\"@type\":\"ImageObject\",\"inLanguage\":\"ca\",\"@id\":\"https:\\\/\\\/secure.gravatar.com\\\/avatar\\\/05e646486b23ff45df9649110609c7e31b8c4a3e2821caa23d6317f405e0c51d?s=96&d=mm&r=g\",\"url\":\"https:\\\/\\\/secure.gravatar.com\\\/avatar\\\/05e646486b23ff45df9649110609c7e31b8c4a3e2821caa23d6317f405e0c51d?s=96&d=mm&r=g\",\"contentUrl\":\"https:\\\/\\\/secure.gravatar.com\\\/avatar\\\/05e646486b23ff45df9649110609c7e31b8c4a3e2821caa23d6317f405e0c51d?s=96&d=mm&r=g\",\"caption\":\"Lola\"}}]}<\/script>\n<!-- \/ Yoast SEO plugin. -->","yoast_head_json":{"title":"\u00bfEstaremos ante el final del ciclo de mercado?","description":"Los mercados burs\u00e1tiles japoneses se han visto significativamente impulsados por la hist\u00f3rica debilidad del yen en los \u00faltimos tres a\u00f1os.","robots":{"index":"index","follow":"follow","max-snippet":"max-snippet:-1","max-image-preview":"max-image-preview:large","max-video-preview":"max-video-preview:-1"},"canonical":"https:\/\/www.tressis.com\/ca\/blog\/final-ciclo-mercado\/","og_locale":"ca_ES","og_type":"article","og_title":"\u00bfEstaremos ante el final del ciclo de mercado?","og_description":"Los mercados burs\u00e1tiles japoneses se han visto significativamente impulsados por la hist\u00f3rica debilidad del yen en los \u00faltimos tres a\u00f1os.","og_url":"https:\/\/www.tressis.com\/ca\/blog\/final-ciclo-mercado\/","og_site_name":"Tressis","article_publisher":"https:\/\/www.facebook.com\/Tressis\/","article_published_time":"2024-03-11T08:16:45+00:00","article_modified_time":"2024-03-11T12:50:47+00:00","og_image":[{"width":1100,"height":487,"url":"https:\/\/www.tressis.com\/wp-content\/uploads\/2024\/03\/mercados-bursatiles.webp","type":"image\/webp"}],"author":"Lola","twitter_card":"summary_large_image","twitter_creator":"@TressisSV","twitter_site":"@TressisSV","twitter_misc":{"Escrit per":"Lola","Temps estimat de lectura":"5 minuts"},"schema":{"@context":"https:\/\/schema.org","@graph":[{"@type":"Article","@id":"https:\/\/www.tressis.com\/ca\/blog\/final-ciclo-mercado\/#article","isPartOf":{"@id":"https:\/\/www.tressis.com\/ca\/blog\/final-ciclo-mercado\/"},"author":{"name":"Lola","@id":"https:\/\/www.tressis.com\/ca\/#\/schema\/person\/b833c1d724d8764920b6d6852c70584e"},"headline":"\u00bfEstaremos ante el final del ciclo de mercado?","datePublished":"2024-03-11T08:16:45+00:00","dateModified":"2024-03-11T12:50:47+00:00","mainEntityOfPage":{"@id":"https:\/\/www.tressis.com\/ca\/blog\/final-ciclo-mercado\/"},"wordCount":1093,"publisher":{"@id":"https:\/\/www.tressis.com\/ca\/#organization"},"image":{"@id":"https:\/\/www.tressis.com\/ca\/blog\/final-ciclo-mercado\/#primaryimage"},"thumbnailUrl":"https:\/\/www.tressis.com\/wp-content\/uploads\/2024\/03\/mercados-bursatiles.webp","keywords":["bajada de tipos","BCE","broadcom","deuda p\u00fablica","mercados burs\u00e1tiles japoneses","nasdaq 100","nvidia","Powell","SP 500"],"articleSection":["Morning meeting"],"inLanguage":"ca"},{"@type":"WebPage","@id":"https:\/\/www.tressis.com\/ca\/blog\/final-ciclo-mercado\/","url":"https:\/\/www.tressis.com\/ca\/blog\/final-ciclo-mercado\/","name":"\u00bfEstaremos ante el final del ciclo de mercado?","isPartOf":{"@id":"https:\/\/www.tressis.com\/ca\/#website"},"primaryImageOfPage":{"@id":"https:\/\/www.tressis.com\/ca\/blog\/final-ciclo-mercado\/#primaryimage"},"image":{"@id":"https:\/\/www.tressis.com\/ca\/blog\/final-ciclo-mercado\/#primaryimage"},"thumbnailUrl":"https:\/\/www.tressis.com\/wp-content\/uploads\/2024\/03\/mercados-bursatiles.webp","datePublished":"2024-03-11T08:16:45+00:00","dateModified":"2024-03-11T12:50:47+00:00","description":"Los mercados burs\u00e1tiles japoneses se han visto significativamente impulsados por la hist\u00f3rica debilidad del yen en los \u00faltimos tres a\u00f1os.","breadcrumb":{"@id":"https:\/\/www.tressis.com\/ca\/blog\/final-ciclo-mercado\/#breadcrumb"},"inLanguage":"ca","potentialAction":[{"@type":"ReadAction","target":["https:\/\/www.tressis.com\/ca\/blog\/final-ciclo-mercado\/"]}]},{"@type":"ImageObject","inLanguage":"ca","@id":"https:\/\/www.tressis.com\/ca\/blog\/final-ciclo-mercado\/#primaryimage","url":"https:\/\/www.tressis.com\/wp-content\/uploads\/2024\/03\/mercados-bursatiles.webp","contentUrl":"https:\/\/www.tressis.com\/wp-content\/uploads\/2024\/03\/mercados-bursatiles.webp","width":1100,"height":487},{"@type":"BreadcrumbList","@id":"https:\/\/www.tressis.com\/ca\/blog\/final-ciclo-mercado\/#breadcrumb","itemListElement":[{"@type":"ListItem","position":1,"name":"Inicio","item":"https:\/\/www.tressis.com\/ca\/"},{"@type":"ListItem","position":2,"name":"Morning meeting","item":"https:\/\/www.tressis.com\/ca\/blog\/categorias\/morning-meeting-ca\/"},{"@type":"ListItem","position":3,"name":"\u00bfEstaremos ante el final del ciclo de mercado?"}]},{"@type":"WebSite","@id":"https:\/\/www.tressis.com\/ca\/#website","url":"https:\/\/www.tressis.com\/ca\/","name":"Tressis banca privada","description":"Tressis | Planificaci\u00f3n financiera y gesti\u00f3n de patrimonios","publisher":{"@id":"https:\/\/www.tressis.com\/ca\/#organization"},"potentialAction":[{"@type":"SearchAction","target":{"@type":"EntryPoint","urlTemplate":"https:\/\/www.tressis.com\/ca\/?s={search_term_string}"},"query-input":{"@type":"PropertyValueSpecification","valueRequired":true,"valueName":"search_term_string"}}],"inLanguage":"ca"},{"@type":"Organization","@id":"https:\/\/www.tressis.com\/ca\/#organization","name":"Tressis","url":"https:\/\/www.tressis.com\/ca\/","logo":{"@type":"ImageObject","inLanguage":"ca","@id":"https:\/\/www.tressis.com\/ca\/#\/schema\/logo\/image\/","url":"https:\/\/www.tressis.com\/wp-content\/uploads\/2025\/06\/logo-tressis-112.png","contentUrl":"https:\/\/www.tressis.com\/wp-content\/uploads\/2025\/06\/logo-tressis-112.png","width":112,"height":112,"caption":"Tressis"},"image":{"@id":"https:\/\/www.tressis.com\/ca\/#\/schema\/logo\/image\/"},"sameAs":["https:\/\/www.facebook.com\/Tressis\/","https:\/\/x.com\/TressisSV","https:\/\/www.instagram.com\/tressissv\/?hl=es","https:\/\/linkedin.com\/company\/tressis\/","https:\/\/www.youtube.com\/user\/tressissv","https:\/\/open.spotify.com\/show\/3jmTe1Nf0wqMILl7diWV6h?si=d7112519f13c4593&nd=1"]},{"@type":"Person","@id":"https:\/\/www.tressis.com\/ca\/#\/schema\/person\/b833c1d724d8764920b6d6852c70584e","name":"Lola","image":{"@type":"ImageObject","inLanguage":"ca","@id":"https:\/\/secure.gravatar.com\/avatar\/05e646486b23ff45df9649110609c7e31b8c4a3e2821caa23d6317f405e0c51d?s=96&d=mm&r=g","url":"https:\/\/secure.gravatar.com\/avatar\/05e646486b23ff45df9649110609c7e31b8c4a3e2821caa23d6317f405e0c51d?s=96&d=mm&r=g","contentUrl":"https:\/\/secure.gravatar.com\/avatar\/05e646486b23ff45df9649110609c7e31b8c4a3e2821caa23d6317f405e0c51d?s=96&d=mm&r=g","caption":"Lola"}}]}},"_links":{"self":[{"href":"https:\/\/www.tressis.com\/ca\/wp-json\/wp\/v2\/posts\/79166","targetHints":{"allow":["GET"]}}],"collection":[{"href":"https:\/\/www.tressis.com\/ca\/wp-json\/wp\/v2\/posts"}],"about":[{"href":"https:\/\/www.tressis.com\/ca\/wp-json\/wp\/v2\/types\/post"}],"author":[{"embeddable":true,"href":"https:\/\/www.tressis.com\/ca\/wp-json\/wp\/v2\/users\/4"}],"replies":[{"embeddable":true,"href":"https:\/\/www.tressis.com\/ca\/wp-json\/wp\/v2\/comments?post=79166"}],"version-history":[{"count":0,"href":"https:\/\/www.tressis.com\/ca\/wp-json\/wp\/v2\/posts\/79166\/revisions"}],"wp:featuredmedia":[{"embeddable":true,"href":"https:\/\/www.tressis.com\/ca\/wp-json\/wp\/v2\/media\/79168"}],"wp:attachment":[{"href":"https:\/\/www.tressis.com\/ca\/wp-json\/wp\/v2\/media?parent=79166"}],"wp:term":[{"taxonomy":"category","embeddable":true,"href":"https:\/\/www.tressis.com\/ca\/wp-json\/wp\/v2\/categories?post=79166"},{"taxonomy":"post_tag","embeddable":true,"href":"https:\/\/www.tressis.com\/ca\/wp-json\/wp\/v2\/tags?post=79166"}],"curies":[{"name":"wp","href":"https:\/\/api.w.org\/{rel}","templated":true}]}}