{"id":77235,"date":"2024-01-31T10:00:19","date_gmt":"2024-01-31T09:00:19","guid":{"rendered":"https:\/\/www.tressis.com\/?p=77235"},"modified":"2024-01-31T17:56:05","modified_gmt":"2024-01-31T16:56:05","slug":"la-fed-es-la-gran-protagonista","status":"publish","type":"post","link":"https:\/\/www.tressis.com\/ca\/blog\/la-fed-es-la-gran-protagonista\/","title":{"rendered":"La Fed es la gran protagonista"},"content":{"rendered":"<p>La reuni\u00f3n de la Reserva Federal (Fed) que termina hoy ser\u00e1 la gran protagonista. No se esperan cambios en la pol\u00edtica monetaria, as\u00ed que en principio el tipo de inter\u00e9s objetivo de los fondos de la Reserva Federal se quedar\u00e1n sin cambios en el 5,25% a 5,50%. El foco de atenci\u00f3n estar\u00e1 en hallar cualquier pista sobre cu\u00e1ndo podr\u00eda producirse la primera bajada de tipos. Por su parte, el mercado sigue descontando la posibilidad de una bajada de tipos en marzo (42%), cifra que ha ido disminuyendo. Recordemos que Jerome Powell, presidente de la Fed, ha advertido que no se deben esperar bajadas de tipos hasta que la inflaci\u00f3n est\u00e9 controlada y en su objetivo medio anual del 2%. Sin embargo, tambi\u00e9n ha indicado que tomar\u00e1n medidas de acuerdo con los datos econ\u00f3micos que vayan apareciendo.<\/p>\n<p>&nbsp;<\/p>\n<p>En relaci\u00f3n con el Banco Central Europeo (BCE), distintas voces apuntaban a que el pr\u00f3ximo movimiento de la autoridad monetaria ser\u00e1 una bajada, aunque existen todav\u00eda dudas respecto al <i>timing<\/i> y al ritmo. Algunos miembros del BCE ya se atreven a hablar directamente sobre la flexibilizaci\u00f3n monetaria. El mercado descuenta ya en un 72% que el primer movimiento tendr\u00e1 lugar en el mes de abril. Sin embargo, al igual que la Fed, los datos macro seguir\u00e1n siendo cruciales. El vicepresidente del BCE, Luis de Guindos, declar\u00f3 el lunes que la instituci\u00f3n \u00abno tiene ning\u00fan tipo de calendario\u00bb y que esta decisi\u00f3n depender\u00e1 de los datos y de la evoluci\u00f3n de la inflaci\u00f3n.<\/p>\n<p>&nbsp;<\/p>\n<p style=\"text-align: center;\"><strong>Estrategia 2024<\/strong><\/p>\n<div style=\"text-align: center; margin-bottom: 10px;\"><a href=\"https:\/\/www.tressis.com\/landing\/campana\/tressis-vision\/index.html?utm_campaign=descarga_paper&amp;utm_medium=blog_MMV&amp;utm_source=tressisvision\" target=\"_blank\" rel=\"noopener\"><img class=\"alignnone size-full wp-image-67199\" \nsrc=\"https:\/\/www.tressis.com\/wp-content\/uploads\/2023\/03\/CTA-Tressis-vision-para-articulos-blog.jpg\" alt=\"Informe mensual - Tressis visi\u00f3n\" \nwidth=\"800\" height=\"354\" srcset=\"https:\/\/www.tressis.com\/wp-content\/uploads\/2023\/03\/CTA-Tressis-vision-para-articulos-blog.jpg 800w, https:\/\/www.tressis.com\/wp-content\/uploads\/2023\/03\/CTA-Tressis-vision-para-articulos-blog-300x133.jpg 300w, https:\/\/www.tressis.com\/wp-content\/uploads\/2023\/03\/CTA-Tressis-vision-para-articulos-blog-768x340.jpg 768w\" sizes=\"(max-width: 800px) 100vw, 800px\" \/><\/a><\/div>\n<p>&nbsp;<\/p>\n<p>Las ventas se dirigieron a los mercados de bonos, especialmente en la eurozona. Ayer asistimos a una subida de las rentabilidades exigidas en los bonos a largo plazo. El bono alem\u00e1n a diez a\u00f1os subi\u00f3 4 p.b. hasta el 2,26%, el franc\u00e9s 3,8 p.b. a niveles 2,75% y Espa\u00f1a 4,4 p.b. al 3,156%. En EE.UU. sigue pesando la sorpresa del Tesoro estadounidense que se\u00f1alaba que tendr\u00e1 que endeudarse menos de lo que hab\u00eda previsto, probablemente debido a unos mayores ingresos fiscales impulsados por la solidez de la econom\u00eda. Por ello, el movimiento en la renta fija americana a largo plazo fue contrario: continuaron con la bajada de rentabilidad en 4,2 p.b. para cerrar al 4,032%. En el tramo corto de la curva (dos a\u00f1os), la situaci\u00f3n fue muy distinta. El bono alem\u00e1n baj\u00f3 6,4 p.b. al 2,504%, mientras que el bono americano experiment\u00f3 un movimiento contrario, subiendo 1,7 p.b. para situarse en 4,335%.<\/p>\n<p>&nbsp;<\/p>\n<p>Las bolsas europeas se decantaron por los n\u00fameros verdes. El IBEX fue el \u00edndice que registr\u00f3 mejor comportamiento con una subida del 1,51%; gracias a los resultados r\u00e9cord de BBVA, el \u00edndice supera de nuevo los 10.000 puntos. Por su parte el Eurostoxx 50 se apuntaba un 0,50%, seguido del CAC 40 franc\u00e9s 0,48%, y el DAX alem\u00e1n con un t\u00edmido 0,18%. Estados Unidos cerr\u00f3 mixto: el Nasdaq y el S&#038;P 500 perdieron 0,76% y 0,06% respectivamente, mientras que el Dow Jones repunt\u00f3 un 0,35%.<\/p>\n<p>&nbsp;<\/p>\n<p>Bater\u00eda de datos macroecon\u00f3micos en el d\u00eda de ayer. En Espa\u00f1a conocimos que el dato adelantado de inflaci\u00f3n de enero sali\u00f3 por encima de lo esperado: IPC subyacente anualizado en 3,6% vs. 3,3% esperado; y el IPC general anualizado 3,4% vs. 3,0% estimado y 3,1% anterior. En la eurozona se publicaron los \u00edndices de confianza de enero y el PIB adelantado del cuarto trimestre de 2023. Hay que destacar que la zona euro esquiva la recesi\u00f3n t\u00e9cnica por la m\u00ednima. Tambi\u00e9n se publicaron los datos adelantados de PIB de Alemania, Francia, Italia, Espa\u00f1a y Portugal. Estos \u00faltimos son los que m\u00e1s han crecido en el \u00faltimo trimestre de 2023 y han evitado que el PIB de la zona del euro fuese negativo.<\/p>\n<p>&nbsp;<\/p>\n<p style=\"margin-bottom:20px;\">\u00cdndices de confianza de la eurozona de enero:<\/p>\n<table id=\"table-1\" class=\"wptg-table wptg-comparison-table\">\n<thead class=\"wptg-thead\">\n<tr>\n<th class=\"placeholder wptg-placeholder\">\u00cdndice<\/th>\n<th>Encuesta<\/th>\n<th>Efectivo<\/th>\n<th>Anterior<\/th>\n<\/tr>\n<\/thead>\n<tbody class=\"wptg-tbody\">\n<tr>\n<td>Confianza del consumidor<\/td>\n<td>&#8211;<\/td>\n<td>-16,1<\/td>\n<td>-16,1<\/td>\n<\/tr>\n<tr>\n<td>Confianza econ\u00f3mica<\/td>\n<td>96,1<\/td>\n<td>96,2<\/td>\n<td>96,4<\/td>\n<\/tr>\n<tr>\n<td>Confianza industrial<\/td>\n<td>-9,0<\/td>\n<td>-9,4<\/td>\n<td>-9,2<\/td>\n<\/tr>\n<tr>\n<td>Confianza de servicios<\/td>\n<td>8,3<\/td>\n<td>8,8<\/td>\n<td>8,4<\/td>\n<\/tr>\n<\/tbody>\n<\/table>\n<p style=\"text-align: center; margin-top:20px;\" class=\"smallPie\">Fuente: Bloomberg. Elaboraci\u00f3n propia 30\/01\/2024<\/p>\n<p>&nbsp;<\/p>\n<p style=\"margin-bottom:20px;\">Datos de PIB del cuarto trimestre de 2023 (trimestral):<\/p>\n<table id=\"table-2\" class=\"wptg-table wptg-comparison-table\">\n<thead class=\"wptg-thead\">\n<tr>\n<th class=\"placeholder wptg-placeholder\">\u00cdndice<\/th>\n<th>Encuesta<\/th>\n<th>Efectivo<\/th>\n<th>Anterior<\/th>\n<\/tr>\n<\/thead>\n<tbody class=\"wptg-tbody\">\n<tr>\n<td>Eurozona<\/td>\n<td>-0,1%<\/td>\n<td>0,0%<\/td>\n<td>-0,1%<\/td>\n<\/tr>\n<tr>\n<td>Alemania<\/td>\n<td>-0,3%<\/td>\n<td>-0,3%<\/td>\n<td>-0,1%<\/td>\n<\/tr>\n<tr>\n<td>Francia<\/td>\n<td>0,0%<\/td>\n<td>0,0%<\/td>\n<td>0,0%<\/td>\n<\/tr>\n<tr>\n<td>Italia<\/td>\n<td>0,0%<\/td>\n<td>0,2%<\/td>\n<td>0,1%<\/td>\n<\/tr>\n<tr>\n<td>Espa\u00f1a<\/td>\n<td>0,2%<\/td>\n<td>0,6%<\/td>\n<td>0,4%<\/td>\n<\/tr>\n<tr>\n<td>Portugal<\/td>\n<td>0,3%<\/td>\n<td>0,8%<\/td>\n<td>-0,2%<\/td>\n<\/tr>\n<\/tbody>\n<\/table>\n<p style=\"text-align: center; margin-top:20px;\" class=\"smallPie\">Fuente: Bloomberg. Elaboraci\u00f3n propia 30\/01\/2024<\/p>\n<p>&nbsp;<\/p>\n<p style=\"margin-bottom:20px;\">Datos de PIB del cuarto trimestre de 2023 (interanuales):<\/p>\n<table id=\"table-3\" class=\"wptg-table wptg-comparison-table\">\n<thead class=\"wptg-thead\">\n<tr>\n<th class=\"placeholder wptg-placeholder\">\u00cdndice<\/th>\n<th>Encuesta<\/th>\n<th>Efectivo<\/th>\n<th>Anterior<\/th>\n<\/tr>\n<\/thead>\n<tbody class=\"wptg-tbody\">\n<tr>\n<td>Eurozona<\/td>\n<td>0,1%<\/td>\n<td>0,1%<\/td>\n<td>0,0%<\/td>\n<\/tr>\n<tr>\n<td>Alemania<\/td>\n<td>-0,2%<\/td>\n<td>-0,2%<\/td>\n<td>-0,4%<\/td>\n<\/tr>\n<tr>\n<td>Francia<\/td>\n<td>0,7%<\/td>\n<td>0,7%<\/td>\n<td>0,6%<\/td>\n<\/tr>\n<tr>\n<td>Italia<\/td>\n<td>0,2%<\/td>\n<td>0,5%<\/td>\n<td>0,1%<\/td>\n<\/tr>\n<tr>\n<td>Espa\u00f1a<\/td>\n<td>1,6%<\/td>\n<td>2,0%<\/td>\n<td>1,9%<\/td>\n<\/tr>\n<tr>\n<td>Portugal<\/td>\n<td>&#8211;<\/td>\n<td>2,2%<\/td>\n<td>1,9%<\/td>\n<\/tr>\n<\/tbody>\n<\/table>\n<p style=\"text-align: center; margin-top:20px;\" class=\"smallPie\">Fuente: Bloomberg. Elaboraci\u00f3n propia 30\/01\/2024<\/p>\n<p>&nbsp;<\/p>\n<p style=\"text-align: center; margin-bottom:20px;\">Evoluci\u00f3n PIB eurozona<\/p>\n<div style=\"text-align: center;\"><img decoding=\"async\" src=\"https:\/\/www.tressis.com\/wp-content\/uploads\/2024\/01\/la-fed-es-la-gran-protagonista-graf.gif\" \/><\/div>\n<p style=\"text-align: center; margin-top:20px;\" class=\"smallPie\">Fuente: Bloomberg.<\/p>\n<p>&nbsp;<\/p>\n<p>Al otro lado del Atl\u00e1ntico se publicaron el \u00edndice de precios de vivienda de noviembre y la confianza del consumidor de la Conference Board de enero. Ambos cumplieron con las estimaciones, 0,3% y 114,8 (su mayor nivel en dos a\u00f1os), respectivamente.<\/p>\n<p>&nbsp;<\/p>\n<p>Para hoy ver\u00e1n la luz los siguientes datos: el PMI manufacturero y no manufacturero de enero de China, la inflaci\u00f3n preliminar de enero de Alemania y Francia, las ventas minoristas de diciembre en Espa\u00f1a, la encuesta ADP de empleo de enero en Estados Unidos y el Chicago PMI de enero del mismo pa\u00eds.<\/p>\n<p>&nbsp; <\/p>\n<p>\u00a1Buen d\u00eda!<\/p>\n<p>&nbsp;<\/p>\n<p><center><strong>Jessica Steuer Barbosa<\/strong><br \/>\nAnalista<\/center><\/p>\n","protected":false},"excerpt":{"rendered":"<p>La reuni\u00f3n de la Reserva Federal (Fed) que termina hoy ser\u00e1 la gran protagonista. No se esperan cambios en la pol\u00edtica monetaria, as\u00ed que en principio el tipo de inter\u00e9s objetivo de los fondos de la Reserva Federal se quedar\u00e1n sin cambios en el 5,25% a 5,50%. El foco de atenci\u00f3n estar\u00e1 en hallar cualquier [&hellip;]<\/p>\n","protected":false},"author":9,"featured_media":77245,"comment_status":"closed","ping_status":"open","sticky":false,"template":"","format":"standard","meta":{"_acf_changed":false,"footnotes":""},"categories":[9721],"tags":[411,483,559,9167,3726,9047,4997,8944],"class_list":["post-77235","post","type-post","status-publish","format-standard","has-post-thumbnail","hentry","category-morning-meeting","tag-bajada-de-tipos","tag-banco-central-europeo","tag-bce","tag-el-ibex-35-hoy","tag-jerome-powell","tag-luis-de-guindos","tag-politica-monetaria","tag-reserva-federal-fed"],"acf":[],"yoast_head":"<!-- This site is optimized with the Yoast SEO plugin v28.4 - https:\/\/yoast.com\/product\/yoast-seo-wordpress\/ -->\n<title>La Fed es la gran protagonista<\/title>\n<meta name=\"description\" content=\"El foco de atenci\u00f3n estar\u00e1 en hallar cualquier pista sobre cu\u00e1ndo podr\u00eda producirse la primera bajada de tipos.\" \/>\n<meta name=\"robots\" content=\"index, follow, max-snippet:-1, max-image-preview:large, max-video-preview:-1\" \/>\n<link rel=\"canonical\" href=\"https:\/\/www.tressis.com\/ca\/blog\/la-fed-es-la-gran-protagonista\/\" \/>\n<meta property=\"og:locale\" content=\"ca_ES\" \/>\n<meta property=\"og:type\" content=\"article\" \/>\n<meta property=\"og:title\" content=\"La Fed es la gran protagonista\" \/>\n<meta property=\"og:description\" content=\"El foco de atenci\u00f3n estar\u00e1 en hallar cualquier pista sobre cu\u00e1ndo podr\u00eda producirse la primera bajada de tipos.\" \/>\n<meta property=\"og:url\" content=\"https:\/\/www.tressis.com\/ca\/blog\/la-fed-es-la-gran-protagonista\/\" \/>\n<meta property=\"og:site_name\" content=\"Tressis\" \/>\n<meta property=\"article:publisher\" content=\"https:\/\/www.facebook.com\/Tressis\/\" \/>\n<meta property=\"article:published_time\" content=\"2024-01-31T09:00:19+00:00\" \/>\n<meta property=\"article:modified_time\" content=\"2024-01-31T16:56:05+00:00\" \/>\n<meta property=\"og:image\" content=\"https:\/\/www.tressis.com\/wp-content\/uploads\/2024\/01\/la-fed-es-la-gran-protagonista.jpg\" \/>\n\t<meta property=\"og:image:width\" content=\"1100\" \/>\n\t<meta property=\"og:image:height\" content=\"487\" \/>\n\t<meta property=\"og:image:type\" content=\"image\/jpeg\" \/>\n<meta name=\"author\" content=\"Armando\" \/>\n<meta name=\"twitter:card\" content=\"summary_large_image\" \/>\n<meta name=\"twitter:creator\" content=\"@TressisSV\" \/>\n<meta name=\"twitter:site\" content=\"@TressisSV\" \/>\n<meta name=\"twitter:label1\" content=\"Escrit per\" \/>\n\t<meta name=\"twitter:data1\" content=\"Armando\" \/>\n\t<meta name=\"twitter:label2\" content=\"Temps estimat de lectura\" \/>\n\t<meta name=\"twitter:data2\" content=\"4 minuts\" \/>\n<script type=\"application\/ld+json\" class=\"yoast-schema-graph\">{\"@context\":\"https:\\\/\\\/schema.org\",\"@graph\":[{\"@type\":\"Article\",\"@id\":\"https:\\\/\\\/www.tressis.com\\\/ca\\\/blog\\\/la-fed-es-la-gran-protagonista\\\/#article\",\"isPartOf\":{\"@id\":\"https:\\\/\\\/www.tressis.com\\\/ca\\\/blog\\\/la-fed-es-la-gran-protagonista\\\/\"},\"author\":{\"name\":\"Armando\",\"@id\":\"https:\\\/\\\/www.tressis.com\\\/ca\\\/#\\\/schema\\\/person\\\/56d3b4de0493f088a4ca62a2e0c790ae\"},\"headline\":\"La Fed es la gran protagonista\",\"datePublished\":\"2024-01-31T09:00:19+00:00\",\"dateModified\":\"2024-01-31T16:56:05+00:00\",\"mainEntityOfPage\":{\"@id\":\"https:\\\/\\\/www.tressis.com\\\/ca\\\/blog\\\/la-fed-es-la-gran-protagonista\\\/\"},\"wordCount\":851,\"publisher\":{\"@id\":\"https:\\\/\\\/www.tressis.com\\\/ca\\\/#organization\"},\"image\":{\"@id\":\"https:\\\/\\\/www.tressis.com\\\/ca\\\/blog\\\/la-fed-es-la-gran-protagonista\\\/#primaryimage\"},\"thumbnailUrl\":\"https:\\\/\\\/www.tressis.com\\\/wp-content\\\/uploads\\\/2024\\\/01\\\/la-fed-es-la-gran-protagonista.jpg\",\"keywords\":[\"bajada de tipos\",\"banco central europeo\",\"BCE\",\"el Ibex 35 hoy\",\"Jerome Powell\",\"Luis de Guindos\",\"pol\u00edtica monetaria\",\"Reserva Federal Fed\"],\"articleSection\":[\"Morning meeting\"],\"inLanguage\":\"ca\"},{\"@type\":\"WebPage\",\"@id\":\"https:\\\/\\\/www.tressis.com\\\/ca\\\/blog\\\/la-fed-es-la-gran-protagonista\\\/\",\"url\":\"https:\\\/\\\/www.tressis.com\\\/ca\\\/blog\\\/la-fed-es-la-gran-protagonista\\\/\",\"name\":\"La Fed es la gran protagonista\",\"isPartOf\":{\"@id\":\"https:\\\/\\\/www.tressis.com\\\/ca\\\/#website\"},\"primaryImageOfPage\":{\"@id\":\"https:\\\/\\\/www.tressis.com\\\/ca\\\/blog\\\/la-fed-es-la-gran-protagonista\\\/#primaryimage\"},\"image\":{\"@id\":\"https:\\\/\\\/www.tressis.com\\\/ca\\\/blog\\\/la-fed-es-la-gran-protagonista\\\/#primaryimage\"},\"thumbnailUrl\":\"https:\\\/\\\/www.tressis.com\\\/wp-content\\\/uploads\\\/2024\\\/01\\\/la-fed-es-la-gran-protagonista.jpg\",\"datePublished\":\"2024-01-31T09:00:19+00:00\",\"dateModified\":\"2024-01-31T16:56:05+00:00\",\"description\":\"El foco de atenci\u00f3n estar\u00e1 en hallar cualquier pista sobre cu\u00e1ndo podr\u00eda producirse la primera bajada de tipos.\",\"breadcrumb\":{\"@id\":\"https:\\\/\\\/www.tressis.com\\\/ca\\\/blog\\\/la-fed-es-la-gran-protagonista\\\/#breadcrumb\"},\"inLanguage\":\"ca\",\"potentialAction\":[{\"@type\":\"ReadAction\",\"target\":[\"https:\\\/\\\/www.tressis.com\\\/ca\\\/blog\\\/la-fed-es-la-gran-protagonista\\\/\"]}]},{\"@type\":\"ImageObject\",\"inLanguage\":\"ca\",\"@id\":\"https:\\\/\\\/www.tressis.com\\\/ca\\\/blog\\\/la-fed-es-la-gran-protagonista\\\/#primaryimage\",\"url\":\"https:\\\/\\\/www.tressis.com\\\/wp-content\\\/uploads\\\/2024\\\/01\\\/la-fed-es-la-gran-protagonista.jpg\",\"contentUrl\":\"https:\\\/\\\/www.tressis.com\\\/wp-content\\\/uploads\\\/2024\\\/01\\\/la-fed-es-la-gran-protagonista.jpg\",\"width\":1100,\"height\":487,\"caption\":\"La Fed es la gran protagonista\"},{\"@type\":\"BreadcrumbList\",\"@id\":\"https:\\\/\\\/www.tressis.com\\\/ca\\\/blog\\\/la-fed-es-la-gran-protagonista\\\/#breadcrumb\",\"itemListElement\":[{\"@type\":\"ListItem\",\"position\":1,\"name\":\"Inicio\",\"item\":\"https:\\\/\\\/www.tressis.com\\\/ca\\\/\"},{\"@type\":\"ListItem\",\"position\":2,\"name\":\"Morning meeting\",\"item\":\"https:\\\/\\\/www.tressis.com\\\/ca\\\/blog\\\/categorias\\\/morning-meeting-ca\\\/\"},{\"@type\":\"ListItem\",\"position\":3,\"name\":\"La Fed es la gran protagonista\"}]},{\"@type\":\"WebSite\",\"@id\":\"https:\\\/\\\/www.tressis.com\\\/ca\\\/#website\",\"url\":\"https:\\\/\\\/www.tressis.com\\\/ca\\\/\",\"name\":\"Tressis banca privada\",\"description\":\"Tressis | Planificaci\u00f3n financiera y gesti\u00f3n de patrimonios\",\"publisher\":{\"@id\":\"https:\\\/\\\/www.tressis.com\\\/ca\\\/#organization\"},\"potentialAction\":[{\"@type\":\"SearchAction\",\"target\":{\"@type\":\"EntryPoint\",\"urlTemplate\":\"https:\\\/\\\/www.tressis.com\\\/ca\\\/?s={search_term_string}\"},\"query-input\":{\"@type\":\"PropertyValueSpecification\",\"valueRequired\":true,\"valueName\":\"search_term_string\"}}],\"inLanguage\":\"ca\"},{\"@type\":\"Organization\",\"@id\":\"https:\\\/\\\/www.tressis.com\\\/ca\\\/#organization\",\"name\":\"Tressis\",\"url\":\"https:\\\/\\\/www.tressis.com\\\/ca\\\/\",\"logo\":{\"@type\":\"ImageObject\",\"inLanguage\":\"ca\",\"@id\":\"https:\\\/\\\/www.tressis.com\\\/ca\\\/#\\\/schema\\\/logo\\\/image\\\/\",\"url\":\"https:\\\/\\\/www.tressis.com\\\/wp-content\\\/uploads\\\/2025\\\/06\\\/logo-tressis-112.png\",\"contentUrl\":\"https:\\\/\\\/www.tressis.com\\\/wp-content\\\/uploads\\\/2025\\\/06\\\/logo-tressis-112.png\",\"width\":112,\"height\":112,\"caption\":\"Tressis\"},\"image\":{\"@id\":\"https:\\\/\\\/www.tressis.com\\\/ca\\\/#\\\/schema\\\/logo\\\/image\\\/\"},\"sameAs\":[\"https:\\\/\\\/www.facebook.com\\\/Tressis\\\/\",\"https:\\\/\\\/x.com\\\/TressisSV\",\"https:\\\/\\\/www.instagram.com\\\/tressissv\\\/?hl=es\",\"https:\\\/\\\/linkedin.com\\\/company\\\/tressis\\\/\",\"https:\\\/\\\/www.youtube.com\\\/user\\\/tressissv\",\"https:\\\/\\\/open.spotify.com\\\/show\\\/3jmTe1Nf0wqMILl7diWV6h?si=d7112519f13c4593&nd=1\"]},{\"@type\":\"Person\",\"@id\":\"https:\\\/\\\/www.tressis.com\\\/ca\\\/#\\\/schema\\\/person\\\/56d3b4de0493f088a4ca62a2e0c790ae\",\"name\":\"Armando\",\"image\":{\"@type\":\"ImageObject\",\"inLanguage\":\"ca\",\"@id\":\"https:\\\/\\\/secure.gravatar.com\\\/avatar\\\/6d7efca74644be7dae792b122beab663996c233ae58f101b52769ece1cbf1435?s=96&d=mm&r=g\",\"url\":\"https:\\\/\\\/secure.gravatar.com\\\/avatar\\\/6d7efca74644be7dae792b122beab663996c233ae58f101b52769ece1cbf1435?s=96&d=mm&r=g\",\"contentUrl\":\"https:\\\/\\\/secure.gravatar.com\\\/avatar\\\/6d7efca74644be7dae792b122beab663996c233ae58f101b52769ece1cbf1435?s=96&d=mm&r=g\",\"caption\":\"Armando\"}}]}<\/script>\n<!-- \/ Yoast SEO plugin. -->","yoast_head_json":{"title":"La Fed es la gran protagonista","description":"El foco de atenci\u00f3n estar\u00e1 en hallar cualquier pista sobre cu\u00e1ndo podr\u00eda producirse la primera bajada de tipos.","robots":{"index":"index","follow":"follow","max-snippet":"max-snippet:-1","max-image-preview":"max-image-preview:large","max-video-preview":"max-video-preview:-1"},"canonical":"https:\/\/www.tressis.com\/ca\/blog\/la-fed-es-la-gran-protagonista\/","og_locale":"ca_ES","og_type":"article","og_title":"La Fed es la gran protagonista","og_description":"El foco de atenci\u00f3n estar\u00e1 en hallar cualquier pista sobre cu\u00e1ndo podr\u00eda producirse la primera bajada de tipos.","og_url":"https:\/\/www.tressis.com\/ca\/blog\/la-fed-es-la-gran-protagonista\/","og_site_name":"Tressis","article_publisher":"https:\/\/www.facebook.com\/Tressis\/","article_published_time":"2024-01-31T09:00:19+00:00","article_modified_time":"2024-01-31T16:56:05+00:00","og_image":[{"width":1100,"height":487,"url":"https:\/\/www.tressis.com\/wp-content\/uploads\/2024\/01\/la-fed-es-la-gran-protagonista.jpg","type":"image\/jpeg"}],"author":"Armando","twitter_card":"summary_large_image","twitter_creator":"@TressisSV","twitter_site":"@TressisSV","twitter_misc":{"Escrit per":"Armando","Temps estimat de lectura":"4 minuts"},"schema":{"@context":"https:\/\/schema.org","@graph":[{"@type":"Article","@id":"https:\/\/www.tressis.com\/ca\/blog\/la-fed-es-la-gran-protagonista\/#article","isPartOf":{"@id":"https:\/\/www.tressis.com\/ca\/blog\/la-fed-es-la-gran-protagonista\/"},"author":{"name":"Armando","@id":"https:\/\/www.tressis.com\/ca\/#\/schema\/person\/56d3b4de0493f088a4ca62a2e0c790ae"},"headline":"La Fed es la gran protagonista","datePublished":"2024-01-31T09:00:19+00:00","dateModified":"2024-01-31T16:56:05+00:00","mainEntityOfPage":{"@id":"https:\/\/www.tressis.com\/ca\/blog\/la-fed-es-la-gran-protagonista\/"},"wordCount":851,"publisher":{"@id":"https:\/\/www.tressis.com\/ca\/#organization"},"image":{"@id":"https:\/\/www.tressis.com\/ca\/blog\/la-fed-es-la-gran-protagonista\/#primaryimage"},"thumbnailUrl":"https:\/\/www.tressis.com\/wp-content\/uploads\/2024\/01\/la-fed-es-la-gran-protagonista.jpg","keywords":["bajada de tipos","banco central europeo","BCE","el Ibex 35 hoy","Jerome Powell","Luis de Guindos","pol\u00edtica monetaria","Reserva Federal Fed"],"articleSection":["Morning meeting"],"inLanguage":"ca"},{"@type":"WebPage","@id":"https:\/\/www.tressis.com\/ca\/blog\/la-fed-es-la-gran-protagonista\/","url":"https:\/\/www.tressis.com\/ca\/blog\/la-fed-es-la-gran-protagonista\/","name":"La Fed es la gran protagonista","isPartOf":{"@id":"https:\/\/www.tressis.com\/ca\/#website"},"primaryImageOfPage":{"@id":"https:\/\/www.tressis.com\/ca\/blog\/la-fed-es-la-gran-protagonista\/#primaryimage"},"image":{"@id":"https:\/\/www.tressis.com\/ca\/blog\/la-fed-es-la-gran-protagonista\/#primaryimage"},"thumbnailUrl":"https:\/\/www.tressis.com\/wp-content\/uploads\/2024\/01\/la-fed-es-la-gran-protagonista.jpg","datePublished":"2024-01-31T09:00:19+00:00","dateModified":"2024-01-31T16:56:05+00:00","description":"El foco de atenci\u00f3n estar\u00e1 en hallar cualquier pista sobre cu\u00e1ndo podr\u00eda producirse la primera bajada de tipos.","breadcrumb":{"@id":"https:\/\/www.tressis.com\/ca\/blog\/la-fed-es-la-gran-protagonista\/#breadcrumb"},"inLanguage":"ca","potentialAction":[{"@type":"ReadAction","target":["https:\/\/www.tressis.com\/ca\/blog\/la-fed-es-la-gran-protagonista\/"]}]},{"@type":"ImageObject","inLanguage":"ca","@id":"https:\/\/www.tressis.com\/ca\/blog\/la-fed-es-la-gran-protagonista\/#primaryimage","url":"https:\/\/www.tressis.com\/wp-content\/uploads\/2024\/01\/la-fed-es-la-gran-protagonista.jpg","contentUrl":"https:\/\/www.tressis.com\/wp-content\/uploads\/2024\/01\/la-fed-es-la-gran-protagonista.jpg","width":1100,"height":487,"caption":"La Fed es la gran protagonista"},{"@type":"BreadcrumbList","@id":"https:\/\/www.tressis.com\/ca\/blog\/la-fed-es-la-gran-protagonista\/#breadcrumb","itemListElement":[{"@type":"ListItem","position":1,"name":"Inicio","item":"https:\/\/www.tressis.com\/ca\/"},{"@type":"ListItem","position":2,"name":"Morning meeting","item":"https:\/\/www.tressis.com\/ca\/blog\/categorias\/morning-meeting-ca\/"},{"@type":"ListItem","position":3,"name":"La Fed es la gran protagonista"}]},{"@type":"WebSite","@id":"https:\/\/www.tressis.com\/ca\/#website","url":"https:\/\/www.tressis.com\/ca\/","name":"Tressis banca privada","description":"Tressis | Planificaci\u00f3n financiera y gesti\u00f3n de patrimonios","publisher":{"@id":"https:\/\/www.tressis.com\/ca\/#organization"},"potentialAction":[{"@type":"SearchAction","target":{"@type":"EntryPoint","urlTemplate":"https:\/\/www.tressis.com\/ca\/?s={search_term_string}"},"query-input":{"@type":"PropertyValueSpecification","valueRequired":true,"valueName":"search_term_string"}}],"inLanguage":"ca"},{"@type":"Organization","@id":"https:\/\/www.tressis.com\/ca\/#organization","name":"Tressis","url":"https:\/\/www.tressis.com\/ca\/","logo":{"@type":"ImageObject","inLanguage":"ca","@id":"https:\/\/www.tressis.com\/ca\/#\/schema\/logo\/image\/","url":"https:\/\/www.tressis.com\/wp-content\/uploads\/2025\/06\/logo-tressis-112.png","contentUrl":"https:\/\/www.tressis.com\/wp-content\/uploads\/2025\/06\/logo-tressis-112.png","width":112,"height":112,"caption":"Tressis"},"image":{"@id":"https:\/\/www.tressis.com\/ca\/#\/schema\/logo\/image\/"},"sameAs":["https:\/\/www.facebook.com\/Tressis\/","https:\/\/x.com\/TressisSV","https:\/\/www.instagram.com\/tressissv\/?hl=es","https:\/\/linkedin.com\/company\/tressis\/","https:\/\/www.youtube.com\/user\/tressissv","https:\/\/open.spotify.com\/show\/3jmTe1Nf0wqMILl7diWV6h?si=d7112519f13c4593&nd=1"]},{"@type":"Person","@id":"https:\/\/www.tressis.com\/ca\/#\/schema\/person\/56d3b4de0493f088a4ca62a2e0c790ae","name":"Armando","image":{"@type":"ImageObject","inLanguage":"ca","@id":"https:\/\/secure.gravatar.com\/avatar\/6d7efca74644be7dae792b122beab663996c233ae58f101b52769ece1cbf1435?s=96&d=mm&r=g","url":"https:\/\/secure.gravatar.com\/avatar\/6d7efca74644be7dae792b122beab663996c233ae58f101b52769ece1cbf1435?s=96&d=mm&r=g","contentUrl":"https:\/\/secure.gravatar.com\/avatar\/6d7efca74644be7dae792b122beab663996c233ae58f101b52769ece1cbf1435?s=96&d=mm&r=g","caption":"Armando"}}]}},"_links":{"self":[{"href":"https:\/\/www.tressis.com\/ca\/wp-json\/wp\/v2\/posts\/77235","targetHints":{"allow":["GET"]}}],"collection":[{"href":"https:\/\/www.tressis.com\/ca\/wp-json\/wp\/v2\/posts"}],"about":[{"href":"https:\/\/www.tressis.com\/ca\/wp-json\/wp\/v2\/types\/post"}],"author":[{"embeddable":true,"href":"https:\/\/www.tressis.com\/ca\/wp-json\/wp\/v2\/users\/9"}],"replies":[{"embeddable":true,"href":"https:\/\/www.tressis.com\/ca\/wp-json\/wp\/v2\/comments?post=77235"}],"version-history":[{"count":0,"href":"https:\/\/www.tressis.com\/ca\/wp-json\/wp\/v2\/posts\/77235\/revisions"}],"wp:featuredmedia":[{"embeddable":true,"href":"https:\/\/www.tressis.com\/ca\/wp-json\/wp\/v2\/media\/77245"}],"wp:attachment":[{"href":"https:\/\/www.tressis.com\/ca\/wp-json\/wp\/v2\/media?parent=77235"}],"wp:term":[{"taxonomy":"category","embeddable":true,"href":"https:\/\/www.tressis.com\/ca\/wp-json\/wp\/v2\/categories?post=77235"},{"taxonomy":"post_tag","embeddable":true,"href":"https:\/\/www.tressis.com\/ca\/wp-json\/wp\/v2\/tags?post=77235"}],"curies":[{"name":"wp","href":"https:\/\/api.w.org\/{rel}","templated":true}]}}