{"id":76750,"date":"2024-01-16T09:27:21","date_gmt":"2024-01-16T08:27:21","guid":{"rendered":"https:\/\/www.tressis.com\/?p=76750"},"modified":"2024-01-23T17:55:14","modified_gmt":"2024-01-23T16:55:14","slug":"bce-opina-que-es-pronto","status":"publish","type":"post","link":"https:\/\/www.tressis.com\/ca\/blog\/bce-opina-que-es-pronto\/","title":{"rendered":"Miembros del BCE opinan que es pronto para hablar de recortes"},"content":{"rendered":"<p>Ayer tuvimos una jornada de bolsa en negativo en todos los \u00edndices europeos entre los que destaca la ca\u00edda del Euro Stoxx 50, que cerr\u00f3 con un -0.57%. El IBEX 35 espa\u00f1ol se apunt\u00f3 un -0.18% lastrado principalmente por el sector productos de consumo no b\u00e1sico (-0.5%) con las empresas de hoteles, centros de vacaciones y cruceros Amadeus y Meli\u00e1 dej\u00e1ndose un -0.81% y \u20130.43% respectivamente. El FTSE MIB italiano con un -0.47%, el FTSE 100 del Reino Unido con un -0.39%, el CAC 40 franc\u00e9s con un -0.72%, y el DAX alem\u00e1n un -0.49%, donde el sector con peor comportamiento fue el de bienes de consumo no b\u00e1sico, teniendo la empresa de productos de higiene personal Beiersdorf, un retroceso de -2.82%.<\/p>\n<p>&nbsp;<\/p>\n<p>Las bolsas en EE.UU. no abrieron por la festividad del D\u00eda de Martin Luther King. Ello ha condicionado una jornada burs\u00e1til sin grandes movimientos, al no contar con novedades.<\/p>\n<p>&nbsp;<\/p>\n<p style=\"text-align: center;\"><strong>Estrategia 2024<\/strong><\/p>\n<div style=\"text-align: center; margin-bottom: 10px;\"><a href=\"https:\/\/www.tressis.com\/landing\/campana\/tressis-vision\/index.html?utm_campaign=descarga_paper&amp;utm_medium=blog_MMV&amp;utm_source=tressisvision\" target=\"_blank\" rel=\"noopener\"><img class=\"alignnone size-full wp-image-67199\" \nsrc=\"https:\/\/www.tressis.com\/wp-content\/uploads\/2023\/03\/CTA-Tressis-vision-para-articulos-blog.jpg\" alt=\"Informe mensual - Tressis visi\u00f3n\" \nwidth=\"800\" height=\"354\" srcset=\"https:\/\/www.tressis.com\/wp-content\/uploads\/2023\/03\/CTA-Tressis-vision-para-articulos-blog.jpg 800w, https:\/\/www.tressis.com\/wp-content\/uploads\/2023\/03\/CTA-Tressis-vision-para-articulos-blog-300x133.jpg 300w, https:\/\/www.tressis.com\/wp-content\/uploads\/2023\/03\/CTA-Tressis-vision-para-articulos-blog-768x340.jpg 768w\" sizes=\"(max-width: 800px) 100vw, 800px\" \/><\/a><\/div>\n<p>&nbsp;<\/p>\n<p>Este d\u00eda de fiesta ha concedido un mayor protagonismo a las novedades desde China. A finales de la semana pasada se dispararon los rumores de una inminente rebaja de tipos por parte de las autoridades de Pek\u00edn. El banco central chino ha movido ficha hoy, pero \u00fanicamente para introducir m\u00e1s liquidez. Al t\u00e9rmino de la jornada de hoy el \u00edndice CSI 300 de China ha bajado un -0.1%. En la vecina Jap\u00f3n, en cambio, el \u00edndice Nikkei cerr\u00f3 con una subida del 0.91%.<\/p>\n<p>&nbsp;<\/p>\n<p>En cuanto a tipos se refiere, en Europa varios miembros del BCE han declarado que es demasiado pronto para hablar de recortes de tipos. En Davos, el miembro del Consejo de Gobierno del BCE y gobernador del Banco Nacional de Austria, Robert Holzmann, ha advertido de que, con los datos macroecon\u00f3micos y las amenazas geopol\u00edticas, &#8220;no se deber\u00eda apostar en absoluto por una bajada de tipos en 2024&#8221;.<\/p>\n<p>&nbsp;<\/p>\n<p>Por el lado de la renta fija, en el mercado de deuda, el pasado viernes, antes de la jornada festiva en Norte Am\u00e9rica, la rentabilidad del bono estadounidense a diez a\u00f1os se mantuvo por debajo de la barrera del 4%, concretamente en el 3,939%. En Europa, sin embargo, la rentabilidad del bono a diez a\u00f1os alem\u00e1n sube hoy hasta el 2,23% y la del bono espa\u00f1ol a diez a\u00f1os hasta el 3,145%.<\/p>\n<p>&nbsp;<\/p>\n<p>Feliz martes.<\/p>\n<p>&nbsp;<\/p>\n<p><center><strong>Jes\u00fas Cabrero Cabello<\/strong><br \/>\nAnalista<\/center><\/p>\n","protected":false},"excerpt":{"rendered":"<p>Ayer tuvimos una jornada de bolsa en negativo en todos los \u00edndices europeos entre los que destaca la ca\u00edda del Euro Stoxx 50, que cerr\u00f3 con un -0.57%. El IBEX 35 espa\u00f1ol se apunt\u00f3 un -0.18% lastrado principalmente por el sector productos de consumo no b\u00e1sico (-0.5%) con las empresas de hoteles, centros de vacaciones [&hellip;]<\/p>\n","protected":false},"author":9,"featured_media":76755,"comment_status":"closed","ping_status":"open","sticky":false,"template":"","format":"standard","meta":{"_acf_changed":false,"footnotes":""},"categories":[9721],"tags":[183,9391,1786,9390,9167,4103,9308],"class_list":["post-76750","post","type-post","status-publish","format-standard","has-post-thumbnail","hentry","category-morning-meeting","tag-amadeus","tag-beiersdorf","tag-davos","tag-dia-de-martin-luther-king","tag-el-ibex-35-hoy","tag-melia","tag-recortes-de-tipos"],"acf":[],"yoast_head":"<!-- This site is optimized with the Yoast SEO plugin v27.5 - https:\/\/yoast.com\/product\/yoast-seo-wordpress\/ -->\n<title>Miembros del BCE opinan que es pronto para hablar de recortes<\/title>\n<meta name=\"description\" content=\"Robert Holzmann, miembro del Consejo de Gobierno del BCE y gobernador del Banco Nacional de Austria, declara en Davos que con los datos macroecon\u00f3micos y las amenazas geopol\u00edticas, &quot;no se deber\u00eda apostar en absoluto por una bajada de tipos en 2024&quot;.\" \/>\n<meta name=\"robots\" content=\"index, follow, max-snippet:-1, max-image-preview:large, max-video-preview:-1\" \/>\n<link rel=\"canonical\" href=\"https:\/\/www.tressis.com\/ca\/blog\/bce-opina-que-es-pronto\/\" \/>\n<meta property=\"og:locale\" content=\"ca_ES\" \/>\n<meta property=\"og:type\" content=\"article\" \/>\n<meta property=\"og:title\" content=\"Miembros del BCE opinan que es pronto para hablar de recortes\" \/>\n<meta property=\"og:description\" content=\"Robert Holzmann, miembro del Consejo de Gobierno del BCE y gobernador del Banco Nacional de Austria, declara en Davos que con los datos macroecon\u00f3micos y las amenazas geopol\u00edticas, &quot;no se deber\u00eda apostar en absoluto por una bajada de tipos en 2024&quot;.\" \/>\n<meta property=\"og:url\" content=\"https:\/\/www.tressis.com\/ca\/blog\/bce-opina-que-es-pronto\/\" \/>\n<meta property=\"og:site_name\" content=\"Tressis\" \/>\n<meta property=\"article:publisher\" content=\"https:\/\/www.facebook.com\/Tressis\/\" \/>\n<meta property=\"article:published_time\" content=\"2024-01-16T08:27:21+00:00\" \/>\n<meta property=\"article:modified_time\" content=\"2024-01-23T16:55:14+00:00\" \/>\n<meta property=\"og:image\" content=\"https:\/\/www.tressis.com\/wp-content\/uploads\/2024\/01\/bce-opina-que-es-pronto.jpg\" \/>\n\t<meta property=\"og:image:width\" content=\"1100\" \/>\n\t<meta property=\"og:image:height\" content=\"487\" \/>\n\t<meta property=\"og:image:type\" content=\"image\/jpeg\" \/>\n<meta name=\"author\" content=\"Armando\" \/>\n<meta name=\"twitter:card\" content=\"summary_large_image\" \/>\n<meta name=\"twitter:creator\" content=\"@TressisSV\" \/>\n<meta name=\"twitter:site\" content=\"@TressisSV\" \/>\n<meta name=\"twitter:label1\" content=\"Escrit per\" \/>\n\t<meta name=\"twitter:data1\" content=\"Armando\" \/>\n\t<meta name=\"twitter:label2\" content=\"Temps estimat de lectura\" \/>\n\t<meta name=\"twitter:data2\" content=\"2 minuts\" \/>\n<script type=\"application\/ld+json\" class=\"yoast-schema-graph\">{\"@context\":\"https:\\\/\\\/schema.org\",\"@graph\":[{\"@type\":\"Article\",\"@id\":\"https:\\\/\\\/www.tressis.com\\\/ca\\\/blog\\\/bce-opina-que-es-pronto\\\/#article\",\"isPartOf\":{\"@id\":\"https:\\\/\\\/www.tressis.com\\\/ca\\\/blog\\\/bce-opina-que-es-pronto\\\/\"},\"author\":{\"name\":\"Armando\",\"@id\":\"https:\\\/\\\/www.tressis.com\\\/ca\\\/#\\\/schema\\\/person\\\/56d3b4de0493f088a4ca62a2e0c790ae\"},\"headline\":\"Miembros del BCE opinan que es pronto para hablar de recortes\",\"datePublished\":\"2024-01-16T08:27:21+00:00\",\"dateModified\":\"2024-01-23T16:55:14+00:00\",\"mainEntityOfPage\":{\"@id\":\"https:\\\/\\\/www.tressis.com\\\/ca\\\/blog\\\/bce-opina-que-es-pronto\\\/\"},\"wordCount\":412,\"publisher\":{\"@id\":\"https:\\\/\\\/www.tressis.com\\\/ca\\\/#organization\"},\"image\":{\"@id\":\"https:\\\/\\\/www.tressis.com\\\/ca\\\/blog\\\/bce-opina-que-es-pronto\\\/#primaryimage\"},\"thumbnailUrl\":\"https:\\\/\\\/www.tressis.com\\\/wp-content\\\/uploads\\\/2024\\\/01\\\/bce-opina-que-es-pronto.jpg\",\"keywords\":[\"amadeus\",\"Beiersdorf\",\"Davos\",\"D\u00eda de Martin Luther King\",\"el Ibex 35 hoy\",\"melia\",\"recortes de tipos\"],\"articleSection\":[\"Morning meeting\"],\"inLanguage\":\"ca\"},{\"@type\":\"WebPage\",\"@id\":\"https:\\\/\\\/www.tressis.com\\\/ca\\\/blog\\\/bce-opina-que-es-pronto\\\/\",\"url\":\"https:\\\/\\\/www.tressis.com\\\/ca\\\/blog\\\/bce-opina-que-es-pronto\\\/\",\"name\":\"Miembros del BCE opinan que es pronto para hablar de recortes\",\"isPartOf\":{\"@id\":\"https:\\\/\\\/www.tressis.com\\\/ca\\\/#website\"},\"primaryImageOfPage\":{\"@id\":\"https:\\\/\\\/www.tressis.com\\\/ca\\\/blog\\\/bce-opina-que-es-pronto\\\/#primaryimage\"},\"image\":{\"@id\":\"https:\\\/\\\/www.tressis.com\\\/ca\\\/blog\\\/bce-opina-que-es-pronto\\\/#primaryimage\"},\"thumbnailUrl\":\"https:\\\/\\\/www.tressis.com\\\/wp-content\\\/uploads\\\/2024\\\/01\\\/bce-opina-que-es-pronto.jpg\",\"datePublished\":\"2024-01-16T08:27:21+00:00\",\"dateModified\":\"2024-01-23T16:55:14+00:00\",\"description\":\"Robert Holzmann, miembro del Consejo de Gobierno del BCE y gobernador del Banco Nacional de Austria, declara en Davos que con los datos macroecon\u00f3micos y las amenazas geopol\u00edticas, \\\"no se deber\u00eda apostar en absoluto por una bajada de tipos en 2024\\\".\",\"breadcrumb\":{\"@id\":\"https:\\\/\\\/www.tressis.com\\\/ca\\\/blog\\\/bce-opina-que-es-pronto\\\/#breadcrumb\"},\"inLanguage\":\"ca\",\"potentialAction\":[{\"@type\":\"ReadAction\",\"target\":[\"https:\\\/\\\/www.tressis.com\\\/ca\\\/blog\\\/bce-opina-que-es-pronto\\\/\"]}]},{\"@type\":\"ImageObject\",\"inLanguage\":\"ca\",\"@id\":\"https:\\\/\\\/www.tressis.com\\\/ca\\\/blog\\\/bce-opina-que-es-pronto\\\/#primaryimage\",\"url\":\"https:\\\/\\\/www.tressis.com\\\/wp-content\\\/uploads\\\/2024\\\/01\\\/bce-opina-que-es-pronto.jpg\",\"contentUrl\":\"https:\\\/\\\/www.tressis.com\\\/wp-content\\\/uploads\\\/2024\\\/01\\\/bce-opina-que-es-pronto.jpg\",\"width\":1100,\"height\":487,\"caption\":\"Emblema del foro econ\u00f3mico mundial en Davos\"},{\"@type\":\"BreadcrumbList\",\"@id\":\"https:\\\/\\\/www.tressis.com\\\/ca\\\/blog\\\/bce-opina-que-es-pronto\\\/#breadcrumb\",\"itemListElement\":[{\"@type\":\"ListItem\",\"position\":1,\"name\":\"Inicio\",\"item\":\"https:\\\/\\\/www.tressis.com\\\/ca\\\/\"},{\"@type\":\"ListItem\",\"position\":2,\"name\":\"Morning meeting\",\"item\":\"https:\\\/\\\/www.tressis.com\\\/ca\\\/blog\\\/categorias\\\/morning-meeting-ca\\\/\"},{\"@type\":\"ListItem\",\"position\":3,\"name\":\"Miembros del BCE opinan que es pronto para hablar de recortes\"}]},{\"@type\":\"WebSite\",\"@id\":\"https:\\\/\\\/www.tressis.com\\\/ca\\\/#website\",\"url\":\"https:\\\/\\\/www.tressis.com\\\/ca\\\/\",\"name\":\"Tressis banca privada\",\"description\":\"Tressis | Planificaci\u00f3n financiera y gesti\u00f3n de patrimonios\",\"publisher\":{\"@id\":\"https:\\\/\\\/www.tressis.com\\\/ca\\\/#organization\"},\"potentialAction\":[{\"@type\":\"SearchAction\",\"target\":{\"@type\":\"EntryPoint\",\"urlTemplate\":\"https:\\\/\\\/www.tressis.com\\\/ca\\\/?s={search_term_string}\"},\"query-input\":{\"@type\":\"PropertyValueSpecification\",\"valueRequired\":true,\"valueName\":\"search_term_string\"}}],\"inLanguage\":\"ca\"},{\"@type\":\"Organization\",\"@id\":\"https:\\\/\\\/www.tressis.com\\\/ca\\\/#organization\",\"name\":\"Tressis\",\"url\":\"https:\\\/\\\/www.tressis.com\\\/ca\\\/\",\"logo\":{\"@type\":\"ImageObject\",\"inLanguage\":\"ca\",\"@id\":\"https:\\\/\\\/www.tressis.com\\\/ca\\\/#\\\/schema\\\/logo\\\/image\\\/\",\"url\":\"https:\\\/\\\/www.tressis.com\\\/wp-content\\\/uploads\\\/2025\\\/06\\\/logo-tressis-112.png\",\"contentUrl\":\"https:\\\/\\\/www.tressis.com\\\/wp-content\\\/uploads\\\/2025\\\/06\\\/logo-tressis-112.png\",\"width\":112,\"height\":112,\"caption\":\"Tressis\"},\"image\":{\"@id\":\"https:\\\/\\\/www.tressis.com\\\/ca\\\/#\\\/schema\\\/logo\\\/image\\\/\"},\"sameAs\":[\"https:\\\/\\\/www.facebook.com\\\/Tressis\\\/\",\"https:\\\/\\\/x.com\\\/TressisSV\",\"https:\\\/\\\/www.instagram.com\\\/tressissv\\\/?hl=es\",\"https:\\\/\\\/linkedin.com\\\/company\\\/tressis\\\/\",\"https:\\\/\\\/www.youtube.com\\\/user\\\/tressissv\",\"https:\\\/\\\/open.spotify.com\\\/show\\\/3jmTe1Nf0wqMILl7diWV6h?si=d7112519f13c4593&nd=1\"]},{\"@type\":\"Person\",\"@id\":\"https:\\\/\\\/www.tressis.com\\\/ca\\\/#\\\/schema\\\/person\\\/56d3b4de0493f088a4ca62a2e0c790ae\",\"name\":\"Armando\",\"image\":{\"@type\":\"ImageObject\",\"inLanguage\":\"ca\",\"@id\":\"https:\\\/\\\/secure.gravatar.com\\\/avatar\\\/6d7efca74644be7dae792b122beab663996c233ae58f101b52769ece1cbf1435?s=96&d=mm&r=g\",\"url\":\"https:\\\/\\\/secure.gravatar.com\\\/avatar\\\/6d7efca74644be7dae792b122beab663996c233ae58f101b52769ece1cbf1435?s=96&d=mm&r=g\",\"contentUrl\":\"https:\\\/\\\/secure.gravatar.com\\\/avatar\\\/6d7efca74644be7dae792b122beab663996c233ae58f101b52769ece1cbf1435?s=96&d=mm&r=g\",\"caption\":\"Armando\"}}]}<\/script>\n<!-- \/ Yoast SEO plugin. -->","yoast_head_json":{"title":"Miembros del BCE opinan que es pronto para hablar de recortes","description":"Robert Holzmann, miembro del Consejo de Gobierno del BCE y gobernador del Banco Nacional de Austria, declara en Davos que con los datos macroecon\u00f3micos y las amenazas geopol\u00edticas, \"no se deber\u00eda apostar en absoluto por una bajada de tipos en 2024\".","robots":{"index":"index","follow":"follow","max-snippet":"max-snippet:-1","max-image-preview":"max-image-preview:large","max-video-preview":"max-video-preview:-1"},"canonical":"https:\/\/www.tressis.com\/ca\/blog\/bce-opina-que-es-pronto\/","og_locale":"ca_ES","og_type":"article","og_title":"Miembros del BCE opinan que es pronto para hablar de recortes","og_description":"Robert Holzmann, miembro del Consejo de Gobierno del BCE y gobernador del Banco Nacional de Austria, declara en Davos que con los datos macroecon\u00f3micos y las amenazas geopol\u00edticas, \"no se deber\u00eda apostar en absoluto por una bajada de tipos en 2024\".","og_url":"https:\/\/www.tressis.com\/ca\/blog\/bce-opina-que-es-pronto\/","og_site_name":"Tressis","article_publisher":"https:\/\/www.facebook.com\/Tressis\/","article_published_time":"2024-01-16T08:27:21+00:00","article_modified_time":"2024-01-23T16:55:14+00:00","og_image":[{"width":1100,"height":487,"url":"https:\/\/www.tressis.com\/wp-content\/uploads\/2024\/01\/bce-opina-que-es-pronto.jpg","type":"image\/jpeg"}],"author":"Armando","twitter_card":"summary_large_image","twitter_creator":"@TressisSV","twitter_site":"@TressisSV","twitter_misc":{"Escrit per":"Armando","Temps estimat de lectura":"2 minuts"},"schema":{"@context":"https:\/\/schema.org","@graph":[{"@type":"Article","@id":"https:\/\/www.tressis.com\/ca\/blog\/bce-opina-que-es-pronto\/#article","isPartOf":{"@id":"https:\/\/www.tressis.com\/ca\/blog\/bce-opina-que-es-pronto\/"},"author":{"name":"Armando","@id":"https:\/\/www.tressis.com\/ca\/#\/schema\/person\/56d3b4de0493f088a4ca62a2e0c790ae"},"headline":"Miembros del BCE opinan que es pronto para hablar de recortes","datePublished":"2024-01-16T08:27:21+00:00","dateModified":"2024-01-23T16:55:14+00:00","mainEntityOfPage":{"@id":"https:\/\/www.tressis.com\/ca\/blog\/bce-opina-que-es-pronto\/"},"wordCount":412,"publisher":{"@id":"https:\/\/www.tressis.com\/ca\/#organization"},"image":{"@id":"https:\/\/www.tressis.com\/ca\/blog\/bce-opina-que-es-pronto\/#primaryimage"},"thumbnailUrl":"https:\/\/www.tressis.com\/wp-content\/uploads\/2024\/01\/bce-opina-que-es-pronto.jpg","keywords":["amadeus","Beiersdorf","Davos","D\u00eda de Martin Luther King","el Ibex 35 hoy","melia","recortes de tipos"],"articleSection":["Morning meeting"],"inLanguage":"ca"},{"@type":"WebPage","@id":"https:\/\/www.tressis.com\/ca\/blog\/bce-opina-que-es-pronto\/","url":"https:\/\/www.tressis.com\/ca\/blog\/bce-opina-que-es-pronto\/","name":"Miembros del BCE opinan que es pronto para hablar de recortes","isPartOf":{"@id":"https:\/\/www.tressis.com\/ca\/#website"},"primaryImageOfPage":{"@id":"https:\/\/www.tressis.com\/ca\/blog\/bce-opina-que-es-pronto\/#primaryimage"},"image":{"@id":"https:\/\/www.tressis.com\/ca\/blog\/bce-opina-que-es-pronto\/#primaryimage"},"thumbnailUrl":"https:\/\/www.tressis.com\/wp-content\/uploads\/2024\/01\/bce-opina-que-es-pronto.jpg","datePublished":"2024-01-16T08:27:21+00:00","dateModified":"2024-01-23T16:55:14+00:00","description":"Robert Holzmann, miembro del Consejo de Gobierno del BCE y gobernador del Banco Nacional de Austria, declara en Davos que con los datos macroecon\u00f3micos y las amenazas geopol\u00edticas, \"no se deber\u00eda apostar en absoluto por una bajada de tipos en 2024\".","breadcrumb":{"@id":"https:\/\/www.tressis.com\/ca\/blog\/bce-opina-que-es-pronto\/#breadcrumb"},"inLanguage":"ca","potentialAction":[{"@type":"ReadAction","target":["https:\/\/www.tressis.com\/ca\/blog\/bce-opina-que-es-pronto\/"]}]},{"@type":"ImageObject","inLanguage":"ca","@id":"https:\/\/www.tressis.com\/ca\/blog\/bce-opina-que-es-pronto\/#primaryimage","url":"https:\/\/www.tressis.com\/wp-content\/uploads\/2024\/01\/bce-opina-que-es-pronto.jpg","contentUrl":"https:\/\/www.tressis.com\/wp-content\/uploads\/2024\/01\/bce-opina-que-es-pronto.jpg","width":1100,"height":487,"caption":"Emblema del foro econ\u00f3mico mundial en Davos"},{"@type":"BreadcrumbList","@id":"https:\/\/www.tressis.com\/ca\/blog\/bce-opina-que-es-pronto\/#breadcrumb","itemListElement":[{"@type":"ListItem","position":1,"name":"Inicio","item":"https:\/\/www.tressis.com\/ca\/"},{"@type":"ListItem","position":2,"name":"Morning meeting","item":"https:\/\/www.tressis.com\/ca\/blog\/categorias\/morning-meeting-ca\/"},{"@type":"ListItem","position":3,"name":"Miembros del BCE opinan que es pronto para hablar de recortes"}]},{"@type":"WebSite","@id":"https:\/\/www.tressis.com\/ca\/#website","url":"https:\/\/www.tressis.com\/ca\/","name":"Tressis banca privada","description":"Tressis | Planificaci\u00f3n financiera y gesti\u00f3n de patrimonios","publisher":{"@id":"https:\/\/www.tressis.com\/ca\/#organization"},"potentialAction":[{"@type":"SearchAction","target":{"@type":"EntryPoint","urlTemplate":"https:\/\/www.tressis.com\/ca\/?s={search_term_string}"},"query-input":{"@type":"PropertyValueSpecification","valueRequired":true,"valueName":"search_term_string"}}],"inLanguage":"ca"},{"@type":"Organization","@id":"https:\/\/www.tressis.com\/ca\/#organization","name":"Tressis","url":"https:\/\/www.tressis.com\/ca\/","logo":{"@type":"ImageObject","inLanguage":"ca","@id":"https:\/\/www.tressis.com\/ca\/#\/schema\/logo\/image\/","url":"https:\/\/www.tressis.com\/wp-content\/uploads\/2025\/06\/logo-tressis-112.png","contentUrl":"https:\/\/www.tressis.com\/wp-content\/uploads\/2025\/06\/logo-tressis-112.png","width":112,"height":112,"caption":"Tressis"},"image":{"@id":"https:\/\/www.tressis.com\/ca\/#\/schema\/logo\/image\/"},"sameAs":["https:\/\/www.facebook.com\/Tressis\/","https:\/\/x.com\/TressisSV","https:\/\/www.instagram.com\/tressissv\/?hl=es","https:\/\/linkedin.com\/company\/tressis\/","https:\/\/www.youtube.com\/user\/tressissv","https:\/\/open.spotify.com\/show\/3jmTe1Nf0wqMILl7diWV6h?si=d7112519f13c4593&nd=1"]},{"@type":"Person","@id":"https:\/\/www.tressis.com\/ca\/#\/schema\/person\/56d3b4de0493f088a4ca62a2e0c790ae","name":"Armando","image":{"@type":"ImageObject","inLanguage":"ca","@id":"https:\/\/secure.gravatar.com\/avatar\/6d7efca74644be7dae792b122beab663996c233ae58f101b52769ece1cbf1435?s=96&d=mm&r=g","url":"https:\/\/secure.gravatar.com\/avatar\/6d7efca74644be7dae792b122beab663996c233ae58f101b52769ece1cbf1435?s=96&d=mm&r=g","contentUrl":"https:\/\/secure.gravatar.com\/avatar\/6d7efca74644be7dae792b122beab663996c233ae58f101b52769ece1cbf1435?s=96&d=mm&r=g","caption":"Armando"}}]}},"_links":{"self":[{"href":"https:\/\/www.tressis.com\/ca\/wp-json\/wp\/v2\/posts\/76750","targetHints":{"allow":["GET"]}}],"collection":[{"href":"https:\/\/www.tressis.com\/ca\/wp-json\/wp\/v2\/posts"}],"about":[{"href":"https:\/\/www.tressis.com\/ca\/wp-json\/wp\/v2\/types\/post"}],"author":[{"embeddable":true,"href":"https:\/\/www.tressis.com\/ca\/wp-json\/wp\/v2\/users\/9"}],"replies":[{"embeddable":true,"href":"https:\/\/www.tressis.com\/ca\/wp-json\/wp\/v2\/comments?post=76750"}],"version-history":[{"count":0,"href":"https:\/\/www.tressis.com\/ca\/wp-json\/wp\/v2\/posts\/76750\/revisions"}],"wp:featuredmedia":[{"embeddable":true,"href":"https:\/\/www.tressis.com\/ca\/wp-json\/wp\/v2\/media\/76755"}],"wp:attachment":[{"href":"https:\/\/www.tressis.com\/ca\/wp-json\/wp\/v2\/media?parent=76750"}],"wp:term":[{"taxonomy":"category","embeddable":true,"href":"https:\/\/www.tressis.com\/ca\/wp-json\/wp\/v2\/categories?post=76750"},{"taxonomy":"post_tag","embeddable":true,"href":"https:\/\/www.tressis.com\/ca\/wp-json\/wp\/v2\/tags?post=76750"}],"curies":[{"name":"wp","href":"https:\/\/api.w.org\/{rel}","templated":true}]}}