{"id":76112,"date":"2023-12-18T09:11:18","date_gmt":"2023-12-18T08:11:18","guid":{"rendered":"https:\/\/www.tressis.com\/?p=76112"},"modified":"2023-12-18T10:20:55","modified_gmt":"2023-12-18T09:20:55","slug":"energeticas-buscan-potenciar-energias-renovables","status":"publish","type":"post","link":"https:\/\/www.tressis.com\/ca\/blog\/energeticas-buscan-potenciar-energias-renovables\/","title":{"rendered":"Las energ\u00e9ticas buscan potenciar las energ\u00edas renovables"},"content":{"rendered":"<p>El viernes se publicaron en Europa y Estados Unidos los datos preliminares de actividad econ\u00f3mica (PMI). En el Viejo Continente las cifras salieron por debajo de lo estimado mientras que al otro lado del Atl\u00e1ntico tanto el \u00edndice compuesto como el de servicios batieron expectativas, siendo el manufacturero el que decepcion\u00f3.<\/p>\n<p>&nbsp;<\/p>\n<p>Datos preliminares de actividad econ\u00f3mica del mes diciembre:<\/p>\n<p>&nbsp;<\/p>\n<table id=\"table-2\" class=\"wptg-table wptg-comparison-table\">\n<thead class=\"wptg-thead\">\n<tr>\n<th class=\"placeholder wptg-placeholder\"><\/th>\n<th>Estimado<\/th>\n<th>Efectivo<\/th>\n<th>Anterior<\/th>\n<\/tr>\n<\/thead>\n<tbody class=\"wptg-tbody\">\n<tr>\n<td>PMI Compuesto Eurozona<\/td>\n<td>48<\/td>\n<td>47<\/td>\n<td>47,6<\/td>\n<\/tr>\n<tr>\n<td>PMI Servicios Eurozona<\/td>\n<td>49<\/td>\n<td>48,1<\/td>\n<td>48,7<\/td>\n<\/tr>\n<tr>\n<td>PMI Manufacturero Eurozona<\/td>\n<td>44,6<\/td>\n<td>44,2<\/td>\n<td>44,2<\/td>\n<\/tr>\n<tr>\n<td>PMI Compuesto EE.UU.<\/td>\n<td>50,5<\/td>\n<td>51<\/td>\n<td>50,7<\/td>\n<\/tr>\n<tr>\n<td>PMI Servicios EE.UU.<\/td>\n<td>50,7<\/td>\n<td>51,3<\/td>\n<td>50,8<\/td>\n<\/tr>\n<tr>\n<td>PMI Manufacturero EE.UU.<\/td>\n<td>49,5<\/td>\n<td>48,2<\/td>\n<td>49,4<\/td>\n<\/tr>\n<\/tbody>\n<\/table>\n<p class=\"smallPie\">Fuente: Blooomberg. Elaboraci\u00f3n propia.<\/p>\n<p class=\"d-none\" style=\"text-align: center; margin-top: 20px;\">Fuente: Blooomberg. Elaboraci\u00f3n propia.<\/p>\n<p>&nbsp;<\/p>\n<p>El empeoramiento en la regi\u00f3n europea hizo que crecieran las expectativas del mercado sobre una bajada de tipos antes de lo previsto. Las curvas de deuda p\u00fablica europeas recogieron este cambio en la visi\u00f3n de los inversores y vieron reducida su rentabilidad tanto en los tramos largos como en los cortos. En EE.UU., en cambio, los movimientos no fueron tan positivos, solo los tramos m\u00e1s largos (10 a 30 a\u00f1os) experimentaron alzas en el precio, mientras que la rentabilidad en los plazos cortos y medios (1 a 7 a\u00f1os) aument\u00f3 ligeramente.<\/p>\n<p>&nbsp;<\/p>\n<p style=\"text-align: center;\"><strong>Informe de diciembre<\/strong><\/p>\n<div style=\"text-align: center; margin-bottom: 10px;\"><a href=\"https:\/\/www.tressis.com\/landing\/campana\/tressis-vision\/index.html?utm_campaign=descarga_paper&amp;utm_medium=blog_MMV&amp;utm_source=tressisvision\" target=\"_blank\" rel=\"noopener\"><img fetchpriority=\"high\" decoding=\"async\" class=\"alignnone size-full wp-image-67199\" src=\"https:\/\/www.tressis.com\/wp-content\/uploads\/2023\/03\/CTA-Tressis-vision-para-articulos-blog.jpg\" alt=\"Informe mensual - Tressis visi\u00f3n\" width=\"800\" height=\"354\" srcset=\"https:\/\/www.tressis.com\/wp-content\/uploads\/2023\/03\/CTA-Tressis-vision-para-articulos-blog.jpg 800w, https:\/\/www.tressis.com\/wp-content\/uploads\/2023\/03\/CTA-Tressis-vision-para-articulos-blog-300x133.jpg 300w, https:\/\/www.tressis.com\/wp-content\/uploads\/2023\/03\/CTA-Tressis-vision-para-articulos-blog-768x340.jpg 768w\" sizes=\"(max-width: 800px) 100vw, 800px\" \/><\/a><\/div>\n<p>&nbsp;<\/p>\n<p>El tono fue mixto en las principales bolsas mundiales. El Eurostoxx cerr\u00f3 en positivo 0,25%, el Nasdaq 0,35% arriba y el S&amp;P plano. El Ibex cedi\u00f3 algo de terreno, lastrado por el mal comportamiento de los valores del sector bancario, penalizados por unas estimaciones de recortes en los tipos de inter\u00e9s a la luz de los datos de los PMI europeos. Los protagonistas del selectivo espa\u00f1ol fueron Acciona +2,43% y Solaria +1,30%, que se vieron favorecidos por el acuerdo alcanzado por el Parlamento Europeo y el Consejo Europeo en la madrugada del jueves al viernes. Buscan, entre otras, cosas acelerar el despliegue de las renovables y reformar el mercado el\u00e9ctrico para limitar la volatilidad en los precios provocada por los combustibles f\u00f3siles, y reducir as\u00ed el impacto en los consumidores finales.<\/p>\n<p>&nbsp;<\/p>\n<p>Fueron los parqu\u00e9s asi\u00e1ticos los que brillaron en la \u00faltima jornada de la semana con el Hang Seng a la cabeza, que registr\u00f3 un alza superior al 2%. En China, los datos de producci\u00f3n industrial, as\u00ed como de las ventas al por menor, mostraron fortaleza y eso anim\u00f3 a las acciones de ese pa\u00eds. El primero sali\u00f3 por encima de las estimaciones y del dato anterior, mientras que las ventas minoristas, (aunque decepcionaron al consenso) aumentaron un 10,1% en noviembre frente al 7,6% del mes de octubre. Este es el quinto dato consecutivo en positivo desde el mes de julio; sin duda son unas cifras a tener en cuenta y que pueden ser la base de la recuperaci\u00f3n econ\u00f3mica del gigante asi\u00e1tico.<\/p>\n<p>&nbsp;<\/p>\n<p>Hoy lunes, se publicar\u00e1 en Alemania el \u00edndice de confianza empresarial y en Espa\u00f1a la balanza comercial referente a noviembre. En t\u00e9rminos agregados de la eurozona, comparecer\u00e1n Isabel Schnabel y Philip Lane \u2014ambos miembros del comit\u00e9 ejecutivo del BCE\u2014 y por otro lado ver\u00e1n la luz los datos de la balanza comercial de noviembre.<\/p>\n<p>&nbsp;<\/p>\n<p>Feliz lunes a todos.<\/p>\n<p>&nbsp;<\/p>\n<p><center><strong>Santiago de la Torriente<\/strong><br \/>\nAnalista<\/center><\/p>\n","protected":false},"excerpt":{"rendered":"<p>El viernes se publicaron en Europa y Estados Unidos los datos preliminares de actividad econ\u00f3mica (PMI). En el Viejo Continente las cifras salieron por debajo de lo estimado mientras que al otro lado del Atl\u00e1ntico tanto el \u00edndice compuesto como el de servicios batieron expectativas, siendo el manufacturero el que decepcion\u00f3. &nbsp; Datos preliminares de [&hellip;]<\/p>\n","protected":false},"author":9,"featured_media":76141,"comment_status":"closed","ping_status":"open","sticky":false,"template":"","format":"standard","meta":{"_acf_changed":false,"footnotes":""},"categories":[9721],"tags":[],"class_list":["post-76112","post","type-post","status-publish","format-standard","has-post-thumbnail","hentry","category-morning-meeting"],"acf":[],"yoast_head":"<!-- This site is optimized with the Yoast SEO plugin v27.5 - https:\/\/yoast.com\/product\/yoast-seo-wordpress\/ -->\n<title>Las energ\u00e9ticas buscan potenciar las energ\u00edas renovables<\/title>\n<meta name=\"description\" content=\"Acciona y Solaria buscan acelerar el despliegue de las renovables y reformar el mercado el\u00e9ctrico para limitar la volatilidad en los precios reduciendo as\u00ed el impacto en los consumidores finales.\" \/>\n<meta name=\"robots\" content=\"index, follow, max-snippet:-1, max-image-preview:large, max-video-preview:-1\" \/>\n<link rel=\"canonical\" href=\"https:\/\/www.tressis.com\/ca\/blog\/energeticas-buscan-potenciar-energias-renovables\/\" \/>\n<meta property=\"og:locale\" content=\"ca_ES\" \/>\n<meta property=\"og:type\" content=\"article\" \/>\n<meta property=\"og:title\" content=\"Las energ\u00e9ticas buscan potenciar las energ\u00edas renovables\" \/>\n<meta property=\"og:description\" content=\"Acciona y Solaria buscan acelerar el despliegue de las renovables y reformar el mercado el\u00e9ctrico para limitar la volatilidad en los precios reduciendo as\u00ed el impacto en los consumidores finales.\" \/>\n<meta property=\"og:url\" content=\"https:\/\/www.tressis.com\/ca\/blog\/energeticas-buscan-potenciar-energias-renovables\/\" \/>\n<meta property=\"og:site_name\" content=\"Tressis\" \/>\n<meta property=\"article:publisher\" content=\"https:\/\/www.facebook.com\/Tressis\/\" \/>\n<meta property=\"article:published_time\" content=\"2023-12-18T08:11:18+00:00\" \/>\n<meta property=\"article:modified_time\" content=\"2023-12-18T09:20:55+00:00\" \/>\n<meta property=\"og:image\" content=\"https:\/\/www.tressis.com\/wp-content\/uploads\/2023\/12\/energeticas-buscan-potenciar-energias-renovables.jpg\" \/>\n\t<meta property=\"og:image:width\" content=\"1100\" \/>\n\t<meta property=\"og:image:height\" content=\"487\" \/>\n\t<meta property=\"og:image:type\" content=\"image\/jpeg\" \/>\n<meta name=\"author\" content=\"Armando\" \/>\n<meta name=\"twitter:card\" content=\"summary_large_image\" \/>\n<meta name=\"twitter:creator\" content=\"@TressisSV\" \/>\n<meta name=\"twitter:site\" content=\"@TressisSV\" \/>\n<meta name=\"twitter:label1\" content=\"Escrit per\" \/>\n\t<meta name=\"twitter:data1\" content=\"Armando\" \/>\n\t<meta name=\"twitter:label2\" content=\"Temps estimat de lectura\" \/>\n\t<meta name=\"twitter:data2\" content=\"3 minuts\" \/>\n<script type=\"application\/ld+json\" class=\"yoast-schema-graph\">{\"@context\":\"https:\\\/\\\/schema.org\",\"@graph\":[{\"@type\":\"Article\",\"@id\":\"https:\\\/\\\/www.tressis.com\\\/ca\\\/blog\\\/energeticas-buscan-potenciar-energias-renovables\\\/#article\",\"isPartOf\":{\"@id\":\"https:\\\/\\\/www.tressis.com\\\/ca\\\/blog\\\/energeticas-buscan-potenciar-energias-renovables\\\/\"},\"author\":{\"name\":\"Armando\",\"@id\":\"https:\\\/\\\/www.tressis.com\\\/ca\\\/#\\\/schema\\\/person\\\/56d3b4de0493f088a4ca62a2e0c790ae\"},\"headline\":\"Las energ\u00e9ticas buscan potenciar las energ\u00edas renovables\",\"datePublished\":\"2023-12-18T08:11:18+00:00\",\"dateModified\":\"2023-12-18T09:20:55+00:00\",\"mainEntityOfPage\":{\"@id\":\"https:\\\/\\\/www.tressis.com\\\/ca\\\/blog\\\/energeticas-buscan-potenciar-energias-renovables\\\/\"},\"wordCount\":537,\"publisher\":{\"@id\":\"https:\\\/\\\/www.tressis.com\\\/ca\\\/#organization\"},\"image\":{\"@id\":\"https:\\\/\\\/www.tressis.com\\\/ca\\\/blog\\\/energeticas-buscan-potenciar-energias-renovables\\\/#primaryimage\"},\"thumbnailUrl\":\"https:\\\/\\\/www.tressis.com\\\/wp-content\\\/uploads\\\/2023\\\/12\\\/energeticas-buscan-potenciar-energias-renovables.jpg\",\"articleSection\":[\"Morning meeting\"],\"inLanguage\":\"ca\"},{\"@type\":\"WebPage\",\"@id\":\"https:\\\/\\\/www.tressis.com\\\/ca\\\/blog\\\/energeticas-buscan-potenciar-energias-renovables\\\/\",\"url\":\"https:\\\/\\\/www.tressis.com\\\/ca\\\/blog\\\/energeticas-buscan-potenciar-energias-renovables\\\/\",\"name\":\"Las energ\u00e9ticas buscan potenciar las energ\u00edas renovables\",\"isPartOf\":{\"@id\":\"https:\\\/\\\/www.tressis.com\\\/ca\\\/#website\"},\"primaryImageOfPage\":{\"@id\":\"https:\\\/\\\/www.tressis.com\\\/ca\\\/blog\\\/energeticas-buscan-potenciar-energias-renovables\\\/#primaryimage\"},\"image\":{\"@id\":\"https:\\\/\\\/www.tressis.com\\\/ca\\\/blog\\\/energeticas-buscan-potenciar-energias-renovables\\\/#primaryimage\"},\"thumbnailUrl\":\"https:\\\/\\\/www.tressis.com\\\/wp-content\\\/uploads\\\/2023\\\/12\\\/energeticas-buscan-potenciar-energias-renovables.jpg\",\"datePublished\":\"2023-12-18T08:11:18+00:00\",\"dateModified\":\"2023-12-18T09:20:55+00:00\",\"description\":\"Acciona y Solaria buscan acelerar el despliegue de las renovables y reformar el mercado el\u00e9ctrico para limitar la volatilidad en los precios reduciendo as\u00ed el impacto en los consumidores finales.\",\"breadcrumb\":{\"@id\":\"https:\\\/\\\/www.tressis.com\\\/ca\\\/blog\\\/energeticas-buscan-potenciar-energias-renovables\\\/#breadcrumb\"},\"inLanguage\":\"ca\",\"potentialAction\":[{\"@type\":\"ReadAction\",\"target\":[\"https:\\\/\\\/www.tressis.com\\\/ca\\\/blog\\\/energeticas-buscan-potenciar-energias-renovables\\\/\"]}]},{\"@type\":\"ImageObject\",\"inLanguage\":\"ca\",\"@id\":\"https:\\\/\\\/www.tressis.com\\\/ca\\\/blog\\\/energeticas-buscan-potenciar-energias-renovables\\\/#primaryimage\",\"url\":\"https:\\\/\\\/www.tressis.com\\\/wp-content\\\/uploads\\\/2023\\\/12\\\/energeticas-buscan-potenciar-energias-renovables.jpg\",\"contentUrl\":\"https:\\\/\\\/www.tressis.com\\\/wp-content\\\/uploads\\\/2023\\\/12\\\/energeticas-buscan-potenciar-energias-renovables.jpg\",\"width\":1100,\"height\":487,\"caption\":\"energ\u00e9ticas buscan potenciar las energ\u00edas renovables\"},{\"@type\":\"BreadcrumbList\",\"@id\":\"https:\\\/\\\/www.tressis.com\\\/ca\\\/blog\\\/energeticas-buscan-potenciar-energias-renovables\\\/#breadcrumb\",\"itemListElement\":[{\"@type\":\"ListItem\",\"position\":1,\"name\":\"Inicio\",\"item\":\"https:\\\/\\\/www.tressis.com\\\/ca\\\/\"},{\"@type\":\"ListItem\",\"position\":2,\"name\":\"Morning meeting\",\"item\":\"https:\\\/\\\/www.tressis.com\\\/ca\\\/blog\\\/categorias\\\/morning-meeting-ca\\\/\"},{\"@type\":\"ListItem\",\"position\":3,\"name\":\"Las energ\u00e9ticas buscan potenciar las energ\u00edas renovables\"}]},{\"@type\":\"WebSite\",\"@id\":\"https:\\\/\\\/www.tressis.com\\\/ca\\\/#website\",\"url\":\"https:\\\/\\\/www.tressis.com\\\/ca\\\/\",\"name\":\"Tressis banca privada\",\"description\":\"Tressis | Planificaci\u00f3n financiera y gesti\u00f3n de patrimonios\",\"publisher\":{\"@id\":\"https:\\\/\\\/www.tressis.com\\\/ca\\\/#organization\"},\"potentialAction\":[{\"@type\":\"SearchAction\",\"target\":{\"@type\":\"EntryPoint\",\"urlTemplate\":\"https:\\\/\\\/www.tressis.com\\\/ca\\\/?s={search_term_string}\"},\"query-input\":{\"@type\":\"PropertyValueSpecification\",\"valueRequired\":true,\"valueName\":\"search_term_string\"}}],\"inLanguage\":\"ca\"},{\"@type\":\"Organization\",\"@id\":\"https:\\\/\\\/www.tressis.com\\\/ca\\\/#organization\",\"name\":\"Tressis\",\"url\":\"https:\\\/\\\/www.tressis.com\\\/ca\\\/\",\"logo\":{\"@type\":\"ImageObject\",\"inLanguage\":\"ca\",\"@id\":\"https:\\\/\\\/www.tressis.com\\\/ca\\\/#\\\/schema\\\/logo\\\/image\\\/\",\"url\":\"https:\\\/\\\/www.tressis.com\\\/wp-content\\\/uploads\\\/2025\\\/06\\\/logo-tressis-112.png\",\"contentUrl\":\"https:\\\/\\\/www.tressis.com\\\/wp-content\\\/uploads\\\/2025\\\/06\\\/logo-tressis-112.png\",\"width\":112,\"height\":112,\"caption\":\"Tressis\"},\"image\":{\"@id\":\"https:\\\/\\\/www.tressis.com\\\/ca\\\/#\\\/schema\\\/logo\\\/image\\\/\"},\"sameAs\":[\"https:\\\/\\\/www.facebook.com\\\/Tressis\\\/\",\"https:\\\/\\\/x.com\\\/TressisSV\",\"https:\\\/\\\/www.instagram.com\\\/tressissv\\\/?hl=es\",\"https:\\\/\\\/linkedin.com\\\/company\\\/tressis\\\/\",\"https:\\\/\\\/www.youtube.com\\\/user\\\/tressissv\",\"https:\\\/\\\/open.spotify.com\\\/show\\\/3jmTe1Nf0wqMILl7diWV6h?si=d7112519f13c4593&nd=1\"]},{\"@type\":\"Person\",\"@id\":\"https:\\\/\\\/www.tressis.com\\\/ca\\\/#\\\/schema\\\/person\\\/56d3b4de0493f088a4ca62a2e0c790ae\",\"name\":\"Armando\",\"image\":{\"@type\":\"ImageObject\",\"inLanguage\":\"ca\",\"@id\":\"https:\\\/\\\/secure.gravatar.com\\\/avatar\\\/6d7efca74644be7dae792b122beab663996c233ae58f101b52769ece1cbf1435?s=96&d=mm&r=g\",\"url\":\"https:\\\/\\\/secure.gravatar.com\\\/avatar\\\/6d7efca74644be7dae792b122beab663996c233ae58f101b52769ece1cbf1435?s=96&d=mm&r=g\",\"contentUrl\":\"https:\\\/\\\/secure.gravatar.com\\\/avatar\\\/6d7efca74644be7dae792b122beab663996c233ae58f101b52769ece1cbf1435?s=96&d=mm&r=g\",\"caption\":\"Armando\"}}]}<\/script>\n<!-- \/ Yoast SEO plugin. -->","yoast_head_json":{"title":"Las energ\u00e9ticas buscan potenciar las energ\u00edas renovables","description":"Acciona y Solaria buscan acelerar el despliegue de las renovables y reformar el mercado el\u00e9ctrico para limitar la volatilidad en los precios reduciendo as\u00ed el impacto en los consumidores finales.","robots":{"index":"index","follow":"follow","max-snippet":"max-snippet:-1","max-image-preview":"max-image-preview:large","max-video-preview":"max-video-preview:-1"},"canonical":"https:\/\/www.tressis.com\/ca\/blog\/energeticas-buscan-potenciar-energias-renovables\/","og_locale":"ca_ES","og_type":"article","og_title":"Las energ\u00e9ticas buscan potenciar las energ\u00edas renovables","og_description":"Acciona y Solaria buscan acelerar el despliegue de las renovables y reformar el mercado el\u00e9ctrico para limitar la volatilidad en los precios reduciendo as\u00ed el impacto en los consumidores finales.","og_url":"https:\/\/www.tressis.com\/ca\/blog\/energeticas-buscan-potenciar-energias-renovables\/","og_site_name":"Tressis","article_publisher":"https:\/\/www.facebook.com\/Tressis\/","article_published_time":"2023-12-18T08:11:18+00:00","article_modified_time":"2023-12-18T09:20:55+00:00","og_image":[{"width":1100,"height":487,"url":"https:\/\/www.tressis.com\/wp-content\/uploads\/2023\/12\/energeticas-buscan-potenciar-energias-renovables.jpg","type":"image\/jpeg"}],"author":"Armando","twitter_card":"summary_large_image","twitter_creator":"@TressisSV","twitter_site":"@TressisSV","twitter_misc":{"Escrit per":"Armando","Temps estimat de lectura":"3 minuts"},"schema":{"@context":"https:\/\/schema.org","@graph":[{"@type":"Article","@id":"https:\/\/www.tressis.com\/ca\/blog\/energeticas-buscan-potenciar-energias-renovables\/#article","isPartOf":{"@id":"https:\/\/www.tressis.com\/ca\/blog\/energeticas-buscan-potenciar-energias-renovables\/"},"author":{"name":"Armando","@id":"https:\/\/www.tressis.com\/ca\/#\/schema\/person\/56d3b4de0493f088a4ca62a2e0c790ae"},"headline":"Las energ\u00e9ticas buscan potenciar las energ\u00edas renovables","datePublished":"2023-12-18T08:11:18+00:00","dateModified":"2023-12-18T09:20:55+00:00","mainEntityOfPage":{"@id":"https:\/\/www.tressis.com\/ca\/blog\/energeticas-buscan-potenciar-energias-renovables\/"},"wordCount":537,"publisher":{"@id":"https:\/\/www.tressis.com\/ca\/#organization"},"image":{"@id":"https:\/\/www.tressis.com\/ca\/blog\/energeticas-buscan-potenciar-energias-renovables\/#primaryimage"},"thumbnailUrl":"https:\/\/www.tressis.com\/wp-content\/uploads\/2023\/12\/energeticas-buscan-potenciar-energias-renovables.jpg","articleSection":["Morning meeting"],"inLanguage":"ca"},{"@type":"WebPage","@id":"https:\/\/www.tressis.com\/ca\/blog\/energeticas-buscan-potenciar-energias-renovables\/","url":"https:\/\/www.tressis.com\/ca\/blog\/energeticas-buscan-potenciar-energias-renovables\/","name":"Las energ\u00e9ticas buscan potenciar las energ\u00edas renovables","isPartOf":{"@id":"https:\/\/www.tressis.com\/ca\/#website"},"primaryImageOfPage":{"@id":"https:\/\/www.tressis.com\/ca\/blog\/energeticas-buscan-potenciar-energias-renovables\/#primaryimage"},"image":{"@id":"https:\/\/www.tressis.com\/ca\/blog\/energeticas-buscan-potenciar-energias-renovables\/#primaryimage"},"thumbnailUrl":"https:\/\/www.tressis.com\/wp-content\/uploads\/2023\/12\/energeticas-buscan-potenciar-energias-renovables.jpg","datePublished":"2023-12-18T08:11:18+00:00","dateModified":"2023-12-18T09:20:55+00:00","description":"Acciona y Solaria buscan acelerar el despliegue de las renovables y reformar el mercado el\u00e9ctrico para limitar la volatilidad en los precios reduciendo as\u00ed el impacto en los consumidores finales.","breadcrumb":{"@id":"https:\/\/www.tressis.com\/ca\/blog\/energeticas-buscan-potenciar-energias-renovables\/#breadcrumb"},"inLanguage":"ca","potentialAction":[{"@type":"ReadAction","target":["https:\/\/www.tressis.com\/ca\/blog\/energeticas-buscan-potenciar-energias-renovables\/"]}]},{"@type":"ImageObject","inLanguage":"ca","@id":"https:\/\/www.tressis.com\/ca\/blog\/energeticas-buscan-potenciar-energias-renovables\/#primaryimage","url":"https:\/\/www.tressis.com\/wp-content\/uploads\/2023\/12\/energeticas-buscan-potenciar-energias-renovables.jpg","contentUrl":"https:\/\/www.tressis.com\/wp-content\/uploads\/2023\/12\/energeticas-buscan-potenciar-energias-renovables.jpg","width":1100,"height":487,"caption":"energ\u00e9ticas buscan potenciar las energ\u00edas renovables"},{"@type":"BreadcrumbList","@id":"https:\/\/www.tressis.com\/ca\/blog\/energeticas-buscan-potenciar-energias-renovables\/#breadcrumb","itemListElement":[{"@type":"ListItem","position":1,"name":"Inicio","item":"https:\/\/www.tressis.com\/ca\/"},{"@type":"ListItem","position":2,"name":"Morning meeting","item":"https:\/\/www.tressis.com\/ca\/blog\/categorias\/morning-meeting-ca\/"},{"@type":"ListItem","position":3,"name":"Las energ\u00e9ticas buscan potenciar las energ\u00edas renovables"}]},{"@type":"WebSite","@id":"https:\/\/www.tressis.com\/ca\/#website","url":"https:\/\/www.tressis.com\/ca\/","name":"Tressis banca privada","description":"Tressis | Planificaci\u00f3n financiera y gesti\u00f3n de patrimonios","publisher":{"@id":"https:\/\/www.tressis.com\/ca\/#organization"},"potentialAction":[{"@type":"SearchAction","target":{"@type":"EntryPoint","urlTemplate":"https:\/\/www.tressis.com\/ca\/?s={search_term_string}"},"query-input":{"@type":"PropertyValueSpecification","valueRequired":true,"valueName":"search_term_string"}}],"inLanguage":"ca"},{"@type":"Organization","@id":"https:\/\/www.tressis.com\/ca\/#organization","name":"Tressis","url":"https:\/\/www.tressis.com\/ca\/","logo":{"@type":"ImageObject","inLanguage":"ca","@id":"https:\/\/www.tressis.com\/ca\/#\/schema\/logo\/image\/","url":"https:\/\/www.tressis.com\/wp-content\/uploads\/2025\/06\/logo-tressis-112.png","contentUrl":"https:\/\/www.tressis.com\/wp-content\/uploads\/2025\/06\/logo-tressis-112.png","width":112,"height":112,"caption":"Tressis"},"image":{"@id":"https:\/\/www.tressis.com\/ca\/#\/schema\/logo\/image\/"},"sameAs":["https:\/\/www.facebook.com\/Tressis\/","https:\/\/x.com\/TressisSV","https:\/\/www.instagram.com\/tressissv\/?hl=es","https:\/\/linkedin.com\/company\/tressis\/","https:\/\/www.youtube.com\/user\/tressissv","https:\/\/open.spotify.com\/show\/3jmTe1Nf0wqMILl7diWV6h?si=d7112519f13c4593&nd=1"]},{"@type":"Person","@id":"https:\/\/www.tressis.com\/ca\/#\/schema\/person\/56d3b4de0493f088a4ca62a2e0c790ae","name":"Armando","image":{"@type":"ImageObject","inLanguage":"ca","@id":"https:\/\/secure.gravatar.com\/avatar\/6d7efca74644be7dae792b122beab663996c233ae58f101b52769ece1cbf1435?s=96&d=mm&r=g","url":"https:\/\/secure.gravatar.com\/avatar\/6d7efca74644be7dae792b122beab663996c233ae58f101b52769ece1cbf1435?s=96&d=mm&r=g","contentUrl":"https:\/\/secure.gravatar.com\/avatar\/6d7efca74644be7dae792b122beab663996c233ae58f101b52769ece1cbf1435?s=96&d=mm&r=g","caption":"Armando"}}]}},"_links":{"self":[{"href":"https:\/\/www.tressis.com\/ca\/wp-json\/wp\/v2\/posts\/76112","targetHints":{"allow":["GET"]}}],"collection":[{"href":"https:\/\/www.tressis.com\/ca\/wp-json\/wp\/v2\/posts"}],"about":[{"href":"https:\/\/www.tressis.com\/ca\/wp-json\/wp\/v2\/types\/post"}],"author":[{"embeddable":true,"href":"https:\/\/www.tressis.com\/ca\/wp-json\/wp\/v2\/users\/9"}],"replies":[{"embeddable":true,"href":"https:\/\/www.tressis.com\/ca\/wp-json\/wp\/v2\/comments?post=76112"}],"version-history":[{"count":0,"href":"https:\/\/www.tressis.com\/ca\/wp-json\/wp\/v2\/posts\/76112\/revisions"}],"wp:featuredmedia":[{"embeddable":true,"href":"https:\/\/www.tressis.com\/ca\/wp-json\/wp\/v2\/media\/76141"}],"wp:attachment":[{"href":"https:\/\/www.tressis.com\/ca\/wp-json\/wp\/v2\/media?parent=76112"}],"wp:term":[{"taxonomy":"category","embeddable":true,"href":"https:\/\/www.tressis.com\/ca\/wp-json\/wp\/v2\/categories?post=76112"},{"taxonomy":"post_tag","embeddable":true,"href":"https:\/\/www.tressis.com\/ca\/wp-json\/wp\/v2\/tags?post=76112"}],"curies":[{"name":"wp","href":"https:\/\/api.w.org\/{rel}","templated":true}]}}