{"id":75995,"date":"2023-12-11T09:19:48","date_gmt":"2023-12-11T08:19:48","guid":{"rendered":"https:\/\/www.tressis.com\/?p=75995"},"modified":"2023-12-11T10:10:51","modified_gmt":"2023-12-11T09:10:51","slug":"continua-la-cop-28","status":"publish","type":"post","link":"https:\/\/www.tressis.com\/ca\/blog\/continua-la-cop-28\/","title":{"rendered":"Contin\u00faa la COP 28"},"content":{"rendered":"<p>El repunte de los mercados del viernes permiti\u00f3 a los \u00edndices estadounidenses cerrar la semana con modestas ganancias. El \u00edndice Russell 2000 super\u00f3 al S&#038;P 500, reduciendo su mal comportamiento relativo en lo que va de a\u00f1o. Las acciones energ\u00e9ticas se quedaron rezagadas debido a que los precios del petr\u00f3leo cotizaron durante el d\u00eda por debajo de los 70 d\u00f3lares por barril por primera vez desde junio. Se recuper\u00f3 algo tras conocerse los planes de rellenar la Reserva Estrat\u00e9gica de Petr\u00f3leo, pero aun as\u00ed cerr\u00f3 con la racha de p\u00e9rdidas semanales m\u00e1s larga desde finales de 2018 en medio de la preocupaci\u00f3n por un inminente exceso de oferta mundial. <\/p>\n<p>&nbsp;<\/p>\n<p>En Europa, el STOXX Europe 600 subi\u00f3 un 1,30% y el Eurostoxx 50 super\u00f3 m\u00e1ximos de 2007. El Nikkei 225 japon\u00e9s cay\u00f3 un 3,4% por especulaciones sobre un cambio en la pol\u00edtica del Banco de Jap\u00f3n. <\/p>\n<p>&nbsp;<\/p>\n<p>Las s\u00f3lidas lecturas econ\u00f3micas del viernes generaron optimismo sobre la econom\u00eda de EE.UU., pero tambi\u00e9n llevaron a los inversores a reducir las expectativas de recortes de tasas en 2024, aumentando los rendimientos. Aunque el mercado prev\u00e9 una pausa de la Reserva Federal en la reuni\u00f3n del FOMC, hay expectativas de recortes en 2024. <\/p>\n<p>&nbsp;<\/p>\n<p style=\"text-align: center;\"><strong>Informe de diciembre<\/strong><\/p>\n<div style=\"text-align: center; margin-bottom: 10px;\"><a href=\"https:\/\/www.tressis.com\/landing\/campana\/tressis-vision\/index.html?utm_campaign=descarga_paper&amp;utm_medium=blog_MMV&amp;utm_source=tressisvision\" target=\"_blank\" rel=\"noopener\"><img class=\"alignnone size-full wp-image-67199\" \nsrc=\"https:\/\/www.tressis.com\/wp-content\/uploads\/2023\/03\/CTA-Tressis-vision-para-articulos-blog.jpg\" alt=\"Informe mensual - Tressis visi\u00f3n\" \nwidth=\"800\" height=\"354\" srcset=\"https:\/\/www.tressis.com\/wp-content\/uploads\/2023\/03\/CTA-Tressis-vision-para-articulos-blog.jpg 800w, https:\/\/www.tressis.com\/wp-content\/uploads\/2023\/03\/CTA-Tressis-vision-para-articulos-blog-300x133.jpg 300w, https:\/\/www.tressis.com\/wp-content\/uploads\/2023\/03\/CTA-Tressis-vision-para-articulos-blog-768x340.jpg 768w\" sizes=\"(max-width: 800px) 100vw, 800px\" \/><\/a><\/div>\n<p>&nbsp;<\/p>\n<p>El informe de empleo mostr\u00f3 un fortalecimiento inesperado: las n\u00f3minas no agr\u00edcolas aumentaron en 199.000 y la tasa de desempleo cay\u00f3 al 3,7%. La confianza del consumidor alcanz\u00f3 su nivel m\u00e1s alto, aliviando temores de inflaci\u00f3n. Las exportaciones de Corea del Sur aumentaron, impulsando el optimismo sobre el comercio mundial. <\/p>\n<p>&nbsp;<\/p>\n<p>El S&#038;P 500 registr\u00f3 su sexta semana consecutiva de ganancias, mientras que el VIX volvi\u00f3 a niveles previos a la pandemia. Sin embargo, los rendimientos de bonos a dos a\u00f1os subieron al 4,72% y las expectativas de recortes en marzo se redujeron al 40%. <\/p>\n<p>&nbsp;<\/p>\n<p>Esta semana destacan las reuniones de los principales bancos centrales. En EE.UU., se espera que el FOMC mantenga las tasas, pero el mercado anticipa recortes en 2024. En Europa, el BCE podr\u00eda discutir el cese de las reinversiones en PEPP, y el BoE sugiere una pausa. En Jap\u00f3n, la probabilidad de poner fin a la pol\u00edtica de tipos negativos ha aumentado. Los mercados ya anticipan seis recortes de 25 puntos b\u00e1sicos por parte del BCE en 2023, pero los riesgos de decepci\u00f3n son elevados.  <\/p>\n<p>&nbsp;<\/p>\n<p>Adem\u00e1s, conoceremos las lecturas del IPC y las ventas minoristas de EE.UU.; la producci\u00f3n industrial de Jap\u00f3n; los IPC de pa\u00edses como Italia o Francia; la encuesta de situaci\u00f3n actual de Alemania de ZEW; los PMI manufactureros de Francia, Alemania, Estados Unidos\u2026 Mientras, sigue la reuni\u00f3n de la COP 28 en la que por ahora m\u00e1s de 120 pa\u00edses han firmado el Compromiso Mundial sobre Energ\u00edas Renovables y Eficiencia Energ\u00e9tica, comprometi\u00e9ndose a triplicar la capacidad de energ\u00eda renovable para 2030. Adem\u00e1s, m\u00e1s de 50 empresas energ\u00e9ticas, que representan m\u00e1s del 40% de la producci\u00f3n mundial de petr\u00f3leo, han firmado la Carta de Descarbonizaci\u00f3n del Petr\u00f3leo y el Gas, comprometi\u00e9ndose a alcanzar las emisiones cero netas para 2050 o antes y a poner fin a la combusti\u00f3n rutinaria en antorcha de cara a 2030. <\/p>\n<p>&nbsp;<\/p>\n<p>Buen d\u00eda.<\/p>\n<p>&nbsp;<\/p>\n<p><center><strong>Jorge Gonz\u00e1lez G\u00f3mez<\/strong><br \/>\nDirector de An\u00e1lisis<\/center><\/p>\n","protected":false},"excerpt":{"rendered":"<p>El repunte de los mercados del viernes permiti\u00f3 a los \u00edndices estadounidenses cerrar la semana con modestas ganancias. El \u00edndice Russell 2000 super\u00f3 al S&#038;P 500, reduciendo su mal comportamiento relativo en lo que va de a\u00f1o. Las acciones energ\u00e9ticas se quedaron rezagadas debido a que los precios del petr\u00f3leo cotizaron durante el d\u00eda por [&hellip;]<\/p>\n","protected":false},"author":9,"featured_media":76001,"comment_status":"closed","ping_status":"open","sticky":false,"template":"","format":"standard","meta":{"_acf_changed":false,"footnotes":""},"categories":[9721],"tags":[9348,2792,9345,3416,9347,9346,6471,6915,6985],"class_list":["post-75995","post","type-post","status-publish","format-standard","has-post-thumbnail","hentry","category-morning-meeting","tag-cop-28","tag-fomc","tag-indices-estadounidenses","tag-indices-europeos","tag-pepp","tag-reserva-estrategica-de-petroleo","tag-tasas","tag-vix","tag-zew"],"acf":[],"yoast_head":"<!-- This site is optimized with the Yoast SEO plugin v27.5 - https:\/\/yoast.com\/product\/yoast-seo-wordpress\/ -->\n<title>Contin\u00faa la COP 28<\/title>\n<meta name=\"description\" content=\"Por ahora m\u00e1s de 120 pa\u00edses han firmado el Compromiso Mundial sobre Energ\u00edas Renovables y Eficiencia Energ\u00e9tica.\" \/>\n<meta name=\"robots\" content=\"index, follow, max-snippet:-1, max-image-preview:large, max-video-preview:-1\" \/>\n<link rel=\"canonical\" href=\"https:\/\/www.tressis.com\/ca\/blog\/continua-la-cop-28\/\" \/>\n<meta property=\"og:locale\" content=\"ca_ES\" \/>\n<meta property=\"og:type\" content=\"article\" \/>\n<meta property=\"og:title\" content=\"Contin\u00faa la COP 28\" \/>\n<meta property=\"og:description\" content=\"Por ahora m\u00e1s de 120 pa\u00edses han firmado el Compromiso Mundial sobre Energ\u00edas Renovables y Eficiencia Energ\u00e9tica.\" \/>\n<meta property=\"og:url\" content=\"https:\/\/www.tressis.com\/ca\/blog\/continua-la-cop-28\/\" \/>\n<meta property=\"og:site_name\" content=\"Tressis\" \/>\n<meta property=\"article:publisher\" content=\"https:\/\/www.facebook.com\/Tressis\/\" \/>\n<meta property=\"article:published_time\" content=\"2023-12-11T08:19:48+00:00\" \/>\n<meta property=\"article:modified_time\" content=\"2023-12-11T09:10:51+00:00\" \/>\n<meta property=\"og:image\" content=\"https:\/\/www.tressis.com\/wp-content\/uploads\/2023\/12\/continua-la-cop-28.jpg\" \/>\n\t<meta property=\"og:image:width\" content=\"1100\" \/>\n\t<meta property=\"og:image:height\" content=\"487\" \/>\n\t<meta property=\"og:image:type\" content=\"image\/jpeg\" \/>\n<meta name=\"author\" content=\"Armando\" \/>\n<meta name=\"twitter:card\" content=\"summary_large_image\" \/>\n<meta name=\"twitter:creator\" content=\"@TressisSV\" \/>\n<meta name=\"twitter:site\" content=\"@TressisSV\" \/>\n<meta name=\"twitter:label1\" content=\"Escrit per\" \/>\n\t<meta name=\"twitter:data1\" content=\"Armando\" \/>\n\t<meta name=\"twitter:label2\" content=\"Temps estimat de lectura\" \/>\n\t<meta name=\"twitter:data2\" content=\"3 minuts\" \/>\n<script type=\"application\/ld+json\" class=\"yoast-schema-graph\">{\"@context\":\"https:\\\/\\\/schema.org\",\"@graph\":[{\"@type\":\"Article\",\"@id\":\"https:\\\/\\\/www.tressis.com\\\/ca\\\/blog\\\/continua-la-cop-28\\\/#article\",\"isPartOf\":{\"@id\":\"https:\\\/\\\/www.tressis.com\\\/ca\\\/blog\\\/continua-la-cop-28\\\/\"},\"author\":{\"name\":\"Armando\",\"@id\":\"https:\\\/\\\/www.tressis.com\\\/ca\\\/#\\\/schema\\\/person\\\/56d3b4de0493f088a4ca62a2e0c790ae\"},\"headline\":\"Contin\u00faa la COP 28\",\"datePublished\":\"2023-12-11T08:19:48+00:00\",\"dateModified\":\"2023-12-11T09:10:51+00:00\",\"mainEntityOfPage\":{\"@id\":\"https:\\\/\\\/www.tressis.com\\\/ca\\\/blog\\\/continua-la-cop-28\\\/\"},\"wordCount\":566,\"publisher\":{\"@id\":\"https:\\\/\\\/www.tressis.com\\\/ca\\\/#organization\"},\"image\":{\"@id\":\"https:\\\/\\\/www.tressis.com\\\/ca\\\/blog\\\/continua-la-cop-28\\\/#primaryimage\"},\"thumbnailUrl\":\"https:\\\/\\\/www.tressis.com\\\/wp-content\\\/uploads\\\/2023\\\/12\\\/continua-la-cop-28.jpg\",\"keywords\":[\"COP 28\",\"FOMC\",\"\u00edndices estadounidenses\",\"\u00edndices europeos\",\"PEPP\",\"Reserva Estrat\u00e9gica de Petr\u00f3leo\",\"tasas\",\"VIX\",\"ZEW\"],\"articleSection\":[\"Morning meeting\"],\"inLanguage\":\"ca\"},{\"@type\":\"WebPage\",\"@id\":\"https:\\\/\\\/www.tressis.com\\\/ca\\\/blog\\\/continua-la-cop-28\\\/\",\"url\":\"https:\\\/\\\/www.tressis.com\\\/ca\\\/blog\\\/continua-la-cop-28\\\/\",\"name\":\"Contin\u00faa la COP 28\",\"isPartOf\":{\"@id\":\"https:\\\/\\\/www.tressis.com\\\/ca\\\/#website\"},\"primaryImageOfPage\":{\"@id\":\"https:\\\/\\\/www.tressis.com\\\/ca\\\/blog\\\/continua-la-cop-28\\\/#primaryimage\"},\"image\":{\"@id\":\"https:\\\/\\\/www.tressis.com\\\/ca\\\/blog\\\/continua-la-cop-28\\\/#primaryimage\"},\"thumbnailUrl\":\"https:\\\/\\\/www.tressis.com\\\/wp-content\\\/uploads\\\/2023\\\/12\\\/continua-la-cop-28.jpg\",\"datePublished\":\"2023-12-11T08:19:48+00:00\",\"dateModified\":\"2023-12-11T09:10:51+00:00\",\"description\":\"Por ahora m\u00e1s de 120 pa\u00edses han firmado el Compromiso Mundial sobre Energ\u00edas Renovables y Eficiencia Energ\u00e9tica.\",\"breadcrumb\":{\"@id\":\"https:\\\/\\\/www.tressis.com\\\/ca\\\/blog\\\/continua-la-cop-28\\\/#breadcrumb\"},\"inLanguage\":\"ca\",\"potentialAction\":[{\"@type\":\"ReadAction\",\"target\":[\"https:\\\/\\\/www.tressis.com\\\/ca\\\/blog\\\/continua-la-cop-28\\\/\"]}]},{\"@type\":\"ImageObject\",\"inLanguage\":\"ca\",\"@id\":\"https:\\\/\\\/www.tressis.com\\\/ca\\\/blog\\\/continua-la-cop-28\\\/#primaryimage\",\"url\":\"https:\\\/\\\/www.tressis.com\\\/wp-content\\\/uploads\\\/2023\\\/12\\\/continua-la-cop-28.jpg\",\"contentUrl\":\"https:\\\/\\\/www.tressis.com\\\/wp-content\\\/uploads\\\/2023\\\/12\\\/continua-la-cop-28.jpg\",\"width\":1100,\"height\":487,\"caption\":\"Huelga juvenil por el cambio clim\u00e1tico\"},{\"@type\":\"BreadcrumbList\",\"@id\":\"https:\\\/\\\/www.tressis.com\\\/ca\\\/blog\\\/continua-la-cop-28\\\/#breadcrumb\",\"itemListElement\":[{\"@type\":\"ListItem\",\"position\":1,\"name\":\"Inicio\",\"item\":\"https:\\\/\\\/www.tressis.com\\\/ca\\\/\"},{\"@type\":\"ListItem\",\"position\":2,\"name\":\"Morning meeting\",\"item\":\"https:\\\/\\\/www.tressis.com\\\/ca\\\/blog\\\/categorias\\\/morning-meeting-ca\\\/\"},{\"@type\":\"ListItem\",\"position\":3,\"name\":\"Contin\u00faa la COP 28\"}]},{\"@type\":\"WebSite\",\"@id\":\"https:\\\/\\\/www.tressis.com\\\/ca\\\/#website\",\"url\":\"https:\\\/\\\/www.tressis.com\\\/ca\\\/\",\"name\":\"Tressis banca privada\",\"description\":\"Tressis | Planificaci\u00f3n financiera y gesti\u00f3n de patrimonios\",\"publisher\":{\"@id\":\"https:\\\/\\\/www.tressis.com\\\/ca\\\/#organization\"},\"potentialAction\":[{\"@type\":\"SearchAction\",\"target\":{\"@type\":\"EntryPoint\",\"urlTemplate\":\"https:\\\/\\\/www.tressis.com\\\/ca\\\/?s={search_term_string}\"},\"query-input\":{\"@type\":\"PropertyValueSpecification\",\"valueRequired\":true,\"valueName\":\"search_term_string\"}}],\"inLanguage\":\"ca\"},{\"@type\":\"Organization\",\"@id\":\"https:\\\/\\\/www.tressis.com\\\/ca\\\/#organization\",\"name\":\"Tressis\",\"url\":\"https:\\\/\\\/www.tressis.com\\\/ca\\\/\",\"logo\":{\"@type\":\"ImageObject\",\"inLanguage\":\"ca\",\"@id\":\"https:\\\/\\\/www.tressis.com\\\/ca\\\/#\\\/schema\\\/logo\\\/image\\\/\",\"url\":\"https:\\\/\\\/www.tressis.com\\\/wp-content\\\/uploads\\\/2025\\\/06\\\/logo-tressis-112.png\",\"contentUrl\":\"https:\\\/\\\/www.tressis.com\\\/wp-content\\\/uploads\\\/2025\\\/06\\\/logo-tressis-112.png\",\"width\":112,\"height\":112,\"caption\":\"Tressis\"},\"image\":{\"@id\":\"https:\\\/\\\/www.tressis.com\\\/ca\\\/#\\\/schema\\\/logo\\\/image\\\/\"},\"sameAs\":[\"https:\\\/\\\/www.facebook.com\\\/Tressis\\\/\",\"https:\\\/\\\/x.com\\\/TressisSV\",\"https:\\\/\\\/www.instagram.com\\\/tressissv\\\/?hl=es\",\"https:\\\/\\\/linkedin.com\\\/company\\\/tressis\\\/\",\"https:\\\/\\\/www.youtube.com\\\/user\\\/tressissv\",\"https:\\\/\\\/open.spotify.com\\\/show\\\/3jmTe1Nf0wqMILl7diWV6h?si=d7112519f13c4593&nd=1\"]},{\"@type\":\"Person\",\"@id\":\"https:\\\/\\\/www.tressis.com\\\/ca\\\/#\\\/schema\\\/person\\\/56d3b4de0493f088a4ca62a2e0c790ae\",\"name\":\"Armando\",\"image\":{\"@type\":\"ImageObject\",\"inLanguage\":\"ca\",\"@id\":\"https:\\\/\\\/secure.gravatar.com\\\/avatar\\\/6d7efca74644be7dae792b122beab663996c233ae58f101b52769ece1cbf1435?s=96&d=mm&r=g\",\"url\":\"https:\\\/\\\/secure.gravatar.com\\\/avatar\\\/6d7efca74644be7dae792b122beab663996c233ae58f101b52769ece1cbf1435?s=96&d=mm&r=g\",\"contentUrl\":\"https:\\\/\\\/secure.gravatar.com\\\/avatar\\\/6d7efca74644be7dae792b122beab663996c233ae58f101b52769ece1cbf1435?s=96&d=mm&r=g\",\"caption\":\"Armando\"}}]}<\/script>\n<!-- \/ Yoast SEO plugin. -->","yoast_head_json":{"title":"Contin\u00faa la COP 28","description":"Por ahora m\u00e1s de 120 pa\u00edses han firmado el Compromiso Mundial sobre Energ\u00edas Renovables y Eficiencia Energ\u00e9tica.","robots":{"index":"index","follow":"follow","max-snippet":"max-snippet:-1","max-image-preview":"max-image-preview:large","max-video-preview":"max-video-preview:-1"},"canonical":"https:\/\/www.tressis.com\/ca\/blog\/continua-la-cop-28\/","og_locale":"ca_ES","og_type":"article","og_title":"Contin\u00faa la COP 28","og_description":"Por ahora m\u00e1s de 120 pa\u00edses han firmado el Compromiso Mundial sobre Energ\u00edas Renovables y Eficiencia Energ\u00e9tica.","og_url":"https:\/\/www.tressis.com\/ca\/blog\/continua-la-cop-28\/","og_site_name":"Tressis","article_publisher":"https:\/\/www.facebook.com\/Tressis\/","article_published_time":"2023-12-11T08:19:48+00:00","article_modified_time":"2023-12-11T09:10:51+00:00","og_image":[{"width":1100,"height":487,"url":"https:\/\/www.tressis.com\/wp-content\/uploads\/2023\/12\/continua-la-cop-28.jpg","type":"image\/jpeg"}],"author":"Armando","twitter_card":"summary_large_image","twitter_creator":"@TressisSV","twitter_site":"@TressisSV","twitter_misc":{"Escrit per":"Armando","Temps estimat de lectura":"3 minuts"},"schema":{"@context":"https:\/\/schema.org","@graph":[{"@type":"Article","@id":"https:\/\/www.tressis.com\/ca\/blog\/continua-la-cop-28\/#article","isPartOf":{"@id":"https:\/\/www.tressis.com\/ca\/blog\/continua-la-cop-28\/"},"author":{"name":"Armando","@id":"https:\/\/www.tressis.com\/ca\/#\/schema\/person\/56d3b4de0493f088a4ca62a2e0c790ae"},"headline":"Contin\u00faa la COP 28","datePublished":"2023-12-11T08:19:48+00:00","dateModified":"2023-12-11T09:10:51+00:00","mainEntityOfPage":{"@id":"https:\/\/www.tressis.com\/ca\/blog\/continua-la-cop-28\/"},"wordCount":566,"publisher":{"@id":"https:\/\/www.tressis.com\/ca\/#organization"},"image":{"@id":"https:\/\/www.tressis.com\/ca\/blog\/continua-la-cop-28\/#primaryimage"},"thumbnailUrl":"https:\/\/www.tressis.com\/wp-content\/uploads\/2023\/12\/continua-la-cop-28.jpg","keywords":["COP 28","FOMC","\u00edndices estadounidenses","\u00edndices europeos","PEPP","Reserva Estrat\u00e9gica de Petr\u00f3leo","tasas","VIX","ZEW"],"articleSection":["Morning meeting"],"inLanguage":"ca"},{"@type":"WebPage","@id":"https:\/\/www.tressis.com\/ca\/blog\/continua-la-cop-28\/","url":"https:\/\/www.tressis.com\/ca\/blog\/continua-la-cop-28\/","name":"Contin\u00faa la COP 28","isPartOf":{"@id":"https:\/\/www.tressis.com\/ca\/#website"},"primaryImageOfPage":{"@id":"https:\/\/www.tressis.com\/ca\/blog\/continua-la-cop-28\/#primaryimage"},"image":{"@id":"https:\/\/www.tressis.com\/ca\/blog\/continua-la-cop-28\/#primaryimage"},"thumbnailUrl":"https:\/\/www.tressis.com\/wp-content\/uploads\/2023\/12\/continua-la-cop-28.jpg","datePublished":"2023-12-11T08:19:48+00:00","dateModified":"2023-12-11T09:10:51+00:00","description":"Por ahora m\u00e1s de 120 pa\u00edses han firmado el Compromiso Mundial sobre Energ\u00edas Renovables y Eficiencia Energ\u00e9tica.","breadcrumb":{"@id":"https:\/\/www.tressis.com\/ca\/blog\/continua-la-cop-28\/#breadcrumb"},"inLanguage":"ca","potentialAction":[{"@type":"ReadAction","target":["https:\/\/www.tressis.com\/ca\/blog\/continua-la-cop-28\/"]}]},{"@type":"ImageObject","inLanguage":"ca","@id":"https:\/\/www.tressis.com\/ca\/blog\/continua-la-cop-28\/#primaryimage","url":"https:\/\/www.tressis.com\/wp-content\/uploads\/2023\/12\/continua-la-cop-28.jpg","contentUrl":"https:\/\/www.tressis.com\/wp-content\/uploads\/2023\/12\/continua-la-cop-28.jpg","width":1100,"height":487,"caption":"Huelga juvenil por el cambio clim\u00e1tico"},{"@type":"BreadcrumbList","@id":"https:\/\/www.tressis.com\/ca\/blog\/continua-la-cop-28\/#breadcrumb","itemListElement":[{"@type":"ListItem","position":1,"name":"Inicio","item":"https:\/\/www.tressis.com\/ca\/"},{"@type":"ListItem","position":2,"name":"Morning meeting","item":"https:\/\/www.tressis.com\/ca\/blog\/categorias\/morning-meeting-ca\/"},{"@type":"ListItem","position":3,"name":"Contin\u00faa la COP 28"}]},{"@type":"WebSite","@id":"https:\/\/www.tressis.com\/ca\/#website","url":"https:\/\/www.tressis.com\/ca\/","name":"Tressis banca privada","description":"Tressis | Planificaci\u00f3n financiera y gesti\u00f3n de patrimonios","publisher":{"@id":"https:\/\/www.tressis.com\/ca\/#organization"},"potentialAction":[{"@type":"SearchAction","target":{"@type":"EntryPoint","urlTemplate":"https:\/\/www.tressis.com\/ca\/?s={search_term_string}"},"query-input":{"@type":"PropertyValueSpecification","valueRequired":true,"valueName":"search_term_string"}}],"inLanguage":"ca"},{"@type":"Organization","@id":"https:\/\/www.tressis.com\/ca\/#organization","name":"Tressis","url":"https:\/\/www.tressis.com\/ca\/","logo":{"@type":"ImageObject","inLanguage":"ca","@id":"https:\/\/www.tressis.com\/ca\/#\/schema\/logo\/image\/","url":"https:\/\/www.tressis.com\/wp-content\/uploads\/2025\/06\/logo-tressis-112.png","contentUrl":"https:\/\/www.tressis.com\/wp-content\/uploads\/2025\/06\/logo-tressis-112.png","width":112,"height":112,"caption":"Tressis"},"image":{"@id":"https:\/\/www.tressis.com\/ca\/#\/schema\/logo\/image\/"},"sameAs":["https:\/\/www.facebook.com\/Tressis\/","https:\/\/x.com\/TressisSV","https:\/\/www.instagram.com\/tressissv\/?hl=es","https:\/\/linkedin.com\/company\/tressis\/","https:\/\/www.youtube.com\/user\/tressissv","https:\/\/open.spotify.com\/show\/3jmTe1Nf0wqMILl7diWV6h?si=d7112519f13c4593&nd=1"]},{"@type":"Person","@id":"https:\/\/www.tressis.com\/ca\/#\/schema\/person\/56d3b4de0493f088a4ca62a2e0c790ae","name":"Armando","image":{"@type":"ImageObject","inLanguage":"ca","@id":"https:\/\/secure.gravatar.com\/avatar\/6d7efca74644be7dae792b122beab663996c233ae58f101b52769ece1cbf1435?s=96&d=mm&r=g","url":"https:\/\/secure.gravatar.com\/avatar\/6d7efca74644be7dae792b122beab663996c233ae58f101b52769ece1cbf1435?s=96&d=mm&r=g","contentUrl":"https:\/\/secure.gravatar.com\/avatar\/6d7efca74644be7dae792b122beab663996c233ae58f101b52769ece1cbf1435?s=96&d=mm&r=g","caption":"Armando"}}]}},"_links":{"self":[{"href":"https:\/\/www.tressis.com\/ca\/wp-json\/wp\/v2\/posts\/75995","targetHints":{"allow":["GET"]}}],"collection":[{"href":"https:\/\/www.tressis.com\/ca\/wp-json\/wp\/v2\/posts"}],"about":[{"href":"https:\/\/www.tressis.com\/ca\/wp-json\/wp\/v2\/types\/post"}],"author":[{"embeddable":true,"href":"https:\/\/www.tressis.com\/ca\/wp-json\/wp\/v2\/users\/9"}],"replies":[{"embeddable":true,"href":"https:\/\/www.tressis.com\/ca\/wp-json\/wp\/v2\/comments?post=75995"}],"version-history":[{"count":0,"href":"https:\/\/www.tressis.com\/ca\/wp-json\/wp\/v2\/posts\/75995\/revisions"}],"wp:featuredmedia":[{"embeddable":true,"href":"https:\/\/www.tressis.com\/ca\/wp-json\/wp\/v2\/media\/76001"}],"wp:attachment":[{"href":"https:\/\/www.tressis.com\/ca\/wp-json\/wp\/v2\/media?parent=75995"}],"wp:term":[{"taxonomy":"category","embeddable":true,"href":"https:\/\/www.tressis.com\/ca\/wp-json\/wp\/v2\/categories?post=75995"},{"taxonomy":"post_tag","embeddable":true,"href":"https:\/\/www.tressis.com\/ca\/wp-json\/wp\/v2\/tags?post=75995"}],"curies":[{"name":"wp","href":"https:\/\/api.w.org\/{rel}","templated":true}]}}