{"id":75956,"date":"2023-12-04T08:34:35","date_gmt":"2023-12-04T07:34:35","guid":{"rendered":"https:\/\/www.tressis.com\/?p=75956"},"modified":"2023-12-04T10:01:40","modified_gmt":"2023-12-04T09:01:40","slug":"renta-variable-animando","status":"publish","type":"post","link":"https:\/\/www.tressis.com\/ca\/blog\/renta-variable-animando\/","title":{"rendered":"La renta variable se va animando"},"content":{"rendered":"<p>El viernes Jerome Powell intent\u00f3 moderar las crecientes previsiones del mercado sobre posibles reducciones en los tipos durante el primer semestre de 2024. Actualmente, la estimaci\u00f3n de los inversores seg\u00fan Bloomberg es de una rebaja de 25 puntos b\u00e1sicos entre las reuniones de marzo y mayo. El jefe de la Reserva Federal afirm\u00f3 que &#8220;ser\u00eda prematuro concluir con certeza que hemos logrado una postura lo suficientemente restrictiva sobre cu\u00e1ndo podr\u00eda flexibilizarse la pol\u00edtica&#8221;. En su discurso en Atlanta a\u00f1adi\u00f3 tambi\u00e9n que los responsables de las pol\u00edticas monetarias &#8220;est\u00e1n preparados para endurecer a\u00fan m\u00e1s las medidas si es apropiado hacerlo&#8221;.<\/p>\n<p>&nbsp;<\/p>\n<p>Tras este mensaje, el mercado lejos de corregir su visi\u00f3n, lo acogi\u00f3 con optimismo y las compras se impusieron tanto en los mercados de bonos como en los principales \u00edndices de acciones. Adem\u00e1s, en la \u00faltima jornada de la semana se public\u00f3 en Estados Unidos el PMI manufacturero con un 46,7 frente al 47,8 estimado. El hecho de que este \u00edndice se mantenga a\u00fan en zona de contracci\u00f3n indica que las medidas restrictivas que est\u00e1 llevando a cabo el banco central de este pa\u00eds est\u00e1n haciendo mella y que los recortes de tipos podr\u00edan estar m\u00e1s cerca de lo esperado inicialmente.<\/p>\n<p>&nbsp;<\/p>\n<p><center><span style=\"color: #800000;\"><strong>Informe de diciembre<\/strong><\/span><\/center><center><\/center><center><\/center><center><a href=\"https:\/\/www.tressis.com\/landing\/campana\/tressis-vision\/index.html?utm_campaign=descarga_paper&amp;utm_medium=blog_MMV&amp;utm_source=tressisvision\" target=\"_blank\" rel=\"noopener\"><img fetchpriority=\"high\" decoding=\"async\" class=\"aligncenter wp-image-67199 size-full\" src=\"https:\/\/www.tressis.com\/wp-content\/uploads\/2023\/03\/CTA-Tressis-vision-para-articulos-blog.jpg\" alt=\"Informe mensual - Tressis visi\u00f3n\" width=\"800\" height=\"354\" srcset=\"https:\/\/www.tressis.com\/wp-content\/uploads\/2023\/03\/CTA-Tressis-vision-para-articulos-blog.jpg 800w, https:\/\/www.tressis.com\/wp-content\/uploads\/2023\/03\/CTA-Tressis-vision-para-articulos-blog-300x133.jpg 300w, https:\/\/www.tressis.com\/wp-content\/uploads\/2023\/03\/CTA-Tressis-vision-para-articulos-blog-768x340.jpg 768w\" sizes=\"(max-width: 800px) 100vw, 800px\" \/><\/a><\/center>&nbsp;<\/p>\n<p>De este modo, la deuda p\u00fablica estadounidense experiment\u00f3 ca\u00eddas en todos los tramos de la curva: la rentabilidad del bono a dos a\u00f1os cedi\u00f3 14,2 puntos b\u00e1sicos y el diez a\u00f1os 13,1 puntos b\u00e1sicos. Esto los situ\u00f3 en el 4,53% y 4,19% respectivamente. Las referencias europeas no fueron ajenas a estas publicaciones y tambi\u00e9n registraron movimientos bruscos a la baja. El <i>bund<\/i> cerr\u00f3 en 2,35% y su hom\u00f3logo espa\u00f1ol en 3,53% despu\u00e9s de ceder 8,6 y 11,3 puntos b\u00e1sicos respectivamente.<\/p>\n<p>&nbsp;<\/p>\n<p>Por el lado de la renta variable, tanto las bolsas europeas (DAX 1,12%, Euro Stoxx 0,82% e Ibex 0,82%) como las americanas (S&amp;P 500 0,59%, Nasdaq 0,55% y Dow Jones 0,82%) se animaron con una nueva jornada en positivo. Fueron las acciones japonesas y las chinas las que decepcionaron con retrocesos de 0,17% y 1,25%, para el Nikkei y el Hang Seng respectivamente. Tambi\u00e9n decepcion\u00f3 el sector tecnol\u00f3gico en Estados Unidos, que junto con el de servicios de comunicaciones se quedaron a la cola del S&amp;P 500, que estuvo liderado por el fuerte tir\u00f3n del sector inmobiliario y del industrial. En Europa fueron los m\u00e1s c\u00edclicos los que se quedaron rezagados (materiales y energ\u00eda) y las tecnol\u00f3gicas las que empujaron al colectivo Euro Stoxx 50.<\/p>\n<p>&nbsp;<\/p>\n<p>Veremos si este buen inicio de mes contin\u00faa hasta el cierre del a\u00f1o, que como muchos ya saben, hist\u00f3ricamente ha sido muy bueno para las bolsas. En la siguiente imagen pueden ver la rentabilidad en el mes de diciembre en cada uno de los a\u00f1os.<\/p>\n<p>&nbsp;<\/p>\n<p>Imagen: rentabilidad hist\u00f3rica del S&amp;P 500 en el mes de diciembre<\/p>\n<p><img decoding=\"async\" class=\"aligncenter size-full wp-image-75957\" src=\"https:\/\/www.tressis.com\/wp-content\/uploads\/2023\/12\/syp500.webp\" alt=\"\" width=\"736\" height=\"391\" srcset=\"https:\/\/www.tressis.com\/wp-content\/uploads\/2023\/12\/syp500.webp 736w, https:\/\/www.tressis.com\/wp-content\/uploads\/2023\/12\/syp500-300x159.webp 300w\" sizes=\"(max-width: 736px) 100vw, 736px\" \/><\/p>\n<p class=\"smallPie\">Fuente: Bloomberg<\/p>\n<p>&nbsp;<\/p>\n<p>Por el lado macro, hoy lunes comparecer\u00e1 Christine Lagarde. Veremos si da luz sobre la visi\u00f3n del BCE despu\u00e9s de que Fran\u00e7ois Villeroy, presidente del Banco de Francia, comentara que el BCE no se plantea a\u00fan una rebaja de tipos, pero que lo har\u00e1 en alg\u00fan punto de 2024. En Espa\u00f1a se publicar\u00e1 la tasa de desempleo y finalmente en Alemania tendremos las cifras de la balanza comercial referentes a octubre.<\/p>\n<p>&nbsp;<\/p>\n<p>Buen lunes a todos.<\/p>\n<p>&nbsp;<\/p>\n<p><center><strong>Santiago de la Torriente<\/strong><br \/>\nAnalista<\/center><\/p>\n","protected":false},"excerpt":{"rendered":"<p>El viernes Jerome Powell intent\u00f3 moderar las crecientes previsiones del mercado sobre posibles reducciones en los tipos durante el primer semestre de 2024. Actualmente, la estimaci\u00f3n de los inversores seg\u00fan Bloomberg es de una rebaja de 25 puntos b\u00e1sicos entre las reuniones de marzo y mayo. El jefe de la Reserva Federal afirm\u00f3 que &#8220;ser\u00eda [&hellip;]<\/p>\n","protected":false},"author":4,"featured_media":75958,"comment_status":"closed","ping_status":"open","sticky":false,"template":"","format":"standard","meta":{"_acf_changed":false,"footnotes":""},"categories":[9721],"tags":[559,1976,2126,3221,4927,5614,5642,5761],"class_list":["post-75956","post","type-post","status-publish","format-standard","has-post-thumbnail","hentry","category-morning-meeting","tag-bce","tag-deuda-publica","tag-dow-jones","tag-ibex-35","tag-pmi","tag-renta-fija","tag-renta-variable","tag-reserva-federal"],"acf":[],"yoast_head":"<!-- This site is optimized with the Yoast SEO plugin v27.5 - https:\/\/yoast.com\/product\/yoast-seo-wordpress\/ -->\n<title>La renta variable se va animando<\/title>\n<meta name=\"description\" content=\"Tanto las bolsas europeas como las americanas se animaron con una nueva jornada en positivo. Las acciones japonesas y las chinas decepcionaron con retrocesos.\" \/>\n<meta name=\"robots\" content=\"index, follow, max-snippet:-1, max-image-preview:large, max-video-preview:-1\" \/>\n<link rel=\"canonical\" href=\"https:\/\/www.tressis.com\/ca\/blog\/renta-variable-animando\/\" \/>\n<meta property=\"og:locale\" content=\"ca_ES\" \/>\n<meta property=\"og:type\" content=\"article\" \/>\n<meta property=\"og:title\" content=\"La renta variable se va animando\" \/>\n<meta property=\"og:description\" content=\"Tanto las bolsas europeas como las americanas se animaron con una nueva jornada en positivo. Las acciones japonesas y las chinas decepcionaron con retrocesos.\" \/>\n<meta property=\"og:url\" content=\"https:\/\/www.tressis.com\/ca\/blog\/renta-variable-animando\/\" \/>\n<meta property=\"og:site_name\" content=\"Tressis\" \/>\n<meta property=\"article:publisher\" content=\"https:\/\/www.facebook.com\/Tressis\/\" \/>\n<meta property=\"article:published_time\" content=\"2023-12-04T07:34:35+00:00\" \/>\n<meta property=\"article:modified_time\" content=\"2023-12-04T09:01:40+00:00\" \/>\n<meta property=\"og:image\" content=\"https:\/\/www.tressis.com\/wp-content\/uploads\/2023\/12\/renta-variable.webp\" \/>\n\t<meta property=\"og:image:width\" content=\"1100\" \/>\n\t<meta property=\"og:image:height\" content=\"487\" \/>\n\t<meta property=\"og:image:type\" content=\"image\/webp\" \/>\n<meta name=\"author\" content=\"Lola\" \/>\n<meta name=\"twitter:card\" content=\"summary_large_image\" \/>\n<meta name=\"twitter:creator\" content=\"@TressisSV\" \/>\n<meta name=\"twitter:site\" content=\"@TressisSV\" \/>\n<meta name=\"twitter:label1\" content=\"Escrit per\" \/>\n\t<meta name=\"twitter:data1\" content=\"Lola\" \/>\n\t<meta name=\"twitter:label2\" content=\"Temps estimat de lectura\" \/>\n\t<meta name=\"twitter:data2\" content=\"3 minuts\" \/>\n<script type=\"application\/ld+json\" class=\"yoast-schema-graph\">{\"@context\":\"https:\\\/\\\/schema.org\",\"@graph\":[{\"@type\":\"Article\",\"@id\":\"https:\\\/\\\/www.tressis.com\\\/ca\\\/blog\\\/renta-variable-animando\\\/#article\",\"isPartOf\":{\"@id\":\"https:\\\/\\\/www.tressis.com\\\/ca\\\/blog\\\/renta-variable-animando\\\/\"},\"author\":{\"name\":\"Lola\",\"@id\":\"https:\\\/\\\/www.tressis.com\\\/ca\\\/#\\\/schema\\\/person\\\/b833c1d724d8764920b6d6852c70584e\"},\"headline\":\"La renta variable se va animando\",\"datePublished\":\"2023-12-04T07:34:35+00:00\",\"dateModified\":\"2023-12-04T09:01:40+00:00\",\"mainEntityOfPage\":{\"@id\":\"https:\\\/\\\/www.tressis.com\\\/ca\\\/blog\\\/renta-variable-animando\\\/\"},\"wordCount\":592,\"publisher\":{\"@id\":\"https:\\\/\\\/www.tressis.com\\\/ca\\\/#organization\"},\"image\":{\"@id\":\"https:\\\/\\\/www.tressis.com\\\/ca\\\/blog\\\/renta-variable-animando\\\/#primaryimage\"},\"thumbnailUrl\":\"https:\\\/\\\/www.tressis.com\\\/wp-content\\\/uploads\\\/2023\\\/12\\\/renta-variable.webp\",\"keywords\":[\"BCE\",\"deuda p\u00fablica\",\"Dow Jones\",\"Ibex 35\",\"PMI\",\"renta fija\",\"renta variable\",\"Reserva Federal\"],\"articleSection\":[\"Morning meeting\"],\"inLanguage\":\"ca\"},{\"@type\":\"WebPage\",\"@id\":\"https:\\\/\\\/www.tressis.com\\\/ca\\\/blog\\\/renta-variable-animando\\\/\",\"url\":\"https:\\\/\\\/www.tressis.com\\\/ca\\\/blog\\\/renta-variable-animando\\\/\",\"name\":\"La renta variable se va animando\",\"isPartOf\":{\"@id\":\"https:\\\/\\\/www.tressis.com\\\/ca\\\/#website\"},\"primaryImageOfPage\":{\"@id\":\"https:\\\/\\\/www.tressis.com\\\/ca\\\/blog\\\/renta-variable-animando\\\/#primaryimage\"},\"image\":{\"@id\":\"https:\\\/\\\/www.tressis.com\\\/ca\\\/blog\\\/renta-variable-animando\\\/#primaryimage\"},\"thumbnailUrl\":\"https:\\\/\\\/www.tressis.com\\\/wp-content\\\/uploads\\\/2023\\\/12\\\/renta-variable.webp\",\"datePublished\":\"2023-12-04T07:34:35+00:00\",\"dateModified\":\"2023-12-04T09:01:40+00:00\",\"description\":\"Tanto las bolsas europeas como las americanas se animaron con una nueva jornada en positivo. Las acciones japonesas y las chinas decepcionaron con retrocesos.\",\"breadcrumb\":{\"@id\":\"https:\\\/\\\/www.tressis.com\\\/ca\\\/blog\\\/renta-variable-animando\\\/#breadcrumb\"},\"inLanguage\":\"ca\",\"potentialAction\":[{\"@type\":\"ReadAction\",\"target\":[\"https:\\\/\\\/www.tressis.com\\\/ca\\\/blog\\\/renta-variable-animando\\\/\"]}]},{\"@type\":\"ImageObject\",\"inLanguage\":\"ca\",\"@id\":\"https:\\\/\\\/www.tressis.com\\\/ca\\\/blog\\\/renta-variable-animando\\\/#primaryimage\",\"url\":\"https:\\\/\\\/www.tressis.com\\\/wp-content\\\/uploads\\\/2023\\\/12\\\/renta-variable.webp\",\"contentUrl\":\"https:\\\/\\\/www.tressis.com\\\/wp-content\\\/uploads\\\/2023\\\/12\\\/renta-variable.webp\",\"width\":1100,\"height\":487},{\"@type\":\"BreadcrumbList\",\"@id\":\"https:\\\/\\\/www.tressis.com\\\/ca\\\/blog\\\/renta-variable-animando\\\/#breadcrumb\",\"itemListElement\":[{\"@type\":\"ListItem\",\"position\":1,\"name\":\"Inicio\",\"item\":\"https:\\\/\\\/www.tressis.com\\\/ca\\\/\"},{\"@type\":\"ListItem\",\"position\":2,\"name\":\"Morning meeting\",\"item\":\"https:\\\/\\\/www.tressis.com\\\/ca\\\/blog\\\/categorias\\\/morning-meeting-ca\\\/\"},{\"@type\":\"ListItem\",\"position\":3,\"name\":\"La renta variable se va animando\"}]},{\"@type\":\"WebSite\",\"@id\":\"https:\\\/\\\/www.tressis.com\\\/ca\\\/#website\",\"url\":\"https:\\\/\\\/www.tressis.com\\\/ca\\\/\",\"name\":\"Tressis banca privada\",\"description\":\"Tressis | Planificaci\u00f3n financiera y gesti\u00f3n de patrimonios\",\"publisher\":{\"@id\":\"https:\\\/\\\/www.tressis.com\\\/ca\\\/#organization\"},\"potentialAction\":[{\"@type\":\"SearchAction\",\"target\":{\"@type\":\"EntryPoint\",\"urlTemplate\":\"https:\\\/\\\/www.tressis.com\\\/ca\\\/?s={search_term_string}\"},\"query-input\":{\"@type\":\"PropertyValueSpecification\",\"valueRequired\":true,\"valueName\":\"search_term_string\"}}],\"inLanguage\":\"ca\"},{\"@type\":\"Organization\",\"@id\":\"https:\\\/\\\/www.tressis.com\\\/ca\\\/#organization\",\"name\":\"Tressis\",\"url\":\"https:\\\/\\\/www.tressis.com\\\/ca\\\/\",\"logo\":{\"@type\":\"ImageObject\",\"inLanguage\":\"ca\",\"@id\":\"https:\\\/\\\/www.tressis.com\\\/ca\\\/#\\\/schema\\\/logo\\\/image\\\/\",\"url\":\"https:\\\/\\\/www.tressis.com\\\/wp-content\\\/uploads\\\/2025\\\/06\\\/logo-tressis-112.png\",\"contentUrl\":\"https:\\\/\\\/www.tressis.com\\\/wp-content\\\/uploads\\\/2025\\\/06\\\/logo-tressis-112.png\",\"width\":112,\"height\":112,\"caption\":\"Tressis\"},\"image\":{\"@id\":\"https:\\\/\\\/www.tressis.com\\\/ca\\\/#\\\/schema\\\/logo\\\/image\\\/\"},\"sameAs\":[\"https:\\\/\\\/www.facebook.com\\\/Tressis\\\/\",\"https:\\\/\\\/x.com\\\/TressisSV\",\"https:\\\/\\\/www.instagram.com\\\/tressissv\\\/?hl=es\",\"https:\\\/\\\/linkedin.com\\\/company\\\/tressis\\\/\",\"https:\\\/\\\/www.youtube.com\\\/user\\\/tressissv\",\"https:\\\/\\\/open.spotify.com\\\/show\\\/3jmTe1Nf0wqMILl7diWV6h?si=d7112519f13c4593&nd=1\"]},{\"@type\":\"Person\",\"@id\":\"https:\\\/\\\/www.tressis.com\\\/ca\\\/#\\\/schema\\\/person\\\/b833c1d724d8764920b6d6852c70584e\",\"name\":\"Lola\",\"image\":{\"@type\":\"ImageObject\",\"inLanguage\":\"ca\",\"@id\":\"https:\\\/\\\/secure.gravatar.com\\\/avatar\\\/05e646486b23ff45df9649110609c7e31b8c4a3e2821caa23d6317f405e0c51d?s=96&d=mm&r=g\",\"url\":\"https:\\\/\\\/secure.gravatar.com\\\/avatar\\\/05e646486b23ff45df9649110609c7e31b8c4a3e2821caa23d6317f405e0c51d?s=96&d=mm&r=g\",\"contentUrl\":\"https:\\\/\\\/secure.gravatar.com\\\/avatar\\\/05e646486b23ff45df9649110609c7e31b8c4a3e2821caa23d6317f405e0c51d?s=96&d=mm&r=g\",\"caption\":\"Lola\"}}]}<\/script>\n<!-- \/ Yoast SEO plugin. -->","yoast_head_json":{"title":"La renta variable se va animando","description":"Tanto las bolsas europeas como las americanas se animaron con una nueva jornada en positivo. Las acciones japonesas y las chinas decepcionaron con retrocesos.","robots":{"index":"index","follow":"follow","max-snippet":"max-snippet:-1","max-image-preview":"max-image-preview:large","max-video-preview":"max-video-preview:-1"},"canonical":"https:\/\/www.tressis.com\/ca\/blog\/renta-variable-animando\/","og_locale":"ca_ES","og_type":"article","og_title":"La renta variable se va animando","og_description":"Tanto las bolsas europeas como las americanas se animaron con una nueva jornada en positivo. Las acciones japonesas y las chinas decepcionaron con retrocesos.","og_url":"https:\/\/www.tressis.com\/ca\/blog\/renta-variable-animando\/","og_site_name":"Tressis","article_publisher":"https:\/\/www.facebook.com\/Tressis\/","article_published_time":"2023-12-04T07:34:35+00:00","article_modified_time":"2023-12-04T09:01:40+00:00","og_image":[{"width":1100,"height":487,"url":"https:\/\/www.tressis.com\/wp-content\/uploads\/2023\/12\/renta-variable.webp","type":"image\/webp"}],"author":"Lola","twitter_card":"summary_large_image","twitter_creator":"@TressisSV","twitter_site":"@TressisSV","twitter_misc":{"Escrit per":"Lola","Temps estimat de lectura":"3 minuts"},"schema":{"@context":"https:\/\/schema.org","@graph":[{"@type":"Article","@id":"https:\/\/www.tressis.com\/ca\/blog\/renta-variable-animando\/#article","isPartOf":{"@id":"https:\/\/www.tressis.com\/ca\/blog\/renta-variable-animando\/"},"author":{"name":"Lola","@id":"https:\/\/www.tressis.com\/ca\/#\/schema\/person\/b833c1d724d8764920b6d6852c70584e"},"headline":"La renta variable se va animando","datePublished":"2023-12-04T07:34:35+00:00","dateModified":"2023-12-04T09:01:40+00:00","mainEntityOfPage":{"@id":"https:\/\/www.tressis.com\/ca\/blog\/renta-variable-animando\/"},"wordCount":592,"publisher":{"@id":"https:\/\/www.tressis.com\/ca\/#organization"},"image":{"@id":"https:\/\/www.tressis.com\/ca\/blog\/renta-variable-animando\/#primaryimage"},"thumbnailUrl":"https:\/\/www.tressis.com\/wp-content\/uploads\/2023\/12\/renta-variable.webp","keywords":["BCE","deuda p\u00fablica","Dow Jones","Ibex 35","PMI","renta fija","renta variable","Reserva Federal"],"articleSection":["Morning meeting"],"inLanguage":"ca"},{"@type":"WebPage","@id":"https:\/\/www.tressis.com\/ca\/blog\/renta-variable-animando\/","url":"https:\/\/www.tressis.com\/ca\/blog\/renta-variable-animando\/","name":"La renta variable se va animando","isPartOf":{"@id":"https:\/\/www.tressis.com\/ca\/#website"},"primaryImageOfPage":{"@id":"https:\/\/www.tressis.com\/ca\/blog\/renta-variable-animando\/#primaryimage"},"image":{"@id":"https:\/\/www.tressis.com\/ca\/blog\/renta-variable-animando\/#primaryimage"},"thumbnailUrl":"https:\/\/www.tressis.com\/wp-content\/uploads\/2023\/12\/renta-variable.webp","datePublished":"2023-12-04T07:34:35+00:00","dateModified":"2023-12-04T09:01:40+00:00","description":"Tanto las bolsas europeas como las americanas se animaron con una nueva jornada en positivo. Las acciones japonesas y las chinas decepcionaron con retrocesos.","breadcrumb":{"@id":"https:\/\/www.tressis.com\/ca\/blog\/renta-variable-animando\/#breadcrumb"},"inLanguage":"ca","potentialAction":[{"@type":"ReadAction","target":["https:\/\/www.tressis.com\/ca\/blog\/renta-variable-animando\/"]}]},{"@type":"ImageObject","inLanguage":"ca","@id":"https:\/\/www.tressis.com\/ca\/blog\/renta-variable-animando\/#primaryimage","url":"https:\/\/www.tressis.com\/wp-content\/uploads\/2023\/12\/renta-variable.webp","contentUrl":"https:\/\/www.tressis.com\/wp-content\/uploads\/2023\/12\/renta-variable.webp","width":1100,"height":487},{"@type":"BreadcrumbList","@id":"https:\/\/www.tressis.com\/ca\/blog\/renta-variable-animando\/#breadcrumb","itemListElement":[{"@type":"ListItem","position":1,"name":"Inicio","item":"https:\/\/www.tressis.com\/ca\/"},{"@type":"ListItem","position":2,"name":"Morning meeting","item":"https:\/\/www.tressis.com\/ca\/blog\/categorias\/morning-meeting-ca\/"},{"@type":"ListItem","position":3,"name":"La renta variable se va animando"}]},{"@type":"WebSite","@id":"https:\/\/www.tressis.com\/ca\/#website","url":"https:\/\/www.tressis.com\/ca\/","name":"Tressis banca privada","description":"Tressis | Planificaci\u00f3n financiera y gesti\u00f3n de patrimonios","publisher":{"@id":"https:\/\/www.tressis.com\/ca\/#organization"},"potentialAction":[{"@type":"SearchAction","target":{"@type":"EntryPoint","urlTemplate":"https:\/\/www.tressis.com\/ca\/?s={search_term_string}"},"query-input":{"@type":"PropertyValueSpecification","valueRequired":true,"valueName":"search_term_string"}}],"inLanguage":"ca"},{"@type":"Organization","@id":"https:\/\/www.tressis.com\/ca\/#organization","name":"Tressis","url":"https:\/\/www.tressis.com\/ca\/","logo":{"@type":"ImageObject","inLanguage":"ca","@id":"https:\/\/www.tressis.com\/ca\/#\/schema\/logo\/image\/","url":"https:\/\/www.tressis.com\/wp-content\/uploads\/2025\/06\/logo-tressis-112.png","contentUrl":"https:\/\/www.tressis.com\/wp-content\/uploads\/2025\/06\/logo-tressis-112.png","width":112,"height":112,"caption":"Tressis"},"image":{"@id":"https:\/\/www.tressis.com\/ca\/#\/schema\/logo\/image\/"},"sameAs":["https:\/\/www.facebook.com\/Tressis\/","https:\/\/x.com\/TressisSV","https:\/\/www.instagram.com\/tressissv\/?hl=es","https:\/\/linkedin.com\/company\/tressis\/","https:\/\/www.youtube.com\/user\/tressissv","https:\/\/open.spotify.com\/show\/3jmTe1Nf0wqMILl7diWV6h?si=d7112519f13c4593&nd=1"]},{"@type":"Person","@id":"https:\/\/www.tressis.com\/ca\/#\/schema\/person\/b833c1d724d8764920b6d6852c70584e","name":"Lola","image":{"@type":"ImageObject","inLanguage":"ca","@id":"https:\/\/secure.gravatar.com\/avatar\/05e646486b23ff45df9649110609c7e31b8c4a3e2821caa23d6317f405e0c51d?s=96&d=mm&r=g","url":"https:\/\/secure.gravatar.com\/avatar\/05e646486b23ff45df9649110609c7e31b8c4a3e2821caa23d6317f405e0c51d?s=96&d=mm&r=g","contentUrl":"https:\/\/secure.gravatar.com\/avatar\/05e646486b23ff45df9649110609c7e31b8c4a3e2821caa23d6317f405e0c51d?s=96&d=mm&r=g","caption":"Lola"}}]}},"_links":{"self":[{"href":"https:\/\/www.tressis.com\/ca\/wp-json\/wp\/v2\/posts\/75956","targetHints":{"allow":["GET"]}}],"collection":[{"href":"https:\/\/www.tressis.com\/ca\/wp-json\/wp\/v2\/posts"}],"about":[{"href":"https:\/\/www.tressis.com\/ca\/wp-json\/wp\/v2\/types\/post"}],"author":[{"embeddable":true,"href":"https:\/\/www.tressis.com\/ca\/wp-json\/wp\/v2\/users\/4"}],"replies":[{"embeddable":true,"href":"https:\/\/www.tressis.com\/ca\/wp-json\/wp\/v2\/comments?post=75956"}],"version-history":[{"count":0,"href":"https:\/\/www.tressis.com\/ca\/wp-json\/wp\/v2\/posts\/75956\/revisions"}],"wp:featuredmedia":[{"embeddable":true,"href":"https:\/\/www.tressis.com\/ca\/wp-json\/wp\/v2\/media\/75958"}],"wp:attachment":[{"href":"https:\/\/www.tressis.com\/ca\/wp-json\/wp\/v2\/media?parent=75956"}],"wp:term":[{"taxonomy":"category","embeddable":true,"href":"https:\/\/www.tressis.com\/ca\/wp-json\/wp\/v2\/categories?post=75956"},{"taxonomy":"post_tag","embeddable":true,"href":"https:\/\/www.tressis.com\/ca\/wp-json\/wp\/v2\/tags?post=75956"}],"curies":[{"name":"wp","href":"https:\/\/api.w.org\/{rel}","templated":true}]}}