{"id":75857,"date":"2023-11-29T08:51:56","date_gmt":"2023-11-29T07:51:56","guid":{"rendered":"https:\/\/www.tressis.com\/?p=75857"},"modified":"2023-11-29T10:29:12","modified_gmt":"2023-11-29T09:29:12","slug":"ventas-black-friday-baten-record","status":"publish","type":"post","link":"https:\/\/www.tressis.com\/ca\/blog\/ventas-black-friday-baten-record\/","title":{"rendered":"Las ventas en Black Friday baten r\u00e9cord"},"content":{"rendered":"<p>En los mercados de renta variable los \u00edndices se movieron en un rango estrecho y con signo mixto en las plazas europeas. El Eurostoxx baj\u00f3 un leve 0,15%, el CAC 40 0,21% y el FTSE 100 se dejaba un 0,07%. En la otra cara de la moneda se encuentra el DAX, que sub\u00eda un 0,16% y el Ibex, que fue el \u00edndice que m\u00e1s subi\u00f3, un 0,68% para superar la barrera de los 10.000 puntos. En Estados Unidos la sesi\u00f3n fue de compras moderadas: el Dow Jones se anotaba un 0,24%, el S&amp;P 500 0,10% y el tecnol\u00f3gico Nasdaq 0,29%.<\/p>\n<p>&nbsp;<\/p>\n<p><center><strong>Informe de noviembre<\/strong><\/center><center><a href=\"https:\/\/www.tressis.com\/landing\/campana\/tressis-vision\/index.html?utm_campaign=descarga_paper&amp;utm_medium=blog_MMV&amp;utm_source=tressisvision\" target=\"_blank\" rel=\"noopener\"><img fetchpriority=\"high\" decoding=\"async\" class=\"aligncenter wp-image-67199 size-full\" src=\"https:\/\/www.tressis.com\/wp-content\/uploads\/2023\/03\/CTA-Tressis-vision-para-articulos-blog.jpg\" alt=\"Informe mensual - Tressis visi\u00f3n\" width=\"800\" height=\"354\" srcset=\"https:\/\/www.tressis.com\/wp-content\/uploads\/2023\/03\/CTA-Tressis-vision-para-articulos-blog.jpg 800w, https:\/\/www.tressis.com\/wp-content\/uploads\/2023\/03\/CTA-Tressis-vision-para-articulos-blog-300x133.jpg 300w, https:\/\/www.tressis.com\/wp-content\/uploads\/2023\/03\/CTA-Tressis-vision-para-articulos-blog-768x340.jpg 768w\" sizes=\"(max-width: 800px) 100vw, 800px\" \/><\/a><\/center>&nbsp;<\/p>\n<p>Por el lado de los bancos centrales, el lunes Christine Lagarde (presidenta del BCE) afirm\u00f3 ante el Parlamento Europeo, que persiste una elevada incertidumbre respecto a la inflaci\u00f3n a medio plazo. Aunque espera que las presiones inflacionistas sigan moder\u00e1ndose, no descarta repuntes en la inflaci\u00f3n en los pr\u00f3ximos meses. Por su parte, Joachim Nagel (presidente del Bundesbank), se\u00f1al\u00f3 ayer que es posible que las subidas de tipos no hayan terminado, ya que si empeoraran las perspectivas de inflaci\u00f3n, el BCE podr\u00eda ver la necesidad de volver a subir los tipos. Adem\u00e1s afirm\u00f3 que es &#8220;prematuro&#8221; incluso especular sobre futuras bajadas de tipos. Tambi\u00e9n abog\u00f3 por un mayor endurecimiento mediante una reducci\u00f3n &#8220;significativa&#8221; del balance. Mientras, la gobernadora de la Reserva Federal (Fed), Michelle Bowman, dijo el martes que sigue dispuesta a apoyar el aumento de las tipos de inter\u00e9s &#8220;si los datos macroecon\u00f3micos venideros indican que el progreso en materia de inflaci\u00f3n se ha estancado o es insuficiente para reducir la inflaci\u00f3n al 2%&#8221;. La postura de Bowman se ha vuelto m\u00e1s aislada entre los responsables de las pol\u00edticas monetarias, que se han unido en torno a la idea de mantener los tipos en los niveles actuales durante un per\u00edodo largo en el tiempo.<\/p>\n<p>&nbsp;<\/p>\n<p>Sin embargo, los mercados de deuda ignoraron las palabras que hacen referencia a una posible amenaza de subida de tipos, y los bonos soberanos europeos experimentaron una reducci\u00f3n en las rentabilidades exigidas. Los bonos a diez a\u00f1os de Estados Unidos y Alemania se ubicaron en 4,32% y 2,49% respectivamente. Mientras que a dos a\u00f1os, con una TIR de 4,73% y 2,91%, la rentabilidad sigue siendo superior que en los plazos m\u00e1s largos. En la renta fija privada, los diferenciales de cr\u00e9dito tambi\u00e9n experimentaron un ligero estrechamiento.<\/p>\n<p>&nbsp;<\/p>\n<p>Ayer vivimos una sesi\u00f3n con escasas referencias macro. A destacar los datos de confianza consumidora en Alemania, Francia y Estados Unidos, que en todos los casos han salido mejor que los estimados.<\/p>\n<p>&nbsp;<\/p>\n<table id=\"table-2\" class=\"wptg-table wptg-comparison-table\">\n<thead class=\"wptg-thead\">\n<tr>\n<th class=\"placeholder wptg-placeholder\">\u00cdndice<\/th>\n<th>Efectivo<\/th>\n<th>Esperado<\/th>\n<th>Anterior<\/th>\n<\/tr>\n<\/thead>\n<tbody class=\"wptg-tbody\">\n<tr>\n<td>GfK de clima de consumo en Alemania (diciembre)<\/td>\n<td>-27,8<\/td>\n<td>-27,9<\/td>\n<td>-28,1<\/td>\n<\/tr>\n<tr>\n<td>Confianza del consumidor Francia (noviembre)<\/td>\n<td>87<\/td>\n<td>84<\/td>\n<td>84<\/td>\n<\/tr>\n<tr>\n<td>Confianza del consumidor de Conference Board (noviembre)<\/td>\n<td>102<\/td>\n<td>101<\/td>\n<td>102,6<\/td>\n<\/tr>\n<\/tbody>\n<\/table>\n<p>&nbsp;<\/p>\n<p>Hoy se conocer\u00e1n los \u00edndices de confianza del consumidor, econ\u00f3mica, industrial y de servicios de la eurozona, adem\u00e1s del dato de inflaci\u00f3n preliminar de noviembre de Alemania y Espa\u00f1a. En EE.UU. se publicar\u00e1 el segundo dato del crecimiento del producto interior bruto (PIB) del tercer trimestre, para el que se espera una ligera revisi\u00f3n al alza hasta el 5% desde la previsi\u00f3n del 4,9%.<\/p>\n<p>&nbsp;<\/p>\n<p>De acuerdo con las fuentes que monitorizan el comportamiento de ventas online, las ventas en Black Friday han registrado un fuerte crecimiento, batiendo r\u00e9cord gracias tambi\u00e9n a los fuertes descuentos que cifran hasta en un 30%. El gasto de los consumidores en compras digitales en Estados Unidos durante ese d\u00eda, la jornada de m\u00e1s consumo en el pa\u00eds, alcanz\u00f3 los 9.800 millones de d\u00f3lares, seg\u00fan un an\u00e1lisis de Adobe Analytics. Por su parte, se estima que en el Ciber Monday, el gasto alcanz\u00f3 los 12.000 millones de d\u00f3lares. Cifras muy alentadoras de consumo. Sin embargo, la Federaci\u00f3n Nacional de Minoristas (NRF) prev\u00e9 un r\u00e9cord de gasto esta temporada navide\u00f1a, pero con un crecimiento m\u00e1s moderado que en a\u00f1os anteriores.<\/p>\n<p>&nbsp;<\/p>\n<p>\u00a1Feliz mi\u00e9rcoles!<\/p>\n<p>&nbsp;<\/p>\n<p><center><strong>J\u00e9ssica Steuer Barbosa<\/strong><br \/>\nAnalista<\/center><\/p>\n","protected":false},"excerpt":{"rendered":"<p>En los mercados de renta variable los \u00edndices se movieron en un rango estrecho y con signo mixto en las plazas europeas. El Eurostoxx baj\u00f3 un leve 0,15%, el CAC 40 0,21% y el FTSE 100 se dejaba un 0,07%. En la otra cara de la moneda se encuentra el DAX, que sub\u00eda un 0,16% [&hellip;]<\/p>\n","protected":false},"author":4,"featured_media":75858,"comment_status":"closed","ping_status":"open","sticky":false,"template":"","format":"standard","meta":{"_acf_changed":false,"footnotes":""},"categories":[9721],"tags":[559,613,1130,1132,3453],"class_list":["post-75857","post","type-post","status-publish","format-standard","has-post-thumbnail","hentry","category-morning-meeting","tag-bce","tag-black-friday","tag-christine-lagarde","tag-ciber-monday","tag-inflacion"],"acf":[],"yoast_head":"<!-- This site is optimized with the Yoast SEO plugin v27.5 - https:\/\/yoast.com\/product\/yoast-seo-wordpress\/ -->\n<title>Las ventas en Black Friday baten r\u00e9cord<\/title>\n<meta name=\"description\" content=\"Se estima que en el Ciber Monday el gasto alcanz\u00f3 los 12.000 millones de d\u00f3lares.\" \/>\n<meta name=\"robots\" content=\"index, follow, max-snippet:-1, max-image-preview:large, max-video-preview:-1\" \/>\n<link rel=\"canonical\" href=\"https:\/\/www.tressis.com\/ca\/blog\/ventas-black-friday-baten-record\/\" \/>\n<meta property=\"og:locale\" content=\"ca_ES\" \/>\n<meta property=\"og:type\" content=\"article\" \/>\n<meta property=\"og:title\" content=\"Las ventas en Black Friday baten r\u00e9cord\" \/>\n<meta property=\"og:description\" content=\"Se estima que en el Ciber Monday el gasto alcanz\u00f3 los 12.000 millones de d\u00f3lares.\" \/>\n<meta property=\"og:url\" content=\"https:\/\/www.tressis.com\/ca\/blog\/ventas-black-friday-baten-record\/\" \/>\n<meta property=\"og:site_name\" content=\"Tressis\" \/>\n<meta property=\"article:publisher\" content=\"https:\/\/www.facebook.com\/Tressis\/\" \/>\n<meta property=\"article:published_time\" content=\"2023-11-29T07:51:56+00:00\" \/>\n<meta property=\"article:modified_time\" content=\"2023-11-29T09:29:12+00:00\" \/>\n<meta property=\"og:image\" content=\"https:\/\/www.tressis.com\/wp-content\/uploads\/2023\/11\/black-friday.webp\" \/>\n\t<meta property=\"og:image:width\" content=\"1100\" \/>\n\t<meta property=\"og:image:height\" content=\"487\" \/>\n\t<meta property=\"og:image:type\" content=\"image\/webp\" \/>\n<meta name=\"author\" content=\"Lola\" \/>\n<meta name=\"twitter:card\" content=\"summary_large_image\" \/>\n<meta name=\"twitter:creator\" content=\"@TressisSV\" \/>\n<meta name=\"twitter:site\" content=\"@TressisSV\" \/>\n<meta name=\"twitter:label1\" content=\"Escrit per\" \/>\n\t<meta name=\"twitter:data1\" content=\"Lola\" \/>\n\t<meta name=\"twitter:label2\" content=\"Temps estimat de lectura\" \/>\n\t<meta name=\"twitter:data2\" content=\"3 minuts\" \/>\n<script type=\"application\/ld+json\" class=\"yoast-schema-graph\">{\"@context\":\"https:\\\/\\\/schema.org\",\"@graph\":[{\"@type\":\"Article\",\"@id\":\"https:\\\/\\\/www.tressis.com\\\/ca\\\/blog\\\/ventas-black-friday-baten-record\\\/#article\",\"isPartOf\":{\"@id\":\"https:\\\/\\\/www.tressis.com\\\/ca\\\/blog\\\/ventas-black-friday-baten-record\\\/\"},\"author\":{\"name\":\"Lola\",\"@id\":\"https:\\\/\\\/www.tressis.com\\\/ca\\\/#\\\/schema\\\/person\\\/b833c1d724d8764920b6d6852c70584e\"},\"headline\":\"Las ventas en Black Friday baten r\u00e9cord\",\"datePublished\":\"2023-11-29T07:51:56+00:00\",\"dateModified\":\"2023-11-29T09:29:12+00:00\",\"mainEntityOfPage\":{\"@id\":\"https:\\\/\\\/www.tressis.com\\\/ca\\\/blog\\\/ventas-black-friday-baten-record\\\/\"},\"wordCount\":690,\"publisher\":{\"@id\":\"https:\\\/\\\/www.tressis.com\\\/ca\\\/#organization\"},\"image\":{\"@id\":\"https:\\\/\\\/www.tressis.com\\\/ca\\\/blog\\\/ventas-black-friday-baten-record\\\/#primaryimage\"},\"thumbnailUrl\":\"https:\\\/\\\/www.tressis.com\\\/wp-content\\\/uploads\\\/2023\\\/11\\\/black-friday.webp\",\"keywords\":[\"BCE\",\"Black Friday\",\"Christine Lagarde\",\"ciber monday\",\"inflaci\u00f3n\"],\"articleSection\":[\"Morning meeting\"],\"inLanguage\":\"ca\"},{\"@type\":\"WebPage\",\"@id\":\"https:\\\/\\\/www.tressis.com\\\/ca\\\/blog\\\/ventas-black-friday-baten-record\\\/\",\"url\":\"https:\\\/\\\/www.tressis.com\\\/ca\\\/blog\\\/ventas-black-friday-baten-record\\\/\",\"name\":\"Las ventas en Black Friday baten r\u00e9cord\",\"isPartOf\":{\"@id\":\"https:\\\/\\\/www.tressis.com\\\/ca\\\/#website\"},\"primaryImageOfPage\":{\"@id\":\"https:\\\/\\\/www.tressis.com\\\/ca\\\/blog\\\/ventas-black-friday-baten-record\\\/#primaryimage\"},\"image\":{\"@id\":\"https:\\\/\\\/www.tressis.com\\\/ca\\\/blog\\\/ventas-black-friday-baten-record\\\/#primaryimage\"},\"thumbnailUrl\":\"https:\\\/\\\/www.tressis.com\\\/wp-content\\\/uploads\\\/2023\\\/11\\\/black-friday.webp\",\"datePublished\":\"2023-11-29T07:51:56+00:00\",\"dateModified\":\"2023-11-29T09:29:12+00:00\",\"description\":\"Se estima que en el Ciber Monday el gasto alcanz\u00f3 los 12.000 millones de d\u00f3lares.\",\"breadcrumb\":{\"@id\":\"https:\\\/\\\/www.tressis.com\\\/ca\\\/blog\\\/ventas-black-friday-baten-record\\\/#breadcrumb\"},\"inLanguage\":\"ca\",\"potentialAction\":[{\"@type\":\"ReadAction\",\"target\":[\"https:\\\/\\\/www.tressis.com\\\/ca\\\/blog\\\/ventas-black-friday-baten-record\\\/\"]}]},{\"@type\":\"ImageObject\",\"inLanguage\":\"ca\",\"@id\":\"https:\\\/\\\/www.tressis.com\\\/ca\\\/blog\\\/ventas-black-friday-baten-record\\\/#primaryimage\",\"url\":\"https:\\\/\\\/www.tressis.com\\\/wp-content\\\/uploads\\\/2023\\\/11\\\/black-friday.webp\",\"contentUrl\":\"https:\\\/\\\/www.tressis.com\\\/wp-content\\\/uploads\\\/2023\\\/11\\\/black-friday.webp\",\"width\":1100,\"height\":487},{\"@type\":\"BreadcrumbList\",\"@id\":\"https:\\\/\\\/www.tressis.com\\\/ca\\\/blog\\\/ventas-black-friday-baten-record\\\/#breadcrumb\",\"itemListElement\":[{\"@type\":\"ListItem\",\"position\":1,\"name\":\"Inicio\",\"item\":\"https:\\\/\\\/www.tressis.com\\\/ca\\\/\"},{\"@type\":\"ListItem\",\"position\":2,\"name\":\"Morning meeting\",\"item\":\"https:\\\/\\\/www.tressis.com\\\/ca\\\/blog\\\/categorias\\\/morning-meeting-ca\\\/\"},{\"@type\":\"ListItem\",\"position\":3,\"name\":\"Las ventas en Black Friday baten r\u00e9cord\"}]},{\"@type\":\"WebSite\",\"@id\":\"https:\\\/\\\/www.tressis.com\\\/ca\\\/#website\",\"url\":\"https:\\\/\\\/www.tressis.com\\\/ca\\\/\",\"name\":\"Tressis banca privada\",\"description\":\"Tressis | Planificaci\u00f3n financiera y gesti\u00f3n de patrimonios\",\"publisher\":{\"@id\":\"https:\\\/\\\/www.tressis.com\\\/ca\\\/#organization\"},\"potentialAction\":[{\"@type\":\"SearchAction\",\"target\":{\"@type\":\"EntryPoint\",\"urlTemplate\":\"https:\\\/\\\/www.tressis.com\\\/ca\\\/?s={search_term_string}\"},\"query-input\":{\"@type\":\"PropertyValueSpecification\",\"valueRequired\":true,\"valueName\":\"search_term_string\"}}],\"inLanguage\":\"ca\"},{\"@type\":\"Organization\",\"@id\":\"https:\\\/\\\/www.tressis.com\\\/ca\\\/#organization\",\"name\":\"Tressis\",\"url\":\"https:\\\/\\\/www.tressis.com\\\/ca\\\/\",\"logo\":{\"@type\":\"ImageObject\",\"inLanguage\":\"ca\",\"@id\":\"https:\\\/\\\/www.tressis.com\\\/ca\\\/#\\\/schema\\\/logo\\\/image\\\/\",\"url\":\"https:\\\/\\\/www.tressis.com\\\/wp-content\\\/uploads\\\/2025\\\/06\\\/logo-tressis-112.png\",\"contentUrl\":\"https:\\\/\\\/www.tressis.com\\\/wp-content\\\/uploads\\\/2025\\\/06\\\/logo-tressis-112.png\",\"width\":112,\"height\":112,\"caption\":\"Tressis\"},\"image\":{\"@id\":\"https:\\\/\\\/www.tressis.com\\\/ca\\\/#\\\/schema\\\/logo\\\/image\\\/\"},\"sameAs\":[\"https:\\\/\\\/www.facebook.com\\\/Tressis\\\/\",\"https:\\\/\\\/x.com\\\/TressisSV\",\"https:\\\/\\\/www.instagram.com\\\/tressissv\\\/?hl=es\",\"https:\\\/\\\/linkedin.com\\\/company\\\/tressis\\\/\",\"https:\\\/\\\/www.youtube.com\\\/user\\\/tressissv\",\"https:\\\/\\\/open.spotify.com\\\/show\\\/3jmTe1Nf0wqMILl7diWV6h?si=d7112519f13c4593&nd=1\"]},{\"@type\":\"Person\",\"@id\":\"https:\\\/\\\/www.tressis.com\\\/ca\\\/#\\\/schema\\\/person\\\/b833c1d724d8764920b6d6852c70584e\",\"name\":\"Lola\",\"image\":{\"@type\":\"ImageObject\",\"inLanguage\":\"ca\",\"@id\":\"https:\\\/\\\/secure.gravatar.com\\\/avatar\\\/05e646486b23ff45df9649110609c7e31b8c4a3e2821caa23d6317f405e0c51d?s=96&d=mm&r=g\",\"url\":\"https:\\\/\\\/secure.gravatar.com\\\/avatar\\\/05e646486b23ff45df9649110609c7e31b8c4a3e2821caa23d6317f405e0c51d?s=96&d=mm&r=g\",\"contentUrl\":\"https:\\\/\\\/secure.gravatar.com\\\/avatar\\\/05e646486b23ff45df9649110609c7e31b8c4a3e2821caa23d6317f405e0c51d?s=96&d=mm&r=g\",\"caption\":\"Lola\"}}]}<\/script>\n<!-- \/ Yoast SEO plugin. -->","yoast_head_json":{"title":"Las ventas en Black Friday baten r\u00e9cord","description":"Se estima que en el Ciber Monday el gasto alcanz\u00f3 los 12.000 millones de d\u00f3lares.","robots":{"index":"index","follow":"follow","max-snippet":"max-snippet:-1","max-image-preview":"max-image-preview:large","max-video-preview":"max-video-preview:-1"},"canonical":"https:\/\/www.tressis.com\/ca\/blog\/ventas-black-friday-baten-record\/","og_locale":"ca_ES","og_type":"article","og_title":"Las ventas en Black Friday baten r\u00e9cord","og_description":"Se estima que en el Ciber Monday el gasto alcanz\u00f3 los 12.000 millones de d\u00f3lares.","og_url":"https:\/\/www.tressis.com\/ca\/blog\/ventas-black-friday-baten-record\/","og_site_name":"Tressis","article_publisher":"https:\/\/www.facebook.com\/Tressis\/","article_published_time":"2023-11-29T07:51:56+00:00","article_modified_time":"2023-11-29T09:29:12+00:00","og_image":[{"width":1100,"height":487,"url":"https:\/\/www.tressis.com\/wp-content\/uploads\/2023\/11\/black-friday.webp","type":"image\/webp"}],"author":"Lola","twitter_card":"summary_large_image","twitter_creator":"@TressisSV","twitter_site":"@TressisSV","twitter_misc":{"Escrit per":"Lola","Temps estimat de lectura":"3 minuts"},"schema":{"@context":"https:\/\/schema.org","@graph":[{"@type":"Article","@id":"https:\/\/www.tressis.com\/ca\/blog\/ventas-black-friday-baten-record\/#article","isPartOf":{"@id":"https:\/\/www.tressis.com\/ca\/blog\/ventas-black-friday-baten-record\/"},"author":{"name":"Lola","@id":"https:\/\/www.tressis.com\/ca\/#\/schema\/person\/b833c1d724d8764920b6d6852c70584e"},"headline":"Las ventas en Black Friday baten r\u00e9cord","datePublished":"2023-11-29T07:51:56+00:00","dateModified":"2023-11-29T09:29:12+00:00","mainEntityOfPage":{"@id":"https:\/\/www.tressis.com\/ca\/blog\/ventas-black-friday-baten-record\/"},"wordCount":690,"publisher":{"@id":"https:\/\/www.tressis.com\/ca\/#organization"},"image":{"@id":"https:\/\/www.tressis.com\/ca\/blog\/ventas-black-friday-baten-record\/#primaryimage"},"thumbnailUrl":"https:\/\/www.tressis.com\/wp-content\/uploads\/2023\/11\/black-friday.webp","keywords":["BCE","Black Friday","Christine Lagarde","ciber monday","inflaci\u00f3n"],"articleSection":["Morning meeting"],"inLanguage":"ca"},{"@type":"WebPage","@id":"https:\/\/www.tressis.com\/ca\/blog\/ventas-black-friday-baten-record\/","url":"https:\/\/www.tressis.com\/ca\/blog\/ventas-black-friday-baten-record\/","name":"Las ventas en Black Friday baten r\u00e9cord","isPartOf":{"@id":"https:\/\/www.tressis.com\/ca\/#website"},"primaryImageOfPage":{"@id":"https:\/\/www.tressis.com\/ca\/blog\/ventas-black-friday-baten-record\/#primaryimage"},"image":{"@id":"https:\/\/www.tressis.com\/ca\/blog\/ventas-black-friday-baten-record\/#primaryimage"},"thumbnailUrl":"https:\/\/www.tressis.com\/wp-content\/uploads\/2023\/11\/black-friday.webp","datePublished":"2023-11-29T07:51:56+00:00","dateModified":"2023-11-29T09:29:12+00:00","description":"Se estima que en el Ciber Monday el gasto alcanz\u00f3 los 12.000 millones de d\u00f3lares.","breadcrumb":{"@id":"https:\/\/www.tressis.com\/ca\/blog\/ventas-black-friday-baten-record\/#breadcrumb"},"inLanguage":"ca","potentialAction":[{"@type":"ReadAction","target":["https:\/\/www.tressis.com\/ca\/blog\/ventas-black-friday-baten-record\/"]}]},{"@type":"ImageObject","inLanguage":"ca","@id":"https:\/\/www.tressis.com\/ca\/blog\/ventas-black-friday-baten-record\/#primaryimage","url":"https:\/\/www.tressis.com\/wp-content\/uploads\/2023\/11\/black-friday.webp","contentUrl":"https:\/\/www.tressis.com\/wp-content\/uploads\/2023\/11\/black-friday.webp","width":1100,"height":487},{"@type":"BreadcrumbList","@id":"https:\/\/www.tressis.com\/ca\/blog\/ventas-black-friday-baten-record\/#breadcrumb","itemListElement":[{"@type":"ListItem","position":1,"name":"Inicio","item":"https:\/\/www.tressis.com\/ca\/"},{"@type":"ListItem","position":2,"name":"Morning meeting","item":"https:\/\/www.tressis.com\/ca\/blog\/categorias\/morning-meeting-ca\/"},{"@type":"ListItem","position":3,"name":"Las ventas en Black Friday baten r\u00e9cord"}]},{"@type":"WebSite","@id":"https:\/\/www.tressis.com\/ca\/#website","url":"https:\/\/www.tressis.com\/ca\/","name":"Tressis banca privada","description":"Tressis | Planificaci\u00f3n financiera y gesti\u00f3n de patrimonios","publisher":{"@id":"https:\/\/www.tressis.com\/ca\/#organization"},"potentialAction":[{"@type":"SearchAction","target":{"@type":"EntryPoint","urlTemplate":"https:\/\/www.tressis.com\/ca\/?s={search_term_string}"},"query-input":{"@type":"PropertyValueSpecification","valueRequired":true,"valueName":"search_term_string"}}],"inLanguage":"ca"},{"@type":"Organization","@id":"https:\/\/www.tressis.com\/ca\/#organization","name":"Tressis","url":"https:\/\/www.tressis.com\/ca\/","logo":{"@type":"ImageObject","inLanguage":"ca","@id":"https:\/\/www.tressis.com\/ca\/#\/schema\/logo\/image\/","url":"https:\/\/www.tressis.com\/wp-content\/uploads\/2025\/06\/logo-tressis-112.png","contentUrl":"https:\/\/www.tressis.com\/wp-content\/uploads\/2025\/06\/logo-tressis-112.png","width":112,"height":112,"caption":"Tressis"},"image":{"@id":"https:\/\/www.tressis.com\/ca\/#\/schema\/logo\/image\/"},"sameAs":["https:\/\/www.facebook.com\/Tressis\/","https:\/\/x.com\/TressisSV","https:\/\/www.instagram.com\/tressissv\/?hl=es","https:\/\/linkedin.com\/company\/tressis\/","https:\/\/www.youtube.com\/user\/tressissv","https:\/\/open.spotify.com\/show\/3jmTe1Nf0wqMILl7diWV6h?si=d7112519f13c4593&nd=1"]},{"@type":"Person","@id":"https:\/\/www.tressis.com\/ca\/#\/schema\/person\/b833c1d724d8764920b6d6852c70584e","name":"Lola","image":{"@type":"ImageObject","inLanguage":"ca","@id":"https:\/\/secure.gravatar.com\/avatar\/05e646486b23ff45df9649110609c7e31b8c4a3e2821caa23d6317f405e0c51d?s=96&d=mm&r=g","url":"https:\/\/secure.gravatar.com\/avatar\/05e646486b23ff45df9649110609c7e31b8c4a3e2821caa23d6317f405e0c51d?s=96&d=mm&r=g","contentUrl":"https:\/\/secure.gravatar.com\/avatar\/05e646486b23ff45df9649110609c7e31b8c4a3e2821caa23d6317f405e0c51d?s=96&d=mm&r=g","caption":"Lola"}}]}},"_links":{"self":[{"href":"https:\/\/www.tressis.com\/ca\/wp-json\/wp\/v2\/posts\/75857","targetHints":{"allow":["GET"]}}],"collection":[{"href":"https:\/\/www.tressis.com\/ca\/wp-json\/wp\/v2\/posts"}],"about":[{"href":"https:\/\/www.tressis.com\/ca\/wp-json\/wp\/v2\/types\/post"}],"author":[{"embeddable":true,"href":"https:\/\/www.tressis.com\/ca\/wp-json\/wp\/v2\/users\/4"}],"replies":[{"embeddable":true,"href":"https:\/\/www.tressis.com\/ca\/wp-json\/wp\/v2\/comments?post=75857"}],"version-history":[{"count":0,"href":"https:\/\/www.tressis.com\/ca\/wp-json\/wp\/v2\/posts\/75857\/revisions"}],"wp:featuredmedia":[{"embeddable":true,"href":"https:\/\/www.tressis.com\/ca\/wp-json\/wp\/v2\/media\/75858"}],"wp:attachment":[{"href":"https:\/\/www.tressis.com\/ca\/wp-json\/wp\/v2\/media?parent=75857"}],"wp:term":[{"taxonomy":"category","embeddable":true,"href":"https:\/\/www.tressis.com\/ca\/wp-json\/wp\/v2\/categories?post=75857"},{"taxonomy":"post_tag","embeddable":true,"href":"https:\/\/www.tressis.com\/ca\/wp-json\/wp\/v2\/tags?post=75857"}],"curies":[{"name":"wp","href":"https:\/\/api.w.org\/{rel}","templated":true}]}}