{"id":75825,"date":"2023-11-24T09:10:56","date_gmt":"2023-11-24T08:10:56","guid":{"rendered":"https:\/\/www.tressis.com\/?p=75825"},"modified":"2023-11-24T10:48:54","modified_gmt":"2023-11-24T09:48:54","slug":"turbulencias-europeas","status":"publish","type":"post","link":"https:\/\/www.tressis.com\/ca\/blog\/turbulencias-europeas\/","title":{"rendered":"Turbulencias europeas"},"content":{"rendered":"<p>Jornada un poco anodina la de ayer por la festividad del D\u00eda de Acci\u00f3n de Gracias en Estados Unidos. Esto dej\u00f3 a los mercados financieros hu\u00e9rfanos de referencias de calado, como lo son los parqu\u00e9s estadounidenses o el comportamiento de la deuda emitida por su Tesoro. No obstante, en Europa todo sigui\u00f3 su curso normal con las bolsas operativas con normalidad y la econom\u00eda del continente mostrando s\u00edntomas de ralentizaci\u00f3n.<\/p>\n<p>&nbsp;<\/p>\n<p><center><strong>Informe de noviembre<\/strong><\/center><center><a href=\"https:\/\/www.tressis.com\/landing\/campana\/tressis-vision\/index.html?utm_campaign=descarga_paper&amp;utm_medium=blog_MMV&amp;utm_source=tressisvision\" target=\"_blank\" rel=\"noopener\"><img fetchpriority=\"high\" decoding=\"async\" class=\"aligncenter wp-image-67199 size-full\" src=\"https:\/\/www.tressis.com\/wp-content\/uploads\/2023\/03\/CTA-Tressis-vision-para-articulos-blog.jpg\" alt=\"Informe mensual - Tressis visi\u00f3n\" width=\"800\" height=\"354\" srcset=\"https:\/\/www.tressis.com\/wp-content\/uploads\/2023\/03\/CTA-Tressis-vision-para-articulos-blog.jpg 800w, https:\/\/www.tressis.com\/wp-content\/uploads\/2023\/03\/CTA-Tressis-vision-para-articulos-blog-300x133.jpg 300w, https:\/\/www.tressis.com\/wp-content\/uploads\/2023\/03\/CTA-Tressis-vision-para-articulos-blog-768x340.jpg 768w\" sizes=\"(max-width: 800px) 100vw, 800px\" \/><\/a><\/center>&nbsp;<\/p>\n<p>En relaci\u00f3n con la salud de la econom\u00eda europea, esta continu\u00f3 perdiendo tracci\u00f3n durante el mes de noviembre, tal y como se pudo extraer de la lectura de los \u00edndices adelantados de actividad (PMI) de noviembre. Si bien es cierto que la cifra publicada fue superior a la estimada (47,1 vs. 46,8), es el sexto mes consecutivo que se encuentra en contracci\u00f3n (dato inferior a 50) y no se prev\u00e9 que mejore a corto plazo. El problema viene de que el sector industrial se encuentra en una tesitura compleja (43,8 vs. 43,5 estimado), porque lo que ha estado descendiendo durante los \u00faltimos cuatro meses son los nuevos pedidos recibidos y los nuevos pedidos de exportaci\u00f3n. Lo que redunda en que las empresas no est\u00e1n produciendo productos y contin\u00faan reduciendo los inventarios que tanto incrementaron a ra\u00edz del coronavirus.<\/p>\n<p>&nbsp;<\/p>\n<p><img decoding=\"async\" class=\"aligncenter size-full wp-image-75826\" src=\"https:\/\/www.tressis.com\/wp-content\/uploads\/2023\/11\/sector-industrial.webp\" alt=\"\" width=\"886\" height=\"471\" srcset=\"https:\/\/www.tressis.com\/wp-content\/uploads\/2023\/11\/sector-industrial.webp 886w, https:\/\/www.tressis.com\/wp-content\/uploads\/2023\/11\/sector-industrial-300x159.webp 300w, https:\/\/www.tressis.com\/wp-content\/uploads\/2023\/11\/sector-industrial-768x408.webp 768w\" sizes=\"(max-width: 886px) 100vw, 886px\" \/><\/p>\n<p>&nbsp;<\/p>\n<p class=\"smallPie\">Fuente: Bloomberg.<\/p>\n<p>&nbsp;<\/p>\n<p>Las turbulencias europeas no se quedan ah\u00ed. Por un lado, gan\u00f3 la ultraderecha en Holanda, siendo el partido m\u00e1s votado (tan solo una vez en la historia el partido m\u00e1s apoyado no ha gobernado). Una de sus principales bazas era convocar un refer\u00e9ndum para abandonar la Uni\u00f3n Europea. \u00bfNuevo <i>brexit<\/i> a la vista? El tiempo lo dir\u00e1. Por otro lado, Alemania suspender\u00e1 por cuarto ejercicio consecutivo su l\u00edmite constitucional de endeudamiento al verse obligada a reconocer cientos de miles de millones de euros de financiaci\u00f3n de fondos especiales, que no forman parte del presupuesto federal regular.<\/p>\n<p>&nbsp;<\/p>\n<p>Los \u00edndices de renta variable tuvieron un comportamiento mayoritariamente al alza. El Euro Stoxx 50 se revaloriz\u00f3 un 0,21%, el Ibex 35 un 0,18%, el CAC 40 un 0,24%, el DAX un 0,23% y el FTSE 100 un 0,19%.<\/p>\n<p>&nbsp;<\/p>\n<p>En el lado de la renta fija, las curvas de rendimientos de la deuda p\u00fablica ganaron algo de pendiente, como consecuencia de que el aumento del rendimiento ofrecido por parte de los bonos fue superior en los tramos largos (diez a\u00f1os) que en los cortos (dos a\u00f1os). De seguir esta tendencia, ser\u00e1 una buena oportunidad para continuar siendo constructivos con la duraci\u00f3n a medio plazo.<\/p>\n<p>&nbsp;<\/p>\n<p>Finalmente, hoy tan solo tendremos media sesi\u00f3n de las referencias americanas. En el caso europeo, la principal referencia ser\u00e1 el indicador IFO, que mide el clima de los negocios alemanes. Lo m\u00e1s relevante, m\u00e1s all\u00e1 de la situaci\u00f3n actual, ser\u00e1 ver qu\u00e9 opinan los gestores de 7000 compa\u00f1\u00edas germanas sobre el devenir de sus negocios y de la econom\u00eda del pa\u00eds.<\/p>\n<p>&nbsp;<\/p>\n<p>Feliz viernes.<\/p>\n<p>&nbsp;<\/p>\n<p><center><strong>Samuel P\u00e9rez Ogayar<\/strong><br \/>\nAnalista<\/center><\/p>\n","protected":false},"excerpt":{"rendered":"<p>Jornada un poco anodina la de ayer por la festividad del D\u00eda de Acci\u00f3n de Gracias en Estados Unidos. Esto dej\u00f3 a los mercados financieros hu\u00e9rfanos de referencias de calado, como lo son los parqu\u00e9s estadounidenses o el comportamiento de la deuda emitida por su Tesoro. No obstante, en Europa todo sigui\u00f3 su curso normal [&hellip;]<\/p>\n","protected":false},"author":4,"featured_media":75827,"comment_status":"closed","ping_status":"open","sticky":false,"template":"","format":"standard","meta":{"_acf_changed":false,"footnotes":""},"categories":[9721],"tags":[141,811,1787,3195,3221,3236,4927,5614,6053],"class_list":["post-75825","post","type-post","status-publish","format-standard","has-post-thumbnail","hentry","category-morning-meeting","tag-alemania","tag-brexit","tag-dax","tag-holanda","tag-ibex-35","tag-ifo","tag-pmi","tag-renta-fija","tag-sector-industrial"],"acf":[],"yoast_head":"<!-- This site is optimized with the Yoast SEO plugin v27.5 - https:\/\/yoast.com\/product\/yoast-seo-wordpress\/ -->\n<title>Turbulencias europeas<\/title>\n<meta name=\"description\" content=\"Alemania suspender\u00e1 por cuarto ejercicio consecutivo su l\u00edmite constitucional de endeudamiento.\" \/>\n<meta name=\"robots\" content=\"index, follow, max-snippet:-1, max-image-preview:large, max-video-preview:-1\" \/>\n<link rel=\"canonical\" href=\"https:\/\/www.tressis.com\/ca\/blog\/turbulencias-europeas\/\" \/>\n<meta property=\"og:locale\" content=\"ca_ES\" \/>\n<meta property=\"og:type\" content=\"article\" \/>\n<meta property=\"og:title\" content=\"Turbulencias europeas\" \/>\n<meta property=\"og:description\" content=\"Alemania suspender\u00e1 por cuarto ejercicio consecutivo su l\u00edmite constitucional de endeudamiento.\" \/>\n<meta property=\"og:url\" content=\"https:\/\/www.tressis.com\/ca\/blog\/turbulencias-europeas\/\" \/>\n<meta property=\"og:site_name\" content=\"Tressis\" \/>\n<meta property=\"article:publisher\" content=\"https:\/\/www.facebook.com\/Tressis\/\" \/>\n<meta property=\"article:published_time\" content=\"2023-11-24T08:10:56+00:00\" \/>\n<meta property=\"article:modified_time\" content=\"2023-11-24T09:48:54+00:00\" \/>\n<meta property=\"og:image\" content=\"https:\/\/www.tressis.com\/wp-content\/uploads\/2023\/11\/turbulencias-europa.webp\" \/>\n\t<meta property=\"og:image:width\" content=\"1100\" \/>\n\t<meta property=\"og:image:height\" content=\"487\" \/>\n\t<meta property=\"og:image:type\" content=\"image\/webp\" \/>\n<meta name=\"author\" content=\"Lola\" \/>\n<meta name=\"twitter:card\" content=\"summary_large_image\" \/>\n<meta name=\"twitter:creator\" content=\"@TressisSV\" \/>\n<meta name=\"twitter:site\" content=\"@TressisSV\" \/>\n<meta name=\"twitter:label1\" content=\"Escrit per\" \/>\n\t<meta name=\"twitter:data1\" content=\"Lola\" \/>\n\t<meta name=\"twitter:label2\" content=\"Temps estimat de lectura\" \/>\n\t<meta name=\"twitter:data2\" content=\"3 minuts\" \/>\n<script type=\"application\/ld+json\" class=\"yoast-schema-graph\">{\"@context\":\"https:\\\/\\\/schema.org\",\"@graph\":[{\"@type\":\"Article\",\"@id\":\"https:\\\/\\\/www.tressis.com\\\/ca\\\/blog\\\/turbulencias-europeas\\\/#article\",\"isPartOf\":{\"@id\":\"https:\\\/\\\/www.tressis.com\\\/ca\\\/blog\\\/turbulencias-europeas\\\/\"},\"author\":{\"name\":\"Lola\",\"@id\":\"https:\\\/\\\/www.tressis.com\\\/ca\\\/#\\\/schema\\\/person\\\/b833c1d724d8764920b6d6852c70584e\"},\"headline\":\"Turbulencias europeas\",\"datePublished\":\"2023-11-24T08:10:56+00:00\",\"dateModified\":\"2023-11-24T09:48:54+00:00\",\"mainEntityOfPage\":{\"@id\":\"https:\\\/\\\/www.tressis.com\\\/ca\\\/blog\\\/turbulencias-europeas\\\/\"},\"wordCount\":510,\"publisher\":{\"@id\":\"https:\\\/\\\/www.tressis.com\\\/ca\\\/#organization\"},\"image\":{\"@id\":\"https:\\\/\\\/www.tressis.com\\\/ca\\\/blog\\\/turbulencias-europeas\\\/#primaryimage\"},\"thumbnailUrl\":\"https:\\\/\\\/www.tressis.com\\\/wp-content\\\/uploads\\\/2023\\\/11\\\/turbulencias-europa.webp\",\"keywords\":[\"Alemania\",\"Brexit\",\"Dax\",\"Holanda\",\"Ibex 35\",\"IFO\",\"PMI\",\"renta fija\",\"sector industrial\"],\"articleSection\":[\"Morning meeting\"],\"inLanguage\":\"ca\"},{\"@type\":\"WebPage\",\"@id\":\"https:\\\/\\\/www.tressis.com\\\/ca\\\/blog\\\/turbulencias-europeas\\\/\",\"url\":\"https:\\\/\\\/www.tressis.com\\\/ca\\\/blog\\\/turbulencias-europeas\\\/\",\"name\":\"Turbulencias europeas\",\"isPartOf\":{\"@id\":\"https:\\\/\\\/www.tressis.com\\\/ca\\\/#website\"},\"primaryImageOfPage\":{\"@id\":\"https:\\\/\\\/www.tressis.com\\\/ca\\\/blog\\\/turbulencias-europeas\\\/#primaryimage\"},\"image\":{\"@id\":\"https:\\\/\\\/www.tressis.com\\\/ca\\\/blog\\\/turbulencias-europeas\\\/#primaryimage\"},\"thumbnailUrl\":\"https:\\\/\\\/www.tressis.com\\\/wp-content\\\/uploads\\\/2023\\\/11\\\/turbulencias-europa.webp\",\"datePublished\":\"2023-11-24T08:10:56+00:00\",\"dateModified\":\"2023-11-24T09:48:54+00:00\",\"description\":\"Alemania suspender\u00e1 por cuarto ejercicio consecutivo su l\u00edmite constitucional de endeudamiento.\",\"breadcrumb\":{\"@id\":\"https:\\\/\\\/www.tressis.com\\\/ca\\\/blog\\\/turbulencias-europeas\\\/#breadcrumb\"},\"inLanguage\":\"ca\",\"potentialAction\":[{\"@type\":\"ReadAction\",\"target\":[\"https:\\\/\\\/www.tressis.com\\\/ca\\\/blog\\\/turbulencias-europeas\\\/\"]}]},{\"@type\":\"ImageObject\",\"inLanguage\":\"ca\",\"@id\":\"https:\\\/\\\/www.tressis.com\\\/ca\\\/blog\\\/turbulencias-europeas\\\/#primaryimage\",\"url\":\"https:\\\/\\\/www.tressis.com\\\/wp-content\\\/uploads\\\/2023\\\/11\\\/turbulencias-europa.webp\",\"contentUrl\":\"https:\\\/\\\/www.tressis.com\\\/wp-content\\\/uploads\\\/2023\\\/11\\\/turbulencias-europa.webp\",\"width\":1100,\"height\":487},{\"@type\":\"BreadcrumbList\",\"@id\":\"https:\\\/\\\/www.tressis.com\\\/ca\\\/blog\\\/turbulencias-europeas\\\/#breadcrumb\",\"itemListElement\":[{\"@type\":\"ListItem\",\"position\":1,\"name\":\"Inicio\",\"item\":\"https:\\\/\\\/www.tressis.com\\\/ca\\\/\"},{\"@type\":\"ListItem\",\"position\":2,\"name\":\"Morning meeting\",\"item\":\"https:\\\/\\\/www.tressis.com\\\/ca\\\/blog\\\/categorias\\\/morning-meeting-ca\\\/\"},{\"@type\":\"ListItem\",\"position\":3,\"name\":\"Turbulencias europeas\"}]},{\"@type\":\"WebSite\",\"@id\":\"https:\\\/\\\/www.tressis.com\\\/ca\\\/#website\",\"url\":\"https:\\\/\\\/www.tressis.com\\\/ca\\\/\",\"name\":\"Tressis banca privada\",\"description\":\"Tressis | Planificaci\u00f3n financiera y gesti\u00f3n de patrimonios\",\"publisher\":{\"@id\":\"https:\\\/\\\/www.tressis.com\\\/ca\\\/#organization\"},\"potentialAction\":[{\"@type\":\"SearchAction\",\"target\":{\"@type\":\"EntryPoint\",\"urlTemplate\":\"https:\\\/\\\/www.tressis.com\\\/ca\\\/?s={search_term_string}\"},\"query-input\":{\"@type\":\"PropertyValueSpecification\",\"valueRequired\":true,\"valueName\":\"search_term_string\"}}],\"inLanguage\":\"ca\"},{\"@type\":\"Organization\",\"@id\":\"https:\\\/\\\/www.tressis.com\\\/ca\\\/#organization\",\"name\":\"Tressis\",\"url\":\"https:\\\/\\\/www.tressis.com\\\/ca\\\/\",\"logo\":{\"@type\":\"ImageObject\",\"inLanguage\":\"ca\",\"@id\":\"https:\\\/\\\/www.tressis.com\\\/ca\\\/#\\\/schema\\\/logo\\\/image\\\/\",\"url\":\"https:\\\/\\\/www.tressis.com\\\/wp-content\\\/uploads\\\/2025\\\/06\\\/logo-tressis-112.png\",\"contentUrl\":\"https:\\\/\\\/www.tressis.com\\\/wp-content\\\/uploads\\\/2025\\\/06\\\/logo-tressis-112.png\",\"width\":112,\"height\":112,\"caption\":\"Tressis\"},\"image\":{\"@id\":\"https:\\\/\\\/www.tressis.com\\\/ca\\\/#\\\/schema\\\/logo\\\/image\\\/\"},\"sameAs\":[\"https:\\\/\\\/www.facebook.com\\\/Tressis\\\/\",\"https:\\\/\\\/x.com\\\/TressisSV\",\"https:\\\/\\\/www.instagram.com\\\/tressissv\\\/?hl=es\",\"https:\\\/\\\/linkedin.com\\\/company\\\/tressis\\\/\",\"https:\\\/\\\/www.youtube.com\\\/user\\\/tressissv\",\"https:\\\/\\\/open.spotify.com\\\/show\\\/3jmTe1Nf0wqMILl7diWV6h?si=d7112519f13c4593&nd=1\"]},{\"@type\":\"Person\",\"@id\":\"https:\\\/\\\/www.tressis.com\\\/ca\\\/#\\\/schema\\\/person\\\/b833c1d724d8764920b6d6852c70584e\",\"name\":\"Lola\",\"image\":{\"@type\":\"ImageObject\",\"inLanguage\":\"ca\",\"@id\":\"https:\\\/\\\/secure.gravatar.com\\\/avatar\\\/05e646486b23ff45df9649110609c7e31b8c4a3e2821caa23d6317f405e0c51d?s=96&d=mm&r=g\",\"url\":\"https:\\\/\\\/secure.gravatar.com\\\/avatar\\\/05e646486b23ff45df9649110609c7e31b8c4a3e2821caa23d6317f405e0c51d?s=96&d=mm&r=g\",\"contentUrl\":\"https:\\\/\\\/secure.gravatar.com\\\/avatar\\\/05e646486b23ff45df9649110609c7e31b8c4a3e2821caa23d6317f405e0c51d?s=96&d=mm&r=g\",\"caption\":\"Lola\"}}]}<\/script>\n<!-- \/ Yoast SEO plugin. -->","yoast_head_json":{"title":"Turbulencias europeas","description":"Alemania suspender\u00e1 por cuarto ejercicio consecutivo su l\u00edmite constitucional de endeudamiento.","robots":{"index":"index","follow":"follow","max-snippet":"max-snippet:-1","max-image-preview":"max-image-preview:large","max-video-preview":"max-video-preview:-1"},"canonical":"https:\/\/www.tressis.com\/ca\/blog\/turbulencias-europeas\/","og_locale":"ca_ES","og_type":"article","og_title":"Turbulencias europeas","og_description":"Alemania suspender\u00e1 por cuarto ejercicio consecutivo su l\u00edmite constitucional de endeudamiento.","og_url":"https:\/\/www.tressis.com\/ca\/blog\/turbulencias-europeas\/","og_site_name":"Tressis","article_publisher":"https:\/\/www.facebook.com\/Tressis\/","article_published_time":"2023-11-24T08:10:56+00:00","article_modified_time":"2023-11-24T09:48:54+00:00","og_image":[{"width":1100,"height":487,"url":"https:\/\/www.tressis.com\/wp-content\/uploads\/2023\/11\/turbulencias-europa.webp","type":"image\/webp"}],"author":"Lola","twitter_card":"summary_large_image","twitter_creator":"@TressisSV","twitter_site":"@TressisSV","twitter_misc":{"Escrit per":"Lola","Temps estimat de lectura":"3 minuts"},"schema":{"@context":"https:\/\/schema.org","@graph":[{"@type":"Article","@id":"https:\/\/www.tressis.com\/ca\/blog\/turbulencias-europeas\/#article","isPartOf":{"@id":"https:\/\/www.tressis.com\/ca\/blog\/turbulencias-europeas\/"},"author":{"name":"Lola","@id":"https:\/\/www.tressis.com\/ca\/#\/schema\/person\/b833c1d724d8764920b6d6852c70584e"},"headline":"Turbulencias europeas","datePublished":"2023-11-24T08:10:56+00:00","dateModified":"2023-11-24T09:48:54+00:00","mainEntityOfPage":{"@id":"https:\/\/www.tressis.com\/ca\/blog\/turbulencias-europeas\/"},"wordCount":510,"publisher":{"@id":"https:\/\/www.tressis.com\/ca\/#organization"},"image":{"@id":"https:\/\/www.tressis.com\/ca\/blog\/turbulencias-europeas\/#primaryimage"},"thumbnailUrl":"https:\/\/www.tressis.com\/wp-content\/uploads\/2023\/11\/turbulencias-europa.webp","keywords":["Alemania","Brexit","Dax","Holanda","Ibex 35","IFO","PMI","renta fija","sector industrial"],"articleSection":["Morning meeting"],"inLanguage":"ca"},{"@type":"WebPage","@id":"https:\/\/www.tressis.com\/ca\/blog\/turbulencias-europeas\/","url":"https:\/\/www.tressis.com\/ca\/blog\/turbulencias-europeas\/","name":"Turbulencias europeas","isPartOf":{"@id":"https:\/\/www.tressis.com\/ca\/#website"},"primaryImageOfPage":{"@id":"https:\/\/www.tressis.com\/ca\/blog\/turbulencias-europeas\/#primaryimage"},"image":{"@id":"https:\/\/www.tressis.com\/ca\/blog\/turbulencias-europeas\/#primaryimage"},"thumbnailUrl":"https:\/\/www.tressis.com\/wp-content\/uploads\/2023\/11\/turbulencias-europa.webp","datePublished":"2023-11-24T08:10:56+00:00","dateModified":"2023-11-24T09:48:54+00:00","description":"Alemania suspender\u00e1 por cuarto ejercicio consecutivo su l\u00edmite constitucional de endeudamiento.","breadcrumb":{"@id":"https:\/\/www.tressis.com\/ca\/blog\/turbulencias-europeas\/#breadcrumb"},"inLanguage":"ca","potentialAction":[{"@type":"ReadAction","target":["https:\/\/www.tressis.com\/ca\/blog\/turbulencias-europeas\/"]}]},{"@type":"ImageObject","inLanguage":"ca","@id":"https:\/\/www.tressis.com\/ca\/blog\/turbulencias-europeas\/#primaryimage","url":"https:\/\/www.tressis.com\/wp-content\/uploads\/2023\/11\/turbulencias-europa.webp","contentUrl":"https:\/\/www.tressis.com\/wp-content\/uploads\/2023\/11\/turbulencias-europa.webp","width":1100,"height":487},{"@type":"BreadcrumbList","@id":"https:\/\/www.tressis.com\/ca\/blog\/turbulencias-europeas\/#breadcrumb","itemListElement":[{"@type":"ListItem","position":1,"name":"Inicio","item":"https:\/\/www.tressis.com\/ca\/"},{"@type":"ListItem","position":2,"name":"Morning meeting","item":"https:\/\/www.tressis.com\/ca\/blog\/categorias\/morning-meeting-ca\/"},{"@type":"ListItem","position":3,"name":"Turbulencias europeas"}]},{"@type":"WebSite","@id":"https:\/\/www.tressis.com\/ca\/#website","url":"https:\/\/www.tressis.com\/ca\/","name":"Tressis banca privada","description":"Tressis | Planificaci\u00f3n financiera y gesti\u00f3n de patrimonios","publisher":{"@id":"https:\/\/www.tressis.com\/ca\/#organization"},"potentialAction":[{"@type":"SearchAction","target":{"@type":"EntryPoint","urlTemplate":"https:\/\/www.tressis.com\/ca\/?s={search_term_string}"},"query-input":{"@type":"PropertyValueSpecification","valueRequired":true,"valueName":"search_term_string"}}],"inLanguage":"ca"},{"@type":"Organization","@id":"https:\/\/www.tressis.com\/ca\/#organization","name":"Tressis","url":"https:\/\/www.tressis.com\/ca\/","logo":{"@type":"ImageObject","inLanguage":"ca","@id":"https:\/\/www.tressis.com\/ca\/#\/schema\/logo\/image\/","url":"https:\/\/www.tressis.com\/wp-content\/uploads\/2025\/06\/logo-tressis-112.png","contentUrl":"https:\/\/www.tressis.com\/wp-content\/uploads\/2025\/06\/logo-tressis-112.png","width":112,"height":112,"caption":"Tressis"},"image":{"@id":"https:\/\/www.tressis.com\/ca\/#\/schema\/logo\/image\/"},"sameAs":["https:\/\/www.facebook.com\/Tressis\/","https:\/\/x.com\/TressisSV","https:\/\/www.instagram.com\/tressissv\/?hl=es","https:\/\/linkedin.com\/company\/tressis\/","https:\/\/www.youtube.com\/user\/tressissv","https:\/\/open.spotify.com\/show\/3jmTe1Nf0wqMILl7diWV6h?si=d7112519f13c4593&nd=1"]},{"@type":"Person","@id":"https:\/\/www.tressis.com\/ca\/#\/schema\/person\/b833c1d724d8764920b6d6852c70584e","name":"Lola","image":{"@type":"ImageObject","inLanguage":"ca","@id":"https:\/\/secure.gravatar.com\/avatar\/05e646486b23ff45df9649110609c7e31b8c4a3e2821caa23d6317f405e0c51d?s=96&d=mm&r=g","url":"https:\/\/secure.gravatar.com\/avatar\/05e646486b23ff45df9649110609c7e31b8c4a3e2821caa23d6317f405e0c51d?s=96&d=mm&r=g","contentUrl":"https:\/\/secure.gravatar.com\/avatar\/05e646486b23ff45df9649110609c7e31b8c4a3e2821caa23d6317f405e0c51d?s=96&d=mm&r=g","caption":"Lola"}}]}},"_links":{"self":[{"href":"https:\/\/www.tressis.com\/ca\/wp-json\/wp\/v2\/posts\/75825","targetHints":{"allow":["GET"]}}],"collection":[{"href":"https:\/\/www.tressis.com\/ca\/wp-json\/wp\/v2\/posts"}],"about":[{"href":"https:\/\/www.tressis.com\/ca\/wp-json\/wp\/v2\/types\/post"}],"author":[{"embeddable":true,"href":"https:\/\/www.tressis.com\/ca\/wp-json\/wp\/v2\/users\/4"}],"replies":[{"embeddable":true,"href":"https:\/\/www.tressis.com\/ca\/wp-json\/wp\/v2\/comments?post=75825"}],"version-history":[{"count":0,"href":"https:\/\/www.tressis.com\/ca\/wp-json\/wp\/v2\/posts\/75825\/revisions"}],"wp:featuredmedia":[{"embeddable":true,"href":"https:\/\/www.tressis.com\/ca\/wp-json\/wp\/v2\/media\/75827"}],"wp:attachment":[{"href":"https:\/\/www.tressis.com\/ca\/wp-json\/wp\/v2\/media?parent=75825"}],"wp:term":[{"taxonomy":"category","embeddable":true,"href":"https:\/\/www.tressis.com\/ca\/wp-json\/wp\/v2\/categories?post=75825"},{"taxonomy":"post_tag","embeddable":true,"href":"https:\/\/www.tressis.com\/ca\/wp-json\/wp\/v2\/tags?post=75825"}],"curies":[{"name":"wp","href":"https:\/\/api.w.org\/{rel}","templated":true}]}}