{"id":75750,"date":"2023-11-21T11:19:21","date_gmt":"2023-11-21T10:19:21","guid":{"rendered":"https:\/\/www.tressis.com\/?p=75750"},"modified":"2023-11-21T12:02:22","modified_gmt":"2023-11-21T11:02:22","slug":"nueva-etapa-argentina","status":"publish","type":"post","link":"https:\/\/www.tressis.com\/ca\/blog\/nueva-etapa-argentina\/","title":{"rendered":"Nueva etapa en Argentina"},"content":{"rendered":"<p>Seguimos manteniendo la sonrisa desde el viernes pasado cuando se public\u00f3 el dato de la inflaci\u00f3n americana, que retrocedi\u00f3 hasta 3,2% desde 3,7%, mientras que se esperaba 3,3%. La tasa subyacente retrocedi\u00f3 hasta 4,0%, cuando se esperaba que repitiera en 4,1%. Misma situaci\u00f3n en la zona euro con una inflaci\u00f3n en 2,9%, datos que como refleja la curva de tipos, invitan a pensar que ya no veremos m\u00e1s subidas en Europa ni en Estados Unidos, si la inflaci\u00f3n se mantiene en estos niveles. No debemos olvidar que los tipos reales ya son positivos tanto en Estados Unidos ( Fed Funds 5,25 a 5,50% e inflaci\u00f3n 3,20%) como en Europa (tipo de cr\u00e9dito 4,50% e inflaci\u00f3n en 2,90%).<\/p>\n<p>&nbsp;<\/p>\n<p>Los bonos ayer se tomaron un respiro despu\u00e9s de la subida continuada de precios desde el 20 de octubre, en el que el bono a diez a\u00f1os americano cotiz\u00f3 a 4,98% de rentabilidad y actualmente se encuentra en 4,45%. El movimiento en el corto plazo es parecido ahora que ya el mercado descuenta que la Fed no har\u00e1 nuevas subidas y el bono a dos a\u00f1os americano pasa de 5,22% al 4,91% actual. Mismo escenario en Europa, con el futuro del bono alem\u00e1n a diez a\u00f1os (Bund) en 2,61% desde 3,00% y el futuro del bono alem\u00e1n a dos a\u00f1os (Schatz) en 2,99%. <\/p>\n<p>&nbsp;<\/p>\n<p style=\"text-align: center;\"><strong>Informe de noviembre<\/strong><\/p>\n<div style=\"text-align: center; margin-bottom: 10px;\"><a href=\"https:\/\/www.tressis.com\/landing\/campana\/tressis-vision\/index.html?utm_campaign=descarga_paper&amp;utm_medium=blog_MMV&amp;utm_source=tressisvision\" target=\"_blank\" rel=\"noopener\"><img class=\"alignnone size-full wp-image-67199\" \nsrc=\"https:\/\/www.tressis.com\/wp-content\/uploads\/2023\/03\/CTA-Tressis-vision-para-articulos-blog.jpg\" alt=\"Informe mensual - Tressis visi\u00f3n\" \nwidth=\"800\" height=\"354\" srcset=\"https:\/\/www.tressis.com\/wp-content\/uploads\/2023\/03\/CTA-Tressis-vision-para-articulos-blog.jpg 800w, https:\/\/www.tressis.com\/wp-content\/uploads\/2023\/03\/CTA-Tressis-vision-para-articulos-blog-300x133.jpg 300w, https:\/\/www.tressis.com\/wp-content\/uploads\/2023\/03\/CTA-Tressis-vision-para-articulos-blog-768x340.jpg 768w\" sizes=\"(max-width: 800px) 100vw, 800px\" \/><\/a><\/div>\n<p>&nbsp;<\/p>\n<p>\u00a1Y por fin! Despu\u00e9s de cinco meses con el eur\u00edbor a doce meses por encima del 4% hasta alcanzar el 4,22% en septiembre, a cierre de ayer cotizaba en el mercado monetario a 3,99%. Un respiro para los hipotecados. Esperemos que esta tendencia se mantenga y aunque se reciben mensajes de cautela por parte de los miembros del BCE con la intenci\u00f3n de que la inflaci\u00f3n no repunte, la tendencia y lo que descuenta el mercado (ya veremos\u2026) es la rebaja de tipos en el medio plazo.<\/p>\n<p>&nbsp;<\/p>\n<p>El viernes pasado hubo revisi\u00f3n de <i>rating<\/i> (calificaci\u00f3n de deuda) soberanos con la confirmaci\u00f3n del italiano por parte de Moody&#8217;s en Baa3 y mejora de perspectiva estable desde negativa, reduciendo su prima de riesgo contra Alemania en 173 p.b. desde los 205 p.b. del mes de octubre. Fitch mantuvo el <i>rating<\/i> de Espa\u00f1a en A-, con perspectiva estable; mientras, Moody&#8217;s advirti\u00f3 del impacto negativo sobre el cr\u00e9dito soberano de los acuerdos pol\u00edticos.<\/p>\n<p>&nbsp;<\/p>\n<p>Portugal fue el caballo ganador, con la revisi\u00f3n al alza de Moody&#8217;s a A3 desde Baa2. Por primera vez, Portugal adelanta a Espa\u00f1a y actualmente se financia a diez a\u00f1os 0,40% m\u00e1s barato, del 3,60% espa\u00f1ol al 3,20% portugu\u00e9s, cerca de la rentabilidad del bono a diez a\u00f1os franc\u00e9s, que se encuentra en 3,17%.<\/p>\n<p>&nbsp;<\/p>\n<p>Las bolsas siguen con su fiesta, y en Europa, exceptuando el \u00edndice alem\u00e1n DAX, que cay\u00f3 0,11%, todos los \u00edndices de la zona euro terminaron en positivo. En Estados Unidos, tanto el Dow Jones como el &#038;SP cerraron en positivo y el Nasdaq ya se encuentra a un escaso 1% del m\u00e1ximo del a\u00f1o situado en 14.358 puntos.<\/p>\n<p>&nbsp;<\/p>\n<p>Sin duda, hoy los ojos estar\u00e1n tambi\u00e9n puestos en la bolsa argentina \u2014que ayer estuvo cerrada por festivo\u2014 y veremos el comportamiento del mercado en relaci\u00f3n con la victoria de Javier Milei en las elecciones nacionales frente a su rival Sergio Massa.<\/p>\n<p>&nbsp;<\/p>\n<p>Ayer se public\u00f3 el indicador adelantado de Estados Unidos del mes de octubre, que incluye variables econ\u00f3micas que tienden a moverse anticip\u00e1ndose a los cambios en la econom\u00eda en general y que nos informa de la situaci\u00f3n futura de la econom\u00eda. El consenso esperaba -0,7% y el publicado -0,8%, peor al esperado. Para hoy tendremos en Estados Unidos las ventas de viviendas de segunda mano en las que se espera 3,89 millones desde 4,04 millones del mes pasado. Tambi\u00e9n tendremos la publicaci\u00f3n del acta de la reuni\u00f3n de noviembre de la Fed, que nos indicar\u00e1n la postura de los gobernadores con relaci\u00f3n a los movimientos futuros de los tipos de inter\u00e9s. Lowe\u2019s, Medtronic y Nvidia presentar\u00e1n resultados y comparecer\u00e1n la presidenta del Banco Central Europeo Christine Lagarde, el responsable de pol\u00edtica monetaria del BCE, M\u00e1rio Centeno e Isabel Schnabel, miembro del comit\u00e9 ejecutivo del BCE.<\/p>\n<p>&nbsp;<\/p>\n<p>Feliz martes.<\/p>\n<p>&nbsp;<\/p>\n<p><center><strong>Gonzalo Ram\u00edrez Celaya<\/strong><br \/>\nDirector de Renta Fija<\/center><\/p>\n","protected":false},"excerpt":{"rendered":"<p>Seguimos manteniendo la sonrisa desde el viernes pasado cuando se public\u00f3 el dato de la inflaci\u00f3n americana, que retrocedi\u00f3 hasta 3,2% desde 3,7%, mientras que se esperaba 3,3%. La tasa subyacente retrocedi\u00f3 hasta 4,0%, cuando se esperaba que repitiera en 4,1%. Misma situaci\u00f3n en la zona euro con una inflaci\u00f3n en 2,9%, datos que como [&hellip;]<\/p>\n","protected":false},"author":9,"featured_media":32915,"comment_status":"closed","ping_status":"open","sticky":false,"template":"","format":"standard","meta":{"_acf_changed":false,"footnotes":""},"categories":[9721],"tags":[9319,1130,9320,2540,3459,8862,9321,9322,9324,9323,4324,4544],"class_list":["post-75750","post","type-post","status-publish","format-standard","has-post-thumbnail","hentry","category-morning-meeting","tag-calificacion-de-deuda","tag-christine-lagarde","tag-elecciones-argentina","tag-euribor","tag-inflacion-americana","tag-isabel-schnabel","tag-javier-milei","tag-lowes","tag-mario-centeno","tag-medtronic","tag-moodys","tag-nvidia"],"acf":[],"yoast_head":"<!-- This site is optimized with the Yoast SEO plugin v27.5 - https:\/\/yoast.com\/product\/yoast-seo-wordpress\/ -->\n<title>Nueva etapa en Argentina<\/title>\n<meta name=\"description\" content=\"Estaremos atentos al comportamiento de los mercados en relaci\u00f3n a la nueva etapa Argentina con Javier Milei.\" \/>\n<meta name=\"robots\" content=\"index, follow, max-snippet:-1, max-image-preview:large, max-video-preview:-1\" \/>\n<link rel=\"canonical\" href=\"https:\/\/www.tressis.com\/ca\/blog\/nueva-etapa-argentina\/\" \/>\n<meta property=\"og:locale\" content=\"ca_ES\" \/>\n<meta property=\"og:type\" content=\"article\" \/>\n<meta property=\"og:title\" content=\"Nueva etapa en Argentina\" \/>\n<meta property=\"og:description\" content=\"Estaremos atentos al comportamiento de los mercados en relaci\u00f3n a la nueva etapa Argentina con Javier Milei.\" \/>\n<meta property=\"og:url\" content=\"https:\/\/www.tressis.com\/ca\/blog\/nueva-etapa-argentina\/\" \/>\n<meta property=\"og:site_name\" content=\"Tressis\" \/>\n<meta property=\"article:publisher\" content=\"https:\/\/www.facebook.com\/Tressis\/\" \/>\n<meta property=\"article:published_time\" content=\"2023-11-21T10:19:21+00:00\" \/>\n<meta property=\"article:modified_time\" content=\"2023-11-21T11:02:22+00:00\" \/>\n<meta property=\"og:image\" content=\"https:\/\/www.tressis.com\/wp-content\/uploads\/2019\/10\/20191028-argentina.jpg\" \/>\n\t<meta property=\"og:image:width\" content=\"1100\" \/>\n\t<meta property=\"og:image:height\" content=\"487\" \/>\n\t<meta property=\"og:image:type\" content=\"image\/jpeg\" \/>\n<meta name=\"author\" content=\"Armando\" \/>\n<meta name=\"twitter:card\" content=\"summary_large_image\" \/>\n<meta name=\"twitter:creator\" content=\"@TressisSV\" \/>\n<meta name=\"twitter:site\" content=\"@TressisSV\" \/>\n<meta name=\"twitter:label1\" content=\"Escrit per\" \/>\n\t<meta name=\"twitter:data1\" content=\"Armando\" \/>\n\t<meta name=\"twitter:label2\" content=\"Temps estimat de lectura\" \/>\n\t<meta name=\"twitter:data2\" content=\"4 minuts\" \/>\n<script type=\"application\/ld+json\" class=\"yoast-schema-graph\">{\"@context\":\"https:\\\/\\\/schema.org\",\"@graph\":[{\"@type\":\"Article\",\"@id\":\"https:\\\/\\\/www.tressis.com\\\/ca\\\/blog\\\/nueva-etapa-argentina\\\/#article\",\"isPartOf\":{\"@id\":\"https:\\\/\\\/www.tressis.com\\\/ca\\\/blog\\\/nueva-etapa-argentina\\\/\"},\"author\":{\"name\":\"Armando\",\"@id\":\"https:\\\/\\\/www.tressis.com\\\/ca\\\/#\\\/schema\\\/person\\\/56d3b4de0493f088a4ca62a2e0c790ae\"},\"headline\":\"Nueva etapa en Argentina\",\"datePublished\":\"2023-11-21T10:19:21+00:00\",\"dateModified\":\"2023-11-21T11:02:22+00:00\",\"mainEntityOfPage\":{\"@id\":\"https:\\\/\\\/www.tressis.com\\\/ca\\\/blog\\\/nueva-etapa-argentina\\\/\"},\"wordCount\":731,\"publisher\":{\"@id\":\"https:\\\/\\\/www.tressis.com\\\/ca\\\/#organization\"},\"image\":{\"@id\":\"https:\\\/\\\/www.tressis.com\\\/ca\\\/blog\\\/nueva-etapa-argentina\\\/#primaryimage\"},\"thumbnailUrl\":\"https:\\\/\\\/www.tressis.com\\\/wp-content\\\/uploads\\\/2019\\\/10\\\/20191028-argentina.jpg\",\"keywords\":[\"calificaci\u00f3n de deuda\",\"Christine Lagarde\",\"elecciones Argentina\",\"Euribor\",\"inflaci\u00f3n americana\",\"Isabel Schnabel\",\"Javier Milei\",\"Lowe\u2019s\",\"M\u00e1rio Centeno\",\"Medtronic\",\"Moody\u00b4s\",\"nvidia\"],\"articleSection\":[\"Morning meeting\"],\"inLanguage\":\"ca\"},{\"@type\":\"WebPage\",\"@id\":\"https:\\\/\\\/www.tressis.com\\\/ca\\\/blog\\\/nueva-etapa-argentina\\\/\",\"url\":\"https:\\\/\\\/www.tressis.com\\\/ca\\\/blog\\\/nueva-etapa-argentina\\\/\",\"name\":\"Nueva etapa en Argentina\",\"isPartOf\":{\"@id\":\"https:\\\/\\\/www.tressis.com\\\/ca\\\/#website\"},\"primaryImageOfPage\":{\"@id\":\"https:\\\/\\\/www.tressis.com\\\/ca\\\/blog\\\/nueva-etapa-argentina\\\/#primaryimage\"},\"image\":{\"@id\":\"https:\\\/\\\/www.tressis.com\\\/ca\\\/blog\\\/nueva-etapa-argentina\\\/#primaryimage\"},\"thumbnailUrl\":\"https:\\\/\\\/www.tressis.com\\\/wp-content\\\/uploads\\\/2019\\\/10\\\/20191028-argentina.jpg\",\"datePublished\":\"2023-11-21T10:19:21+00:00\",\"dateModified\":\"2023-11-21T11:02:22+00:00\",\"description\":\"Estaremos atentos al comportamiento de los mercados en relaci\u00f3n a la nueva etapa Argentina con Javier Milei.\",\"breadcrumb\":{\"@id\":\"https:\\\/\\\/www.tressis.com\\\/ca\\\/blog\\\/nueva-etapa-argentina\\\/#breadcrumb\"},\"inLanguage\":\"ca\",\"potentialAction\":[{\"@type\":\"ReadAction\",\"target\":[\"https:\\\/\\\/www.tressis.com\\\/ca\\\/blog\\\/nueva-etapa-argentina\\\/\"]}]},{\"@type\":\"ImageObject\",\"inLanguage\":\"ca\",\"@id\":\"https:\\\/\\\/www.tressis.com\\\/ca\\\/blog\\\/nueva-etapa-argentina\\\/#primaryimage\",\"url\":\"https:\\\/\\\/www.tressis.com\\\/wp-content\\\/uploads\\\/2019\\\/10\\\/20191028-argentina.jpg\",\"contentUrl\":\"https:\\\/\\\/www.tressis.com\\\/wp-content\\\/uploads\\\/2019\\\/10\\\/20191028-argentina.jpg\",\"width\":1100,\"height\":487,\"caption\":\"Argentina tiene nuevo presidente\"},{\"@type\":\"BreadcrumbList\",\"@id\":\"https:\\\/\\\/www.tressis.com\\\/ca\\\/blog\\\/nueva-etapa-argentina\\\/#breadcrumb\",\"itemListElement\":[{\"@type\":\"ListItem\",\"position\":1,\"name\":\"Inicio\",\"item\":\"https:\\\/\\\/www.tressis.com\\\/ca\\\/\"},{\"@type\":\"ListItem\",\"position\":2,\"name\":\"Morning meeting\",\"item\":\"https:\\\/\\\/www.tressis.com\\\/ca\\\/blog\\\/categorias\\\/morning-meeting-ca\\\/\"},{\"@type\":\"ListItem\",\"position\":3,\"name\":\"Nueva etapa en Argentina\"}]},{\"@type\":\"WebSite\",\"@id\":\"https:\\\/\\\/www.tressis.com\\\/ca\\\/#website\",\"url\":\"https:\\\/\\\/www.tressis.com\\\/ca\\\/\",\"name\":\"Tressis banca privada\",\"description\":\"Tressis | Planificaci\u00f3n financiera y gesti\u00f3n de patrimonios\",\"publisher\":{\"@id\":\"https:\\\/\\\/www.tressis.com\\\/ca\\\/#organization\"},\"potentialAction\":[{\"@type\":\"SearchAction\",\"target\":{\"@type\":\"EntryPoint\",\"urlTemplate\":\"https:\\\/\\\/www.tressis.com\\\/ca\\\/?s={search_term_string}\"},\"query-input\":{\"@type\":\"PropertyValueSpecification\",\"valueRequired\":true,\"valueName\":\"search_term_string\"}}],\"inLanguage\":\"ca\"},{\"@type\":\"Organization\",\"@id\":\"https:\\\/\\\/www.tressis.com\\\/ca\\\/#organization\",\"name\":\"Tressis\",\"url\":\"https:\\\/\\\/www.tressis.com\\\/ca\\\/\",\"logo\":{\"@type\":\"ImageObject\",\"inLanguage\":\"ca\",\"@id\":\"https:\\\/\\\/www.tressis.com\\\/ca\\\/#\\\/schema\\\/logo\\\/image\\\/\",\"url\":\"https:\\\/\\\/www.tressis.com\\\/wp-content\\\/uploads\\\/2025\\\/06\\\/logo-tressis-112.png\",\"contentUrl\":\"https:\\\/\\\/www.tressis.com\\\/wp-content\\\/uploads\\\/2025\\\/06\\\/logo-tressis-112.png\",\"width\":112,\"height\":112,\"caption\":\"Tressis\"},\"image\":{\"@id\":\"https:\\\/\\\/www.tressis.com\\\/ca\\\/#\\\/schema\\\/logo\\\/image\\\/\"},\"sameAs\":[\"https:\\\/\\\/www.facebook.com\\\/Tressis\\\/\",\"https:\\\/\\\/x.com\\\/TressisSV\",\"https:\\\/\\\/www.instagram.com\\\/tressissv\\\/?hl=es\",\"https:\\\/\\\/linkedin.com\\\/company\\\/tressis\\\/\",\"https:\\\/\\\/www.youtube.com\\\/user\\\/tressissv\",\"https:\\\/\\\/open.spotify.com\\\/show\\\/3jmTe1Nf0wqMILl7diWV6h?si=d7112519f13c4593&nd=1\"]},{\"@type\":\"Person\",\"@id\":\"https:\\\/\\\/www.tressis.com\\\/ca\\\/#\\\/schema\\\/person\\\/56d3b4de0493f088a4ca62a2e0c790ae\",\"name\":\"Armando\",\"image\":{\"@type\":\"ImageObject\",\"inLanguage\":\"ca\",\"@id\":\"https:\\\/\\\/secure.gravatar.com\\\/avatar\\\/6d7efca74644be7dae792b122beab663996c233ae58f101b52769ece1cbf1435?s=96&d=mm&r=g\",\"url\":\"https:\\\/\\\/secure.gravatar.com\\\/avatar\\\/6d7efca74644be7dae792b122beab663996c233ae58f101b52769ece1cbf1435?s=96&d=mm&r=g\",\"contentUrl\":\"https:\\\/\\\/secure.gravatar.com\\\/avatar\\\/6d7efca74644be7dae792b122beab663996c233ae58f101b52769ece1cbf1435?s=96&d=mm&r=g\",\"caption\":\"Armando\"}}]}<\/script>\n<!-- \/ Yoast SEO plugin. -->","yoast_head_json":{"title":"Nueva etapa en Argentina","description":"Estaremos atentos al comportamiento de los mercados en relaci\u00f3n a la nueva etapa Argentina con Javier Milei.","robots":{"index":"index","follow":"follow","max-snippet":"max-snippet:-1","max-image-preview":"max-image-preview:large","max-video-preview":"max-video-preview:-1"},"canonical":"https:\/\/www.tressis.com\/ca\/blog\/nueva-etapa-argentina\/","og_locale":"ca_ES","og_type":"article","og_title":"Nueva etapa en Argentina","og_description":"Estaremos atentos al comportamiento de los mercados en relaci\u00f3n a la nueva etapa Argentina con Javier Milei.","og_url":"https:\/\/www.tressis.com\/ca\/blog\/nueva-etapa-argentina\/","og_site_name":"Tressis","article_publisher":"https:\/\/www.facebook.com\/Tressis\/","article_published_time":"2023-11-21T10:19:21+00:00","article_modified_time":"2023-11-21T11:02:22+00:00","og_image":[{"width":1100,"height":487,"url":"https:\/\/www.tressis.com\/wp-content\/uploads\/2019\/10\/20191028-argentina.jpg","type":"image\/jpeg"}],"author":"Armando","twitter_card":"summary_large_image","twitter_creator":"@TressisSV","twitter_site":"@TressisSV","twitter_misc":{"Escrit per":"Armando","Temps estimat de lectura":"4 minuts"},"schema":{"@context":"https:\/\/schema.org","@graph":[{"@type":"Article","@id":"https:\/\/www.tressis.com\/ca\/blog\/nueva-etapa-argentina\/#article","isPartOf":{"@id":"https:\/\/www.tressis.com\/ca\/blog\/nueva-etapa-argentina\/"},"author":{"name":"Armando","@id":"https:\/\/www.tressis.com\/ca\/#\/schema\/person\/56d3b4de0493f088a4ca62a2e0c790ae"},"headline":"Nueva etapa en Argentina","datePublished":"2023-11-21T10:19:21+00:00","dateModified":"2023-11-21T11:02:22+00:00","mainEntityOfPage":{"@id":"https:\/\/www.tressis.com\/ca\/blog\/nueva-etapa-argentina\/"},"wordCount":731,"publisher":{"@id":"https:\/\/www.tressis.com\/ca\/#organization"},"image":{"@id":"https:\/\/www.tressis.com\/ca\/blog\/nueva-etapa-argentina\/#primaryimage"},"thumbnailUrl":"https:\/\/www.tressis.com\/wp-content\/uploads\/2019\/10\/20191028-argentina.jpg","keywords":["calificaci\u00f3n de deuda","Christine Lagarde","elecciones Argentina","Euribor","inflaci\u00f3n americana","Isabel Schnabel","Javier Milei","Lowe\u2019s","M\u00e1rio Centeno","Medtronic","Moody\u00b4s","nvidia"],"articleSection":["Morning meeting"],"inLanguage":"ca"},{"@type":"WebPage","@id":"https:\/\/www.tressis.com\/ca\/blog\/nueva-etapa-argentina\/","url":"https:\/\/www.tressis.com\/ca\/blog\/nueva-etapa-argentina\/","name":"Nueva etapa en Argentina","isPartOf":{"@id":"https:\/\/www.tressis.com\/ca\/#website"},"primaryImageOfPage":{"@id":"https:\/\/www.tressis.com\/ca\/blog\/nueva-etapa-argentina\/#primaryimage"},"image":{"@id":"https:\/\/www.tressis.com\/ca\/blog\/nueva-etapa-argentina\/#primaryimage"},"thumbnailUrl":"https:\/\/www.tressis.com\/wp-content\/uploads\/2019\/10\/20191028-argentina.jpg","datePublished":"2023-11-21T10:19:21+00:00","dateModified":"2023-11-21T11:02:22+00:00","description":"Estaremos atentos al comportamiento de los mercados en relaci\u00f3n a la nueva etapa Argentina con Javier Milei.","breadcrumb":{"@id":"https:\/\/www.tressis.com\/ca\/blog\/nueva-etapa-argentina\/#breadcrumb"},"inLanguage":"ca","potentialAction":[{"@type":"ReadAction","target":["https:\/\/www.tressis.com\/ca\/blog\/nueva-etapa-argentina\/"]}]},{"@type":"ImageObject","inLanguage":"ca","@id":"https:\/\/www.tressis.com\/ca\/blog\/nueva-etapa-argentina\/#primaryimage","url":"https:\/\/www.tressis.com\/wp-content\/uploads\/2019\/10\/20191028-argentina.jpg","contentUrl":"https:\/\/www.tressis.com\/wp-content\/uploads\/2019\/10\/20191028-argentina.jpg","width":1100,"height":487,"caption":"Argentina tiene nuevo presidente"},{"@type":"BreadcrumbList","@id":"https:\/\/www.tressis.com\/ca\/blog\/nueva-etapa-argentina\/#breadcrumb","itemListElement":[{"@type":"ListItem","position":1,"name":"Inicio","item":"https:\/\/www.tressis.com\/ca\/"},{"@type":"ListItem","position":2,"name":"Morning meeting","item":"https:\/\/www.tressis.com\/ca\/blog\/categorias\/morning-meeting-ca\/"},{"@type":"ListItem","position":3,"name":"Nueva etapa en Argentina"}]},{"@type":"WebSite","@id":"https:\/\/www.tressis.com\/ca\/#website","url":"https:\/\/www.tressis.com\/ca\/","name":"Tressis banca privada","description":"Tressis | Planificaci\u00f3n financiera y gesti\u00f3n de patrimonios","publisher":{"@id":"https:\/\/www.tressis.com\/ca\/#organization"},"potentialAction":[{"@type":"SearchAction","target":{"@type":"EntryPoint","urlTemplate":"https:\/\/www.tressis.com\/ca\/?s={search_term_string}"},"query-input":{"@type":"PropertyValueSpecification","valueRequired":true,"valueName":"search_term_string"}}],"inLanguage":"ca"},{"@type":"Organization","@id":"https:\/\/www.tressis.com\/ca\/#organization","name":"Tressis","url":"https:\/\/www.tressis.com\/ca\/","logo":{"@type":"ImageObject","inLanguage":"ca","@id":"https:\/\/www.tressis.com\/ca\/#\/schema\/logo\/image\/","url":"https:\/\/www.tressis.com\/wp-content\/uploads\/2025\/06\/logo-tressis-112.png","contentUrl":"https:\/\/www.tressis.com\/wp-content\/uploads\/2025\/06\/logo-tressis-112.png","width":112,"height":112,"caption":"Tressis"},"image":{"@id":"https:\/\/www.tressis.com\/ca\/#\/schema\/logo\/image\/"},"sameAs":["https:\/\/www.facebook.com\/Tressis\/","https:\/\/x.com\/TressisSV","https:\/\/www.instagram.com\/tressissv\/?hl=es","https:\/\/linkedin.com\/company\/tressis\/","https:\/\/www.youtube.com\/user\/tressissv","https:\/\/open.spotify.com\/show\/3jmTe1Nf0wqMILl7diWV6h?si=d7112519f13c4593&nd=1"]},{"@type":"Person","@id":"https:\/\/www.tressis.com\/ca\/#\/schema\/person\/56d3b4de0493f088a4ca62a2e0c790ae","name":"Armando","image":{"@type":"ImageObject","inLanguage":"ca","@id":"https:\/\/secure.gravatar.com\/avatar\/6d7efca74644be7dae792b122beab663996c233ae58f101b52769ece1cbf1435?s=96&d=mm&r=g","url":"https:\/\/secure.gravatar.com\/avatar\/6d7efca74644be7dae792b122beab663996c233ae58f101b52769ece1cbf1435?s=96&d=mm&r=g","contentUrl":"https:\/\/secure.gravatar.com\/avatar\/6d7efca74644be7dae792b122beab663996c233ae58f101b52769ece1cbf1435?s=96&d=mm&r=g","caption":"Armando"}}]}},"_links":{"self":[{"href":"https:\/\/www.tressis.com\/ca\/wp-json\/wp\/v2\/posts\/75750","targetHints":{"allow":["GET"]}}],"collection":[{"href":"https:\/\/www.tressis.com\/ca\/wp-json\/wp\/v2\/posts"}],"about":[{"href":"https:\/\/www.tressis.com\/ca\/wp-json\/wp\/v2\/types\/post"}],"author":[{"embeddable":true,"href":"https:\/\/www.tressis.com\/ca\/wp-json\/wp\/v2\/users\/9"}],"replies":[{"embeddable":true,"href":"https:\/\/www.tressis.com\/ca\/wp-json\/wp\/v2\/comments?post=75750"}],"version-history":[{"count":0,"href":"https:\/\/www.tressis.com\/ca\/wp-json\/wp\/v2\/posts\/75750\/revisions"}],"wp:featuredmedia":[{"embeddable":true,"href":"https:\/\/www.tressis.com\/ca\/wp-json\/wp\/v2\/media\/32915"}],"wp:attachment":[{"href":"https:\/\/www.tressis.com\/ca\/wp-json\/wp\/v2\/media?parent=75750"}],"wp:term":[{"taxonomy":"category","embeddable":true,"href":"https:\/\/www.tressis.com\/ca\/wp-json\/wp\/v2\/categories?post=75750"},{"taxonomy":"post_tag","embeddable":true,"href":"https:\/\/www.tressis.com\/ca\/wp-json\/wp\/v2\/tags?post=75750"}],"curies":[{"name":"wp","href":"https:\/\/api.w.org\/{rel}","templated":true}]}}