{"id":75542,"date":"2023-11-14T09:05:43","date_gmt":"2023-11-14T08:05:43","guid":{"rendered":"https:\/\/www.tressis.com\/?p=75542"},"modified":"2023-11-14T17:15:11","modified_gmt":"2023-11-14T16:15:11","slug":"reduciran-tensiones-biden-xi-jinping","status":"publish","type":"post","link":"https:\/\/www.tressis.com\/ca\/blog\/reduciran-tensiones-biden-xi-jinping\/","title":{"rendered":"\u00bfReducir\u00e1n tensiones Biden y Xi Jinping?"},"content":{"rendered":"<p>Jornada positiva en los principales mercados europeos. El sector financiero fue el causante de las ganancias en el \u00edndice espa\u00f1ol (+0,96%), principalmente Sabadell (+4.59%) y Bankinter (+2.76%). Asimismo, el Eurostoxx cerr\u00f3 con ganancias del 0,83%, el CAC 40 con avances del 0,60% y el DAX sum\u00f3 0,73%.<\/p>\n<p>&nbsp;<\/p>\n<p>En Estados Unidos, los \u00edndices acabaron la sesi\u00f3n mixtos. El Dow Jones sum\u00f3 un 0,16 %, el NASDAQ retrocedi\u00f3 un 0,54% y el S&amp;P500 con p\u00e9rdidas del 0,08%.<\/p>\n<p>&nbsp;<\/p>\n<p><center><strong>Informe de noviembre<\/strong><\/center>&nbsp;<\/p>\n<p><center><a href=\"https:\/\/www.tressis.com\/landing\/campana\/tressis-vision\/index.html?utm_campaign=descarga_paper&amp;utm_medium=blog_MMV&amp;utm_source=tressisvision\" target=\"_blank\" rel=\"noopener\"><img fetchpriority=\"high\" decoding=\"async\" class=\"aligncenter wp-image-67199 size-full\" src=\"https:\/\/www.tressis.com\/wp-content\/uploads\/2023\/03\/CTA-Tressis-vision-para-articulos-blog.jpg\" alt=\"Informe mensual - Tressis visi\u00f3n\" width=\"800\" height=\"354\" srcset=\"https:\/\/www.tressis.com\/wp-content\/uploads\/2023\/03\/CTA-Tressis-vision-para-articulos-blog.jpg 800w, https:\/\/www.tressis.com\/wp-content\/uploads\/2023\/03\/CTA-Tressis-vision-para-articulos-blog-300x133.jpg 300w, https:\/\/www.tressis.com\/wp-content\/uploads\/2023\/03\/CTA-Tressis-vision-para-articulos-blog-768x340.jpg 768w\" sizes=\"(max-width: 800px) 100vw, 800px\" \/><\/a><\/center>&nbsp;<\/p>\n<p>En cuanto a la tasa de inflaci\u00f3n de la zona euro ha seguido una trayectoria descendente durante los \u00faltimos doce meses y cay\u00f3 de manera sustancial tanto en septiembre como en octubre. Aun as\u00ed, probablemente registre un &#8220;repunte temporal&#8221; en los pr\u00f3ximos meses al desaparecer del c\u00e1lculo interanual los efectos de base, seg\u00fan ha advertido el vicepresidente del Banco Central Europeo, Luis de Guindos.<\/p>\n<p>&nbsp;<\/p>\n<p>Por otro lado, es muy probable que la cita m\u00e1s relevante de la semana sea la reuni\u00f3n que van a mantener el mi\u00e9rcoles en San Francisco el presidente de EE. UU., Biden, y el presidente de China, Xi Jinping. El objetivo de esta es acercar posturas y reducir las tensiones pol\u00edticas y comerciales existentes entre ambas naciones, tensiones que se encuentran en la actualidad a niveles muy elevados y que amenazan con impactar negativamente al crecimiento econ\u00f3mico global. Si bien todos los sectores estar\u00e1n muy pendientes de la mencionada reuni\u00f3n, es quiz\u00e1s el tecnol\u00f3gico el que m\u00e1s se \u201cjuega\u201d en la misma, por lo que habr\u00e1 que estar muy atentos a c\u00f3mo reaccionan los grandes valores al resultado de la entrevista entre ambos mandatarios.<\/p>\n<p>&nbsp;<\/p>\n<p>En cuanto al mercado de deuda p\u00fablica, fue una jornada positiva donde los bonos se han calmado y las rentabilidades van disminuyendo. La raz\u00f3n de esta calma es que poco a poco la probabilidad de que alg\u00fan banco central relevante vuelva a subir los tipos de inter\u00e9s se est\u00e1 desvaneciendo. No es el caso de las probabilidades de recesi\u00f3n en la eurozona, que en noviembre ya marcan una posible recesi\u00f3n con un 65% de probabilidad.<\/p>\n<p>&nbsp;<\/p>\n<p><img decoding=\"async\" class=\"aligncenter size-full wp-image-75543\" src=\"https:\/\/www.tressis.com\/wp-content\/uploads\/2023\/11\/recesion.webp\" alt=\"\" width=\"1119\" height=\"635\" srcset=\"https:\/\/www.tressis.com\/wp-content\/uploads\/2023\/11\/recesion.webp 1119w, https:\/\/www.tressis.com\/wp-content\/uploads\/2023\/11\/recesion-300x170.webp 300w, https:\/\/www.tressis.com\/wp-content\/uploads\/2023\/11\/recesion-1024x581.webp 1024w, https:\/\/www.tressis.com\/wp-content\/uploads\/2023\/11\/recesion-768x436.webp 768w\" sizes=\"(max-width: 1119px) 100vw, 1119px\" \/><\/p>\n<p>&nbsp;<\/p>\n<p>Para hoy tenemos la publicaci\u00f3n de los datos del \u00edndice ZEW de confianza en Alemania, los datos de inflaci\u00f3n de Espa\u00f1a y el PIB de la eurozona. En Estados Unidos se publica la evoluci\u00f3n de la inflaci\u00f3n, y con ella la comparecencia de varios miembros de la Reserva Federal.<\/p>\n<p>&nbsp;<\/p>\n<p>Que teng\u00e1is un buen d\u00eda.<\/p>\n<p>&nbsp;<\/p>\n<p><center><strong>Javier Cantelar<\/strong><br \/>\nAnalista<\/center><\/p>\n","protected":false},"excerpt":{"rendered":"<p>Jornada positiva en los principales mercados europeos. El sector financiero fue el causante de las ganancias en el \u00edndice espa\u00f1ol (+0,96%), principalmente Sabadell (+4.59%) y Bankinter (+2.76%). Asimismo, el Eurostoxx cerr\u00f3 con ganancias del 0,83%, el CAC 40 con avances del 0,60% y el DAX sum\u00f3 0,73%. &nbsp; En Estados Unidos, los \u00edndices acabaron la [&hellip;]<\/p>\n","protected":false},"author":4,"featured_media":75545,"comment_status":"closed","ping_status":"open","sticky":false,"template":"","format":"standard","meta":{"_acf_changed":false,"footnotes":""},"categories":[9721],"tags":[559,1976,2126,3453,4856,6540,6985],"class_list":["post-75542","post","type-post","status-publish","format-standard","has-post-thumbnail","hentry","category-morning-meeting","tag-bce","tag-deuda-publica","tag-dow-jones","tag-inflacion","tag-pib","tag-tensiones-politicas","tag-zew"],"acf":[],"yoast_head":"<!-- This site is optimized with the Yoast SEO plugin v27.5 - https:\/\/yoast.com\/product\/yoast-seo-wordpress\/ -->\n<title>\u00bfReducir\u00e1n tensiones Biden y Xi Jinping?<\/title>\n<meta name=\"description\" content=\"La cita m\u00e1s relevante de la semana sea la reuni\u00f3n que van a mantener el mi\u00e9rcoles en San Francisco el presidente de EE. UU., Biden, y el presidente de China, Xi Jinping.\" \/>\n<meta name=\"robots\" content=\"index, follow, max-snippet:-1, max-image-preview:large, max-video-preview:-1\" \/>\n<link rel=\"canonical\" href=\"https:\/\/www.tressis.com\/ca\/blog\/reduciran-tensiones-biden-xi-jinping\/\" \/>\n<meta property=\"og:locale\" content=\"ca_ES\" \/>\n<meta property=\"og:type\" content=\"article\" \/>\n<meta property=\"og:title\" content=\"\u00bfReducir\u00e1n tensiones Biden y Xi Jinping?\" \/>\n<meta property=\"og:description\" content=\"La cita m\u00e1s relevante de la semana sea la reuni\u00f3n que van a mantener el mi\u00e9rcoles en San Francisco el presidente de EE. UU., Biden, y el presidente de China, Xi Jinping.\" \/>\n<meta property=\"og:url\" content=\"https:\/\/www.tressis.com\/ca\/blog\/reduciran-tensiones-biden-xi-jinping\/\" \/>\n<meta property=\"og:site_name\" content=\"Tressis\" \/>\n<meta property=\"article:publisher\" content=\"https:\/\/www.facebook.com\/Tressis\/\" \/>\n<meta property=\"article:published_time\" content=\"2023-11-14T08:05:43+00:00\" \/>\n<meta property=\"article:modified_time\" content=\"2023-11-14T16:15:11+00:00\" \/>\n<meta property=\"og:image\" content=\"https:\/\/www.tressis.com\/wp-content\/uploads\/2023\/11\/eeuu-japon.webp\" \/>\n\t<meta property=\"og:image:width\" content=\"1100\" \/>\n\t<meta property=\"og:image:height\" content=\"487\" \/>\n\t<meta property=\"og:image:type\" content=\"image\/webp\" \/>\n<meta name=\"author\" content=\"Lola\" \/>\n<meta name=\"twitter:card\" content=\"summary_large_image\" \/>\n<meta name=\"twitter:creator\" content=\"@TressisSV\" \/>\n<meta name=\"twitter:site\" content=\"@TressisSV\" \/>\n<meta name=\"twitter:label1\" content=\"Escrit per\" \/>\n\t<meta name=\"twitter:data1\" content=\"Lola\" \/>\n\t<meta name=\"twitter:label2\" content=\"Temps estimat de lectura\" \/>\n\t<meta name=\"twitter:data2\" content=\"2 minuts\" \/>\n<script type=\"application\/ld+json\" class=\"yoast-schema-graph\">{\"@context\":\"https:\\\/\\\/schema.org\",\"@graph\":[{\"@type\":\"Article\",\"@id\":\"https:\\\/\\\/www.tressis.com\\\/ca\\\/blog\\\/reduciran-tensiones-biden-xi-jinping\\\/#article\",\"isPartOf\":{\"@id\":\"https:\\\/\\\/www.tressis.com\\\/ca\\\/blog\\\/reduciran-tensiones-biden-xi-jinping\\\/\"},\"author\":{\"name\":\"Lola\",\"@id\":\"https:\\\/\\\/www.tressis.com\\\/ca\\\/#\\\/schema\\\/person\\\/b833c1d724d8764920b6d6852c70584e\"},\"headline\":\"\u00bfReducir\u00e1n tensiones Biden y Xi Jinping?\",\"datePublished\":\"2023-11-14T08:05:43+00:00\",\"dateModified\":\"2023-11-14T16:15:11+00:00\",\"mainEntityOfPage\":{\"@id\":\"https:\\\/\\\/www.tressis.com\\\/ca\\\/blog\\\/reduciran-tensiones-biden-xi-jinping\\\/\"},\"wordCount\":436,\"publisher\":{\"@id\":\"https:\\\/\\\/www.tressis.com\\\/ca\\\/#organization\"},\"image\":{\"@id\":\"https:\\\/\\\/www.tressis.com\\\/ca\\\/blog\\\/reduciran-tensiones-biden-xi-jinping\\\/#primaryimage\"},\"thumbnailUrl\":\"https:\\\/\\\/www.tressis.com\\\/wp-content\\\/uploads\\\/2023\\\/11\\\/eeuu-japon.webp\",\"keywords\":[\"BCE\",\"deuda p\u00fablica\",\"Dow Jones\",\"inflaci\u00f3n\",\"PIB\",\"tensiones pol\u00edticas\",\"ZEW\"],\"articleSection\":[\"Morning meeting\"],\"inLanguage\":\"ca\"},{\"@type\":\"WebPage\",\"@id\":\"https:\\\/\\\/www.tressis.com\\\/ca\\\/blog\\\/reduciran-tensiones-biden-xi-jinping\\\/\",\"url\":\"https:\\\/\\\/www.tressis.com\\\/ca\\\/blog\\\/reduciran-tensiones-biden-xi-jinping\\\/\",\"name\":\"\u00bfReducir\u00e1n tensiones Biden y Xi Jinping?\",\"isPartOf\":{\"@id\":\"https:\\\/\\\/www.tressis.com\\\/ca\\\/#website\"},\"primaryImageOfPage\":{\"@id\":\"https:\\\/\\\/www.tressis.com\\\/ca\\\/blog\\\/reduciran-tensiones-biden-xi-jinping\\\/#primaryimage\"},\"image\":{\"@id\":\"https:\\\/\\\/www.tressis.com\\\/ca\\\/blog\\\/reduciran-tensiones-biden-xi-jinping\\\/#primaryimage\"},\"thumbnailUrl\":\"https:\\\/\\\/www.tressis.com\\\/wp-content\\\/uploads\\\/2023\\\/11\\\/eeuu-japon.webp\",\"datePublished\":\"2023-11-14T08:05:43+00:00\",\"dateModified\":\"2023-11-14T16:15:11+00:00\",\"description\":\"La cita m\u00e1s relevante de la semana sea la reuni\u00f3n que van a mantener el mi\u00e9rcoles en San Francisco el presidente de EE. UU., Biden, y el presidente de China, Xi Jinping.\",\"breadcrumb\":{\"@id\":\"https:\\\/\\\/www.tressis.com\\\/ca\\\/blog\\\/reduciran-tensiones-biden-xi-jinping\\\/#breadcrumb\"},\"inLanguage\":\"ca\",\"potentialAction\":[{\"@type\":\"ReadAction\",\"target\":[\"https:\\\/\\\/www.tressis.com\\\/ca\\\/blog\\\/reduciran-tensiones-biden-xi-jinping\\\/\"]}]},{\"@type\":\"ImageObject\",\"inLanguage\":\"ca\",\"@id\":\"https:\\\/\\\/www.tressis.com\\\/ca\\\/blog\\\/reduciran-tensiones-biden-xi-jinping\\\/#primaryimage\",\"url\":\"https:\\\/\\\/www.tressis.com\\\/wp-content\\\/uploads\\\/2023\\\/11\\\/eeuu-japon.webp\",\"contentUrl\":\"https:\\\/\\\/www.tressis.com\\\/wp-content\\\/uploads\\\/2023\\\/11\\\/eeuu-japon.webp\",\"width\":1100,\"height\":487},{\"@type\":\"BreadcrumbList\",\"@id\":\"https:\\\/\\\/www.tressis.com\\\/ca\\\/blog\\\/reduciran-tensiones-biden-xi-jinping\\\/#breadcrumb\",\"itemListElement\":[{\"@type\":\"ListItem\",\"position\":1,\"name\":\"Inicio\",\"item\":\"https:\\\/\\\/www.tressis.com\\\/ca\\\/\"},{\"@type\":\"ListItem\",\"position\":2,\"name\":\"Morning meeting\",\"item\":\"https:\\\/\\\/www.tressis.com\\\/ca\\\/blog\\\/categorias\\\/morning-meeting-ca\\\/\"},{\"@type\":\"ListItem\",\"position\":3,\"name\":\"\u00bfReducir\u00e1n tensiones Biden y Xi Jinping?\"}]},{\"@type\":\"WebSite\",\"@id\":\"https:\\\/\\\/www.tressis.com\\\/ca\\\/#website\",\"url\":\"https:\\\/\\\/www.tressis.com\\\/ca\\\/\",\"name\":\"Tressis banca privada\",\"description\":\"Tressis | Planificaci\u00f3n financiera y gesti\u00f3n de patrimonios\",\"publisher\":{\"@id\":\"https:\\\/\\\/www.tressis.com\\\/ca\\\/#organization\"},\"potentialAction\":[{\"@type\":\"SearchAction\",\"target\":{\"@type\":\"EntryPoint\",\"urlTemplate\":\"https:\\\/\\\/www.tressis.com\\\/ca\\\/?s={search_term_string}\"},\"query-input\":{\"@type\":\"PropertyValueSpecification\",\"valueRequired\":true,\"valueName\":\"search_term_string\"}}],\"inLanguage\":\"ca\"},{\"@type\":\"Organization\",\"@id\":\"https:\\\/\\\/www.tressis.com\\\/ca\\\/#organization\",\"name\":\"Tressis\",\"url\":\"https:\\\/\\\/www.tressis.com\\\/ca\\\/\",\"logo\":{\"@type\":\"ImageObject\",\"inLanguage\":\"ca\",\"@id\":\"https:\\\/\\\/www.tressis.com\\\/ca\\\/#\\\/schema\\\/logo\\\/image\\\/\",\"url\":\"https:\\\/\\\/www.tressis.com\\\/wp-content\\\/uploads\\\/2025\\\/06\\\/logo-tressis-112.png\",\"contentUrl\":\"https:\\\/\\\/www.tressis.com\\\/wp-content\\\/uploads\\\/2025\\\/06\\\/logo-tressis-112.png\",\"width\":112,\"height\":112,\"caption\":\"Tressis\"},\"image\":{\"@id\":\"https:\\\/\\\/www.tressis.com\\\/ca\\\/#\\\/schema\\\/logo\\\/image\\\/\"},\"sameAs\":[\"https:\\\/\\\/www.facebook.com\\\/Tressis\\\/\",\"https:\\\/\\\/x.com\\\/TressisSV\",\"https:\\\/\\\/www.instagram.com\\\/tressissv\\\/?hl=es\",\"https:\\\/\\\/linkedin.com\\\/company\\\/tressis\\\/\",\"https:\\\/\\\/www.youtube.com\\\/user\\\/tressissv\",\"https:\\\/\\\/open.spotify.com\\\/show\\\/3jmTe1Nf0wqMILl7diWV6h?si=d7112519f13c4593&nd=1\"]},{\"@type\":\"Person\",\"@id\":\"https:\\\/\\\/www.tressis.com\\\/ca\\\/#\\\/schema\\\/person\\\/b833c1d724d8764920b6d6852c70584e\",\"name\":\"Lola\",\"image\":{\"@type\":\"ImageObject\",\"inLanguage\":\"ca\",\"@id\":\"https:\\\/\\\/secure.gravatar.com\\\/avatar\\\/05e646486b23ff45df9649110609c7e31b8c4a3e2821caa23d6317f405e0c51d?s=96&d=mm&r=g\",\"url\":\"https:\\\/\\\/secure.gravatar.com\\\/avatar\\\/05e646486b23ff45df9649110609c7e31b8c4a3e2821caa23d6317f405e0c51d?s=96&d=mm&r=g\",\"contentUrl\":\"https:\\\/\\\/secure.gravatar.com\\\/avatar\\\/05e646486b23ff45df9649110609c7e31b8c4a3e2821caa23d6317f405e0c51d?s=96&d=mm&r=g\",\"caption\":\"Lola\"}}]}<\/script>\n<!-- \/ Yoast SEO plugin. -->","yoast_head_json":{"title":"\u00bfReducir\u00e1n tensiones Biden y Xi Jinping?","description":"La cita m\u00e1s relevante de la semana sea la reuni\u00f3n que van a mantener el mi\u00e9rcoles en San Francisco el presidente de EE. UU., Biden, y el presidente de China, Xi Jinping.","robots":{"index":"index","follow":"follow","max-snippet":"max-snippet:-1","max-image-preview":"max-image-preview:large","max-video-preview":"max-video-preview:-1"},"canonical":"https:\/\/www.tressis.com\/ca\/blog\/reduciran-tensiones-biden-xi-jinping\/","og_locale":"ca_ES","og_type":"article","og_title":"\u00bfReducir\u00e1n tensiones Biden y Xi Jinping?","og_description":"La cita m\u00e1s relevante de la semana sea la reuni\u00f3n que van a mantener el mi\u00e9rcoles en San Francisco el presidente de EE. UU., Biden, y el presidente de China, Xi Jinping.","og_url":"https:\/\/www.tressis.com\/ca\/blog\/reduciran-tensiones-biden-xi-jinping\/","og_site_name":"Tressis","article_publisher":"https:\/\/www.facebook.com\/Tressis\/","article_published_time":"2023-11-14T08:05:43+00:00","article_modified_time":"2023-11-14T16:15:11+00:00","og_image":[{"width":1100,"height":487,"url":"https:\/\/www.tressis.com\/wp-content\/uploads\/2023\/11\/eeuu-japon.webp","type":"image\/webp"}],"author":"Lola","twitter_card":"summary_large_image","twitter_creator":"@TressisSV","twitter_site":"@TressisSV","twitter_misc":{"Escrit per":"Lola","Temps estimat de lectura":"2 minuts"},"schema":{"@context":"https:\/\/schema.org","@graph":[{"@type":"Article","@id":"https:\/\/www.tressis.com\/ca\/blog\/reduciran-tensiones-biden-xi-jinping\/#article","isPartOf":{"@id":"https:\/\/www.tressis.com\/ca\/blog\/reduciran-tensiones-biden-xi-jinping\/"},"author":{"name":"Lola","@id":"https:\/\/www.tressis.com\/ca\/#\/schema\/person\/b833c1d724d8764920b6d6852c70584e"},"headline":"\u00bfReducir\u00e1n tensiones Biden y Xi Jinping?","datePublished":"2023-11-14T08:05:43+00:00","dateModified":"2023-11-14T16:15:11+00:00","mainEntityOfPage":{"@id":"https:\/\/www.tressis.com\/ca\/blog\/reduciran-tensiones-biden-xi-jinping\/"},"wordCount":436,"publisher":{"@id":"https:\/\/www.tressis.com\/ca\/#organization"},"image":{"@id":"https:\/\/www.tressis.com\/ca\/blog\/reduciran-tensiones-biden-xi-jinping\/#primaryimage"},"thumbnailUrl":"https:\/\/www.tressis.com\/wp-content\/uploads\/2023\/11\/eeuu-japon.webp","keywords":["BCE","deuda p\u00fablica","Dow Jones","inflaci\u00f3n","PIB","tensiones pol\u00edticas","ZEW"],"articleSection":["Morning meeting"],"inLanguage":"ca"},{"@type":"WebPage","@id":"https:\/\/www.tressis.com\/ca\/blog\/reduciran-tensiones-biden-xi-jinping\/","url":"https:\/\/www.tressis.com\/ca\/blog\/reduciran-tensiones-biden-xi-jinping\/","name":"\u00bfReducir\u00e1n tensiones Biden y Xi Jinping?","isPartOf":{"@id":"https:\/\/www.tressis.com\/ca\/#website"},"primaryImageOfPage":{"@id":"https:\/\/www.tressis.com\/ca\/blog\/reduciran-tensiones-biden-xi-jinping\/#primaryimage"},"image":{"@id":"https:\/\/www.tressis.com\/ca\/blog\/reduciran-tensiones-biden-xi-jinping\/#primaryimage"},"thumbnailUrl":"https:\/\/www.tressis.com\/wp-content\/uploads\/2023\/11\/eeuu-japon.webp","datePublished":"2023-11-14T08:05:43+00:00","dateModified":"2023-11-14T16:15:11+00:00","description":"La cita m\u00e1s relevante de la semana sea la reuni\u00f3n que van a mantener el mi\u00e9rcoles en San Francisco el presidente de EE. UU., Biden, y el presidente de China, Xi Jinping.","breadcrumb":{"@id":"https:\/\/www.tressis.com\/ca\/blog\/reduciran-tensiones-biden-xi-jinping\/#breadcrumb"},"inLanguage":"ca","potentialAction":[{"@type":"ReadAction","target":["https:\/\/www.tressis.com\/ca\/blog\/reduciran-tensiones-biden-xi-jinping\/"]}]},{"@type":"ImageObject","inLanguage":"ca","@id":"https:\/\/www.tressis.com\/ca\/blog\/reduciran-tensiones-biden-xi-jinping\/#primaryimage","url":"https:\/\/www.tressis.com\/wp-content\/uploads\/2023\/11\/eeuu-japon.webp","contentUrl":"https:\/\/www.tressis.com\/wp-content\/uploads\/2023\/11\/eeuu-japon.webp","width":1100,"height":487},{"@type":"BreadcrumbList","@id":"https:\/\/www.tressis.com\/ca\/blog\/reduciran-tensiones-biden-xi-jinping\/#breadcrumb","itemListElement":[{"@type":"ListItem","position":1,"name":"Inicio","item":"https:\/\/www.tressis.com\/ca\/"},{"@type":"ListItem","position":2,"name":"Morning meeting","item":"https:\/\/www.tressis.com\/ca\/blog\/categorias\/morning-meeting-ca\/"},{"@type":"ListItem","position":3,"name":"\u00bfReducir\u00e1n tensiones Biden y Xi Jinping?"}]},{"@type":"WebSite","@id":"https:\/\/www.tressis.com\/ca\/#website","url":"https:\/\/www.tressis.com\/ca\/","name":"Tressis banca privada","description":"Tressis | Planificaci\u00f3n financiera y gesti\u00f3n de patrimonios","publisher":{"@id":"https:\/\/www.tressis.com\/ca\/#organization"},"potentialAction":[{"@type":"SearchAction","target":{"@type":"EntryPoint","urlTemplate":"https:\/\/www.tressis.com\/ca\/?s={search_term_string}"},"query-input":{"@type":"PropertyValueSpecification","valueRequired":true,"valueName":"search_term_string"}}],"inLanguage":"ca"},{"@type":"Organization","@id":"https:\/\/www.tressis.com\/ca\/#organization","name":"Tressis","url":"https:\/\/www.tressis.com\/ca\/","logo":{"@type":"ImageObject","inLanguage":"ca","@id":"https:\/\/www.tressis.com\/ca\/#\/schema\/logo\/image\/","url":"https:\/\/www.tressis.com\/wp-content\/uploads\/2025\/06\/logo-tressis-112.png","contentUrl":"https:\/\/www.tressis.com\/wp-content\/uploads\/2025\/06\/logo-tressis-112.png","width":112,"height":112,"caption":"Tressis"},"image":{"@id":"https:\/\/www.tressis.com\/ca\/#\/schema\/logo\/image\/"},"sameAs":["https:\/\/www.facebook.com\/Tressis\/","https:\/\/x.com\/TressisSV","https:\/\/www.instagram.com\/tressissv\/?hl=es","https:\/\/linkedin.com\/company\/tressis\/","https:\/\/www.youtube.com\/user\/tressissv","https:\/\/open.spotify.com\/show\/3jmTe1Nf0wqMILl7diWV6h?si=d7112519f13c4593&nd=1"]},{"@type":"Person","@id":"https:\/\/www.tressis.com\/ca\/#\/schema\/person\/b833c1d724d8764920b6d6852c70584e","name":"Lola","image":{"@type":"ImageObject","inLanguage":"ca","@id":"https:\/\/secure.gravatar.com\/avatar\/05e646486b23ff45df9649110609c7e31b8c4a3e2821caa23d6317f405e0c51d?s=96&d=mm&r=g","url":"https:\/\/secure.gravatar.com\/avatar\/05e646486b23ff45df9649110609c7e31b8c4a3e2821caa23d6317f405e0c51d?s=96&d=mm&r=g","contentUrl":"https:\/\/secure.gravatar.com\/avatar\/05e646486b23ff45df9649110609c7e31b8c4a3e2821caa23d6317f405e0c51d?s=96&d=mm&r=g","caption":"Lola"}}]}},"_links":{"self":[{"href":"https:\/\/www.tressis.com\/ca\/wp-json\/wp\/v2\/posts\/75542","targetHints":{"allow":["GET"]}}],"collection":[{"href":"https:\/\/www.tressis.com\/ca\/wp-json\/wp\/v2\/posts"}],"about":[{"href":"https:\/\/www.tressis.com\/ca\/wp-json\/wp\/v2\/types\/post"}],"author":[{"embeddable":true,"href":"https:\/\/www.tressis.com\/ca\/wp-json\/wp\/v2\/users\/4"}],"replies":[{"embeddable":true,"href":"https:\/\/www.tressis.com\/ca\/wp-json\/wp\/v2\/comments?post=75542"}],"version-history":[{"count":0,"href":"https:\/\/www.tressis.com\/ca\/wp-json\/wp\/v2\/posts\/75542\/revisions"}],"wp:featuredmedia":[{"embeddable":true,"href":"https:\/\/www.tressis.com\/ca\/wp-json\/wp\/v2\/media\/75545"}],"wp:attachment":[{"href":"https:\/\/www.tressis.com\/ca\/wp-json\/wp\/v2\/media?parent=75542"}],"wp:term":[{"taxonomy":"category","embeddable":true,"href":"https:\/\/www.tressis.com\/ca\/wp-json\/wp\/v2\/categories?post=75542"},{"taxonomy":"post_tag","embeddable":true,"href":"https:\/\/www.tressis.com\/ca\/wp-json\/wp\/v2\/tags?post=75542"}],"curies":[{"name":"wp","href":"https:\/\/api.w.org\/{rel}","templated":true}]}}