{"id":75355,"date":"2023-11-10T08:51:43","date_gmt":"2023-11-10T07:51:43","guid":{"rendered":"https:\/\/www.tressis.com\/?p=75355"},"modified":"2023-11-10T08:53:59","modified_gmt":"2023-11-10T07:53:59","slug":"luces-y-sombras-en-los-mercados","status":"publish","type":"post","link":"https:\/\/www.tressis.com\/ca\/blog\/luces-y-sombras-en-los-mercados\/","title":{"rendered":"Luces y sombras: dualidad en los mercados."},"content":{"rendered":"<p>Ayer fue el momento de brillar para los europeos. El IBEX 35 lider\u00f3 con un 1,31%, seguido del Eurostoxx 50 con un 1,21% y el CAC 40 con un 1,13%. Los valores industriales y financieros encabezaron la lista de los que mejor se comportaron, como Schneider Electric SE, que registr\u00f3 un aumento del 8,26%, y los bancos espa\u00f1oles como BBVA y Santander, con un 1,79% y 1,37% respectivamente.<\/p>\n<p>&nbsp;<\/p>\n<p>Al otro lado del Atl\u00e1ntico, la historia dio un giro de 180 grados. Los parqu\u00e9s estadounidenses presentaron n\u00fameros rojos, especialmente en los sectores de salud y consumo b\u00e1sico. El S&#038;P 500 cedi\u00f3 un 0,81%, Nasdaq un -0,94%, y el Dow Jones un -0,65%.<\/p>\n<p>&nbsp;<\/p>\n<p>Las declaraciones del presidente de la Fed, Jerome Powell, siguieron el mismo discurso de hace unas semanas:<\/p>\n<ul>\n<li>Estamos lejos de alcanzar el objetivo de inflaci\u00f3n del 2%.<\/li>\n<li>La Fed seguir\u00e1 movi\u00e9ndose con cautela.<\/li>\n<li>No dudar\u00e1 en subir m\u00e1s los tipos si es necesario.<\/li>\n<\/ul>\n<p>&nbsp;<\/p>\n<p style=\"text-align: center;\"><strong>Informe de noviembre<\/strong><\/p>\n<div style=\"text-align: center; margin-bottom: 10px;\"><a href=\"https:\/\/www.tressis.com\/landing\/campana\/tressis-vision\/index.html?utm_campaign=descarga_paper&amp;utm_medium=blog_MMV&amp;utm_source=tressisvision\" target=\"_blank\" rel=\"noopener\"><img class=\"alignnone size-full wp-image-67199\" \nsrc=\"https:\/\/www.tressis.com\/wp-content\/uploads\/2023\/03\/CTA-Tressis-vision-para-articulos-blog.jpg\" alt=\"Informe mensual - Tressis visi\u00f3n\" \nwidth=\"800\" height=\"354\" srcset=\"https:\/\/www.tressis.com\/wp-content\/uploads\/2023\/03\/CTA-Tressis-vision-para-articulos-blog.jpg 800w, https:\/\/www.tressis.com\/wp-content\/uploads\/2023\/03\/CTA-Tressis-vision-para-articulos-blog-300x133.jpg 300w, https:\/\/www.tressis.com\/wp-content\/uploads\/2023\/03\/CTA-Tressis-vision-para-articulos-blog-768x340.jpg 768w\" sizes=\"(max-width: 800px) 100vw, 800px\" \/><\/a><\/div>\n<p>&nbsp;<\/p>\n<p>Su intervenci\u00f3n tuvo un impacto en el mercado de renta fija. Toda la curva present\u00f3 un aumento en la rentabilidad exigida, especialmente en los plazos m\u00e1s largos, donde a diez a\u00f1os se ubica en 4,63%, mientras que a dos a\u00f1os 5,38%. Cabe resaltar que los operadores de mercado no esperan m\u00e1s subidas en los tipos de referencia de la Fed.<\/p>\n<p>&nbsp;<\/p>\n<p style=\"text-align: center; margin-bottom:20px;\">&#8220;Fin del ciclo de endurecimiento monetario&#8221;.<\/p>\n<div style=\"text-align: center;\"><img decoding=\"async\" src=\"https:\/\/www.tressis.com\/wp-content\/uploads\/2023\/11\/luces-y-sombras-en-los-mercados-1.gif\" \/><\/div>\n<p>&nbsp;<\/p>\n<p>En la agenda macroecon\u00f3mica, el \u00cdndice de Precios al Consumidor (IPC) chino fue ligeramente m\u00e1s bajo de lo esperado (-0,2% vs -0,1%), y las nuevas solicitudes de subsidio por desempleo en Estados Unidos resultaron ser mayores de lo estimado (217.000 vs. 215.000). Durante la madrugada, se anunci\u00f3 la decisi\u00f3n de tipos del banco central australiano, y a lo largo del d\u00eda, se espera el informe sobre el crecimiento del PIB del Reino Unido, la comparecencia de la presidenta del BCE, Christine Lagarde, y las expectativas de inflaci\u00f3n de la Universidad de Michigan en EE.UU.<\/p>\n<p>&nbsp;<\/p>\n<p>Feliz viernes. <\/p>\n<p>&nbsp;<\/p>\n<p><center><strong>\u00c1lvaro Lleras Montoya<\/strong><br \/>\nAnalista<\/center><\/p>\n","protected":false},"excerpt":{"rendered":"<p>Ayer fue el momento de brillar para los europeos. El IBEX 35 lider\u00f3 con un 1,31%, seguido del Eurostoxx 50 con un 1,21% y el CAC 40 con un 1,13%. Los valores industriales y financieros encabezaron la lista de los que mejor se comportaron, como Schneider Electric SE, que registr\u00f3 un aumento del 8,26%, y [&hellip;]<\/p>\n","protected":false},"author":9,"featured_media":75361,"comment_status":"closed","ping_status":"open","sticky":false,"template":"","format":"standard","meta":{"_acf_changed":false,"footnotes":""},"categories":[9721],"tags":[558,1130,9305,9167,3651,9303,6016,9304],"class_list":["post-75355","post","type-post","status-publish","format-standard","has-post-thumbnail","hentry","category-morning-meeting","tag-bbva","tag-christine-lagarde","tag-desempleo-estados-unido","tag-el-ibex-35-hoy","tag-ipc-chino","tag-mercados-ee-uu","tag-santander","tag-schneider-electric-se"],"acf":[],"yoast_head":"<!-- This site is optimized with the Yoast SEO plugin v27.5 - https:\/\/yoast.com\/product\/yoast-seo-wordpress\/ -->\n<title>Luces y sombras: dualidad en los mercados.<\/title>\n<meta name=\"description\" content=\"Mientras que para los mercados europeos ayer fue un d\u00eda positivo, los parqu\u00e9s estadounidenses dieron media vuelta.\" \/>\n<meta name=\"robots\" content=\"index, follow, max-snippet:-1, max-image-preview:large, max-video-preview:-1\" \/>\n<link rel=\"canonical\" href=\"https:\/\/www.tressis.com\/ca\/blog\/luces-y-sombras-en-los-mercados\/\" \/>\n<meta property=\"og:locale\" content=\"ca_ES\" \/>\n<meta property=\"og:type\" content=\"article\" \/>\n<meta property=\"og:title\" content=\"Luces y sombras: dualidad en los mercados.\" \/>\n<meta property=\"og:description\" content=\"Mientras que para los mercados europeos ayer fue un d\u00eda positivo, los parqu\u00e9s estadounidenses dieron media vuelta.\" \/>\n<meta property=\"og:url\" content=\"https:\/\/www.tressis.com\/ca\/blog\/luces-y-sombras-en-los-mercados\/\" \/>\n<meta property=\"og:site_name\" content=\"Tressis\" \/>\n<meta property=\"article:publisher\" content=\"https:\/\/www.facebook.com\/Tressis\/\" \/>\n<meta property=\"article:published_time\" content=\"2023-11-10T07:51:43+00:00\" \/>\n<meta property=\"article:modified_time\" content=\"2023-11-10T07:53:59+00:00\" \/>\n<meta property=\"og:image\" content=\"https:\/\/www.tressis.com\/wp-content\/uploads\/2023\/11\/luces-y-sombras-en-los-mercados.jpg\" \/>\n\t<meta property=\"og:image:width\" content=\"1100\" \/>\n\t<meta property=\"og:image:height\" content=\"487\" \/>\n\t<meta property=\"og:image:type\" content=\"image\/jpeg\" \/>\n<meta name=\"author\" content=\"Armando\" \/>\n<meta name=\"twitter:card\" content=\"summary_large_image\" \/>\n<meta name=\"twitter:creator\" content=\"@TressisSV\" \/>\n<meta name=\"twitter:site\" content=\"@TressisSV\" \/>\n<meta name=\"twitter:label1\" content=\"Escrit per\" \/>\n\t<meta name=\"twitter:data1\" content=\"Armando\" \/>\n\t<meta name=\"twitter:label2\" content=\"Temps estimat de lectura\" \/>\n\t<meta name=\"twitter:data2\" content=\"2 minuts\" \/>\n<script type=\"application\/ld+json\" class=\"yoast-schema-graph\">{\"@context\":\"https:\\\/\\\/schema.org\",\"@graph\":[{\"@type\":\"Article\",\"@id\":\"https:\\\/\\\/www.tressis.com\\\/ca\\\/blog\\\/luces-y-sombras-en-los-mercados\\\/#article\",\"isPartOf\":{\"@id\":\"https:\\\/\\\/www.tressis.com\\\/ca\\\/blog\\\/luces-y-sombras-en-los-mercados\\\/\"},\"author\":{\"name\":\"Armando\",\"@id\":\"https:\\\/\\\/www.tressis.com\\\/ca\\\/#\\\/schema\\\/person\\\/56d3b4de0493f088a4ca62a2e0c790ae\"},\"headline\":\"Luces y sombras: dualidad en los mercados.\",\"datePublished\":\"2023-11-10T07:51:43+00:00\",\"dateModified\":\"2023-11-10T07:53:59+00:00\",\"mainEntityOfPage\":{\"@id\":\"https:\\\/\\\/www.tressis.com\\\/ca\\\/blog\\\/luces-y-sombras-en-los-mercados\\\/\"},\"wordCount\":341,\"publisher\":{\"@id\":\"https:\\\/\\\/www.tressis.com\\\/ca\\\/#organization\"},\"image\":{\"@id\":\"https:\\\/\\\/www.tressis.com\\\/ca\\\/blog\\\/luces-y-sombras-en-los-mercados\\\/#primaryimage\"},\"thumbnailUrl\":\"https:\\\/\\\/www.tressis.com\\\/wp-content\\\/uploads\\\/2023\\\/11\\\/luces-y-sombras-en-los-mercados.jpg\",\"keywords\":[\"BBVA\",\"Christine Lagarde\",\"desempleo Estados Unido\",\"el Ibex 35 hoy\",\"IPC chino\",\"mercados EE.UU.\",\"Santander\",\"Schneider Electric SE\"],\"articleSection\":[\"Morning meeting\"],\"inLanguage\":\"ca\"},{\"@type\":\"WebPage\",\"@id\":\"https:\\\/\\\/www.tressis.com\\\/ca\\\/blog\\\/luces-y-sombras-en-los-mercados\\\/\",\"url\":\"https:\\\/\\\/www.tressis.com\\\/ca\\\/blog\\\/luces-y-sombras-en-los-mercados\\\/\",\"name\":\"Luces y sombras: dualidad en los mercados.\",\"isPartOf\":{\"@id\":\"https:\\\/\\\/www.tressis.com\\\/ca\\\/#website\"},\"primaryImageOfPage\":{\"@id\":\"https:\\\/\\\/www.tressis.com\\\/ca\\\/blog\\\/luces-y-sombras-en-los-mercados\\\/#primaryimage\"},\"image\":{\"@id\":\"https:\\\/\\\/www.tressis.com\\\/ca\\\/blog\\\/luces-y-sombras-en-los-mercados\\\/#primaryimage\"},\"thumbnailUrl\":\"https:\\\/\\\/www.tressis.com\\\/wp-content\\\/uploads\\\/2023\\\/11\\\/luces-y-sombras-en-los-mercados.jpg\",\"datePublished\":\"2023-11-10T07:51:43+00:00\",\"dateModified\":\"2023-11-10T07:53:59+00:00\",\"description\":\"Mientras que para los mercados europeos ayer fue un d\u00eda positivo, los parqu\u00e9s estadounidenses dieron media vuelta.\",\"breadcrumb\":{\"@id\":\"https:\\\/\\\/www.tressis.com\\\/ca\\\/blog\\\/luces-y-sombras-en-los-mercados\\\/#breadcrumb\"},\"inLanguage\":\"ca\",\"potentialAction\":[{\"@type\":\"ReadAction\",\"target\":[\"https:\\\/\\\/www.tressis.com\\\/ca\\\/blog\\\/luces-y-sombras-en-los-mercados\\\/\"]}]},{\"@type\":\"ImageObject\",\"inLanguage\":\"ca\",\"@id\":\"https:\\\/\\\/www.tressis.com\\\/ca\\\/blog\\\/luces-y-sombras-en-los-mercados\\\/#primaryimage\",\"url\":\"https:\\\/\\\/www.tressis.com\\\/wp-content\\\/uploads\\\/2023\\\/11\\\/luces-y-sombras-en-los-mercados.jpg\",\"contentUrl\":\"https:\\\/\\\/www.tressis.com\\\/wp-content\\\/uploads\\\/2023\\\/11\\\/luces-y-sombras-en-los-mercados.jpg\",\"width\":1100,\"height\":487,\"caption\":\"Dos notas de post-it en tablero de corcho, una con una cara sonriente y la otra con una expresi\u00f3n triste y mirando a la anterior\"},{\"@type\":\"BreadcrumbList\",\"@id\":\"https:\\\/\\\/www.tressis.com\\\/ca\\\/blog\\\/luces-y-sombras-en-los-mercados\\\/#breadcrumb\",\"itemListElement\":[{\"@type\":\"ListItem\",\"position\":1,\"name\":\"Inicio\",\"item\":\"https:\\\/\\\/www.tressis.com\\\/ca\\\/\"},{\"@type\":\"ListItem\",\"position\":2,\"name\":\"Morning meeting\",\"item\":\"https:\\\/\\\/www.tressis.com\\\/ca\\\/blog\\\/categorias\\\/morning-meeting-ca\\\/\"},{\"@type\":\"ListItem\",\"position\":3,\"name\":\"Luces y sombras: dualidad en los mercados.\"}]},{\"@type\":\"WebSite\",\"@id\":\"https:\\\/\\\/www.tressis.com\\\/ca\\\/#website\",\"url\":\"https:\\\/\\\/www.tressis.com\\\/ca\\\/\",\"name\":\"Tressis banca privada\",\"description\":\"Tressis | Planificaci\u00f3n financiera y gesti\u00f3n de patrimonios\",\"publisher\":{\"@id\":\"https:\\\/\\\/www.tressis.com\\\/ca\\\/#organization\"},\"potentialAction\":[{\"@type\":\"SearchAction\",\"target\":{\"@type\":\"EntryPoint\",\"urlTemplate\":\"https:\\\/\\\/www.tressis.com\\\/ca\\\/?s={search_term_string}\"},\"query-input\":{\"@type\":\"PropertyValueSpecification\",\"valueRequired\":true,\"valueName\":\"search_term_string\"}}],\"inLanguage\":\"ca\"},{\"@type\":\"Organization\",\"@id\":\"https:\\\/\\\/www.tressis.com\\\/ca\\\/#organization\",\"name\":\"Tressis\",\"url\":\"https:\\\/\\\/www.tressis.com\\\/ca\\\/\",\"logo\":{\"@type\":\"ImageObject\",\"inLanguage\":\"ca\",\"@id\":\"https:\\\/\\\/www.tressis.com\\\/ca\\\/#\\\/schema\\\/logo\\\/image\\\/\",\"url\":\"https:\\\/\\\/www.tressis.com\\\/wp-content\\\/uploads\\\/2025\\\/06\\\/logo-tressis-112.png\",\"contentUrl\":\"https:\\\/\\\/www.tressis.com\\\/wp-content\\\/uploads\\\/2025\\\/06\\\/logo-tressis-112.png\",\"width\":112,\"height\":112,\"caption\":\"Tressis\"},\"image\":{\"@id\":\"https:\\\/\\\/www.tressis.com\\\/ca\\\/#\\\/schema\\\/logo\\\/image\\\/\"},\"sameAs\":[\"https:\\\/\\\/www.facebook.com\\\/Tressis\\\/\",\"https:\\\/\\\/x.com\\\/TressisSV\",\"https:\\\/\\\/www.instagram.com\\\/tressissv\\\/?hl=es\",\"https:\\\/\\\/linkedin.com\\\/company\\\/tressis\\\/\",\"https:\\\/\\\/www.youtube.com\\\/user\\\/tressissv\",\"https:\\\/\\\/open.spotify.com\\\/show\\\/3jmTe1Nf0wqMILl7diWV6h?si=d7112519f13c4593&nd=1\"]},{\"@type\":\"Person\",\"@id\":\"https:\\\/\\\/www.tressis.com\\\/ca\\\/#\\\/schema\\\/person\\\/56d3b4de0493f088a4ca62a2e0c790ae\",\"name\":\"Armando\",\"image\":{\"@type\":\"ImageObject\",\"inLanguage\":\"ca\",\"@id\":\"https:\\\/\\\/secure.gravatar.com\\\/avatar\\\/6d7efca74644be7dae792b122beab663996c233ae58f101b52769ece1cbf1435?s=96&d=mm&r=g\",\"url\":\"https:\\\/\\\/secure.gravatar.com\\\/avatar\\\/6d7efca74644be7dae792b122beab663996c233ae58f101b52769ece1cbf1435?s=96&d=mm&r=g\",\"contentUrl\":\"https:\\\/\\\/secure.gravatar.com\\\/avatar\\\/6d7efca74644be7dae792b122beab663996c233ae58f101b52769ece1cbf1435?s=96&d=mm&r=g\",\"caption\":\"Armando\"}}]}<\/script>\n<!-- \/ Yoast SEO plugin. -->","yoast_head_json":{"title":"Luces y sombras: dualidad en los mercados.","description":"Mientras que para los mercados europeos ayer fue un d\u00eda positivo, los parqu\u00e9s estadounidenses dieron media vuelta.","robots":{"index":"index","follow":"follow","max-snippet":"max-snippet:-1","max-image-preview":"max-image-preview:large","max-video-preview":"max-video-preview:-1"},"canonical":"https:\/\/www.tressis.com\/ca\/blog\/luces-y-sombras-en-los-mercados\/","og_locale":"ca_ES","og_type":"article","og_title":"Luces y sombras: dualidad en los mercados.","og_description":"Mientras que para los mercados europeos ayer fue un d\u00eda positivo, los parqu\u00e9s estadounidenses dieron media vuelta.","og_url":"https:\/\/www.tressis.com\/ca\/blog\/luces-y-sombras-en-los-mercados\/","og_site_name":"Tressis","article_publisher":"https:\/\/www.facebook.com\/Tressis\/","article_published_time":"2023-11-10T07:51:43+00:00","article_modified_time":"2023-11-10T07:53:59+00:00","og_image":[{"width":1100,"height":487,"url":"https:\/\/www.tressis.com\/wp-content\/uploads\/2023\/11\/luces-y-sombras-en-los-mercados.jpg","type":"image\/jpeg"}],"author":"Armando","twitter_card":"summary_large_image","twitter_creator":"@TressisSV","twitter_site":"@TressisSV","twitter_misc":{"Escrit per":"Armando","Temps estimat de lectura":"2 minuts"},"schema":{"@context":"https:\/\/schema.org","@graph":[{"@type":"Article","@id":"https:\/\/www.tressis.com\/ca\/blog\/luces-y-sombras-en-los-mercados\/#article","isPartOf":{"@id":"https:\/\/www.tressis.com\/ca\/blog\/luces-y-sombras-en-los-mercados\/"},"author":{"name":"Armando","@id":"https:\/\/www.tressis.com\/ca\/#\/schema\/person\/56d3b4de0493f088a4ca62a2e0c790ae"},"headline":"Luces y sombras: dualidad en los mercados.","datePublished":"2023-11-10T07:51:43+00:00","dateModified":"2023-11-10T07:53:59+00:00","mainEntityOfPage":{"@id":"https:\/\/www.tressis.com\/ca\/blog\/luces-y-sombras-en-los-mercados\/"},"wordCount":341,"publisher":{"@id":"https:\/\/www.tressis.com\/ca\/#organization"},"image":{"@id":"https:\/\/www.tressis.com\/ca\/blog\/luces-y-sombras-en-los-mercados\/#primaryimage"},"thumbnailUrl":"https:\/\/www.tressis.com\/wp-content\/uploads\/2023\/11\/luces-y-sombras-en-los-mercados.jpg","keywords":["BBVA","Christine Lagarde","desempleo Estados Unido","el Ibex 35 hoy","IPC chino","mercados EE.UU.","Santander","Schneider Electric SE"],"articleSection":["Morning meeting"],"inLanguage":"ca"},{"@type":"WebPage","@id":"https:\/\/www.tressis.com\/ca\/blog\/luces-y-sombras-en-los-mercados\/","url":"https:\/\/www.tressis.com\/ca\/blog\/luces-y-sombras-en-los-mercados\/","name":"Luces y sombras: dualidad en los mercados.","isPartOf":{"@id":"https:\/\/www.tressis.com\/ca\/#website"},"primaryImageOfPage":{"@id":"https:\/\/www.tressis.com\/ca\/blog\/luces-y-sombras-en-los-mercados\/#primaryimage"},"image":{"@id":"https:\/\/www.tressis.com\/ca\/blog\/luces-y-sombras-en-los-mercados\/#primaryimage"},"thumbnailUrl":"https:\/\/www.tressis.com\/wp-content\/uploads\/2023\/11\/luces-y-sombras-en-los-mercados.jpg","datePublished":"2023-11-10T07:51:43+00:00","dateModified":"2023-11-10T07:53:59+00:00","description":"Mientras que para los mercados europeos ayer fue un d\u00eda positivo, los parqu\u00e9s estadounidenses dieron media vuelta.","breadcrumb":{"@id":"https:\/\/www.tressis.com\/ca\/blog\/luces-y-sombras-en-los-mercados\/#breadcrumb"},"inLanguage":"ca","potentialAction":[{"@type":"ReadAction","target":["https:\/\/www.tressis.com\/ca\/blog\/luces-y-sombras-en-los-mercados\/"]}]},{"@type":"ImageObject","inLanguage":"ca","@id":"https:\/\/www.tressis.com\/ca\/blog\/luces-y-sombras-en-los-mercados\/#primaryimage","url":"https:\/\/www.tressis.com\/wp-content\/uploads\/2023\/11\/luces-y-sombras-en-los-mercados.jpg","contentUrl":"https:\/\/www.tressis.com\/wp-content\/uploads\/2023\/11\/luces-y-sombras-en-los-mercados.jpg","width":1100,"height":487,"caption":"Dos notas de post-it en tablero de corcho, una con una cara sonriente y la otra con una expresi\u00f3n triste y mirando a la anterior"},{"@type":"BreadcrumbList","@id":"https:\/\/www.tressis.com\/ca\/blog\/luces-y-sombras-en-los-mercados\/#breadcrumb","itemListElement":[{"@type":"ListItem","position":1,"name":"Inicio","item":"https:\/\/www.tressis.com\/ca\/"},{"@type":"ListItem","position":2,"name":"Morning meeting","item":"https:\/\/www.tressis.com\/ca\/blog\/categorias\/morning-meeting-ca\/"},{"@type":"ListItem","position":3,"name":"Luces y sombras: dualidad en los mercados."}]},{"@type":"WebSite","@id":"https:\/\/www.tressis.com\/ca\/#website","url":"https:\/\/www.tressis.com\/ca\/","name":"Tressis banca privada","description":"Tressis | Planificaci\u00f3n financiera y gesti\u00f3n de patrimonios","publisher":{"@id":"https:\/\/www.tressis.com\/ca\/#organization"},"potentialAction":[{"@type":"SearchAction","target":{"@type":"EntryPoint","urlTemplate":"https:\/\/www.tressis.com\/ca\/?s={search_term_string}"},"query-input":{"@type":"PropertyValueSpecification","valueRequired":true,"valueName":"search_term_string"}}],"inLanguage":"ca"},{"@type":"Organization","@id":"https:\/\/www.tressis.com\/ca\/#organization","name":"Tressis","url":"https:\/\/www.tressis.com\/ca\/","logo":{"@type":"ImageObject","inLanguage":"ca","@id":"https:\/\/www.tressis.com\/ca\/#\/schema\/logo\/image\/","url":"https:\/\/www.tressis.com\/wp-content\/uploads\/2025\/06\/logo-tressis-112.png","contentUrl":"https:\/\/www.tressis.com\/wp-content\/uploads\/2025\/06\/logo-tressis-112.png","width":112,"height":112,"caption":"Tressis"},"image":{"@id":"https:\/\/www.tressis.com\/ca\/#\/schema\/logo\/image\/"},"sameAs":["https:\/\/www.facebook.com\/Tressis\/","https:\/\/x.com\/TressisSV","https:\/\/www.instagram.com\/tressissv\/?hl=es","https:\/\/linkedin.com\/company\/tressis\/","https:\/\/www.youtube.com\/user\/tressissv","https:\/\/open.spotify.com\/show\/3jmTe1Nf0wqMILl7diWV6h?si=d7112519f13c4593&nd=1"]},{"@type":"Person","@id":"https:\/\/www.tressis.com\/ca\/#\/schema\/person\/56d3b4de0493f088a4ca62a2e0c790ae","name":"Armando","image":{"@type":"ImageObject","inLanguage":"ca","@id":"https:\/\/secure.gravatar.com\/avatar\/6d7efca74644be7dae792b122beab663996c233ae58f101b52769ece1cbf1435?s=96&d=mm&r=g","url":"https:\/\/secure.gravatar.com\/avatar\/6d7efca74644be7dae792b122beab663996c233ae58f101b52769ece1cbf1435?s=96&d=mm&r=g","contentUrl":"https:\/\/secure.gravatar.com\/avatar\/6d7efca74644be7dae792b122beab663996c233ae58f101b52769ece1cbf1435?s=96&d=mm&r=g","caption":"Armando"}}]}},"_links":{"self":[{"href":"https:\/\/www.tressis.com\/ca\/wp-json\/wp\/v2\/posts\/75355","targetHints":{"allow":["GET"]}}],"collection":[{"href":"https:\/\/www.tressis.com\/ca\/wp-json\/wp\/v2\/posts"}],"about":[{"href":"https:\/\/www.tressis.com\/ca\/wp-json\/wp\/v2\/types\/post"}],"author":[{"embeddable":true,"href":"https:\/\/www.tressis.com\/ca\/wp-json\/wp\/v2\/users\/9"}],"replies":[{"embeddable":true,"href":"https:\/\/www.tressis.com\/ca\/wp-json\/wp\/v2\/comments?post=75355"}],"version-history":[{"count":0,"href":"https:\/\/www.tressis.com\/ca\/wp-json\/wp\/v2\/posts\/75355\/revisions"}],"wp:featuredmedia":[{"embeddable":true,"href":"https:\/\/www.tressis.com\/ca\/wp-json\/wp\/v2\/media\/75361"}],"wp:attachment":[{"href":"https:\/\/www.tressis.com\/ca\/wp-json\/wp\/v2\/media?parent=75355"}],"wp:term":[{"taxonomy":"category","embeddable":true,"href":"https:\/\/www.tressis.com\/ca\/wp-json\/wp\/v2\/categories?post=75355"},{"taxonomy":"post_tag","embeddable":true,"href":"https:\/\/www.tressis.com\/ca\/wp-json\/wp\/v2\/tags?post=75355"}],"curies":[{"name":"wp","href":"https:\/\/api.w.org\/{rel}","templated":true}]}}