{"id":61682,"date":"2022-08-18T09:35:36","date_gmt":"2022-08-18T07:35:36","guid":{"rendered":"https:\/\/www.tressis.com\/?p=61682"},"modified":"2022-08-18T09:43:56","modified_gmt":"2022-08-18T07:43:56","slug":"consumidor-medio-busca-rebajas","status":"publish","type":"post","link":"https:\/\/www.tressis.com\/ca\/blog\/consumidor-medio-busca-rebajas\/","title":{"rendered":"El consumidor medio busca rebajas"},"content":{"rendered":"<p>Las principales bolsas mundiales retrocedieron con fuerza despu\u00e9s de varias semanas sin apenas descanso (Nasdaq -1,25%, S&amp;P 500 -0,72%, Eurostoxx 50 -1,29%). Sin apenas volumen, algo habitual en agosto, el mercado centr\u00f3 su atenci\u00f3n en el dato de ventas minoristas de EE.UU. y en el acta de la \u00faltima reuni\u00f3n de la Reserva Federal. Aunque a decir verdad no tengo muy claro d\u00f3nde centr\u00f3 su atenci\u00f3n. Algunos componentes dentro de las ventas minoristas dejaron entrever que podr\u00edamos tener un repunte en el PIB del tercer trimestre, algo bastante positivo. Estos son algunos puntos interesantes:<\/p>\n<p>&nbsp;<\/p>\n<p><img fetchpriority=\"high\" decoding=\"async\" class=\"aligncenter wp-image-61684 size-full\" src=\"https:\/\/www.tressis.com\/wp-content\/uploads\/2022\/08\/ventas-minoristas.png\" alt=\"\" width=\"759\" height=\"115\" srcset=\"https:\/\/www.tressis.com\/wp-content\/uploads\/2022\/08\/ventas-minoristas.png 759w, https:\/\/www.tressis.com\/wp-content\/uploads\/2022\/08\/ventas-minoristas-300x45.png 300w\" sizes=\"(max-width: 759px) 100vw, 759px\" \/><br \/>\n<i>Fuente: Bloomberg<\/i><\/p>\n<p>&nbsp;<\/p>\n<ul>\n<li>Aunque la cifra de ventas al por menor se mantuvo estable (+0,0%) , si excluimos energ\u00eda y autos vemos c\u00f3mo las ventas aumentaron respecto junio (+0,7%). De hecho, las ventas del grupo de control (+0,8%), que incluye a todos los minoristas norteamericanos (a excepci\u00f3n de los relacionados con alimentaci\u00f3n, autom\u00f3viles, materiales de construcci\u00f3n y carburante), son muy alentadoras. Este dato, adem\u00e1s, es sumamente importante para calcular el gasto del consumidor en las estimaciones del PIB y del PCE.<\/li>\n<\/ul>\n<p>&nbsp;<\/p>\n<p><img decoding=\"async\" class=\"aligncenter wp-image-61683 size-full\" src=\"https:\/\/www.tressis.com\/wp-content\/uploads\/2022\/08\/gasto-consumidor.png\" alt=\"\" width=\"652\" height=\"369\" srcset=\"https:\/\/www.tressis.com\/wp-content\/uploads\/2022\/08\/gasto-consumidor.png 652w, https:\/\/www.tressis.com\/wp-content\/uploads\/2022\/08\/gasto-consumidor-300x170.png 300w\" sizes=\"(max-width: 652px) 100vw, 652px\" \/><\/p>\n<p>&nbsp;<\/p>\n<ul>\n<li>La ca\u00edda en el precio de la energ\u00eda (principalmente de la gasolina) dio un respiro a los consumidores, permiti\u00e9ndoles acometer otros gastos &#8220;b\u00e1sicos&#8221;.<\/li>\n<\/ul>\n<p>&nbsp;<\/p>\n<ul>\n<li>Se empiezan a ver grandes descuentos en medio del exceso de inventario en grandes almacenes. Las empresas no quieren llegar a oto\u00f1o con los almacenes llenos.<\/li>\n<\/ul>\n<p>&nbsp;<\/p>\n<ul>\n<li>El consumidor medio busca rebajas y est\u00e1 comprando con mucha antelaci\u00f3n, algo que ha cambiado en el \u00faltimo a\u00f1o y que puede ser muy importante de cara a la inflaci\u00f3n a medio plazo.<\/li>\n<\/ul>\n<p>&nbsp;<\/p>\n<ul>\n<li>La vuelta al colegio ser\u00e1 la cita clave para el sector de venta al por menor.<\/li>\n<\/ul>\n<p>&nbsp;<\/p>\n<ul>\n<li>El Amazon Prime Day, celebrado los d\u00edas 12 y 13 de julio, fue un \u00e9xito absoluto e impuls\u00f3 el dato de ventas minoristas general. Las ventas en l\u00ednea subieron un +2,7%.<\/li>\n<\/ul>\n<p>&nbsp;<\/p>\n<p>En cuanto a las minutas de la Fed, los miembros del comit\u00e9 no est\u00e1n viendo que las presiones de precios est\u00e9n cediendo al ritmo que deber\u00edan, por lo que est\u00e1n dispuestos a desacelerar la econom\u00eda estadounidense tanto como sea necesario para domar la inflaci\u00f3n. Esto nos dice claramente que tendremos m\u00e1s subidas de tipos de inter\u00e9s en las pr\u00f3ximas reuniones. Es cierto que algunos sectores ya se est\u00e1n ralentizando gracias a las condiciones crediticias m\u00e1s estrictas, pero el mercado laboral sigue realmente s\u00f3lido. Probablemente esto ser\u00e1 lo que vaya decidiendo las futuras subidas. Llama la atenci\u00f3n que algunos de los funcionarios consideran que las tasas tienen que alcanzar un nivel suficientemente restrictivo y permanecer ah\u00ed un tiempo para controlar la inflaci\u00f3n. Algo que el mercado no estaba contemplando en los futuros de los fondos federales, cuando hace una semana esperaba bajadas de tipos para la segunda mitad de 2023. A\u00fan as\u00ed, la rentabilidad del bono a diez a\u00f1os estadounidense se encuentra ahora mismo en el 2,88%. Si los tipos est\u00e1n al 2,5% y vamos a tener m\u00e1s subidas, hay algo que no cuadra.<\/p>\n<p>&nbsp;<\/p>\n<p>Hoy tendremos datos de IPC y producci\u00f3n del sector de la construcci\u00f3n en la zona euro, as\u00ed como nuevas peticiones de subsidio por desempleo y ventas de viviendas de segunda mano en EE.UU. Tambi\u00e9n tendremos declaraciones de Esther George (Kansas) y Neel Kashkari (Mine\u00e1polis), miembros de la Reserva Federal.<\/p>\n<p>&nbsp;<\/p>\n<p>Feliz jueves.<\/p>\n<p>&nbsp;<\/p>\n<p><center><strong>V\u00edctor \u00c1lvarez Sanz<\/strong><br \/>\nAnalista<\/center><\/p>\n","protected":false},"excerpt":{"rendered":"<p>Las principales bolsas mundiales retrocedieron con fuerza despu\u00e9s de varias semanas sin apenas descanso (Nasdaq -1,25%, S&amp;P 500 -0,72%, Eurostoxx 50 -1,29%). Sin apenas volumen, algo habitual en agosto, el mercado centr\u00f3 su atenci\u00f3n en el dato de ventas minoristas de EE.UU. y en el acta de la \u00faltima reuni\u00f3n de la Reserva Federal. Aunque [&hellip;]<\/p>\n","protected":false},"author":4,"featured_media":61685,"comment_status":"closed","ping_status":"open","sticky":false,"template":"","format":"standard","meta":{"_acf_changed":false,"footnotes":""},"categories":[9721],"tags":[2364,2964,3453,4856,8729,5761],"class_list":["post-61682","post","type-post","status-publish","format-standard","has-post-thumbnail","hentry","category-morning-meeting","tag-energia","tag-gasolina","tag-inflacion","tag-pib","tag-rebajas","tag-reserva-federal"],"acf":[],"yoast_head":"<!-- This site is optimized with the Yoast SEO plugin v27.5 - https:\/\/yoast.com\/product\/yoast-seo-wordpress\/ -->\n<title>El consumidor medio busca rebajas<\/title>\n<meta name=\"description\" content=\"Est\u00e1 comprando con mucha antelaci\u00f3n, algo que ha cambiado en el \u00faltimo a\u00f1o y que puede ser muy importante de cara a la inflaci\u00f3n a medio plazo.\" \/>\n<meta name=\"robots\" content=\"index, follow, max-snippet:-1, max-image-preview:large, max-video-preview:-1\" \/>\n<link rel=\"canonical\" href=\"https:\/\/www.tressis.com\/ca\/blog\/consumidor-medio-busca-rebajas\/\" \/>\n<meta property=\"og:locale\" content=\"ca_ES\" \/>\n<meta property=\"og:type\" content=\"article\" \/>\n<meta property=\"og:title\" content=\"El consumidor medio busca rebajas\" \/>\n<meta property=\"og:description\" content=\"Est\u00e1 comprando con mucha antelaci\u00f3n, algo que ha cambiado en el \u00faltimo a\u00f1o y que puede ser muy importante de cara a la inflaci\u00f3n a medio plazo.\" \/>\n<meta property=\"og:url\" content=\"https:\/\/www.tressis.com\/ca\/blog\/consumidor-medio-busca-rebajas\/\" \/>\n<meta property=\"og:site_name\" content=\"Tressis\" \/>\n<meta property=\"article:publisher\" content=\"https:\/\/www.facebook.com\/Tressis\/\" \/>\n<meta property=\"article:published_time\" content=\"2022-08-18T07:35:36+00:00\" \/>\n<meta property=\"article:modified_time\" content=\"2022-08-18T07:43:56+00:00\" \/>\n<meta property=\"og:image\" content=\"https:\/\/www.tressis.com\/wp-content\/uploads\/2022\/08\/rebajas.jpg\" \/>\n\t<meta property=\"og:image:width\" content=\"1100\" \/>\n\t<meta property=\"og:image:height\" content=\"487\" \/>\n\t<meta property=\"og:image:type\" content=\"image\/jpeg\" \/>\n<meta name=\"author\" content=\"Lola\" \/>\n<meta name=\"twitter:card\" content=\"summary_large_image\" \/>\n<meta name=\"twitter:creator\" content=\"@TressisSV\" \/>\n<meta name=\"twitter:site\" content=\"@TressisSV\" \/>\n<meta name=\"twitter:label1\" content=\"Escrit per\" \/>\n\t<meta name=\"twitter:data1\" content=\"Lola\" \/>\n\t<meta name=\"twitter:label2\" content=\"Temps estimat de lectura\" \/>\n\t<meta name=\"twitter:data2\" content=\"3 minuts\" \/>\n<script type=\"application\/ld+json\" class=\"yoast-schema-graph\">{\"@context\":\"https:\\\/\\\/schema.org\",\"@graph\":[{\"@type\":\"Article\",\"@id\":\"https:\\\/\\\/www.tressis.com\\\/ca\\\/blog\\\/consumidor-medio-busca-rebajas\\\/#article\",\"isPartOf\":{\"@id\":\"https:\\\/\\\/www.tressis.com\\\/ca\\\/blog\\\/consumidor-medio-busca-rebajas\\\/\"},\"author\":{\"name\":\"Lola\",\"@id\":\"https:\\\/\\\/www.tressis.com\\\/ca\\\/#\\\/schema\\\/person\\\/b833c1d724d8764920b6d6852c70584e\"},\"headline\":\"El consumidor medio busca rebajas\",\"datePublished\":\"2022-08-18T07:35:36+00:00\",\"dateModified\":\"2022-08-18T07:43:56+00:00\",\"mainEntityOfPage\":{\"@id\":\"https:\\\/\\\/www.tressis.com\\\/ca\\\/blog\\\/consumidor-medio-busca-rebajas\\\/\"},\"wordCount\":596,\"publisher\":{\"@id\":\"https:\\\/\\\/www.tressis.com\\\/ca\\\/#organization\"},\"image\":{\"@id\":\"https:\\\/\\\/www.tressis.com\\\/ca\\\/blog\\\/consumidor-medio-busca-rebajas\\\/#primaryimage\"},\"thumbnailUrl\":\"https:\\\/\\\/www.tressis.com\\\/wp-content\\\/uploads\\\/2022\\\/08\\\/rebajas.jpg\",\"keywords\":[\"energ\u00eda\",\"gasolina\",\"inflaci\u00f3n\",\"PIB\",\"rebajas\",\"Reserva Federal\"],\"articleSection\":[\"Morning meeting\"],\"inLanguage\":\"ca\"},{\"@type\":\"WebPage\",\"@id\":\"https:\\\/\\\/www.tressis.com\\\/ca\\\/blog\\\/consumidor-medio-busca-rebajas\\\/\",\"url\":\"https:\\\/\\\/www.tressis.com\\\/ca\\\/blog\\\/consumidor-medio-busca-rebajas\\\/\",\"name\":\"El consumidor medio busca rebajas\",\"isPartOf\":{\"@id\":\"https:\\\/\\\/www.tressis.com\\\/ca\\\/#website\"},\"primaryImageOfPage\":{\"@id\":\"https:\\\/\\\/www.tressis.com\\\/ca\\\/blog\\\/consumidor-medio-busca-rebajas\\\/#primaryimage\"},\"image\":{\"@id\":\"https:\\\/\\\/www.tressis.com\\\/ca\\\/blog\\\/consumidor-medio-busca-rebajas\\\/#primaryimage\"},\"thumbnailUrl\":\"https:\\\/\\\/www.tressis.com\\\/wp-content\\\/uploads\\\/2022\\\/08\\\/rebajas.jpg\",\"datePublished\":\"2022-08-18T07:35:36+00:00\",\"dateModified\":\"2022-08-18T07:43:56+00:00\",\"description\":\"Est\u00e1 comprando con mucha antelaci\u00f3n, algo que ha cambiado en el \u00faltimo a\u00f1o y que puede ser muy importante de cara a la inflaci\u00f3n a medio plazo.\",\"breadcrumb\":{\"@id\":\"https:\\\/\\\/www.tressis.com\\\/ca\\\/blog\\\/consumidor-medio-busca-rebajas\\\/#breadcrumb\"},\"inLanguage\":\"ca\",\"potentialAction\":[{\"@type\":\"ReadAction\",\"target\":[\"https:\\\/\\\/www.tressis.com\\\/ca\\\/blog\\\/consumidor-medio-busca-rebajas\\\/\"]}]},{\"@type\":\"ImageObject\",\"inLanguage\":\"ca\",\"@id\":\"https:\\\/\\\/www.tressis.com\\\/ca\\\/blog\\\/consumidor-medio-busca-rebajas\\\/#primaryimage\",\"url\":\"https:\\\/\\\/www.tressis.com\\\/wp-content\\\/uploads\\\/2022\\\/08\\\/rebajas.jpg\",\"contentUrl\":\"https:\\\/\\\/www.tressis.com\\\/wp-content\\\/uploads\\\/2022\\\/08\\\/rebajas.jpg\",\"width\":1100,\"height\":487},{\"@type\":\"BreadcrumbList\",\"@id\":\"https:\\\/\\\/www.tressis.com\\\/ca\\\/blog\\\/consumidor-medio-busca-rebajas\\\/#breadcrumb\",\"itemListElement\":[{\"@type\":\"ListItem\",\"position\":1,\"name\":\"Inicio\",\"item\":\"https:\\\/\\\/www.tressis.com\\\/ca\\\/\"},{\"@type\":\"ListItem\",\"position\":2,\"name\":\"Morning meeting\",\"item\":\"https:\\\/\\\/www.tressis.com\\\/ca\\\/blog\\\/categorias\\\/morning-meeting-ca\\\/\"},{\"@type\":\"ListItem\",\"position\":3,\"name\":\"El consumidor medio busca rebajas\"}]},{\"@type\":\"WebSite\",\"@id\":\"https:\\\/\\\/www.tressis.com\\\/ca\\\/#website\",\"url\":\"https:\\\/\\\/www.tressis.com\\\/ca\\\/\",\"name\":\"Tressis banca privada\",\"description\":\"Tressis | Planificaci\u00f3n financiera y gesti\u00f3n de patrimonios\",\"publisher\":{\"@id\":\"https:\\\/\\\/www.tressis.com\\\/ca\\\/#organization\"},\"potentialAction\":[{\"@type\":\"SearchAction\",\"target\":{\"@type\":\"EntryPoint\",\"urlTemplate\":\"https:\\\/\\\/www.tressis.com\\\/ca\\\/?s={search_term_string}\"},\"query-input\":{\"@type\":\"PropertyValueSpecification\",\"valueRequired\":true,\"valueName\":\"search_term_string\"}}],\"inLanguage\":\"ca\"},{\"@type\":\"Organization\",\"@id\":\"https:\\\/\\\/www.tressis.com\\\/ca\\\/#organization\",\"name\":\"Tressis\",\"url\":\"https:\\\/\\\/www.tressis.com\\\/ca\\\/\",\"logo\":{\"@type\":\"ImageObject\",\"inLanguage\":\"ca\",\"@id\":\"https:\\\/\\\/www.tressis.com\\\/ca\\\/#\\\/schema\\\/logo\\\/image\\\/\",\"url\":\"https:\\\/\\\/www.tressis.com\\\/wp-content\\\/uploads\\\/2025\\\/06\\\/logo-tressis-112.png\",\"contentUrl\":\"https:\\\/\\\/www.tressis.com\\\/wp-content\\\/uploads\\\/2025\\\/06\\\/logo-tressis-112.png\",\"width\":112,\"height\":112,\"caption\":\"Tressis\"},\"image\":{\"@id\":\"https:\\\/\\\/www.tressis.com\\\/ca\\\/#\\\/schema\\\/logo\\\/image\\\/\"},\"sameAs\":[\"https:\\\/\\\/www.facebook.com\\\/Tressis\\\/\",\"https:\\\/\\\/x.com\\\/TressisSV\",\"https:\\\/\\\/www.instagram.com\\\/tressissv\\\/?hl=es\",\"https:\\\/\\\/linkedin.com\\\/company\\\/tressis\\\/\",\"https:\\\/\\\/www.youtube.com\\\/user\\\/tressissv\",\"https:\\\/\\\/open.spotify.com\\\/show\\\/3jmTe1Nf0wqMILl7diWV6h?si=d7112519f13c4593&nd=1\"]},{\"@type\":\"Person\",\"@id\":\"https:\\\/\\\/www.tressis.com\\\/ca\\\/#\\\/schema\\\/person\\\/b833c1d724d8764920b6d6852c70584e\",\"name\":\"Lola\",\"image\":{\"@type\":\"ImageObject\",\"inLanguage\":\"ca\",\"@id\":\"https:\\\/\\\/secure.gravatar.com\\\/avatar\\\/05e646486b23ff45df9649110609c7e31b8c4a3e2821caa23d6317f405e0c51d?s=96&d=mm&r=g\",\"url\":\"https:\\\/\\\/secure.gravatar.com\\\/avatar\\\/05e646486b23ff45df9649110609c7e31b8c4a3e2821caa23d6317f405e0c51d?s=96&d=mm&r=g\",\"contentUrl\":\"https:\\\/\\\/secure.gravatar.com\\\/avatar\\\/05e646486b23ff45df9649110609c7e31b8c4a3e2821caa23d6317f405e0c51d?s=96&d=mm&r=g\",\"caption\":\"Lola\"}}]}<\/script>\n<!-- \/ Yoast SEO plugin. -->","yoast_head_json":{"title":"El consumidor medio busca rebajas","description":"Est\u00e1 comprando con mucha antelaci\u00f3n, algo que ha cambiado en el \u00faltimo a\u00f1o y que puede ser muy importante de cara a la inflaci\u00f3n a medio plazo.","robots":{"index":"index","follow":"follow","max-snippet":"max-snippet:-1","max-image-preview":"max-image-preview:large","max-video-preview":"max-video-preview:-1"},"canonical":"https:\/\/www.tressis.com\/ca\/blog\/consumidor-medio-busca-rebajas\/","og_locale":"ca_ES","og_type":"article","og_title":"El consumidor medio busca rebajas","og_description":"Est\u00e1 comprando con mucha antelaci\u00f3n, algo que ha cambiado en el \u00faltimo a\u00f1o y que puede ser muy importante de cara a la inflaci\u00f3n a medio plazo.","og_url":"https:\/\/www.tressis.com\/ca\/blog\/consumidor-medio-busca-rebajas\/","og_site_name":"Tressis","article_publisher":"https:\/\/www.facebook.com\/Tressis\/","article_published_time":"2022-08-18T07:35:36+00:00","article_modified_time":"2022-08-18T07:43:56+00:00","og_image":[{"width":1100,"height":487,"url":"https:\/\/www.tressis.com\/wp-content\/uploads\/2022\/08\/rebajas.jpg","type":"image\/jpeg"}],"author":"Lola","twitter_card":"summary_large_image","twitter_creator":"@TressisSV","twitter_site":"@TressisSV","twitter_misc":{"Escrit per":"Lola","Temps estimat de lectura":"3 minuts"},"schema":{"@context":"https:\/\/schema.org","@graph":[{"@type":"Article","@id":"https:\/\/www.tressis.com\/ca\/blog\/consumidor-medio-busca-rebajas\/#article","isPartOf":{"@id":"https:\/\/www.tressis.com\/ca\/blog\/consumidor-medio-busca-rebajas\/"},"author":{"name":"Lola","@id":"https:\/\/www.tressis.com\/ca\/#\/schema\/person\/b833c1d724d8764920b6d6852c70584e"},"headline":"El consumidor medio busca rebajas","datePublished":"2022-08-18T07:35:36+00:00","dateModified":"2022-08-18T07:43:56+00:00","mainEntityOfPage":{"@id":"https:\/\/www.tressis.com\/ca\/blog\/consumidor-medio-busca-rebajas\/"},"wordCount":596,"publisher":{"@id":"https:\/\/www.tressis.com\/ca\/#organization"},"image":{"@id":"https:\/\/www.tressis.com\/ca\/blog\/consumidor-medio-busca-rebajas\/#primaryimage"},"thumbnailUrl":"https:\/\/www.tressis.com\/wp-content\/uploads\/2022\/08\/rebajas.jpg","keywords":["energ\u00eda","gasolina","inflaci\u00f3n","PIB","rebajas","Reserva Federal"],"articleSection":["Morning meeting"],"inLanguage":"ca"},{"@type":"WebPage","@id":"https:\/\/www.tressis.com\/ca\/blog\/consumidor-medio-busca-rebajas\/","url":"https:\/\/www.tressis.com\/ca\/blog\/consumidor-medio-busca-rebajas\/","name":"El consumidor medio busca rebajas","isPartOf":{"@id":"https:\/\/www.tressis.com\/ca\/#website"},"primaryImageOfPage":{"@id":"https:\/\/www.tressis.com\/ca\/blog\/consumidor-medio-busca-rebajas\/#primaryimage"},"image":{"@id":"https:\/\/www.tressis.com\/ca\/blog\/consumidor-medio-busca-rebajas\/#primaryimage"},"thumbnailUrl":"https:\/\/www.tressis.com\/wp-content\/uploads\/2022\/08\/rebajas.jpg","datePublished":"2022-08-18T07:35:36+00:00","dateModified":"2022-08-18T07:43:56+00:00","description":"Est\u00e1 comprando con mucha antelaci\u00f3n, algo que ha cambiado en el \u00faltimo a\u00f1o y que puede ser muy importante de cara a la inflaci\u00f3n a medio plazo.","breadcrumb":{"@id":"https:\/\/www.tressis.com\/ca\/blog\/consumidor-medio-busca-rebajas\/#breadcrumb"},"inLanguage":"ca","potentialAction":[{"@type":"ReadAction","target":["https:\/\/www.tressis.com\/ca\/blog\/consumidor-medio-busca-rebajas\/"]}]},{"@type":"ImageObject","inLanguage":"ca","@id":"https:\/\/www.tressis.com\/ca\/blog\/consumidor-medio-busca-rebajas\/#primaryimage","url":"https:\/\/www.tressis.com\/wp-content\/uploads\/2022\/08\/rebajas.jpg","contentUrl":"https:\/\/www.tressis.com\/wp-content\/uploads\/2022\/08\/rebajas.jpg","width":1100,"height":487},{"@type":"BreadcrumbList","@id":"https:\/\/www.tressis.com\/ca\/blog\/consumidor-medio-busca-rebajas\/#breadcrumb","itemListElement":[{"@type":"ListItem","position":1,"name":"Inicio","item":"https:\/\/www.tressis.com\/ca\/"},{"@type":"ListItem","position":2,"name":"Morning meeting","item":"https:\/\/www.tressis.com\/ca\/blog\/categorias\/morning-meeting-ca\/"},{"@type":"ListItem","position":3,"name":"El consumidor medio busca rebajas"}]},{"@type":"WebSite","@id":"https:\/\/www.tressis.com\/ca\/#website","url":"https:\/\/www.tressis.com\/ca\/","name":"Tressis banca privada","description":"Tressis | Planificaci\u00f3n financiera y gesti\u00f3n de patrimonios","publisher":{"@id":"https:\/\/www.tressis.com\/ca\/#organization"},"potentialAction":[{"@type":"SearchAction","target":{"@type":"EntryPoint","urlTemplate":"https:\/\/www.tressis.com\/ca\/?s={search_term_string}"},"query-input":{"@type":"PropertyValueSpecification","valueRequired":true,"valueName":"search_term_string"}}],"inLanguage":"ca"},{"@type":"Organization","@id":"https:\/\/www.tressis.com\/ca\/#organization","name":"Tressis","url":"https:\/\/www.tressis.com\/ca\/","logo":{"@type":"ImageObject","inLanguage":"ca","@id":"https:\/\/www.tressis.com\/ca\/#\/schema\/logo\/image\/","url":"https:\/\/www.tressis.com\/wp-content\/uploads\/2025\/06\/logo-tressis-112.png","contentUrl":"https:\/\/www.tressis.com\/wp-content\/uploads\/2025\/06\/logo-tressis-112.png","width":112,"height":112,"caption":"Tressis"},"image":{"@id":"https:\/\/www.tressis.com\/ca\/#\/schema\/logo\/image\/"},"sameAs":["https:\/\/www.facebook.com\/Tressis\/","https:\/\/x.com\/TressisSV","https:\/\/www.instagram.com\/tressissv\/?hl=es","https:\/\/linkedin.com\/company\/tressis\/","https:\/\/www.youtube.com\/user\/tressissv","https:\/\/open.spotify.com\/show\/3jmTe1Nf0wqMILl7diWV6h?si=d7112519f13c4593&nd=1"]},{"@type":"Person","@id":"https:\/\/www.tressis.com\/ca\/#\/schema\/person\/b833c1d724d8764920b6d6852c70584e","name":"Lola","image":{"@type":"ImageObject","inLanguage":"ca","@id":"https:\/\/secure.gravatar.com\/avatar\/05e646486b23ff45df9649110609c7e31b8c4a3e2821caa23d6317f405e0c51d?s=96&d=mm&r=g","url":"https:\/\/secure.gravatar.com\/avatar\/05e646486b23ff45df9649110609c7e31b8c4a3e2821caa23d6317f405e0c51d?s=96&d=mm&r=g","contentUrl":"https:\/\/secure.gravatar.com\/avatar\/05e646486b23ff45df9649110609c7e31b8c4a3e2821caa23d6317f405e0c51d?s=96&d=mm&r=g","caption":"Lola"}}]}},"_links":{"self":[{"href":"https:\/\/www.tressis.com\/ca\/wp-json\/wp\/v2\/posts\/61682","targetHints":{"allow":["GET"]}}],"collection":[{"href":"https:\/\/www.tressis.com\/ca\/wp-json\/wp\/v2\/posts"}],"about":[{"href":"https:\/\/www.tressis.com\/ca\/wp-json\/wp\/v2\/types\/post"}],"author":[{"embeddable":true,"href":"https:\/\/www.tressis.com\/ca\/wp-json\/wp\/v2\/users\/4"}],"replies":[{"embeddable":true,"href":"https:\/\/www.tressis.com\/ca\/wp-json\/wp\/v2\/comments?post=61682"}],"version-history":[{"count":0,"href":"https:\/\/www.tressis.com\/ca\/wp-json\/wp\/v2\/posts\/61682\/revisions"}],"wp:featuredmedia":[{"embeddable":true,"href":"https:\/\/www.tressis.com\/ca\/wp-json\/wp\/v2\/media\/61685"}],"wp:attachment":[{"href":"https:\/\/www.tressis.com\/ca\/wp-json\/wp\/v2\/media?parent=61682"}],"wp:term":[{"taxonomy":"category","embeddable":true,"href":"https:\/\/www.tressis.com\/ca\/wp-json\/wp\/v2\/categories?post=61682"},{"taxonomy":"post_tag","embeddable":true,"href":"https:\/\/www.tressis.com\/ca\/wp-json\/wp\/v2\/tags?post=61682"}],"curies":[{"name":"wp","href":"https:\/\/api.w.org\/{rel}","templated":true}]}}