{"id":58023,"date":"2022-05-18T09:24:47","date_gmt":"2022-05-18T07:24:47","guid":{"rendered":"https:\/\/www.tressis.com\/?p=58023"},"modified":"2022-05-18T11:52:05","modified_gmt":"2022-05-18T09:52:05","slug":"principal-objetivo-reducir-inflacion","status":"publish","type":"post","link":"https:\/\/www.tressis.com\/ca\/blog\/principal-objetivo-reducir-inflacion\/","title":{"rendered":"Principal objetivo: reducir la inflaci\u00f3n"},"content":{"rendered":"<p>Ayer conocimos en Europa el PIB del primer trimestre de 2022, que resultaba mejor de lo esperado al situarse en 0,3% (0,2% estimado), en tasa anual 5,1% (5,0% anterior y previsto). En EE.UU. se publicaron las cifras de ventas minoristas anticipadas del mes de abril que quedaban pr\u00e1cticamente en l\u00ednea con lo estimado (0,9% vs. 1% esperado) y la producci\u00f3n industrial, que sorprendi\u00f3 al alza al ubicarse en 1,1% vs. el 0,5% previsto. Hoy se anunciar\u00e1 el IPC final de la eurozona para el mes de abril, el cual se espera alcance niveles de 7,5% vs. el 7.4% anterior (anual). Mientras que en Estados Unidos ser\u00e1 el turno de las construcciones iniciales y permisos de construcci\u00f3n. El jueves, como siempre, se dar\u00e1n a conocer las peticiones iniciales de desempleo en los Estados Unidos.<\/p>\n<p>&nbsp;<\/p>\n<p>En el mercado de materias primas, el precio del petr\u00f3leo descendi\u00f3. El crudo Brent baja hasta 111 d\u00f3lares el barril, y el estadounidense WTI a 112,50 d\u00f3lares. En cuanto a los precios de las materias primas agr\u00edcolas el trigo sigue con leves subidas, a diferencia del ma\u00edz, que experiment\u00f3 ayer un leve descenso de precio. Sin embargo, los precios siguen muy por encima del promedio de los \u00faltimos a\u00f1os, provocado por la guerra en los pa\u00edses denominados \u201cgraneros del mundo\u201d, las condiciones clim\u00e1ticas en pa\u00edses como Brasil e India y la prohibici\u00f3n a las exportaciones de trigo impuesta por este \u00faltimo pa\u00eds, segundo mayor productor de trigo del mundo.<\/p>\n<p>&nbsp;<\/p>\n<p>D\u00eda positivo para las bolsas mundiales. En Estados Unidos, el Dow Jones se revaloriz\u00f3 un +1,34%, el S&amp;P 500 +2,02% y el Nasdaq, el \u00edndice m\u00e1s castigado en este a\u00f1o, remont\u00f3 un 2,76% hasta los 11.984 puntos. En Europa, tambi\u00e9n se impusieron las compras: Eurostoxx +1,52%, CAC 40 +1,30%, DAX +1,59% o Ibex +1,46%, aunque todav\u00eda est\u00e1n lejos de situarse con rentabilidades positivas en el a\u00f1o. El \u00fanico \u00edndice del Viejo Continente que est\u00e1 en positivo en el a\u00f1o es el FTSE 100 de Londres.<\/p>\n<p>&nbsp;<\/p>\n<p>En el mercado de deuda, fuerte subida de las rentabilidades en todas las curvas europeas: el bono a diez a\u00f1os alem\u00e1n repuntaba +10,9 pb situ\u00e1ndose en niveles de 1,041%, el espa\u00f1ol +11,7 pb hasta 2,109% y el bono italiano +11,7 hasta un 2,955% de rentabilidad. En Estados Unidos, la rentabilidad del bono a 10 a\u00f1os sub\u00eda +9,1 pb situ\u00e1ndose en 2,973%. Por su parte ayer el Banco de Espa\u00f1a indic\u00f3 que la deuda del conjunto de las administraciones p\u00fablicas vuelve a subir en marzo y repunta hasta el m\u00e1ximo hist\u00f3rico de 1,453 billones, con lo que se sit\u00faa en el 117,7% del PIB.<\/p>\n<p>&nbsp;<\/p>\n<p>Los inversores est\u00e1n cada vez m\u00e1s expectantes sobre el devenir de la econom\u00eda mundial y eso se traslada al nerviosismo que estamos observando los \u00faltimos d\u00edas en los mercados. El debate est\u00e1 servido, los inversores tratan de conseguir alguna pista de lo que har\u00e1n los bancos centrales en relaci\u00f3n con la inflaci\u00f3n y el crecimiento. Los \u00faltimos mensajes de algunas autoridades de los BB.CC. dejan entrever que el primordial objetivo en este momento es reducir la inflaci\u00f3n, aunque eso signifique un aterrizaje suave, o no tan suave, del crecimiento. Jerome Powell, presidente de la Reserva Federal y recientemente confirmado para un segundo mandato, coment\u00f3: \u201clo que necesitamos ver es que la inflaci\u00f3n baje de una manera clara y convincente y vamos a seguir presionando hasta que lo veamos\u201d en un evento organizado por The Wall Street Journal, en donde tambi\u00e9n recalc\u00f3 \u201csi eso implica superar los niveles de neutralidad ampliamente entendidos, no dudaremos en hacerlo\u201d. La palabra recesi\u00f3n est\u00e1 en la mente de todos, pero seguimos esperanzados de que no se produzca. Sin embargo, algunos datos empiezan a vislumbrar que la temida recesi\u00f3n podr\u00eda estar cerca: el PIB estadounidense del primer trimestre fue negativo, el PIB mensual de marzo en el Reino Unido fue negativo y los datos procedentes de China apuntan a una dram\u00e1tica desaceleraci\u00f3n en abril, consecuencia de los confinamientos dentro de su pol\u00edtica de COVID cero. Si los malos datos contin\u00faan los bancos centrales podr\u00edan ser m\u00e1s prudentes con las pr\u00f3ximas subidas de los tipos de inter\u00e9s. El mercado est\u00e1 dividido en relaci\u00f3n con las alzas de tipos en Europa. En una encuesta realizada por <i>Bloomberg<\/i> los economistas esperan tres subidas de 25 puntos b\u00e1sicos cada una, en julio, septiembre y diciembre. Por su parte el consenso de <i>Reuters<\/i> solo espera dos subidas de aqu\u00ed a final de a\u00f1o.<\/p>\n<p>&nbsp;<\/p>\n<p>El lunes la Comisi\u00f3n Europea (CE) rebaj\u00f3 el crecimiento y aument\u00f3 las expectativas de inflaci\u00f3n para todos los pa\u00edses de la regi\u00f3n. La CE espera que el PIB de la eurozona crezca al 2,7% en 2022 vs. el 4,0% que estimaban en febrero, y que lo haga al 2,8% en 2023 vs. el 2,3% anterior. Sin embargo descarta la entrada en recesi\u00f3n. En cuanto a la inflaci\u00f3n en 2022 espera que repunte al 6,1% desde el 3,5% de febrero, provocada por los mayores costes de las materias primas. Mientras que, para el 2023 esperan que la inflaci\u00f3n baje a niveles de 2,7%. Cabe destacar que la CE indica que las estimaciones pueden variar por el devenir de la guerra y el impacto en el mercado energ\u00e9tico.<\/p>\n<p>&nbsp;<\/p>\n<p><img fetchpriority=\"high\" decoding=\"async\" class=\"aligncenter wp-image-58024 size-full\" src=\"https:\/\/www.tressis.com\/wp-content\/uploads\/2022\/05\/mercado-energetico.png\" alt=\"\" width=\"450\" height=\"443\" srcset=\"https:\/\/www.tressis.com\/wp-content\/uploads\/2022\/05\/mercado-energetico.png 450w, https:\/\/www.tressis.com\/wp-content\/uploads\/2022\/05\/mercado-energetico-300x295.png 300w\" sizes=\"(max-width: 450px) 100vw, 450px\" \/><\/p>\n<p style=\"text-align: center;\">Fuente: Comisi\u00f3n Europea<\/p>\n<p>&nbsp;<\/p>\n<p>\u00a1A por el mi\u00e9rcoles!<\/p>\n<p><center><strong>J\u00e9ssica Steuer Barbosa<\/strong><br \/>\nAnalista<\/center><\/p>\n","protected":false},"excerpt":{"rendered":"<p>Ayer conocimos en Europa el PIB del primer trimestre de 2022, que resultaba mejor de lo esperado al situarse en 0,3% (0,2% estimado), en tasa anual 5,1% (5,0% anterior y previsto). En EE.UU. se publicaron las cifras de ventas minoristas anticipadas del mes de abril que quedaban pr\u00e1cticamente en l\u00ednea con lo estimado (0,9% vs. [&hellip;]<\/p>\n","protected":false},"author":4,"featured_media":58025,"comment_status":"closed","ping_status":"open","sticky":false,"template":"","format":"standard","meta":{"_acf_changed":false,"footnotes":""},"categories":[9721],"tags":[508,692,3453,4151,4845],"class_list":["post-58023","post","type-post","status-publish","format-standard","has-post-thumbnail","hentry","category-morning-meeting","tag-bancos-centrales","tag-bono-a-diez-anos","tag-inflacion","tag-mercado-deuda","tag-petroleo"],"acf":[],"yoast_head":"<!-- This site is optimized with the Yoast SEO plugin v27.4 - https:\/\/yoast.com\/product\/yoast-seo-wordpress\/ -->\n<title>Principal objetivo: reducir la inflaci\u00f3n<\/title>\n<meta name=\"description\" content=\"Los inversores est\u00e1n cada vez m\u00e1s expectantes sobre el devenir de la econom\u00eda mundial y eso se traslada al nerviosismo que estamos observando los \u00faltimos d\u00edas en los mercados. El debate est\u00e1 servido, los inversores tratan de conseguir alguna pista de lo que har\u00e1n los bancos centrales en relaci\u00f3n con la inflaci\u00f3n y el crecimiento.\" \/>\n<meta name=\"robots\" content=\"index, follow, max-snippet:-1, max-image-preview:large, max-video-preview:-1\" \/>\n<link rel=\"canonical\" href=\"https:\/\/www.tressis.com\/ca\/blog\/principal-objetivo-reducir-inflacion\/\" \/>\n<meta property=\"og:locale\" content=\"ca_ES\" \/>\n<meta property=\"og:type\" content=\"article\" \/>\n<meta property=\"og:title\" content=\"Principal objetivo: reducir la inflaci\u00f3n\" \/>\n<meta property=\"og:description\" content=\"Los inversores est\u00e1n cada vez m\u00e1s expectantes sobre el devenir de la econom\u00eda mundial y eso se traslada al nerviosismo que estamos observando los \u00faltimos d\u00edas en los mercados. El debate est\u00e1 servido, los inversores tratan de conseguir alguna pista de lo que har\u00e1n los bancos centrales en relaci\u00f3n con la inflaci\u00f3n y el crecimiento.\" \/>\n<meta property=\"og:url\" content=\"https:\/\/www.tressis.com\/ca\/blog\/principal-objetivo-reducir-inflacion\/\" \/>\n<meta property=\"og:site_name\" content=\"Tressis\" \/>\n<meta property=\"article:publisher\" content=\"https:\/\/www.facebook.com\/Tressis\/\" \/>\n<meta property=\"article:published_time\" content=\"2022-05-18T07:24:47+00:00\" \/>\n<meta property=\"article:modified_time\" content=\"2022-05-18T09:52:05+00:00\" \/>\n<meta property=\"og:image\" content=\"https:\/\/www.tressis.com\/wp-content\/uploads\/2022\/05\/reducir-inflacion.jpg\" \/>\n\t<meta property=\"og:image:width\" content=\"1100\" \/>\n\t<meta property=\"og:image:height\" content=\"487\" \/>\n\t<meta property=\"og:image:type\" content=\"image\/jpeg\" \/>\n<meta name=\"author\" content=\"Lola\" \/>\n<meta name=\"twitter:card\" content=\"summary_large_image\" \/>\n<meta name=\"twitter:creator\" content=\"@TressisSV\" \/>\n<meta name=\"twitter:site\" content=\"@TressisSV\" \/>\n<meta name=\"twitter:label1\" content=\"Escrit per\" \/>\n\t<meta name=\"twitter:data1\" content=\"Lola\" \/>\n\t<meta name=\"twitter:label2\" content=\"Temps estimat de lectura\" \/>\n\t<meta name=\"twitter:data2\" content=\"5 minuts\" \/>\n<script type=\"application\/ld+json\" class=\"yoast-schema-graph\">{\"@context\":\"https:\\\/\\\/schema.org\",\"@graph\":[{\"@type\":\"Article\",\"@id\":\"https:\\\/\\\/www.tressis.com\\\/ca\\\/blog\\\/principal-objetivo-reducir-inflacion\\\/#article\",\"isPartOf\":{\"@id\":\"https:\\\/\\\/www.tressis.com\\\/ca\\\/blog\\\/principal-objetivo-reducir-inflacion\\\/\"},\"author\":{\"name\":\"Lola\",\"@id\":\"https:\\\/\\\/www.tressis.com\\\/ca\\\/#\\\/schema\\\/person\\\/b833c1d724d8764920b6d6852c70584e\"},\"headline\":\"Principal objetivo: reducir la inflaci\u00f3n\",\"datePublished\":\"2022-05-18T07:24:47+00:00\",\"dateModified\":\"2022-05-18T09:52:05+00:00\",\"mainEntityOfPage\":{\"@id\":\"https:\\\/\\\/www.tressis.com\\\/ca\\\/blog\\\/principal-objetivo-reducir-inflacion\\\/\"},\"wordCount\":910,\"publisher\":{\"@id\":\"https:\\\/\\\/www.tressis.com\\\/ca\\\/#organization\"},\"image\":{\"@id\":\"https:\\\/\\\/www.tressis.com\\\/ca\\\/blog\\\/principal-objetivo-reducir-inflacion\\\/#primaryimage\"},\"thumbnailUrl\":\"https:\\\/\\\/www.tressis.com\\\/wp-content\\\/uploads\\\/2022\\\/05\\\/reducir-inflacion.jpg\",\"keywords\":[\"bancos centrales\",\"bono a diez a\u00f1os\",\"inflaci\u00f3n\",\"mercado deuda\",\"petr\u00f3leo\"],\"articleSection\":[\"Morning meeting\"],\"inLanguage\":\"ca\"},{\"@type\":\"WebPage\",\"@id\":\"https:\\\/\\\/www.tressis.com\\\/ca\\\/blog\\\/principal-objetivo-reducir-inflacion\\\/\",\"url\":\"https:\\\/\\\/www.tressis.com\\\/ca\\\/blog\\\/principal-objetivo-reducir-inflacion\\\/\",\"name\":\"Principal objetivo: reducir la inflaci\u00f3n\",\"isPartOf\":{\"@id\":\"https:\\\/\\\/www.tressis.com\\\/ca\\\/#website\"},\"primaryImageOfPage\":{\"@id\":\"https:\\\/\\\/www.tressis.com\\\/ca\\\/blog\\\/principal-objetivo-reducir-inflacion\\\/#primaryimage\"},\"image\":{\"@id\":\"https:\\\/\\\/www.tressis.com\\\/ca\\\/blog\\\/principal-objetivo-reducir-inflacion\\\/#primaryimage\"},\"thumbnailUrl\":\"https:\\\/\\\/www.tressis.com\\\/wp-content\\\/uploads\\\/2022\\\/05\\\/reducir-inflacion.jpg\",\"datePublished\":\"2022-05-18T07:24:47+00:00\",\"dateModified\":\"2022-05-18T09:52:05+00:00\",\"description\":\"Los inversores est\u00e1n cada vez m\u00e1s expectantes sobre el devenir de la econom\u00eda mundial y eso se traslada al nerviosismo que estamos observando los \u00faltimos d\u00edas en los mercados. El debate est\u00e1 servido, los inversores tratan de conseguir alguna pista de lo que har\u00e1n los bancos centrales en relaci\u00f3n con la inflaci\u00f3n y el crecimiento.\",\"breadcrumb\":{\"@id\":\"https:\\\/\\\/www.tressis.com\\\/ca\\\/blog\\\/principal-objetivo-reducir-inflacion\\\/#breadcrumb\"},\"inLanguage\":\"ca\",\"potentialAction\":[{\"@type\":\"ReadAction\",\"target\":[\"https:\\\/\\\/www.tressis.com\\\/ca\\\/blog\\\/principal-objetivo-reducir-inflacion\\\/\"]}]},{\"@type\":\"ImageObject\",\"inLanguage\":\"ca\",\"@id\":\"https:\\\/\\\/www.tressis.com\\\/ca\\\/blog\\\/principal-objetivo-reducir-inflacion\\\/#primaryimage\",\"url\":\"https:\\\/\\\/www.tressis.com\\\/wp-content\\\/uploads\\\/2022\\\/05\\\/reducir-inflacion.jpg\",\"contentUrl\":\"https:\\\/\\\/www.tressis.com\\\/wp-content\\\/uploads\\\/2022\\\/05\\\/reducir-inflacion.jpg\",\"width\":1100,\"height\":487},{\"@type\":\"BreadcrumbList\",\"@id\":\"https:\\\/\\\/www.tressis.com\\\/ca\\\/blog\\\/principal-objetivo-reducir-inflacion\\\/#breadcrumb\",\"itemListElement\":[{\"@type\":\"ListItem\",\"position\":1,\"name\":\"Inicio\",\"item\":\"https:\\\/\\\/www.tressis.com\\\/ca\\\/\"},{\"@type\":\"ListItem\",\"position\":2,\"name\":\"Morning meeting\",\"item\":\"https:\\\/\\\/www.tressis.com\\\/ca\\\/blog\\\/categorias\\\/morning-meeting-ca\\\/\"},{\"@type\":\"ListItem\",\"position\":3,\"name\":\"Principal objetivo: reducir la inflaci\u00f3n\"}]},{\"@type\":\"WebSite\",\"@id\":\"https:\\\/\\\/www.tressis.com\\\/ca\\\/#website\",\"url\":\"https:\\\/\\\/www.tressis.com\\\/ca\\\/\",\"name\":\"Tressis banca privada\",\"description\":\"Tressis | Planificaci\u00f3n financiera y gesti\u00f3n de patrimonios\",\"publisher\":{\"@id\":\"https:\\\/\\\/www.tressis.com\\\/ca\\\/#organization\"},\"potentialAction\":[{\"@type\":\"SearchAction\",\"target\":{\"@type\":\"EntryPoint\",\"urlTemplate\":\"https:\\\/\\\/www.tressis.com\\\/ca\\\/?s={search_term_string}\"},\"query-input\":{\"@type\":\"PropertyValueSpecification\",\"valueRequired\":true,\"valueName\":\"search_term_string\"}}],\"inLanguage\":\"ca\"},{\"@type\":\"Organization\",\"@id\":\"https:\\\/\\\/www.tressis.com\\\/ca\\\/#organization\",\"name\":\"Tressis\",\"url\":\"https:\\\/\\\/www.tressis.com\\\/ca\\\/\",\"logo\":{\"@type\":\"ImageObject\",\"inLanguage\":\"ca\",\"@id\":\"https:\\\/\\\/www.tressis.com\\\/ca\\\/#\\\/schema\\\/logo\\\/image\\\/\",\"url\":\"https:\\\/\\\/www.tressis.com\\\/wp-content\\\/uploads\\\/2025\\\/06\\\/logo-tressis-112.png\",\"contentUrl\":\"https:\\\/\\\/www.tressis.com\\\/wp-content\\\/uploads\\\/2025\\\/06\\\/logo-tressis-112.png\",\"width\":112,\"height\":112,\"caption\":\"Tressis\"},\"image\":{\"@id\":\"https:\\\/\\\/www.tressis.com\\\/ca\\\/#\\\/schema\\\/logo\\\/image\\\/\"},\"sameAs\":[\"https:\\\/\\\/www.facebook.com\\\/Tressis\\\/\",\"https:\\\/\\\/x.com\\\/TressisSV\",\"https:\\\/\\\/www.instagram.com\\\/tressissv\\\/?hl=es\",\"https:\\\/\\\/linkedin.com\\\/company\\\/tressis\\\/\",\"https:\\\/\\\/www.youtube.com\\\/user\\\/tressissv\",\"https:\\\/\\\/open.spotify.com\\\/show\\\/3jmTe1Nf0wqMILl7diWV6h?si=d7112519f13c4593&nd=1\"]},{\"@type\":\"Person\",\"@id\":\"https:\\\/\\\/www.tressis.com\\\/ca\\\/#\\\/schema\\\/person\\\/b833c1d724d8764920b6d6852c70584e\",\"name\":\"Lola\",\"image\":{\"@type\":\"ImageObject\",\"inLanguage\":\"ca\",\"@id\":\"https:\\\/\\\/secure.gravatar.com\\\/avatar\\\/05e646486b23ff45df9649110609c7e31b8c4a3e2821caa23d6317f405e0c51d?s=96&d=mm&r=g\",\"url\":\"https:\\\/\\\/secure.gravatar.com\\\/avatar\\\/05e646486b23ff45df9649110609c7e31b8c4a3e2821caa23d6317f405e0c51d?s=96&d=mm&r=g\",\"contentUrl\":\"https:\\\/\\\/secure.gravatar.com\\\/avatar\\\/05e646486b23ff45df9649110609c7e31b8c4a3e2821caa23d6317f405e0c51d?s=96&d=mm&r=g\",\"caption\":\"Lola\"}}]}<\/script>\n<!-- \/ Yoast SEO plugin. -->","yoast_head_json":{"title":"Principal objetivo: reducir la inflaci\u00f3n","description":"Los inversores est\u00e1n cada vez m\u00e1s expectantes sobre el devenir de la econom\u00eda mundial y eso se traslada al nerviosismo que estamos observando los \u00faltimos d\u00edas en los mercados. El debate est\u00e1 servido, los inversores tratan de conseguir alguna pista de lo que har\u00e1n los bancos centrales en relaci\u00f3n con la inflaci\u00f3n y el crecimiento.","robots":{"index":"index","follow":"follow","max-snippet":"max-snippet:-1","max-image-preview":"max-image-preview:large","max-video-preview":"max-video-preview:-1"},"canonical":"https:\/\/www.tressis.com\/ca\/blog\/principal-objetivo-reducir-inflacion\/","og_locale":"ca_ES","og_type":"article","og_title":"Principal objetivo: reducir la inflaci\u00f3n","og_description":"Los inversores est\u00e1n cada vez m\u00e1s expectantes sobre el devenir de la econom\u00eda mundial y eso se traslada al nerviosismo que estamos observando los \u00faltimos d\u00edas en los mercados. El debate est\u00e1 servido, los inversores tratan de conseguir alguna pista de lo que har\u00e1n los bancos centrales en relaci\u00f3n con la inflaci\u00f3n y el crecimiento.","og_url":"https:\/\/www.tressis.com\/ca\/blog\/principal-objetivo-reducir-inflacion\/","og_site_name":"Tressis","article_publisher":"https:\/\/www.facebook.com\/Tressis\/","article_published_time":"2022-05-18T07:24:47+00:00","article_modified_time":"2022-05-18T09:52:05+00:00","og_image":[{"width":1100,"height":487,"url":"https:\/\/www.tressis.com\/wp-content\/uploads\/2022\/05\/reducir-inflacion.jpg","type":"image\/jpeg"}],"author":"Lola","twitter_card":"summary_large_image","twitter_creator":"@TressisSV","twitter_site":"@TressisSV","twitter_misc":{"Escrit per":"Lola","Temps estimat de lectura":"5 minuts"},"schema":{"@context":"https:\/\/schema.org","@graph":[{"@type":"Article","@id":"https:\/\/www.tressis.com\/ca\/blog\/principal-objetivo-reducir-inflacion\/#article","isPartOf":{"@id":"https:\/\/www.tressis.com\/ca\/blog\/principal-objetivo-reducir-inflacion\/"},"author":{"name":"Lola","@id":"https:\/\/www.tressis.com\/ca\/#\/schema\/person\/b833c1d724d8764920b6d6852c70584e"},"headline":"Principal objetivo: reducir la inflaci\u00f3n","datePublished":"2022-05-18T07:24:47+00:00","dateModified":"2022-05-18T09:52:05+00:00","mainEntityOfPage":{"@id":"https:\/\/www.tressis.com\/ca\/blog\/principal-objetivo-reducir-inflacion\/"},"wordCount":910,"publisher":{"@id":"https:\/\/www.tressis.com\/ca\/#organization"},"image":{"@id":"https:\/\/www.tressis.com\/ca\/blog\/principal-objetivo-reducir-inflacion\/#primaryimage"},"thumbnailUrl":"https:\/\/www.tressis.com\/wp-content\/uploads\/2022\/05\/reducir-inflacion.jpg","keywords":["bancos centrales","bono a diez a\u00f1os","inflaci\u00f3n","mercado deuda","petr\u00f3leo"],"articleSection":["Morning meeting"],"inLanguage":"ca"},{"@type":"WebPage","@id":"https:\/\/www.tressis.com\/ca\/blog\/principal-objetivo-reducir-inflacion\/","url":"https:\/\/www.tressis.com\/ca\/blog\/principal-objetivo-reducir-inflacion\/","name":"Principal objetivo: reducir la inflaci\u00f3n","isPartOf":{"@id":"https:\/\/www.tressis.com\/ca\/#website"},"primaryImageOfPage":{"@id":"https:\/\/www.tressis.com\/ca\/blog\/principal-objetivo-reducir-inflacion\/#primaryimage"},"image":{"@id":"https:\/\/www.tressis.com\/ca\/blog\/principal-objetivo-reducir-inflacion\/#primaryimage"},"thumbnailUrl":"https:\/\/www.tressis.com\/wp-content\/uploads\/2022\/05\/reducir-inflacion.jpg","datePublished":"2022-05-18T07:24:47+00:00","dateModified":"2022-05-18T09:52:05+00:00","description":"Los inversores est\u00e1n cada vez m\u00e1s expectantes sobre el devenir de la econom\u00eda mundial y eso se traslada al nerviosismo que estamos observando los \u00faltimos d\u00edas en los mercados. El debate est\u00e1 servido, los inversores tratan de conseguir alguna pista de lo que har\u00e1n los bancos centrales en relaci\u00f3n con la inflaci\u00f3n y el crecimiento.","breadcrumb":{"@id":"https:\/\/www.tressis.com\/ca\/blog\/principal-objetivo-reducir-inflacion\/#breadcrumb"},"inLanguage":"ca","potentialAction":[{"@type":"ReadAction","target":["https:\/\/www.tressis.com\/ca\/blog\/principal-objetivo-reducir-inflacion\/"]}]},{"@type":"ImageObject","inLanguage":"ca","@id":"https:\/\/www.tressis.com\/ca\/blog\/principal-objetivo-reducir-inflacion\/#primaryimage","url":"https:\/\/www.tressis.com\/wp-content\/uploads\/2022\/05\/reducir-inflacion.jpg","contentUrl":"https:\/\/www.tressis.com\/wp-content\/uploads\/2022\/05\/reducir-inflacion.jpg","width":1100,"height":487},{"@type":"BreadcrumbList","@id":"https:\/\/www.tressis.com\/ca\/blog\/principal-objetivo-reducir-inflacion\/#breadcrumb","itemListElement":[{"@type":"ListItem","position":1,"name":"Inicio","item":"https:\/\/www.tressis.com\/ca\/"},{"@type":"ListItem","position":2,"name":"Morning meeting","item":"https:\/\/www.tressis.com\/ca\/blog\/categorias\/morning-meeting-ca\/"},{"@type":"ListItem","position":3,"name":"Principal objetivo: reducir la inflaci\u00f3n"}]},{"@type":"WebSite","@id":"https:\/\/www.tressis.com\/ca\/#website","url":"https:\/\/www.tressis.com\/ca\/","name":"Tressis banca privada","description":"Tressis | Planificaci\u00f3n financiera y gesti\u00f3n de patrimonios","publisher":{"@id":"https:\/\/www.tressis.com\/ca\/#organization"},"potentialAction":[{"@type":"SearchAction","target":{"@type":"EntryPoint","urlTemplate":"https:\/\/www.tressis.com\/ca\/?s={search_term_string}"},"query-input":{"@type":"PropertyValueSpecification","valueRequired":true,"valueName":"search_term_string"}}],"inLanguage":"ca"},{"@type":"Organization","@id":"https:\/\/www.tressis.com\/ca\/#organization","name":"Tressis","url":"https:\/\/www.tressis.com\/ca\/","logo":{"@type":"ImageObject","inLanguage":"ca","@id":"https:\/\/www.tressis.com\/ca\/#\/schema\/logo\/image\/","url":"https:\/\/www.tressis.com\/wp-content\/uploads\/2025\/06\/logo-tressis-112.png","contentUrl":"https:\/\/www.tressis.com\/wp-content\/uploads\/2025\/06\/logo-tressis-112.png","width":112,"height":112,"caption":"Tressis"},"image":{"@id":"https:\/\/www.tressis.com\/ca\/#\/schema\/logo\/image\/"},"sameAs":["https:\/\/www.facebook.com\/Tressis\/","https:\/\/x.com\/TressisSV","https:\/\/www.instagram.com\/tressissv\/?hl=es","https:\/\/linkedin.com\/company\/tressis\/","https:\/\/www.youtube.com\/user\/tressissv","https:\/\/open.spotify.com\/show\/3jmTe1Nf0wqMILl7diWV6h?si=d7112519f13c4593&nd=1"]},{"@type":"Person","@id":"https:\/\/www.tressis.com\/ca\/#\/schema\/person\/b833c1d724d8764920b6d6852c70584e","name":"Lola","image":{"@type":"ImageObject","inLanguage":"ca","@id":"https:\/\/secure.gravatar.com\/avatar\/05e646486b23ff45df9649110609c7e31b8c4a3e2821caa23d6317f405e0c51d?s=96&d=mm&r=g","url":"https:\/\/secure.gravatar.com\/avatar\/05e646486b23ff45df9649110609c7e31b8c4a3e2821caa23d6317f405e0c51d?s=96&d=mm&r=g","contentUrl":"https:\/\/secure.gravatar.com\/avatar\/05e646486b23ff45df9649110609c7e31b8c4a3e2821caa23d6317f405e0c51d?s=96&d=mm&r=g","caption":"Lola"}}]}},"_links":{"self":[{"href":"https:\/\/www.tressis.com\/ca\/wp-json\/wp\/v2\/posts\/58023","targetHints":{"allow":["GET"]}}],"collection":[{"href":"https:\/\/www.tressis.com\/ca\/wp-json\/wp\/v2\/posts"}],"about":[{"href":"https:\/\/www.tressis.com\/ca\/wp-json\/wp\/v2\/types\/post"}],"author":[{"embeddable":true,"href":"https:\/\/www.tressis.com\/ca\/wp-json\/wp\/v2\/users\/4"}],"replies":[{"embeddable":true,"href":"https:\/\/www.tressis.com\/ca\/wp-json\/wp\/v2\/comments?post=58023"}],"version-history":[{"count":0,"href":"https:\/\/www.tressis.com\/ca\/wp-json\/wp\/v2\/posts\/58023\/revisions"}],"wp:featuredmedia":[{"embeddable":true,"href":"https:\/\/www.tressis.com\/ca\/wp-json\/wp\/v2\/media\/58025"}],"wp:attachment":[{"href":"https:\/\/www.tressis.com\/ca\/wp-json\/wp\/v2\/media?parent=58023"}],"wp:term":[{"taxonomy":"category","embeddable":true,"href":"https:\/\/www.tressis.com\/ca\/wp-json\/wp\/v2\/categories?post=58023"},{"taxonomy":"post_tag","embeddable":true,"href":"https:\/\/www.tressis.com\/ca\/wp-json\/wp\/v2\/tags?post=58023"}],"curies":[{"name":"wp","href":"https:\/\/api.w.org\/{rel}","templated":true}]}}