{"id":57255,"date":"2022-04-20T09:42:07","date_gmt":"2022-04-20T07:42:07","guid":{"rendered":"https:\/\/www.tressis.com\/?p=57255"},"modified":"2022-04-20T09:42:07","modified_gmt":"2022-04-20T07:42:07","slug":"toma-beneficios-ayer-europa","status":"publish","type":"post","link":"https:\/\/www.tressis.com\/ca\/blog\/toma-beneficios-ayer-europa\/","title":{"rendered":"Toma de beneficios ayer en Europa"},"content":{"rendered":"<p>Tomas de beneficio ayer en Europa. Las ca\u00eddas en la sesi\u00f3n oscilaron entre el -0,83% del Cac 40 y el -0,06% del IBEX 35, pasando por un -0,47% del Eurostoxx 50 y -0,07% el Dax. Tono diferente en las bolsas estadounidenses, el S&amp;P 500 sum\u00f3 un +1,61% hasta los 4.462 puntos, el Dow Jones se anotaba un 1,45% hasta los 34.911 puntos y el Nasdaq ganaba +2,15 alcanzando los 13.619 puntos. La atenci\u00f3n de los inversores se centra en los resultados empresariales, m\u00e1s en las previsiones futuras que los gestores comuniquen al mercado que en los resultados pasados.<\/p>\n<p>&nbsp;<\/p>\n<p>Las ventas continuaron en los mercados de renta fija en la zona euro y EE.UU., lo que llev\u00f3 a un fuerte repunte de las rentabilidades. El 10 a\u00f1os americano subi\u00f3 9,1 p.b. para situarse en 2,94%, niveles no vistos desde 2018 (empez\u00f3 el a\u00f1o al 1,63%). La rentabilidad del bono alem\u00e1n subi\u00f3 6,9 p.b. hasta el 0,906%, el bono espa\u00f1ol se encuentra a niveles de 1,84% y el bono franc\u00e9s al 1,377%. Los bonos a m\u00e1s largo plazo tambi\u00e9n repuntaron: el bono a 30 a\u00f1os americano lleg\u00f3 a tocar el 3,01% (niveles de 2019). Por su parte, el euro-d\u00f3lar marca nuevos m\u00ednimos del a\u00f1o en la zona del 1,0761, aunque finalmente cerr\u00f3 a 1,0788.<\/p>\n<p>&nbsp;<\/p>\n<p>En el mercado de materias primas, el cereal toca niveles r\u00e9cord por la falta de siembra esta campa\u00f1a en Ucrania y, adem\u00e1s, el ma\u00edz rompe m\u00e1ximos de 10 a\u00f1os por el clima desfavorable para los cultivos en EE.UU. El precio del petr\u00f3leo retrocedi\u00f3 un 5% debido a la preocupaci\u00f3n por la demanda despu\u00e9s de que el Fondo Monetario Internacional (FMI) redujera sus previsiones de crecimiento econ\u00f3mico y advirtiera de un aumento de la inflaci\u00f3n. El crudo Brent baj\u00f3 un 5,22% a 107,25 d\u00f3lares el barril, mientras que el crudo estadounidense West Texas cay\u00f3 un 5,22% a 102,56 d\u00f3lares.<\/p>\n<p>&nbsp;<\/p>\n<p>El Banco Mundial redujo el lunes su previsi\u00f3n de crecimiento global al 3,2% en 2022 desde una predicci\u00f3n de enero de 4.1% debido a la invasi\u00f3n de Ucrania por parte de Rusia. Ayer le tocaba el turno a el Fondo Monetario Internacional, que tambi\u00e9n baj\u00f3 las estimaciones de crecimiento mundial al 3,6% para 2022. El organismo estima que la zona euro ser\u00e1 la regi\u00f3n econ\u00f3micamente m\u00e1s perjudicada por el conflicto. El FMI anticipa un crecimiento del 2,8% en 2022 contra la anterior previsi\u00f3n del 3,9%, mientras ha recortado su estimaci\u00f3n para 2023 al 2,3% desde el 2,5%. Adem\u00e1s del conflicto de Rusia y Ucrania ahora se suma la pol\u00edtica del Gobierno chino \u201ccovid-cero\u201d, aplicando confinamientos en ciudades tan importantes como Shanghai, uno de los centros industriales m\u00e1s relevantes del pa\u00eds, lo que implica que el comercio mundial se est\u00e1 resintiendo con los puertos de China saturados de contenedores. Ambos acontecimientos <strong>pueden contribuir al mantenimiento de las presiones inflacionistas durante buena parte de 2022<\/strong>.<\/p>\n<p>&nbsp;<\/p>\n<div style=\"text-align: center;\"><img fetchpriority=\"high\" decoding=\"async\" class=\"aligncenter wp-image-56425 size-full\" src=\"https:\/\/www.tressis.com\/wp-content\/uploads\/2022\/04\/Tomas-de-beneficio-ayer-en-Europa.png\" alt=\"\" width=\"495\" height=\"846\" \/><\/div>\n<p>&nbsp;<\/p>\n<p>En cuanto a datos macroecon\u00f3micos, ayer se conocieron en EE.UU. los permisos de construcci\u00f3n: 1,87 millones vs. 1,82 millones del consenso y las construcciones iniciales: 1,793 millones vs. 1,740 millones. Hoy se publican en Alemania el \u00cdndice de Precios del Productor (IPP); en la zona euro: la producci\u00f3n industrial y la balanza comercial y en Estados Unidos: las ventas de vivienda de segunda mano y el Libro Beige de la Fed que nos ofrecer\u00e1 una situaci\u00f3n actualizada de la econom\u00eda estadounidense. El jueves toca el turno al IPC y la confianza del consumidor en la zona euro. Adem\u00e1s, tendremos declaraciones de Powell, presidente de la Fed y Lagarde, presidenta del BCE. Finalmente, cerramos el viernes con los \u00edndices adelantados de los gestores de compras de los sectores manufactureros y de servicios, los PMI de abril tanto de la eurozona como de Alemania y Francia. Tambi\u00e9n de el Reino Unido y EE.UU.<\/p>\n<p>&nbsp;<\/p>\n<p>\u00a1Feliz mi\u00e9rcoles!<\/p>\n<p><center><strong>J\u00e9ssica Steuer Barbosa<\/strong><br \/>\nAnalista<\/center><\/p>\n","protected":false},"excerpt":{"rendered":"<p>Tomas de beneficio ayer en Europa. Las ca\u00eddas en la sesi\u00f3n oscilaron entre el -0,83% del Cac 40 y el -0,06% del IBEX 35, pasando por un -0,47% del Eurostoxx 50 y -0,07% el Dax. Tono diferente en las bolsas estadounidenses, el S&amp;P 500 sum\u00f3 un +1,61% hasta los 4.462 puntos, el Dow Jones se [&hellip;]<\/p>\n","protected":false},"author":9,"featured_media":57269,"comment_status":"closed","ping_status":"open","sticky":false,"template":"","format":"standard","meta":{"_acf_changed":false,"footnotes":""},"categories":[9721],"tags":[1531,2126,2556,2574,2790,4392,5978],"class_list":["post-57255","post","type-post","status-publish","format-standard","has-post-thumbnail","hentry","category-morning-meeting","tag-crecimiento","tag-dow-jones","tag-europa","tag-eurostoxx","tag-fmi","tag-nasdaq","tag-sp"],"acf":[],"yoast_head":"<!-- This site is optimized with the Yoast SEO plugin v27.4 - https:\/\/yoast.com\/product\/yoast-seo-wordpress\/ -->\n<title>Toma de beneficios ayer en Europa<\/title>\n<meta name=\"description\" content=\"Las ventas continuaron en los mercados de renta fija en la Zona Euro y EE.UU., lo que llev\u00f3 a un fuerte repunte de las rentabilidades.\" \/>\n<meta name=\"robots\" content=\"index, follow, max-snippet:-1, max-image-preview:large, max-video-preview:-1\" \/>\n<link rel=\"canonical\" href=\"https:\/\/www.tressis.com\/ca\/blog\/toma-beneficios-ayer-europa\/\" \/>\n<meta property=\"og:locale\" content=\"ca_ES\" \/>\n<meta property=\"og:type\" content=\"article\" \/>\n<meta property=\"og:title\" content=\"Toma de beneficios ayer en Europa\" \/>\n<meta property=\"og:description\" content=\"Las ventas continuaron en los mercados de renta fija en la Zona Euro y EE.UU., lo que llev\u00f3 a un fuerte repunte de las rentabilidades.\" \/>\n<meta property=\"og:url\" content=\"https:\/\/www.tressis.com\/ca\/blog\/toma-beneficios-ayer-europa\/\" \/>\n<meta property=\"og:site_name\" content=\"Tressis\" \/>\n<meta property=\"article:publisher\" content=\"https:\/\/www.facebook.com\/Tressis\/\" \/>\n<meta property=\"article:published_time\" content=\"2022-04-20T07:42:07+00:00\" \/>\n<meta property=\"og:image\" content=\"https:\/\/www.tressis.com\/wp-content\/uploads\/2022\/04\/tomas_de_beneficio_ayer_en_europa.jpg\" \/>\n\t<meta property=\"og:image:width\" content=\"1100\" \/>\n\t<meta property=\"og:image:height\" content=\"487\" \/>\n\t<meta property=\"og:image:type\" content=\"image\/jpeg\" \/>\n<meta name=\"author\" content=\"Armando\" \/>\n<meta name=\"twitter:card\" content=\"summary_large_image\" \/>\n<meta name=\"twitter:creator\" content=\"@TressisSV\" \/>\n<meta name=\"twitter:site\" content=\"@TressisSV\" \/>\n<meta name=\"twitter:label1\" content=\"Escrit per\" \/>\n\t<meta name=\"twitter:data1\" content=\"Armando\" \/>\n\t<meta name=\"twitter:label2\" content=\"Temps estimat de lectura\" \/>\n\t<meta name=\"twitter:data2\" content=\"4 minuts\" \/>\n<script type=\"application\/ld+json\" class=\"yoast-schema-graph\">{\"@context\":\"https:\\\/\\\/schema.org\",\"@graph\":[{\"@type\":\"Article\",\"@id\":\"https:\\\/\\\/www.tressis.com\\\/ca\\\/blog\\\/toma-beneficios-ayer-europa\\\/#article\",\"isPartOf\":{\"@id\":\"https:\\\/\\\/www.tressis.com\\\/ca\\\/blog\\\/toma-beneficios-ayer-europa\\\/\"},\"author\":{\"name\":\"Armando\",\"@id\":\"https:\\\/\\\/www.tressis.com\\\/ca\\\/#\\\/schema\\\/person\\\/56d3b4de0493f088a4ca62a2e0c790ae\"},\"headline\":\"Toma de beneficios ayer en Europa\",\"datePublished\":\"2022-04-20T07:42:07+00:00\",\"mainEntityOfPage\":{\"@id\":\"https:\\\/\\\/www.tressis.com\\\/ca\\\/blog\\\/toma-beneficios-ayer-europa\\\/\"},\"wordCount\":654,\"publisher\":{\"@id\":\"https:\\\/\\\/www.tressis.com\\\/ca\\\/#organization\"},\"image\":{\"@id\":\"https:\\\/\\\/www.tressis.com\\\/ca\\\/blog\\\/toma-beneficios-ayer-europa\\\/#primaryimage\"},\"thumbnailUrl\":\"https:\\\/\\\/www.tressis.com\\\/wp-content\\\/uploads\\\/2022\\\/04\\\/tomas_de_beneficio_ayer_en_europa.jpg\",\"keywords\":[\"crecimiento\",\"Dow Jones\",\"Europa\",\"eurostoxx\",\"FMI\",\"Nasdaq\",\"S&amp;P\"],\"articleSection\":[\"Morning meeting\"],\"inLanguage\":\"ca\"},{\"@type\":\"WebPage\",\"@id\":\"https:\\\/\\\/www.tressis.com\\\/ca\\\/blog\\\/toma-beneficios-ayer-europa\\\/\",\"url\":\"https:\\\/\\\/www.tressis.com\\\/ca\\\/blog\\\/toma-beneficios-ayer-europa\\\/\",\"name\":\"Toma de beneficios ayer en Europa\",\"isPartOf\":{\"@id\":\"https:\\\/\\\/www.tressis.com\\\/ca\\\/#website\"},\"primaryImageOfPage\":{\"@id\":\"https:\\\/\\\/www.tressis.com\\\/ca\\\/blog\\\/toma-beneficios-ayer-europa\\\/#primaryimage\"},\"image\":{\"@id\":\"https:\\\/\\\/www.tressis.com\\\/ca\\\/blog\\\/toma-beneficios-ayer-europa\\\/#primaryimage\"},\"thumbnailUrl\":\"https:\\\/\\\/www.tressis.com\\\/wp-content\\\/uploads\\\/2022\\\/04\\\/tomas_de_beneficio_ayer_en_europa.jpg\",\"datePublished\":\"2022-04-20T07:42:07+00:00\",\"description\":\"Las ventas continuaron en los mercados de renta fija en la Zona Euro y EE.UU., lo que llev\u00f3 a un fuerte repunte de las rentabilidades.\",\"breadcrumb\":{\"@id\":\"https:\\\/\\\/www.tressis.com\\\/ca\\\/blog\\\/toma-beneficios-ayer-europa\\\/#breadcrumb\"},\"inLanguage\":\"ca\",\"potentialAction\":[{\"@type\":\"ReadAction\",\"target\":[\"https:\\\/\\\/www.tressis.com\\\/ca\\\/blog\\\/toma-beneficios-ayer-europa\\\/\"]}]},{\"@type\":\"ImageObject\",\"inLanguage\":\"ca\",\"@id\":\"https:\\\/\\\/www.tressis.com\\\/ca\\\/blog\\\/toma-beneficios-ayer-europa\\\/#primaryimage\",\"url\":\"https:\\\/\\\/www.tressis.com\\\/wp-content\\\/uploads\\\/2022\\\/04\\\/tomas_de_beneficio_ayer_en_europa.jpg\",\"contentUrl\":\"https:\\\/\\\/www.tressis.com\\\/wp-content\\\/uploads\\\/2022\\\/04\\\/tomas_de_beneficio_ayer_en_europa.jpg\",\"width\":1100,\"height\":487},{\"@type\":\"BreadcrumbList\",\"@id\":\"https:\\\/\\\/www.tressis.com\\\/ca\\\/blog\\\/toma-beneficios-ayer-europa\\\/#breadcrumb\",\"itemListElement\":[{\"@type\":\"ListItem\",\"position\":1,\"name\":\"Inicio\",\"item\":\"https:\\\/\\\/www.tressis.com\\\/ca\\\/\"},{\"@type\":\"ListItem\",\"position\":2,\"name\":\"Morning meeting\",\"item\":\"https:\\\/\\\/www.tressis.com\\\/ca\\\/blog\\\/categorias\\\/morning-meeting-ca\\\/\"},{\"@type\":\"ListItem\",\"position\":3,\"name\":\"Toma de beneficios ayer en Europa\"}]},{\"@type\":\"WebSite\",\"@id\":\"https:\\\/\\\/www.tressis.com\\\/ca\\\/#website\",\"url\":\"https:\\\/\\\/www.tressis.com\\\/ca\\\/\",\"name\":\"Tressis banca privada\",\"description\":\"Tressis | Planificaci\u00f3n financiera y gesti\u00f3n de patrimonios\",\"publisher\":{\"@id\":\"https:\\\/\\\/www.tressis.com\\\/ca\\\/#organization\"},\"potentialAction\":[{\"@type\":\"SearchAction\",\"target\":{\"@type\":\"EntryPoint\",\"urlTemplate\":\"https:\\\/\\\/www.tressis.com\\\/ca\\\/?s={search_term_string}\"},\"query-input\":{\"@type\":\"PropertyValueSpecification\",\"valueRequired\":true,\"valueName\":\"search_term_string\"}}],\"inLanguage\":\"ca\"},{\"@type\":\"Organization\",\"@id\":\"https:\\\/\\\/www.tressis.com\\\/ca\\\/#organization\",\"name\":\"Tressis\",\"url\":\"https:\\\/\\\/www.tressis.com\\\/ca\\\/\",\"logo\":{\"@type\":\"ImageObject\",\"inLanguage\":\"ca\",\"@id\":\"https:\\\/\\\/www.tressis.com\\\/ca\\\/#\\\/schema\\\/logo\\\/image\\\/\",\"url\":\"https:\\\/\\\/www.tressis.com\\\/wp-content\\\/uploads\\\/2025\\\/06\\\/logo-tressis-112.png\",\"contentUrl\":\"https:\\\/\\\/www.tressis.com\\\/wp-content\\\/uploads\\\/2025\\\/06\\\/logo-tressis-112.png\",\"width\":112,\"height\":112,\"caption\":\"Tressis\"},\"image\":{\"@id\":\"https:\\\/\\\/www.tressis.com\\\/ca\\\/#\\\/schema\\\/logo\\\/image\\\/\"},\"sameAs\":[\"https:\\\/\\\/www.facebook.com\\\/Tressis\\\/\",\"https:\\\/\\\/x.com\\\/TressisSV\",\"https:\\\/\\\/www.instagram.com\\\/tressissv\\\/?hl=es\",\"https:\\\/\\\/linkedin.com\\\/company\\\/tressis\\\/\",\"https:\\\/\\\/www.youtube.com\\\/user\\\/tressissv\",\"https:\\\/\\\/open.spotify.com\\\/show\\\/3jmTe1Nf0wqMILl7diWV6h?si=d7112519f13c4593&nd=1\"]},{\"@type\":\"Person\",\"@id\":\"https:\\\/\\\/www.tressis.com\\\/ca\\\/#\\\/schema\\\/person\\\/56d3b4de0493f088a4ca62a2e0c790ae\",\"name\":\"Armando\",\"image\":{\"@type\":\"ImageObject\",\"inLanguage\":\"ca\",\"@id\":\"https:\\\/\\\/secure.gravatar.com\\\/avatar\\\/6d7efca74644be7dae792b122beab663996c233ae58f101b52769ece1cbf1435?s=96&d=mm&r=g\",\"url\":\"https:\\\/\\\/secure.gravatar.com\\\/avatar\\\/6d7efca74644be7dae792b122beab663996c233ae58f101b52769ece1cbf1435?s=96&d=mm&r=g\",\"contentUrl\":\"https:\\\/\\\/secure.gravatar.com\\\/avatar\\\/6d7efca74644be7dae792b122beab663996c233ae58f101b52769ece1cbf1435?s=96&d=mm&r=g\",\"caption\":\"Armando\"}}]}<\/script>\n<!-- \/ Yoast SEO plugin. -->","yoast_head_json":{"title":"Toma de beneficios ayer en Europa","description":"Las ventas continuaron en los mercados de renta fija en la Zona Euro y EE.UU., lo que llev\u00f3 a un fuerte repunte de las rentabilidades.","robots":{"index":"index","follow":"follow","max-snippet":"max-snippet:-1","max-image-preview":"max-image-preview:large","max-video-preview":"max-video-preview:-1"},"canonical":"https:\/\/www.tressis.com\/ca\/blog\/toma-beneficios-ayer-europa\/","og_locale":"ca_ES","og_type":"article","og_title":"Toma de beneficios ayer en Europa","og_description":"Las ventas continuaron en los mercados de renta fija en la Zona Euro y EE.UU., lo que llev\u00f3 a un fuerte repunte de las rentabilidades.","og_url":"https:\/\/www.tressis.com\/ca\/blog\/toma-beneficios-ayer-europa\/","og_site_name":"Tressis","article_publisher":"https:\/\/www.facebook.com\/Tressis\/","article_published_time":"2022-04-20T07:42:07+00:00","og_image":[{"width":1100,"height":487,"url":"https:\/\/www.tressis.com\/wp-content\/uploads\/2022\/04\/tomas_de_beneficio_ayer_en_europa.jpg","type":"image\/jpeg"}],"author":"Armando","twitter_card":"summary_large_image","twitter_creator":"@TressisSV","twitter_site":"@TressisSV","twitter_misc":{"Escrit per":"Armando","Temps estimat de lectura":"4 minuts"},"schema":{"@context":"https:\/\/schema.org","@graph":[{"@type":"Article","@id":"https:\/\/www.tressis.com\/ca\/blog\/toma-beneficios-ayer-europa\/#article","isPartOf":{"@id":"https:\/\/www.tressis.com\/ca\/blog\/toma-beneficios-ayer-europa\/"},"author":{"name":"Armando","@id":"https:\/\/www.tressis.com\/ca\/#\/schema\/person\/56d3b4de0493f088a4ca62a2e0c790ae"},"headline":"Toma de beneficios ayer en Europa","datePublished":"2022-04-20T07:42:07+00:00","mainEntityOfPage":{"@id":"https:\/\/www.tressis.com\/ca\/blog\/toma-beneficios-ayer-europa\/"},"wordCount":654,"publisher":{"@id":"https:\/\/www.tressis.com\/ca\/#organization"},"image":{"@id":"https:\/\/www.tressis.com\/ca\/blog\/toma-beneficios-ayer-europa\/#primaryimage"},"thumbnailUrl":"https:\/\/www.tressis.com\/wp-content\/uploads\/2022\/04\/tomas_de_beneficio_ayer_en_europa.jpg","keywords":["crecimiento","Dow Jones","Europa","eurostoxx","FMI","Nasdaq","S&amp;P"],"articleSection":["Morning meeting"],"inLanguage":"ca"},{"@type":"WebPage","@id":"https:\/\/www.tressis.com\/ca\/blog\/toma-beneficios-ayer-europa\/","url":"https:\/\/www.tressis.com\/ca\/blog\/toma-beneficios-ayer-europa\/","name":"Toma de beneficios ayer en Europa","isPartOf":{"@id":"https:\/\/www.tressis.com\/ca\/#website"},"primaryImageOfPage":{"@id":"https:\/\/www.tressis.com\/ca\/blog\/toma-beneficios-ayer-europa\/#primaryimage"},"image":{"@id":"https:\/\/www.tressis.com\/ca\/blog\/toma-beneficios-ayer-europa\/#primaryimage"},"thumbnailUrl":"https:\/\/www.tressis.com\/wp-content\/uploads\/2022\/04\/tomas_de_beneficio_ayer_en_europa.jpg","datePublished":"2022-04-20T07:42:07+00:00","description":"Las ventas continuaron en los mercados de renta fija en la Zona Euro y EE.UU., lo que llev\u00f3 a un fuerte repunte de las rentabilidades.","breadcrumb":{"@id":"https:\/\/www.tressis.com\/ca\/blog\/toma-beneficios-ayer-europa\/#breadcrumb"},"inLanguage":"ca","potentialAction":[{"@type":"ReadAction","target":["https:\/\/www.tressis.com\/ca\/blog\/toma-beneficios-ayer-europa\/"]}]},{"@type":"ImageObject","inLanguage":"ca","@id":"https:\/\/www.tressis.com\/ca\/blog\/toma-beneficios-ayer-europa\/#primaryimage","url":"https:\/\/www.tressis.com\/wp-content\/uploads\/2022\/04\/tomas_de_beneficio_ayer_en_europa.jpg","contentUrl":"https:\/\/www.tressis.com\/wp-content\/uploads\/2022\/04\/tomas_de_beneficio_ayer_en_europa.jpg","width":1100,"height":487},{"@type":"BreadcrumbList","@id":"https:\/\/www.tressis.com\/ca\/blog\/toma-beneficios-ayer-europa\/#breadcrumb","itemListElement":[{"@type":"ListItem","position":1,"name":"Inicio","item":"https:\/\/www.tressis.com\/ca\/"},{"@type":"ListItem","position":2,"name":"Morning meeting","item":"https:\/\/www.tressis.com\/ca\/blog\/categorias\/morning-meeting-ca\/"},{"@type":"ListItem","position":3,"name":"Toma de beneficios ayer en Europa"}]},{"@type":"WebSite","@id":"https:\/\/www.tressis.com\/ca\/#website","url":"https:\/\/www.tressis.com\/ca\/","name":"Tressis banca privada","description":"Tressis | Planificaci\u00f3n financiera y gesti\u00f3n de patrimonios","publisher":{"@id":"https:\/\/www.tressis.com\/ca\/#organization"},"potentialAction":[{"@type":"SearchAction","target":{"@type":"EntryPoint","urlTemplate":"https:\/\/www.tressis.com\/ca\/?s={search_term_string}"},"query-input":{"@type":"PropertyValueSpecification","valueRequired":true,"valueName":"search_term_string"}}],"inLanguage":"ca"},{"@type":"Organization","@id":"https:\/\/www.tressis.com\/ca\/#organization","name":"Tressis","url":"https:\/\/www.tressis.com\/ca\/","logo":{"@type":"ImageObject","inLanguage":"ca","@id":"https:\/\/www.tressis.com\/ca\/#\/schema\/logo\/image\/","url":"https:\/\/www.tressis.com\/wp-content\/uploads\/2025\/06\/logo-tressis-112.png","contentUrl":"https:\/\/www.tressis.com\/wp-content\/uploads\/2025\/06\/logo-tressis-112.png","width":112,"height":112,"caption":"Tressis"},"image":{"@id":"https:\/\/www.tressis.com\/ca\/#\/schema\/logo\/image\/"},"sameAs":["https:\/\/www.facebook.com\/Tressis\/","https:\/\/x.com\/TressisSV","https:\/\/www.instagram.com\/tressissv\/?hl=es","https:\/\/linkedin.com\/company\/tressis\/","https:\/\/www.youtube.com\/user\/tressissv","https:\/\/open.spotify.com\/show\/3jmTe1Nf0wqMILl7diWV6h?si=d7112519f13c4593&nd=1"]},{"@type":"Person","@id":"https:\/\/www.tressis.com\/ca\/#\/schema\/person\/56d3b4de0493f088a4ca62a2e0c790ae","name":"Armando","image":{"@type":"ImageObject","inLanguage":"ca","@id":"https:\/\/secure.gravatar.com\/avatar\/6d7efca74644be7dae792b122beab663996c233ae58f101b52769ece1cbf1435?s=96&d=mm&r=g","url":"https:\/\/secure.gravatar.com\/avatar\/6d7efca74644be7dae792b122beab663996c233ae58f101b52769ece1cbf1435?s=96&d=mm&r=g","contentUrl":"https:\/\/secure.gravatar.com\/avatar\/6d7efca74644be7dae792b122beab663996c233ae58f101b52769ece1cbf1435?s=96&d=mm&r=g","caption":"Armando"}}]}},"_links":{"self":[{"href":"https:\/\/www.tressis.com\/ca\/wp-json\/wp\/v2\/posts\/57255","targetHints":{"allow":["GET"]}}],"collection":[{"href":"https:\/\/www.tressis.com\/ca\/wp-json\/wp\/v2\/posts"}],"about":[{"href":"https:\/\/www.tressis.com\/ca\/wp-json\/wp\/v2\/types\/post"}],"author":[{"embeddable":true,"href":"https:\/\/www.tressis.com\/ca\/wp-json\/wp\/v2\/users\/9"}],"replies":[{"embeddable":true,"href":"https:\/\/www.tressis.com\/ca\/wp-json\/wp\/v2\/comments?post=57255"}],"version-history":[{"count":0,"href":"https:\/\/www.tressis.com\/ca\/wp-json\/wp\/v2\/posts\/57255\/revisions"}],"wp:featuredmedia":[{"embeddable":true,"href":"https:\/\/www.tressis.com\/ca\/wp-json\/wp\/v2\/media\/57269"}],"wp:attachment":[{"href":"https:\/\/www.tressis.com\/ca\/wp-json\/wp\/v2\/media?parent=57255"}],"wp:term":[{"taxonomy":"category","embeddable":true,"href":"https:\/\/www.tressis.com\/ca\/wp-json\/wp\/v2\/categories?post=57255"},{"taxonomy":"post_tag","embeddable":true,"href":"https:\/\/www.tressis.com\/ca\/wp-json\/wp\/v2\/tags?post=57255"}],"curies":[{"name":"wp","href":"https:\/\/api.w.org\/{rel}","templated":true}]}}