{"id":55933,"date":"2022-03-11T10:51:42","date_gmt":"2022-03-11T09:51:42","guid":{"rendered":"https:\/\/www.tressis.com\/?p=55933"},"modified":"2022-03-11T11:27:15","modified_gmt":"2022-03-11T10:27:15","slug":"reunion-extraordinaria-lideres-europeos","status":"publish","type":"post","link":"https:\/\/www.tressis.com\/ca\/blog\/reunion-extraordinaria-lideres-europeos\/","title":{"rendered":"Reuni\u00f3n extraordinaria de los l\u00edderes europeos en Versalles"},"content":{"rendered":"<p>Ayer el d\u00eda vino cargado de noticias. Como viene siendo habitual, Ucrania segu\u00eda acaparando las portadas y le rob\u00f3 el foco a Lagarde y al dato de inflaci\u00f3n americana del mes de febrero.<\/p>\n<p>&nbsp;<\/p>\n<p>No s\u00e9 qui\u00e9n podr\u00eda esperar una resoluci\u00f3n r\u00e1pida y consensuada del conflicto, lo normal es que veamos a\u00fan muchas conversaciones, muchas idas y venidas entre los dos pa\u00edses y varios pasos hacia atr\u00e1s hasta que de verdad se sienten a negociar con esp\u00edritu conciliador y ganas de paz. No s\u00e9 cu\u00e1l de las dos partes ten\u00eda m\u00e1s razones para levantarse ayer de la mesa, pero parece l\u00f3gico que ambas est\u00e1n jugando con mucha estrategia esta partida y no quieren dar por ahora la mano al rival. Y mientras, los ucranianos y los soldados rusos sufren las decisiones de sus dirigentes con sus propias vidas y el mundo teme que este conflicto acabe causando un problema muy grande de hambre porque se une a las sequ\u00edas de varios pa\u00edses productores de cereales y las malas cosechas de otros productores.<\/p>\n<p>&nbsp;<\/p>\n<p>Hoy tendremos reuni\u00f3n extraordinaria de los l\u00edderes europeos en Versalles, en la que se hablar\u00e1 de nuevas sanciones a Rusia, centr\u00e1ndose en especial en la energ\u00eda, pero ya sabemos que Alemania no est\u00e1 en condiciones de dejar de comprar el gas de Yamal.<\/p>\n<p>&nbsp;<\/p>\n<p>La otra noticia de la jornada en Europa era la reuni\u00f3n del BCE. La primera decisi\u00f3n ven\u00eda de la parte del programa de compra de activos, cuya retirada se va a acelerar. Recordemos que, en Estados Unidos, la Fed baj\u00f3 la ventanilla de su programa de bonos hace apenas dos d\u00edas y el de MBS termina hoy. En este caso el programa que desaparece es el PEPP y el que disminuye es el APP, as\u00ed que a\u00fan viviremos un mercado intervenido durante unos meses m\u00e1s. Los tipos, en cambio, no se tocar\u00e1n por ahora, siempre y cuando la incertidumbre lo permita. Este discurso ya lo hemos o\u00eddo otras veces desde 2012 y parece que nunca termina de ser el momento. Adem\u00e1s, tocaba revisar el cuadro macro y por tanto bajar las previsiones del PIB y aumentar las del IPC. Parece que este a\u00f1o lo cerraremos con una inflaci\u00f3n cercana al 5%, pero en 2023 y 2024 volveremos al objetivo del 2%.<\/p>\n<p>&nbsp;<\/p>\n<p>Ojal\u00e1 esas cifras sean ciertas, porque el dato de Estados Unidos de febrero de ayer dej\u00f3 a m\u00e1s de uno sin aliento al alcanzar cotas no vistas desde 1982. La inflaci\u00f3n se situaba cerca del 8% y, lo que es peor, el mes que viene podemos ver otro tir\u00f3n y situarnos cerca del 9% por la subida de los combustibles. Los alquileres tampoco dan mucha tregua a los ciudadanos de a pie y la comida empieza a reflejar la crisis de Ucrania incluso al otro lado del Atl\u00e1ntico.<\/p>\n<p>&nbsp;<\/p>\n<p>Y todo esto tuvo sus efectos en el mercado. Mientras los inversores en acciones parecen m\u00e1s preocupados por lo que sucede en Ucrania, los de los bonos est\u00e1n cada d\u00eda m\u00e1s pendientes de los bancos centrales. Los bonos europeos han visto c\u00f3mo sus precios retroced\u00edan, dando la oportunidad a los inversores de exigir rentabilidades que no ve\u00edamos desde la invasi\u00f3n del d\u00eda 24. El 10 a\u00f1os alem\u00e1n se encuentra en el 0,25 y el espa\u00f1ol en 1,25. En cambio, el americano se mueve tranquilo por debajo del 2%, ejerciendo un poco de refugio. Adem\u00e1s, ayer tuvimos una subasta de emisiones a 30 a\u00f1os del Tesoro americano que ten\u00eda muy buena acogida. 20.000 millones que les servir\u00e1 para financiar las ayudas aprobadas por el Senado para Ucrania.<\/p>\n<p>&nbsp;<\/p>\n<p>Por su parte, las acciones retroced\u00edan. Llevamos cuatro semanas muy negativas y de idas y venidas. Estados Unidos volv\u00eda a hacerlo mejor que Europa, pero el euro volv\u00eda a situarse por encima del 1,1 frente al d\u00f3lar. Por su parte, el oro se manten\u00eda estable cerca de los 2000 d\u00f3lares la onza y el Brent nos daba a todos un respiro al retroceder hasta los 111 d\u00f3lares el barril.<\/p>\n<p>&nbsp;<\/p>\n<p>Hoy no tendremos datos econ\u00f3micos de calado, por lo que todo depender\u00e1 de lo que suceda respecto a la guerra. Adem\u00e1s, recordemos que la semana que viene tendremos reuniones clave de varios bancos centrales muy importantes (Fed, BoE y BoJ) y que vencen los derivados trimestrales despu\u00e9s de unos meses muy movidos tanto en la renta variable como en la renta fija y, sobre todo, las materias primas, por lo que podremos empezar a ver rebalanceos y reposicionamientos de cara a la primavera.<\/p>\n<p>&nbsp;<\/p>\n<p>Buen fin de semana.<\/p>\n<p><center><strong>Jorge Gonz\u00e1lez G\u00f3mez<\/strong><br \/>\nDirector de An\u00e1lisis<\/center><\/p>\n","protected":false},"excerpt":{"rendered":"<p>Ayer el d\u00eda vino cargado de noticias. Como viene siendo habitual, Ucrania segu\u00eda acaparando las portadas y le rob\u00f3 el foco a Lagarde y al dato de inflaci\u00f3n americana del mes de febrero. &nbsp; No s\u00e9 qui\u00e9n podr\u00eda esperar una resoluci\u00f3n r\u00e1pida y consensuada del conflicto, lo normal es que veamos a\u00fan muchas conversaciones, muchas [&hellip;]<\/p>\n","protected":false},"author":9,"featured_media":55937,"comment_status":"closed","ping_status":"open","sticky":false,"template":"","format":"standard","meta":{"_acf_changed":false,"footnotes":""},"categories":[9721],"tags":[508,559,1373,8593,3858,4406,5969,6761],"class_list":["post-55933","post","type-post","status-publish","format-standard","has-post-thumbnail","hentry","category-morning-meeting","tag-bancos-centrales","tag-bce","tag-conflictos","tag-guerra","tag-lideres-europeos","tag-negociaciones","tag-rusia","tag-ucrania"],"acf":[],"yoast_head":"<!-- This site is optimized with the Yoast SEO plugin v27.4 - https:\/\/yoast.com\/product\/yoast-seo-wordpress\/ -->\n<title>Reuni\u00f3n extraordinaria de los l\u00edderes europeos en Versalles<\/title>\n<meta name=\"description\" content=\"Hoy tendremos reuni\u00f3n extraordinaria de los l\u00edderes europeos en Versalles, en la que se hablar\u00e1 de nuevas sanciones a Rusia, centr\u00e1ndose en especial en la energ\u00eda\" \/>\n<meta name=\"robots\" content=\"index, follow, max-snippet:-1, max-image-preview:large, max-video-preview:-1\" \/>\n<link rel=\"canonical\" href=\"https:\/\/www.tressis.com\/ca\/blog\/reunion-extraordinaria-lideres-europeos\/\" \/>\n<meta property=\"og:locale\" content=\"ca_ES\" \/>\n<meta property=\"og:type\" content=\"article\" \/>\n<meta property=\"og:title\" content=\"Reuni\u00f3n extraordinaria de los l\u00edderes europeos en Versalles\" \/>\n<meta property=\"og:description\" content=\"Hoy tendremos reuni\u00f3n extraordinaria de los l\u00edderes europeos en Versalles, en la que se hablar\u00e1 de nuevas sanciones a Rusia, centr\u00e1ndose en especial en la energ\u00eda\" \/>\n<meta property=\"og:url\" content=\"https:\/\/www.tressis.com\/ca\/blog\/reunion-extraordinaria-lideres-europeos\/\" \/>\n<meta property=\"og:site_name\" content=\"Tressis\" \/>\n<meta property=\"article:publisher\" content=\"https:\/\/www.facebook.com\/Tressis\/\" \/>\n<meta property=\"article:published_time\" content=\"2022-03-11T09:51:42+00:00\" \/>\n<meta property=\"article:modified_time\" content=\"2022-03-11T10:27:15+00:00\" \/>\n<meta property=\"og:image\" content=\"https:\/\/www.tressis.com\/wp-content\/uploads\/2022\/03\/reunion-extraordinaria-lideres-europeos.jpg\" \/>\n\t<meta property=\"og:image:width\" content=\"1100\" \/>\n\t<meta property=\"og:image:height\" content=\"487\" \/>\n\t<meta property=\"og:image:type\" content=\"image\/jpeg\" \/>\n<meta name=\"author\" content=\"Armando\" \/>\n<meta name=\"twitter:card\" content=\"summary_large_image\" \/>\n<meta name=\"twitter:creator\" content=\"@TressisSV\" \/>\n<meta name=\"twitter:site\" content=\"@TressisSV\" \/>\n<meta name=\"twitter:label1\" content=\"Escrit per\" \/>\n\t<meta name=\"twitter:data1\" content=\"Armando\" \/>\n\t<meta name=\"twitter:label2\" content=\"Temps estimat de lectura\" \/>\n\t<meta name=\"twitter:data2\" content=\"4 minuts\" \/>\n<script type=\"application\/ld+json\" class=\"yoast-schema-graph\">{\"@context\":\"https:\\\/\\\/schema.org\",\"@graph\":[{\"@type\":\"Article\",\"@id\":\"https:\\\/\\\/www.tressis.com\\\/ca\\\/blog\\\/reunion-extraordinaria-lideres-europeos\\\/#article\",\"isPartOf\":{\"@id\":\"https:\\\/\\\/www.tressis.com\\\/ca\\\/blog\\\/reunion-extraordinaria-lideres-europeos\\\/\"},\"author\":{\"name\":\"Armando\",\"@id\":\"https:\\\/\\\/www.tressis.com\\\/ca\\\/#\\\/schema\\\/person\\\/56d3b4de0493f088a4ca62a2e0c790ae\"},\"headline\":\"Reuni\u00f3n extraordinaria de los l\u00edderes europeos en Versalles\",\"datePublished\":\"2022-03-11T09:51:42+00:00\",\"dateModified\":\"2022-03-11T10:27:15+00:00\",\"mainEntityOfPage\":{\"@id\":\"https:\\\/\\\/www.tressis.com\\\/ca\\\/blog\\\/reunion-extraordinaria-lideres-europeos\\\/\"},\"wordCount\":816,\"publisher\":{\"@id\":\"https:\\\/\\\/www.tressis.com\\\/ca\\\/#organization\"},\"image\":{\"@id\":\"https:\\\/\\\/www.tressis.com\\\/ca\\\/blog\\\/reunion-extraordinaria-lideres-europeos\\\/#primaryimage\"},\"thumbnailUrl\":\"https:\\\/\\\/www.tressis.com\\\/wp-content\\\/uploads\\\/2022\\\/03\\\/reunion-extraordinaria-lideres-europeos.jpg\",\"keywords\":[\"bancos centrales\",\"BCE\",\"conflictos\",\"guerra\",\"l\u00edderes europeos\",\"negociaciones\",\"Rusia\",\"Ucrania\"],\"articleSection\":[\"Morning meeting\"],\"inLanguage\":\"ca\"},{\"@type\":\"WebPage\",\"@id\":\"https:\\\/\\\/www.tressis.com\\\/ca\\\/blog\\\/reunion-extraordinaria-lideres-europeos\\\/\",\"url\":\"https:\\\/\\\/www.tressis.com\\\/ca\\\/blog\\\/reunion-extraordinaria-lideres-europeos\\\/\",\"name\":\"Reuni\u00f3n extraordinaria de los l\u00edderes europeos en Versalles\",\"isPartOf\":{\"@id\":\"https:\\\/\\\/www.tressis.com\\\/ca\\\/#website\"},\"primaryImageOfPage\":{\"@id\":\"https:\\\/\\\/www.tressis.com\\\/ca\\\/blog\\\/reunion-extraordinaria-lideres-europeos\\\/#primaryimage\"},\"image\":{\"@id\":\"https:\\\/\\\/www.tressis.com\\\/ca\\\/blog\\\/reunion-extraordinaria-lideres-europeos\\\/#primaryimage\"},\"thumbnailUrl\":\"https:\\\/\\\/www.tressis.com\\\/wp-content\\\/uploads\\\/2022\\\/03\\\/reunion-extraordinaria-lideres-europeos.jpg\",\"datePublished\":\"2022-03-11T09:51:42+00:00\",\"dateModified\":\"2022-03-11T10:27:15+00:00\",\"description\":\"Hoy tendremos reuni\u00f3n extraordinaria de los l\u00edderes europeos en Versalles, en la que se hablar\u00e1 de nuevas sanciones a Rusia, centr\u00e1ndose en especial en la energ\u00eda\",\"breadcrumb\":{\"@id\":\"https:\\\/\\\/www.tressis.com\\\/ca\\\/blog\\\/reunion-extraordinaria-lideres-europeos\\\/#breadcrumb\"},\"inLanguage\":\"ca\",\"potentialAction\":[{\"@type\":\"ReadAction\",\"target\":[\"https:\\\/\\\/www.tressis.com\\\/ca\\\/blog\\\/reunion-extraordinaria-lideres-europeos\\\/\"]}]},{\"@type\":\"ImageObject\",\"inLanguage\":\"ca\",\"@id\":\"https:\\\/\\\/www.tressis.com\\\/ca\\\/blog\\\/reunion-extraordinaria-lideres-europeos\\\/#primaryimage\",\"url\":\"https:\\\/\\\/www.tressis.com\\\/wp-content\\\/uploads\\\/2022\\\/03\\\/reunion-extraordinaria-lideres-europeos.jpg\",\"contentUrl\":\"https:\\\/\\\/www.tressis.com\\\/wp-content\\\/uploads\\\/2022\\\/03\\\/reunion-extraordinaria-lideres-europeos.jpg\",\"width\":1100,\"height\":487},{\"@type\":\"BreadcrumbList\",\"@id\":\"https:\\\/\\\/www.tressis.com\\\/ca\\\/blog\\\/reunion-extraordinaria-lideres-europeos\\\/#breadcrumb\",\"itemListElement\":[{\"@type\":\"ListItem\",\"position\":1,\"name\":\"Inicio\",\"item\":\"https:\\\/\\\/www.tressis.com\\\/ca\\\/\"},{\"@type\":\"ListItem\",\"position\":2,\"name\":\"Morning meeting\",\"item\":\"https:\\\/\\\/www.tressis.com\\\/ca\\\/blog\\\/categorias\\\/morning-meeting-ca\\\/\"},{\"@type\":\"ListItem\",\"position\":3,\"name\":\"Reuni\u00f3n extraordinaria de los l\u00edderes europeos en Versalles\"}]},{\"@type\":\"WebSite\",\"@id\":\"https:\\\/\\\/www.tressis.com\\\/ca\\\/#website\",\"url\":\"https:\\\/\\\/www.tressis.com\\\/ca\\\/\",\"name\":\"Tressis banca privada\",\"description\":\"Tressis | Planificaci\u00f3n financiera y gesti\u00f3n de patrimonios\",\"publisher\":{\"@id\":\"https:\\\/\\\/www.tressis.com\\\/ca\\\/#organization\"},\"potentialAction\":[{\"@type\":\"SearchAction\",\"target\":{\"@type\":\"EntryPoint\",\"urlTemplate\":\"https:\\\/\\\/www.tressis.com\\\/ca\\\/?s={search_term_string}\"},\"query-input\":{\"@type\":\"PropertyValueSpecification\",\"valueRequired\":true,\"valueName\":\"search_term_string\"}}],\"inLanguage\":\"ca\"},{\"@type\":\"Organization\",\"@id\":\"https:\\\/\\\/www.tressis.com\\\/ca\\\/#organization\",\"name\":\"Tressis\",\"url\":\"https:\\\/\\\/www.tressis.com\\\/ca\\\/\",\"logo\":{\"@type\":\"ImageObject\",\"inLanguage\":\"ca\",\"@id\":\"https:\\\/\\\/www.tressis.com\\\/ca\\\/#\\\/schema\\\/logo\\\/image\\\/\",\"url\":\"https:\\\/\\\/www.tressis.com\\\/wp-content\\\/uploads\\\/2025\\\/06\\\/logo-tressis-112.png\",\"contentUrl\":\"https:\\\/\\\/www.tressis.com\\\/wp-content\\\/uploads\\\/2025\\\/06\\\/logo-tressis-112.png\",\"width\":112,\"height\":112,\"caption\":\"Tressis\"},\"image\":{\"@id\":\"https:\\\/\\\/www.tressis.com\\\/ca\\\/#\\\/schema\\\/logo\\\/image\\\/\"},\"sameAs\":[\"https:\\\/\\\/www.facebook.com\\\/Tressis\\\/\",\"https:\\\/\\\/x.com\\\/TressisSV\",\"https:\\\/\\\/www.instagram.com\\\/tressissv\\\/?hl=es\",\"https:\\\/\\\/linkedin.com\\\/company\\\/tressis\\\/\",\"https:\\\/\\\/www.youtube.com\\\/user\\\/tressissv\",\"https:\\\/\\\/open.spotify.com\\\/show\\\/3jmTe1Nf0wqMILl7diWV6h?si=d7112519f13c4593&nd=1\"]},{\"@type\":\"Person\",\"@id\":\"https:\\\/\\\/www.tressis.com\\\/ca\\\/#\\\/schema\\\/person\\\/56d3b4de0493f088a4ca62a2e0c790ae\",\"name\":\"Armando\",\"image\":{\"@type\":\"ImageObject\",\"inLanguage\":\"ca\",\"@id\":\"https:\\\/\\\/secure.gravatar.com\\\/avatar\\\/6d7efca74644be7dae792b122beab663996c233ae58f101b52769ece1cbf1435?s=96&d=mm&r=g\",\"url\":\"https:\\\/\\\/secure.gravatar.com\\\/avatar\\\/6d7efca74644be7dae792b122beab663996c233ae58f101b52769ece1cbf1435?s=96&d=mm&r=g\",\"contentUrl\":\"https:\\\/\\\/secure.gravatar.com\\\/avatar\\\/6d7efca74644be7dae792b122beab663996c233ae58f101b52769ece1cbf1435?s=96&d=mm&r=g\",\"caption\":\"Armando\"}}]}<\/script>\n<!-- \/ Yoast SEO plugin. -->","yoast_head_json":{"title":"Reuni\u00f3n extraordinaria de los l\u00edderes europeos en Versalles","description":"Hoy tendremos reuni\u00f3n extraordinaria de los l\u00edderes europeos en Versalles, en la que se hablar\u00e1 de nuevas sanciones a Rusia, centr\u00e1ndose en especial en la energ\u00eda","robots":{"index":"index","follow":"follow","max-snippet":"max-snippet:-1","max-image-preview":"max-image-preview:large","max-video-preview":"max-video-preview:-1"},"canonical":"https:\/\/www.tressis.com\/ca\/blog\/reunion-extraordinaria-lideres-europeos\/","og_locale":"ca_ES","og_type":"article","og_title":"Reuni\u00f3n extraordinaria de los l\u00edderes europeos en Versalles","og_description":"Hoy tendremos reuni\u00f3n extraordinaria de los l\u00edderes europeos en Versalles, en la que se hablar\u00e1 de nuevas sanciones a Rusia, centr\u00e1ndose en especial en la energ\u00eda","og_url":"https:\/\/www.tressis.com\/ca\/blog\/reunion-extraordinaria-lideres-europeos\/","og_site_name":"Tressis","article_publisher":"https:\/\/www.facebook.com\/Tressis\/","article_published_time":"2022-03-11T09:51:42+00:00","article_modified_time":"2022-03-11T10:27:15+00:00","og_image":[{"width":1100,"height":487,"url":"https:\/\/www.tressis.com\/wp-content\/uploads\/2022\/03\/reunion-extraordinaria-lideres-europeos.jpg","type":"image\/jpeg"}],"author":"Armando","twitter_card":"summary_large_image","twitter_creator":"@TressisSV","twitter_site":"@TressisSV","twitter_misc":{"Escrit per":"Armando","Temps estimat de lectura":"4 minuts"},"schema":{"@context":"https:\/\/schema.org","@graph":[{"@type":"Article","@id":"https:\/\/www.tressis.com\/ca\/blog\/reunion-extraordinaria-lideres-europeos\/#article","isPartOf":{"@id":"https:\/\/www.tressis.com\/ca\/blog\/reunion-extraordinaria-lideres-europeos\/"},"author":{"name":"Armando","@id":"https:\/\/www.tressis.com\/ca\/#\/schema\/person\/56d3b4de0493f088a4ca62a2e0c790ae"},"headline":"Reuni\u00f3n extraordinaria de los l\u00edderes europeos en Versalles","datePublished":"2022-03-11T09:51:42+00:00","dateModified":"2022-03-11T10:27:15+00:00","mainEntityOfPage":{"@id":"https:\/\/www.tressis.com\/ca\/blog\/reunion-extraordinaria-lideres-europeos\/"},"wordCount":816,"publisher":{"@id":"https:\/\/www.tressis.com\/ca\/#organization"},"image":{"@id":"https:\/\/www.tressis.com\/ca\/blog\/reunion-extraordinaria-lideres-europeos\/#primaryimage"},"thumbnailUrl":"https:\/\/www.tressis.com\/wp-content\/uploads\/2022\/03\/reunion-extraordinaria-lideres-europeos.jpg","keywords":["bancos centrales","BCE","conflictos","guerra","l\u00edderes europeos","negociaciones","Rusia","Ucrania"],"articleSection":["Morning meeting"],"inLanguage":"ca"},{"@type":"WebPage","@id":"https:\/\/www.tressis.com\/ca\/blog\/reunion-extraordinaria-lideres-europeos\/","url":"https:\/\/www.tressis.com\/ca\/blog\/reunion-extraordinaria-lideres-europeos\/","name":"Reuni\u00f3n extraordinaria de los l\u00edderes europeos en Versalles","isPartOf":{"@id":"https:\/\/www.tressis.com\/ca\/#website"},"primaryImageOfPage":{"@id":"https:\/\/www.tressis.com\/ca\/blog\/reunion-extraordinaria-lideres-europeos\/#primaryimage"},"image":{"@id":"https:\/\/www.tressis.com\/ca\/blog\/reunion-extraordinaria-lideres-europeos\/#primaryimage"},"thumbnailUrl":"https:\/\/www.tressis.com\/wp-content\/uploads\/2022\/03\/reunion-extraordinaria-lideres-europeos.jpg","datePublished":"2022-03-11T09:51:42+00:00","dateModified":"2022-03-11T10:27:15+00:00","description":"Hoy tendremos reuni\u00f3n extraordinaria de los l\u00edderes europeos en Versalles, en la que se hablar\u00e1 de nuevas sanciones a Rusia, centr\u00e1ndose en especial en la energ\u00eda","breadcrumb":{"@id":"https:\/\/www.tressis.com\/ca\/blog\/reunion-extraordinaria-lideres-europeos\/#breadcrumb"},"inLanguage":"ca","potentialAction":[{"@type":"ReadAction","target":["https:\/\/www.tressis.com\/ca\/blog\/reunion-extraordinaria-lideres-europeos\/"]}]},{"@type":"ImageObject","inLanguage":"ca","@id":"https:\/\/www.tressis.com\/ca\/blog\/reunion-extraordinaria-lideres-europeos\/#primaryimage","url":"https:\/\/www.tressis.com\/wp-content\/uploads\/2022\/03\/reunion-extraordinaria-lideres-europeos.jpg","contentUrl":"https:\/\/www.tressis.com\/wp-content\/uploads\/2022\/03\/reunion-extraordinaria-lideres-europeos.jpg","width":1100,"height":487},{"@type":"BreadcrumbList","@id":"https:\/\/www.tressis.com\/ca\/blog\/reunion-extraordinaria-lideres-europeos\/#breadcrumb","itemListElement":[{"@type":"ListItem","position":1,"name":"Inicio","item":"https:\/\/www.tressis.com\/ca\/"},{"@type":"ListItem","position":2,"name":"Morning meeting","item":"https:\/\/www.tressis.com\/ca\/blog\/categorias\/morning-meeting-ca\/"},{"@type":"ListItem","position":3,"name":"Reuni\u00f3n extraordinaria de los l\u00edderes europeos en Versalles"}]},{"@type":"WebSite","@id":"https:\/\/www.tressis.com\/ca\/#website","url":"https:\/\/www.tressis.com\/ca\/","name":"Tressis banca privada","description":"Tressis | Planificaci\u00f3n financiera y gesti\u00f3n de patrimonios","publisher":{"@id":"https:\/\/www.tressis.com\/ca\/#organization"},"potentialAction":[{"@type":"SearchAction","target":{"@type":"EntryPoint","urlTemplate":"https:\/\/www.tressis.com\/ca\/?s={search_term_string}"},"query-input":{"@type":"PropertyValueSpecification","valueRequired":true,"valueName":"search_term_string"}}],"inLanguage":"ca"},{"@type":"Organization","@id":"https:\/\/www.tressis.com\/ca\/#organization","name":"Tressis","url":"https:\/\/www.tressis.com\/ca\/","logo":{"@type":"ImageObject","inLanguage":"ca","@id":"https:\/\/www.tressis.com\/ca\/#\/schema\/logo\/image\/","url":"https:\/\/www.tressis.com\/wp-content\/uploads\/2025\/06\/logo-tressis-112.png","contentUrl":"https:\/\/www.tressis.com\/wp-content\/uploads\/2025\/06\/logo-tressis-112.png","width":112,"height":112,"caption":"Tressis"},"image":{"@id":"https:\/\/www.tressis.com\/ca\/#\/schema\/logo\/image\/"},"sameAs":["https:\/\/www.facebook.com\/Tressis\/","https:\/\/x.com\/TressisSV","https:\/\/www.instagram.com\/tressissv\/?hl=es","https:\/\/linkedin.com\/company\/tressis\/","https:\/\/www.youtube.com\/user\/tressissv","https:\/\/open.spotify.com\/show\/3jmTe1Nf0wqMILl7diWV6h?si=d7112519f13c4593&nd=1"]},{"@type":"Person","@id":"https:\/\/www.tressis.com\/ca\/#\/schema\/person\/56d3b4de0493f088a4ca62a2e0c790ae","name":"Armando","image":{"@type":"ImageObject","inLanguage":"ca","@id":"https:\/\/secure.gravatar.com\/avatar\/6d7efca74644be7dae792b122beab663996c233ae58f101b52769ece1cbf1435?s=96&d=mm&r=g","url":"https:\/\/secure.gravatar.com\/avatar\/6d7efca74644be7dae792b122beab663996c233ae58f101b52769ece1cbf1435?s=96&d=mm&r=g","contentUrl":"https:\/\/secure.gravatar.com\/avatar\/6d7efca74644be7dae792b122beab663996c233ae58f101b52769ece1cbf1435?s=96&d=mm&r=g","caption":"Armando"}}]}},"_links":{"self":[{"href":"https:\/\/www.tressis.com\/ca\/wp-json\/wp\/v2\/posts\/55933","targetHints":{"allow":["GET"]}}],"collection":[{"href":"https:\/\/www.tressis.com\/ca\/wp-json\/wp\/v2\/posts"}],"about":[{"href":"https:\/\/www.tressis.com\/ca\/wp-json\/wp\/v2\/types\/post"}],"author":[{"embeddable":true,"href":"https:\/\/www.tressis.com\/ca\/wp-json\/wp\/v2\/users\/9"}],"replies":[{"embeddable":true,"href":"https:\/\/www.tressis.com\/ca\/wp-json\/wp\/v2\/comments?post=55933"}],"version-history":[{"count":0,"href":"https:\/\/www.tressis.com\/ca\/wp-json\/wp\/v2\/posts\/55933\/revisions"}],"wp:featuredmedia":[{"embeddable":true,"href":"https:\/\/www.tressis.com\/ca\/wp-json\/wp\/v2\/media\/55937"}],"wp:attachment":[{"href":"https:\/\/www.tressis.com\/ca\/wp-json\/wp\/v2\/media?parent=55933"}],"wp:term":[{"taxonomy":"category","embeddable":true,"href":"https:\/\/www.tressis.com\/ca\/wp-json\/wp\/v2\/categories?post=55933"},{"taxonomy":"post_tag","embeddable":true,"href":"https:\/\/www.tressis.com\/ca\/wp-json\/wp\/v2\/tags?post=55933"}],"curies":[{"name":"wp","href":"https:\/\/api.w.org\/{rel}","templated":true}]}}