{"id":55804,"date":"2022-03-09T09:23:22","date_gmt":"2022-03-09T08:23:22","guid":{"rendered":"https:\/\/www.tressis.com\/?p=55804"},"modified":"2022-03-17T09:12:58","modified_gmt":"2022-03-17T08:12:58","slug":"volatilidad-extrema-bolsas-europeas","status":"publish","type":"post","link":"https:\/\/www.tressis.com\/ca\/blog\/volatilidad-extrema-bolsas-europeas\/","title":{"rendered":"Volatilidad extrema en las bolsas europeas"},"content":{"rendered":"<p>Los mercados financieros se mueven al son de las noticias. Por ello debemos estar muy atentos a lo que se va publicando en las distintas agencias internacionales, ya que las noticias no paran de llegar. Dentro de los grande titulares podemos destacar que los esfuerzos diplom\u00e1ticos mundiales contin\u00faan y como resultado este jueves tendr\u00e1 lugar una posible reuni\u00f3n entre los ministros de exteriores ruso, Lavrov, y de Ucrania, Kuleba, en Turqu\u00eda. Estados Unidos deja de comprar petr\u00f3leo y gas a Rusia y el Reino Unido lo har\u00e1 a finales de a\u00f1o. En represalia por las medidas tomadas por los pa\u00edses occidentales, Rusia amenaza con cortar el gas que env\u00eda a Alemania, a trav\u00e9s del gasoducto Nord Stream 1 y Putin firma un decreto de emergencia para prohibir exportaciones de productos y materias primas.<\/p>\n<p>&nbsp;<\/p>\n<p>Volatilidad extrema un d\u00eda m\u00e1s en las bolsas europeas. La sesi\u00f3n de ayer comenz\u00f3 con ca\u00eddas del entorno del 2% que luego se borraron y dieron paso a las subidas, al conocerse que la UE est\u00e1 considerando una posible emisi\u00f3n de eurobonos para financiar los gastos de energ\u00eda y defensa, pero la decisi\u00f3n final se podr\u00eda tomar en la reuni\u00f3n que se celebrar\u00e1 a final de semana en Francia. Finalmente las bolsas europeas cerraron mixtas: nuestro selectivo espa\u00f1ol fue el \u00edndice con mejor comportamiento al subir un +1,82% hasta alcanzar los 7.783 puntos, el DAX cay\u00f3 un leve -0,02% y el Eurostoxx 50 terminaba con una ca\u00edda del 0,20%. En Estados Unidos las bolsas cerraban con un tono bajista: el Dow Jones se dejaba un -0,56%, el Nasdaq un -0,28% y el S&amp;P 500 un -0,72%.<\/p>\n<p>&nbsp;<\/p>\n<p>En los \u00faltimos d\u00edas tambi\u00e9n hemos visto una alta volatilidad en los bonos. La incertidumbre est\u00e1 provocando fuertes movimientos dentro de las curvas. Ayer los bonos fueron castigados y las rentabilidades empezaron a subir con el bono americano a 10 a\u00f1os a niveles de 1,848% (+7,2 pb), el bono alem\u00e1n al mismo plazo a niveles de 0,106% (+12,8 pb), volviendo a terreno positivo. Francia ofrece una rentabilidad a 10 a\u00f1os de 0,55%, Espa\u00f1a en 1,048% e Italia 1,59%.<\/p>\n<p>&nbsp;<\/p>\n<p>En el mercado de materias primas el precio del petr\u00f3leo sigue su senda alcista: el crudo WTI subi\u00f3 un poco m\u00e1s de 4% hasta los 123,70 d\u00f3lares el barril y el de tipo Brent cerca del 4% situ\u00e1ndose en 127,98 d\u00f3lares, ambos acerc\u00e1ndose a los m\u00e1ximos alcanzados en 2008, 145,29$ y 146,08$ respectivamente; hoy contin\u00faan las subidas. El oro por su parte sigue actuando como activo refugio y se anotaba un 2,63% para llegar a niveles de 2.050,76$ la onza, cerca del m\u00e1ximo hist\u00f3rico alcanzado en agosto de 2020 (2.063,54$). Mientras que Londres suspendi\u00f3 la cotizaci\u00f3n del n\u00edquel ante la disparada de precios por la invasi\u00f3n de Ucrania.<\/p>\n<p>&nbsp;<\/p>\n<p>Sin lugar a dudas el sentimiento pesimista por las consecuencias econ\u00f3micas derivadas de la guerra sigue pesando en el mercado. El temor al fuerte incremento que est\u00e1n experimentando los precios de la energ\u00eda y de los alimentos, desde el inicio del conflicto, impulsa a\u00fan m\u00e1s la inflaci\u00f3n al alza, lo que terminar\u00e1 afectando al crecimiento econ\u00f3mico mundial y podr\u00eda devenir en una estanflaci\u00f3n, escenario de bajo crecimiento econ\u00f3mico y alta inflaci\u00f3n. Dichas alzas y miedos no solo afecta a los datos macroecon\u00f3micos sino que tambi\u00e9n se prev\u00e9n cambios en el sector empresarial. Habr\u00e1 que evaluar el impacto que tendr\u00e1 la decisi\u00f3n de algunas compa\u00f1\u00edas de abandonar el mercado ruso, lo que puede conllevar que en los pr\u00f3ximos d\u00edas, semanas o meses veamos revisiones a la baja de estimaciones de resultados.<\/p>\n<p>&nbsp;<\/p>\n<p>En relaci\u00f3n con los datos macroecon\u00f3micos, ayer conocimos la producci\u00f3n industrial alemana, que aument\u00f3 en enero hasta 2,7% superando las estimaciones de 0,5%. Otro dato importante fue que la econom\u00eda europea creci\u00f3 un 5,3 % en 2021, m\u00e1s de lo estimado en febrero; en t\u00e9rminos interanuales, sin embargo, la econom\u00eda creci\u00f3 un 4,6 % en la eurozona y un 4,8 % en la UE, en ambos casos seis d\u00e9cimas m\u00e1s que en el trimestre previo. En EE.UU. el d\u00e9ficit comercial se ampli\u00f3 a un m\u00e1ximo hist\u00f3rico en enero, al situarse en 89.700 millones de d\u00f3lares frente a los 82.000 millones previos. Hoy no esperamos datos relevantes. Sin embargo, el jueves los inversores estar\u00e1n pendientes de las palabras que pueda decir Christine Lagarde y adem\u00e1s conoceremos el \u00edndice de precios al consumo de febrero en Estados Unidos. Para cerrar la semana tendremos el IPC de febrero de Alemania y Espa\u00f1a, y la confianza y expectativas del consumidor de la Universidad de Michigan en EE.UU.<\/p>\n<p>&nbsp;<\/p>\n<p>Durante la reuni\u00f3n de ma\u00f1ana el BCE har\u00e1 una actualizaci\u00f3n de su cuadro macroecon\u00f3mico, en el que s\u00ed incluir\u00e1 los efectos de la guerra; seguramente veremos alzas en sus expectativas de inflaci\u00f3n y bajada en los crecimientos. Este mes de marzo el BCE termina con el programa de emergencia de compra de activos (PEPP) aprobado en 2020 en respuesta a la pandemia, quedando el programa de compra de activos (APP), el cual se estimaba que podr\u00eda terminar en septiembre; pero con los \u00faltimos acontecimientos la entidad podr\u00eda mostrarse m\u00e1s cauta antes de tomar alguna decisi\u00f3n: reducir la velocidad del plan de dejar de comprar activos y empezar con las subidas de tipos.<\/p>\n<p>&nbsp;<\/p>\n<p>&nbsp;<\/p>\n<p style=\"text-align: center;\">Oro vs. Dow Jones desde 07\/09\/2000<br \/>\n<img fetchpriority=\"high\" decoding=\"async\" class=\"aligncenter wp-image-55805 size-full\" src=\"https:\/\/www.tressis.com\/wp-content\/uploads\/2022\/03\/oro-vs-dowjones.png\" alt=\"\" width=\"737\" height=\"399\" srcset=\"https:\/\/www.tressis.com\/wp-content\/uploads\/2022\/03\/oro-vs-dowjones.png 737w, https:\/\/www.tressis.com\/wp-content\/uploads\/2022\/03\/oro-vs-dowjones-300x162.png 300w\" sizes=\"(max-width: 737px) 100vw, 737px\" \/><\/p>\n<p>&nbsp;<\/p>\n<p>\u00a1Buen mi\u00e9rcoles!<\/p>\n<p><center><strong>J\u00e9ssica Steuer Barbosa<\/strong><br \/>\nAnalista<\/center><\/p>\n","protected":false},"excerpt":{"rendered":"<p>Los mercados financieros se mueven al son de las noticias. Por ello debemos estar muy atentos a lo que se va publicando en las distintas agencias internacionales, ya que las noticias no paran de llegar. Dentro de los grande titulares podemos destacar que los esfuerzos diplom\u00e1ticos mundiales contin\u00faan y como resultado este jueves tendr\u00e1 lugar [&hellip;]<\/p>\n","protected":false},"author":4,"featured_media":55806,"comment_status":"closed","ping_status":"open","sticky":false,"template":"","format":"standard","meta":{"_acf_changed":false,"footnotes":""},"categories":[9721],"tags":[559,721,3644,5969,6761,6920],"class_list":["post-55804","post","type-post","status-publish","format-standard","has-post-thumbnail","hentry","category-morning-meeting","tag-bce","tag-bonos","tag-ipc","tag-rusia","tag-ucrania","tag-volatilidad"],"acf":[],"yoast_head":"<!-- This site is optimized with the Yoast SEO plugin v27.4 - https:\/\/yoast.com\/product\/yoast-seo-wordpress\/ -->\n<title>Volatilidad extrema en las bolsas europeas<\/title>\n<meta name=\"description\" content=\"Volatilidad extrema un d\u00eda m\u00e1s en las bolsas europeas, la sesi\u00f3n de ayer comenz\u00f3 con ca\u00eddas del entorno del 2% que luego se borraron y dieron paso a las subidas, al conocerse que la UE est\u00e1 considerando una posible emisi\u00f3n de eurobonos para financiar los gastos de energ\u00eda y defensa, pero la decisi\u00f3n final se podr\u00eda tomar en la reuni\u00f3n que se celebrar\u00e1 a final de semana en Francia.\" \/>\n<meta name=\"robots\" content=\"index, follow, max-snippet:-1, max-image-preview:large, max-video-preview:-1\" \/>\n<link rel=\"canonical\" href=\"https:\/\/www.tressis.com\/ca\/blog\/volatilidad-extrema-bolsas-europeas\/\" \/>\n<meta property=\"og:locale\" content=\"ca_ES\" \/>\n<meta property=\"og:type\" content=\"article\" \/>\n<meta property=\"og:title\" content=\"Volatilidad extrema en las bolsas europeas\" \/>\n<meta property=\"og:description\" content=\"Volatilidad extrema un d\u00eda m\u00e1s en las bolsas europeas, la sesi\u00f3n de ayer comenz\u00f3 con ca\u00eddas del entorno del 2% que luego se borraron y dieron paso a las subidas, al conocerse que la UE est\u00e1 considerando una posible emisi\u00f3n de eurobonos para financiar los gastos de energ\u00eda y defensa, pero la decisi\u00f3n final se podr\u00eda tomar en la reuni\u00f3n que se celebrar\u00e1 a final de semana en Francia.\" \/>\n<meta property=\"og:url\" content=\"https:\/\/www.tressis.com\/ca\/blog\/volatilidad-extrema-bolsas-europeas\/\" \/>\n<meta property=\"og:site_name\" content=\"Tressis\" \/>\n<meta property=\"article:publisher\" content=\"https:\/\/www.facebook.com\/Tressis\/\" \/>\n<meta property=\"article:published_time\" content=\"2022-03-09T08:23:22+00:00\" \/>\n<meta property=\"article:modified_time\" content=\"2022-03-17T08:12:58+00:00\" \/>\n<meta property=\"og:image\" content=\"https:\/\/www.tressis.com\/wp-content\/uploads\/2022\/03\/volatilidad-bolsas-europeas.jpg\" \/>\n\t<meta property=\"og:image:width\" content=\"1100\" \/>\n\t<meta property=\"og:image:height\" content=\"487\" \/>\n\t<meta property=\"og:image:type\" content=\"image\/jpeg\" \/>\n<meta name=\"author\" content=\"Lola\" \/>\n<meta name=\"twitter:card\" content=\"summary_large_image\" \/>\n<meta name=\"twitter:creator\" content=\"@TressisSV\" \/>\n<meta name=\"twitter:site\" content=\"@TressisSV\" \/>\n<meta name=\"twitter:label1\" content=\"Escrit per\" \/>\n\t<meta name=\"twitter:data1\" content=\"Lola\" \/>\n\t<meta name=\"twitter:label2\" content=\"Temps estimat de lectura\" \/>\n\t<meta name=\"twitter:data2\" content=\"5 minuts\" \/>\n<script type=\"application\/ld+json\" class=\"yoast-schema-graph\">{\"@context\":\"https:\\\/\\\/schema.org\",\"@graph\":[{\"@type\":\"Article\",\"@id\":\"https:\\\/\\\/www.tressis.com\\\/ca\\\/blog\\\/volatilidad-extrema-bolsas-europeas\\\/#article\",\"isPartOf\":{\"@id\":\"https:\\\/\\\/www.tressis.com\\\/ca\\\/blog\\\/volatilidad-extrema-bolsas-europeas\\\/\"},\"author\":{\"name\":\"Lola\",\"@id\":\"https:\\\/\\\/www.tressis.com\\\/ca\\\/#\\\/schema\\\/person\\\/b833c1d724d8764920b6d6852c70584e\"},\"headline\":\"Volatilidad extrema en las bolsas europeas\",\"datePublished\":\"2022-03-09T08:23:22+00:00\",\"dateModified\":\"2022-03-17T08:12:58+00:00\",\"mainEntityOfPage\":{\"@id\":\"https:\\\/\\\/www.tressis.com\\\/ca\\\/blog\\\/volatilidad-extrema-bolsas-europeas\\\/\"},\"wordCount\":935,\"publisher\":{\"@id\":\"https:\\\/\\\/www.tressis.com\\\/ca\\\/#organization\"},\"image\":{\"@id\":\"https:\\\/\\\/www.tressis.com\\\/ca\\\/blog\\\/volatilidad-extrema-bolsas-europeas\\\/#primaryimage\"},\"thumbnailUrl\":\"https:\\\/\\\/www.tressis.com\\\/wp-content\\\/uploads\\\/2022\\\/03\\\/volatilidad-bolsas-europeas.jpg\",\"keywords\":[\"BCE\",\"bonos\",\"IPC\",\"Rusia\",\"Ucrania\",\"volatilidad\"],\"articleSection\":[\"Morning meeting\"],\"inLanguage\":\"ca\"},{\"@type\":\"WebPage\",\"@id\":\"https:\\\/\\\/www.tressis.com\\\/ca\\\/blog\\\/volatilidad-extrema-bolsas-europeas\\\/\",\"url\":\"https:\\\/\\\/www.tressis.com\\\/ca\\\/blog\\\/volatilidad-extrema-bolsas-europeas\\\/\",\"name\":\"Volatilidad extrema en las bolsas europeas\",\"isPartOf\":{\"@id\":\"https:\\\/\\\/www.tressis.com\\\/ca\\\/#website\"},\"primaryImageOfPage\":{\"@id\":\"https:\\\/\\\/www.tressis.com\\\/ca\\\/blog\\\/volatilidad-extrema-bolsas-europeas\\\/#primaryimage\"},\"image\":{\"@id\":\"https:\\\/\\\/www.tressis.com\\\/ca\\\/blog\\\/volatilidad-extrema-bolsas-europeas\\\/#primaryimage\"},\"thumbnailUrl\":\"https:\\\/\\\/www.tressis.com\\\/wp-content\\\/uploads\\\/2022\\\/03\\\/volatilidad-bolsas-europeas.jpg\",\"datePublished\":\"2022-03-09T08:23:22+00:00\",\"dateModified\":\"2022-03-17T08:12:58+00:00\",\"description\":\"Volatilidad extrema un d\u00eda m\u00e1s en las bolsas europeas, la sesi\u00f3n de ayer comenz\u00f3 con ca\u00eddas del entorno del 2% que luego se borraron y dieron paso a las subidas, al conocerse que la UE est\u00e1 considerando una posible emisi\u00f3n de eurobonos para financiar los gastos de energ\u00eda y defensa, pero la decisi\u00f3n final se podr\u00eda tomar en la reuni\u00f3n que se celebrar\u00e1 a final de semana en Francia.\",\"breadcrumb\":{\"@id\":\"https:\\\/\\\/www.tressis.com\\\/ca\\\/blog\\\/volatilidad-extrema-bolsas-europeas\\\/#breadcrumb\"},\"inLanguage\":\"ca\",\"potentialAction\":[{\"@type\":\"ReadAction\",\"target\":[\"https:\\\/\\\/www.tressis.com\\\/ca\\\/blog\\\/volatilidad-extrema-bolsas-europeas\\\/\"]}]},{\"@type\":\"ImageObject\",\"inLanguage\":\"ca\",\"@id\":\"https:\\\/\\\/www.tressis.com\\\/ca\\\/blog\\\/volatilidad-extrema-bolsas-europeas\\\/#primaryimage\",\"url\":\"https:\\\/\\\/www.tressis.com\\\/wp-content\\\/uploads\\\/2022\\\/03\\\/volatilidad-bolsas-europeas.jpg\",\"contentUrl\":\"https:\\\/\\\/www.tressis.com\\\/wp-content\\\/uploads\\\/2022\\\/03\\\/volatilidad-bolsas-europeas.jpg\",\"width\":1100,\"height\":487},{\"@type\":\"BreadcrumbList\",\"@id\":\"https:\\\/\\\/www.tressis.com\\\/ca\\\/blog\\\/volatilidad-extrema-bolsas-europeas\\\/#breadcrumb\",\"itemListElement\":[{\"@type\":\"ListItem\",\"position\":1,\"name\":\"Inicio\",\"item\":\"https:\\\/\\\/www.tressis.com\\\/ca\\\/\"},{\"@type\":\"ListItem\",\"position\":2,\"name\":\"Morning meeting\",\"item\":\"https:\\\/\\\/www.tressis.com\\\/ca\\\/blog\\\/categorias\\\/morning-meeting-ca\\\/\"},{\"@type\":\"ListItem\",\"position\":3,\"name\":\"Volatilidad extrema en las bolsas europeas\"}]},{\"@type\":\"WebSite\",\"@id\":\"https:\\\/\\\/www.tressis.com\\\/ca\\\/#website\",\"url\":\"https:\\\/\\\/www.tressis.com\\\/ca\\\/\",\"name\":\"Tressis banca privada\",\"description\":\"Tressis | Planificaci\u00f3n financiera y gesti\u00f3n de patrimonios\",\"publisher\":{\"@id\":\"https:\\\/\\\/www.tressis.com\\\/ca\\\/#organization\"},\"potentialAction\":[{\"@type\":\"SearchAction\",\"target\":{\"@type\":\"EntryPoint\",\"urlTemplate\":\"https:\\\/\\\/www.tressis.com\\\/ca\\\/?s={search_term_string}\"},\"query-input\":{\"@type\":\"PropertyValueSpecification\",\"valueRequired\":true,\"valueName\":\"search_term_string\"}}],\"inLanguage\":\"ca\"},{\"@type\":\"Organization\",\"@id\":\"https:\\\/\\\/www.tressis.com\\\/ca\\\/#organization\",\"name\":\"Tressis\",\"url\":\"https:\\\/\\\/www.tressis.com\\\/ca\\\/\",\"logo\":{\"@type\":\"ImageObject\",\"inLanguage\":\"ca\",\"@id\":\"https:\\\/\\\/www.tressis.com\\\/ca\\\/#\\\/schema\\\/logo\\\/image\\\/\",\"url\":\"https:\\\/\\\/www.tressis.com\\\/wp-content\\\/uploads\\\/2025\\\/06\\\/logo-tressis-112.png\",\"contentUrl\":\"https:\\\/\\\/www.tressis.com\\\/wp-content\\\/uploads\\\/2025\\\/06\\\/logo-tressis-112.png\",\"width\":112,\"height\":112,\"caption\":\"Tressis\"},\"image\":{\"@id\":\"https:\\\/\\\/www.tressis.com\\\/ca\\\/#\\\/schema\\\/logo\\\/image\\\/\"},\"sameAs\":[\"https:\\\/\\\/www.facebook.com\\\/Tressis\\\/\",\"https:\\\/\\\/x.com\\\/TressisSV\",\"https:\\\/\\\/www.instagram.com\\\/tressissv\\\/?hl=es\",\"https:\\\/\\\/linkedin.com\\\/company\\\/tressis\\\/\",\"https:\\\/\\\/www.youtube.com\\\/user\\\/tressissv\",\"https:\\\/\\\/open.spotify.com\\\/show\\\/3jmTe1Nf0wqMILl7diWV6h?si=d7112519f13c4593&nd=1\"]},{\"@type\":\"Person\",\"@id\":\"https:\\\/\\\/www.tressis.com\\\/ca\\\/#\\\/schema\\\/person\\\/b833c1d724d8764920b6d6852c70584e\",\"name\":\"Lola\",\"image\":{\"@type\":\"ImageObject\",\"inLanguage\":\"ca\",\"@id\":\"https:\\\/\\\/secure.gravatar.com\\\/avatar\\\/05e646486b23ff45df9649110609c7e31b8c4a3e2821caa23d6317f405e0c51d?s=96&d=mm&r=g\",\"url\":\"https:\\\/\\\/secure.gravatar.com\\\/avatar\\\/05e646486b23ff45df9649110609c7e31b8c4a3e2821caa23d6317f405e0c51d?s=96&d=mm&r=g\",\"contentUrl\":\"https:\\\/\\\/secure.gravatar.com\\\/avatar\\\/05e646486b23ff45df9649110609c7e31b8c4a3e2821caa23d6317f405e0c51d?s=96&d=mm&r=g\",\"caption\":\"Lola\"}}]}<\/script>\n<!-- \/ Yoast SEO plugin. -->","yoast_head_json":{"title":"Volatilidad extrema en las bolsas europeas","description":"Volatilidad extrema un d\u00eda m\u00e1s en las bolsas europeas, la sesi\u00f3n de ayer comenz\u00f3 con ca\u00eddas del entorno del 2% que luego se borraron y dieron paso a las subidas, al conocerse que la UE est\u00e1 considerando una posible emisi\u00f3n de eurobonos para financiar los gastos de energ\u00eda y defensa, pero la decisi\u00f3n final se podr\u00eda tomar en la reuni\u00f3n que se celebrar\u00e1 a final de semana en Francia.","robots":{"index":"index","follow":"follow","max-snippet":"max-snippet:-1","max-image-preview":"max-image-preview:large","max-video-preview":"max-video-preview:-1"},"canonical":"https:\/\/www.tressis.com\/ca\/blog\/volatilidad-extrema-bolsas-europeas\/","og_locale":"ca_ES","og_type":"article","og_title":"Volatilidad extrema en las bolsas europeas","og_description":"Volatilidad extrema un d\u00eda m\u00e1s en las bolsas europeas, la sesi\u00f3n de ayer comenz\u00f3 con ca\u00eddas del entorno del 2% que luego se borraron y dieron paso a las subidas, al conocerse que la UE est\u00e1 considerando una posible emisi\u00f3n de eurobonos para financiar los gastos de energ\u00eda y defensa, pero la decisi\u00f3n final se podr\u00eda tomar en la reuni\u00f3n que se celebrar\u00e1 a final de semana en Francia.","og_url":"https:\/\/www.tressis.com\/ca\/blog\/volatilidad-extrema-bolsas-europeas\/","og_site_name":"Tressis","article_publisher":"https:\/\/www.facebook.com\/Tressis\/","article_published_time":"2022-03-09T08:23:22+00:00","article_modified_time":"2022-03-17T08:12:58+00:00","og_image":[{"width":1100,"height":487,"url":"https:\/\/www.tressis.com\/wp-content\/uploads\/2022\/03\/volatilidad-bolsas-europeas.jpg","type":"image\/jpeg"}],"author":"Lola","twitter_card":"summary_large_image","twitter_creator":"@TressisSV","twitter_site":"@TressisSV","twitter_misc":{"Escrit per":"Lola","Temps estimat de lectura":"5 minuts"},"schema":{"@context":"https:\/\/schema.org","@graph":[{"@type":"Article","@id":"https:\/\/www.tressis.com\/ca\/blog\/volatilidad-extrema-bolsas-europeas\/#article","isPartOf":{"@id":"https:\/\/www.tressis.com\/ca\/blog\/volatilidad-extrema-bolsas-europeas\/"},"author":{"name":"Lola","@id":"https:\/\/www.tressis.com\/ca\/#\/schema\/person\/b833c1d724d8764920b6d6852c70584e"},"headline":"Volatilidad extrema en las bolsas europeas","datePublished":"2022-03-09T08:23:22+00:00","dateModified":"2022-03-17T08:12:58+00:00","mainEntityOfPage":{"@id":"https:\/\/www.tressis.com\/ca\/blog\/volatilidad-extrema-bolsas-europeas\/"},"wordCount":935,"publisher":{"@id":"https:\/\/www.tressis.com\/ca\/#organization"},"image":{"@id":"https:\/\/www.tressis.com\/ca\/blog\/volatilidad-extrema-bolsas-europeas\/#primaryimage"},"thumbnailUrl":"https:\/\/www.tressis.com\/wp-content\/uploads\/2022\/03\/volatilidad-bolsas-europeas.jpg","keywords":["BCE","bonos","IPC","Rusia","Ucrania","volatilidad"],"articleSection":["Morning meeting"],"inLanguage":"ca"},{"@type":"WebPage","@id":"https:\/\/www.tressis.com\/ca\/blog\/volatilidad-extrema-bolsas-europeas\/","url":"https:\/\/www.tressis.com\/ca\/blog\/volatilidad-extrema-bolsas-europeas\/","name":"Volatilidad extrema en las bolsas europeas","isPartOf":{"@id":"https:\/\/www.tressis.com\/ca\/#website"},"primaryImageOfPage":{"@id":"https:\/\/www.tressis.com\/ca\/blog\/volatilidad-extrema-bolsas-europeas\/#primaryimage"},"image":{"@id":"https:\/\/www.tressis.com\/ca\/blog\/volatilidad-extrema-bolsas-europeas\/#primaryimage"},"thumbnailUrl":"https:\/\/www.tressis.com\/wp-content\/uploads\/2022\/03\/volatilidad-bolsas-europeas.jpg","datePublished":"2022-03-09T08:23:22+00:00","dateModified":"2022-03-17T08:12:58+00:00","description":"Volatilidad extrema un d\u00eda m\u00e1s en las bolsas europeas, la sesi\u00f3n de ayer comenz\u00f3 con ca\u00eddas del entorno del 2% que luego se borraron y dieron paso a las subidas, al conocerse que la UE est\u00e1 considerando una posible emisi\u00f3n de eurobonos para financiar los gastos de energ\u00eda y defensa, pero la decisi\u00f3n final se podr\u00eda tomar en la reuni\u00f3n que se celebrar\u00e1 a final de semana en Francia.","breadcrumb":{"@id":"https:\/\/www.tressis.com\/ca\/blog\/volatilidad-extrema-bolsas-europeas\/#breadcrumb"},"inLanguage":"ca","potentialAction":[{"@type":"ReadAction","target":["https:\/\/www.tressis.com\/ca\/blog\/volatilidad-extrema-bolsas-europeas\/"]}]},{"@type":"ImageObject","inLanguage":"ca","@id":"https:\/\/www.tressis.com\/ca\/blog\/volatilidad-extrema-bolsas-europeas\/#primaryimage","url":"https:\/\/www.tressis.com\/wp-content\/uploads\/2022\/03\/volatilidad-bolsas-europeas.jpg","contentUrl":"https:\/\/www.tressis.com\/wp-content\/uploads\/2022\/03\/volatilidad-bolsas-europeas.jpg","width":1100,"height":487},{"@type":"BreadcrumbList","@id":"https:\/\/www.tressis.com\/ca\/blog\/volatilidad-extrema-bolsas-europeas\/#breadcrumb","itemListElement":[{"@type":"ListItem","position":1,"name":"Inicio","item":"https:\/\/www.tressis.com\/ca\/"},{"@type":"ListItem","position":2,"name":"Morning meeting","item":"https:\/\/www.tressis.com\/ca\/blog\/categorias\/morning-meeting-ca\/"},{"@type":"ListItem","position":3,"name":"Volatilidad extrema en las bolsas europeas"}]},{"@type":"WebSite","@id":"https:\/\/www.tressis.com\/ca\/#website","url":"https:\/\/www.tressis.com\/ca\/","name":"Tressis banca privada","description":"Tressis | Planificaci\u00f3n financiera y gesti\u00f3n de patrimonios","publisher":{"@id":"https:\/\/www.tressis.com\/ca\/#organization"},"potentialAction":[{"@type":"SearchAction","target":{"@type":"EntryPoint","urlTemplate":"https:\/\/www.tressis.com\/ca\/?s={search_term_string}"},"query-input":{"@type":"PropertyValueSpecification","valueRequired":true,"valueName":"search_term_string"}}],"inLanguage":"ca"},{"@type":"Organization","@id":"https:\/\/www.tressis.com\/ca\/#organization","name":"Tressis","url":"https:\/\/www.tressis.com\/ca\/","logo":{"@type":"ImageObject","inLanguage":"ca","@id":"https:\/\/www.tressis.com\/ca\/#\/schema\/logo\/image\/","url":"https:\/\/www.tressis.com\/wp-content\/uploads\/2025\/06\/logo-tressis-112.png","contentUrl":"https:\/\/www.tressis.com\/wp-content\/uploads\/2025\/06\/logo-tressis-112.png","width":112,"height":112,"caption":"Tressis"},"image":{"@id":"https:\/\/www.tressis.com\/ca\/#\/schema\/logo\/image\/"},"sameAs":["https:\/\/www.facebook.com\/Tressis\/","https:\/\/x.com\/TressisSV","https:\/\/www.instagram.com\/tressissv\/?hl=es","https:\/\/linkedin.com\/company\/tressis\/","https:\/\/www.youtube.com\/user\/tressissv","https:\/\/open.spotify.com\/show\/3jmTe1Nf0wqMILl7diWV6h?si=d7112519f13c4593&nd=1"]},{"@type":"Person","@id":"https:\/\/www.tressis.com\/ca\/#\/schema\/person\/b833c1d724d8764920b6d6852c70584e","name":"Lola","image":{"@type":"ImageObject","inLanguage":"ca","@id":"https:\/\/secure.gravatar.com\/avatar\/05e646486b23ff45df9649110609c7e31b8c4a3e2821caa23d6317f405e0c51d?s=96&d=mm&r=g","url":"https:\/\/secure.gravatar.com\/avatar\/05e646486b23ff45df9649110609c7e31b8c4a3e2821caa23d6317f405e0c51d?s=96&d=mm&r=g","contentUrl":"https:\/\/secure.gravatar.com\/avatar\/05e646486b23ff45df9649110609c7e31b8c4a3e2821caa23d6317f405e0c51d?s=96&d=mm&r=g","caption":"Lola"}}]}},"_links":{"self":[{"href":"https:\/\/www.tressis.com\/ca\/wp-json\/wp\/v2\/posts\/55804","targetHints":{"allow":["GET"]}}],"collection":[{"href":"https:\/\/www.tressis.com\/ca\/wp-json\/wp\/v2\/posts"}],"about":[{"href":"https:\/\/www.tressis.com\/ca\/wp-json\/wp\/v2\/types\/post"}],"author":[{"embeddable":true,"href":"https:\/\/www.tressis.com\/ca\/wp-json\/wp\/v2\/users\/4"}],"replies":[{"embeddable":true,"href":"https:\/\/www.tressis.com\/ca\/wp-json\/wp\/v2\/comments?post=55804"}],"version-history":[{"count":0,"href":"https:\/\/www.tressis.com\/ca\/wp-json\/wp\/v2\/posts\/55804\/revisions"}],"wp:featuredmedia":[{"embeddable":true,"href":"https:\/\/www.tressis.com\/ca\/wp-json\/wp\/v2\/media\/55806"}],"wp:attachment":[{"href":"https:\/\/www.tressis.com\/ca\/wp-json\/wp\/v2\/media?parent=55804"}],"wp:term":[{"taxonomy":"category","embeddable":true,"href":"https:\/\/www.tressis.com\/ca\/wp-json\/wp\/v2\/categories?post=55804"},{"taxonomy":"post_tag","embeddable":true,"href":"https:\/\/www.tressis.com\/ca\/wp-json\/wp\/v2\/tags?post=55804"}],"curies":[{"name":"wp","href":"https:\/\/api.w.org\/{rel}","templated":true}]}}