{"id":55471,"date":"2022-02-18T10:16:48","date_gmt":"2022-02-18T09:16:48","guid":{"rendered":"https:\/\/www.tressis.com\/?p=55471"},"modified":"2022-02-18T12:44:04","modified_gmt":"2022-02-18T11:44:04","slug":"putin-amenaza","status":"publish","type":"post","link":"https:\/\/www.tressis.com\/ca\/blog\/putin-amenaza\/","title":{"rendered":"Putin amenaza con nuevas medidas de car\u00e1cter &#8220;t\u00e9cnico-militar&#8221;"},"content":{"rendered":"<p>Sin darnos casi cuenta hemos pasado de un mercado que se mov\u00eda al son de las nuevas variantes de la covid, de las restricciones y de las vacunas, a uno que se mueve al son de lo que sucede en la frontera entre Rusia y Ucrania. Ayer, unos mercados que abr\u00edan con un tono ligeramente positivo se giraban a la baja con el incremento de la tensi\u00f3n al, por un lado, comenzar a acusarse el gobierno ucraniano y separatistas prorrusos de ataques y, por otro, al amenazar Putin con nuevas medidas de car\u00e1cter \u201ct\u00e9cnico-militar\u201d (sea lo que sea lo que eso signifique) si la OTAN continuaba ignorando sus demandas. No obstante, el hecho de que el ministro de Asuntos Exteriores ruso, Sergu\u00e9i Lavrov, haya aceptado una reuni\u00f3n con el secretario de Estado americano, Anthony Blinken, es en s\u00ed mismo una noticia tranquilizadora. Sobre todo, si pensamos que el ruso pospuso esa reuni\u00f3n hasta finales de la pr\u00f3xima semana, lo que hace pensar a todo el mundo que, si Rusia pretende iniciar cualquier tipo de ataque a Ucrania, no ser\u00e1, al menos, hasta despu\u00e9s de esa reuni\u00f3n. En cualquier caso, la resoluci\u00f3n diplom\u00e1tica del conflicto contin\u00faa siendo nuestro escenario base.<\/p>\n<p>Evidentemente todo esto no ayuda a unos mercados que ya de por s\u00ed navegan por las aguas turbulentas que nos ha tra\u00eddo la inflaci\u00f3n. Ayer, como dec\u00edamos, nuevamente los \u00edndices americanos se giraban a la baja hacia el final de la sesi\u00f3n, mientras que las rentabilidades de los bonos soberanos se relajaban reflejando el vuelo hacia activos considerados seguros, pues tambi\u00e9n el oro o el yen japon\u00e9s se apreciaban. El hecho de que la deuda tuviese un d\u00eda positivo aun cuando James Bullard, presidente de la Fed de San Luis, volvi\u00f3 a repetir que en su opini\u00f3n deber\u00edamos ver una subida de tipos de 100 puntos b\u00e1sicos de aqu\u00ed a julio, quiere decir que esa posible actitud m\u00e1s dura <i>hawkish<\/i> por parte de la instituci\u00f3n ya est\u00e1 m\u00e1s que descontada por los mercados.<\/p>\n<p>Y es que el castigo al que se est\u00e1n viendo sometidas muchas compa\u00f1\u00edas a causa de la subida de los tipos nominales (que no reales) est\u00e1 obviando por completo los resultados empresariales, los cuales, de media y en Estados Unidos, est\u00e1n sorprendiendo al alza hasta un 6% en beneficios y un 3% en ventas. En Europa, aunque con menos compa\u00f1\u00edas habiendo reportado, la sorpresa tanto en beneficios como en ventas se sit\u00faa en el 5%. Estos datos, en cualquier otro entorno, ser\u00edan positivos para los inversores, pero hoy por hoy, la inflaci\u00f3n y Ucrania pesan m\u00e1s que el buen hacer de las compa\u00f1\u00edas y sus equipos directivos. Las tornas cambiar\u00e1n, eso seguro, lo \u00fanico que no podemos saber es cu\u00e1ndo.<\/p>\n<p>Buen fin de semana.<br \/>\n<center><strong>M\u00aa Salom\u00e9 Bouzas Romero<\/strong><br \/>\nAnalista <\/center><\/p>\n","protected":false},"excerpt":{"rendered":"<p>Sin darnos casi cuenta hemos pasado de un mercado que se mov\u00eda al son de las nuevas variantes de la covid, de las restricciones y de las vacunas, a uno que se mueve al son de lo que sucede en la frontera entre Rusia y Ucrania. Ayer, unos mercados que abr\u00edan con un tono ligeramente [&hellip;]<\/p>\n","protected":false},"author":4,"featured_media":55473,"comment_status":"open","ping_status":"open","sticky":false,"template":"","format":"standard","meta":{"_acf_changed":false,"footnotes":""},"categories":[9721],"tags":[3453,5310,5969,6761],"class_list":["post-55471","post","type-post","status-publish","format-standard","has-post-thumbnail","hentry","category-morning-meeting","tag-inflacion","tag-putin","tag-rusia","tag-ucrania"],"acf":[],"yoast_head":"<!-- This site is optimized with the Yoast SEO plugin v27.4 - https:\/\/yoast.com\/product\/yoast-seo-wordpress\/ -->\n<title>Putin amenaza con nuevas medidas de car\u00e1cter &quot;t\u00e9cnico-militar&quot;<\/title>\n<meta name=\"description\" content=\"El hecho de que el ministro de asuntos exteriores ruso, Sergu\u00e9i Lavrov, haya aceptado una reuni\u00f3n con el secretario de estado americano Anthony Blinken, es en s\u00ed mismo una noticia tranquilizadora. Sobre todo, si pensamos que el ruso pospuso esa reuni\u00f3n hasta finales de la pr\u00f3xima semana, lo que hace pensar a todo el mundo que, si Rusia pretende iniciar cualquier tipo de ataque a Ucrania, no ser\u00e1, al menos, hasta despu\u00e9s de esa reuni\u00f3n.\" \/>\n<meta name=\"robots\" content=\"index, follow, max-snippet:-1, max-image-preview:large, max-video-preview:-1\" \/>\n<link rel=\"canonical\" href=\"https:\/\/www.tressis.com\/ca\/blog\/putin-amenaza\/\" \/>\n<meta property=\"og:locale\" content=\"ca_ES\" \/>\n<meta property=\"og:type\" content=\"article\" \/>\n<meta property=\"og:title\" content=\"Putin amenaza con nuevas medidas de car\u00e1cter &quot;t\u00e9cnico-militar&quot;\" \/>\n<meta property=\"og:description\" content=\"El hecho de que el ministro de asuntos exteriores ruso, Sergu\u00e9i Lavrov, haya aceptado una reuni\u00f3n con el secretario de estado americano Anthony Blinken, es en s\u00ed mismo una noticia tranquilizadora. Sobre todo, si pensamos que el ruso pospuso esa reuni\u00f3n hasta finales de la pr\u00f3xima semana, lo que hace pensar a todo el mundo que, si Rusia pretende iniciar cualquier tipo de ataque a Ucrania, no ser\u00e1, al menos, hasta despu\u00e9s de esa reuni\u00f3n.\" \/>\n<meta property=\"og:url\" content=\"https:\/\/www.tressis.com\/ca\/blog\/putin-amenaza\/\" \/>\n<meta property=\"og:site_name\" content=\"Tressis\" \/>\n<meta property=\"article:publisher\" content=\"https:\/\/www.facebook.com\/Tressis\/\" \/>\n<meta property=\"article:published_time\" content=\"2022-02-18T09:16:48+00:00\" \/>\n<meta property=\"article:modified_time\" content=\"2022-02-18T11:44:04+00:00\" \/>\n<meta property=\"og:image\" content=\"https:\/\/www.tressis.com\/wp-content\/uploads\/2022\/02\/putin.jpg\" \/>\n\t<meta property=\"og:image:width\" content=\"1100\" \/>\n\t<meta property=\"og:image:height\" content=\"487\" \/>\n\t<meta property=\"og:image:type\" content=\"image\/jpeg\" \/>\n<meta name=\"author\" content=\"Lola\" \/>\n<meta name=\"twitter:card\" content=\"summary_large_image\" \/>\n<meta name=\"twitter:creator\" content=\"@TressisSV\" \/>\n<meta name=\"twitter:site\" content=\"@TressisSV\" \/>\n<meta name=\"twitter:label1\" content=\"Escrit per\" \/>\n\t<meta name=\"twitter:data1\" content=\"Lola\" \/>\n\t<meta name=\"twitter:label2\" content=\"Temps estimat de lectura\" \/>\n\t<meta name=\"twitter:data2\" content=\"2 minuts\" \/>\n<script type=\"application\/ld+json\" class=\"yoast-schema-graph\">{\"@context\":\"https:\\\/\\\/schema.org\",\"@graph\":[{\"@type\":\"Article\",\"@id\":\"https:\\\/\\\/www.tressis.com\\\/ca\\\/blog\\\/putin-amenaza\\\/#article\",\"isPartOf\":{\"@id\":\"https:\\\/\\\/www.tressis.com\\\/ca\\\/blog\\\/putin-amenaza\\\/\"},\"author\":{\"name\":\"Lola\",\"@id\":\"https:\\\/\\\/www.tressis.com\\\/ca\\\/#\\\/schema\\\/person\\\/b833c1d724d8764920b6d6852c70584e\"},\"headline\":\"Putin amenaza con nuevas medidas de car\u00e1cter &#8220;t\u00e9cnico-militar&#8221;\",\"datePublished\":\"2022-02-18T09:16:48+00:00\",\"dateModified\":\"2022-02-18T11:44:04+00:00\",\"mainEntityOfPage\":{\"@id\":\"https:\\\/\\\/www.tressis.com\\\/ca\\\/blog\\\/putin-amenaza\\\/\"},\"wordCount\":505,\"commentCount\":0,\"publisher\":{\"@id\":\"https:\\\/\\\/www.tressis.com\\\/ca\\\/#organization\"},\"image\":{\"@id\":\"https:\\\/\\\/www.tressis.com\\\/ca\\\/blog\\\/putin-amenaza\\\/#primaryimage\"},\"thumbnailUrl\":\"https:\\\/\\\/www.tressis.com\\\/wp-content\\\/uploads\\\/2022\\\/02\\\/putin.jpg\",\"keywords\":[\"inflaci\u00f3n\",\"Putin\",\"Rusia\",\"Ucrania\"],\"articleSection\":[\"Morning meeting\"],\"inLanguage\":\"ca\",\"potentialAction\":[{\"@type\":\"CommentAction\",\"name\":\"Comment\",\"target\":[\"https:\\\/\\\/www.tressis.com\\\/ca\\\/blog\\\/putin-amenaza\\\/#respond\"]}]},{\"@type\":\"WebPage\",\"@id\":\"https:\\\/\\\/www.tressis.com\\\/ca\\\/blog\\\/putin-amenaza\\\/\",\"url\":\"https:\\\/\\\/www.tressis.com\\\/ca\\\/blog\\\/putin-amenaza\\\/\",\"name\":\"Putin amenaza con nuevas medidas de car\u00e1cter \\\"t\u00e9cnico-militar\\\"\",\"isPartOf\":{\"@id\":\"https:\\\/\\\/www.tressis.com\\\/ca\\\/#website\"},\"primaryImageOfPage\":{\"@id\":\"https:\\\/\\\/www.tressis.com\\\/ca\\\/blog\\\/putin-amenaza\\\/#primaryimage\"},\"image\":{\"@id\":\"https:\\\/\\\/www.tressis.com\\\/ca\\\/blog\\\/putin-amenaza\\\/#primaryimage\"},\"thumbnailUrl\":\"https:\\\/\\\/www.tressis.com\\\/wp-content\\\/uploads\\\/2022\\\/02\\\/putin.jpg\",\"datePublished\":\"2022-02-18T09:16:48+00:00\",\"dateModified\":\"2022-02-18T11:44:04+00:00\",\"description\":\"El hecho de que el ministro de asuntos exteriores ruso, Sergu\u00e9i Lavrov, haya aceptado una reuni\u00f3n con el secretario de estado americano Anthony Blinken, es en s\u00ed mismo una noticia tranquilizadora. Sobre todo, si pensamos que el ruso pospuso esa reuni\u00f3n hasta finales de la pr\u00f3xima semana, lo que hace pensar a todo el mundo que, si Rusia pretende iniciar cualquier tipo de ataque a Ucrania, no ser\u00e1, al menos, hasta despu\u00e9s de esa reuni\u00f3n.\",\"breadcrumb\":{\"@id\":\"https:\\\/\\\/www.tressis.com\\\/ca\\\/blog\\\/putin-amenaza\\\/#breadcrumb\"},\"inLanguage\":\"ca\",\"potentialAction\":[{\"@type\":\"ReadAction\",\"target\":[\"https:\\\/\\\/www.tressis.com\\\/ca\\\/blog\\\/putin-amenaza\\\/\"]}]},{\"@type\":\"ImageObject\",\"inLanguage\":\"ca\",\"@id\":\"https:\\\/\\\/www.tressis.com\\\/ca\\\/blog\\\/putin-amenaza\\\/#primaryimage\",\"url\":\"https:\\\/\\\/www.tressis.com\\\/wp-content\\\/uploads\\\/2022\\\/02\\\/putin.jpg\",\"contentUrl\":\"https:\\\/\\\/www.tressis.com\\\/wp-content\\\/uploads\\\/2022\\\/02\\\/putin.jpg\",\"width\":1100,\"height\":487},{\"@type\":\"BreadcrumbList\",\"@id\":\"https:\\\/\\\/www.tressis.com\\\/ca\\\/blog\\\/putin-amenaza\\\/#breadcrumb\",\"itemListElement\":[{\"@type\":\"ListItem\",\"position\":1,\"name\":\"Inicio\",\"item\":\"https:\\\/\\\/www.tressis.com\\\/ca\\\/\"},{\"@type\":\"ListItem\",\"position\":2,\"name\":\"Morning meeting\",\"item\":\"https:\\\/\\\/www.tressis.com\\\/ca\\\/blog\\\/categorias\\\/morning-meeting-ca\\\/\"},{\"@type\":\"ListItem\",\"position\":3,\"name\":\"Putin amenaza con nuevas medidas de car\u00e1cter \u00abt\u00e9cnico-militar\u00bb\"}]},{\"@type\":\"WebSite\",\"@id\":\"https:\\\/\\\/www.tressis.com\\\/ca\\\/#website\",\"url\":\"https:\\\/\\\/www.tressis.com\\\/ca\\\/\",\"name\":\"Tressis banca privada\",\"description\":\"Tressis | Planificaci\u00f3n financiera y gesti\u00f3n de patrimonios\",\"publisher\":{\"@id\":\"https:\\\/\\\/www.tressis.com\\\/ca\\\/#organization\"},\"potentialAction\":[{\"@type\":\"SearchAction\",\"target\":{\"@type\":\"EntryPoint\",\"urlTemplate\":\"https:\\\/\\\/www.tressis.com\\\/ca\\\/?s={search_term_string}\"},\"query-input\":{\"@type\":\"PropertyValueSpecification\",\"valueRequired\":true,\"valueName\":\"search_term_string\"}}],\"inLanguage\":\"ca\"},{\"@type\":\"Organization\",\"@id\":\"https:\\\/\\\/www.tressis.com\\\/ca\\\/#organization\",\"name\":\"Tressis\",\"url\":\"https:\\\/\\\/www.tressis.com\\\/ca\\\/\",\"logo\":{\"@type\":\"ImageObject\",\"inLanguage\":\"ca\",\"@id\":\"https:\\\/\\\/www.tressis.com\\\/ca\\\/#\\\/schema\\\/logo\\\/image\\\/\",\"url\":\"https:\\\/\\\/www.tressis.com\\\/wp-content\\\/uploads\\\/2025\\\/06\\\/logo-tressis-112.png\",\"contentUrl\":\"https:\\\/\\\/www.tressis.com\\\/wp-content\\\/uploads\\\/2025\\\/06\\\/logo-tressis-112.png\",\"width\":112,\"height\":112,\"caption\":\"Tressis\"},\"image\":{\"@id\":\"https:\\\/\\\/www.tressis.com\\\/ca\\\/#\\\/schema\\\/logo\\\/image\\\/\"},\"sameAs\":[\"https:\\\/\\\/www.facebook.com\\\/Tressis\\\/\",\"https:\\\/\\\/x.com\\\/TressisSV\",\"https:\\\/\\\/www.instagram.com\\\/tressissv\\\/?hl=es\",\"https:\\\/\\\/linkedin.com\\\/company\\\/tressis\\\/\",\"https:\\\/\\\/www.youtube.com\\\/user\\\/tressissv\",\"https:\\\/\\\/open.spotify.com\\\/show\\\/3jmTe1Nf0wqMILl7diWV6h?si=d7112519f13c4593&nd=1\"]},{\"@type\":\"Person\",\"@id\":\"https:\\\/\\\/www.tressis.com\\\/ca\\\/#\\\/schema\\\/person\\\/b833c1d724d8764920b6d6852c70584e\",\"name\":\"Lola\",\"image\":{\"@type\":\"ImageObject\",\"inLanguage\":\"ca\",\"@id\":\"https:\\\/\\\/secure.gravatar.com\\\/avatar\\\/05e646486b23ff45df9649110609c7e31b8c4a3e2821caa23d6317f405e0c51d?s=96&d=mm&r=g\",\"url\":\"https:\\\/\\\/secure.gravatar.com\\\/avatar\\\/05e646486b23ff45df9649110609c7e31b8c4a3e2821caa23d6317f405e0c51d?s=96&d=mm&r=g\",\"contentUrl\":\"https:\\\/\\\/secure.gravatar.com\\\/avatar\\\/05e646486b23ff45df9649110609c7e31b8c4a3e2821caa23d6317f405e0c51d?s=96&d=mm&r=g\",\"caption\":\"Lola\"}}]}<\/script>\n<!-- \/ Yoast SEO plugin. -->","yoast_head_json":{"title":"Putin amenaza con nuevas medidas de car\u00e1cter \"t\u00e9cnico-militar\"","description":"El hecho de que el ministro de asuntos exteriores ruso, Sergu\u00e9i Lavrov, haya aceptado una reuni\u00f3n con el secretario de estado americano Anthony Blinken, es en s\u00ed mismo una noticia tranquilizadora. Sobre todo, si pensamos que el ruso pospuso esa reuni\u00f3n hasta finales de la pr\u00f3xima semana, lo que hace pensar a todo el mundo que, si Rusia pretende iniciar cualquier tipo de ataque a Ucrania, no ser\u00e1, al menos, hasta despu\u00e9s de esa reuni\u00f3n.","robots":{"index":"index","follow":"follow","max-snippet":"max-snippet:-1","max-image-preview":"max-image-preview:large","max-video-preview":"max-video-preview:-1"},"canonical":"https:\/\/www.tressis.com\/ca\/blog\/putin-amenaza\/","og_locale":"ca_ES","og_type":"article","og_title":"Putin amenaza con nuevas medidas de car\u00e1cter \"t\u00e9cnico-militar\"","og_description":"El hecho de que el ministro de asuntos exteriores ruso, Sergu\u00e9i Lavrov, haya aceptado una reuni\u00f3n con el secretario de estado americano Anthony Blinken, es en s\u00ed mismo una noticia tranquilizadora. Sobre todo, si pensamos que el ruso pospuso esa reuni\u00f3n hasta finales de la pr\u00f3xima semana, lo que hace pensar a todo el mundo que, si Rusia pretende iniciar cualquier tipo de ataque a Ucrania, no ser\u00e1, al menos, hasta despu\u00e9s de esa reuni\u00f3n.","og_url":"https:\/\/www.tressis.com\/ca\/blog\/putin-amenaza\/","og_site_name":"Tressis","article_publisher":"https:\/\/www.facebook.com\/Tressis\/","article_published_time":"2022-02-18T09:16:48+00:00","article_modified_time":"2022-02-18T11:44:04+00:00","og_image":[{"width":1100,"height":487,"url":"https:\/\/www.tressis.com\/wp-content\/uploads\/2022\/02\/putin.jpg","type":"image\/jpeg"}],"author":"Lola","twitter_card":"summary_large_image","twitter_creator":"@TressisSV","twitter_site":"@TressisSV","twitter_misc":{"Escrit per":"Lola","Temps estimat de lectura":"2 minuts"},"schema":{"@context":"https:\/\/schema.org","@graph":[{"@type":"Article","@id":"https:\/\/www.tressis.com\/ca\/blog\/putin-amenaza\/#article","isPartOf":{"@id":"https:\/\/www.tressis.com\/ca\/blog\/putin-amenaza\/"},"author":{"name":"Lola","@id":"https:\/\/www.tressis.com\/ca\/#\/schema\/person\/b833c1d724d8764920b6d6852c70584e"},"headline":"Putin amenaza con nuevas medidas de car\u00e1cter &#8220;t\u00e9cnico-militar&#8221;","datePublished":"2022-02-18T09:16:48+00:00","dateModified":"2022-02-18T11:44:04+00:00","mainEntityOfPage":{"@id":"https:\/\/www.tressis.com\/ca\/blog\/putin-amenaza\/"},"wordCount":505,"commentCount":0,"publisher":{"@id":"https:\/\/www.tressis.com\/ca\/#organization"},"image":{"@id":"https:\/\/www.tressis.com\/ca\/blog\/putin-amenaza\/#primaryimage"},"thumbnailUrl":"https:\/\/www.tressis.com\/wp-content\/uploads\/2022\/02\/putin.jpg","keywords":["inflaci\u00f3n","Putin","Rusia","Ucrania"],"articleSection":["Morning meeting"],"inLanguage":"ca","potentialAction":[{"@type":"CommentAction","name":"Comment","target":["https:\/\/www.tressis.com\/ca\/blog\/putin-amenaza\/#respond"]}]},{"@type":"WebPage","@id":"https:\/\/www.tressis.com\/ca\/blog\/putin-amenaza\/","url":"https:\/\/www.tressis.com\/ca\/blog\/putin-amenaza\/","name":"Putin amenaza con nuevas medidas de car\u00e1cter \"t\u00e9cnico-militar\"","isPartOf":{"@id":"https:\/\/www.tressis.com\/ca\/#website"},"primaryImageOfPage":{"@id":"https:\/\/www.tressis.com\/ca\/blog\/putin-amenaza\/#primaryimage"},"image":{"@id":"https:\/\/www.tressis.com\/ca\/blog\/putin-amenaza\/#primaryimage"},"thumbnailUrl":"https:\/\/www.tressis.com\/wp-content\/uploads\/2022\/02\/putin.jpg","datePublished":"2022-02-18T09:16:48+00:00","dateModified":"2022-02-18T11:44:04+00:00","description":"El hecho de que el ministro de asuntos exteriores ruso, Sergu\u00e9i Lavrov, haya aceptado una reuni\u00f3n con el secretario de estado americano Anthony Blinken, es en s\u00ed mismo una noticia tranquilizadora. Sobre todo, si pensamos que el ruso pospuso esa reuni\u00f3n hasta finales de la pr\u00f3xima semana, lo que hace pensar a todo el mundo que, si Rusia pretende iniciar cualquier tipo de ataque a Ucrania, no ser\u00e1, al menos, hasta despu\u00e9s de esa reuni\u00f3n.","breadcrumb":{"@id":"https:\/\/www.tressis.com\/ca\/blog\/putin-amenaza\/#breadcrumb"},"inLanguage":"ca","potentialAction":[{"@type":"ReadAction","target":["https:\/\/www.tressis.com\/ca\/blog\/putin-amenaza\/"]}]},{"@type":"ImageObject","inLanguage":"ca","@id":"https:\/\/www.tressis.com\/ca\/blog\/putin-amenaza\/#primaryimage","url":"https:\/\/www.tressis.com\/wp-content\/uploads\/2022\/02\/putin.jpg","contentUrl":"https:\/\/www.tressis.com\/wp-content\/uploads\/2022\/02\/putin.jpg","width":1100,"height":487},{"@type":"BreadcrumbList","@id":"https:\/\/www.tressis.com\/ca\/blog\/putin-amenaza\/#breadcrumb","itemListElement":[{"@type":"ListItem","position":1,"name":"Inicio","item":"https:\/\/www.tressis.com\/ca\/"},{"@type":"ListItem","position":2,"name":"Morning meeting","item":"https:\/\/www.tressis.com\/ca\/blog\/categorias\/morning-meeting-ca\/"},{"@type":"ListItem","position":3,"name":"Putin amenaza con nuevas medidas de car\u00e1cter \u00abt\u00e9cnico-militar\u00bb"}]},{"@type":"WebSite","@id":"https:\/\/www.tressis.com\/ca\/#website","url":"https:\/\/www.tressis.com\/ca\/","name":"Tressis banca privada","description":"Tressis | Planificaci\u00f3n financiera y gesti\u00f3n de patrimonios","publisher":{"@id":"https:\/\/www.tressis.com\/ca\/#organization"},"potentialAction":[{"@type":"SearchAction","target":{"@type":"EntryPoint","urlTemplate":"https:\/\/www.tressis.com\/ca\/?s={search_term_string}"},"query-input":{"@type":"PropertyValueSpecification","valueRequired":true,"valueName":"search_term_string"}}],"inLanguage":"ca"},{"@type":"Organization","@id":"https:\/\/www.tressis.com\/ca\/#organization","name":"Tressis","url":"https:\/\/www.tressis.com\/ca\/","logo":{"@type":"ImageObject","inLanguage":"ca","@id":"https:\/\/www.tressis.com\/ca\/#\/schema\/logo\/image\/","url":"https:\/\/www.tressis.com\/wp-content\/uploads\/2025\/06\/logo-tressis-112.png","contentUrl":"https:\/\/www.tressis.com\/wp-content\/uploads\/2025\/06\/logo-tressis-112.png","width":112,"height":112,"caption":"Tressis"},"image":{"@id":"https:\/\/www.tressis.com\/ca\/#\/schema\/logo\/image\/"},"sameAs":["https:\/\/www.facebook.com\/Tressis\/","https:\/\/x.com\/TressisSV","https:\/\/www.instagram.com\/tressissv\/?hl=es","https:\/\/linkedin.com\/company\/tressis\/","https:\/\/www.youtube.com\/user\/tressissv","https:\/\/open.spotify.com\/show\/3jmTe1Nf0wqMILl7diWV6h?si=d7112519f13c4593&nd=1"]},{"@type":"Person","@id":"https:\/\/www.tressis.com\/ca\/#\/schema\/person\/b833c1d724d8764920b6d6852c70584e","name":"Lola","image":{"@type":"ImageObject","inLanguage":"ca","@id":"https:\/\/secure.gravatar.com\/avatar\/05e646486b23ff45df9649110609c7e31b8c4a3e2821caa23d6317f405e0c51d?s=96&d=mm&r=g","url":"https:\/\/secure.gravatar.com\/avatar\/05e646486b23ff45df9649110609c7e31b8c4a3e2821caa23d6317f405e0c51d?s=96&d=mm&r=g","contentUrl":"https:\/\/secure.gravatar.com\/avatar\/05e646486b23ff45df9649110609c7e31b8c4a3e2821caa23d6317f405e0c51d?s=96&d=mm&r=g","caption":"Lola"}}]}},"_links":{"self":[{"href":"https:\/\/www.tressis.com\/ca\/wp-json\/wp\/v2\/posts\/55471","targetHints":{"allow":["GET"]}}],"collection":[{"href":"https:\/\/www.tressis.com\/ca\/wp-json\/wp\/v2\/posts"}],"about":[{"href":"https:\/\/www.tressis.com\/ca\/wp-json\/wp\/v2\/types\/post"}],"author":[{"embeddable":true,"href":"https:\/\/www.tressis.com\/ca\/wp-json\/wp\/v2\/users\/4"}],"replies":[{"embeddable":true,"href":"https:\/\/www.tressis.com\/ca\/wp-json\/wp\/v2\/comments?post=55471"}],"version-history":[{"count":0,"href":"https:\/\/www.tressis.com\/ca\/wp-json\/wp\/v2\/posts\/55471\/revisions"}],"wp:featuredmedia":[{"embeddable":true,"href":"https:\/\/www.tressis.com\/ca\/wp-json\/wp\/v2\/media\/55473"}],"wp:attachment":[{"href":"https:\/\/www.tressis.com\/ca\/wp-json\/wp\/v2\/media?parent=55471"}],"wp:term":[{"taxonomy":"category","embeddable":true,"href":"https:\/\/www.tressis.com\/ca\/wp-json\/wp\/v2\/categories?post=55471"},{"taxonomy":"post_tag","embeddable":true,"href":"https:\/\/www.tressis.com\/ca\/wp-json\/wp\/v2\/tags?post=55471"}],"curies":[{"name":"wp","href":"https:\/\/api.w.org\/{rel}","templated":true}]}}