{"id":55309,"date":"2022-02-15T08:50:35","date_gmt":"2022-02-15T07:50:35","guid":{"rendered":"https:\/\/www.tressis.com\/?p=55309"},"modified":"2022-02-15T12:20:58","modified_gmt":"2022-02-15T11:20:58","slug":"apertura-ayer-asustaba","status":"publish","type":"post","link":"https:\/\/www.tressis.com\/ca\/blog\/apertura-ayer-asustaba\/","title":{"rendered":"La apertura de ayer asustaba"},"content":{"rendered":"<p>La reuni\u00f3n por urgencia de la Fed no auguraba nada bueno y el mercado europeo amaneci\u00f3 con ca\u00eddas por encima del 3%. Sin embargo, las conclusiones que sacamos de esta reuni\u00f3n de urgencia son la posibilidad de la Fed de subir tipos en cualquier momento sin esperar a una reuni\u00f3n oficial, es decir, subir los tipos fuera del calendario establecido, algo que ven muy positivo los del equipo <i>hawkish<\/i> de la Fed, como el presidente de la Fed de San Luis, James Bullard, que exige acelerar las subidas cuanto antes y en mayor cantidad.<\/p>\n<p>Y esta preocupaci\u00f3n de la inflaci\u00f3n descontrolada se refleja en los precios de las materias primas, y si pens\u00e1bamos que los repuntes en precio iban a desaparecer en el 2021, nada m\u00e1s lejos de la realidad. El crudo WTI sube en el a\u00f1o un 26,27%, el Brent 23,53% y el gas\u00f3leo y petr\u00f3leo para calefacci\u00f3n por encima del 25%. Los metales suben de una forma m\u00e1s pausada, pero el sector agr\u00edcola preocupa con el caf\u00e9, ma\u00edz y algod\u00f3n, por encima del 10%, la soja en el 17% y el trigo un 2,40%. El \u00fanico que retrocede es el az\u00facar. Ser\u00e1 la moda <i>healthy<\/i>.<\/p>\n<p>Las bolsas en Europa fueron castigadas con ca\u00eddas muy pronunciadas: Eurostoxx 2,18%, CAC 40 2,27%, DAX 2,02% o Ibex 2,55%, y sin embargo el cierre americano fue m\u00e1s positivo de lo que se pod\u00eda esperar con el Nasdaq en tablas y el Dow Jones y el S&amp;P 500 con ca\u00eddas en -0,49% y -0,38% respetivamente.<\/p>\n<p>La situaci\u00f3n en la frontera ucraniana tampoco invita a ser muy optimistas con el mercado. Estados Unidos cambia su embajada retir\u00e1ndose a Lviv y mandando un mensaje de apoyo econ\u00f3mico al gobierno ucraniano con un pr\u00e9stamo de 1.000 millones de d\u00f3lares. Esperemos hoy buenas noticias por la reuni\u00f3n que tendr\u00e1n el canciller alem\u00e1n Olaf Scholz y Putin en la capital rusa.<\/p>\n<p>Pero volviendo a la situaci\u00f3n de los tipos de inter\u00e9s\u2026 \u00bfQu\u00e9 podemos esperar para los pr\u00f3ximos meses?<\/p>\n<p>El gr\u00e1fico refleja los tipos de inter\u00e9s a dos a\u00f1os en EE.UU., que se sit\u00faan en 1,56%, y la situaci\u00f3n del los Fed Funds en el 0,25% (con una inflaci\u00f3n por encima del 7%).<\/p>\n<p><img fetchpriority=\"high\" decoding=\"async\" class=\"aligncenter wp-image-55310 size-full\" src=\"https:\/\/www.tressis.com\/wp-content\/uploads\/2022\/02\/tipos-interes-eeuu.png\" alt=\"\" width=\"1552\" height=\"815\" srcset=\"https:\/\/www.tressis.com\/wp-content\/uploads\/2022\/02\/tipos-interes-eeuu.png 1552w, https:\/\/www.tressis.com\/wp-content\/uploads\/2022\/02\/tipos-interes-eeuu-300x158.png 300w, https:\/\/www.tressis.com\/wp-content\/uploads\/2022\/02\/tipos-interes-eeuu-1024x538.png 1024w, https:\/\/www.tressis.com\/wp-content\/uploads\/2022\/02\/tipos-interes-eeuu-768x403.png 768w, https:\/\/www.tressis.com\/wp-content\/uploads\/2022\/02\/tipos-interes-eeuu-1536x807.png 1536w\" sizes=\"(max-width: 1552px) 100vw, 1552px\" \/><\/p>\n<p>Por tanto, el mercado descuenta fuertes subidas en un tiempo m\u00e1s corto. Actualmente para el pr\u00f3ximo mes se espera una subida de 0,50%, para el verano llegar a 1,25%, para finales de este a\u00f1o tocar 1,70% y a un a\u00f1o desde hoy (febrero 2023) situarse por encima de 1,80%. \u00bfMuy agresivo? \u00bfExagerado? Veremos, pero no debemos olvidar que los datos macro son cada vez m\u00e1s pobres y los crecimientos m\u00e1s limitados y debemos empezar a pensar que la estanflaci\u00f3n no es un escenario tan lejano. Por tanto debemos ser algo m\u00e1s cautos con las subidas. En Europa, el mercado no descuenta subidas por parte del BCE, pero veremos a final de a\u00f1o una curva m\u00e1s positiva en el corto plazo con tipos desde -0,50% actuales hasta -0,05% para finales del a\u00f1o. En todo caso esperemos las proyecciones macroecon\u00f3micas que presentar\u00e1 Christine Lagarde el 10 de marzo, que nos servir\u00e1n para tomar decisiones.<\/p>\n<p>Los diferenciales de cr\u00e9dito siguen abri\u00e9ndose, con un aumento del 40% de media tanto para los bonos con grado de inversi\u00f3n como los bonos especulativos <i>high yield<\/i>. En Estados Unidos el movimiento no est\u00e1 siendo tan brusco, pero empezamos a ver rentabilidades interesantes para tomar posiciones. Si desde el lado del <i>equity<\/i> podemos pensar que sectores c\u00edclicos pueden ser castigados, desde el lado del bono pueden ser inversiones interesantes con rendimientos anualizados por encima del 3-4% actualmente en moneda euro.<\/p>\n<p>La volatilidad seguir\u00e1 alta y nos dar\u00e1 oportunidades de entrada en el mercado.<\/p>\n<p>Feliz martes.<\/p>\n<p><center><strong>Gonzalo Ram\u00edrez Celaya<\/strong><br \/>\nDirector de Renta Fija<\/center><\/p>\n","protected":false},"excerpt":{"rendered":"<p>La reuni\u00f3n por urgencia de la Fed no auguraba nada bueno y el mercado europeo amaneci\u00f3 con ca\u00eddas por encima del 3%. Sin embargo, las conclusiones que sacamos de esta reuni\u00f3n de urgencia son la posibilidad de la Fed de subir tipos en cualquier momento sin esperar a una reuni\u00f3n oficial, es decir, subir los [&hellip;]<\/p>\n","protected":false},"author":4,"featured_media":55311,"comment_status":"open","ping_status":"open","sticky":false,"template":"","format":"standard","meta":{"_acf_changed":false,"footnotes":""},"categories":[9721],"tags":[2720,3453,6617,6761],"class_list":["post-55309","post","type-post","status-publish","format-standard","has-post-thumbnail","hentry","category-morning-meeting","tag-fed","tag-inflacion","tag-tipos-de-interes","tag-ucrania"],"acf":[],"yoast_head":"<!-- This site is optimized with the Yoast SEO plugin v27.4 - https:\/\/yoast.com\/product\/yoast-seo-wordpress\/ -->\n<title>La apertura de ayer asustaba<\/title>\n<meta name=\"description\" content=\"La reuni\u00f3n por urgencia de la Fed, no auguraba nada bueno y el mercado europeo amaneci\u00f3 con ca\u00eddas por encima del 3%.\" \/>\n<meta name=\"robots\" content=\"index, follow, max-snippet:-1, max-image-preview:large, max-video-preview:-1\" \/>\n<link rel=\"canonical\" href=\"https:\/\/www.tressis.com\/ca\/blog\/apertura-ayer-asustaba\/\" \/>\n<meta property=\"og:locale\" content=\"ca_ES\" \/>\n<meta property=\"og:type\" content=\"article\" \/>\n<meta property=\"og:title\" content=\"La apertura de ayer asustaba\" \/>\n<meta property=\"og:description\" content=\"La reuni\u00f3n por urgencia de la Fed, no auguraba nada bueno y el mercado europeo amaneci\u00f3 con ca\u00eddas por encima del 3%.\" \/>\n<meta property=\"og:url\" content=\"https:\/\/www.tressis.com\/ca\/blog\/apertura-ayer-asustaba\/\" \/>\n<meta property=\"og:site_name\" content=\"Tressis\" \/>\n<meta property=\"article:publisher\" content=\"https:\/\/www.facebook.com\/Tressis\/\" \/>\n<meta property=\"article:published_time\" content=\"2022-02-15T07:50:35+00:00\" \/>\n<meta property=\"article:modified_time\" content=\"2022-02-15T11:20:58+00:00\" \/>\n<meta property=\"og:image\" content=\"https:\/\/www.tressis.com\/wp-content\/uploads\/2022\/02\/mercados-negativo.jpg\" \/>\n\t<meta property=\"og:image:width\" content=\"1100\" \/>\n\t<meta property=\"og:image:height\" content=\"487\" \/>\n\t<meta property=\"og:image:type\" content=\"image\/jpeg\" \/>\n<meta name=\"author\" content=\"Lola\" \/>\n<meta name=\"twitter:card\" content=\"summary_large_image\" \/>\n<meta name=\"twitter:creator\" content=\"@TressisSV\" \/>\n<meta name=\"twitter:site\" content=\"@TressisSV\" \/>\n<meta name=\"twitter:label1\" content=\"Escrit per\" \/>\n\t<meta name=\"twitter:data1\" content=\"Lola\" \/>\n\t<meta name=\"twitter:label2\" content=\"Temps estimat de lectura\" \/>\n\t<meta name=\"twitter:data2\" content=\"4 minuts\" \/>\n<script type=\"application\/ld+json\" class=\"yoast-schema-graph\">{\"@context\":\"https:\\\/\\\/schema.org\",\"@graph\":[{\"@type\":\"Article\",\"@id\":\"https:\\\/\\\/www.tressis.com\\\/ca\\\/blog\\\/apertura-ayer-asustaba\\\/#article\",\"isPartOf\":{\"@id\":\"https:\\\/\\\/www.tressis.com\\\/ca\\\/blog\\\/apertura-ayer-asustaba\\\/\"},\"author\":{\"name\":\"Lola\",\"@id\":\"https:\\\/\\\/www.tressis.com\\\/ca\\\/#\\\/schema\\\/person\\\/b833c1d724d8764920b6d6852c70584e\"},\"headline\":\"La apertura de ayer asustaba\",\"datePublished\":\"2022-02-15T07:50:35+00:00\",\"dateModified\":\"2022-02-15T11:20:58+00:00\",\"mainEntityOfPage\":{\"@id\":\"https:\\\/\\\/www.tressis.com\\\/ca\\\/blog\\\/apertura-ayer-asustaba\\\/\"},\"wordCount\":657,\"commentCount\":0,\"publisher\":{\"@id\":\"https:\\\/\\\/www.tressis.com\\\/ca\\\/#organization\"},\"image\":{\"@id\":\"https:\\\/\\\/www.tressis.com\\\/ca\\\/blog\\\/apertura-ayer-asustaba\\\/#primaryimage\"},\"thumbnailUrl\":\"https:\\\/\\\/www.tressis.com\\\/wp-content\\\/uploads\\\/2022\\\/02\\\/mercados-negativo.jpg\",\"keywords\":[\"fed\",\"inflaci\u00f3n\",\"tipos de inter\u00e9s\",\"Ucrania\"],\"articleSection\":[\"Morning meeting\"],\"inLanguage\":\"ca\",\"potentialAction\":[{\"@type\":\"CommentAction\",\"name\":\"Comment\",\"target\":[\"https:\\\/\\\/www.tressis.com\\\/ca\\\/blog\\\/apertura-ayer-asustaba\\\/#respond\"]}]},{\"@type\":\"WebPage\",\"@id\":\"https:\\\/\\\/www.tressis.com\\\/ca\\\/blog\\\/apertura-ayer-asustaba\\\/\",\"url\":\"https:\\\/\\\/www.tressis.com\\\/ca\\\/blog\\\/apertura-ayer-asustaba\\\/\",\"name\":\"La apertura de ayer asustaba\",\"isPartOf\":{\"@id\":\"https:\\\/\\\/www.tressis.com\\\/ca\\\/#website\"},\"primaryImageOfPage\":{\"@id\":\"https:\\\/\\\/www.tressis.com\\\/ca\\\/blog\\\/apertura-ayer-asustaba\\\/#primaryimage\"},\"image\":{\"@id\":\"https:\\\/\\\/www.tressis.com\\\/ca\\\/blog\\\/apertura-ayer-asustaba\\\/#primaryimage\"},\"thumbnailUrl\":\"https:\\\/\\\/www.tressis.com\\\/wp-content\\\/uploads\\\/2022\\\/02\\\/mercados-negativo.jpg\",\"datePublished\":\"2022-02-15T07:50:35+00:00\",\"dateModified\":\"2022-02-15T11:20:58+00:00\",\"description\":\"La reuni\u00f3n por urgencia de la Fed, no auguraba nada bueno y el mercado europeo amaneci\u00f3 con ca\u00eddas por encima del 3%.\",\"breadcrumb\":{\"@id\":\"https:\\\/\\\/www.tressis.com\\\/ca\\\/blog\\\/apertura-ayer-asustaba\\\/#breadcrumb\"},\"inLanguage\":\"ca\",\"potentialAction\":[{\"@type\":\"ReadAction\",\"target\":[\"https:\\\/\\\/www.tressis.com\\\/ca\\\/blog\\\/apertura-ayer-asustaba\\\/\"]}]},{\"@type\":\"ImageObject\",\"inLanguage\":\"ca\",\"@id\":\"https:\\\/\\\/www.tressis.com\\\/ca\\\/blog\\\/apertura-ayer-asustaba\\\/#primaryimage\",\"url\":\"https:\\\/\\\/www.tressis.com\\\/wp-content\\\/uploads\\\/2022\\\/02\\\/mercados-negativo.jpg\",\"contentUrl\":\"https:\\\/\\\/www.tressis.com\\\/wp-content\\\/uploads\\\/2022\\\/02\\\/mercados-negativo.jpg\",\"width\":1100,\"height\":487},{\"@type\":\"BreadcrumbList\",\"@id\":\"https:\\\/\\\/www.tressis.com\\\/ca\\\/blog\\\/apertura-ayer-asustaba\\\/#breadcrumb\",\"itemListElement\":[{\"@type\":\"ListItem\",\"position\":1,\"name\":\"Inicio\",\"item\":\"https:\\\/\\\/www.tressis.com\\\/ca\\\/\"},{\"@type\":\"ListItem\",\"position\":2,\"name\":\"Morning meeting\",\"item\":\"https:\\\/\\\/www.tressis.com\\\/ca\\\/blog\\\/categorias\\\/morning-meeting-ca\\\/\"},{\"@type\":\"ListItem\",\"position\":3,\"name\":\"La apertura de ayer asustaba\"}]},{\"@type\":\"WebSite\",\"@id\":\"https:\\\/\\\/www.tressis.com\\\/ca\\\/#website\",\"url\":\"https:\\\/\\\/www.tressis.com\\\/ca\\\/\",\"name\":\"Tressis banca privada\",\"description\":\"Tressis | Planificaci\u00f3n financiera y gesti\u00f3n de patrimonios\",\"publisher\":{\"@id\":\"https:\\\/\\\/www.tressis.com\\\/ca\\\/#organization\"},\"potentialAction\":[{\"@type\":\"SearchAction\",\"target\":{\"@type\":\"EntryPoint\",\"urlTemplate\":\"https:\\\/\\\/www.tressis.com\\\/ca\\\/?s={search_term_string}\"},\"query-input\":{\"@type\":\"PropertyValueSpecification\",\"valueRequired\":true,\"valueName\":\"search_term_string\"}}],\"inLanguage\":\"ca\"},{\"@type\":\"Organization\",\"@id\":\"https:\\\/\\\/www.tressis.com\\\/ca\\\/#organization\",\"name\":\"Tressis\",\"url\":\"https:\\\/\\\/www.tressis.com\\\/ca\\\/\",\"logo\":{\"@type\":\"ImageObject\",\"inLanguage\":\"ca\",\"@id\":\"https:\\\/\\\/www.tressis.com\\\/ca\\\/#\\\/schema\\\/logo\\\/image\\\/\",\"url\":\"https:\\\/\\\/www.tressis.com\\\/wp-content\\\/uploads\\\/2025\\\/06\\\/logo-tressis-112.png\",\"contentUrl\":\"https:\\\/\\\/www.tressis.com\\\/wp-content\\\/uploads\\\/2025\\\/06\\\/logo-tressis-112.png\",\"width\":112,\"height\":112,\"caption\":\"Tressis\"},\"image\":{\"@id\":\"https:\\\/\\\/www.tressis.com\\\/ca\\\/#\\\/schema\\\/logo\\\/image\\\/\"},\"sameAs\":[\"https:\\\/\\\/www.facebook.com\\\/Tressis\\\/\",\"https:\\\/\\\/x.com\\\/TressisSV\",\"https:\\\/\\\/www.instagram.com\\\/tressissv\\\/?hl=es\",\"https:\\\/\\\/linkedin.com\\\/company\\\/tressis\\\/\",\"https:\\\/\\\/www.youtube.com\\\/user\\\/tressissv\",\"https:\\\/\\\/open.spotify.com\\\/show\\\/3jmTe1Nf0wqMILl7diWV6h?si=d7112519f13c4593&nd=1\"]},{\"@type\":\"Person\",\"@id\":\"https:\\\/\\\/www.tressis.com\\\/ca\\\/#\\\/schema\\\/person\\\/b833c1d724d8764920b6d6852c70584e\",\"name\":\"Lola\",\"image\":{\"@type\":\"ImageObject\",\"inLanguage\":\"ca\",\"@id\":\"https:\\\/\\\/secure.gravatar.com\\\/avatar\\\/05e646486b23ff45df9649110609c7e31b8c4a3e2821caa23d6317f405e0c51d?s=96&d=mm&r=g\",\"url\":\"https:\\\/\\\/secure.gravatar.com\\\/avatar\\\/05e646486b23ff45df9649110609c7e31b8c4a3e2821caa23d6317f405e0c51d?s=96&d=mm&r=g\",\"contentUrl\":\"https:\\\/\\\/secure.gravatar.com\\\/avatar\\\/05e646486b23ff45df9649110609c7e31b8c4a3e2821caa23d6317f405e0c51d?s=96&d=mm&r=g\",\"caption\":\"Lola\"}}]}<\/script>\n<!-- \/ Yoast SEO plugin. -->","yoast_head_json":{"title":"La apertura de ayer asustaba","description":"La reuni\u00f3n por urgencia de la Fed, no auguraba nada bueno y el mercado europeo amaneci\u00f3 con ca\u00eddas por encima del 3%.","robots":{"index":"index","follow":"follow","max-snippet":"max-snippet:-1","max-image-preview":"max-image-preview:large","max-video-preview":"max-video-preview:-1"},"canonical":"https:\/\/www.tressis.com\/ca\/blog\/apertura-ayer-asustaba\/","og_locale":"ca_ES","og_type":"article","og_title":"La apertura de ayer asustaba","og_description":"La reuni\u00f3n por urgencia de la Fed, no auguraba nada bueno y el mercado europeo amaneci\u00f3 con ca\u00eddas por encima del 3%.","og_url":"https:\/\/www.tressis.com\/ca\/blog\/apertura-ayer-asustaba\/","og_site_name":"Tressis","article_publisher":"https:\/\/www.facebook.com\/Tressis\/","article_published_time":"2022-02-15T07:50:35+00:00","article_modified_time":"2022-02-15T11:20:58+00:00","og_image":[{"width":1100,"height":487,"url":"https:\/\/www.tressis.com\/wp-content\/uploads\/2022\/02\/mercados-negativo.jpg","type":"image\/jpeg"}],"author":"Lola","twitter_card":"summary_large_image","twitter_creator":"@TressisSV","twitter_site":"@TressisSV","twitter_misc":{"Escrit per":"Lola","Temps estimat de lectura":"4 minuts"},"schema":{"@context":"https:\/\/schema.org","@graph":[{"@type":"Article","@id":"https:\/\/www.tressis.com\/ca\/blog\/apertura-ayer-asustaba\/#article","isPartOf":{"@id":"https:\/\/www.tressis.com\/ca\/blog\/apertura-ayer-asustaba\/"},"author":{"name":"Lola","@id":"https:\/\/www.tressis.com\/ca\/#\/schema\/person\/b833c1d724d8764920b6d6852c70584e"},"headline":"La apertura de ayer asustaba","datePublished":"2022-02-15T07:50:35+00:00","dateModified":"2022-02-15T11:20:58+00:00","mainEntityOfPage":{"@id":"https:\/\/www.tressis.com\/ca\/blog\/apertura-ayer-asustaba\/"},"wordCount":657,"commentCount":0,"publisher":{"@id":"https:\/\/www.tressis.com\/ca\/#organization"},"image":{"@id":"https:\/\/www.tressis.com\/ca\/blog\/apertura-ayer-asustaba\/#primaryimage"},"thumbnailUrl":"https:\/\/www.tressis.com\/wp-content\/uploads\/2022\/02\/mercados-negativo.jpg","keywords":["fed","inflaci\u00f3n","tipos de inter\u00e9s","Ucrania"],"articleSection":["Morning meeting"],"inLanguage":"ca","potentialAction":[{"@type":"CommentAction","name":"Comment","target":["https:\/\/www.tressis.com\/ca\/blog\/apertura-ayer-asustaba\/#respond"]}]},{"@type":"WebPage","@id":"https:\/\/www.tressis.com\/ca\/blog\/apertura-ayer-asustaba\/","url":"https:\/\/www.tressis.com\/ca\/blog\/apertura-ayer-asustaba\/","name":"La apertura de ayer asustaba","isPartOf":{"@id":"https:\/\/www.tressis.com\/ca\/#website"},"primaryImageOfPage":{"@id":"https:\/\/www.tressis.com\/ca\/blog\/apertura-ayer-asustaba\/#primaryimage"},"image":{"@id":"https:\/\/www.tressis.com\/ca\/blog\/apertura-ayer-asustaba\/#primaryimage"},"thumbnailUrl":"https:\/\/www.tressis.com\/wp-content\/uploads\/2022\/02\/mercados-negativo.jpg","datePublished":"2022-02-15T07:50:35+00:00","dateModified":"2022-02-15T11:20:58+00:00","description":"La reuni\u00f3n por urgencia de la Fed, no auguraba nada bueno y el mercado europeo amaneci\u00f3 con ca\u00eddas por encima del 3%.","breadcrumb":{"@id":"https:\/\/www.tressis.com\/ca\/blog\/apertura-ayer-asustaba\/#breadcrumb"},"inLanguage":"ca","potentialAction":[{"@type":"ReadAction","target":["https:\/\/www.tressis.com\/ca\/blog\/apertura-ayer-asustaba\/"]}]},{"@type":"ImageObject","inLanguage":"ca","@id":"https:\/\/www.tressis.com\/ca\/blog\/apertura-ayer-asustaba\/#primaryimage","url":"https:\/\/www.tressis.com\/wp-content\/uploads\/2022\/02\/mercados-negativo.jpg","contentUrl":"https:\/\/www.tressis.com\/wp-content\/uploads\/2022\/02\/mercados-negativo.jpg","width":1100,"height":487},{"@type":"BreadcrumbList","@id":"https:\/\/www.tressis.com\/ca\/blog\/apertura-ayer-asustaba\/#breadcrumb","itemListElement":[{"@type":"ListItem","position":1,"name":"Inicio","item":"https:\/\/www.tressis.com\/ca\/"},{"@type":"ListItem","position":2,"name":"Morning meeting","item":"https:\/\/www.tressis.com\/ca\/blog\/categorias\/morning-meeting-ca\/"},{"@type":"ListItem","position":3,"name":"La apertura de ayer asustaba"}]},{"@type":"WebSite","@id":"https:\/\/www.tressis.com\/ca\/#website","url":"https:\/\/www.tressis.com\/ca\/","name":"Tressis banca privada","description":"Tressis | Planificaci\u00f3n financiera y gesti\u00f3n de patrimonios","publisher":{"@id":"https:\/\/www.tressis.com\/ca\/#organization"},"potentialAction":[{"@type":"SearchAction","target":{"@type":"EntryPoint","urlTemplate":"https:\/\/www.tressis.com\/ca\/?s={search_term_string}"},"query-input":{"@type":"PropertyValueSpecification","valueRequired":true,"valueName":"search_term_string"}}],"inLanguage":"ca"},{"@type":"Organization","@id":"https:\/\/www.tressis.com\/ca\/#organization","name":"Tressis","url":"https:\/\/www.tressis.com\/ca\/","logo":{"@type":"ImageObject","inLanguage":"ca","@id":"https:\/\/www.tressis.com\/ca\/#\/schema\/logo\/image\/","url":"https:\/\/www.tressis.com\/wp-content\/uploads\/2025\/06\/logo-tressis-112.png","contentUrl":"https:\/\/www.tressis.com\/wp-content\/uploads\/2025\/06\/logo-tressis-112.png","width":112,"height":112,"caption":"Tressis"},"image":{"@id":"https:\/\/www.tressis.com\/ca\/#\/schema\/logo\/image\/"},"sameAs":["https:\/\/www.facebook.com\/Tressis\/","https:\/\/x.com\/TressisSV","https:\/\/www.instagram.com\/tressissv\/?hl=es","https:\/\/linkedin.com\/company\/tressis\/","https:\/\/www.youtube.com\/user\/tressissv","https:\/\/open.spotify.com\/show\/3jmTe1Nf0wqMILl7diWV6h?si=d7112519f13c4593&nd=1"]},{"@type":"Person","@id":"https:\/\/www.tressis.com\/ca\/#\/schema\/person\/b833c1d724d8764920b6d6852c70584e","name":"Lola","image":{"@type":"ImageObject","inLanguage":"ca","@id":"https:\/\/secure.gravatar.com\/avatar\/05e646486b23ff45df9649110609c7e31b8c4a3e2821caa23d6317f405e0c51d?s=96&d=mm&r=g","url":"https:\/\/secure.gravatar.com\/avatar\/05e646486b23ff45df9649110609c7e31b8c4a3e2821caa23d6317f405e0c51d?s=96&d=mm&r=g","contentUrl":"https:\/\/secure.gravatar.com\/avatar\/05e646486b23ff45df9649110609c7e31b8c4a3e2821caa23d6317f405e0c51d?s=96&d=mm&r=g","caption":"Lola"}}]}},"_links":{"self":[{"href":"https:\/\/www.tressis.com\/ca\/wp-json\/wp\/v2\/posts\/55309","targetHints":{"allow":["GET"]}}],"collection":[{"href":"https:\/\/www.tressis.com\/ca\/wp-json\/wp\/v2\/posts"}],"about":[{"href":"https:\/\/www.tressis.com\/ca\/wp-json\/wp\/v2\/types\/post"}],"author":[{"embeddable":true,"href":"https:\/\/www.tressis.com\/ca\/wp-json\/wp\/v2\/users\/4"}],"replies":[{"embeddable":true,"href":"https:\/\/www.tressis.com\/ca\/wp-json\/wp\/v2\/comments?post=55309"}],"version-history":[{"count":0,"href":"https:\/\/www.tressis.com\/ca\/wp-json\/wp\/v2\/posts\/55309\/revisions"}],"wp:featuredmedia":[{"embeddable":true,"href":"https:\/\/www.tressis.com\/ca\/wp-json\/wp\/v2\/media\/55311"}],"wp:attachment":[{"href":"https:\/\/www.tressis.com\/ca\/wp-json\/wp\/v2\/media?parent=55309"}],"wp:term":[{"taxonomy":"category","embeddable":true,"href":"https:\/\/www.tressis.com\/ca\/wp-json\/wp\/v2\/categories?post=55309"},{"taxonomy":"post_tag","embeddable":true,"href":"https:\/\/www.tressis.com\/ca\/wp-json\/wp\/v2\/tags?post=55309"}],"curies":[{"name":"wp","href":"https:\/\/api.w.org\/{rel}","templated":true}]}}