{"id":54396,"date":"2022-01-25T09:38:33","date_gmt":"2022-01-25T08:38:33","guid":{"rendered":"https:\/\/www.tressis.com\/?p=54396"},"modified":"2022-01-25T12:55:52","modified_gmt":"2022-01-25T11:55:52","slug":"eleccion-draghi-problema-estabilidad-politica","status":"publish","type":"post","link":"https:\/\/www.tressis.com\/ca\/blog\/eleccion-draghi-problema-estabilidad-politica\/","title":{"rendered":"La posible elecci\u00f3n de Draghi, \u00bfun nuevo problema de estabilidad pol\u00edtica?"},"content":{"rendered":"<p>Ayer vivimos una jornada de grandes ca\u00eddas en las principales bolsas europeas donde destaca el Euro Stoxx con un -4,14% situ\u00e1ndose en 4054,33 puntos, el valor m\u00e1s bajo desde que empez\u00f3 2022, principalmente debido a las ca\u00eddas producidas en el sector tecnolog\u00eda de la informaci\u00f3n (-6,40%), el sector industrial (-4,77%) y el sector de productos de consumo no b\u00e1sicos (-4,68%). El IBEX 35, por su parte, cerr\u00f3 ayer tambi\u00e9n en negativo apunt\u00e1ndose un -3,18% y qued\u00e1ndose en los 8417.80 puntos, tambi\u00e9n el valor m\u00e1s bajo desde que empez\u00f3 2022. Destacan las ca\u00eddas en el sector materiales (-6,91%) y el sector salud (-5,77%). El FTSE 100 del Reino Unido un -4,02%, el CAC 40 franc\u00e9s un -3,97%, el DAX alem\u00e1n un -3,80% y el FTSE MIB italiano un -4,02%.<\/p>\n<p>El mercado se pregunta si el conflicto Rusia-Ucrania acabar\u00e1 con sanciones fuertes para Rusia (que produce el 12% del crudo global y el 17% del gas natural, con el 40% de su producci\u00f3n de gas yendo a Europa, y significando casi el 45% del que importa Europa), Estados Unidos sigue insistiendo en una respuesta r\u00e1pida y severa si Rusia invade Ucrania. En Italia se inician las elecciones para elegir al pr\u00f3ximo presidente de la Rep\u00fablica, con tres rondas de votaci\u00f3n durante los pr\u00f3ximos d\u00edas, aunque podr\u00eda haber rondas adicionales. El favorito para ocupar el sill\u00f3n es Mario Draghi, actual presidente del Consejo de Ministros, aunque suenan otros nombres de pol\u00edticos, artistas y otras personalidades. La posible elecci\u00f3n de Draghi podr\u00eda suponer un nuevo problema de estabilidad pol\u00edtica tras su salida del Ejecutivo.<\/p>\n<p>En el frente macro se publicaron cuatro importantes datos en EE.UU.: el Chicago Fed National Activity Index de diciembre del 2021, que ha pasado de un 0,37 a un -0,15, el Markit US Manufacturing PMI de enero 2022 que ha pasado de un 57,7 a un 55, el Markit US Services PMI de enero 2022 que ha pasado de un 57,6 a 50,9 y el Markit US Composite PMI de enero 2022 que ha pasado de 57 a 50,8.<\/p>\n<p>La bolsa americana, al contrario de la europea, cerr\u00f3 con ligeras subidas en sus principales \u00edndices, concretamente el \u00edndice Dow Jones cerr\u00f3 con un +0,29% destacando la subida del sector de productos de consumo no b\u00e1sico (+2,25%). El S&amp;P 500 se apunt\u00f3 un +0,28% tambi\u00e9n impulsado por el buen comportamiento del sector productos de consumo no b\u00e1sico (+1,21%). El Nasdaq fue el que obtuvo una mayor subida con un +0,63%.<\/p>\n<p>El mi\u00e9rcoles tenemos la reuni\u00f3n de la Fed, que esperamos que deje claras las altas probabilidades de empezar a subir tipos en la reuni\u00f3n de mediados de marzo y confirme el ritmo de reducci\u00f3n de compras de activos que coment\u00f3 en diciembre. La idea es que la Fed reduzca el ritmo de compras desde 60.000 millones de d\u00f3lares mensuales a 30.000 millones de d\u00f3lares a partir de mediados de febrero. Los buenos datos de empleo de diciembre y una inflaci\u00f3n que toca el 7% son los principales argumentos para justificar una Fed m\u00e1s agresiva en la subida de tipos.<\/p>\n<p>En Asia y Pac\u00edfico ayer, vimos c\u00f3mo en China el CSI 300 subi\u00f3 un +0,16%, el \u00edndice Hang Seng de Hong Kong obtuvo un -1,24%, el \u00edndice Nikkei japon\u00e9s se apunt\u00f3 un +0,24% y destacan las subidas en los sectores de energ\u00eda y bienes inmobiliarios con un +2,42% y +1,63% respectivamente. El \u00fanico sector con p\u00e9rdidas fue el de servicios de comunicaci\u00f3n con un -1,22%, y el S&amp;P\/ASX 200 de Australia cerr\u00f3 en negativo con un -0,51% lastrado principalmente por las ca\u00eddas en los sectores de la tecnolog\u00eda de la informaci\u00f3n, servicios p\u00fablicos y materiales.<\/p>\n<p>Los bonos recuperan su condici\u00f3n de refugio. La aversi\u00f3n al riesgo atrae a los inversores de nuevo a los bonos soberanos de mayor calidad. En Europa todos sus bonos a diez a\u00f1os han tenido una jornada positiva con subidas en sus precios, destacando el Alem\u00e1n con un +0,425% y qued\u00e1ndose con una TIR del -0,11%. Adem\u00e1s en los bonos del Tesoro estadounidense a diez a\u00f1os la rentabilidad a vencimiento menos los costes de cobertura para euro y yen se encuentran en m\u00e1ximos desde 2016.<\/p>\n<p><center><strong>Jes\u00fas Cabrero Cabello<\/strong><br \/>\nAnalista<\/center><\/p>\n","protected":false},"excerpt":{"rendered":"<p>Ayer vivimos una jornada de grandes ca\u00eddas en las principales bolsas europeas donde destaca el Euro Stoxx con un -4,14% situ\u00e1ndose en 4054,33 puntos, el valor m\u00e1s bajo desde que empez\u00f3 2022, principalmente debido a las ca\u00eddas producidas en el sector tecnolog\u00eda de la informaci\u00f3n (-6,40%), el sector industrial (-4,77%) y el sector de productos [&hellip;]<\/p>\n","protected":false},"author":4,"featured_media":54399,"comment_status":"open","ping_status":"open","sticky":false,"template":"","format":"standard","meta":{"_acf_changed":false,"footnotes":""},"categories":[9721],"tags":[2129,2720,3453,8582,5969,6355,6761],"class_list":["post-54396","post","type-post","status-publish","format-standard","has-post-thumbnail","hentry","category-morning-meeting","tag-draghi","tag-fed","tag-inflacion","tag-omi","tag-rusia","tag-subida-tipos","tag-ucrania"],"acf":[],"yoast_head":"<!-- This site is optimized with the Yoast SEO plugin v27.4 - https:\/\/yoast.com\/product\/yoast-seo-wordpress\/ -->\n<title>La posible elecci\u00f3n de Draghi, \u00bfun nuevo problema de estabilidad pol\u00edtica?<\/title>\n<meta name=\"description\" content=\"En Italia se inician las elecciones para elegir al pr\u00f3ximo presidente de la Rep\u00fablica, con tres rondas de votaci\u00f3n durante los pr\u00f3ximos d\u00edas, aunque podr\u00eda haber rondas adicionales. El favorito para ocupar el sill\u00f3n es Mario Draghi, actual presidente del Consejo de Ministros, aunque suenan otros nombres de pol\u00edticos, artistas y otras personalidades. La posible elecci\u00f3n de Draghi podr\u00eda suponer un nuevo problema de estabilidad pol\u00edtica tras su salida del Ejecutivo.\" \/>\n<meta name=\"robots\" content=\"index, follow, max-snippet:-1, max-image-preview:large, max-video-preview:-1\" \/>\n<link rel=\"canonical\" href=\"https:\/\/www.tressis.com\/ca\/blog\/eleccion-draghi-problema-estabilidad-politica\/\" \/>\n<meta property=\"og:locale\" content=\"ca_ES\" \/>\n<meta property=\"og:type\" content=\"article\" \/>\n<meta property=\"og:title\" content=\"La posible elecci\u00f3n de Draghi, \u00bfun nuevo problema de estabilidad pol\u00edtica?\" \/>\n<meta property=\"og:description\" content=\"En Italia se inician las elecciones para elegir al pr\u00f3ximo presidente de la Rep\u00fablica, con tres rondas de votaci\u00f3n durante los pr\u00f3ximos d\u00edas, aunque podr\u00eda haber rondas adicionales. El favorito para ocupar el sill\u00f3n es Mario Draghi, actual presidente del Consejo de Ministros, aunque suenan otros nombres de pol\u00edticos, artistas y otras personalidades. La posible elecci\u00f3n de Draghi podr\u00eda suponer un nuevo problema de estabilidad pol\u00edtica tras su salida del Ejecutivo.\" \/>\n<meta property=\"og:url\" content=\"https:\/\/www.tressis.com\/ca\/blog\/eleccion-draghi-problema-estabilidad-politica\/\" \/>\n<meta property=\"og:site_name\" content=\"Tressis\" \/>\n<meta property=\"article:publisher\" content=\"https:\/\/www.facebook.com\/Tressis\/\" \/>\n<meta property=\"article:published_time\" content=\"2022-01-25T08:38:33+00:00\" \/>\n<meta property=\"article:modified_time\" content=\"2022-01-25T11:55:52+00:00\" \/>\n<meta property=\"og:image\" content=\"https:\/\/www.tressis.com\/wp-content\/uploads\/2022\/01\/mario-draghi.jpg\" \/>\n\t<meta property=\"og:image:width\" content=\"1100\" \/>\n\t<meta property=\"og:image:height\" content=\"487\" \/>\n\t<meta property=\"og:image:type\" content=\"image\/jpeg\" \/>\n<meta name=\"author\" content=\"Lola\" \/>\n<meta name=\"twitter:card\" content=\"summary_large_image\" \/>\n<meta name=\"twitter:creator\" content=\"@TressisSV\" \/>\n<meta name=\"twitter:site\" content=\"@TressisSV\" \/>\n<meta name=\"twitter:label1\" content=\"Escrit per\" \/>\n\t<meta name=\"twitter:data1\" content=\"Lola\" \/>\n\t<meta name=\"twitter:label2\" content=\"Temps estimat de lectura\" \/>\n\t<meta name=\"twitter:data2\" content=\"4 minuts\" \/>\n<script type=\"application\/ld+json\" class=\"yoast-schema-graph\">{\"@context\":\"https:\\\/\\\/schema.org\",\"@graph\":[{\"@type\":\"Article\",\"@id\":\"https:\\\/\\\/www.tressis.com\\\/ca\\\/blog\\\/eleccion-draghi-problema-estabilidad-politica\\\/#article\",\"isPartOf\":{\"@id\":\"https:\\\/\\\/www.tressis.com\\\/ca\\\/blog\\\/eleccion-draghi-problema-estabilidad-politica\\\/\"},\"author\":{\"name\":\"Lola\",\"@id\":\"https:\\\/\\\/www.tressis.com\\\/ca\\\/#\\\/schema\\\/person\\\/b833c1d724d8764920b6d6852c70584e\"},\"headline\":\"La posible elecci\u00f3n de Draghi, \u00bfun nuevo problema de estabilidad pol\u00edtica?\",\"datePublished\":\"2022-01-25T08:38:33+00:00\",\"dateModified\":\"2022-01-25T11:55:52+00:00\",\"mainEntityOfPage\":{\"@id\":\"https:\\\/\\\/www.tressis.com\\\/ca\\\/blog\\\/eleccion-draghi-problema-estabilidad-politica\\\/\"},\"wordCount\":729,\"commentCount\":0,\"publisher\":{\"@id\":\"https:\\\/\\\/www.tressis.com\\\/ca\\\/#organization\"},\"image\":{\"@id\":\"https:\\\/\\\/www.tressis.com\\\/ca\\\/blog\\\/eleccion-draghi-problema-estabilidad-politica\\\/#primaryimage\"},\"thumbnailUrl\":\"https:\\\/\\\/www.tressis.com\\\/wp-content\\\/uploads\\\/2022\\\/01\\\/mario-draghi.jpg\",\"keywords\":[\"draghi\",\"fed\",\"inflaci\u00f3n\",\"OMI\",\"Rusia\",\"subida tipos\",\"Ucrania\"],\"articleSection\":[\"Morning meeting\"],\"inLanguage\":\"ca\",\"potentialAction\":[{\"@type\":\"CommentAction\",\"name\":\"Comment\",\"target\":[\"https:\\\/\\\/www.tressis.com\\\/ca\\\/blog\\\/eleccion-draghi-problema-estabilidad-politica\\\/#respond\"]}]},{\"@type\":\"WebPage\",\"@id\":\"https:\\\/\\\/www.tressis.com\\\/ca\\\/blog\\\/eleccion-draghi-problema-estabilidad-politica\\\/\",\"url\":\"https:\\\/\\\/www.tressis.com\\\/ca\\\/blog\\\/eleccion-draghi-problema-estabilidad-politica\\\/\",\"name\":\"La posible elecci\u00f3n de Draghi, \u00bfun nuevo problema de estabilidad pol\u00edtica?\",\"isPartOf\":{\"@id\":\"https:\\\/\\\/www.tressis.com\\\/ca\\\/#website\"},\"primaryImageOfPage\":{\"@id\":\"https:\\\/\\\/www.tressis.com\\\/ca\\\/blog\\\/eleccion-draghi-problema-estabilidad-politica\\\/#primaryimage\"},\"image\":{\"@id\":\"https:\\\/\\\/www.tressis.com\\\/ca\\\/blog\\\/eleccion-draghi-problema-estabilidad-politica\\\/#primaryimage\"},\"thumbnailUrl\":\"https:\\\/\\\/www.tressis.com\\\/wp-content\\\/uploads\\\/2022\\\/01\\\/mario-draghi.jpg\",\"datePublished\":\"2022-01-25T08:38:33+00:00\",\"dateModified\":\"2022-01-25T11:55:52+00:00\",\"description\":\"En Italia se inician las elecciones para elegir al pr\u00f3ximo presidente de la Rep\u00fablica, con tres rondas de votaci\u00f3n durante los pr\u00f3ximos d\u00edas, aunque podr\u00eda haber rondas adicionales. El favorito para ocupar el sill\u00f3n es Mario Draghi, actual presidente del Consejo de Ministros, aunque suenan otros nombres de pol\u00edticos, artistas y otras personalidades. La posible elecci\u00f3n de Draghi podr\u00eda suponer un nuevo problema de estabilidad pol\u00edtica tras su salida del Ejecutivo.\",\"breadcrumb\":{\"@id\":\"https:\\\/\\\/www.tressis.com\\\/ca\\\/blog\\\/eleccion-draghi-problema-estabilidad-politica\\\/#breadcrumb\"},\"inLanguage\":\"ca\",\"potentialAction\":[{\"@type\":\"ReadAction\",\"target\":[\"https:\\\/\\\/www.tressis.com\\\/ca\\\/blog\\\/eleccion-draghi-problema-estabilidad-politica\\\/\"]}]},{\"@type\":\"ImageObject\",\"inLanguage\":\"ca\",\"@id\":\"https:\\\/\\\/www.tressis.com\\\/ca\\\/blog\\\/eleccion-draghi-problema-estabilidad-politica\\\/#primaryimage\",\"url\":\"https:\\\/\\\/www.tressis.com\\\/wp-content\\\/uploads\\\/2022\\\/01\\\/mario-draghi.jpg\",\"contentUrl\":\"https:\\\/\\\/www.tressis.com\\\/wp-content\\\/uploads\\\/2022\\\/01\\\/mario-draghi.jpg\",\"width\":1100,\"height\":487},{\"@type\":\"BreadcrumbList\",\"@id\":\"https:\\\/\\\/www.tressis.com\\\/ca\\\/blog\\\/eleccion-draghi-problema-estabilidad-politica\\\/#breadcrumb\",\"itemListElement\":[{\"@type\":\"ListItem\",\"position\":1,\"name\":\"Inicio\",\"item\":\"https:\\\/\\\/www.tressis.com\\\/ca\\\/\"},{\"@type\":\"ListItem\",\"position\":2,\"name\":\"Morning meeting\",\"item\":\"https:\\\/\\\/www.tressis.com\\\/ca\\\/blog\\\/categorias\\\/morning-meeting-ca\\\/\"},{\"@type\":\"ListItem\",\"position\":3,\"name\":\"La posible elecci\u00f3n de Draghi, \u00bfun nuevo problema de estabilidad pol\u00edtica?\"}]},{\"@type\":\"WebSite\",\"@id\":\"https:\\\/\\\/www.tressis.com\\\/ca\\\/#website\",\"url\":\"https:\\\/\\\/www.tressis.com\\\/ca\\\/\",\"name\":\"Tressis banca privada\",\"description\":\"Tressis | Planificaci\u00f3n financiera y gesti\u00f3n de patrimonios\",\"publisher\":{\"@id\":\"https:\\\/\\\/www.tressis.com\\\/ca\\\/#organization\"},\"potentialAction\":[{\"@type\":\"SearchAction\",\"target\":{\"@type\":\"EntryPoint\",\"urlTemplate\":\"https:\\\/\\\/www.tressis.com\\\/ca\\\/?s={search_term_string}\"},\"query-input\":{\"@type\":\"PropertyValueSpecification\",\"valueRequired\":true,\"valueName\":\"search_term_string\"}}],\"inLanguage\":\"ca\"},{\"@type\":\"Organization\",\"@id\":\"https:\\\/\\\/www.tressis.com\\\/ca\\\/#organization\",\"name\":\"Tressis\",\"url\":\"https:\\\/\\\/www.tressis.com\\\/ca\\\/\",\"logo\":{\"@type\":\"ImageObject\",\"inLanguage\":\"ca\",\"@id\":\"https:\\\/\\\/www.tressis.com\\\/ca\\\/#\\\/schema\\\/logo\\\/image\\\/\",\"url\":\"https:\\\/\\\/www.tressis.com\\\/wp-content\\\/uploads\\\/2025\\\/06\\\/logo-tressis-112.png\",\"contentUrl\":\"https:\\\/\\\/www.tressis.com\\\/wp-content\\\/uploads\\\/2025\\\/06\\\/logo-tressis-112.png\",\"width\":112,\"height\":112,\"caption\":\"Tressis\"},\"image\":{\"@id\":\"https:\\\/\\\/www.tressis.com\\\/ca\\\/#\\\/schema\\\/logo\\\/image\\\/\"},\"sameAs\":[\"https:\\\/\\\/www.facebook.com\\\/Tressis\\\/\",\"https:\\\/\\\/x.com\\\/TressisSV\",\"https:\\\/\\\/www.instagram.com\\\/tressissv\\\/?hl=es\",\"https:\\\/\\\/linkedin.com\\\/company\\\/tressis\\\/\",\"https:\\\/\\\/www.youtube.com\\\/user\\\/tressissv\",\"https:\\\/\\\/open.spotify.com\\\/show\\\/3jmTe1Nf0wqMILl7diWV6h?si=d7112519f13c4593&nd=1\"]},{\"@type\":\"Person\",\"@id\":\"https:\\\/\\\/www.tressis.com\\\/ca\\\/#\\\/schema\\\/person\\\/b833c1d724d8764920b6d6852c70584e\",\"name\":\"Lola\",\"image\":{\"@type\":\"ImageObject\",\"inLanguage\":\"ca\",\"@id\":\"https:\\\/\\\/secure.gravatar.com\\\/avatar\\\/05e646486b23ff45df9649110609c7e31b8c4a3e2821caa23d6317f405e0c51d?s=96&d=mm&r=g\",\"url\":\"https:\\\/\\\/secure.gravatar.com\\\/avatar\\\/05e646486b23ff45df9649110609c7e31b8c4a3e2821caa23d6317f405e0c51d?s=96&d=mm&r=g\",\"contentUrl\":\"https:\\\/\\\/secure.gravatar.com\\\/avatar\\\/05e646486b23ff45df9649110609c7e31b8c4a3e2821caa23d6317f405e0c51d?s=96&d=mm&r=g\",\"caption\":\"Lola\"}}]}<\/script>\n<!-- \/ Yoast SEO plugin. -->","yoast_head_json":{"title":"La posible elecci\u00f3n de Draghi, \u00bfun nuevo problema de estabilidad pol\u00edtica?","description":"En Italia se inician las elecciones para elegir al pr\u00f3ximo presidente de la Rep\u00fablica, con tres rondas de votaci\u00f3n durante los pr\u00f3ximos d\u00edas, aunque podr\u00eda haber rondas adicionales. El favorito para ocupar el sill\u00f3n es Mario Draghi, actual presidente del Consejo de Ministros, aunque suenan otros nombres de pol\u00edticos, artistas y otras personalidades. La posible elecci\u00f3n de Draghi podr\u00eda suponer un nuevo problema de estabilidad pol\u00edtica tras su salida del Ejecutivo.","robots":{"index":"index","follow":"follow","max-snippet":"max-snippet:-1","max-image-preview":"max-image-preview:large","max-video-preview":"max-video-preview:-1"},"canonical":"https:\/\/www.tressis.com\/ca\/blog\/eleccion-draghi-problema-estabilidad-politica\/","og_locale":"ca_ES","og_type":"article","og_title":"La posible elecci\u00f3n de Draghi, \u00bfun nuevo problema de estabilidad pol\u00edtica?","og_description":"En Italia se inician las elecciones para elegir al pr\u00f3ximo presidente de la Rep\u00fablica, con tres rondas de votaci\u00f3n durante los pr\u00f3ximos d\u00edas, aunque podr\u00eda haber rondas adicionales. El favorito para ocupar el sill\u00f3n es Mario Draghi, actual presidente del Consejo de Ministros, aunque suenan otros nombres de pol\u00edticos, artistas y otras personalidades. La posible elecci\u00f3n de Draghi podr\u00eda suponer un nuevo problema de estabilidad pol\u00edtica tras su salida del Ejecutivo.","og_url":"https:\/\/www.tressis.com\/ca\/blog\/eleccion-draghi-problema-estabilidad-politica\/","og_site_name":"Tressis","article_publisher":"https:\/\/www.facebook.com\/Tressis\/","article_published_time":"2022-01-25T08:38:33+00:00","article_modified_time":"2022-01-25T11:55:52+00:00","og_image":[{"width":1100,"height":487,"url":"https:\/\/www.tressis.com\/wp-content\/uploads\/2022\/01\/mario-draghi.jpg","type":"image\/jpeg"}],"author":"Lola","twitter_card":"summary_large_image","twitter_creator":"@TressisSV","twitter_site":"@TressisSV","twitter_misc":{"Escrit per":"Lola","Temps estimat de lectura":"4 minuts"},"schema":{"@context":"https:\/\/schema.org","@graph":[{"@type":"Article","@id":"https:\/\/www.tressis.com\/ca\/blog\/eleccion-draghi-problema-estabilidad-politica\/#article","isPartOf":{"@id":"https:\/\/www.tressis.com\/ca\/blog\/eleccion-draghi-problema-estabilidad-politica\/"},"author":{"name":"Lola","@id":"https:\/\/www.tressis.com\/ca\/#\/schema\/person\/b833c1d724d8764920b6d6852c70584e"},"headline":"La posible elecci\u00f3n de Draghi, \u00bfun nuevo problema de estabilidad pol\u00edtica?","datePublished":"2022-01-25T08:38:33+00:00","dateModified":"2022-01-25T11:55:52+00:00","mainEntityOfPage":{"@id":"https:\/\/www.tressis.com\/ca\/blog\/eleccion-draghi-problema-estabilidad-politica\/"},"wordCount":729,"commentCount":0,"publisher":{"@id":"https:\/\/www.tressis.com\/ca\/#organization"},"image":{"@id":"https:\/\/www.tressis.com\/ca\/blog\/eleccion-draghi-problema-estabilidad-politica\/#primaryimage"},"thumbnailUrl":"https:\/\/www.tressis.com\/wp-content\/uploads\/2022\/01\/mario-draghi.jpg","keywords":["draghi","fed","inflaci\u00f3n","OMI","Rusia","subida tipos","Ucrania"],"articleSection":["Morning meeting"],"inLanguage":"ca","potentialAction":[{"@type":"CommentAction","name":"Comment","target":["https:\/\/www.tressis.com\/ca\/blog\/eleccion-draghi-problema-estabilidad-politica\/#respond"]}]},{"@type":"WebPage","@id":"https:\/\/www.tressis.com\/ca\/blog\/eleccion-draghi-problema-estabilidad-politica\/","url":"https:\/\/www.tressis.com\/ca\/blog\/eleccion-draghi-problema-estabilidad-politica\/","name":"La posible elecci\u00f3n de Draghi, \u00bfun nuevo problema de estabilidad pol\u00edtica?","isPartOf":{"@id":"https:\/\/www.tressis.com\/ca\/#website"},"primaryImageOfPage":{"@id":"https:\/\/www.tressis.com\/ca\/blog\/eleccion-draghi-problema-estabilidad-politica\/#primaryimage"},"image":{"@id":"https:\/\/www.tressis.com\/ca\/blog\/eleccion-draghi-problema-estabilidad-politica\/#primaryimage"},"thumbnailUrl":"https:\/\/www.tressis.com\/wp-content\/uploads\/2022\/01\/mario-draghi.jpg","datePublished":"2022-01-25T08:38:33+00:00","dateModified":"2022-01-25T11:55:52+00:00","description":"En Italia se inician las elecciones para elegir al pr\u00f3ximo presidente de la Rep\u00fablica, con tres rondas de votaci\u00f3n durante los pr\u00f3ximos d\u00edas, aunque podr\u00eda haber rondas adicionales. El favorito para ocupar el sill\u00f3n es Mario Draghi, actual presidente del Consejo de Ministros, aunque suenan otros nombres de pol\u00edticos, artistas y otras personalidades. La posible elecci\u00f3n de Draghi podr\u00eda suponer un nuevo problema de estabilidad pol\u00edtica tras su salida del Ejecutivo.","breadcrumb":{"@id":"https:\/\/www.tressis.com\/ca\/blog\/eleccion-draghi-problema-estabilidad-politica\/#breadcrumb"},"inLanguage":"ca","potentialAction":[{"@type":"ReadAction","target":["https:\/\/www.tressis.com\/ca\/blog\/eleccion-draghi-problema-estabilidad-politica\/"]}]},{"@type":"ImageObject","inLanguage":"ca","@id":"https:\/\/www.tressis.com\/ca\/blog\/eleccion-draghi-problema-estabilidad-politica\/#primaryimage","url":"https:\/\/www.tressis.com\/wp-content\/uploads\/2022\/01\/mario-draghi.jpg","contentUrl":"https:\/\/www.tressis.com\/wp-content\/uploads\/2022\/01\/mario-draghi.jpg","width":1100,"height":487},{"@type":"BreadcrumbList","@id":"https:\/\/www.tressis.com\/ca\/blog\/eleccion-draghi-problema-estabilidad-politica\/#breadcrumb","itemListElement":[{"@type":"ListItem","position":1,"name":"Inicio","item":"https:\/\/www.tressis.com\/ca\/"},{"@type":"ListItem","position":2,"name":"Morning meeting","item":"https:\/\/www.tressis.com\/ca\/blog\/categorias\/morning-meeting-ca\/"},{"@type":"ListItem","position":3,"name":"La posible elecci\u00f3n de Draghi, \u00bfun nuevo problema de estabilidad pol\u00edtica?"}]},{"@type":"WebSite","@id":"https:\/\/www.tressis.com\/ca\/#website","url":"https:\/\/www.tressis.com\/ca\/","name":"Tressis banca privada","description":"Tressis | Planificaci\u00f3n financiera y gesti\u00f3n de patrimonios","publisher":{"@id":"https:\/\/www.tressis.com\/ca\/#organization"},"potentialAction":[{"@type":"SearchAction","target":{"@type":"EntryPoint","urlTemplate":"https:\/\/www.tressis.com\/ca\/?s={search_term_string}"},"query-input":{"@type":"PropertyValueSpecification","valueRequired":true,"valueName":"search_term_string"}}],"inLanguage":"ca"},{"@type":"Organization","@id":"https:\/\/www.tressis.com\/ca\/#organization","name":"Tressis","url":"https:\/\/www.tressis.com\/ca\/","logo":{"@type":"ImageObject","inLanguage":"ca","@id":"https:\/\/www.tressis.com\/ca\/#\/schema\/logo\/image\/","url":"https:\/\/www.tressis.com\/wp-content\/uploads\/2025\/06\/logo-tressis-112.png","contentUrl":"https:\/\/www.tressis.com\/wp-content\/uploads\/2025\/06\/logo-tressis-112.png","width":112,"height":112,"caption":"Tressis"},"image":{"@id":"https:\/\/www.tressis.com\/ca\/#\/schema\/logo\/image\/"},"sameAs":["https:\/\/www.facebook.com\/Tressis\/","https:\/\/x.com\/TressisSV","https:\/\/www.instagram.com\/tressissv\/?hl=es","https:\/\/linkedin.com\/company\/tressis\/","https:\/\/www.youtube.com\/user\/tressissv","https:\/\/open.spotify.com\/show\/3jmTe1Nf0wqMILl7diWV6h?si=d7112519f13c4593&nd=1"]},{"@type":"Person","@id":"https:\/\/www.tressis.com\/ca\/#\/schema\/person\/b833c1d724d8764920b6d6852c70584e","name":"Lola","image":{"@type":"ImageObject","inLanguage":"ca","@id":"https:\/\/secure.gravatar.com\/avatar\/05e646486b23ff45df9649110609c7e31b8c4a3e2821caa23d6317f405e0c51d?s=96&d=mm&r=g","url":"https:\/\/secure.gravatar.com\/avatar\/05e646486b23ff45df9649110609c7e31b8c4a3e2821caa23d6317f405e0c51d?s=96&d=mm&r=g","contentUrl":"https:\/\/secure.gravatar.com\/avatar\/05e646486b23ff45df9649110609c7e31b8c4a3e2821caa23d6317f405e0c51d?s=96&d=mm&r=g","caption":"Lola"}}]}},"_links":{"self":[{"href":"https:\/\/www.tressis.com\/ca\/wp-json\/wp\/v2\/posts\/54396","targetHints":{"allow":["GET"]}}],"collection":[{"href":"https:\/\/www.tressis.com\/ca\/wp-json\/wp\/v2\/posts"}],"about":[{"href":"https:\/\/www.tressis.com\/ca\/wp-json\/wp\/v2\/types\/post"}],"author":[{"embeddable":true,"href":"https:\/\/www.tressis.com\/ca\/wp-json\/wp\/v2\/users\/4"}],"replies":[{"embeddable":true,"href":"https:\/\/www.tressis.com\/ca\/wp-json\/wp\/v2\/comments?post=54396"}],"version-history":[{"count":0,"href":"https:\/\/www.tressis.com\/ca\/wp-json\/wp\/v2\/posts\/54396\/revisions"}],"wp:featuredmedia":[{"embeddable":true,"href":"https:\/\/www.tressis.com\/ca\/wp-json\/wp\/v2\/media\/54399"}],"wp:attachment":[{"href":"https:\/\/www.tressis.com\/ca\/wp-json\/wp\/v2\/media?parent=54396"}],"wp:term":[{"taxonomy":"category","embeddable":true,"href":"https:\/\/www.tressis.com\/ca\/wp-json\/wp\/v2\/categories?post=54396"},{"taxonomy":"post_tag","embeddable":true,"href":"https:\/\/www.tressis.com\/ca\/wp-json\/wp\/v2\/tags?post=54396"}],"curies":[{"name":"wp","href":"https:\/\/api.w.org\/{rel}","templated":true}]}}