{"id":54383,"date":"2021-10-04T08:56:44","date_gmt":"2021-10-04T06:56:44","guid":{"rendered":"https:\/\/www.tressis.com\/?p=54383"},"modified":"2024-04-23T16:10:19","modified_gmt":"2024-04-23T14:10:19","slug":"campeonato-de-salto-de-castilla-y-leon","status":"publish","type":"post","link":"https:\/\/www.tressis.com\/ca\/blog\/campeonato-de-salto-de-castilla-y-leon\/","title":{"rendered":"Campeonato de Salto de Castilla y Le\u00f3n"},"content":{"rendered":"<p>El oto\u00f1o es temporada de intensa actividad de competici\u00f3n y campeonatos en la <a href=\"https:\/\/www.hipicavalladolid.es\/portal\/default.aspx\" target=\"_blank\" rel=\"noopener\">RS H\u00edpica de Valladolid<\/a>, y desde Tressis Valladolid seguimos apoyando este precioso <a href=\"https:\/\/www.facebook.com\/hashtag\/deporte?__eep__=6&amp;__cft__%5b0%5d=AZXhmfaMY2JIcp0Zn32EfAIR9gLQHfE7lKOnSxIY6vV86RZ8tfXW2dE1t3P9HCObQk1VETT-8tnnIxYoE7-t7qfaV2pSjbY7oIA7C7kQsV9ExNngo6yjy2ZahFl06WvfH5YRUublSUqj9AMjCezVSlXgb7RqymCBSzNtEkJB53tZ7Q&amp;__tn__=*NK-R\" target=\"_blank\" rel=\"noopener\">deporte<\/a>, sus <a href=\"https:\/\/www.facebook.com\/hashtag\/valores?__eep__=6&amp;__cft__%5b0%5d=AZXhmfaMY2JIcp0Zn32EfAIR9gLQHfE7lKOnSxIY6vV86RZ8tfXW2dE1t3P9HCObQk1VETT-8tnnIxYoE7-t7qfaV2pSjbY7oIA7C7kQsV9ExNngo6yjy2ZahFl06WvfH5YRUublSUqj9AMjCezVSlXgb7RqymCBSzNtEkJB53tZ7Q&amp;__tn__=*NK-R\" target=\"_blank\" rel=\"noopener\">valores<\/a>, y el crecimiento y desarrollo de los jinetes y amazonas a todos los niveles y de todas las edades.<\/p>\n<p>En esta ocasi\u00f3n, se ha celebrado el Campeonato de Castilla y Le\u00f3n de Salto de Obst\u00e1culos, en el que el jinete burgal\u00e9s Pablo Garc\u00eda-Gallardo se erigi\u00f3 como campe\u00f3n auton\u00f3mico tras ser el \u00fanico capaz de completar las tres jornadas sin fallos.<\/p>\n<p>&nbsp;<\/p>\n","protected":false},"excerpt":{"rendered":"<p>El oto\u00f1o es temporada de intensa actividad de competici\u00f3n y campeonatos en la RS H\u00edpica de Valladolid, y desde Tressis Valladolid seguimos apoyando este precioso deporte, sus valores, y el crecimiento y desarrollo de los jinetes y amazonas a todos los niveles y de todas las edades. En esta ocasi\u00f3n, se ha celebrado el Campeonato [&hellip;]<\/p>\n","protected":false},"author":4,"featured_media":54384,"comment_status":"open","ping_status":"open","sticky":false,"template":"","format":"standard","meta":{"_acf_changed":false,"footnotes":""},"categories":[31],"tags":[8576,8574,8578,8577],"class_list":["post-54383","post","type-post","status-publish","format-standard","has-post-thumbnail","hentry","category-tressis-valladolid","tag-campeonato-salto","tag-castilla-y-leon","tag-hipica-valladolid","tag-pablo-garcia-gallardo"],"acf":[],"yoast_head":"<!-- This site is optimized with the Yoast SEO plugin v27.5 - https:\/\/yoast.com\/product\/yoast-seo-wordpress\/ -->\n<title>Campeonato de Salto de Castilla y Le\u00f3n<\/title>\n<meta name=\"description\" content=\"El oto\u00f1o es temporada de intensa actividad de competici\u00f3n y campeonatos en la RS H\u00edpica de Valladolid, y desde Tressis Valladolid seguimos apoyando este precioso deporte, sus valores, y el crecimiento y desarrollo de los jinetes y amazonas a todos los niveles y de todas las edades.\" \/>\n<meta name=\"robots\" content=\"index, follow, max-snippet:-1, max-image-preview:large, max-video-preview:-1\" \/>\n<link rel=\"canonical\" href=\"https:\/\/www.tressis.com\/ca\/blog\/campeonato-de-salto-de-castilla-y-leon\/\" \/>\n<meta property=\"og:locale\" content=\"ca_ES\" \/>\n<meta property=\"og:type\" content=\"article\" \/>\n<meta property=\"og:title\" content=\"Campeonato de Salto de Castilla y Le\u00f3n\" \/>\n<meta property=\"og:description\" content=\"El oto\u00f1o es temporada de intensa actividad de competici\u00f3n y campeonatos en la RS H\u00edpica de Valladolid, y desde Tressis Valladolid seguimos apoyando este precioso deporte, sus valores, y el crecimiento y desarrollo de los jinetes y amazonas a todos los niveles y de todas las edades.\" \/>\n<meta property=\"og:url\" content=\"https:\/\/www.tressis.com\/ca\/blog\/campeonato-de-salto-de-castilla-y-leon\/\" \/>\n<meta property=\"og:site_name\" content=\"Tressis\" \/>\n<meta property=\"article:publisher\" content=\"https:\/\/www.facebook.com\/Tressis\/\" \/>\n<meta property=\"article:published_time\" content=\"2021-10-04T06:56:44+00:00\" \/>\n<meta property=\"article:modified_time\" content=\"2024-04-23T14:10:19+00:00\" \/>\n<meta property=\"og:image\" content=\"https:\/\/www.tressis.com\/wp-content\/uploads\/2022\/01\/campeonato-salto.jpg\" \/>\n\t<meta property=\"og:image:width\" content=\"1100\" \/>\n\t<meta property=\"og:image:height\" content=\"487\" \/>\n\t<meta property=\"og:image:type\" content=\"image\/jpeg\" \/>\n<meta name=\"author\" content=\"Lola\" \/>\n<meta name=\"twitter:card\" content=\"summary_large_image\" \/>\n<meta name=\"twitter:creator\" content=\"@TressisSV\" \/>\n<meta name=\"twitter:site\" content=\"@TressisSV\" \/>\n<meta name=\"twitter:label1\" content=\"Escrit per\" \/>\n\t<meta name=\"twitter:data1\" content=\"Lola\" \/>\n\t<meta name=\"twitter:label2\" content=\"Temps estimat de lectura\" \/>\n\t<meta name=\"twitter:data2\" content=\"1 minut\" \/>\n<script type=\"application\/ld+json\" class=\"yoast-schema-graph\">{\"@context\":\"https:\\\/\\\/schema.org\",\"@graph\":[{\"@type\":\"Article\",\"@id\":\"https:\\\/\\\/www.tressis.com\\\/ca\\\/blog\\\/campeonato-de-salto-de-castilla-y-leon\\\/#article\",\"isPartOf\":{\"@id\":\"https:\\\/\\\/www.tressis.com\\\/ca\\\/blog\\\/campeonato-de-salto-de-castilla-y-leon\\\/\"},\"author\":{\"name\":\"Lola\",\"@id\":\"https:\\\/\\\/www.tressis.com\\\/ca\\\/#\\\/schema\\\/person\\\/b833c1d724d8764920b6d6852c70584e\"},\"headline\":\"Campeonato de Salto de Castilla y Le\u00f3n\",\"datePublished\":\"2021-10-04T06:56:44+00:00\",\"dateModified\":\"2024-04-23T14:10:19+00:00\",\"mainEntityOfPage\":{\"@id\":\"https:\\\/\\\/www.tressis.com\\\/ca\\\/blog\\\/campeonato-de-salto-de-castilla-y-leon\\\/\"},\"wordCount\":107,\"commentCount\":0,\"publisher\":{\"@id\":\"https:\\\/\\\/www.tressis.com\\\/ca\\\/#organization\"},\"image\":{\"@id\":\"https:\\\/\\\/www.tressis.com\\\/ca\\\/blog\\\/campeonato-de-salto-de-castilla-y-leon\\\/#primaryimage\"},\"thumbnailUrl\":\"https:\\\/\\\/www.tressis.com\\\/wp-content\\\/uploads\\\/2022\\\/01\\\/campeonato-salto.jpg\",\"keywords\":[\"campeonato salto\",\"castilla y le\u00f3n\",\"h\u00edpica valladolid\",\"pablo garc\u00eda-gallardo\"],\"articleSection\":[\"Tressis Valladolid\"],\"inLanguage\":\"ca\",\"potentialAction\":[{\"@type\":\"CommentAction\",\"name\":\"Comment\",\"target\":[\"https:\\\/\\\/www.tressis.com\\\/ca\\\/blog\\\/campeonato-de-salto-de-castilla-y-leon\\\/#respond\"]}]},{\"@type\":\"WebPage\",\"@id\":\"https:\\\/\\\/www.tressis.com\\\/ca\\\/blog\\\/campeonato-de-salto-de-castilla-y-leon\\\/\",\"url\":\"https:\\\/\\\/www.tressis.com\\\/ca\\\/blog\\\/campeonato-de-salto-de-castilla-y-leon\\\/\",\"name\":\"Campeonato de Salto de Castilla y Le\u00f3n\",\"isPartOf\":{\"@id\":\"https:\\\/\\\/www.tressis.com\\\/ca\\\/#website\"},\"primaryImageOfPage\":{\"@id\":\"https:\\\/\\\/www.tressis.com\\\/ca\\\/blog\\\/campeonato-de-salto-de-castilla-y-leon\\\/#primaryimage\"},\"image\":{\"@id\":\"https:\\\/\\\/www.tressis.com\\\/ca\\\/blog\\\/campeonato-de-salto-de-castilla-y-leon\\\/#primaryimage\"},\"thumbnailUrl\":\"https:\\\/\\\/www.tressis.com\\\/wp-content\\\/uploads\\\/2022\\\/01\\\/campeonato-salto.jpg\",\"datePublished\":\"2021-10-04T06:56:44+00:00\",\"dateModified\":\"2024-04-23T14:10:19+00:00\",\"description\":\"El oto\u00f1o es temporada de intensa actividad de competici\u00f3n y campeonatos en la RS H\u00edpica de Valladolid, y desde Tressis Valladolid seguimos apoyando este precioso deporte, sus valores, y el crecimiento y desarrollo de los jinetes y amazonas a todos los niveles y de todas las edades.\",\"breadcrumb\":{\"@id\":\"https:\\\/\\\/www.tressis.com\\\/ca\\\/blog\\\/campeonato-de-salto-de-castilla-y-leon\\\/#breadcrumb\"},\"inLanguage\":\"ca\",\"potentialAction\":[{\"@type\":\"ReadAction\",\"target\":[\"https:\\\/\\\/www.tressis.com\\\/ca\\\/blog\\\/campeonato-de-salto-de-castilla-y-leon\\\/\"]}]},{\"@type\":\"ImageObject\",\"inLanguage\":\"ca\",\"@id\":\"https:\\\/\\\/www.tressis.com\\\/ca\\\/blog\\\/campeonato-de-salto-de-castilla-y-leon\\\/#primaryimage\",\"url\":\"https:\\\/\\\/www.tressis.com\\\/wp-content\\\/uploads\\\/2022\\\/01\\\/campeonato-salto.jpg\",\"contentUrl\":\"https:\\\/\\\/www.tressis.com\\\/wp-content\\\/uploads\\\/2022\\\/01\\\/campeonato-salto.jpg\",\"width\":1100,\"height\":487},{\"@type\":\"BreadcrumbList\",\"@id\":\"https:\\\/\\\/www.tressis.com\\\/ca\\\/blog\\\/campeonato-de-salto-de-castilla-y-leon\\\/#breadcrumb\",\"itemListElement\":[{\"@type\":\"ListItem\",\"position\":1,\"name\":\"Inicio\",\"item\":\"https:\\\/\\\/www.tressis.com\\\/ca\\\/\"},{\"@type\":\"ListItem\",\"position\":2,\"name\":\"Tressis Valladolid\",\"item\":\"https:\\\/\\\/www.tressis.com\\\/ca\\\/blog\\\/categorias\\\/tressis-valladolid\\\/\"},{\"@type\":\"ListItem\",\"position\":3,\"name\":\"Campeonato de Salto de Castilla y Le\u00f3n\"}]},{\"@type\":\"WebSite\",\"@id\":\"https:\\\/\\\/www.tressis.com\\\/ca\\\/#website\",\"url\":\"https:\\\/\\\/www.tressis.com\\\/ca\\\/\",\"name\":\"Tressis banca privada\",\"description\":\"Tressis | Planificaci\u00f3n financiera y gesti\u00f3n de patrimonios\",\"publisher\":{\"@id\":\"https:\\\/\\\/www.tressis.com\\\/ca\\\/#organization\"},\"potentialAction\":[{\"@type\":\"SearchAction\",\"target\":{\"@type\":\"EntryPoint\",\"urlTemplate\":\"https:\\\/\\\/www.tressis.com\\\/ca\\\/?s={search_term_string}\"},\"query-input\":{\"@type\":\"PropertyValueSpecification\",\"valueRequired\":true,\"valueName\":\"search_term_string\"}}],\"inLanguage\":\"ca\"},{\"@type\":\"Organization\",\"@id\":\"https:\\\/\\\/www.tressis.com\\\/ca\\\/#organization\",\"name\":\"Tressis\",\"url\":\"https:\\\/\\\/www.tressis.com\\\/ca\\\/\",\"logo\":{\"@type\":\"ImageObject\",\"inLanguage\":\"ca\",\"@id\":\"https:\\\/\\\/www.tressis.com\\\/ca\\\/#\\\/schema\\\/logo\\\/image\\\/\",\"url\":\"https:\\\/\\\/www.tressis.com\\\/wp-content\\\/uploads\\\/2025\\\/06\\\/logo-tressis-112.png\",\"contentUrl\":\"https:\\\/\\\/www.tressis.com\\\/wp-content\\\/uploads\\\/2025\\\/06\\\/logo-tressis-112.png\",\"width\":112,\"height\":112,\"caption\":\"Tressis\"},\"image\":{\"@id\":\"https:\\\/\\\/www.tressis.com\\\/ca\\\/#\\\/schema\\\/logo\\\/image\\\/\"},\"sameAs\":[\"https:\\\/\\\/www.facebook.com\\\/Tressis\\\/\",\"https:\\\/\\\/x.com\\\/TressisSV\",\"https:\\\/\\\/www.instagram.com\\\/tressissv\\\/?hl=es\",\"https:\\\/\\\/linkedin.com\\\/company\\\/tressis\\\/\",\"https:\\\/\\\/www.youtube.com\\\/user\\\/tressissv\",\"https:\\\/\\\/open.spotify.com\\\/show\\\/3jmTe1Nf0wqMILl7diWV6h?si=d7112519f13c4593&nd=1\"]},{\"@type\":\"Person\",\"@id\":\"https:\\\/\\\/www.tressis.com\\\/ca\\\/#\\\/schema\\\/person\\\/b833c1d724d8764920b6d6852c70584e\",\"name\":\"Lola\",\"image\":{\"@type\":\"ImageObject\",\"inLanguage\":\"ca\",\"@id\":\"https:\\\/\\\/secure.gravatar.com\\\/avatar\\\/05e646486b23ff45df9649110609c7e31b8c4a3e2821caa23d6317f405e0c51d?s=96&d=mm&r=g\",\"url\":\"https:\\\/\\\/secure.gravatar.com\\\/avatar\\\/05e646486b23ff45df9649110609c7e31b8c4a3e2821caa23d6317f405e0c51d?s=96&d=mm&r=g\",\"contentUrl\":\"https:\\\/\\\/secure.gravatar.com\\\/avatar\\\/05e646486b23ff45df9649110609c7e31b8c4a3e2821caa23d6317f405e0c51d?s=96&d=mm&r=g\",\"caption\":\"Lola\"}}]}<\/script>\n<!-- \/ Yoast SEO plugin. -->","yoast_head_json":{"title":"Campeonato de Salto de Castilla y Le\u00f3n","description":"El oto\u00f1o es temporada de intensa actividad de competici\u00f3n y campeonatos en la RS H\u00edpica de Valladolid, y desde Tressis Valladolid seguimos apoyando este precioso deporte, sus valores, y el crecimiento y desarrollo de los jinetes y amazonas a todos los niveles y de todas las edades.","robots":{"index":"index","follow":"follow","max-snippet":"max-snippet:-1","max-image-preview":"max-image-preview:large","max-video-preview":"max-video-preview:-1"},"canonical":"https:\/\/www.tressis.com\/ca\/blog\/campeonato-de-salto-de-castilla-y-leon\/","og_locale":"ca_ES","og_type":"article","og_title":"Campeonato de Salto de Castilla y Le\u00f3n","og_description":"El oto\u00f1o es temporada de intensa actividad de competici\u00f3n y campeonatos en la RS H\u00edpica de Valladolid, y desde Tressis Valladolid seguimos apoyando este precioso deporte, sus valores, y el crecimiento y desarrollo de los jinetes y amazonas a todos los niveles y de todas las edades.","og_url":"https:\/\/www.tressis.com\/ca\/blog\/campeonato-de-salto-de-castilla-y-leon\/","og_site_name":"Tressis","article_publisher":"https:\/\/www.facebook.com\/Tressis\/","article_published_time":"2021-10-04T06:56:44+00:00","article_modified_time":"2024-04-23T14:10:19+00:00","og_image":[{"width":1100,"height":487,"url":"https:\/\/www.tressis.com\/wp-content\/uploads\/2022\/01\/campeonato-salto.jpg","type":"image\/jpeg"}],"author":"Lola","twitter_card":"summary_large_image","twitter_creator":"@TressisSV","twitter_site":"@TressisSV","twitter_misc":{"Escrit per":"Lola","Temps estimat de lectura":"1 minut"},"schema":{"@context":"https:\/\/schema.org","@graph":[{"@type":"Article","@id":"https:\/\/www.tressis.com\/ca\/blog\/campeonato-de-salto-de-castilla-y-leon\/#article","isPartOf":{"@id":"https:\/\/www.tressis.com\/ca\/blog\/campeonato-de-salto-de-castilla-y-leon\/"},"author":{"name":"Lola","@id":"https:\/\/www.tressis.com\/ca\/#\/schema\/person\/b833c1d724d8764920b6d6852c70584e"},"headline":"Campeonato de Salto de Castilla y Le\u00f3n","datePublished":"2021-10-04T06:56:44+00:00","dateModified":"2024-04-23T14:10:19+00:00","mainEntityOfPage":{"@id":"https:\/\/www.tressis.com\/ca\/blog\/campeonato-de-salto-de-castilla-y-leon\/"},"wordCount":107,"commentCount":0,"publisher":{"@id":"https:\/\/www.tressis.com\/ca\/#organization"},"image":{"@id":"https:\/\/www.tressis.com\/ca\/blog\/campeonato-de-salto-de-castilla-y-leon\/#primaryimage"},"thumbnailUrl":"https:\/\/www.tressis.com\/wp-content\/uploads\/2022\/01\/campeonato-salto.jpg","keywords":["campeonato salto","castilla y le\u00f3n","h\u00edpica valladolid","pablo garc\u00eda-gallardo"],"articleSection":["Tressis Valladolid"],"inLanguage":"ca","potentialAction":[{"@type":"CommentAction","name":"Comment","target":["https:\/\/www.tressis.com\/ca\/blog\/campeonato-de-salto-de-castilla-y-leon\/#respond"]}]},{"@type":"WebPage","@id":"https:\/\/www.tressis.com\/ca\/blog\/campeonato-de-salto-de-castilla-y-leon\/","url":"https:\/\/www.tressis.com\/ca\/blog\/campeonato-de-salto-de-castilla-y-leon\/","name":"Campeonato de Salto de Castilla y Le\u00f3n","isPartOf":{"@id":"https:\/\/www.tressis.com\/ca\/#website"},"primaryImageOfPage":{"@id":"https:\/\/www.tressis.com\/ca\/blog\/campeonato-de-salto-de-castilla-y-leon\/#primaryimage"},"image":{"@id":"https:\/\/www.tressis.com\/ca\/blog\/campeonato-de-salto-de-castilla-y-leon\/#primaryimage"},"thumbnailUrl":"https:\/\/www.tressis.com\/wp-content\/uploads\/2022\/01\/campeonato-salto.jpg","datePublished":"2021-10-04T06:56:44+00:00","dateModified":"2024-04-23T14:10:19+00:00","description":"El oto\u00f1o es temporada de intensa actividad de competici\u00f3n y campeonatos en la RS H\u00edpica de Valladolid, y desde Tressis Valladolid seguimos apoyando este precioso deporte, sus valores, y el crecimiento y desarrollo de los jinetes y amazonas a todos los niveles y de todas las edades.","breadcrumb":{"@id":"https:\/\/www.tressis.com\/ca\/blog\/campeonato-de-salto-de-castilla-y-leon\/#breadcrumb"},"inLanguage":"ca","potentialAction":[{"@type":"ReadAction","target":["https:\/\/www.tressis.com\/ca\/blog\/campeonato-de-salto-de-castilla-y-leon\/"]}]},{"@type":"ImageObject","inLanguage":"ca","@id":"https:\/\/www.tressis.com\/ca\/blog\/campeonato-de-salto-de-castilla-y-leon\/#primaryimage","url":"https:\/\/www.tressis.com\/wp-content\/uploads\/2022\/01\/campeonato-salto.jpg","contentUrl":"https:\/\/www.tressis.com\/wp-content\/uploads\/2022\/01\/campeonato-salto.jpg","width":1100,"height":487},{"@type":"BreadcrumbList","@id":"https:\/\/www.tressis.com\/ca\/blog\/campeonato-de-salto-de-castilla-y-leon\/#breadcrumb","itemListElement":[{"@type":"ListItem","position":1,"name":"Inicio","item":"https:\/\/www.tressis.com\/ca\/"},{"@type":"ListItem","position":2,"name":"Tressis Valladolid","item":"https:\/\/www.tressis.com\/ca\/blog\/categorias\/tressis-valladolid\/"},{"@type":"ListItem","position":3,"name":"Campeonato de Salto de Castilla y Le\u00f3n"}]},{"@type":"WebSite","@id":"https:\/\/www.tressis.com\/ca\/#website","url":"https:\/\/www.tressis.com\/ca\/","name":"Tressis banca privada","description":"Tressis | Planificaci\u00f3n financiera y gesti\u00f3n de patrimonios","publisher":{"@id":"https:\/\/www.tressis.com\/ca\/#organization"},"potentialAction":[{"@type":"SearchAction","target":{"@type":"EntryPoint","urlTemplate":"https:\/\/www.tressis.com\/ca\/?s={search_term_string}"},"query-input":{"@type":"PropertyValueSpecification","valueRequired":true,"valueName":"search_term_string"}}],"inLanguage":"ca"},{"@type":"Organization","@id":"https:\/\/www.tressis.com\/ca\/#organization","name":"Tressis","url":"https:\/\/www.tressis.com\/ca\/","logo":{"@type":"ImageObject","inLanguage":"ca","@id":"https:\/\/www.tressis.com\/ca\/#\/schema\/logo\/image\/","url":"https:\/\/www.tressis.com\/wp-content\/uploads\/2025\/06\/logo-tressis-112.png","contentUrl":"https:\/\/www.tressis.com\/wp-content\/uploads\/2025\/06\/logo-tressis-112.png","width":112,"height":112,"caption":"Tressis"},"image":{"@id":"https:\/\/www.tressis.com\/ca\/#\/schema\/logo\/image\/"},"sameAs":["https:\/\/www.facebook.com\/Tressis\/","https:\/\/x.com\/TressisSV","https:\/\/www.instagram.com\/tressissv\/?hl=es","https:\/\/linkedin.com\/company\/tressis\/","https:\/\/www.youtube.com\/user\/tressissv","https:\/\/open.spotify.com\/show\/3jmTe1Nf0wqMILl7diWV6h?si=d7112519f13c4593&nd=1"]},{"@type":"Person","@id":"https:\/\/www.tressis.com\/ca\/#\/schema\/person\/b833c1d724d8764920b6d6852c70584e","name":"Lola","image":{"@type":"ImageObject","inLanguage":"ca","@id":"https:\/\/secure.gravatar.com\/avatar\/05e646486b23ff45df9649110609c7e31b8c4a3e2821caa23d6317f405e0c51d?s=96&d=mm&r=g","url":"https:\/\/secure.gravatar.com\/avatar\/05e646486b23ff45df9649110609c7e31b8c4a3e2821caa23d6317f405e0c51d?s=96&d=mm&r=g","contentUrl":"https:\/\/secure.gravatar.com\/avatar\/05e646486b23ff45df9649110609c7e31b8c4a3e2821caa23d6317f405e0c51d?s=96&d=mm&r=g","caption":"Lola"}}]}},"_links":{"self":[{"href":"https:\/\/www.tressis.com\/ca\/wp-json\/wp\/v2\/posts\/54383","targetHints":{"allow":["GET"]}}],"collection":[{"href":"https:\/\/www.tressis.com\/ca\/wp-json\/wp\/v2\/posts"}],"about":[{"href":"https:\/\/www.tressis.com\/ca\/wp-json\/wp\/v2\/types\/post"}],"author":[{"embeddable":true,"href":"https:\/\/www.tressis.com\/ca\/wp-json\/wp\/v2\/users\/4"}],"replies":[{"embeddable":true,"href":"https:\/\/www.tressis.com\/ca\/wp-json\/wp\/v2\/comments?post=54383"}],"version-history":[{"count":0,"href":"https:\/\/www.tressis.com\/ca\/wp-json\/wp\/v2\/posts\/54383\/revisions"}],"wp:featuredmedia":[{"embeddable":true,"href":"https:\/\/www.tressis.com\/ca\/wp-json\/wp\/v2\/media\/54384"}],"wp:attachment":[{"href":"https:\/\/www.tressis.com\/ca\/wp-json\/wp\/v2\/media?parent=54383"}],"wp:term":[{"taxonomy":"category","embeddable":true,"href":"https:\/\/www.tressis.com\/ca\/wp-json\/wp\/v2\/categories?post=54383"},{"taxonomy":"post_tag","embeddable":true,"href":"https:\/\/www.tressis.com\/ca\/wp-json\/wp\/v2\/tags?post=54383"}],"curies":[{"name":"wp","href":"https:\/\/api.w.org\/{rel}","templated":true}]}}