{"id":53676,"date":"2022-01-14T11:30:52","date_gmt":"2022-01-14T10:30:52","guid":{"rendered":"https:\/\/www.tressis.com\/?p=53676"},"modified":"2022-01-15T18:50:14","modified_gmt":"2022-01-15T17:50:14","slug":"en-europa-la-atencion-se-centrara-en-las-cifras-de-inflacion","status":"publish","type":"post","link":"https:\/\/www.tressis.com\/ca\/blog\/en-europa-la-atencion-se-centrara-en-las-cifras-de-inflacion\/","title":{"rendered":"En Europa, la atenci\u00f3n se centrar\u00e1 en las cifras de inflaci\u00f3n"},"content":{"rendered":"<p>Nuevo d\u00eda de fuerte volatilidad intradiaria en el mercado norteamericano.<!--more--> Un mercado que cada d\u00eda da m\u00e1s la sensaci\u00f3n de roto y que no para de verse arrastrado por todas las noticias que tengan que ver con la inflaci\u00f3n o la Reserva Federal. Esperemos que los resultados trimestrales del a\u00f1o pasado consigan centrar la atenci\u00f3n de los inversores y devuelvan algo de cordura a los mercados, o al menos tengan una tendencia clara. <\/p>\n<p>Las declaraciones de Brainard ante el comit\u00e9 del Senado llevaron nuevamente a que los inversores se decantasen por la venta del bono americano y de los valores que tengan que ver con software o que dependen del descuento de caja de beneficios futuros. Adem\u00e1s, tampoco debieron de convencer mucho las nominaciones de Sarah Bloom Raskin, Lisa Cook y Philip Jefferson como nuevos candidatos para formar parte del \u00f3rgano de decisi\u00f3n en materia de tipos.<\/p>\n<p>En cambio, y aunque sea muy pronto para cantar victoria, al menos las \u00faltimas noticias de precios en Estados Unidos dan muestras de que las tensiones se van relajando. Tras el IPC del mi\u00e9rcoles, ayer tocaba conocer el \u00cdndice de precios a la producci\u00f3n, que se quedaba por debajo del 9,8% previsto y del dato anterior, que hab\u00eda sido revisado al alza. Este frenazo se debi\u00f3 a la disminuci\u00f3n de los precios de la gasolina y los alimentos. Adem\u00e1s, los precios de los servicios aumentaron, pero m\u00e1s moderadamente de lo que ven\u00edamos viendo. Puede que la inflaci\u00f3n haya alcanzado un pico, pero, a corto plazo, la variante \u00f3micron presenta claramente riesgos de alza para los precios si las plantas tienen que reducir la producci\u00f3n debido a un aumento de los cuellos de botella por nuevos confinamientos.<\/p>\n<p>El a\u00f1o pasado se hablaba mucho del efecto de base y de su impacto en los niveles de inflaci\u00f3n. Lo normal es que este a\u00f1o, ese efecto base nos lleve a ver tasas mucho m\u00e1s bajas a partir de mayo, lo cual podr\u00eda apoyar nuestra tesis de que las expectativas de aumento de tipos de inter\u00e9s por parte de la Fed est\u00e1n siendo demasiado optimistas y que incluso no vamos a llegar a ver las tres alzas que anticipan los propios miembros de la Reserva Federal. Mientras, seguiremos viendo cifras de aumento de precios no vistas en cuarenta a\u00f1os, pero no dejan de ser, desde mi punto de vista, cifras puntuales que se ven afectadas por toda la distorsi\u00f3n que meti\u00f3 el par\u00f3n del segundo trimestre de 2020 y el hecho de que lleg\u00e1ramos a ver el precio del crudo en negativo.<\/p>\n<p>Pero esa no deja de ser mi visi\u00f3n, porque el mercado descuenta otra cosa. De hecho, ahora mismo el mercado le da una probabilidad del 90% a que veamos una subida de tipos en la reuni\u00f3n de abril, otra en la de junio, un 75% en la de septiembre y un 50% de que veamos una cuarta en diciembre. El \u00faltimo en sumarse a esta visi\u00f3n ha sido Morgan Stanley, que, adem\u00e1s, espera otras dos m\u00e1s en 2023. Asimismo, ya piensa que veremos el diez a\u00f1os americano al 2% al cierre de este trimestre y en el 2,3% al finalizar el a\u00f1o, eso s\u00ed, con la curva plana entre el 5 y el 30 a\u00f1os.<\/p>\n<p>Hoy conoceremos las cuentas anuales de Wells Fargo, Citigroup y JP Morgan, as\u00ed como cifras macro relevantes como la confianza del consumidor de la Universidad de Michigan. En Europa, la atenci\u00f3n se centrar\u00e1 en las cifras de inflaci\u00f3n. La cifra de Espa\u00f1a ya la sabemos: se sit\u00faa en el mes de diciembre en el 6,5%, un punto por encima de la registrada el mes anterior y la m\u00e1s alta desde mayo de 1992. Destaca la fuerte subida del precio de la electricidad. Cabe rese\u00f1ar tambi\u00e9n, aunque en sentido contrario, la bajada de los precios del gas\u00f3leo para calefacci\u00f3n, que subieron en 2020. Alimentos y bebidas no alcoh\u00f3licas, que sit\u00faa su tasa en el 5,0%, casi dos puntos superior a la del mes anterior, debido a subidas de precios en la mayor\u00eda de sus componentes. Entre ellas, destacan las de las legumbres y hortalizas, que bajaron en diciembre de 2020, y las del pan y cereales y la carne, mayores este mes que en 2020.<\/p>\n<p>El lunes no habr\u00e1 mercado americano por la festividad de Martin Luther King, as\u00ed que no descartamos que la jornada vespertina nos depare menos volumen que otros d\u00edas, dando manga ancha para un nuevo d\u00eda de volatilidad.<\/p>\n<p>Buen fin de semana.<br \/>\n<center><strong>Jorge Gonz\u00e1lez G\u00f3mez<\/strong><br \/>\nDirector de An\u00e1lisis <\/center><\/p>\n","protected":false},"excerpt":{"rendered":"<p>Nuevo d\u00eda de fuerte volatilidad intradiaria en el mercado norteamericano.<\/p>\n","protected":false},"author":4,"featured_media":53677,"comment_status":"open","ping_status":"open","sticky":false,"template":"","format":"standard","meta":{"_acf_changed":false,"footnotes":""},"categories":[9721],"tags":[697,3453,3644,5761],"class_list":["post-53676","post","type-post","status-publish","format-standard","has-post-thumbnail","hentry","category-morning-meeting","tag-bono-americano","tag-inflacion","tag-ipc","tag-reserva-federal"],"acf":[],"yoast_head":"<!-- This site is optimized with the Yoast SEO plugin v27.5 - https:\/\/yoast.com\/product\/yoast-seo-wordpress\/ -->\n<title>En Europa, la atenci\u00f3n se centrar\u00e1 en las cifras de inflaci\u00f3n<\/title>\n<meta name=\"description\" content=\"Hoy, conoceremos las cuentas anuales de Wells Fargo, Citigroup y JP Morgan, as\u00ed como cifras macro relevantes como la confianza del consumidor de la Universidad de Michigan. En Europa, la atenci\u00f3n se centrar\u00e1 en las cifras de inflaci\u00f3n. La cifra de Espa\u00f1a ya la sabemos: se sit\u00faa en el mes de diciembre en el 6,5%, un punto por encima de la registrada el mes anterior y la m\u00e1s alta desde mayo de 1992.\" \/>\n<meta name=\"robots\" content=\"index, follow, max-snippet:-1, max-image-preview:large, max-video-preview:-1\" \/>\n<link rel=\"canonical\" href=\"https:\/\/www.tressis.com\/ca\/blog\/en-europa-la-atencion-se-centrara-en-las-cifras-de-inflacion\/\" \/>\n<meta property=\"og:locale\" content=\"ca_ES\" \/>\n<meta property=\"og:type\" content=\"article\" \/>\n<meta property=\"og:title\" content=\"En Europa, la atenci\u00f3n se centrar\u00e1 en las cifras de inflaci\u00f3n\" \/>\n<meta property=\"og:description\" content=\"Hoy, conoceremos las cuentas anuales de Wells Fargo, Citigroup y JP Morgan, as\u00ed como cifras macro relevantes como la confianza del consumidor de la Universidad de Michigan. En Europa, la atenci\u00f3n se centrar\u00e1 en las cifras de inflaci\u00f3n. La cifra de Espa\u00f1a ya la sabemos: se sit\u00faa en el mes de diciembre en el 6,5%, un punto por encima de la registrada el mes anterior y la m\u00e1s alta desde mayo de 1992.\" \/>\n<meta property=\"og:url\" content=\"https:\/\/www.tressis.com\/ca\/blog\/en-europa-la-atencion-se-centrara-en-las-cifras-de-inflacion\/\" \/>\n<meta property=\"og:site_name\" content=\"Tressis\" \/>\n<meta property=\"article:publisher\" content=\"https:\/\/www.facebook.com\/Tressis\/\" \/>\n<meta property=\"article:published_time\" content=\"2022-01-14T10:30:52+00:00\" \/>\n<meta property=\"article:modified_time\" content=\"2022-01-15T17:50:14+00:00\" \/>\n<meta property=\"og:image\" content=\"https:\/\/www.tressis.com\/wp-content\/uploads\/2022\/01\/inflacion-europa.jpg\" \/>\n\t<meta property=\"og:image:width\" content=\"1100\" \/>\n\t<meta property=\"og:image:height\" content=\"487\" \/>\n\t<meta property=\"og:image:type\" content=\"image\/jpeg\" \/>\n<meta name=\"author\" content=\"Lola\" \/>\n<meta name=\"twitter:card\" content=\"summary_large_image\" \/>\n<meta name=\"twitter:creator\" content=\"@TressisSV\" \/>\n<meta name=\"twitter:site\" content=\"@TressisSV\" \/>\n<meta name=\"twitter:label1\" content=\"Escrit per\" \/>\n\t<meta name=\"twitter:data1\" content=\"Lola\" \/>\n\t<meta name=\"twitter:label2\" content=\"Temps estimat de lectura\" \/>\n\t<meta name=\"twitter:data2\" content=\"4 minuts\" \/>\n<script type=\"application\/ld+json\" class=\"yoast-schema-graph\">{\"@context\":\"https:\\\/\\\/schema.org\",\"@graph\":[{\"@type\":\"Article\",\"@id\":\"https:\\\/\\\/www.tressis.com\\\/ca\\\/blog\\\/en-europa-la-atencion-se-centrara-en-las-cifras-de-inflacion\\\/#article\",\"isPartOf\":{\"@id\":\"https:\\\/\\\/www.tressis.com\\\/ca\\\/blog\\\/en-europa-la-atencion-se-centrara-en-las-cifras-de-inflacion\\\/\"},\"author\":{\"name\":\"Lola\",\"@id\":\"https:\\\/\\\/www.tressis.com\\\/ca\\\/#\\\/schema\\\/person\\\/b833c1d724d8764920b6d6852c70584e\"},\"headline\":\"En Europa, la atenci\u00f3n se centrar\u00e1 en las cifras de inflaci\u00f3n\",\"datePublished\":\"2022-01-14T10:30:52+00:00\",\"dateModified\":\"2022-01-15T17:50:14+00:00\",\"mainEntityOfPage\":{\"@id\":\"https:\\\/\\\/www.tressis.com\\\/ca\\\/blog\\\/en-europa-la-atencion-se-centrara-en-las-cifras-de-inflacion\\\/\"},\"wordCount\":802,\"commentCount\":0,\"publisher\":{\"@id\":\"https:\\\/\\\/www.tressis.com\\\/ca\\\/#organization\"},\"image\":{\"@id\":\"https:\\\/\\\/www.tressis.com\\\/ca\\\/blog\\\/en-europa-la-atencion-se-centrara-en-las-cifras-de-inflacion\\\/#primaryimage\"},\"thumbnailUrl\":\"https:\\\/\\\/www.tressis.com\\\/wp-content\\\/uploads\\\/2022\\\/01\\\/inflacion-europa.jpg\",\"keywords\":[\"bono americano\",\"inflaci\u00f3n\",\"IPC\",\"Reserva Federal\"],\"articleSection\":[\"Morning meeting\"],\"inLanguage\":\"ca\",\"potentialAction\":[{\"@type\":\"CommentAction\",\"name\":\"Comment\",\"target\":[\"https:\\\/\\\/www.tressis.com\\\/ca\\\/blog\\\/en-europa-la-atencion-se-centrara-en-las-cifras-de-inflacion\\\/#respond\"]}]},{\"@type\":\"WebPage\",\"@id\":\"https:\\\/\\\/www.tressis.com\\\/ca\\\/blog\\\/en-europa-la-atencion-se-centrara-en-las-cifras-de-inflacion\\\/\",\"url\":\"https:\\\/\\\/www.tressis.com\\\/ca\\\/blog\\\/en-europa-la-atencion-se-centrara-en-las-cifras-de-inflacion\\\/\",\"name\":\"En Europa, la atenci\u00f3n se centrar\u00e1 en las cifras de inflaci\u00f3n\",\"isPartOf\":{\"@id\":\"https:\\\/\\\/www.tressis.com\\\/ca\\\/#website\"},\"primaryImageOfPage\":{\"@id\":\"https:\\\/\\\/www.tressis.com\\\/ca\\\/blog\\\/en-europa-la-atencion-se-centrara-en-las-cifras-de-inflacion\\\/#primaryimage\"},\"image\":{\"@id\":\"https:\\\/\\\/www.tressis.com\\\/ca\\\/blog\\\/en-europa-la-atencion-se-centrara-en-las-cifras-de-inflacion\\\/#primaryimage\"},\"thumbnailUrl\":\"https:\\\/\\\/www.tressis.com\\\/wp-content\\\/uploads\\\/2022\\\/01\\\/inflacion-europa.jpg\",\"datePublished\":\"2022-01-14T10:30:52+00:00\",\"dateModified\":\"2022-01-15T17:50:14+00:00\",\"description\":\"Hoy, conoceremos las cuentas anuales de Wells Fargo, Citigroup y JP Morgan, as\u00ed como cifras macro relevantes como la confianza del consumidor de la Universidad de Michigan. En Europa, la atenci\u00f3n se centrar\u00e1 en las cifras de inflaci\u00f3n. La cifra de Espa\u00f1a ya la sabemos: se sit\u00faa en el mes de diciembre en el 6,5%, un punto por encima de la registrada el mes anterior y la m\u00e1s alta desde mayo de 1992.\",\"breadcrumb\":{\"@id\":\"https:\\\/\\\/www.tressis.com\\\/ca\\\/blog\\\/en-europa-la-atencion-se-centrara-en-las-cifras-de-inflacion\\\/#breadcrumb\"},\"inLanguage\":\"ca\",\"potentialAction\":[{\"@type\":\"ReadAction\",\"target\":[\"https:\\\/\\\/www.tressis.com\\\/ca\\\/blog\\\/en-europa-la-atencion-se-centrara-en-las-cifras-de-inflacion\\\/\"]}]},{\"@type\":\"ImageObject\",\"inLanguage\":\"ca\",\"@id\":\"https:\\\/\\\/www.tressis.com\\\/ca\\\/blog\\\/en-europa-la-atencion-se-centrara-en-las-cifras-de-inflacion\\\/#primaryimage\",\"url\":\"https:\\\/\\\/www.tressis.com\\\/wp-content\\\/uploads\\\/2022\\\/01\\\/inflacion-europa.jpg\",\"contentUrl\":\"https:\\\/\\\/www.tressis.com\\\/wp-content\\\/uploads\\\/2022\\\/01\\\/inflacion-europa.jpg\",\"width\":1100,\"height\":487},{\"@type\":\"BreadcrumbList\",\"@id\":\"https:\\\/\\\/www.tressis.com\\\/ca\\\/blog\\\/en-europa-la-atencion-se-centrara-en-las-cifras-de-inflacion\\\/#breadcrumb\",\"itemListElement\":[{\"@type\":\"ListItem\",\"position\":1,\"name\":\"Inicio\",\"item\":\"https:\\\/\\\/www.tressis.com\\\/ca\\\/\"},{\"@type\":\"ListItem\",\"position\":2,\"name\":\"Morning meeting\",\"item\":\"https:\\\/\\\/www.tressis.com\\\/ca\\\/blog\\\/categorias\\\/morning-meeting-ca\\\/\"},{\"@type\":\"ListItem\",\"position\":3,\"name\":\"En Europa, la atenci\u00f3n se centrar\u00e1 en las cifras de inflaci\u00f3n\"}]},{\"@type\":\"WebSite\",\"@id\":\"https:\\\/\\\/www.tressis.com\\\/ca\\\/#website\",\"url\":\"https:\\\/\\\/www.tressis.com\\\/ca\\\/\",\"name\":\"Tressis banca privada\",\"description\":\"Tressis | Planificaci\u00f3n financiera y gesti\u00f3n de patrimonios\",\"publisher\":{\"@id\":\"https:\\\/\\\/www.tressis.com\\\/ca\\\/#organization\"},\"potentialAction\":[{\"@type\":\"SearchAction\",\"target\":{\"@type\":\"EntryPoint\",\"urlTemplate\":\"https:\\\/\\\/www.tressis.com\\\/ca\\\/?s={search_term_string}\"},\"query-input\":{\"@type\":\"PropertyValueSpecification\",\"valueRequired\":true,\"valueName\":\"search_term_string\"}}],\"inLanguage\":\"ca\"},{\"@type\":\"Organization\",\"@id\":\"https:\\\/\\\/www.tressis.com\\\/ca\\\/#organization\",\"name\":\"Tressis\",\"url\":\"https:\\\/\\\/www.tressis.com\\\/ca\\\/\",\"logo\":{\"@type\":\"ImageObject\",\"inLanguage\":\"ca\",\"@id\":\"https:\\\/\\\/www.tressis.com\\\/ca\\\/#\\\/schema\\\/logo\\\/image\\\/\",\"url\":\"https:\\\/\\\/www.tressis.com\\\/wp-content\\\/uploads\\\/2025\\\/06\\\/logo-tressis-112.png\",\"contentUrl\":\"https:\\\/\\\/www.tressis.com\\\/wp-content\\\/uploads\\\/2025\\\/06\\\/logo-tressis-112.png\",\"width\":112,\"height\":112,\"caption\":\"Tressis\"},\"image\":{\"@id\":\"https:\\\/\\\/www.tressis.com\\\/ca\\\/#\\\/schema\\\/logo\\\/image\\\/\"},\"sameAs\":[\"https:\\\/\\\/www.facebook.com\\\/Tressis\\\/\",\"https:\\\/\\\/x.com\\\/TressisSV\",\"https:\\\/\\\/www.instagram.com\\\/tressissv\\\/?hl=es\",\"https:\\\/\\\/linkedin.com\\\/company\\\/tressis\\\/\",\"https:\\\/\\\/www.youtube.com\\\/user\\\/tressissv\",\"https:\\\/\\\/open.spotify.com\\\/show\\\/3jmTe1Nf0wqMILl7diWV6h?si=d7112519f13c4593&nd=1\"]},{\"@type\":\"Person\",\"@id\":\"https:\\\/\\\/www.tressis.com\\\/ca\\\/#\\\/schema\\\/person\\\/b833c1d724d8764920b6d6852c70584e\",\"name\":\"Lola\",\"image\":{\"@type\":\"ImageObject\",\"inLanguage\":\"ca\",\"@id\":\"https:\\\/\\\/secure.gravatar.com\\\/avatar\\\/05e646486b23ff45df9649110609c7e31b8c4a3e2821caa23d6317f405e0c51d?s=96&d=mm&r=g\",\"url\":\"https:\\\/\\\/secure.gravatar.com\\\/avatar\\\/05e646486b23ff45df9649110609c7e31b8c4a3e2821caa23d6317f405e0c51d?s=96&d=mm&r=g\",\"contentUrl\":\"https:\\\/\\\/secure.gravatar.com\\\/avatar\\\/05e646486b23ff45df9649110609c7e31b8c4a3e2821caa23d6317f405e0c51d?s=96&d=mm&r=g\",\"caption\":\"Lola\"}}]}<\/script>\n<!-- \/ Yoast SEO plugin. -->","yoast_head_json":{"title":"En Europa, la atenci\u00f3n se centrar\u00e1 en las cifras de inflaci\u00f3n","description":"Hoy, conoceremos las cuentas anuales de Wells Fargo, Citigroup y JP Morgan, as\u00ed como cifras macro relevantes como la confianza del consumidor de la Universidad de Michigan. En Europa, la atenci\u00f3n se centrar\u00e1 en las cifras de inflaci\u00f3n. La cifra de Espa\u00f1a ya la sabemos: se sit\u00faa en el mes de diciembre en el 6,5%, un punto por encima de la registrada el mes anterior y la m\u00e1s alta desde mayo de 1992.","robots":{"index":"index","follow":"follow","max-snippet":"max-snippet:-1","max-image-preview":"max-image-preview:large","max-video-preview":"max-video-preview:-1"},"canonical":"https:\/\/www.tressis.com\/ca\/blog\/en-europa-la-atencion-se-centrara-en-las-cifras-de-inflacion\/","og_locale":"ca_ES","og_type":"article","og_title":"En Europa, la atenci\u00f3n se centrar\u00e1 en las cifras de inflaci\u00f3n","og_description":"Hoy, conoceremos las cuentas anuales de Wells Fargo, Citigroup y JP Morgan, as\u00ed como cifras macro relevantes como la confianza del consumidor de la Universidad de Michigan. En Europa, la atenci\u00f3n se centrar\u00e1 en las cifras de inflaci\u00f3n. La cifra de Espa\u00f1a ya la sabemos: se sit\u00faa en el mes de diciembre en el 6,5%, un punto por encima de la registrada el mes anterior y la m\u00e1s alta desde mayo de 1992.","og_url":"https:\/\/www.tressis.com\/ca\/blog\/en-europa-la-atencion-se-centrara-en-las-cifras-de-inflacion\/","og_site_name":"Tressis","article_publisher":"https:\/\/www.facebook.com\/Tressis\/","article_published_time":"2022-01-14T10:30:52+00:00","article_modified_time":"2022-01-15T17:50:14+00:00","og_image":[{"width":1100,"height":487,"url":"https:\/\/www.tressis.com\/wp-content\/uploads\/2022\/01\/inflacion-europa.jpg","type":"image\/jpeg"}],"author":"Lola","twitter_card":"summary_large_image","twitter_creator":"@TressisSV","twitter_site":"@TressisSV","twitter_misc":{"Escrit per":"Lola","Temps estimat de lectura":"4 minuts"},"schema":{"@context":"https:\/\/schema.org","@graph":[{"@type":"Article","@id":"https:\/\/www.tressis.com\/ca\/blog\/en-europa-la-atencion-se-centrara-en-las-cifras-de-inflacion\/#article","isPartOf":{"@id":"https:\/\/www.tressis.com\/ca\/blog\/en-europa-la-atencion-se-centrara-en-las-cifras-de-inflacion\/"},"author":{"name":"Lola","@id":"https:\/\/www.tressis.com\/ca\/#\/schema\/person\/b833c1d724d8764920b6d6852c70584e"},"headline":"En Europa, la atenci\u00f3n se centrar\u00e1 en las cifras de inflaci\u00f3n","datePublished":"2022-01-14T10:30:52+00:00","dateModified":"2022-01-15T17:50:14+00:00","mainEntityOfPage":{"@id":"https:\/\/www.tressis.com\/ca\/blog\/en-europa-la-atencion-se-centrara-en-las-cifras-de-inflacion\/"},"wordCount":802,"commentCount":0,"publisher":{"@id":"https:\/\/www.tressis.com\/ca\/#organization"},"image":{"@id":"https:\/\/www.tressis.com\/ca\/blog\/en-europa-la-atencion-se-centrara-en-las-cifras-de-inflacion\/#primaryimage"},"thumbnailUrl":"https:\/\/www.tressis.com\/wp-content\/uploads\/2022\/01\/inflacion-europa.jpg","keywords":["bono americano","inflaci\u00f3n","IPC","Reserva Federal"],"articleSection":["Morning meeting"],"inLanguage":"ca","potentialAction":[{"@type":"CommentAction","name":"Comment","target":["https:\/\/www.tressis.com\/ca\/blog\/en-europa-la-atencion-se-centrara-en-las-cifras-de-inflacion\/#respond"]}]},{"@type":"WebPage","@id":"https:\/\/www.tressis.com\/ca\/blog\/en-europa-la-atencion-se-centrara-en-las-cifras-de-inflacion\/","url":"https:\/\/www.tressis.com\/ca\/blog\/en-europa-la-atencion-se-centrara-en-las-cifras-de-inflacion\/","name":"En Europa, la atenci\u00f3n se centrar\u00e1 en las cifras de inflaci\u00f3n","isPartOf":{"@id":"https:\/\/www.tressis.com\/ca\/#website"},"primaryImageOfPage":{"@id":"https:\/\/www.tressis.com\/ca\/blog\/en-europa-la-atencion-se-centrara-en-las-cifras-de-inflacion\/#primaryimage"},"image":{"@id":"https:\/\/www.tressis.com\/ca\/blog\/en-europa-la-atencion-se-centrara-en-las-cifras-de-inflacion\/#primaryimage"},"thumbnailUrl":"https:\/\/www.tressis.com\/wp-content\/uploads\/2022\/01\/inflacion-europa.jpg","datePublished":"2022-01-14T10:30:52+00:00","dateModified":"2022-01-15T17:50:14+00:00","description":"Hoy, conoceremos las cuentas anuales de Wells Fargo, Citigroup y JP Morgan, as\u00ed como cifras macro relevantes como la confianza del consumidor de la Universidad de Michigan. En Europa, la atenci\u00f3n se centrar\u00e1 en las cifras de inflaci\u00f3n. La cifra de Espa\u00f1a ya la sabemos: se sit\u00faa en el mes de diciembre en el 6,5%, un punto por encima de la registrada el mes anterior y la m\u00e1s alta desde mayo de 1992.","breadcrumb":{"@id":"https:\/\/www.tressis.com\/ca\/blog\/en-europa-la-atencion-se-centrara-en-las-cifras-de-inflacion\/#breadcrumb"},"inLanguage":"ca","potentialAction":[{"@type":"ReadAction","target":["https:\/\/www.tressis.com\/ca\/blog\/en-europa-la-atencion-se-centrara-en-las-cifras-de-inflacion\/"]}]},{"@type":"ImageObject","inLanguage":"ca","@id":"https:\/\/www.tressis.com\/ca\/blog\/en-europa-la-atencion-se-centrara-en-las-cifras-de-inflacion\/#primaryimage","url":"https:\/\/www.tressis.com\/wp-content\/uploads\/2022\/01\/inflacion-europa.jpg","contentUrl":"https:\/\/www.tressis.com\/wp-content\/uploads\/2022\/01\/inflacion-europa.jpg","width":1100,"height":487},{"@type":"BreadcrumbList","@id":"https:\/\/www.tressis.com\/ca\/blog\/en-europa-la-atencion-se-centrara-en-las-cifras-de-inflacion\/#breadcrumb","itemListElement":[{"@type":"ListItem","position":1,"name":"Inicio","item":"https:\/\/www.tressis.com\/ca\/"},{"@type":"ListItem","position":2,"name":"Morning meeting","item":"https:\/\/www.tressis.com\/ca\/blog\/categorias\/morning-meeting-ca\/"},{"@type":"ListItem","position":3,"name":"En Europa, la atenci\u00f3n se centrar\u00e1 en las cifras de inflaci\u00f3n"}]},{"@type":"WebSite","@id":"https:\/\/www.tressis.com\/ca\/#website","url":"https:\/\/www.tressis.com\/ca\/","name":"Tressis banca privada","description":"Tressis | Planificaci\u00f3n financiera y gesti\u00f3n de patrimonios","publisher":{"@id":"https:\/\/www.tressis.com\/ca\/#organization"},"potentialAction":[{"@type":"SearchAction","target":{"@type":"EntryPoint","urlTemplate":"https:\/\/www.tressis.com\/ca\/?s={search_term_string}"},"query-input":{"@type":"PropertyValueSpecification","valueRequired":true,"valueName":"search_term_string"}}],"inLanguage":"ca"},{"@type":"Organization","@id":"https:\/\/www.tressis.com\/ca\/#organization","name":"Tressis","url":"https:\/\/www.tressis.com\/ca\/","logo":{"@type":"ImageObject","inLanguage":"ca","@id":"https:\/\/www.tressis.com\/ca\/#\/schema\/logo\/image\/","url":"https:\/\/www.tressis.com\/wp-content\/uploads\/2025\/06\/logo-tressis-112.png","contentUrl":"https:\/\/www.tressis.com\/wp-content\/uploads\/2025\/06\/logo-tressis-112.png","width":112,"height":112,"caption":"Tressis"},"image":{"@id":"https:\/\/www.tressis.com\/ca\/#\/schema\/logo\/image\/"},"sameAs":["https:\/\/www.facebook.com\/Tressis\/","https:\/\/x.com\/TressisSV","https:\/\/www.instagram.com\/tressissv\/?hl=es","https:\/\/linkedin.com\/company\/tressis\/","https:\/\/www.youtube.com\/user\/tressissv","https:\/\/open.spotify.com\/show\/3jmTe1Nf0wqMILl7diWV6h?si=d7112519f13c4593&nd=1"]},{"@type":"Person","@id":"https:\/\/www.tressis.com\/ca\/#\/schema\/person\/b833c1d724d8764920b6d6852c70584e","name":"Lola","image":{"@type":"ImageObject","inLanguage":"ca","@id":"https:\/\/secure.gravatar.com\/avatar\/05e646486b23ff45df9649110609c7e31b8c4a3e2821caa23d6317f405e0c51d?s=96&d=mm&r=g","url":"https:\/\/secure.gravatar.com\/avatar\/05e646486b23ff45df9649110609c7e31b8c4a3e2821caa23d6317f405e0c51d?s=96&d=mm&r=g","contentUrl":"https:\/\/secure.gravatar.com\/avatar\/05e646486b23ff45df9649110609c7e31b8c4a3e2821caa23d6317f405e0c51d?s=96&d=mm&r=g","caption":"Lola"}}]}},"_links":{"self":[{"href":"https:\/\/www.tressis.com\/ca\/wp-json\/wp\/v2\/posts\/53676","targetHints":{"allow":["GET"]}}],"collection":[{"href":"https:\/\/www.tressis.com\/ca\/wp-json\/wp\/v2\/posts"}],"about":[{"href":"https:\/\/www.tressis.com\/ca\/wp-json\/wp\/v2\/types\/post"}],"author":[{"embeddable":true,"href":"https:\/\/www.tressis.com\/ca\/wp-json\/wp\/v2\/users\/4"}],"replies":[{"embeddable":true,"href":"https:\/\/www.tressis.com\/ca\/wp-json\/wp\/v2\/comments?post=53676"}],"version-history":[{"count":0,"href":"https:\/\/www.tressis.com\/ca\/wp-json\/wp\/v2\/posts\/53676\/revisions"}],"wp:featuredmedia":[{"embeddable":true,"href":"https:\/\/www.tressis.com\/ca\/wp-json\/wp\/v2\/media\/53677"}],"wp:attachment":[{"href":"https:\/\/www.tressis.com\/ca\/wp-json\/wp\/v2\/media?parent=53676"}],"wp:term":[{"taxonomy":"category","embeddable":true,"href":"https:\/\/www.tressis.com\/ca\/wp-json\/wp\/v2\/categories?post=53676"},{"taxonomy":"post_tag","embeddable":true,"href":"https:\/\/www.tressis.com\/ca\/wp-json\/wp\/v2\/tags?post=53676"}],"curies":[{"name":"wp","href":"https:\/\/api.w.org\/{rel}","templated":true}]}}