{"id":52545,"date":"2021-12-24T10:05:08","date_gmt":"2021-12-24T09:05:08","guid":{"rendered":"https:\/\/www.tressis.com\/blog\/?p=37563"},"modified":"2022-01-11T17:44:05","modified_gmt":"2022-01-11T17:44:05","slug":"terminar-ano-positivo","status":"publish","type":"post","link":"https:\/\/www.tressis.com\/ca\/blog\/terminar-ano-positivo\/","title":{"rendered":"Estamos cerca de terminar un a\u00f1o mucho m\u00e1s positivo de lo que la mayor\u00eda esper\u00e1bamos hace 365 d\u00edas"},"content":{"rendered":"<p>Seguramente que este post que estoy escribiendo sea uno de los menos le\u00eddos del a\u00f1o.<!--more--> Y me parece l\u00f3gico y correcto porque un d\u00eda 24 de diciembre todos estamos m\u00e1s pendientes de tener bien afilado el cuchillo para cortar el jam\u00f3n y las toallitas de lim\u00f3n para limpiarnos las manos despu\u00e9s de comer los langostinos, que del mercado. Pero tampoco es que el mercado vaya a darnos grandes noticias, pues esta es una jornada que en la mayor\u00eda de los mercados europeos es festiva, y en la que Wall Street vive una sesi\u00f3n m\u00e1s corta de lo normal. Y en ambos casos los vol\u00famenes y movimientos suelen ser bajos.<\/p>\n<p>Mientras llega 2022, podemos contentarnos un poco con el <i>minirally<\/i> de Navidad del que estamos benefici\u00e1ndonos en los \u00faltimos d\u00edas, en el que los rebalanceos institucionales y la operativa motivada por cuestiones fiscales seguro que tiene mucho que ver. La realidad es que, con todo, estamos cerca de terminar un a\u00f1o mucho m\u00e1s positivo de lo que la mayor\u00eda esper\u00e1bamos hace 365 d\u00edas. Eso s\u00ed, un a\u00f1o que en algunos momentos parec\u00eda dejar al 2020 como normalito. No olvidemos que el d\u00eda de Reyes nos encontramos con un asalto al Capitolio de Estados Unidos, el cual quiz\u00e1 no habr\u00eda sucedido si en Washington hubiesen tenido una nevada de la categor\u00eda de Filomena, o que meses despu\u00e9s un barco pon\u00eda en jaque las cadenas de suministro mundiales al quedarse encallado completamente cruzado en pleno canal de Suez. \u00a1Y esto solamente en los tres primeros meses del a\u00f1o!<\/p>\n<p>Tambi\u00e9n este 2021 lleg\u00f3 la vacuna (\u00a1gracias!) y, con el paso de los meses, esta fue la causante de que el mercado reavivase la volatilidad perdida. La recuperaci\u00f3n de la actividad se junt\u00f3 con el efecto base del c\u00e1lculo de la inflaci\u00f3n, que result\u00f3 no ser tan transitorio como parec\u00eda, pues se sumaron tambi\u00e9n los cuellos de botella en las cadenas de suministro y las tensiones en el sector energ\u00e9tico, obligando a los bancos centrales a cambiar sus discursos acerca de los precios y, en consecuencia, de los programas de expansi\u00f3n cuantitativa y los niveles de tipos. Ya la teor\u00eda econ\u00f3mica nos dice que la volatilidad a corto plazo en la renta fija se explica mayoritariamente por los cambios en la pol\u00edtica monetaria m\u00e1s que por las perspectivas sobre el crecimiento y la inflaci\u00f3n (que afectan m\u00e1s a los plazos m\u00e1s largos), as\u00ed que no deber\u00eda pillarnos de sorpresa.<\/p>\n<p>Total que, en este entorno, no s\u00e9 si porque los inversores est\u00e1n influidos por el esp\u00edritu de la Navidad o porque realmente hay muchas maneras distintas de ver la actual situaci\u00f3n de mercado, estamos viendo subidas tanto en los sectores m\u00e1s c\u00edclicos (los cuales se benefician de los tres proyectados incrementos de tipos para 2022 en Estados Unidos) como en los m\u00e1s defensivos. Pero no se conf\u00eden, a\u00fan no hemos acabado 2021 y ya tenemos la casi completa certeza de que 2022 vendr\u00e1 con fuerza.<\/p>\n<p>En cualquier caso, mientras esperamos a que llegue, hoy lo importante como dec\u00eda son el jam\u00f3n, los langostinos, el champ\u00e1n y la familia. Por un d\u00eda, los mercados solamente son un problema de \u201cnuestro yo futuro\u201d.<\/p>\n<p>Feliz viernes, feliz fin de semana, feliz Nochebuena y feliz Navidad de parte de todos los que escribimos estas l\u00edneas cada d\u00eda de cada semana: Joanna, Samuel, Jessica, V\u00edctor, Virginia, Jorge, Gonzalo y una servidora.<\/p>\n<p><center><strong>M\u00aa Salom\u00e9 Bouzas Romero<\/strong><br \/>\nAnalista<\/center><\/p>\n","protected":false},"excerpt":{"rendered":"<p>Seguramente que este post que estoy escribiendo sea uno de los menos le\u00eddos del a\u00f1o.<\/p>\n","protected":false},"author":8,"featured_media":52595,"comment_status":"open","ping_status":"closed","sticky":false,"template":"","format":"standard","meta":{"_acf_changed":false,"footnotes":""},"categories":[9721],"tags":[7022,3453,6789,6920],"class_list":["post-52545","post","type-post","status-publish","format-standard","has-post-thumbnail","hentry","category-morning-meeting","tag-cadenas-suministros","tag-inflacion","tag-vacuna","tag-volatilidad"],"acf":[],"yoast_head":"<!-- This site is optimized with the Yoast SEO plugin v27.5 - https:\/\/yoast.com\/product\/yoast-seo-wordpress\/ -->\n<title>Estamos cerca de terminar un a\u00f1o mucho m\u00e1s positivo de lo que la mayor\u00eda esper\u00e1bamos hace 365 d\u00edas<\/title>\n<meta name=\"description\" content=\"Mientras llega 2022, podemos contentarnos un poco con el mini rally de Navidad del que estamos benefici\u00e1ndonos en los \u00faltimos d\u00edas, en el que los rebalanceos institucionales y la operativa motivada por cuestiones fiscales seguro que tiene mucho que ver. La realidad es que, con todo, estamos cerca de terminar un a\u00f1o mucho m\u00e1s positivo de lo que la mayor\u00eda esper\u00e1bamos hace 365 d\u00edas. Eso s\u00ed, un a\u00f1o que en algunos momentos parec\u00eda dejar al 2020 como normalito.\" \/>\n<meta name=\"robots\" content=\"index, follow, max-snippet:-1, max-image-preview:large, max-video-preview:-1\" \/>\n<link rel=\"canonical\" href=\"https:\/\/www.tressis.com\/ca\/blog\/terminar-ano-positivo\/\" \/>\n<meta property=\"og:locale\" content=\"ca_ES\" \/>\n<meta property=\"og:type\" content=\"article\" \/>\n<meta property=\"og:title\" content=\"Estamos cerca de terminar un a\u00f1o mucho m\u00e1s positivo de lo que la mayor\u00eda esper\u00e1bamos hace 365 d\u00edas\" \/>\n<meta property=\"og:description\" content=\"Mientras llega 2022, podemos contentarnos un poco con el mini rally de Navidad del que estamos benefici\u00e1ndonos en los \u00faltimos d\u00edas, en el que los rebalanceos institucionales y la operativa motivada por cuestiones fiscales seguro que tiene mucho que ver. La realidad es que, con todo, estamos cerca de terminar un a\u00f1o mucho m\u00e1s positivo de lo que la mayor\u00eda esper\u00e1bamos hace 365 d\u00edas. Eso s\u00ed, un a\u00f1o que en algunos momentos parec\u00eda dejar al 2020 como normalito.\" \/>\n<meta property=\"og:url\" content=\"https:\/\/www.tressis.com\/ca\/blog\/terminar-ano-positivo\/\" \/>\n<meta property=\"og:site_name\" content=\"Tressis\" \/>\n<meta property=\"article:publisher\" content=\"https:\/\/www.facebook.com\/Tressis\/\" \/>\n<meta property=\"article:published_time\" content=\"2021-12-24T09:05:08+00:00\" \/>\n<meta property=\"article:modified_time\" content=\"2022-01-11T17:44:05+00:00\" \/>\n<meta property=\"og:image\" content=\"https:\/\/www.tressis.com\/wp-content\/uploads\/2021\/12\/2021-ano-positivo.jpg\" \/>\n\t<meta property=\"og:image:width\" content=\"1100\" \/>\n\t<meta property=\"og:image:height\" content=\"487\" \/>\n\t<meta property=\"og:image:type\" content=\"image\/jpeg\" \/>\n<meta name=\"author\" content=\"Tressis\" \/>\n<meta name=\"twitter:card\" content=\"summary_large_image\" \/>\n<meta name=\"twitter:creator\" content=\"@TressisSV\" \/>\n<meta name=\"twitter:site\" content=\"@TressisSV\" \/>\n<meta name=\"twitter:label1\" content=\"Escrit per\" \/>\n\t<meta name=\"twitter:data1\" content=\"Tressis\" \/>\n\t<meta name=\"twitter:label2\" content=\"Temps estimat de lectura\" \/>\n\t<meta name=\"twitter:data2\" content=\"3 minuts\" \/>\n<script type=\"application\/ld+json\" class=\"yoast-schema-graph\">{\"@context\":\"https:\\\/\\\/schema.org\",\"@graph\":[{\"@type\":\"Article\",\"@id\":\"https:\\\/\\\/www.tressis.com\\\/ca\\\/blog\\\/terminar-ano-positivo\\\/#article\",\"isPartOf\":{\"@id\":\"https:\\\/\\\/www.tressis.com\\\/ca\\\/blog\\\/terminar-ano-positivo\\\/\"},\"author\":{\"name\":\"Tressis\",\"@id\":\"https:\\\/\\\/www.tressis.com\\\/ca\\\/#\\\/schema\\\/person\\\/b0bc25a03004c65c8f92a87e641ca824\"},\"headline\":\"Estamos cerca de terminar un a\u00f1o mucho m\u00e1s positivo de lo que la mayor\u00eda esper\u00e1bamos hace 365 d\u00edas\",\"datePublished\":\"2021-12-24T09:05:08+00:00\",\"dateModified\":\"2022-01-11T17:44:05+00:00\",\"mainEntityOfPage\":{\"@id\":\"https:\\\/\\\/www.tressis.com\\\/ca\\\/blog\\\/terminar-ano-positivo\\\/\"},\"wordCount\":637,\"commentCount\":0,\"publisher\":{\"@id\":\"https:\\\/\\\/www.tressis.com\\\/ca\\\/#organization\"},\"image\":{\"@id\":\"https:\\\/\\\/www.tressis.com\\\/ca\\\/blog\\\/terminar-ano-positivo\\\/#primaryimage\"},\"thumbnailUrl\":\"https:\\\/\\\/www.tressis.com\\\/wp-content\\\/uploads\\\/2021\\\/12\\\/2021-ano-positivo.jpg\",\"keywords\":[\"cadenas suministros\",\"inflaci\u00f3n\",\"vacuna\",\"volatilidad\"],\"articleSection\":[\"Morning meeting\"],\"inLanguage\":\"ca\",\"potentialAction\":[{\"@type\":\"CommentAction\",\"name\":\"Comment\",\"target\":[\"https:\\\/\\\/www.tressis.com\\\/ca\\\/blog\\\/terminar-ano-positivo\\\/#respond\"]}]},{\"@type\":\"WebPage\",\"@id\":\"https:\\\/\\\/www.tressis.com\\\/ca\\\/blog\\\/terminar-ano-positivo\\\/\",\"url\":\"https:\\\/\\\/www.tressis.com\\\/ca\\\/blog\\\/terminar-ano-positivo\\\/\",\"name\":\"Estamos cerca de terminar un a\u00f1o mucho m\u00e1s positivo de lo que la mayor\u00eda esper\u00e1bamos hace 365 d\u00edas\",\"isPartOf\":{\"@id\":\"https:\\\/\\\/www.tressis.com\\\/ca\\\/#website\"},\"primaryImageOfPage\":{\"@id\":\"https:\\\/\\\/www.tressis.com\\\/ca\\\/blog\\\/terminar-ano-positivo\\\/#primaryimage\"},\"image\":{\"@id\":\"https:\\\/\\\/www.tressis.com\\\/ca\\\/blog\\\/terminar-ano-positivo\\\/#primaryimage\"},\"thumbnailUrl\":\"https:\\\/\\\/www.tressis.com\\\/wp-content\\\/uploads\\\/2021\\\/12\\\/2021-ano-positivo.jpg\",\"datePublished\":\"2021-12-24T09:05:08+00:00\",\"dateModified\":\"2022-01-11T17:44:05+00:00\",\"description\":\"Mientras llega 2022, podemos contentarnos un poco con el mini rally de Navidad del que estamos benefici\u00e1ndonos en los \u00faltimos d\u00edas, en el que los rebalanceos institucionales y la operativa motivada por cuestiones fiscales seguro que tiene mucho que ver. La realidad es que, con todo, estamos cerca de terminar un a\u00f1o mucho m\u00e1s positivo de lo que la mayor\u00eda esper\u00e1bamos hace 365 d\u00edas. Eso s\u00ed, un a\u00f1o que en algunos momentos parec\u00eda dejar al 2020 como normalito.\",\"breadcrumb\":{\"@id\":\"https:\\\/\\\/www.tressis.com\\\/ca\\\/blog\\\/terminar-ano-positivo\\\/#breadcrumb\"},\"inLanguage\":\"ca\",\"potentialAction\":[{\"@type\":\"ReadAction\",\"target\":[\"https:\\\/\\\/www.tressis.com\\\/ca\\\/blog\\\/terminar-ano-positivo\\\/\"]}]},{\"@type\":\"ImageObject\",\"inLanguage\":\"ca\",\"@id\":\"https:\\\/\\\/www.tressis.com\\\/ca\\\/blog\\\/terminar-ano-positivo\\\/#primaryimage\",\"url\":\"https:\\\/\\\/www.tressis.com\\\/wp-content\\\/uploads\\\/2021\\\/12\\\/2021-ano-positivo.jpg\",\"contentUrl\":\"https:\\\/\\\/www.tressis.com\\\/wp-content\\\/uploads\\\/2021\\\/12\\\/2021-ano-positivo.jpg\",\"width\":1100,\"height\":487},{\"@type\":\"BreadcrumbList\",\"@id\":\"https:\\\/\\\/www.tressis.com\\\/ca\\\/blog\\\/terminar-ano-positivo\\\/#breadcrumb\",\"itemListElement\":[{\"@type\":\"ListItem\",\"position\":1,\"name\":\"Inicio\",\"item\":\"https:\\\/\\\/www.tressis.com\\\/ca\\\/\"},{\"@type\":\"ListItem\",\"position\":2,\"name\":\"Morning meeting\",\"item\":\"https:\\\/\\\/www.tressis.com\\\/ca\\\/blog\\\/categorias\\\/morning-meeting-ca\\\/\"},{\"@type\":\"ListItem\",\"position\":3,\"name\":\"Estamos cerca de terminar un a\u00f1o mucho m\u00e1s positivo de lo que la mayor\u00eda esper\u00e1bamos hace 365 d\u00edas\"}]},{\"@type\":\"WebSite\",\"@id\":\"https:\\\/\\\/www.tressis.com\\\/ca\\\/#website\",\"url\":\"https:\\\/\\\/www.tressis.com\\\/ca\\\/\",\"name\":\"Tressis banca privada\",\"description\":\"Tressis | Planificaci\u00f3n financiera y gesti\u00f3n de patrimonios\",\"publisher\":{\"@id\":\"https:\\\/\\\/www.tressis.com\\\/ca\\\/#organization\"},\"potentialAction\":[{\"@type\":\"SearchAction\",\"target\":{\"@type\":\"EntryPoint\",\"urlTemplate\":\"https:\\\/\\\/www.tressis.com\\\/ca\\\/?s={search_term_string}\"},\"query-input\":{\"@type\":\"PropertyValueSpecification\",\"valueRequired\":true,\"valueName\":\"search_term_string\"}}],\"inLanguage\":\"ca\"},{\"@type\":\"Organization\",\"@id\":\"https:\\\/\\\/www.tressis.com\\\/ca\\\/#organization\",\"name\":\"Tressis\",\"url\":\"https:\\\/\\\/www.tressis.com\\\/ca\\\/\",\"logo\":{\"@type\":\"ImageObject\",\"inLanguage\":\"ca\",\"@id\":\"https:\\\/\\\/www.tressis.com\\\/ca\\\/#\\\/schema\\\/logo\\\/image\\\/\",\"url\":\"https:\\\/\\\/www.tressis.com\\\/wp-content\\\/uploads\\\/2025\\\/06\\\/logo-tressis-112.png\",\"contentUrl\":\"https:\\\/\\\/www.tressis.com\\\/wp-content\\\/uploads\\\/2025\\\/06\\\/logo-tressis-112.png\",\"width\":112,\"height\":112,\"caption\":\"Tressis\"},\"image\":{\"@id\":\"https:\\\/\\\/www.tressis.com\\\/ca\\\/#\\\/schema\\\/logo\\\/image\\\/\"},\"sameAs\":[\"https:\\\/\\\/www.facebook.com\\\/Tressis\\\/\",\"https:\\\/\\\/x.com\\\/TressisSV\",\"https:\\\/\\\/www.instagram.com\\\/tressissv\\\/?hl=es\",\"https:\\\/\\\/linkedin.com\\\/company\\\/tressis\\\/\",\"https:\\\/\\\/www.youtube.com\\\/user\\\/tressissv\",\"https:\\\/\\\/open.spotify.com\\\/show\\\/3jmTe1Nf0wqMILl7diWV6h?si=d7112519f13c4593&nd=1\"]},{\"@type\":\"Person\",\"@id\":\"https:\\\/\\\/www.tressis.com\\\/ca\\\/#\\\/schema\\\/person\\\/b0bc25a03004c65c8f92a87e641ca824\",\"name\":\"Tressis\",\"image\":{\"@type\":\"ImageObject\",\"inLanguage\":\"ca\",\"@id\":\"https:\\\/\\\/secure.gravatar.com\\\/avatar\\\/?s=96&d=mm&r=g\",\"url\":\"https:\\\/\\\/secure.gravatar.com\\\/avatar\\\/?s=96&d=mm&r=g\",\"contentUrl\":\"https:\\\/\\\/secure.gravatar.com\\\/avatar\\\/?s=96&d=mm&r=g\",\"caption\":\"Tressis\"}}]}<\/script>\n<!-- \/ Yoast SEO plugin. -->","yoast_head_json":{"title":"Estamos cerca de terminar un a\u00f1o mucho m\u00e1s positivo de lo que la mayor\u00eda esper\u00e1bamos hace 365 d\u00edas","description":"Mientras llega 2022, podemos contentarnos un poco con el mini rally de Navidad del que estamos benefici\u00e1ndonos en los \u00faltimos d\u00edas, en el que los rebalanceos institucionales y la operativa motivada por cuestiones fiscales seguro que tiene mucho que ver. La realidad es que, con todo, estamos cerca de terminar un a\u00f1o mucho m\u00e1s positivo de lo que la mayor\u00eda esper\u00e1bamos hace 365 d\u00edas. Eso s\u00ed, un a\u00f1o que en algunos momentos parec\u00eda dejar al 2020 como normalito.","robots":{"index":"index","follow":"follow","max-snippet":"max-snippet:-1","max-image-preview":"max-image-preview:large","max-video-preview":"max-video-preview:-1"},"canonical":"https:\/\/www.tressis.com\/ca\/blog\/terminar-ano-positivo\/","og_locale":"ca_ES","og_type":"article","og_title":"Estamos cerca de terminar un a\u00f1o mucho m\u00e1s positivo de lo que la mayor\u00eda esper\u00e1bamos hace 365 d\u00edas","og_description":"Mientras llega 2022, podemos contentarnos un poco con el mini rally de Navidad del que estamos benefici\u00e1ndonos en los \u00faltimos d\u00edas, en el que los rebalanceos institucionales y la operativa motivada por cuestiones fiscales seguro que tiene mucho que ver. La realidad es que, con todo, estamos cerca de terminar un a\u00f1o mucho m\u00e1s positivo de lo que la mayor\u00eda esper\u00e1bamos hace 365 d\u00edas. Eso s\u00ed, un a\u00f1o que en algunos momentos parec\u00eda dejar al 2020 como normalito.","og_url":"https:\/\/www.tressis.com\/ca\/blog\/terminar-ano-positivo\/","og_site_name":"Tressis","article_publisher":"https:\/\/www.facebook.com\/Tressis\/","article_published_time":"2021-12-24T09:05:08+00:00","article_modified_time":"2022-01-11T17:44:05+00:00","og_image":[{"width":1100,"height":487,"url":"https:\/\/www.tressis.com\/wp-content\/uploads\/2021\/12\/2021-ano-positivo.jpg","type":"image\/jpeg"}],"author":"Tressis","twitter_card":"summary_large_image","twitter_creator":"@TressisSV","twitter_site":"@TressisSV","twitter_misc":{"Escrit per":"Tressis","Temps estimat de lectura":"3 minuts"},"schema":{"@context":"https:\/\/schema.org","@graph":[{"@type":"Article","@id":"https:\/\/www.tressis.com\/ca\/blog\/terminar-ano-positivo\/#article","isPartOf":{"@id":"https:\/\/www.tressis.com\/ca\/blog\/terminar-ano-positivo\/"},"author":{"name":"Tressis","@id":"https:\/\/www.tressis.com\/ca\/#\/schema\/person\/b0bc25a03004c65c8f92a87e641ca824"},"headline":"Estamos cerca de terminar un a\u00f1o mucho m\u00e1s positivo de lo que la mayor\u00eda esper\u00e1bamos hace 365 d\u00edas","datePublished":"2021-12-24T09:05:08+00:00","dateModified":"2022-01-11T17:44:05+00:00","mainEntityOfPage":{"@id":"https:\/\/www.tressis.com\/ca\/blog\/terminar-ano-positivo\/"},"wordCount":637,"commentCount":0,"publisher":{"@id":"https:\/\/www.tressis.com\/ca\/#organization"},"image":{"@id":"https:\/\/www.tressis.com\/ca\/blog\/terminar-ano-positivo\/#primaryimage"},"thumbnailUrl":"https:\/\/www.tressis.com\/wp-content\/uploads\/2021\/12\/2021-ano-positivo.jpg","keywords":["cadenas suministros","inflaci\u00f3n","vacuna","volatilidad"],"articleSection":["Morning meeting"],"inLanguage":"ca","potentialAction":[{"@type":"CommentAction","name":"Comment","target":["https:\/\/www.tressis.com\/ca\/blog\/terminar-ano-positivo\/#respond"]}]},{"@type":"WebPage","@id":"https:\/\/www.tressis.com\/ca\/blog\/terminar-ano-positivo\/","url":"https:\/\/www.tressis.com\/ca\/blog\/terminar-ano-positivo\/","name":"Estamos cerca de terminar un a\u00f1o mucho m\u00e1s positivo de lo que la mayor\u00eda esper\u00e1bamos hace 365 d\u00edas","isPartOf":{"@id":"https:\/\/www.tressis.com\/ca\/#website"},"primaryImageOfPage":{"@id":"https:\/\/www.tressis.com\/ca\/blog\/terminar-ano-positivo\/#primaryimage"},"image":{"@id":"https:\/\/www.tressis.com\/ca\/blog\/terminar-ano-positivo\/#primaryimage"},"thumbnailUrl":"https:\/\/www.tressis.com\/wp-content\/uploads\/2021\/12\/2021-ano-positivo.jpg","datePublished":"2021-12-24T09:05:08+00:00","dateModified":"2022-01-11T17:44:05+00:00","description":"Mientras llega 2022, podemos contentarnos un poco con el mini rally de Navidad del que estamos benefici\u00e1ndonos en los \u00faltimos d\u00edas, en el que los rebalanceos institucionales y la operativa motivada por cuestiones fiscales seguro que tiene mucho que ver. La realidad es que, con todo, estamos cerca de terminar un a\u00f1o mucho m\u00e1s positivo de lo que la mayor\u00eda esper\u00e1bamos hace 365 d\u00edas. Eso s\u00ed, un a\u00f1o que en algunos momentos parec\u00eda dejar al 2020 como normalito.","breadcrumb":{"@id":"https:\/\/www.tressis.com\/ca\/blog\/terminar-ano-positivo\/#breadcrumb"},"inLanguage":"ca","potentialAction":[{"@type":"ReadAction","target":["https:\/\/www.tressis.com\/ca\/blog\/terminar-ano-positivo\/"]}]},{"@type":"ImageObject","inLanguage":"ca","@id":"https:\/\/www.tressis.com\/ca\/blog\/terminar-ano-positivo\/#primaryimage","url":"https:\/\/www.tressis.com\/wp-content\/uploads\/2021\/12\/2021-ano-positivo.jpg","contentUrl":"https:\/\/www.tressis.com\/wp-content\/uploads\/2021\/12\/2021-ano-positivo.jpg","width":1100,"height":487},{"@type":"BreadcrumbList","@id":"https:\/\/www.tressis.com\/ca\/blog\/terminar-ano-positivo\/#breadcrumb","itemListElement":[{"@type":"ListItem","position":1,"name":"Inicio","item":"https:\/\/www.tressis.com\/ca\/"},{"@type":"ListItem","position":2,"name":"Morning meeting","item":"https:\/\/www.tressis.com\/ca\/blog\/categorias\/morning-meeting-ca\/"},{"@type":"ListItem","position":3,"name":"Estamos cerca de terminar un a\u00f1o mucho m\u00e1s positivo de lo que la mayor\u00eda esper\u00e1bamos hace 365 d\u00edas"}]},{"@type":"WebSite","@id":"https:\/\/www.tressis.com\/ca\/#website","url":"https:\/\/www.tressis.com\/ca\/","name":"Tressis banca privada","description":"Tressis | Planificaci\u00f3n financiera y gesti\u00f3n de patrimonios","publisher":{"@id":"https:\/\/www.tressis.com\/ca\/#organization"},"potentialAction":[{"@type":"SearchAction","target":{"@type":"EntryPoint","urlTemplate":"https:\/\/www.tressis.com\/ca\/?s={search_term_string}"},"query-input":{"@type":"PropertyValueSpecification","valueRequired":true,"valueName":"search_term_string"}}],"inLanguage":"ca"},{"@type":"Organization","@id":"https:\/\/www.tressis.com\/ca\/#organization","name":"Tressis","url":"https:\/\/www.tressis.com\/ca\/","logo":{"@type":"ImageObject","inLanguage":"ca","@id":"https:\/\/www.tressis.com\/ca\/#\/schema\/logo\/image\/","url":"https:\/\/www.tressis.com\/wp-content\/uploads\/2025\/06\/logo-tressis-112.png","contentUrl":"https:\/\/www.tressis.com\/wp-content\/uploads\/2025\/06\/logo-tressis-112.png","width":112,"height":112,"caption":"Tressis"},"image":{"@id":"https:\/\/www.tressis.com\/ca\/#\/schema\/logo\/image\/"},"sameAs":["https:\/\/www.facebook.com\/Tressis\/","https:\/\/x.com\/TressisSV","https:\/\/www.instagram.com\/tressissv\/?hl=es","https:\/\/linkedin.com\/company\/tressis\/","https:\/\/www.youtube.com\/user\/tressissv","https:\/\/open.spotify.com\/show\/3jmTe1Nf0wqMILl7diWV6h?si=d7112519f13c4593&nd=1"]},{"@type":"Person","@id":"https:\/\/www.tressis.com\/ca\/#\/schema\/person\/b0bc25a03004c65c8f92a87e641ca824","name":"Tressis","image":{"@type":"ImageObject","inLanguage":"ca","@id":"https:\/\/secure.gravatar.com\/avatar\/?s=96&d=mm&r=g","url":"https:\/\/secure.gravatar.com\/avatar\/?s=96&d=mm&r=g","contentUrl":"https:\/\/secure.gravatar.com\/avatar\/?s=96&d=mm&r=g","caption":"Tressis"}}]}},"_links":{"self":[{"href":"https:\/\/www.tressis.com\/ca\/wp-json\/wp\/v2\/posts\/52545","targetHints":{"allow":["GET"]}}],"collection":[{"href":"https:\/\/www.tressis.com\/ca\/wp-json\/wp\/v2\/posts"}],"about":[{"href":"https:\/\/www.tressis.com\/ca\/wp-json\/wp\/v2\/types\/post"}],"author":[{"embeddable":true,"href":"https:\/\/www.tressis.com\/ca\/wp-json\/wp\/v2\/users\/8"}],"replies":[{"embeddable":true,"href":"https:\/\/www.tressis.com\/ca\/wp-json\/wp\/v2\/comments?post=52545"}],"version-history":[{"count":0,"href":"https:\/\/www.tressis.com\/ca\/wp-json\/wp\/v2\/posts\/52545\/revisions"}],"wp:featuredmedia":[{"embeddable":true,"href":"https:\/\/www.tressis.com\/ca\/wp-json\/wp\/v2\/media\/52595"}],"wp:attachment":[{"href":"https:\/\/www.tressis.com\/ca\/wp-json\/wp\/v2\/media?parent=52545"}],"wp:term":[{"taxonomy":"category","embeddable":true,"href":"https:\/\/www.tressis.com\/ca\/wp-json\/wp\/v2\/categories?post=52545"},{"taxonomy":"post_tag","embeddable":true,"href":"https:\/\/www.tressis.com\/ca\/wp-json\/wp\/v2\/tags?post=52545"}],"curies":[{"name":"wp","href":"https:\/\/api.w.org\/{rel}","templated":true}]}}