{"id":52542,"date":"2021-12-16T09:39:21","date_gmt":"2021-12-16T08:39:21","guid":{"rendered":"https:\/\/www.tressis.com\/blog\/?p=37515"},"modified":"2023-05-29T10:06:07","modified_gmt":"2023-05-29T08:06:07","slug":"fed-cumplio-con-matices","status":"publish","type":"post","link":"https:\/\/www.tressis.com\/ca\/blog\/fed-cumplio-con-matices\/","title":{"rendered":"La Fed cumpli\u00f3 m\u00e1s o menos con lo que se esperaba, aunque con matices"},"content":{"rendered":"<p>La sesi\u00f3n de ayer estuvo marcada, como era de esperar, por la reuni\u00f3n de la Fed. Una de esas citas se\u00f1aladas en rojo en el calendario de los inversores. El mercado llevaba ya unas cuantas semanas descontando una aceleraci\u00f3n en la reducci\u00f3n de est\u00edmulos y un cambio importante en el tono de Jerome Powel, aunque yo dir\u00eda que su actitud no es la misma desde que fue ratificado en su puesto. Pues bien, la Fed cumpli\u00f3 m\u00e1s o menos con lo que se esperaba, aunque con matices:<\/p>\n<p>&nbsp;<\/p>\n<p>&#8211; Omiten, por fin, la palabra transitoria a la hora de referirse a la inflaci\u00f3n. Eso s\u00ed, estiman que estar\u00e1 en el 2,6% el a\u00f1o que viene. Por pedir a los Reyes Magos que no quede, pero parece cuando menos optimista.<\/p>\n<p>&nbsp;<\/p>\n<p>&#8211; Aumentan el ritmo en la reducci\u00f3n de compras mensuales a 30.000 millones de d\u00f3lares, con lo que el <i>tapering<\/i> finalizar\u00eda en marzo.<\/p>\n<p>&nbsp;<\/p>\n<p>&#8211; En el famoso diagrama de puntos, habr\u00eda consenso en el seno de la Fed con tres subidas de tipos para 2022. Nada que no descontase ya el mercado.<\/p>\n<p>&nbsp;<\/p>\n<p>&#8211; Reiteran la fortaleza del mercado laboral, para el que prev\u00e9 una tasa de desempleo del 3,5% para el pr\u00f3ximo ejercicio, y elevan el crecimiento esperado del PIB al 4% (antes 3,8%).<\/p>\n<p>&nbsp;<\/p>\n<p><img fetchpriority=\"high\" decoding=\"async\" class=\"aligncenter size-full wp-image-52582\" src=\"https:\/\/www.tressis.com\/wp-content\/uploads\/2021\/12\/fondos-federales.png\" alt=\"\" width=\"1405\" height=\"504\" srcset=\"https:\/\/www.tressis.com\/wp-content\/uploads\/2021\/12\/fondos-federales.png 1405w, https:\/\/www.tressis.com\/wp-content\/uploads\/2021\/12\/fondos-federales-300x108.png 300w, https:\/\/www.tressis.com\/wp-content\/uploads\/2021\/12\/fondos-federales-1024x367.png 1024w, https:\/\/www.tressis.com\/wp-content\/uploads\/2021\/12\/fondos-federales-768x275.png 768w\" sizes=\"(max-width: 1405px) 100vw, 1405px\" \/><\/p>\n<p>Ahora bien, Powell reiter\u00f3 que si la econom\u00eda norteamericana se ralentizaba frenar\u00edan las subidas de tipos. Si tenemos en cuenta el deterioro que supone la inflaci\u00f3n en empresas y particulares, as\u00ed como el posible impacto de \u00f3micron en EE.UU., podr\u00eda retrasarse la primera subida de tipos algo m\u00e1s de lo esperado. Esto fue como agua de mayo para los \u00edndices de la regi\u00f3n y en especial para los valores tecnol\u00f3gicos, cuyas cotizaciones llevaban varias semanas sufriendo.<\/p>\n<p>&nbsp;<\/p>\n<p>Conviene recordar, por \u00faltimo, que este viernes es el vencimiento trimestral de futuros y opciones, lo que se suele llamar &#8220;cu\u00e1druple hora bruja&#8221;. Es cierto que con el paso de los a\u00f1os la automatizaci\u00f3n de procesos ha logrado mitigar la volatilidad en este tipo de d\u00edas, pero en a\u00f1os tan prol\u00edficos como este, las bolsas suelen tener comportamientos un tanto extra\u00f1os durante la semana del vencimiento. Inversores que tienen que comprar o vender acciones para poder cubrir garant\u00edas, buscadores de gangas en forma de opciones o gestores que todav\u00eda no saben si cubrir o no la cartera. Este &#8220;ruido&#8221; no es un buen compa\u00f1ero de viaje y puede llevarnos a tomar decisiones precipitadas.<\/p>\n<p>&nbsp;<\/p>\n<p>Feliz jueves.<\/p>\n<p><center><strong>V\u00edctor \u00c1lvarez Sanz<\/strong><br \/>\nAnalista<\/center><\/p>\n","protected":false},"excerpt":{"rendered":"<p>La sesi\u00f3n de ayer estuvo marcada, como era de esperar, por la reuni\u00f3n de la Fed. Una de esas citas se\u00f1aladas en rojo en el calendario de los inversores. El mercado llevaba ya unas cuantas semanas descontando una aceleraci\u00f3n en la reducci\u00f3n de est\u00edmulos y un cambio importante en el tono de Jerome Powel, aunque [&hellip;]<\/p>\n","protected":false},"author":8,"featured_media":52583,"comment_status":"open","ping_status":"closed","sticky":false,"template":"","format":"standard","meta":{"_acf_changed":false,"footnotes":""},"categories":[9721],"tags":[2720,3453,7020,5078,6454],"class_list":["post-52542","post","type-post","status-publish","format-standard","has-post-thumbnail","hentry","category-morning-meeting","tag-fed","tag-inflacion","tag-omicron","tag-powell","tag-tapering"],"acf":[],"yoast_head":"<!-- This site is optimized with the Yoast SEO plugin v27.4 - https:\/\/yoast.com\/product\/yoast-seo-wordpress\/ -->\n<title>La Fed cumpli\u00f3 m\u00e1s o menos con lo que se esperaba, aunque con matices<\/title>\n<meta name=\"description\" content=\"Powell reiter\u00f3 que si la econom\u00eda norteamericana se ralentizaba frenar\u00edan las subidas de tipos. Si tenemos en cuenta el deterioro que supone la inflaci\u00f3n en empresas y particulares, as\u00ed como el posible impacto de \u00f3micron en EE.UU., podr\u00eda retrasarse la primera subida de tipos algo m\u00e1s de lo esperado.\" \/>\n<meta name=\"robots\" content=\"index, follow, max-snippet:-1, max-image-preview:large, max-video-preview:-1\" \/>\n<link rel=\"canonical\" href=\"https:\/\/www.tressis.com\/ca\/blog\/fed-cumplio-con-matices\/\" \/>\n<meta property=\"og:locale\" content=\"ca_ES\" \/>\n<meta property=\"og:type\" content=\"article\" \/>\n<meta property=\"og:title\" content=\"La Fed cumpli\u00f3 m\u00e1s o menos con lo que se esperaba, aunque con matices\" \/>\n<meta property=\"og:description\" content=\"Powell reiter\u00f3 que si la econom\u00eda norteamericana se ralentizaba frenar\u00edan las subidas de tipos. Si tenemos en cuenta el deterioro que supone la inflaci\u00f3n en empresas y particulares, as\u00ed como el posible impacto de \u00f3micron en EE.UU., podr\u00eda retrasarse la primera subida de tipos algo m\u00e1s de lo esperado.\" \/>\n<meta property=\"og:url\" content=\"https:\/\/www.tressis.com\/ca\/blog\/fed-cumplio-con-matices\/\" \/>\n<meta property=\"og:site_name\" content=\"Tressis\" \/>\n<meta property=\"article:publisher\" content=\"https:\/\/www.facebook.com\/Tressis\/\" \/>\n<meta property=\"article:published_time\" content=\"2021-12-16T08:39:21+00:00\" \/>\n<meta property=\"article:modified_time\" content=\"2023-05-29T08:06:07+00:00\" \/>\n<meta property=\"og:image\" content=\"https:\/\/www.tressis.com\/wp-content\/uploads\/2021\/12\/powell-fed.jpg\" \/>\n\t<meta property=\"og:image:width\" content=\"1100\" \/>\n\t<meta property=\"og:image:height\" content=\"487\" \/>\n\t<meta property=\"og:image:type\" content=\"image\/jpeg\" \/>\n<meta name=\"author\" content=\"Tressis\" \/>\n<meta name=\"twitter:card\" content=\"summary_large_image\" \/>\n<meta name=\"twitter:creator\" content=\"@TressisSV\" \/>\n<meta name=\"twitter:site\" content=\"@TressisSV\" \/>\n<meta name=\"twitter:label1\" content=\"Escrit per\" \/>\n\t<meta name=\"twitter:data1\" content=\"Tressis\" \/>\n\t<meta name=\"twitter:label2\" content=\"Temps estimat de lectura\" \/>\n\t<meta name=\"twitter:data2\" content=\"3 minuts\" \/>\n<script type=\"application\/ld+json\" class=\"yoast-schema-graph\">{\"@context\":\"https:\\\/\\\/schema.org\",\"@graph\":[{\"@type\":\"Article\",\"@id\":\"https:\\\/\\\/www.tressis.com\\\/ca\\\/blog\\\/fed-cumplio-con-matices\\\/#article\",\"isPartOf\":{\"@id\":\"https:\\\/\\\/www.tressis.com\\\/ca\\\/blog\\\/fed-cumplio-con-matices\\\/\"},\"author\":{\"name\":\"Tressis\",\"@id\":\"https:\\\/\\\/www.tressis.com\\\/ca\\\/#\\\/schema\\\/person\\\/b0bc25a03004c65c8f92a87e641ca824\"},\"headline\":\"La Fed cumpli\u00f3 m\u00e1s o menos con lo que se esperaba, aunque con matices\",\"datePublished\":\"2021-12-16T08:39:21+00:00\",\"dateModified\":\"2023-05-29T08:06:07+00:00\",\"mainEntityOfPage\":{\"@id\":\"https:\\\/\\\/www.tressis.com\\\/ca\\\/blog\\\/fed-cumplio-con-matices\\\/\"},\"wordCount\":457,\"commentCount\":0,\"publisher\":{\"@id\":\"https:\\\/\\\/www.tressis.com\\\/ca\\\/#organization\"},\"image\":{\"@id\":\"https:\\\/\\\/www.tressis.com\\\/ca\\\/blog\\\/fed-cumplio-con-matices\\\/#primaryimage\"},\"thumbnailUrl\":\"https:\\\/\\\/www.tressis.com\\\/wp-content\\\/uploads\\\/2021\\\/12\\\/powell-fed.jpg\",\"keywords\":[\"fed\",\"inflaci\u00f3n\",\"\u00f3micron\",\"Powell\",\"tapering\"],\"articleSection\":[\"Morning meeting\"],\"inLanguage\":\"ca\",\"potentialAction\":[{\"@type\":\"CommentAction\",\"name\":\"Comment\",\"target\":[\"https:\\\/\\\/www.tressis.com\\\/ca\\\/blog\\\/fed-cumplio-con-matices\\\/#respond\"]}]},{\"@type\":\"WebPage\",\"@id\":\"https:\\\/\\\/www.tressis.com\\\/ca\\\/blog\\\/fed-cumplio-con-matices\\\/\",\"url\":\"https:\\\/\\\/www.tressis.com\\\/ca\\\/blog\\\/fed-cumplio-con-matices\\\/\",\"name\":\"La Fed cumpli\u00f3 m\u00e1s o menos con lo que se esperaba, aunque con matices\",\"isPartOf\":{\"@id\":\"https:\\\/\\\/www.tressis.com\\\/ca\\\/#website\"},\"primaryImageOfPage\":{\"@id\":\"https:\\\/\\\/www.tressis.com\\\/ca\\\/blog\\\/fed-cumplio-con-matices\\\/#primaryimage\"},\"image\":{\"@id\":\"https:\\\/\\\/www.tressis.com\\\/ca\\\/blog\\\/fed-cumplio-con-matices\\\/#primaryimage\"},\"thumbnailUrl\":\"https:\\\/\\\/www.tressis.com\\\/wp-content\\\/uploads\\\/2021\\\/12\\\/powell-fed.jpg\",\"datePublished\":\"2021-12-16T08:39:21+00:00\",\"dateModified\":\"2023-05-29T08:06:07+00:00\",\"description\":\"Powell reiter\u00f3 que si la econom\u00eda norteamericana se ralentizaba frenar\u00edan las subidas de tipos. Si tenemos en cuenta el deterioro que supone la inflaci\u00f3n en empresas y particulares, as\u00ed como el posible impacto de \u00f3micron en EE.UU., podr\u00eda retrasarse la primera subida de tipos algo m\u00e1s de lo esperado.\",\"breadcrumb\":{\"@id\":\"https:\\\/\\\/www.tressis.com\\\/ca\\\/blog\\\/fed-cumplio-con-matices\\\/#breadcrumb\"},\"inLanguage\":\"ca\",\"potentialAction\":[{\"@type\":\"ReadAction\",\"target\":[\"https:\\\/\\\/www.tressis.com\\\/ca\\\/blog\\\/fed-cumplio-con-matices\\\/\"]}]},{\"@type\":\"ImageObject\",\"inLanguage\":\"ca\",\"@id\":\"https:\\\/\\\/www.tressis.com\\\/ca\\\/blog\\\/fed-cumplio-con-matices\\\/#primaryimage\",\"url\":\"https:\\\/\\\/www.tressis.com\\\/wp-content\\\/uploads\\\/2021\\\/12\\\/powell-fed.jpg\",\"contentUrl\":\"https:\\\/\\\/www.tressis.com\\\/wp-content\\\/uploads\\\/2021\\\/12\\\/powell-fed.jpg\",\"width\":1100,\"height\":487},{\"@type\":\"BreadcrumbList\",\"@id\":\"https:\\\/\\\/www.tressis.com\\\/ca\\\/blog\\\/fed-cumplio-con-matices\\\/#breadcrumb\",\"itemListElement\":[{\"@type\":\"ListItem\",\"position\":1,\"name\":\"Inicio\",\"item\":\"https:\\\/\\\/www.tressis.com\\\/ca\\\/\"},{\"@type\":\"ListItem\",\"position\":2,\"name\":\"Morning meeting\",\"item\":\"https:\\\/\\\/www.tressis.com\\\/ca\\\/blog\\\/categorias\\\/morning-meeting-ca\\\/\"},{\"@type\":\"ListItem\",\"position\":3,\"name\":\"La Fed cumpli\u00f3 m\u00e1s o menos con lo que se esperaba, aunque con matices\"}]},{\"@type\":\"WebSite\",\"@id\":\"https:\\\/\\\/www.tressis.com\\\/ca\\\/#website\",\"url\":\"https:\\\/\\\/www.tressis.com\\\/ca\\\/\",\"name\":\"Tressis banca privada\",\"description\":\"Tressis | Planificaci\u00f3n financiera y gesti\u00f3n de patrimonios\",\"publisher\":{\"@id\":\"https:\\\/\\\/www.tressis.com\\\/ca\\\/#organization\"},\"potentialAction\":[{\"@type\":\"SearchAction\",\"target\":{\"@type\":\"EntryPoint\",\"urlTemplate\":\"https:\\\/\\\/www.tressis.com\\\/ca\\\/?s={search_term_string}\"},\"query-input\":{\"@type\":\"PropertyValueSpecification\",\"valueRequired\":true,\"valueName\":\"search_term_string\"}}],\"inLanguage\":\"ca\"},{\"@type\":\"Organization\",\"@id\":\"https:\\\/\\\/www.tressis.com\\\/ca\\\/#organization\",\"name\":\"Tressis\",\"url\":\"https:\\\/\\\/www.tressis.com\\\/ca\\\/\",\"logo\":{\"@type\":\"ImageObject\",\"inLanguage\":\"ca\",\"@id\":\"https:\\\/\\\/www.tressis.com\\\/ca\\\/#\\\/schema\\\/logo\\\/image\\\/\",\"url\":\"https:\\\/\\\/www.tressis.com\\\/wp-content\\\/uploads\\\/2025\\\/06\\\/logo-tressis-112.png\",\"contentUrl\":\"https:\\\/\\\/www.tressis.com\\\/wp-content\\\/uploads\\\/2025\\\/06\\\/logo-tressis-112.png\",\"width\":112,\"height\":112,\"caption\":\"Tressis\"},\"image\":{\"@id\":\"https:\\\/\\\/www.tressis.com\\\/ca\\\/#\\\/schema\\\/logo\\\/image\\\/\"},\"sameAs\":[\"https:\\\/\\\/www.facebook.com\\\/Tressis\\\/\",\"https:\\\/\\\/x.com\\\/TressisSV\",\"https:\\\/\\\/www.instagram.com\\\/tressissv\\\/?hl=es\",\"https:\\\/\\\/linkedin.com\\\/company\\\/tressis\\\/\",\"https:\\\/\\\/www.youtube.com\\\/user\\\/tressissv\",\"https:\\\/\\\/open.spotify.com\\\/show\\\/3jmTe1Nf0wqMILl7diWV6h?si=d7112519f13c4593&nd=1\"]},{\"@type\":\"Person\",\"@id\":\"https:\\\/\\\/www.tressis.com\\\/ca\\\/#\\\/schema\\\/person\\\/b0bc25a03004c65c8f92a87e641ca824\",\"name\":\"Tressis\",\"image\":{\"@type\":\"ImageObject\",\"inLanguage\":\"ca\",\"@id\":\"https:\\\/\\\/secure.gravatar.com\\\/avatar\\\/?s=96&d=mm&r=g\",\"url\":\"https:\\\/\\\/secure.gravatar.com\\\/avatar\\\/?s=96&d=mm&r=g\",\"contentUrl\":\"https:\\\/\\\/secure.gravatar.com\\\/avatar\\\/?s=96&d=mm&r=g\",\"caption\":\"Tressis\"}}]}<\/script>\n<!-- \/ Yoast SEO plugin. -->","yoast_head_json":{"title":"La Fed cumpli\u00f3 m\u00e1s o menos con lo que se esperaba, aunque con matices","description":"Powell reiter\u00f3 que si la econom\u00eda norteamericana se ralentizaba frenar\u00edan las subidas de tipos. Si tenemos en cuenta el deterioro que supone la inflaci\u00f3n en empresas y particulares, as\u00ed como el posible impacto de \u00f3micron en EE.UU., podr\u00eda retrasarse la primera subida de tipos algo m\u00e1s de lo esperado.","robots":{"index":"index","follow":"follow","max-snippet":"max-snippet:-1","max-image-preview":"max-image-preview:large","max-video-preview":"max-video-preview:-1"},"canonical":"https:\/\/www.tressis.com\/ca\/blog\/fed-cumplio-con-matices\/","og_locale":"ca_ES","og_type":"article","og_title":"La Fed cumpli\u00f3 m\u00e1s o menos con lo que se esperaba, aunque con matices","og_description":"Powell reiter\u00f3 que si la econom\u00eda norteamericana se ralentizaba frenar\u00edan las subidas de tipos. Si tenemos en cuenta el deterioro que supone la inflaci\u00f3n en empresas y particulares, as\u00ed como el posible impacto de \u00f3micron en EE.UU., podr\u00eda retrasarse la primera subida de tipos algo m\u00e1s de lo esperado.","og_url":"https:\/\/www.tressis.com\/ca\/blog\/fed-cumplio-con-matices\/","og_site_name":"Tressis","article_publisher":"https:\/\/www.facebook.com\/Tressis\/","article_published_time":"2021-12-16T08:39:21+00:00","article_modified_time":"2023-05-29T08:06:07+00:00","og_image":[{"width":1100,"height":487,"url":"https:\/\/www.tressis.com\/wp-content\/uploads\/2021\/12\/powell-fed.jpg","type":"image\/jpeg"}],"author":"Tressis","twitter_card":"summary_large_image","twitter_creator":"@TressisSV","twitter_site":"@TressisSV","twitter_misc":{"Escrit per":"Tressis","Temps estimat de lectura":"3 minuts"},"schema":{"@context":"https:\/\/schema.org","@graph":[{"@type":"Article","@id":"https:\/\/www.tressis.com\/ca\/blog\/fed-cumplio-con-matices\/#article","isPartOf":{"@id":"https:\/\/www.tressis.com\/ca\/blog\/fed-cumplio-con-matices\/"},"author":{"name":"Tressis","@id":"https:\/\/www.tressis.com\/ca\/#\/schema\/person\/b0bc25a03004c65c8f92a87e641ca824"},"headline":"La Fed cumpli\u00f3 m\u00e1s o menos con lo que se esperaba, aunque con matices","datePublished":"2021-12-16T08:39:21+00:00","dateModified":"2023-05-29T08:06:07+00:00","mainEntityOfPage":{"@id":"https:\/\/www.tressis.com\/ca\/blog\/fed-cumplio-con-matices\/"},"wordCount":457,"commentCount":0,"publisher":{"@id":"https:\/\/www.tressis.com\/ca\/#organization"},"image":{"@id":"https:\/\/www.tressis.com\/ca\/blog\/fed-cumplio-con-matices\/#primaryimage"},"thumbnailUrl":"https:\/\/www.tressis.com\/wp-content\/uploads\/2021\/12\/powell-fed.jpg","keywords":["fed","inflaci\u00f3n","\u00f3micron","Powell","tapering"],"articleSection":["Morning meeting"],"inLanguage":"ca","potentialAction":[{"@type":"CommentAction","name":"Comment","target":["https:\/\/www.tressis.com\/ca\/blog\/fed-cumplio-con-matices\/#respond"]}]},{"@type":"WebPage","@id":"https:\/\/www.tressis.com\/ca\/blog\/fed-cumplio-con-matices\/","url":"https:\/\/www.tressis.com\/ca\/blog\/fed-cumplio-con-matices\/","name":"La Fed cumpli\u00f3 m\u00e1s o menos con lo que se esperaba, aunque con matices","isPartOf":{"@id":"https:\/\/www.tressis.com\/ca\/#website"},"primaryImageOfPage":{"@id":"https:\/\/www.tressis.com\/ca\/blog\/fed-cumplio-con-matices\/#primaryimage"},"image":{"@id":"https:\/\/www.tressis.com\/ca\/blog\/fed-cumplio-con-matices\/#primaryimage"},"thumbnailUrl":"https:\/\/www.tressis.com\/wp-content\/uploads\/2021\/12\/powell-fed.jpg","datePublished":"2021-12-16T08:39:21+00:00","dateModified":"2023-05-29T08:06:07+00:00","description":"Powell reiter\u00f3 que si la econom\u00eda norteamericana se ralentizaba frenar\u00edan las subidas de tipos. Si tenemos en cuenta el deterioro que supone la inflaci\u00f3n en empresas y particulares, as\u00ed como el posible impacto de \u00f3micron en EE.UU., podr\u00eda retrasarse la primera subida de tipos algo m\u00e1s de lo esperado.","breadcrumb":{"@id":"https:\/\/www.tressis.com\/ca\/blog\/fed-cumplio-con-matices\/#breadcrumb"},"inLanguage":"ca","potentialAction":[{"@type":"ReadAction","target":["https:\/\/www.tressis.com\/ca\/blog\/fed-cumplio-con-matices\/"]}]},{"@type":"ImageObject","inLanguage":"ca","@id":"https:\/\/www.tressis.com\/ca\/blog\/fed-cumplio-con-matices\/#primaryimage","url":"https:\/\/www.tressis.com\/wp-content\/uploads\/2021\/12\/powell-fed.jpg","contentUrl":"https:\/\/www.tressis.com\/wp-content\/uploads\/2021\/12\/powell-fed.jpg","width":1100,"height":487},{"@type":"BreadcrumbList","@id":"https:\/\/www.tressis.com\/ca\/blog\/fed-cumplio-con-matices\/#breadcrumb","itemListElement":[{"@type":"ListItem","position":1,"name":"Inicio","item":"https:\/\/www.tressis.com\/ca\/"},{"@type":"ListItem","position":2,"name":"Morning meeting","item":"https:\/\/www.tressis.com\/ca\/blog\/categorias\/morning-meeting-ca\/"},{"@type":"ListItem","position":3,"name":"La Fed cumpli\u00f3 m\u00e1s o menos con lo que se esperaba, aunque con matices"}]},{"@type":"WebSite","@id":"https:\/\/www.tressis.com\/ca\/#website","url":"https:\/\/www.tressis.com\/ca\/","name":"Tressis banca privada","description":"Tressis | Planificaci\u00f3n financiera y gesti\u00f3n de patrimonios","publisher":{"@id":"https:\/\/www.tressis.com\/ca\/#organization"},"potentialAction":[{"@type":"SearchAction","target":{"@type":"EntryPoint","urlTemplate":"https:\/\/www.tressis.com\/ca\/?s={search_term_string}"},"query-input":{"@type":"PropertyValueSpecification","valueRequired":true,"valueName":"search_term_string"}}],"inLanguage":"ca"},{"@type":"Organization","@id":"https:\/\/www.tressis.com\/ca\/#organization","name":"Tressis","url":"https:\/\/www.tressis.com\/ca\/","logo":{"@type":"ImageObject","inLanguage":"ca","@id":"https:\/\/www.tressis.com\/ca\/#\/schema\/logo\/image\/","url":"https:\/\/www.tressis.com\/wp-content\/uploads\/2025\/06\/logo-tressis-112.png","contentUrl":"https:\/\/www.tressis.com\/wp-content\/uploads\/2025\/06\/logo-tressis-112.png","width":112,"height":112,"caption":"Tressis"},"image":{"@id":"https:\/\/www.tressis.com\/ca\/#\/schema\/logo\/image\/"},"sameAs":["https:\/\/www.facebook.com\/Tressis\/","https:\/\/x.com\/TressisSV","https:\/\/www.instagram.com\/tressissv\/?hl=es","https:\/\/linkedin.com\/company\/tressis\/","https:\/\/www.youtube.com\/user\/tressissv","https:\/\/open.spotify.com\/show\/3jmTe1Nf0wqMILl7diWV6h?si=d7112519f13c4593&nd=1"]},{"@type":"Person","@id":"https:\/\/www.tressis.com\/ca\/#\/schema\/person\/b0bc25a03004c65c8f92a87e641ca824","name":"Tressis","image":{"@type":"ImageObject","inLanguage":"ca","@id":"https:\/\/secure.gravatar.com\/avatar\/?s=96&d=mm&r=g","url":"https:\/\/secure.gravatar.com\/avatar\/?s=96&d=mm&r=g","contentUrl":"https:\/\/secure.gravatar.com\/avatar\/?s=96&d=mm&r=g","caption":"Tressis"}}]}},"_links":{"self":[{"href":"https:\/\/www.tressis.com\/ca\/wp-json\/wp\/v2\/posts\/52542","targetHints":{"allow":["GET"]}}],"collection":[{"href":"https:\/\/www.tressis.com\/ca\/wp-json\/wp\/v2\/posts"}],"about":[{"href":"https:\/\/www.tressis.com\/ca\/wp-json\/wp\/v2\/types\/post"}],"author":[{"embeddable":true,"href":"https:\/\/www.tressis.com\/ca\/wp-json\/wp\/v2\/users\/8"}],"replies":[{"embeddable":true,"href":"https:\/\/www.tressis.com\/ca\/wp-json\/wp\/v2\/comments?post=52542"}],"version-history":[{"count":0,"href":"https:\/\/www.tressis.com\/ca\/wp-json\/wp\/v2\/posts\/52542\/revisions"}],"wp:featuredmedia":[{"embeddable":true,"href":"https:\/\/www.tressis.com\/ca\/wp-json\/wp\/v2\/media\/52583"}],"wp:attachment":[{"href":"https:\/\/www.tressis.com\/ca\/wp-json\/wp\/v2\/media?parent=52542"}],"wp:term":[{"taxonomy":"category","embeddable":true,"href":"https:\/\/www.tressis.com\/ca\/wp-json\/wp\/v2\/categories?post=52542"},{"taxonomy":"post_tag","embeddable":true,"href":"https:\/\/www.tressis.com\/ca\/wp-json\/wp\/v2\/tags?post=52542"}],"curies":[{"name":"wp","href":"https:\/\/api.w.org\/{rel}","templated":true}]}}