{"id":49002,"date":"2021-11-12T10:54:11","date_gmt":"2021-11-12T10:54:11","guid":{"rendered":"https:\/\/www.tressis.com\/blog\/?p=37352"},"modified":"2022-05-09T12:08:46","modified_gmt":"2022-05-09T10:08:46","slug":"bancos-centrales-propio-apartado","status":"publish","type":"post","link":"https:\/\/www.tressis.com\/ca\/blog\/bancos-centrales-propio-apartado\/","title":{"rendered":"Los bancos centrales ya tienen su propio apartado"},"content":{"rendered":"<p>La jornada de ayer sirvi\u00f3 de reflexi\u00f3n para los inversores tras el elevado dato de inflaci\u00f3n publicado el mi\u00e9rcoles.<!--more--> De hecho, la mayor\u00eda de los \u00edndices burs\u00e1tiles lograron cerrar con ligeras ganancias apoyados por los buenos resultados reportados y por el \u201cmilagro\u201d obrado por Evergrande que ha evitado la quiebra <i>in extremis<\/i>. Veremos cu\u00e1nto dura este sentimiento positivo.  <\/p>\n<p>Por el lado de los bancos centrales \u2014\u00a1ya tienen su propio apartado!\u2014 la comidilla en los mercados ha pasado de analizar si se deb\u00edan rebajar los ritmos de compras mensuales a presionarlos para que suban los tipos para no sobrecalentar la econom\u00eda. De hecho, se prev\u00e9 que en su pr\u00f3xima reuni\u00f3n la Reserva Federal ralentice a\u00fan m\u00e1s las compras mensuales \u2014las rebaj\u00f3 en 15.000 millones mensuales en la anterior\u2014 y que los tipos de inter\u00e9s se sit\u00faen entre 0,75% y 1% dentro de un a\u00f1o. Mientras tanto las curvas de deuda p\u00fablica ya se est\u00e1n ajustando a una mayor inflaci\u00f3n a corto plazo y un menor crecimiento a largo, tal y como refleja la evoluci\u00f3n de la deuda americana durante el \u00faltimo mes.<\/p>\n<p><a href=\"https:\/\/www.tressis.com\/wp-content\/uploads\/2022\/05\/deuda-americana.png\" style=\"display:table; margin:20px auto;\"><img fetchpriority=\"high\" decoding=\"async\" src=\"https:\/\/www.tressis.com\/wp-content\/uploads\/2022\/05\/deuda-americana.png\" alt=\"\" width=\"567\" height=\"254\" class=\"aligncenter size-full wp-image-37353\" \/><\/a><\/p>\n<p>Finalmente, en las pr\u00f3ximas horas tendremos datos macroecon\u00f3micos de relevancia como la producci\u00f3n industrial de la eurozona de septiembre, las cifras de empleos ofertados (JOLTS) del mismo per\u00edodo y la lectura preliminar de noviembre del \u00edndice de sentimiento de los consumidores que elabora la Universidad de Michigan.<\/p>\n<p>Feliz viernes.<br \/>\n<center><strong>Samuel P\u00e9rez Ogayar<\/strong><br \/>\nAnalista <\/center><\/p>\n","protected":false},"excerpt":{"rendered":"<p>La comidilla en los mercados ha pasado de analizar si se deb\u00edan rebajar los ritmos de compras mensuales a presionarlos para que suban los tipos para no sobrecalentar la econom\u00eda<\/p>\n","protected":false},"author":4,"featured_media":49034,"comment_status":"open","ping_status":"closed","sticky":false,"template":"","format":"standard","meta":{"_acf_changed":false,"footnotes":""},"categories":[9721],"tags":[508,2581,3453,5761],"class_list":["post-49002","post","type-post","status-publish","format-standard","has-post-thumbnail","hentry","category-morning-meeting","tag-bancos-centrales","tag-evergrande","tag-inflacion","tag-reserva-federal"],"acf":[],"yoast_head":"<!-- This site is optimized with the Yoast SEO plugin v27.5 - https:\/\/yoast.com\/product\/yoast-seo-wordpress\/ -->\n<title>Los bancos centrales ya tienen su propio apartado<\/title>\n<meta name=\"description\" content=\"La comidilla en los mercados ha pasado de analizar si se deb\u00edan rebajar los ritmos de compras mensuales, a presionarlos para que suban los tipos, para no sobrecalentar la econom\u00eda\" \/>\n<meta name=\"robots\" content=\"index, follow, max-snippet:-1, max-image-preview:large, max-video-preview:-1\" \/>\n<link rel=\"canonical\" href=\"https:\/\/www.tressis.com\/ca\/blog\/bancos-centrales-propio-apartado\/\" \/>\n<meta property=\"og:locale\" content=\"ca_ES\" \/>\n<meta property=\"og:type\" content=\"article\" \/>\n<meta property=\"og:title\" content=\"Los bancos centrales ya tienen su propio apartado\" \/>\n<meta property=\"og:description\" content=\"La comidilla en los mercados ha pasado de analizar si se deb\u00edan rebajar los ritmos de compras mensuales, a presionarlos para que suban los tipos, para no sobrecalentar la econom\u00eda\" \/>\n<meta property=\"og:url\" content=\"https:\/\/www.tressis.com\/ca\/blog\/bancos-centrales-propio-apartado\/\" \/>\n<meta property=\"og:site_name\" content=\"Tressis\" \/>\n<meta property=\"article:publisher\" content=\"https:\/\/www.facebook.com\/Tressis\/\" \/>\n<meta property=\"article:published_time\" content=\"2021-11-12T10:54:11+00:00\" \/>\n<meta property=\"article:modified_time\" content=\"2022-05-09T10:08:46+00:00\" \/>\n<meta property=\"og:image\" content=\"https:\/\/www.tressis.com\/wp-content\/uploads\/2021\/11\/bancos-centrales-europeos.jpg\" \/>\n\t<meta property=\"og:image:width\" content=\"1100\" \/>\n\t<meta property=\"og:image:height\" content=\"487\" \/>\n\t<meta property=\"og:image:type\" content=\"image\/jpeg\" \/>\n<meta name=\"author\" content=\"Lola\" \/>\n<meta name=\"twitter:card\" content=\"summary_large_image\" \/>\n<meta name=\"twitter:creator\" content=\"@TressisSV\" \/>\n<meta name=\"twitter:site\" content=\"@TressisSV\" \/>\n<meta name=\"twitter:label1\" content=\"Escrit per\" \/>\n\t<meta name=\"twitter:data1\" content=\"Lola\" \/>\n\t<meta name=\"twitter:label2\" content=\"Temps estimat de lectura\" \/>\n\t<meta name=\"twitter:data2\" content=\"1 minut\" \/>\n<script type=\"application\/ld+json\" class=\"yoast-schema-graph\">{\"@context\":\"https:\\\/\\\/schema.org\",\"@graph\":[{\"@type\":\"Article\",\"@id\":\"https:\\\/\\\/www.tressis.com\\\/ca\\\/blog\\\/bancos-centrales-propio-apartado\\\/#article\",\"isPartOf\":{\"@id\":\"https:\\\/\\\/www.tressis.com\\\/ca\\\/blog\\\/bancos-centrales-propio-apartado\\\/\"},\"author\":{\"name\":\"Lola\",\"@id\":\"https:\\\/\\\/www.tressis.com\\\/ca\\\/#\\\/schema\\\/person\\\/b833c1d724d8764920b6d6852c70584e\"},\"headline\":\"Los bancos centrales ya tienen su propio apartado\",\"datePublished\":\"2021-11-12T10:54:11+00:00\",\"dateModified\":\"2022-05-09T10:08:46+00:00\",\"mainEntityOfPage\":{\"@id\":\"https:\\\/\\\/www.tressis.com\\\/ca\\\/blog\\\/bancos-centrales-propio-apartado\\\/\"},\"wordCount\":263,\"commentCount\":0,\"publisher\":{\"@id\":\"https:\\\/\\\/www.tressis.com\\\/ca\\\/#organization\"},\"image\":{\"@id\":\"https:\\\/\\\/www.tressis.com\\\/ca\\\/blog\\\/bancos-centrales-propio-apartado\\\/#primaryimage\"},\"thumbnailUrl\":\"https:\\\/\\\/www.tressis.com\\\/wp-content\\\/uploads\\\/2021\\\/11\\\/bancos-centrales-europeos.jpg\",\"keywords\":[\"bancos centrales\",\"evergrande\",\"inflaci\u00f3n\",\"Reserva Federal\"],\"articleSection\":[\"Morning meeting\"],\"inLanguage\":\"ca\",\"potentialAction\":[{\"@type\":\"CommentAction\",\"name\":\"Comment\",\"target\":[\"https:\\\/\\\/www.tressis.com\\\/ca\\\/blog\\\/bancos-centrales-propio-apartado\\\/#respond\"]}]},{\"@type\":\"WebPage\",\"@id\":\"https:\\\/\\\/www.tressis.com\\\/ca\\\/blog\\\/bancos-centrales-propio-apartado\\\/\",\"url\":\"https:\\\/\\\/www.tressis.com\\\/ca\\\/blog\\\/bancos-centrales-propio-apartado\\\/\",\"name\":\"Los bancos centrales ya tienen su propio apartado\",\"isPartOf\":{\"@id\":\"https:\\\/\\\/www.tressis.com\\\/ca\\\/#website\"},\"primaryImageOfPage\":{\"@id\":\"https:\\\/\\\/www.tressis.com\\\/ca\\\/blog\\\/bancos-centrales-propio-apartado\\\/#primaryimage\"},\"image\":{\"@id\":\"https:\\\/\\\/www.tressis.com\\\/ca\\\/blog\\\/bancos-centrales-propio-apartado\\\/#primaryimage\"},\"thumbnailUrl\":\"https:\\\/\\\/www.tressis.com\\\/wp-content\\\/uploads\\\/2021\\\/11\\\/bancos-centrales-europeos.jpg\",\"datePublished\":\"2021-11-12T10:54:11+00:00\",\"dateModified\":\"2022-05-09T10:08:46+00:00\",\"description\":\"La comidilla en los mercados ha pasado de analizar si se deb\u00edan rebajar los ritmos de compras mensuales, a presionarlos para que suban los tipos, para no sobrecalentar la econom\u00eda\",\"breadcrumb\":{\"@id\":\"https:\\\/\\\/www.tressis.com\\\/ca\\\/blog\\\/bancos-centrales-propio-apartado\\\/#breadcrumb\"},\"inLanguage\":\"ca\",\"potentialAction\":[{\"@type\":\"ReadAction\",\"target\":[\"https:\\\/\\\/www.tressis.com\\\/ca\\\/blog\\\/bancos-centrales-propio-apartado\\\/\"]}]},{\"@type\":\"ImageObject\",\"inLanguage\":\"ca\",\"@id\":\"https:\\\/\\\/www.tressis.com\\\/ca\\\/blog\\\/bancos-centrales-propio-apartado\\\/#primaryimage\",\"url\":\"https:\\\/\\\/www.tressis.com\\\/wp-content\\\/uploads\\\/2021\\\/11\\\/bancos-centrales-europeos.jpg\",\"contentUrl\":\"https:\\\/\\\/www.tressis.com\\\/wp-content\\\/uploads\\\/2021\\\/11\\\/bancos-centrales-europeos.jpg\",\"width\":1100,\"height\":487},{\"@type\":\"BreadcrumbList\",\"@id\":\"https:\\\/\\\/www.tressis.com\\\/ca\\\/blog\\\/bancos-centrales-propio-apartado\\\/#breadcrumb\",\"itemListElement\":[{\"@type\":\"ListItem\",\"position\":1,\"name\":\"Inicio\",\"item\":\"https:\\\/\\\/www.tressis.com\\\/ca\\\/\"},{\"@type\":\"ListItem\",\"position\":2,\"name\":\"Los bancos centrales ya tienen su propio apartado\"}]},{\"@type\":\"WebSite\",\"@id\":\"https:\\\/\\\/www.tressis.com\\\/ca\\\/#website\",\"url\":\"https:\\\/\\\/www.tressis.com\\\/ca\\\/\",\"name\":\"Tressis banca privada\",\"description\":\"Tressis | Planificaci\u00f3n financiera y gesti\u00f3n de patrimonios\",\"publisher\":{\"@id\":\"https:\\\/\\\/www.tressis.com\\\/ca\\\/#organization\"},\"potentialAction\":[{\"@type\":\"SearchAction\",\"target\":{\"@type\":\"EntryPoint\",\"urlTemplate\":\"https:\\\/\\\/www.tressis.com\\\/ca\\\/?s={search_term_string}\"},\"query-input\":{\"@type\":\"PropertyValueSpecification\",\"valueRequired\":true,\"valueName\":\"search_term_string\"}}],\"inLanguage\":\"ca\"},{\"@type\":\"Organization\",\"@id\":\"https:\\\/\\\/www.tressis.com\\\/ca\\\/#organization\",\"name\":\"Tressis\",\"url\":\"https:\\\/\\\/www.tressis.com\\\/ca\\\/\",\"logo\":{\"@type\":\"ImageObject\",\"inLanguage\":\"ca\",\"@id\":\"https:\\\/\\\/www.tressis.com\\\/ca\\\/#\\\/schema\\\/logo\\\/image\\\/\",\"url\":\"https:\\\/\\\/www.tressis.com\\\/wp-content\\\/uploads\\\/2025\\\/06\\\/logo-tressis-112.png\",\"contentUrl\":\"https:\\\/\\\/www.tressis.com\\\/wp-content\\\/uploads\\\/2025\\\/06\\\/logo-tressis-112.png\",\"width\":112,\"height\":112,\"caption\":\"Tressis\"},\"image\":{\"@id\":\"https:\\\/\\\/www.tressis.com\\\/ca\\\/#\\\/schema\\\/logo\\\/image\\\/\"},\"sameAs\":[\"https:\\\/\\\/www.facebook.com\\\/Tressis\\\/\",\"https:\\\/\\\/x.com\\\/TressisSV\",\"https:\\\/\\\/www.instagram.com\\\/tressissv\\\/?hl=es\",\"https:\\\/\\\/linkedin.com\\\/company\\\/tressis\\\/\",\"https:\\\/\\\/www.youtube.com\\\/user\\\/tressissv\",\"https:\\\/\\\/open.spotify.com\\\/show\\\/3jmTe1Nf0wqMILl7diWV6h?si=d7112519f13c4593&nd=1\"]},{\"@type\":\"Person\",\"@id\":\"https:\\\/\\\/www.tressis.com\\\/ca\\\/#\\\/schema\\\/person\\\/b833c1d724d8764920b6d6852c70584e\",\"name\":\"Lola\",\"image\":{\"@type\":\"ImageObject\",\"inLanguage\":\"ca\",\"@id\":\"https:\\\/\\\/secure.gravatar.com\\\/avatar\\\/05e646486b23ff45df9649110609c7e31b8c4a3e2821caa23d6317f405e0c51d?s=96&d=mm&r=g\",\"url\":\"https:\\\/\\\/secure.gravatar.com\\\/avatar\\\/05e646486b23ff45df9649110609c7e31b8c4a3e2821caa23d6317f405e0c51d?s=96&d=mm&r=g\",\"contentUrl\":\"https:\\\/\\\/secure.gravatar.com\\\/avatar\\\/05e646486b23ff45df9649110609c7e31b8c4a3e2821caa23d6317f405e0c51d?s=96&d=mm&r=g\",\"caption\":\"Lola\"}}]}<\/script>\n<!-- \/ Yoast SEO plugin. -->","yoast_head_json":{"title":"Los bancos centrales ya tienen su propio apartado","description":"La comidilla en los mercados ha pasado de analizar si se deb\u00edan rebajar los ritmos de compras mensuales, a presionarlos para que suban los tipos, para no sobrecalentar la econom\u00eda","robots":{"index":"index","follow":"follow","max-snippet":"max-snippet:-1","max-image-preview":"max-image-preview:large","max-video-preview":"max-video-preview:-1"},"canonical":"https:\/\/www.tressis.com\/ca\/blog\/bancos-centrales-propio-apartado\/","og_locale":"ca_ES","og_type":"article","og_title":"Los bancos centrales ya tienen su propio apartado","og_description":"La comidilla en los mercados ha pasado de analizar si se deb\u00edan rebajar los ritmos de compras mensuales, a presionarlos para que suban los tipos, para no sobrecalentar la econom\u00eda","og_url":"https:\/\/www.tressis.com\/ca\/blog\/bancos-centrales-propio-apartado\/","og_site_name":"Tressis","article_publisher":"https:\/\/www.facebook.com\/Tressis\/","article_published_time":"2021-11-12T10:54:11+00:00","article_modified_time":"2022-05-09T10:08:46+00:00","og_image":[{"width":1100,"height":487,"url":"https:\/\/www.tressis.com\/wp-content\/uploads\/2021\/11\/bancos-centrales-europeos.jpg","type":"image\/jpeg"}],"author":"Lola","twitter_card":"summary_large_image","twitter_creator":"@TressisSV","twitter_site":"@TressisSV","twitter_misc":{"Escrit per":"Lola","Temps estimat de lectura":"1 minut"},"schema":{"@context":"https:\/\/schema.org","@graph":[{"@type":"Article","@id":"https:\/\/www.tressis.com\/ca\/blog\/bancos-centrales-propio-apartado\/#article","isPartOf":{"@id":"https:\/\/www.tressis.com\/ca\/blog\/bancos-centrales-propio-apartado\/"},"author":{"name":"Lola","@id":"https:\/\/www.tressis.com\/ca\/#\/schema\/person\/b833c1d724d8764920b6d6852c70584e"},"headline":"Los bancos centrales ya tienen su propio apartado","datePublished":"2021-11-12T10:54:11+00:00","dateModified":"2022-05-09T10:08:46+00:00","mainEntityOfPage":{"@id":"https:\/\/www.tressis.com\/ca\/blog\/bancos-centrales-propio-apartado\/"},"wordCount":263,"commentCount":0,"publisher":{"@id":"https:\/\/www.tressis.com\/ca\/#organization"},"image":{"@id":"https:\/\/www.tressis.com\/ca\/blog\/bancos-centrales-propio-apartado\/#primaryimage"},"thumbnailUrl":"https:\/\/www.tressis.com\/wp-content\/uploads\/2021\/11\/bancos-centrales-europeos.jpg","keywords":["bancos centrales","evergrande","inflaci\u00f3n","Reserva Federal"],"articleSection":["Morning meeting"],"inLanguage":"ca","potentialAction":[{"@type":"CommentAction","name":"Comment","target":["https:\/\/www.tressis.com\/ca\/blog\/bancos-centrales-propio-apartado\/#respond"]}]},{"@type":"WebPage","@id":"https:\/\/www.tressis.com\/ca\/blog\/bancos-centrales-propio-apartado\/","url":"https:\/\/www.tressis.com\/ca\/blog\/bancos-centrales-propio-apartado\/","name":"Los bancos centrales ya tienen su propio apartado","isPartOf":{"@id":"https:\/\/www.tressis.com\/ca\/#website"},"primaryImageOfPage":{"@id":"https:\/\/www.tressis.com\/ca\/blog\/bancos-centrales-propio-apartado\/#primaryimage"},"image":{"@id":"https:\/\/www.tressis.com\/ca\/blog\/bancos-centrales-propio-apartado\/#primaryimage"},"thumbnailUrl":"https:\/\/www.tressis.com\/wp-content\/uploads\/2021\/11\/bancos-centrales-europeos.jpg","datePublished":"2021-11-12T10:54:11+00:00","dateModified":"2022-05-09T10:08:46+00:00","description":"La comidilla en los mercados ha pasado de analizar si se deb\u00edan rebajar los ritmos de compras mensuales, a presionarlos para que suban los tipos, para no sobrecalentar la econom\u00eda","breadcrumb":{"@id":"https:\/\/www.tressis.com\/ca\/blog\/bancos-centrales-propio-apartado\/#breadcrumb"},"inLanguage":"ca","potentialAction":[{"@type":"ReadAction","target":["https:\/\/www.tressis.com\/ca\/blog\/bancos-centrales-propio-apartado\/"]}]},{"@type":"ImageObject","inLanguage":"ca","@id":"https:\/\/www.tressis.com\/ca\/blog\/bancos-centrales-propio-apartado\/#primaryimage","url":"https:\/\/www.tressis.com\/wp-content\/uploads\/2021\/11\/bancos-centrales-europeos.jpg","contentUrl":"https:\/\/www.tressis.com\/wp-content\/uploads\/2021\/11\/bancos-centrales-europeos.jpg","width":1100,"height":487},{"@type":"BreadcrumbList","@id":"https:\/\/www.tressis.com\/ca\/blog\/bancos-centrales-propio-apartado\/#breadcrumb","itemListElement":[{"@type":"ListItem","position":1,"name":"Inicio","item":"https:\/\/www.tressis.com\/ca\/"},{"@type":"ListItem","position":2,"name":"Los bancos centrales ya tienen su propio apartado"}]},{"@type":"WebSite","@id":"https:\/\/www.tressis.com\/ca\/#website","url":"https:\/\/www.tressis.com\/ca\/","name":"Tressis banca privada","description":"Tressis | Planificaci\u00f3n financiera y gesti\u00f3n de patrimonios","publisher":{"@id":"https:\/\/www.tressis.com\/ca\/#organization"},"potentialAction":[{"@type":"SearchAction","target":{"@type":"EntryPoint","urlTemplate":"https:\/\/www.tressis.com\/ca\/?s={search_term_string}"},"query-input":{"@type":"PropertyValueSpecification","valueRequired":true,"valueName":"search_term_string"}}],"inLanguage":"ca"},{"@type":"Organization","@id":"https:\/\/www.tressis.com\/ca\/#organization","name":"Tressis","url":"https:\/\/www.tressis.com\/ca\/","logo":{"@type":"ImageObject","inLanguage":"ca","@id":"https:\/\/www.tressis.com\/ca\/#\/schema\/logo\/image\/","url":"https:\/\/www.tressis.com\/wp-content\/uploads\/2025\/06\/logo-tressis-112.png","contentUrl":"https:\/\/www.tressis.com\/wp-content\/uploads\/2025\/06\/logo-tressis-112.png","width":112,"height":112,"caption":"Tressis"},"image":{"@id":"https:\/\/www.tressis.com\/ca\/#\/schema\/logo\/image\/"},"sameAs":["https:\/\/www.facebook.com\/Tressis\/","https:\/\/x.com\/TressisSV","https:\/\/www.instagram.com\/tressissv\/?hl=es","https:\/\/linkedin.com\/company\/tressis\/","https:\/\/www.youtube.com\/user\/tressissv","https:\/\/open.spotify.com\/show\/3jmTe1Nf0wqMILl7diWV6h?si=d7112519f13c4593&nd=1"]},{"@type":"Person","@id":"https:\/\/www.tressis.com\/ca\/#\/schema\/person\/b833c1d724d8764920b6d6852c70584e","name":"Lola","image":{"@type":"ImageObject","inLanguage":"ca","@id":"https:\/\/secure.gravatar.com\/avatar\/05e646486b23ff45df9649110609c7e31b8c4a3e2821caa23d6317f405e0c51d?s=96&d=mm&r=g","url":"https:\/\/secure.gravatar.com\/avatar\/05e646486b23ff45df9649110609c7e31b8c4a3e2821caa23d6317f405e0c51d?s=96&d=mm&r=g","contentUrl":"https:\/\/secure.gravatar.com\/avatar\/05e646486b23ff45df9649110609c7e31b8c4a3e2821caa23d6317f405e0c51d?s=96&d=mm&r=g","caption":"Lola"}}]}},"_links":{"self":[{"href":"https:\/\/www.tressis.com\/ca\/wp-json\/wp\/v2\/posts\/49002","targetHints":{"allow":["GET"]}}],"collection":[{"href":"https:\/\/www.tressis.com\/ca\/wp-json\/wp\/v2\/posts"}],"about":[{"href":"https:\/\/www.tressis.com\/ca\/wp-json\/wp\/v2\/types\/post"}],"author":[{"embeddable":true,"href":"https:\/\/www.tressis.com\/ca\/wp-json\/wp\/v2\/users\/4"}],"replies":[{"embeddable":true,"href":"https:\/\/www.tressis.com\/ca\/wp-json\/wp\/v2\/comments?post=49002"}],"version-history":[{"count":0,"href":"https:\/\/www.tressis.com\/ca\/wp-json\/wp\/v2\/posts\/49002\/revisions"}],"wp:featuredmedia":[{"embeddable":true,"href":"https:\/\/www.tressis.com\/ca\/wp-json\/wp\/v2\/media\/49034"}],"wp:attachment":[{"href":"https:\/\/www.tressis.com\/ca\/wp-json\/wp\/v2\/media?parent=49002"}],"wp:term":[{"taxonomy":"category","embeddable":true,"href":"https:\/\/www.tressis.com\/ca\/wp-json\/wp\/v2\/categories?post=49002"},{"taxonomy":"post_tag","embeddable":true,"href":"https:\/\/www.tressis.com\/ca\/wp-json\/wp\/v2\/tags?post=49002"}],"curies":[{"name":"wp","href":"https:\/\/api.w.org\/{rel}","templated":true}]}}