{"id":45815,"date":"2021-10-26T09:04:44","date_gmt":"2021-10-26T07:04:44","guid":{"rendered":"https:\/\/www.tressis.com\/blog\/?p=37267"},"modified":"2023-05-29T18:50:49","modified_gmt":"2023-05-29T16:50:49","slug":"cadenas-suministros-problema-economia-mundial","status":"publish","type":"post","link":"https:\/\/www.tressis.com\/ca\/blog\/cadenas-suministros-problema-economia-mundial\/","title":{"rendered":"Las cadenas de suministro y sus problemas se han convertido en un importante reto para la econom\u00eda mundial"},"content":{"rendered":"<p>Comenzamos la semana con signo mixto para las plazas europeas y asi\u00e1ticas y alcista en EE. UU. (S&amp;P 500 +0,47% nuevos m\u00e1ximos hist\u00f3ricos y Nasdaq Comp. +0,90%), y eso que el viernes cerraba su tercera semana consecutiva de ganancias apoyada en el inicio de una buena temporada de resultados empresariales.<!--more--><\/p>\n<p>Facebook autoriza un programa de recompra de acciones por 50.000 millones de d\u00f3lares. Anonadada me hallo. En Tesla ve\u00edamos nuevos m\u00e1ximos hist\u00f3ricos con una subida superior al 12%. En un acuerdo hist\u00f3rico para el sector y en la que supone la mayor compra de coches el\u00e9ctricos de la historia, la multinacional de veh\u00edculos de alquiler Hertz firmaba con Tesla la compra de 100.000 coches el\u00e9ctricos. El acuerdo est\u00e1 valorado en 4.200 millones de d\u00f3lares, la entrega terminar\u00e1 a finales de 2022 y Hertz comenzar\u00e1 a ofrecerlos en alquiler a partir de este mes de noviembre. La pandemia supuso la bancarrota de Hertz; posteriormente, en marzo de este a\u00f1o, fue comprada por unos fondos de inversi\u00f3n, que han decidido renovar la empresa con medidas como la electrificaci\u00f3n de su flota. Buen comportamiento tambi\u00e9n para las compa\u00f1\u00edas de semiconductores, el consumo discrecional, la energ\u00eda y materiales. Servicios p\u00fablicos, financieros, consumo b\u00e1sico y salud fueron los sectores que mostraban su peor cara.<\/p>\n<p>Nuevas inyecciones de liquidez por parte del banco central de China, mientras Evergrande, que pag\u00f3 el cup\u00f3n de un bono <i>offshore<\/i> un d\u00eda antes del vencimiento, asegura que ha reanudado los trabajos de diez de sus proyectos. La demanda de energ\u00eda aumenta por el levantamiento de restricciones de viaje y el cercano invierno. Pero el petr\u00f3leo West Texas terminaba retrocediendo un t\u00edmido -0,13% tras marcar nuevos m\u00e1ximos durante la sesi\u00f3n y tras nueve semanas consecutivas al alza (+38%). El oro superaba los 1.800 d\u00f3lares la onza.<\/p>\n<p>Encima de la mesa:<\/p>\n<p>Las cadenas de suministro y sus problemas se han convertido en un importante reto para la econom\u00eda mundial. A principios de 2020 asistimos al cierre de f\u00e1bricas en China, luego al cierre de fronteras y manufacturas en muchos pa\u00edses del mundo y parece normal que pudi\u00e9ramos contemplar interrupciones en todos los procesos y flujos que se producen hasta que un producto alcanza su venta. Pero las dificultades han continuado tras finalizar los confinamientos. Varios son los factores: fuerte incremento de la demanda de bienes por la reapertura de las econom\u00edas, escasez de mano de obra (en algunos casos propiciada por los abundantes subsidios gubernamentales), interrupci\u00f3n en las redes log\u00edsticas, limitaciones de capacidad, etc. En fin, una combinaci\u00f3n que ha llevado a grandes aumentos en los costes de los fletes y los tiempos de entrega. Ayer IHS Markit publicaba el \u00edndice de tiempos de entrega de los proveedores, en el que podemos ver reflejado el alcance de las demoras en la cadena de suministro, tanto en Estados Unidos como en la Uni\u00f3n Europea. Las lecturas por encima de 50 indican tiempos de entrega m\u00e1s r\u00e1pidos y las lecturas por debajo de 50 indican tiempos de entrega m\u00e1s lentos en comparaci\u00f3n con los del mes anterior.<\/p>\n<p><a href=\"https:\/\/www.tressis.com\/wp-content\/uploads\/2021\/10\/tiempos-entrega-proveedores.png\"><img fetchpriority=\"high\" decoding=\"async\" src=\"https:\/\/www.tressis.com\/wp-content\/uploads\/2021\/10\/tiempos-entrega-proveedores.png\" alt=\"\" class=\"aligncenter size-full wp-image-37268\" width=\"567\" height=\"502\"><\/a><\/p>\n<p>Gobiernos de todo el mundo se reunir\u00e1n en Glasgow a principios de noviembre, durante dos semanas, para impulsar las conversaciones sobre el clima mundial. Ya est\u00e1 aqu\u00ed la COP26, oficialmente 26\u00aa Conferencia de las Partes de la Convenci\u00f3n Marco de las Naciones Unidas sobre el Cambio Clim\u00e1tico. El objetivo es elaborar un nuevo acuerdo con medidas que lleven a cumplir con los compromisos de reducci\u00f3n de emisiones y apoyo financiero asumidos en el marco del Acuerdo de Par\u00eds de 2015. Es la primera COP que se lleva a cabo desde que Estados Unidos, el segundo mayor emisor del planeta despu\u00e9s de China, se reincorpor\u00f3 al acuerdo de Par\u00eds. La Administraci\u00f3n Biden est\u00e1 presionando al Congreso para que apruebe un amplio paquete de gasto clim\u00e1tico. Biden se ha comprometido a obtener la aprobaci\u00f3n del Congreso por 11.000 millones de d\u00f3lares, para 2024, para ayudar a los pa\u00edses en desarrollo a hacer frente al cambio clim\u00e1tico. El Presidente tambi\u00e9n busca reducir sus emisiones un 50% para 2030 respecto a los niveles de 2005. El Consejo Europeo reitera la posici\u00f3n de la UE en relaci\u00f3n con la COP26 y pide una respuesta mundial ambiciosa y un aumento de la financiaci\u00f3n. Se hace hincapi\u00e9 en la extrema urgencia de intensificar la respuesta mundial. Se invita a otros pa\u00edses desarrollados a incrementar sus contribuciones. Y bla, bla, bla.<\/p>\n<p>Feliz jornada.<br \/>\n<center><strong>Virginia P\u00e9rez Palomino<\/strong><br \/>\nDirectora de Renta Variable <\/center><\/p>\n","protected":false},"excerpt":{"rendered":"<p>Comenzamos la semana con signo mixto para las plazas europeas y asi\u00e1ticas y alcista en EE. UU. (S&amp;P 500 +0,47% nuevos m\u00e1ximos hist\u00f3ricos y Nasdaq Comp. +0,90%), y eso que el viernes cerraba su tercera semana consecutiva de ganancias apoyada en el inicio de una buena temporada de resultados empresariales.<\/p>\n","protected":false},"author":4,"featured_media":45937,"comment_status":"open","ping_status":"closed","sticky":false,"template":"","format":"standard","meta":{"_acf_changed":false,"footnotes":""},"categories":[9721],"tags":[7005,967,2581,2680,6552],"class_list":["post-45815","post","type-post","status-publish","format-standard","has-post-thumbnail","hentry","category-morning-meeting","tag-cadenas-suministro","tag-cambio-climatico","tag-evergrande","tag-facebook","tag-tesla"],"acf":[],"yoast_head":"<!-- This site is optimized with the Yoast SEO plugin v27.4 - https:\/\/yoast.com\/product\/yoast-seo-wordpress\/ -->\n<title>Las cadenas de suministro y sus problemas se han convertido en un importante reto para la econom\u00eda mundial<\/title>\n<meta name=\"description\" content=\"Una combinaci\u00f3n de factores han llevado a grandes aumentos en los costes de los fletes y los tiempos de entrega\" \/>\n<meta name=\"robots\" content=\"index, follow, max-snippet:-1, max-image-preview:large, max-video-preview:-1\" \/>\n<link rel=\"canonical\" href=\"https:\/\/www.tressis.com\/ca\/blog\/cadenas-suministros-problema-economia-mundial\/\" \/>\n<meta property=\"og:locale\" content=\"ca_ES\" \/>\n<meta property=\"og:type\" content=\"article\" \/>\n<meta property=\"og:title\" content=\"Las cadenas de suministro y sus problemas se han convertido en un importante reto para la econom\u00eda mundial\" \/>\n<meta property=\"og:description\" content=\"Una combinaci\u00f3n de factores han llevado a grandes aumentos en los costes de los fletes y los tiempos de entrega\" \/>\n<meta property=\"og:url\" content=\"https:\/\/www.tressis.com\/ca\/blog\/cadenas-suministros-problema-economia-mundial\/\" \/>\n<meta property=\"og:site_name\" content=\"Tressis\" \/>\n<meta property=\"article:publisher\" content=\"https:\/\/www.facebook.com\/Tressis\/\" \/>\n<meta property=\"article:published_time\" content=\"2021-10-26T07:04:44+00:00\" \/>\n<meta property=\"article:modified_time\" content=\"2023-05-29T16:50:49+00:00\" \/>\n<meta property=\"og:image\" content=\"https:\/\/www.tressis.com\/wp-content\/uploads\/2021\/10\/cadenas-suministro-1.jpg\" \/>\n\t<meta property=\"og:image:width\" content=\"1100\" \/>\n\t<meta property=\"og:image:height\" content=\"487\" \/>\n\t<meta property=\"og:image:type\" content=\"image\/jpeg\" \/>\n<meta name=\"author\" content=\"Lola\" \/>\n<meta name=\"twitter:card\" content=\"summary_large_image\" \/>\n<meta name=\"twitter:creator\" content=\"@TressisSV\" \/>\n<meta name=\"twitter:site\" content=\"@TressisSV\" \/>\n<meta name=\"twitter:label1\" content=\"Escrit per\" \/>\n\t<meta name=\"twitter:data1\" content=\"Lola\" \/>\n\t<meta name=\"twitter:label2\" content=\"Temps estimat de lectura\" \/>\n\t<meta name=\"twitter:data2\" content=\"4 minuts\" \/>\n<script type=\"application\/ld+json\" class=\"yoast-schema-graph\">{\"@context\":\"https:\\\/\\\/schema.org\",\"@graph\":[{\"@type\":\"Article\",\"@id\":\"https:\\\/\\\/www.tressis.com\\\/ca\\\/blog\\\/cadenas-suministros-problema-economia-mundial\\\/#article\",\"isPartOf\":{\"@id\":\"https:\\\/\\\/www.tressis.com\\\/ca\\\/blog\\\/cadenas-suministros-problema-economia-mundial\\\/\"},\"author\":{\"name\":\"Lola\",\"@id\":\"https:\\\/\\\/www.tressis.com\\\/ca\\\/#\\\/schema\\\/person\\\/b833c1d724d8764920b6d6852c70584e\"},\"headline\":\"Las cadenas de suministro y sus problemas se han convertido en un importante reto para la econom\u00eda mundial\",\"datePublished\":\"2021-10-26T07:04:44+00:00\",\"dateModified\":\"2023-05-29T16:50:49+00:00\",\"mainEntityOfPage\":{\"@id\":\"https:\\\/\\\/www.tressis.com\\\/ca\\\/blog\\\/cadenas-suministros-problema-economia-mundial\\\/\"},\"wordCount\":796,\"commentCount\":0,\"publisher\":{\"@id\":\"https:\\\/\\\/www.tressis.com\\\/ca\\\/#organization\"},\"image\":{\"@id\":\"https:\\\/\\\/www.tressis.com\\\/ca\\\/blog\\\/cadenas-suministros-problema-economia-mundial\\\/#primaryimage\"},\"thumbnailUrl\":\"https:\\\/\\\/www.tressis.com\\\/wp-content\\\/uploads\\\/2021\\\/10\\\/cadenas-suministro-1.jpg\",\"keywords\":[\"cadenas suministro\",\"cambio clim\u00e1tico\",\"evergrande\",\"Facebook\",\"tesla\"],\"articleSection\":[\"Morning meeting\"],\"inLanguage\":\"ca\",\"potentialAction\":[{\"@type\":\"CommentAction\",\"name\":\"Comment\",\"target\":[\"https:\\\/\\\/www.tressis.com\\\/ca\\\/blog\\\/cadenas-suministros-problema-economia-mundial\\\/#respond\"]}]},{\"@type\":\"WebPage\",\"@id\":\"https:\\\/\\\/www.tressis.com\\\/ca\\\/blog\\\/cadenas-suministros-problema-economia-mundial\\\/\",\"url\":\"https:\\\/\\\/www.tressis.com\\\/ca\\\/blog\\\/cadenas-suministros-problema-economia-mundial\\\/\",\"name\":\"Las cadenas de suministro y sus problemas se han convertido en un importante reto para la econom\u00eda mundial\",\"isPartOf\":{\"@id\":\"https:\\\/\\\/www.tressis.com\\\/ca\\\/#website\"},\"primaryImageOfPage\":{\"@id\":\"https:\\\/\\\/www.tressis.com\\\/ca\\\/blog\\\/cadenas-suministros-problema-economia-mundial\\\/#primaryimage\"},\"image\":{\"@id\":\"https:\\\/\\\/www.tressis.com\\\/ca\\\/blog\\\/cadenas-suministros-problema-economia-mundial\\\/#primaryimage\"},\"thumbnailUrl\":\"https:\\\/\\\/www.tressis.com\\\/wp-content\\\/uploads\\\/2021\\\/10\\\/cadenas-suministro-1.jpg\",\"datePublished\":\"2021-10-26T07:04:44+00:00\",\"dateModified\":\"2023-05-29T16:50:49+00:00\",\"description\":\"Una combinaci\u00f3n de factores han llevado a grandes aumentos en los costes de los fletes y los tiempos de entrega\",\"breadcrumb\":{\"@id\":\"https:\\\/\\\/www.tressis.com\\\/ca\\\/blog\\\/cadenas-suministros-problema-economia-mundial\\\/#breadcrumb\"},\"inLanguage\":\"ca\",\"potentialAction\":[{\"@type\":\"ReadAction\",\"target\":[\"https:\\\/\\\/www.tressis.com\\\/ca\\\/blog\\\/cadenas-suministros-problema-economia-mundial\\\/\"]}]},{\"@type\":\"ImageObject\",\"inLanguage\":\"ca\",\"@id\":\"https:\\\/\\\/www.tressis.com\\\/ca\\\/blog\\\/cadenas-suministros-problema-economia-mundial\\\/#primaryimage\",\"url\":\"https:\\\/\\\/www.tressis.com\\\/wp-content\\\/uploads\\\/2021\\\/10\\\/cadenas-suministro-1.jpg\",\"contentUrl\":\"https:\\\/\\\/www.tressis.com\\\/wp-content\\\/uploads\\\/2021\\\/10\\\/cadenas-suministro-1.jpg\",\"width\":1100,\"height\":487},{\"@type\":\"BreadcrumbList\",\"@id\":\"https:\\\/\\\/www.tressis.com\\\/ca\\\/blog\\\/cadenas-suministros-problema-economia-mundial\\\/#breadcrumb\",\"itemListElement\":[{\"@type\":\"ListItem\",\"position\":1,\"name\":\"Inicio\",\"item\":\"https:\\\/\\\/www.tressis.com\\\/ca\\\/\"},{\"@type\":\"ListItem\",\"position\":2,\"name\":\"Morning meeting\",\"item\":\"https:\\\/\\\/www.tressis.com\\\/ca\\\/blog\\\/categorias\\\/morning-meeting-ca\\\/\"},{\"@type\":\"ListItem\",\"position\":3,\"name\":\"Las cadenas de suministro y sus problemas se han convertido en un importante reto para la econom\u00eda mundial\"}]},{\"@type\":\"WebSite\",\"@id\":\"https:\\\/\\\/www.tressis.com\\\/ca\\\/#website\",\"url\":\"https:\\\/\\\/www.tressis.com\\\/ca\\\/\",\"name\":\"Tressis banca privada\",\"description\":\"Tressis | Planificaci\u00f3n financiera y gesti\u00f3n de patrimonios\",\"publisher\":{\"@id\":\"https:\\\/\\\/www.tressis.com\\\/ca\\\/#organization\"},\"potentialAction\":[{\"@type\":\"SearchAction\",\"target\":{\"@type\":\"EntryPoint\",\"urlTemplate\":\"https:\\\/\\\/www.tressis.com\\\/ca\\\/?s={search_term_string}\"},\"query-input\":{\"@type\":\"PropertyValueSpecification\",\"valueRequired\":true,\"valueName\":\"search_term_string\"}}],\"inLanguage\":\"ca\"},{\"@type\":\"Organization\",\"@id\":\"https:\\\/\\\/www.tressis.com\\\/ca\\\/#organization\",\"name\":\"Tressis\",\"url\":\"https:\\\/\\\/www.tressis.com\\\/ca\\\/\",\"logo\":{\"@type\":\"ImageObject\",\"inLanguage\":\"ca\",\"@id\":\"https:\\\/\\\/www.tressis.com\\\/ca\\\/#\\\/schema\\\/logo\\\/image\\\/\",\"url\":\"https:\\\/\\\/www.tressis.com\\\/wp-content\\\/uploads\\\/2025\\\/06\\\/logo-tressis-112.png\",\"contentUrl\":\"https:\\\/\\\/www.tressis.com\\\/wp-content\\\/uploads\\\/2025\\\/06\\\/logo-tressis-112.png\",\"width\":112,\"height\":112,\"caption\":\"Tressis\"},\"image\":{\"@id\":\"https:\\\/\\\/www.tressis.com\\\/ca\\\/#\\\/schema\\\/logo\\\/image\\\/\"},\"sameAs\":[\"https:\\\/\\\/www.facebook.com\\\/Tressis\\\/\",\"https:\\\/\\\/x.com\\\/TressisSV\",\"https:\\\/\\\/www.instagram.com\\\/tressissv\\\/?hl=es\",\"https:\\\/\\\/linkedin.com\\\/company\\\/tressis\\\/\",\"https:\\\/\\\/www.youtube.com\\\/user\\\/tressissv\",\"https:\\\/\\\/open.spotify.com\\\/show\\\/3jmTe1Nf0wqMILl7diWV6h?si=d7112519f13c4593&nd=1\"]},{\"@type\":\"Person\",\"@id\":\"https:\\\/\\\/www.tressis.com\\\/ca\\\/#\\\/schema\\\/person\\\/b833c1d724d8764920b6d6852c70584e\",\"name\":\"Lola\",\"image\":{\"@type\":\"ImageObject\",\"inLanguage\":\"ca\",\"@id\":\"https:\\\/\\\/secure.gravatar.com\\\/avatar\\\/05e646486b23ff45df9649110609c7e31b8c4a3e2821caa23d6317f405e0c51d?s=96&d=mm&r=g\",\"url\":\"https:\\\/\\\/secure.gravatar.com\\\/avatar\\\/05e646486b23ff45df9649110609c7e31b8c4a3e2821caa23d6317f405e0c51d?s=96&d=mm&r=g\",\"contentUrl\":\"https:\\\/\\\/secure.gravatar.com\\\/avatar\\\/05e646486b23ff45df9649110609c7e31b8c4a3e2821caa23d6317f405e0c51d?s=96&d=mm&r=g\",\"caption\":\"Lola\"}}]}<\/script>\n<!-- \/ Yoast SEO plugin. -->","yoast_head_json":{"title":"Las cadenas de suministro y sus problemas se han convertido en un importante reto para la econom\u00eda mundial","description":"Una combinaci\u00f3n de factores han llevado a grandes aumentos en los costes de los fletes y los tiempos de entrega","robots":{"index":"index","follow":"follow","max-snippet":"max-snippet:-1","max-image-preview":"max-image-preview:large","max-video-preview":"max-video-preview:-1"},"canonical":"https:\/\/www.tressis.com\/ca\/blog\/cadenas-suministros-problema-economia-mundial\/","og_locale":"ca_ES","og_type":"article","og_title":"Las cadenas de suministro y sus problemas se han convertido en un importante reto para la econom\u00eda mundial","og_description":"Una combinaci\u00f3n de factores han llevado a grandes aumentos en los costes de los fletes y los tiempos de entrega","og_url":"https:\/\/www.tressis.com\/ca\/blog\/cadenas-suministros-problema-economia-mundial\/","og_site_name":"Tressis","article_publisher":"https:\/\/www.facebook.com\/Tressis\/","article_published_time":"2021-10-26T07:04:44+00:00","article_modified_time":"2023-05-29T16:50:49+00:00","og_image":[{"width":1100,"height":487,"url":"https:\/\/www.tressis.com\/wp-content\/uploads\/2021\/10\/cadenas-suministro-1.jpg","type":"image\/jpeg"}],"author":"Lola","twitter_card":"summary_large_image","twitter_creator":"@TressisSV","twitter_site":"@TressisSV","twitter_misc":{"Escrit per":"Lola","Temps estimat de lectura":"4 minuts"},"schema":{"@context":"https:\/\/schema.org","@graph":[{"@type":"Article","@id":"https:\/\/www.tressis.com\/ca\/blog\/cadenas-suministros-problema-economia-mundial\/#article","isPartOf":{"@id":"https:\/\/www.tressis.com\/ca\/blog\/cadenas-suministros-problema-economia-mundial\/"},"author":{"name":"Lola","@id":"https:\/\/www.tressis.com\/ca\/#\/schema\/person\/b833c1d724d8764920b6d6852c70584e"},"headline":"Las cadenas de suministro y sus problemas se han convertido en un importante reto para la econom\u00eda mundial","datePublished":"2021-10-26T07:04:44+00:00","dateModified":"2023-05-29T16:50:49+00:00","mainEntityOfPage":{"@id":"https:\/\/www.tressis.com\/ca\/blog\/cadenas-suministros-problema-economia-mundial\/"},"wordCount":796,"commentCount":0,"publisher":{"@id":"https:\/\/www.tressis.com\/ca\/#organization"},"image":{"@id":"https:\/\/www.tressis.com\/ca\/blog\/cadenas-suministros-problema-economia-mundial\/#primaryimage"},"thumbnailUrl":"https:\/\/www.tressis.com\/wp-content\/uploads\/2021\/10\/cadenas-suministro-1.jpg","keywords":["cadenas suministro","cambio clim\u00e1tico","evergrande","Facebook","tesla"],"articleSection":["Morning meeting"],"inLanguage":"ca","potentialAction":[{"@type":"CommentAction","name":"Comment","target":["https:\/\/www.tressis.com\/ca\/blog\/cadenas-suministros-problema-economia-mundial\/#respond"]}]},{"@type":"WebPage","@id":"https:\/\/www.tressis.com\/ca\/blog\/cadenas-suministros-problema-economia-mundial\/","url":"https:\/\/www.tressis.com\/ca\/blog\/cadenas-suministros-problema-economia-mundial\/","name":"Las cadenas de suministro y sus problemas se han convertido en un importante reto para la econom\u00eda mundial","isPartOf":{"@id":"https:\/\/www.tressis.com\/ca\/#website"},"primaryImageOfPage":{"@id":"https:\/\/www.tressis.com\/ca\/blog\/cadenas-suministros-problema-economia-mundial\/#primaryimage"},"image":{"@id":"https:\/\/www.tressis.com\/ca\/blog\/cadenas-suministros-problema-economia-mundial\/#primaryimage"},"thumbnailUrl":"https:\/\/www.tressis.com\/wp-content\/uploads\/2021\/10\/cadenas-suministro-1.jpg","datePublished":"2021-10-26T07:04:44+00:00","dateModified":"2023-05-29T16:50:49+00:00","description":"Una combinaci\u00f3n de factores han llevado a grandes aumentos en los costes de los fletes y los tiempos de entrega","breadcrumb":{"@id":"https:\/\/www.tressis.com\/ca\/blog\/cadenas-suministros-problema-economia-mundial\/#breadcrumb"},"inLanguage":"ca","potentialAction":[{"@type":"ReadAction","target":["https:\/\/www.tressis.com\/ca\/blog\/cadenas-suministros-problema-economia-mundial\/"]}]},{"@type":"ImageObject","inLanguage":"ca","@id":"https:\/\/www.tressis.com\/ca\/blog\/cadenas-suministros-problema-economia-mundial\/#primaryimage","url":"https:\/\/www.tressis.com\/wp-content\/uploads\/2021\/10\/cadenas-suministro-1.jpg","contentUrl":"https:\/\/www.tressis.com\/wp-content\/uploads\/2021\/10\/cadenas-suministro-1.jpg","width":1100,"height":487},{"@type":"BreadcrumbList","@id":"https:\/\/www.tressis.com\/ca\/blog\/cadenas-suministros-problema-economia-mundial\/#breadcrumb","itemListElement":[{"@type":"ListItem","position":1,"name":"Inicio","item":"https:\/\/www.tressis.com\/ca\/"},{"@type":"ListItem","position":2,"name":"Morning meeting","item":"https:\/\/www.tressis.com\/ca\/blog\/categorias\/morning-meeting-ca\/"},{"@type":"ListItem","position":3,"name":"Las cadenas de suministro y sus problemas se han convertido en un importante reto para la econom\u00eda mundial"}]},{"@type":"WebSite","@id":"https:\/\/www.tressis.com\/ca\/#website","url":"https:\/\/www.tressis.com\/ca\/","name":"Tressis banca privada","description":"Tressis | Planificaci\u00f3n financiera y gesti\u00f3n de patrimonios","publisher":{"@id":"https:\/\/www.tressis.com\/ca\/#organization"},"potentialAction":[{"@type":"SearchAction","target":{"@type":"EntryPoint","urlTemplate":"https:\/\/www.tressis.com\/ca\/?s={search_term_string}"},"query-input":{"@type":"PropertyValueSpecification","valueRequired":true,"valueName":"search_term_string"}}],"inLanguage":"ca"},{"@type":"Organization","@id":"https:\/\/www.tressis.com\/ca\/#organization","name":"Tressis","url":"https:\/\/www.tressis.com\/ca\/","logo":{"@type":"ImageObject","inLanguage":"ca","@id":"https:\/\/www.tressis.com\/ca\/#\/schema\/logo\/image\/","url":"https:\/\/www.tressis.com\/wp-content\/uploads\/2025\/06\/logo-tressis-112.png","contentUrl":"https:\/\/www.tressis.com\/wp-content\/uploads\/2025\/06\/logo-tressis-112.png","width":112,"height":112,"caption":"Tressis"},"image":{"@id":"https:\/\/www.tressis.com\/ca\/#\/schema\/logo\/image\/"},"sameAs":["https:\/\/www.facebook.com\/Tressis\/","https:\/\/x.com\/TressisSV","https:\/\/www.instagram.com\/tressissv\/?hl=es","https:\/\/linkedin.com\/company\/tressis\/","https:\/\/www.youtube.com\/user\/tressissv","https:\/\/open.spotify.com\/show\/3jmTe1Nf0wqMILl7diWV6h?si=d7112519f13c4593&nd=1"]},{"@type":"Person","@id":"https:\/\/www.tressis.com\/ca\/#\/schema\/person\/b833c1d724d8764920b6d6852c70584e","name":"Lola","image":{"@type":"ImageObject","inLanguage":"ca","@id":"https:\/\/secure.gravatar.com\/avatar\/05e646486b23ff45df9649110609c7e31b8c4a3e2821caa23d6317f405e0c51d?s=96&d=mm&r=g","url":"https:\/\/secure.gravatar.com\/avatar\/05e646486b23ff45df9649110609c7e31b8c4a3e2821caa23d6317f405e0c51d?s=96&d=mm&r=g","contentUrl":"https:\/\/secure.gravatar.com\/avatar\/05e646486b23ff45df9649110609c7e31b8c4a3e2821caa23d6317f405e0c51d?s=96&d=mm&r=g","caption":"Lola"}}]}},"_links":{"self":[{"href":"https:\/\/www.tressis.com\/ca\/wp-json\/wp\/v2\/posts\/45815","targetHints":{"allow":["GET"]}}],"collection":[{"href":"https:\/\/www.tressis.com\/ca\/wp-json\/wp\/v2\/posts"}],"about":[{"href":"https:\/\/www.tressis.com\/ca\/wp-json\/wp\/v2\/types\/post"}],"author":[{"embeddable":true,"href":"https:\/\/www.tressis.com\/ca\/wp-json\/wp\/v2\/users\/4"}],"replies":[{"embeddable":true,"href":"https:\/\/www.tressis.com\/ca\/wp-json\/wp\/v2\/comments?post=45815"}],"version-history":[{"count":0,"href":"https:\/\/www.tressis.com\/ca\/wp-json\/wp\/v2\/posts\/45815\/revisions"}],"wp:featuredmedia":[{"embeddable":true,"href":"https:\/\/www.tressis.com\/ca\/wp-json\/wp\/v2\/media\/45937"}],"wp:attachment":[{"href":"https:\/\/www.tressis.com\/ca\/wp-json\/wp\/v2\/media?parent=45815"}],"wp:term":[{"taxonomy":"category","embeddable":true,"href":"https:\/\/www.tressis.com\/ca\/wp-json\/wp\/v2\/categories?post=45815"},{"taxonomy":"post_tag","embeddable":true,"href":"https:\/\/www.tressis.com\/ca\/wp-json\/wp\/v2\/tags?post=45815"}],"curies":[{"name":"wp","href":"https:\/\/api.w.org\/{rel}","templated":true}]}}