{"id":45808,"date":"2021-10-18T10:35:20","date_gmt":"2021-10-18T08:35:20","guid":{"rendered":"https:\/\/www.tressis.com\/blog\/?p=37222"},"modified":"2021-11-04T12:59:37","modified_gmt":"2021-11-04T12:59:37","slug":"foco-precios-consumidor-producto","status":"publish","type":"post","link":"https:\/\/www.tressis.com\/ca\/blog\/foco-precios-consumidor-producto\/","title":{"rendered":"Esta semana el foco estar\u00e1 en los precios de consumidor y de producto"},"content":{"rendered":"<p>La jornada del viernes sirvi\u00f3 de colof\u00f3n a una semana que fue de menos a m\u00e1s.<!--more--> A medida que pasaban los d\u00edas, el sentimiento inversor mejoraba con motivo del buen inicio de la publicaci\u00f3n de resultados. Queda por ver cu\u00e1nto dura esta sensaci\u00f3n, ya que en las pr\u00f3ximas fechas vamos a tener una bater\u00eda de datos macroecon\u00f3micos de especial relevancia. Aunque el foco seguir\u00e1 puesto en los niveles de precios tanto del consumidor como del producto de la zona euro y del Reino Unido que se publicar\u00e1n el mi\u00e9rcoles, hoy mismo tendremos el dato del PIB chino del tercer trimestre, el jueves ver\u00e1 la luz el libro Beige de la Reserva Federal que podr\u00eda aportar informaci\u00f3n sobre el <i>tapering<\/i> y el viernes contaremos con la publicaci\u00f3n de los \u00edndices preliminares ISM americanos de los sectores manufactureros y de servicios.<\/p>\n<p>En el caso de la renta fija, la rentabilidad de la deuda contin\u00faa con su senda alcista a medida que los datos macroecon\u00f3micos apuntan a un posible cambio de las pol\u00edticas econ\u00f3micas ultraexpansivas de los bancos centrales. En este contexto, tanto los <i>treasuries<\/i> como el <i>bund<\/i> sumaron cinco puntos b\u00e1sicos a su cotizaci\u00f3n, hasta alcanzar los niveles de 1,57% y -0,17% respectivamente.<\/p>\n<p>Finalmente, los primeros ETF sobre futuros del bitcoin echar\u00e1n a rodar a lo largo de esta semana. Queda por ver si los inversores institucionales contin\u00faan siendo reacios a este activo o si, por el contrario, se lanzan a comprarlos y catapultan la criptodivisa.<\/p>\n<p>Feliz lunes.<br \/>\n<center><strong>Samuel P\u00e9rez Ogayar<\/strong><br \/>\nDirecci\u00f3n de Inversiones <\/center><\/p>\n","protected":false},"excerpt":{"rendered":"<p>La jornada del viernes sirvi\u00f3 de colof\u00f3n a una semana que fue de menos a m\u00e1s.<\/p>\n","protected":false},"author":4,"featured_media":45920,"comment_status":"open","ping_status":"closed","sticky":false,"template":"","format":"standard","meta":{"_acf_changed":false,"footnotes":""},"categories":[9721],"tags":[612,3688,4856,7001,7002,5614],"class_list":["post-45808","post","type-post","status-publish","format-standard","has-post-thumbnail","hentry","category-morning-meeting","tag-bitcoin","tag-ism","tag-pib","tag-precios-consumidor","tag-precios-productos","tag-renta-fija"],"acf":[],"yoast_head":"<!-- This site is optimized with the Yoast SEO plugin v27.4 - https:\/\/yoast.com\/product\/yoast-seo-wordpress\/ -->\n<title>Esta semana el foco estar\u00e1 en los precios de consumidor y de producto<\/title>\n<meta name=\"description\" content=\"Este mi\u00e9rcoles se publican tanto los de la zona euro como los del Reino Unido\" \/>\n<meta name=\"robots\" content=\"index, follow, max-snippet:-1, max-image-preview:large, max-video-preview:-1\" \/>\n<link rel=\"canonical\" href=\"https:\/\/www.tressis.com\/ca\/blog\/foco-precios-consumidor-producto\/\" \/>\n<meta property=\"og:locale\" content=\"ca_ES\" \/>\n<meta property=\"og:type\" content=\"article\" \/>\n<meta property=\"og:title\" content=\"Esta semana el foco estar\u00e1 en los precios de consumidor y de producto\" \/>\n<meta property=\"og:description\" content=\"Este mi\u00e9rcoles se publican tanto los de la zona euro como los del Reino Unido\" \/>\n<meta property=\"og:url\" content=\"https:\/\/www.tressis.com\/ca\/blog\/foco-precios-consumidor-producto\/\" \/>\n<meta property=\"og:site_name\" content=\"Tressis\" \/>\n<meta property=\"article:publisher\" content=\"https:\/\/www.facebook.com\/Tressis\/\" \/>\n<meta property=\"article:published_time\" content=\"2021-10-18T08:35:20+00:00\" \/>\n<meta property=\"article:modified_time\" content=\"2021-11-04T12:59:37+00:00\" \/>\n<meta property=\"og:image\" content=\"https:\/\/www.tressis.com\/wp-content\/uploads\/2021\/10\/precios-consumidor-producto-1.jpg\" \/>\n\t<meta property=\"og:image:width\" content=\"1100\" \/>\n\t<meta property=\"og:image:height\" content=\"487\" \/>\n\t<meta property=\"og:image:type\" content=\"image\/jpeg\" \/>\n<meta name=\"author\" content=\"Lola\" \/>\n<meta name=\"twitter:card\" content=\"summary_large_image\" \/>\n<meta name=\"twitter:creator\" content=\"@TressisSV\" \/>\n<meta name=\"twitter:site\" content=\"@TressisSV\" \/>\n<meta name=\"twitter:label1\" content=\"Escrit per\" \/>\n\t<meta name=\"twitter:data1\" content=\"Lola\" \/>\n\t<meta name=\"twitter:label2\" content=\"Temps estimat de lectura\" \/>\n\t<meta name=\"twitter:data2\" content=\"2 minuts\" \/>\n<script type=\"application\/ld+json\" class=\"yoast-schema-graph\">{\"@context\":\"https:\\\/\\\/schema.org\",\"@graph\":[{\"@type\":\"Article\",\"@id\":\"https:\\\/\\\/www.tressis.com\\\/ca\\\/blog\\\/foco-precios-consumidor-producto\\\/#article\",\"isPartOf\":{\"@id\":\"https:\\\/\\\/www.tressis.com\\\/ca\\\/blog\\\/foco-precios-consumidor-producto\\\/\"},\"author\":{\"name\":\"Lola\",\"@id\":\"https:\\\/\\\/www.tressis.com\\\/ca\\\/#\\\/schema\\\/person\\\/b833c1d724d8764920b6d6852c70584e\"},\"headline\":\"Esta semana el foco estar\u00e1 en los precios de consumidor y de producto\",\"datePublished\":\"2021-10-18T08:35:20+00:00\",\"dateModified\":\"2021-11-04T12:59:37+00:00\",\"mainEntityOfPage\":{\"@id\":\"https:\\\/\\\/www.tressis.com\\\/ca\\\/blog\\\/foco-precios-consumidor-producto\\\/\"},\"wordCount\":288,\"commentCount\":0,\"publisher\":{\"@id\":\"https:\\\/\\\/www.tressis.com\\\/ca\\\/#organization\"},\"image\":{\"@id\":\"https:\\\/\\\/www.tressis.com\\\/ca\\\/blog\\\/foco-precios-consumidor-producto\\\/#primaryimage\"},\"thumbnailUrl\":\"https:\\\/\\\/www.tressis.com\\\/wp-content\\\/uploads\\\/2021\\\/10\\\/precios-consumidor-producto-1.jpg\",\"keywords\":[\"bitcoin\",\"ISM\",\"PIB\",\"precios consumidor\",\"precios productos\",\"renta fija\"],\"articleSection\":[\"Morning meeting\"],\"inLanguage\":\"ca\",\"potentialAction\":[{\"@type\":\"CommentAction\",\"name\":\"Comment\",\"target\":[\"https:\\\/\\\/www.tressis.com\\\/ca\\\/blog\\\/foco-precios-consumidor-producto\\\/#respond\"]}]},{\"@type\":\"WebPage\",\"@id\":\"https:\\\/\\\/www.tressis.com\\\/ca\\\/blog\\\/foco-precios-consumidor-producto\\\/\",\"url\":\"https:\\\/\\\/www.tressis.com\\\/ca\\\/blog\\\/foco-precios-consumidor-producto\\\/\",\"name\":\"Esta semana el foco estar\u00e1 en los precios de consumidor y de producto\",\"isPartOf\":{\"@id\":\"https:\\\/\\\/www.tressis.com\\\/ca\\\/#website\"},\"primaryImageOfPage\":{\"@id\":\"https:\\\/\\\/www.tressis.com\\\/ca\\\/blog\\\/foco-precios-consumidor-producto\\\/#primaryimage\"},\"image\":{\"@id\":\"https:\\\/\\\/www.tressis.com\\\/ca\\\/blog\\\/foco-precios-consumidor-producto\\\/#primaryimage\"},\"thumbnailUrl\":\"https:\\\/\\\/www.tressis.com\\\/wp-content\\\/uploads\\\/2021\\\/10\\\/precios-consumidor-producto-1.jpg\",\"datePublished\":\"2021-10-18T08:35:20+00:00\",\"dateModified\":\"2021-11-04T12:59:37+00:00\",\"description\":\"Este mi\u00e9rcoles se publican tanto los de la zona euro como los del Reino Unido\",\"breadcrumb\":{\"@id\":\"https:\\\/\\\/www.tressis.com\\\/ca\\\/blog\\\/foco-precios-consumidor-producto\\\/#breadcrumb\"},\"inLanguage\":\"ca\",\"potentialAction\":[{\"@type\":\"ReadAction\",\"target\":[\"https:\\\/\\\/www.tressis.com\\\/ca\\\/blog\\\/foco-precios-consumidor-producto\\\/\"]}]},{\"@type\":\"ImageObject\",\"inLanguage\":\"ca\",\"@id\":\"https:\\\/\\\/www.tressis.com\\\/ca\\\/blog\\\/foco-precios-consumidor-producto\\\/#primaryimage\",\"url\":\"https:\\\/\\\/www.tressis.com\\\/wp-content\\\/uploads\\\/2021\\\/10\\\/precios-consumidor-producto-1.jpg\",\"contentUrl\":\"https:\\\/\\\/www.tressis.com\\\/wp-content\\\/uploads\\\/2021\\\/10\\\/precios-consumidor-producto-1.jpg\",\"width\":1100,\"height\":487},{\"@type\":\"BreadcrumbList\",\"@id\":\"https:\\\/\\\/www.tressis.com\\\/ca\\\/blog\\\/foco-precios-consumidor-producto\\\/#breadcrumb\",\"itemListElement\":[{\"@type\":\"ListItem\",\"position\":1,\"name\":\"Inicio\",\"item\":\"https:\\\/\\\/www.tressis.com\\\/ca\\\/\"},{\"@type\":\"ListItem\",\"position\":2,\"name\":\"Morning meeting\",\"item\":\"https:\\\/\\\/www.tressis.com\\\/ca\\\/blog\\\/categorias\\\/morning-meeting-ca\\\/\"},{\"@type\":\"ListItem\",\"position\":3,\"name\":\"Esta semana el foco estar\u00e1 en los precios de consumidor y de producto\"}]},{\"@type\":\"WebSite\",\"@id\":\"https:\\\/\\\/www.tressis.com\\\/ca\\\/#website\",\"url\":\"https:\\\/\\\/www.tressis.com\\\/ca\\\/\",\"name\":\"Tressis banca privada\",\"description\":\"Tressis | Planificaci\u00f3n financiera y gesti\u00f3n de patrimonios\",\"publisher\":{\"@id\":\"https:\\\/\\\/www.tressis.com\\\/ca\\\/#organization\"},\"potentialAction\":[{\"@type\":\"SearchAction\",\"target\":{\"@type\":\"EntryPoint\",\"urlTemplate\":\"https:\\\/\\\/www.tressis.com\\\/ca\\\/?s={search_term_string}\"},\"query-input\":{\"@type\":\"PropertyValueSpecification\",\"valueRequired\":true,\"valueName\":\"search_term_string\"}}],\"inLanguage\":\"ca\"},{\"@type\":\"Organization\",\"@id\":\"https:\\\/\\\/www.tressis.com\\\/ca\\\/#organization\",\"name\":\"Tressis\",\"url\":\"https:\\\/\\\/www.tressis.com\\\/ca\\\/\",\"logo\":{\"@type\":\"ImageObject\",\"inLanguage\":\"ca\",\"@id\":\"https:\\\/\\\/www.tressis.com\\\/ca\\\/#\\\/schema\\\/logo\\\/image\\\/\",\"url\":\"https:\\\/\\\/www.tressis.com\\\/wp-content\\\/uploads\\\/2025\\\/06\\\/logo-tressis-112.png\",\"contentUrl\":\"https:\\\/\\\/www.tressis.com\\\/wp-content\\\/uploads\\\/2025\\\/06\\\/logo-tressis-112.png\",\"width\":112,\"height\":112,\"caption\":\"Tressis\"},\"image\":{\"@id\":\"https:\\\/\\\/www.tressis.com\\\/ca\\\/#\\\/schema\\\/logo\\\/image\\\/\"},\"sameAs\":[\"https:\\\/\\\/www.facebook.com\\\/Tressis\\\/\",\"https:\\\/\\\/x.com\\\/TressisSV\",\"https:\\\/\\\/www.instagram.com\\\/tressissv\\\/?hl=es\",\"https:\\\/\\\/linkedin.com\\\/company\\\/tressis\\\/\",\"https:\\\/\\\/www.youtube.com\\\/user\\\/tressissv\",\"https:\\\/\\\/open.spotify.com\\\/show\\\/3jmTe1Nf0wqMILl7diWV6h?si=d7112519f13c4593&nd=1\"]},{\"@type\":\"Person\",\"@id\":\"https:\\\/\\\/www.tressis.com\\\/ca\\\/#\\\/schema\\\/person\\\/b833c1d724d8764920b6d6852c70584e\",\"name\":\"Lola\",\"image\":{\"@type\":\"ImageObject\",\"inLanguage\":\"ca\",\"@id\":\"https:\\\/\\\/secure.gravatar.com\\\/avatar\\\/05e646486b23ff45df9649110609c7e31b8c4a3e2821caa23d6317f405e0c51d?s=96&d=mm&r=g\",\"url\":\"https:\\\/\\\/secure.gravatar.com\\\/avatar\\\/05e646486b23ff45df9649110609c7e31b8c4a3e2821caa23d6317f405e0c51d?s=96&d=mm&r=g\",\"contentUrl\":\"https:\\\/\\\/secure.gravatar.com\\\/avatar\\\/05e646486b23ff45df9649110609c7e31b8c4a3e2821caa23d6317f405e0c51d?s=96&d=mm&r=g\",\"caption\":\"Lola\"}}]}<\/script>\n<!-- \/ Yoast SEO plugin. -->","yoast_head_json":{"title":"Esta semana el foco estar\u00e1 en los precios de consumidor y de producto","description":"Este mi\u00e9rcoles se publican tanto los de la zona euro como los del Reino Unido","robots":{"index":"index","follow":"follow","max-snippet":"max-snippet:-1","max-image-preview":"max-image-preview:large","max-video-preview":"max-video-preview:-1"},"canonical":"https:\/\/www.tressis.com\/ca\/blog\/foco-precios-consumidor-producto\/","og_locale":"ca_ES","og_type":"article","og_title":"Esta semana el foco estar\u00e1 en los precios de consumidor y de producto","og_description":"Este mi\u00e9rcoles se publican tanto los de la zona euro como los del Reino Unido","og_url":"https:\/\/www.tressis.com\/ca\/blog\/foco-precios-consumidor-producto\/","og_site_name":"Tressis","article_publisher":"https:\/\/www.facebook.com\/Tressis\/","article_published_time":"2021-10-18T08:35:20+00:00","article_modified_time":"2021-11-04T12:59:37+00:00","og_image":[{"width":1100,"height":487,"url":"https:\/\/www.tressis.com\/wp-content\/uploads\/2021\/10\/precios-consumidor-producto-1.jpg","type":"image\/jpeg"}],"author":"Lola","twitter_card":"summary_large_image","twitter_creator":"@TressisSV","twitter_site":"@TressisSV","twitter_misc":{"Escrit per":"Lola","Temps estimat de lectura":"2 minuts"},"schema":{"@context":"https:\/\/schema.org","@graph":[{"@type":"Article","@id":"https:\/\/www.tressis.com\/ca\/blog\/foco-precios-consumidor-producto\/#article","isPartOf":{"@id":"https:\/\/www.tressis.com\/ca\/blog\/foco-precios-consumidor-producto\/"},"author":{"name":"Lola","@id":"https:\/\/www.tressis.com\/ca\/#\/schema\/person\/b833c1d724d8764920b6d6852c70584e"},"headline":"Esta semana el foco estar\u00e1 en los precios de consumidor y de producto","datePublished":"2021-10-18T08:35:20+00:00","dateModified":"2021-11-04T12:59:37+00:00","mainEntityOfPage":{"@id":"https:\/\/www.tressis.com\/ca\/blog\/foco-precios-consumidor-producto\/"},"wordCount":288,"commentCount":0,"publisher":{"@id":"https:\/\/www.tressis.com\/ca\/#organization"},"image":{"@id":"https:\/\/www.tressis.com\/ca\/blog\/foco-precios-consumidor-producto\/#primaryimage"},"thumbnailUrl":"https:\/\/www.tressis.com\/wp-content\/uploads\/2021\/10\/precios-consumidor-producto-1.jpg","keywords":["bitcoin","ISM","PIB","precios consumidor","precios productos","renta fija"],"articleSection":["Morning meeting"],"inLanguage":"ca","potentialAction":[{"@type":"CommentAction","name":"Comment","target":["https:\/\/www.tressis.com\/ca\/blog\/foco-precios-consumidor-producto\/#respond"]}]},{"@type":"WebPage","@id":"https:\/\/www.tressis.com\/ca\/blog\/foco-precios-consumidor-producto\/","url":"https:\/\/www.tressis.com\/ca\/blog\/foco-precios-consumidor-producto\/","name":"Esta semana el foco estar\u00e1 en los precios de consumidor y de producto","isPartOf":{"@id":"https:\/\/www.tressis.com\/ca\/#website"},"primaryImageOfPage":{"@id":"https:\/\/www.tressis.com\/ca\/blog\/foco-precios-consumidor-producto\/#primaryimage"},"image":{"@id":"https:\/\/www.tressis.com\/ca\/blog\/foco-precios-consumidor-producto\/#primaryimage"},"thumbnailUrl":"https:\/\/www.tressis.com\/wp-content\/uploads\/2021\/10\/precios-consumidor-producto-1.jpg","datePublished":"2021-10-18T08:35:20+00:00","dateModified":"2021-11-04T12:59:37+00:00","description":"Este mi\u00e9rcoles se publican tanto los de la zona euro como los del Reino Unido","breadcrumb":{"@id":"https:\/\/www.tressis.com\/ca\/blog\/foco-precios-consumidor-producto\/#breadcrumb"},"inLanguage":"ca","potentialAction":[{"@type":"ReadAction","target":["https:\/\/www.tressis.com\/ca\/blog\/foco-precios-consumidor-producto\/"]}]},{"@type":"ImageObject","inLanguage":"ca","@id":"https:\/\/www.tressis.com\/ca\/blog\/foco-precios-consumidor-producto\/#primaryimage","url":"https:\/\/www.tressis.com\/wp-content\/uploads\/2021\/10\/precios-consumidor-producto-1.jpg","contentUrl":"https:\/\/www.tressis.com\/wp-content\/uploads\/2021\/10\/precios-consumidor-producto-1.jpg","width":1100,"height":487},{"@type":"BreadcrumbList","@id":"https:\/\/www.tressis.com\/ca\/blog\/foco-precios-consumidor-producto\/#breadcrumb","itemListElement":[{"@type":"ListItem","position":1,"name":"Inicio","item":"https:\/\/www.tressis.com\/ca\/"},{"@type":"ListItem","position":2,"name":"Morning meeting","item":"https:\/\/www.tressis.com\/ca\/blog\/categorias\/morning-meeting-ca\/"},{"@type":"ListItem","position":3,"name":"Esta semana el foco estar\u00e1 en los precios de consumidor y de producto"}]},{"@type":"WebSite","@id":"https:\/\/www.tressis.com\/ca\/#website","url":"https:\/\/www.tressis.com\/ca\/","name":"Tressis banca privada","description":"Tressis | Planificaci\u00f3n financiera y gesti\u00f3n de patrimonios","publisher":{"@id":"https:\/\/www.tressis.com\/ca\/#organization"},"potentialAction":[{"@type":"SearchAction","target":{"@type":"EntryPoint","urlTemplate":"https:\/\/www.tressis.com\/ca\/?s={search_term_string}"},"query-input":{"@type":"PropertyValueSpecification","valueRequired":true,"valueName":"search_term_string"}}],"inLanguage":"ca"},{"@type":"Organization","@id":"https:\/\/www.tressis.com\/ca\/#organization","name":"Tressis","url":"https:\/\/www.tressis.com\/ca\/","logo":{"@type":"ImageObject","inLanguage":"ca","@id":"https:\/\/www.tressis.com\/ca\/#\/schema\/logo\/image\/","url":"https:\/\/www.tressis.com\/wp-content\/uploads\/2025\/06\/logo-tressis-112.png","contentUrl":"https:\/\/www.tressis.com\/wp-content\/uploads\/2025\/06\/logo-tressis-112.png","width":112,"height":112,"caption":"Tressis"},"image":{"@id":"https:\/\/www.tressis.com\/ca\/#\/schema\/logo\/image\/"},"sameAs":["https:\/\/www.facebook.com\/Tressis\/","https:\/\/x.com\/TressisSV","https:\/\/www.instagram.com\/tressissv\/?hl=es","https:\/\/linkedin.com\/company\/tressis\/","https:\/\/www.youtube.com\/user\/tressissv","https:\/\/open.spotify.com\/show\/3jmTe1Nf0wqMILl7diWV6h?si=d7112519f13c4593&nd=1"]},{"@type":"Person","@id":"https:\/\/www.tressis.com\/ca\/#\/schema\/person\/b833c1d724d8764920b6d6852c70584e","name":"Lola","image":{"@type":"ImageObject","inLanguage":"ca","@id":"https:\/\/secure.gravatar.com\/avatar\/05e646486b23ff45df9649110609c7e31b8c4a3e2821caa23d6317f405e0c51d?s=96&d=mm&r=g","url":"https:\/\/secure.gravatar.com\/avatar\/05e646486b23ff45df9649110609c7e31b8c4a3e2821caa23d6317f405e0c51d?s=96&d=mm&r=g","contentUrl":"https:\/\/secure.gravatar.com\/avatar\/05e646486b23ff45df9649110609c7e31b8c4a3e2821caa23d6317f405e0c51d?s=96&d=mm&r=g","caption":"Lola"}}]}},"_links":{"self":[{"href":"https:\/\/www.tressis.com\/ca\/wp-json\/wp\/v2\/posts\/45808","targetHints":{"allow":["GET"]}}],"collection":[{"href":"https:\/\/www.tressis.com\/ca\/wp-json\/wp\/v2\/posts"}],"about":[{"href":"https:\/\/www.tressis.com\/ca\/wp-json\/wp\/v2\/types\/post"}],"author":[{"embeddable":true,"href":"https:\/\/www.tressis.com\/ca\/wp-json\/wp\/v2\/users\/4"}],"replies":[{"embeddable":true,"href":"https:\/\/www.tressis.com\/ca\/wp-json\/wp\/v2\/comments?post=45808"}],"version-history":[{"count":0,"href":"https:\/\/www.tressis.com\/ca\/wp-json\/wp\/v2\/posts\/45808\/revisions"}],"wp:featuredmedia":[{"embeddable":true,"href":"https:\/\/www.tressis.com\/ca\/wp-json\/wp\/v2\/media\/45920"}],"wp:attachment":[{"href":"https:\/\/www.tressis.com\/ca\/wp-json\/wp\/v2\/media?parent=45808"}],"wp:term":[{"taxonomy":"category","embeddable":true,"href":"https:\/\/www.tressis.com\/ca\/wp-json\/wp\/v2\/categories?post=45808"},{"taxonomy":"post_tag","embeddable":true,"href":"https:\/\/www.tressis.com\/ca\/wp-json\/wp\/v2\/tags?post=45808"}],"curies":[{"name":"wp","href":"https:\/\/api.w.org\/{rel}","templated":true}]}}