{"id":45803,"date":"2021-10-08T10:33:00","date_gmt":"2021-10-08T08:33:00","guid":{"rendered":"https:\/\/www.tressis.com\/blog\/?p=37182"},"modified":"2021-11-04T12:53:42","modified_gmt":"2021-11-04T12:53:42","slug":"inversores-aumentan-exposicion-renta-variable","status":"publish","type":"post","link":"https:\/\/www.tressis.com\/ca\/blog\/inversores-aumentan-exposicion-renta-variable\/","title":{"rendered":"Los inversores aumentaron su exposici\u00f3n a la renta variable"},"content":{"rendered":"<p>En la jornada de ayer los inversores optaron por continuar aumentando su exposici\u00f3n a la renta variable, motivo por el cual la mayor\u00eda de los \u00edndices cerraron en verde.<!--more--> Sin embargo, la noticia es que el sentimiento del mercado parece ser algo m\u00e1s positivo tras la consumaci\u00f3n del acuerdo en el Senado americano de elevar el techo de deuda y la relajaci\u00f3n de los precios de la energ\u00eda. Veremos cu\u00e1nto dura este cambio de tendencia.<\/p>\n<p>En el caso de la deuda, poco a poco va calando el mensaje de la Reserva Federal de que la retirada de est\u00edmulos se har\u00e1 en base a criterios macroecon\u00f3micos. En este contexto, con una inflaci\u00f3n por encima del objetivo, el mercado est\u00e1 pendiente del dato de n\u00f3minas no agr\u00edcolas y de la tasa de desempleo de hoy, tras la buena lectura de la encuesta ADP del mi\u00e9rcoles. Por el momento, la rentabilidad exigida a los <i>treasuries<\/i> ha subido 30 puntos b\u00e1sicos desde el inicio de septiembre, mientras que en el caso del <i>bund<\/i> el incremento ha sido de 21 puntos.<\/p>\n<p>Finalmente, en el lado de las materias primas, tanto el Brent como el WTI se encuentran alrededor de los 80 d\u00f3lares el barril. Esto se debe a las inclemencias clim\u00e1ticas vividas en M\u00e9xico que est\u00e1n condicionando su capacidad productiva por el continuo descenso de los inventarios y por una demanda creciente como consecuencia de la reapertura de las econom\u00edas.<\/p>\n<p>Feliz viernes.<\/p>\n<p><center><strong>Samuel P\u00e9rez Ogayar<\/strong><br \/>\nDirecci\u00f3n de Inversiones <\/center><\/p>\n","protected":false},"excerpt":{"rendered":"<p>En la jornada de ayer los inversores optaron por continuar aumentando su exposici\u00f3n a la renta variable, motivo por el cual la mayor\u00eda de los \u00edndices cerraron en verde.<\/p>\n","protected":false},"author":4,"featured_media":45908,"comment_status":"open","ping_status":"closed","sticky":false,"template":"","format":"standard","meta":{"_acf_changed":false,"footnotes":""},"categories":[9721],"tags":[3453,5110,5125,5642],"class_list":["post-45803","post","type-post","status-publish","format-standard","has-post-thumbnail","hentry","category-morning-meeting","tag-inflacion","tag-precio-petroleo","tag-precios-energia","tag-renta-variable"],"acf":[],"yoast_head":"<!-- This site is optimized with the Yoast SEO plugin v27.5 - https:\/\/yoast.com\/product\/yoast-seo-wordpress\/ -->\n<title>Los inversores aumentaron su exposici\u00f3n a la renta variable<\/title>\n<meta name=\"description\" content=\"El sentimiento del mercado parece ser algo m\u00e1s positivo tras la consumaci\u00f3n del acuerdo en el senado americano de elevar el techo de deuda\" \/>\n<meta name=\"robots\" content=\"index, follow, max-snippet:-1, max-image-preview:large, max-video-preview:-1\" \/>\n<link rel=\"canonical\" href=\"https:\/\/www.tressis.com\/ca\/blog\/inversores-aumentan-exposicion-renta-variable\/\" \/>\n<meta property=\"og:locale\" content=\"ca_ES\" \/>\n<meta property=\"og:type\" content=\"article\" \/>\n<meta property=\"og:title\" content=\"Los inversores aumentaron su exposici\u00f3n a la renta variable\" \/>\n<meta property=\"og:description\" content=\"El sentimiento del mercado parece ser algo m\u00e1s positivo tras la consumaci\u00f3n del acuerdo en el senado americano de elevar el techo de deuda\" \/>\n<meta property=\"og:url\" content=\"https:\/\/www.tressis.com\/ca\/blog\/inversores-aumentan-exposicion-renta-variable\/\" \/>\n<meta property=\"og:site_name\" content=\"Tressis\" \/>\n<meta property=\"article:publisher\" content=\"https:\/\/www.facebook.com\/Tressis\/\" \/>\n<meta property=\"article:published_time\" content=\"2021-10-08T08:33:00+00:00\" \/>\n<meta property=\"article:modified_time\" content=\"2021-11-04T12:53:42+00:00\" \/>\n<meta property=\"og:image\" content=\"https:\/\/www.tressis.com\/wp-content\/uploads\/2021\/10\/aumenta-inversion-renta-variable-1.jpg\" \/>\n\t<meta property=\"og:image:width\" content=\"1100\" \/>\n\t<meta property=\"og:image:height\" content=\"487\" \/>\n\t<meta property=\"og:image:type\" content=\"image\/jpeg\" \/>\n<meta name=\"author\" content=\"Lola\" \/>\n<meta name=\"twitter:card\" content=\"summary_large_image\" \/>\n<meta name=\"twitter:creator\" content=\"@TressisSV\" \/>\n<meta name=\"twitter:site\" content=\"@TressisSV\" \/>\n<meta name=\"twitter:label1\" content=\"Escrit per\" \/>\n\t<meta name=\"twitter:data1\" content=\"Lola\" \/>\n\t<meta name=\"twitter:label2\" content=\"Temps estimat de lectura\" \/>\n\t<meta name=\"twitter:data2\" content=\"2 minuts\" \/>\n<script type=\"application\/ld+json\" class=\"yoast-schema-graph\">{\"@context\":\"https:\\\/\\\/schema.org\",\"@graph\":[{\"@type\":\"Article\",\"@id\":\"https:\\\/\\\/www.tressis.com\\\/ca\\\/blog\\\/inversores-aumentan-exposicion-renta-variable\\\/#article\",\"isPartOf\":{\"@id\":\"https:\\\/\\\/www.tressis.com\\\/ca\\\/blog\\\/inversores-aumentan-exposicion-renta-variable\\\/\"},\"author\":{\"name\":\"Lola\",\"@id\":\"https:\\\/\\\/www.tressis.com\\\/ca\\\/#\\\/schema\\\/person\\\/b833c1d724d8764920b6d6852c70584e\"},\"headline\":\"Los inversores aumentaron su exposici\u00f3n a la renta variable\",\"datePublished\":\"2021-10-08T08:33:00+00:00\",\"dateModified\":\"2021-11-04T12:53:42+00:00\",\"mainEntityOfPage\":{\"@id\":\"https:\\\/\\\/www.tressis.com\\\/ca\\\/blog\\\/inversores-aumentan-exposicion-renta-variable\\\/\"},\"wordCount\":271,\"commentCount\":0,\"publisher\":{\"@id\":\"https:\\\/\\\/www.tressis.com\\\/ca\\\/#organization\"},\"image\":{\"@id\":\"https:\\\/\\\/www.tressis.com\\\/ca\\\/blog\\\/inversores-aumentan-exposicion-renta-variable\\\/#primaryimage\"},\"thumbnailUrl\":\"https:\\\/\\\/www.tressis.com\\\/wp-content\\\/uploads\\\/2021\\\/10\\\/aumenta-inversion-renta-variable-1.jpg\",\"keywords\":[\"inflaci\u00f3n\",\"precio petr\u00f3leo\",\"precios energ\u00eda\",\"renta variable\"],\"articleSection\":[\"Morning meeting\"],\"inLanguage\":\"ca\",\"potentialAction\":[{\"@type\":\"CommentAction\",\"name\":\"Comment\",\"target\":[\"https:\\\/\\\/www.tressis.com\\\/ca\\\/blog\\\/inversores-aumentan-exposicion-renta-variable\\\/#respond\"]}]},{\"@type\":\"WebPage\",\"@id\":\"https:\\\/\\\/www.tressis.com\\\/ca\\\/blog\\\/inversores-aumentan-exposicion-renta-variable\\\/\",\"url\":\"https:\\\/\\\/www.tressis.com\\\/ca\\\/blog\\\/inversores-aumentan-exposicion-renta-variable\\\/\",\"name\":\"Los inversores aumentaron su exposici\u00f3n a la renta variable\",\"isPartOf\":{\"@id\":\"https:\\\/\\\/www.tressis.com\\\/ca\\\/#website\"},\"primaryImageOfPage\":{\"@id\":\"https:\\\/\\\/www.tressis.com\\\/ca\\\/blog\\\/inversores-aumentan-exposicion-renta-variable\\\/#primaryimage\"},\"image\":{\"@id\":\"https:\\\/\\\/www.tressis.com\\\/ca\\\/blog\\\/inversores-aumentan-exposicion-renta-variable\\\/#primaryimage\"},\"thumbnailUrl\":\"https:\\\/\\\/www.tressis.com\\\/wp-content\\\/uploads\\\/2021\\\/10\\\/aumenta-inversion-renta-variable-1.jpg\",\"datePublished\":\"2021-10-08T08:33:00+00:00\",\"dateModified\":\"2021-11-04T12:53:42+00:00\",\"description\":\"El sentimiento del mercado parece ser algo m\u00e1s positivo tras la consumaci\u00f3n del acuerdo en el senado americano de elevar el techo de deuda\",\"breadcrumb\":{\"@id\":\"https:\\\/\\\/www.tressis.com\\\/ca\\\/blog\\\/inversores-aumentan-exposicion-renta-variable\\\/#breadcrumb\"},\"inLanguage\":\"ca\",\"potentialAction\":[{\"@type\":\"ReadAction\",\"target\":[\"https:\\\/\\\/www.tressis.com\\\/ca\\\/blog\\\/inversores-aumentan-exposicion-renta-variable\\\/\"]}]},{\"@type\":\"ImageObject\",\"inLanguage\":\"ca\",\"@id\":\"https:\\\/\\\/www.tressis.com\\\/ca\\\/blog\\\/inversores-aumentan-exposicion-renta-variable\\\/#primaryimage\",\"url\":\"https:\\\/\\\/www.tressis.com\\\/wp-content\\\/uploads\\\/2021\\\/10\\\/aumenta-inversion-renta-variable-1.jpg\",\"contentUrl\":\"https:\\\/\\\/www.tressis.com\\\/wp-content\\\/uploads\\\/2021\\\/10\\\/aumenta-inversion-renta-variable-1.jpg\",\"width\":1100,\"height\":487},{\"@type\":\"BreadcrumbList\",\"@id\":\"https:\\\/\\\/www.tressis.com\\\/ca\\\/blog\\\/inversores-aumentan-exposicion-renta-variable\\\/#breadcrumb\",\"itemListElement\":[{\"@type\":\"ListItem\",\"position\":1,\"name\":\"Inicio\",\"item\":\"https:\\\/\\\/www.tressis.com\\\/ca\\\/\"},{\"@type\":\"ListItem\",\"position\":2,\"name\":\"Morning meeting\",\"item\":\"https:\\\/\\\/www.tressis.com\\\/ca\\\/blog\\\/categorias\\\/morning-meeting-ca\\\/\"},{\"@type\":\"ListItem\",\"position\":3,\"name\":\"Los inversores aumentaron su exposici\u00f3n a la renta variable\"}]},{\"@type\":\"WebSite\",\"@id\":\"https:\\\/\\\/www.tressis.com\\\/ca\\\/#website\",\"url\":\"https:\\\/\\\/www.tressis.com\\\/ca\\\/\",\"name\":\"Tressis banca privada\",\"description\":\"Tressis | Planificaci\u00f3n financiera y gesti\u00f3n de patrimonios\",\"publisher\":{\"@id\":\"https:\\\/\\\/www.tressis.com\\\/ca\\\/#organization\"},\"potentialAction\":[{\"@type\":\"SearchAction\",\"target\":{\"@type\":\"EntryPoint\",\"urlTemplate\":\"https:\\\/\\\/www.tressis.com\\\/ca\\\/?s={search_term_string}\"},\"query-input\":{\"@type\":\"PropertyValueSpecification\",\"valueRequired\":true,\"valueName\":\"search_term_string\"}}],\"inLanguage\":\"ca\"},{\"@type\":\"Organization\",\"@id\":\"https:\\\/\\\/www.tressis.com\\\/ca\\\/#organization\",\"name\":\"Tressis\",\"url\":\"https:\\\/\\\/www.tressis.com\\\/ca\\\/\",\"logo\":{\"@type\":\"ImageObject\",\"inLanguage\":\"ca\",\"@id\":\"https:\\\/\\\/www.tressis.com\\\/ca\\\/#\\\/schema\\\/logo\\\/image\\\/\",\"url\":\"https:\\\/\\\/www.tressis.com\\\/wp-content\\\/uploads\\\/2025\\\/06\\\/logo-tressis-112.png\",\"contentUrl\":\"https:\\\/\\\/www.tressis.com\\\/wp-content\\\/uploads\\\/2025\\\/06\\\/logo-tressis-112.png\",\"width\":112,\"height\":112,\"caption\":\"Tressis\"},\"image\":{\"@id\":\"https:\\\/\\\/www.tressis.com\\\/ca\\\/#\\\/schema\\\/logo\\\/image\\\/\"},\"sameAs\":[\"https:\\\/\\\/www.facebook.com\\\/Tressis\\\/\",\"https:\\\/\\\/x.com\\\/TressisSV\",\"https:\\\/\\\/www.instagram.com\\\/tressissv\\\/?hl=es\",\"https:\\\/\\\/linkedin.com\\\/company\\\/tressis\\\/\",\"https:\\\/\\\/www.youtube.com\\\/user\\\/tressissv\",\"https:\\\/\\\/open.spotify.com\\\/show\\\/3jmTe1Nf0wqMILl7diWV6h?si=d7112519f13c4593&nd=1\"]},{\"@type\":\"Person\",\"@id\":\"https:\\\/\\\/www.tressis.com\\\/ca\\\/#\\\/schema\\\/person\\\/b833c1d724d8764920b6d6852c70584e\",\"name\":\"Lola\",\"image\":{\"@type\":\"ImageObject\",\"inLanguage\":\"ca\",\"@id\":\"https:\\\/\\\/secure.gravatar.com\\\/avatar\\\/05e646486b23ff45df9649110609c7e31b8c4a3e2821caa23d6317f405e0c51d?s=96&d=mm&r=g\",\"url\":\"https:\\\/\\\/secure.gravatar.com\\\/avatar\\\/05e646486b23ff45df9649110609c7e31b8c4a3e2821caa23d6317f405e0c51d?s=96&d=mm&r=g\",\"contentUrl\":\"https:\\\/\\\/secure.gravatar.com\\\/avatar\\\/05e646486b23ff45df9649110609c7e31b8c4a3e2821caa23d6317f405e0c51d?s=96&d=mm&r=g\",\"caption\":\"Lola\"}}]}<\/script>\n<!-- \/ Yoast SEO plugin. -->","yoast_head_json":{"title":"Los inversores aumentaron su exposici\u00f3n a la renta variable","description":"El sentimiento del mercado parece ser algo m\u00e1s positivo tras la consumaci\u00f3n del acuerdo en el senado americano de elevar el techo de deuda","robots":{"index":"index","follow":"follow","max-snippet":"max-snippet:-1","max-image-preview":"max-image-preview:large","max-video-preview":"max-video-preview:-1"},"canonical":"https:\/\/www.tressis.com\/ca\/blog\/inversores-aumentan-exposicion-renta-variable\/","og_locale":"ca_ES","og_type":"article","og_title":"Los inversores aumentaron su exposici\u00f3n a la renta variable","og_description":"El sentimiento del mercado parece ser algo m\u00e1s positivo tras la consumaci\u00f3n del acuerdo en el senado americano de elevar el techo de deuda","og_url":"https:\/\/www.tressis.com\/ca\/blog\/inversores-aumentan-exposicion-renta-variable\/","og_site_name":"Tressis","article_publisher":"https:\/\/www.facebook.com\/Tressis\/","article_published_time":"2021-10-08T08:33:00+00:00","article_modified_time":"2021-11-04T12:53:42+00:00","og_image":[{"width":1100,"height":487,"url":"https:\/\/www.tressis.com\/wp-content\/uploads\/2021\/10\/aumenta-inversion-renta-variable-1.jpg","type":"image\/jpeg"}],"author":"Lola","twitter_card":"summary_large_image","twitter_creator":"@TressisSV","twitter_site":"@TressisSV","twitter_misc":{"Escrit per":"Lola","Temps estimat de lectura":"2 minuts"},"schema":{"@context":"https:\/\/schema.org","@graph":[{"@type":"Article","@id":"https:\/\/www.tressis.com\/ca\/blog\/inversores-aumentan-exposicion-renta-variable\/#article","isPartOf":{"@id":"https:\/\/www.tressis.com\/ca\/blog\/inversores-aumentan-exposicion-renta-variable\/"},"author":{"name":"Lola","@id":"https:\/\/www.tressis.com\/ca\/#\/schema\/person\/b833c1d724d8764920b6d6852c70584e"},"headline":"Los inversores aumentaron su exposici\u00f3n a la renta variable","datePublished":"2021-10-08T08:33:00+00:00","dateModified":"2021-11-04T12:53:42+00:00","mainEntityOfPage":{"@id":"https:\/\/www.tressis.com\/ca\/blog\/inversores-aumentan-exposicion-renta-variable\/"},"wordCount":271,"commentCount":0,"publisher":{"@id":"https:\/\/www.tressis.com\/ca\/#organization"},"image":{"@id":"https:\/\/www.tressis.com\/ca\/blog\/inversores-aumentan-exposicion-renta-variable\/#primaryimage"},"thumbnailUrl":"https:\/\/www.tressis.com\/wp-content\/uploads\/2021\/10\/aumenta-inversion-renta-variable-1.jpg","keywords":["inflaci\u00f3n","precio petr\u00f3leo","precios energ\u00eda","renta variable"],"articleSection":["Morning meeting"],"inLanguage":"ca","potentialAction":[{"@type":"CommentAction","name":"Comment","target":["https:\/\/www.tressis.com\/ca\/blog\/inversores-aumentan-exposicion-renta-variable\/#respond"]}]},{"@type":"WebPage","@id":"https:\/\/www.tressis.com\/ca\/blog\/inversores-aumentan-exposicion-renta-variable\/","url":"https:\/\/www.tressis.com\/ca\/blog\/inversores-aumentan-exposicion-renta-variable\/","name":"Los inversores aumentaron su exposici\u00f3n a la renta variable","isPartOf":{"@id":"https:\/\/www.tressis.com\/ca\/#website"},"primaryImageOfPage":{"@id":"https:\/\/www.tressis.com\/ca\/blog\/inversores-aumentan-exposicion-renta-variable\/#primaryimage"},"image":{"@id":"https:\/\/www.tressis.com\/ca\/blog\/inversores-aumentan-exposicion-renta-variable\/#primaryimage"},"thumbnailUrl":"https:\/\/www.tressis.com\/wp-content\/uploads\/2021\/10\/aumenta-inversion-renta-variable-1.jpg","datePublished":"2021-10-08T08:33:00+00:00","dateModified":"2021-11-04T12:53:42+00:00","description":"El sentimiento del mercado parece ser algo m\u00e1s positivo tras la consumaci\u00f3n del acuerdo en el senado americano de elevar el techo de deuda","breadcrumb":{"@id":"https:\/\/www.tressis.com\/ca\/blog\/inversores-aumentan-exposicion-renta-variable\/#breadcrumb"},"inLanguage":"ca","potentialAction":[{"@type":"ReadAction","target":["https:\/\/www.tressis.com\/ca\/blog\/inversores-aumentan-exposicion-renta-variable\/"]}]},{"@type":"ImageObject","inLanguage":"ca","@id":"https:\/\/www.tressis.com\/ca\/blog\/inversores-aumentan-exposicion-renta-variable\/#primaryimage","url":"https:\/\/www.tressis.com\/wp-content\/uploads\/2021\/10\/aumenta-inversion-renta-variable-1.jpg","contentUrl":"https:\/\/www.tressis.com\/wp-content\/uploads\/2021\/10\/aumenta-inversion-renta-variable-1.jpg","width":1100,"height":487},{"@type":"BreadcrumbList","@id":"https:\/\/www.tressis.com\/ca\/blog\/inversores-aumentan-exposicion-renta-variable\/#breadcrumb","itemListElement":[{"@type":"ListItem","position":1,"name":"Inicio","item":"https:\/\/www.tressis.com\/ca\/"},{"@type":"ListItem","position":2,"name":"Morning meeting","item":"https:\/\/www.tressis.com\/ca\/blog\/categorias\/morning-meeting-ca\/"},{"@type":"ListItem","position":3,"name":"Los inversores aumentaron su exposici\u00f3n a la renta variable"}]},{"@type":"WebSite","@id":"https:\/\/www.tressis.com\/ca\/#website","url":"https:\/\/www.tressis.com\/ca\/","name":"Tressis banca privada","description":"Tressis | Planificaci\u00f3n financiera y gesti\u00f3n de patrimonios","publisher":{"@id":"https:\/\/www.tressis.com\/ca\/#organization"},"potentialAction":[{"@type":"SearchAction","target":{"@type":"EntryPoint","urlTemplate":"https:\/\/www.tressis.com\/ca\/?s={search_term_string}"},"query-input":{"@type":"PropertyValueSpecification","valueRequired":true,"valueName":"search_term_string"}}],"inLanguage":"ca"},{"@type":"Organization","@id":"https:\/\/www.tressis.com\/ca\/#organization","name":"Tressis","url":"https:\/\/www.tressis.com\/ca\/","logo":{"@type":"ImageObject","inLanguage":"ca","@id":"https:\/\/www.tressis.com\/ca\/#\/schema\/logo\/image\/","url":"https:\/\/www.tressis.com\/wp-content\/uploads\/2025\/06\/logo-tressis-112.png","contentUrl":"https:\/\/www.tressis.com\/wp-content\/uploads\/2025\/06\/logo-tressis-112.png","width":112,"height":112,"caption":"Tressis"},"image":{"@id":"https:\/\/www.tressis.com\/ca\/#\/schema\/logo\/image\/"},"sameAs":["https:\/\/www.facebook.com\/Tressis\/","https:\/\/x.com\/TressisSV","https:\/\/www.instagram.com\/tressissv\/?hl=es","https:\/\/linkedin.com\/company\/tressis\/","https:\/\/www.youtube.com\/user\/tressissv","https:\/\/open.spotify.com\/show\/3jmTe1Nf0wqMILl7diWV6h?si=d7112519f13c4593&nd=1"]},{"@type":"Person","@id":"https:\/\/www.tressis.com\/ca\/#\/schema\/person\/b833c1d724d8764920b6d6852c70584e","name":"Lola","image":{"@type":"ImageObject","inLanguage":"ca","@id":"https:\/\/secure.gravatar.com\/avatar\/05e646486b23ff45df9649110609c7e31b8c4a3e2821caa23d6317f405e0c51d?s=96&d=mm&r=g","url":"https:\/\/secure.gravatar.com\/avatar\/05e646486b23ff45df9649110609c7e31b8c4a3e2821caa23d6317f405e0c51d?s=96&d=mm&r=g","contentUrl":"https:\/\/secure.gravatar.com\/avatar\/05e646486b23ff45df9649110609c7e31b8c4a3e2821caa23d6317f405e0c51d?s=96&d=mm&r=g","caption":"Lola"}}]}},"_links":{"self":[{"href":"https:\/\/www.tressis.com\/ca\/wp-json\/wp\/v2\/posts\/45803","targetHints":{"allow":["GET"]}}],"collection":[{"href":"https:\/\/www.tressis.com\/ca\/wp-json\/wp\/v2\/posts"}],"about":[{"href":"https:\/\/www.tressis.com\/ca\/wp-json\/wp\/v2\/types\/post"}],"author":[{"embeddable":true,"href":"https:\/\/www.tressis.com\/ca\/wp-json\/wp\/v2\/users\/4"}],"replies":[{"embeddable":true,"href":"https:\/\/www.tressis.com\/ca\/wp-json\/wp\/v2\/comments?post=45803"}],"version-history":[{"count":0,"href":"https:\/\/www.tressis.com\/ca\/wp-json\/wp\/v2\/posts\/45803\/revisions"}],"wp:featuredmedia":[{"embeddable":true,"href":"https:\/\/www.tressis.com\/ca\/wp-json\/wp\/v2\/media\/45908"}],"wp:attachment":[{"href":"https:\/\/www.tressis.com\/ca\/wp-json\/wp\/v2\/media?parent=45803"}],"wp:term":[{"taxonomy":"category","embeddable":true,"href":"https:\/\/www.tressis.com\/ca\/wp-json\/wp\/v2\/categories?post=45803"},{"taxonomy":"post_tag","embeddable":true,"href":"https:\/\/www.tressis.com\/ca\/wp-json\/wp\/v2\/tags?post=45803"}],"curies":[{"name":"wp","href":"https:\/\/api.w.org\/{rel}","templated":true}]}}