{"id":45800,"date":"2021-10-05T09:16:05","date_gmt":"2021-10-05T07:16:05","guid":{"rendered":"https:\/\/www.tressis.com\/blog\/?p=37154"},"modified":"2025-03-11T08:49:30","modified_gmt":"2025-03-11T07:49:30","slug":"bolsas-asustadas","status":"publish","type":"post","link":"https:\/\/www.tressis.com\/ca\/blog\/bolsas-asustadas\/","title":{"rendered":"Bolsas asustadas"},"content":{"rendered":"<p>Contin\u00faa la en\u00e9sima rotaci\u00f3n sectorial en este a\u00f1o.<!--more--> Salida de los sectores de crecimiento m\u00e1s sensibles al alza de tipos. Durante seis horas sin servicios de WhatsApp, Instagram y Facebook. Facebook, adem\u00e1s, recibi\u00f3 la denuncia de una de sus antiguas empleadas, quien asegura que la empresa antepone sus intereses econ\u00f3micos a la seguridad de los usuarios. El grupo inmobiliario chino Fantasia Holdings dej\u00f3 de pagar ayer un bono <i>offshore.<\/i><\/p>\n<p>Hay veces que el mercado solo es capaz de contemplar el lado negativo de las cosas y por su naturaleza puede entrar en modo temor, alarma, \u00a1p\u00e1nico! a toda velocidad. Pero este ciclo econ\u00f3mico no se ha terminado, solo est\u00e1 alcanzado madurez y comprar buenas tecnol\u00f3gicas a precios razonables es, siempre, una oportunidad.<\/p>\n<p>Semanas complejas &#8220;por mucho, mucho ruido. Tanto, tanto ruido&#8221;. Hay que tener paciencia.<\/p>\n<p>Encima de la mesa:<\/p>\n<ul>\n<li>La subida de la inflaci\u00f3n por los precios de la energ\u00eda, el invierno se acerca y los inventarios est\u00e1n bajos.<\/li>\n<li>El incremento de los precios del gas y las manifiestas deficiencias de la transici\u00f3n energ\u00e9tica europea.<\/li>\n<li>La subida de la inflaci\u00f3n por alimentos. Una ola de fr\u00edo y sequ\u00eda en Brasil amenaza el suministro de soja, caf\u00e9, az\u00facar, ma\u00edz y lo que puede suponer en los precios.<\/li>\n<li>Una Fed, aparentemente, m\u00e1s dura. La TIR de los bonos subiendo.<\/li>\n<li>Bullard, de la Fed de San Luis, prev\u00e9 un PCE (\u00edndice de precios de gasto en consumo personal) subyacente del +2,8% en 2022 frente al estimado por la Fed hace cuatro d\u00edas (22 de septiembre) del +2,3% interanual. El pr\u00f3ximo a\u00f1o entra a formar parte del Comit\u00e9 Federal de Mercado Abierto con derecho a voto y quiere subir los tipos \u00a1ya!<\/li>\n<li>La masiva regulaci\u00f3n en China y su impacto en el PIB nacional y en el crecimiento mundial. A lo que hay que a\u00f1adir la crisis de Evergrande, la amenaza sobre todo el inmobiliario chino y los parones en la producci\u00f3n por cortes en el suministro el\u00e9ctrico.<\/li>\n<li>Hemos visto el pico de este ciclo econ\u00f3mico y, aunque este siga siendo s\u00f3lido, sentimos c\u00f3mo el crecimiento se ralentiza.<\/li>\n<li>Las negociaciones para aprobar un nuevo techo de deuda contin\u00faan. La secretaria del Tesoro, Janet Yellen, mete prisa porque a partir de mediados de mes el Gobierno no podr\u00e1 pagar sus facturas y los republicanos bloquean todos los esfuerzos de un acuerdo bipartidista, porque si los dem\u00f3cratas no los necesitan para aprobar proyectos de ley de gastos, tampoco necesitan su apoyo y sus votos para abordar el l\u00edmite de deuda. Es decir, en el fondo discuten sobre la deuda que acarrear\u00e1 el plan de inversiones de Biden y las subidas de impuestos que puede suponer.<\/li>\n<li>El partido dem\u00f3crata a la gresca entre sus miembros de izquierda y los de centro por los detalles de su proyecto de ley de salud, educaci\u00f3n y clima. Tienen todo el mes de octubre para tratar de ponerse de acuerdo y el mercado, mientras, vi\u00e9ndolas venir.<\/li>\n<li>Estados Unidos planea iniciar nuevas conversaciones comerciales con China, pero mantendr\u00e1 los aranceles sobre las importaciones chinas mientras presiona a Beijing para que cumpla sus compromisos de comprar m\u00e1s bienes y servicios estadounidenses. \u00a1Uf, menudo campo de minas!<\/li>\n<li>Pues si China dice que no a las monedas digitales, la Fed est\u00e1 revisando beneficios y riesgos de emitir una moneda digital estadounidense.<\/li>\n<li>La salud del mercado laboral estadounidense que ser\u00e1 testada el viernes. Les dejamos un gr\u00e1fico con la evoluci\u00f3n de la poblaci\u00f3n activa, que es uno de los datos m\u00e1s vigilados en este momento. \u00bfQuerr\u00e1n los americanos reincorporarse al mercado laboral ahora que han comenzado los colegios y que las ayudas p\u00fablicas van llegando a su fin? \u00bfO seguir\u00e1n muchas empresas teniendo problemas para contratar?<\/li>\n<\/ul>\n<p><a href=\"https:\/\/www.tressis.com\/wp-content\/uploads\/2021\/10\/fuerza-laboral.png\"><img fetchpriority=\"high\" decoding=\"async\" class=\"aligncenter size-full wp-image-37155\" src=\"https:\/\/www.tressis.com\/wp-content\/uploads\/2021\/10\/fuerza-laboral.png\" alt=\"\" width=\"567\" height=\"212\" \/><\/a><\/p>\n<ul>\n<li>Fumio Kishida, nuevo primer ministro de Jap\u00f3n, planea abordar su primera tarea: la reactivaci\u00f3n de la tercera mayor econom\u00eda del mundo, distribuyendo dinero a las personas de ingresos medios y bajos. Adem\u00e1s de un est\u00edmulo econ\u00f3mico valorado en varios cientos de miles de millones de d\u00f3lares y, todo ello, para que la econom\u00eda vuelva a la normalidad. Pero, \u00bfde qu\u00e9 normalidad est\u00e1 hablando?<\/li>\n<li>Los resultados empresariales y el riesgo del alto nivel en sus expectativas. \u00bfY para las gu\u00edas? Incremento de costes y m\u00e1s impuestos para el pr\u00f3ximo a\u00f1o en EE. UU. \u00bfQu\u00e9 puede pasar con los m\u00e1rgenes? Veremos.<\/li>\n<\/ul>\n<p>Todo sali\u00f3 seg\u00fan lo planeado en la reuni\u00f3n de la OPEP+, aunque algunos esperaban un bombeo extraordinario. En noviembre aumentar\u00e1n la producci\u00f3n en 400.000 barriles al d\u00eda, seg\u00fan el acuerdo en vigor firmado en pasado mes de julio, para eliminar, poco a poco, los recortes de 5,8 millones de bpd, que a\u00fan quedan por recuperar, de los 10 millones de bpd aplicados en el peor momento de la pandemia. En diciembre se reunir\u00e1n para valorar este acuerdo.<\/p>\n<p>Ayer se public\u00f3 el \u00edndice Sentix del mes de octubre, que mide la confianza de los inversores en la actividad econ\u00f3mica. El dato (16,9) estuvo por debajo de las estimaciones (18,6) y cay\u00f3 por tercer mes consecutivo desde los 29,8 que marc\u00f3 en el mes de julio. El brote inflacionista se va cobrando v\u00edctimas.<\/p>\n<p><a href=\"https:\/\/www.tressis.com\/wp-content\/uploads\/2021\/10\/sentix-octubre.png\"><img decoding=\"async\" class=\"aligncenter size-full wp-image-37156\" src=\"https:\/\/www.tressis.com\/wp-content\/uploads\/2021\/10\/sentix-octubre.png\" alt=\"\" width=\"567\" height=\"220\" \/><\/a><\/p>\n<p>Feliz jornada.<\/p>\n<p><center><strong>Virginia P\u00e9rez Palomino<\/strong><br \/>\nDirectora de Renta Variable<\/center><\/p>\n","protected":false},"excerpt":{"rendered":"<p>Contin\u00faa la en\u00e9sima rotaci\u00f3n sectorial en este a\u00f1o.<\/p>\n","protected":false},"author":4,"featured_media":45902,"comment_status":"open","ping_status":"closed","sticky":false,"template":"","format":"standard","meta":{"_acf_changed":false,"footnotes":""},"categories":[9721],"tags":[1118,2720,3453,4168,6998,4845],"class_list":["post-45800","post","type-post","status-publish","format-standard","has-post-thumbnail","hentry","category-morning-meeting","tag-china","tag-fed","tag-inflacion","tag-mercado-laboral","tag-moneda-digital","tag-petroleo"],"acf":[],"yoast_head":"<!-- This site is optimized with the Yoast SEO plugin v27.5 - https:\/\/yoast.com\/product\/yoast-seo-wordpress\/ -->\n<title>Bolsas asustadas<\/title>\n<meta name=\"description\" content=\"El mercado solo es capaz de contemplar el lado negativo de las cosas y por su naturaleza puede entrar en modo temor y alarma a toda velocidad.\" \/>\n<meta name=\"robots\" content=\"index, follow, max-snippet:-1, max-image-preview:large, max-video-preview:-1\" \/>\n<link rel=\"canonical\" href=\"https:\/\/www.tressis.com\/ca\/blog\/bolsas-asustadas\/\" \/>\n<meta property=\"og:locale\" content=\"ca_ES\" \/>\n<meta property=\"og:type\" content=\"article\" \/>\n<meta property=\"og:title\" content=\"Bolsas asustadas\" \/>\n<meta property=\"og:description\" content=\"El mercado solo es capaz de contemplar el lado negativo de las cosas y por su naturaleza puede entrar en modo temor y alarma a toda velocidad.\" \/>\n<meta property=\"og:url\" content=\"https:\/\/www.tressis.com\/ca\/blog\/bolsas-asustadas\/\" \/>\n<meta property=\"og:site_name\" content=\"Tressis\" \/>\n<meta property=\"article:publisher\" content=\"https:\/\/www.facebook.com\/Tressis\/\" \/>\n<meta property=\"article:published_time\" content=\"2021-10-05T07:16:05+00:00\" \/>\n<meta property=\"article:modified_time\" content=\"2025-03-11T07:49:30+00:00\" \/>\n<meta property=\"og:image\" content=\"https:\/\/www.tressis.com\/wp-content\/uploads\/2021\/10\/recuperacion-economica-mundial-1.jpg\" \/>\n\t<meta property=\"og:image:width\" content=\"1100\" \/>\n\t<meta property=\"og:image:height\" content=\"487\" \/>\n\t<meta property=\"og:image:type\" content=\"image\/jpeg\" \/>\n<meta name=\"author\" content=\"Lola\" \/>\n<meta name=\"twitter:card\" content=\"summary_large_image\" \/>\n<meta name=\"twitter:creator\" content=\"@TressisSV\" \/>\n<meta name=\"twitter:site\" content=\"@TressisSV\" \/>\n<meta name=\"twitter:label1\" content=\"Escrit per\" \/>\n\t<meta name=\"twitter:data1\" content=\"Lola\" \/>\n\t<meta name=\"twitter:label2\" content=\"Temps estimat de lectura\" \/>\n\t<meta name=\"twitter:data2\" content=\"5 minuts\" \/>\n<script type=\"application\/ld+json\" class=\"yoast-schema-graph\">{\"@context\":\"https:\\\/\\\/schema.org\",\"@graph\":[{\"@type\":\"Article\",\"@id\":\"https:\\\/\\\/www.tressis.com\\\/ca\\\/blog\\\/bolsas-asustadas\\\/#article\",\"isPartOf\":{\"@id\":\"https:\\\/\\\/www.tressis.com\\\/ca\\\/blog\\\/bolsas-asustadas\\\/\"},\"author\":{\"name\":\"Lola\",\"@id\":\"https:\\\/\\\/www.tressis.com\\\/ca\\\/#\\\/schema\\\/person\\\/b833c1d724d8764920b6d6852c70584e\"},\"headline\":\"Bolsas asustadas\",\"datePublished\":\"2021-10-05T07:16:05+00:00\",\"dateModified\":\"2025-03-11T07:49:30+00:00\",\"mainEntityOfPage\":{\"@id\":\"https:\\\/\\\/www.tressis.com\\\/ca\\\/blog\\\/bolsas-asustadas\\\/\"},\"wordCount\":910,\"commentCount\":0,\"publisher\":{\"@id\":\"https:\\\/\\\/www.tressis.com\\\/ca\\\/#organization\"},\"image\":{\"@id\":\"https:\\\/\\\/www.tressis.com\\\/ca\\\/blog\\\/bolsas-asustadas\\\/#primaryimage\"},\"thumbnailUrl\":\"https:\\\/\\\/www.tressis.com\\\/wp-content\\\/uploads\\\/2021\\\/10\\\/recuperacion-economica-mundial-1.jpg\",\"keywords\":[\"china\",\"fed\",\"inflaci\u00f3n\",\"mercado laboral\",\"moneda digital\",\"petr\u00f3leo\"],\"articleSection\":[\"Morning meeting\"],\"inLanguage\":\"ca\",\"potentialAction\":[{\"@type\":\"CommentAction\",\"name\":\"Comment\",\"target\":[\"https:\\\/\\\/www.tressis.com\\\/ca\\\/blog\\\/bolsas-asustadas\\\/#respond\"]}]},{\"@type\":\"WebPage\",\"@id\":\"https:\\\/\\\/www.tressis.com\\\/ca\\\/blog\\\/bolsas-asustadas\\\/\",\"url\":\"https:\\\/\\\/www.tressis.com\\\/ca\\\/blog\\\/bolsas-asustadas\\\/\",\"name\":\"Bolsas asustadas\",\"isPartOf\":{\"@id\":\"https:\\\/\\\/www.tressis.com\\\/ca\\\/#website\"},\"primaryImageOfPage\":{\"@id\":\"https:\\\/\\\/www.tressis.com\\\/ca\\\/blog\\\/bolsas-asustadas\\\/#primaryimage\"},\"image\":{\"@id\":\"https:\\\/\\\/www.tressis.com\\\/ca\\\/blog\\\/bolsas-asustadas\\\/#primaryimage\"},\"thumbnailUrl\":\"https:\\\/\\\/www.tressis.com\\\/wp-content\\\/uploads\\\/2021\\\/10\\\/recuperacion-economica-mundial-1.jpg\",\"datePublished\":\"2021-10-05T07:16:05+00:00\",\"dateModified\":\"2025-03-11T07:49:30+00:00\",\"description\":\"El mercado solo es capaz de contemplar el lado negativo de las cosas y por su naturaleza puede entrar en modo temor y alarma a toda velocidad.\",\"breadcrumb\":{\"@id\":\"https:\\\/\\\/www.tressis.com\\\/ca\\\/blog\\\/bolsas-asustadas\\\/#breadcrumb\"},\"inLanguage\":\"ca\",\"potentialAction\":[{\"@type\":\"ReadAction\",\"target\":[\"https:\\\/\\\/www.tressis.com\\\/ca\\\/blog\\\/bolsas-asustadas\\\/\"]}]},{\"@type\":\"ImageObject\",\"inLanguage\":\"ca\",\"@id\":\"https:\\\/\\\/www.tressis.com\\\/ca\\\/blog\\\/bolsas-asustadas\\\/#primaryimage\",\"url\":\"https:\\\/\\\/www.tressis.com\\\/wp-content\\\/uploads\\\/2021\\\/10\\\/recuperacion-economica-mundial-1.jpg\",\"contentUrl\":\"https:\\\/\\\/www.tressis.com\\\/wp-content\\\/uploads\\\/2021\\\/10\\\/recuperacion-economica-mundial-1.jpg\",\"width\":1100,\"height\":487},{\"@type\":\"BreadcrumbList\",\"@id\":\"https:\\\/\\\/www.tressis.com\\\/ca\\\/blog\\\/bolsas-asustadas\\\/#breadcrumb\",\"itemListElement\":[{\"@type\":\"ListItem\",\"position\":1,\"name\":\"Inicio\",\"item\":\"https:\\\/\\\/www.tressis.com\\\/ca\\\/\"},{\"@type\":\"ListItem\",\"position\":2,\"name\":\"Morning meeting\",\"item\":\"https:\\\/\\\/www.tressis.com\\\/ca\\\/blog\\\/categorias\\\/morning-meeting-ca\\\/\"},{\"@type\":\"ListItem\",\"position\":3,\"name\":\"Bolsas asustadas\"}]},{\"@type\":\"WebSite\",\"@id\":\"https:\\\/\\\/www.tressis.com\\\/ca\\\/#website\",\"url\":\"https:\\\/\\\/www.tressis.com\\\/ca\\\/\",\"name\":\"Tressis banca privada\",\"description\":\"Tressis | Planificaci\u00f3n financiera y gesti\u00f3n de patrimonios\",\"publisher\":{\"@id\":\"https:\\\/\\\/www.tressis.com\\\/ca\\\/#organization\"},\"potentialAction\":[{\"@type\":\"SearchAction\",\"target\":{\"@type\":\"EntryPoint\",\"urlTemplate\":\"https:\\\/\\\/www.tressis.com\\\/ca\\\/?s={search_term_string}\"},\"query-input\":{\"@type\":\"PropertyValueSpecification\",\"valueRequired\":true,\"valueName\":\"search_term_string\"}}],\"inLanguage\":\"ca\"},{\"@type\":\"Organization\",\"@id\":\"https:\\\/\\\/www.tressis.com\\\/ca\\\/#organization\",\"name\":\"Tressis\",\"url\":\"https:\\\/\\\/www.tressis.com\\\/ca\\\/\",\"logo\":{\"@type\":\"ImageObject\",\"inLanguage\":\"ca\",\"@id\":\"https:\\\/\\\/www.tressis.com\\\/ca\\\/#\\\/schema\\\/logo\\\/image\\\/\",\"url\":\"https:\\\/\\\/www.tressis.com\\\/wp-content\\\/uploads\\\/2025\\\/06\\\/logo-tressis-112.png\",\"contentUrl\":\"https:\\\/\\\/www.tressis.com\\\/wp-content\\\/uploads\\\/2025\\\/06\\\/logo-tressis-112.png\",\"width\":112,\"height\":112,\"caption\":\"Tressis\"},\"image\":{\"@id\":\"https:\\\/\\\/www.tressis.com\\\/ca\\\/#\\\/schema\\\/logo\\\/image\\\/\"},\"sameAs\":[\"https:\\\/\\\/www.facebook.com\\\/Tressis\\\/\",\"https:\\\/\\\/x.com\\\/TressisSV\",\"https:\\\/\\\/www.instagram.com\\\/tressissv\\\/?hl=es\",\"https:\\\/\\\/linkedin.com\\\/company\\\/tressis\\\/\",\"https:\\\/\\\/www.youtube.com\\\/user\\\/tressissv\",\"https:\\\/\\\/open.spotify.com\\\/show\\\/3jmTe1Nf0wqMILl7diWV6h?si=d7112519f13c4593&nd=1\"]},{\"@type\":\"Person\",\"@id\":\"https:\\\/\\\/www.tressis.com\\\/ca\\\/#\\\/schema\\\/person\\\/b833c1d724d8764920b6d6852c70584e\",\"name\":\"Lola\",\"image\":{\"@type\":\"ImageObject\",\"inLanguage\":\"ca\",\"@id\":\"https:\\\/\\\/secure.gravatar.com\\\/avatar\\\/05e646486b23ff45df9649110609c7e31b8c4a3e2821caa23d6317f405e0c51d?s=96&d=mm&r=g\",\"url\":\"https:\\\/\\\/secure.gravatar.com\\\/avatar\\\/05e646486b23ff45df9649110609c7e31b8c4a3e2821caa23d6317f405e0c51d?s=96&d=mm&r=g\",\"contentUrl\":\"https:\\\/\\\/secure.gravatar.com\\\/avatar\\\/05e646486b23ff45df9649110609c7e31b8c4a3e2821caa23d6317f405e0c51d?s=96&d=mm&r=g\",\"caption\":\"Lola\"}}]}<\/script>\n<!-- \/ Yoast SEO plugin. -->","yoast_head_json":{"title":"Bolsas asustadas","description":"El mercado solo es capaz de contemplar el lado negativo de las cosas y por su naturaleza puede entrar en modo temor y alarma a toda velocidad.","robots":{"index":"index","follow":"follow","max-snippet":"max-snippet:-1","max-image-preview":"max-image-preview:large","max-video-preview":"max-video-preview:-1"},"canonical":"https:\/\/www.tressis.com\/ca\/blog\/bolsas-asustadas\/","og_locale":"ca_ES","og_type":"article","og_title":"Bolsas asustadas","og_description":"El mercado solo es capaz de contemplar el lado negativo de las cosas y por su naturaleza puede entrar en modo temor y alarma a toda velocidad.","og_url":"https:\/\/www.tressis.com\/ca\/blog\/bolsas-asustadas\/","og_site_name":"Tressis","article_publisher":"https:\/\/www.facebook.com\/Tressis\/","article_published_time":"2021-10-05T07:16:05+00:00","article_modified_time":"2025-03-11T07:49:30+00:00","og_image":[{"width":1100,"height":487,"url":"https:\/\/www.tressis.com\/wp-content\/uploads\/2021\/10\/recuperacion-economica-mundial-1.jpg","type":"image\/jpeg"}],"author":"Lola","twitter_card":"summary_large_image","twitter_creator":"@TressisSV","twitter_site":"@TressisSV","twitter_misc":{"Escrit per":"Lola","Temps estimat de lectura":"5 minuts"},"schema":{"@context":"https:\/\/schema.org","@graph":[{"@type":"Article","@id":"https:\/\/www.tressis.com\/ca\/blog\/bolsas-asustadas\/#article","isPartOf":{"@id":"https:\/\/www.tressis.com\/ca\/blog\/bolsas-asustadas\/"},"author":{"name":"Lola","@id":"https:\/\/www.tressis.com\/ca\/#\/schema\/person\/b833c1d724d8764920b6d6852c70584e"},"headline":"Bolsas asustadas","datePublished":"2021-10-05T07:16:05+00:00","dateModified":"2025-03-11T07:49:30+00:00","mainEntityOfPage":{"@id":"https:\/\/www.tressis.com\/ca\/blog\/bolsas-asustadas\/"},"wordCount":910,"commentCount":0,"publisher":{"@id":"https:\/\/www.tressis.com\/ca\/#organization"},"image":{"@id":"https:\/\/www.tressis.com\/ca\/blog\/bolsas-asustadas\/#primaryimage"},"thumbnailUrl":"https:\/\/www.tressis.com\/wp-content\/uploads\/2021\/10\/recuperacion-economica-mundial-1.jpg","keywords":["china","fed","inflaci\u00f3n","mercado laboral","moneda digital","petr\u00f3leo"],"articleSection":["Morning meeting"],"inLanguage":"ca","potentialAction":[{"@type":"CommentAction","name":"Comment","target":["https:\/\/www.tressis.com\/ca\/blog\/bolsas-asustadas\/#respond"]}]},{"@type":"WebPage","@id":"https:\/\/www.tressis.com\/ca\/blog\/bolsas-asustadas\/","url":"https:\/\/www.tressis.com\/ca\/blog\/bolsas-asustadas\/","name":"Bolsas asustadas","isPartOf":{"@id":"https:\/\/www.tressis.com\/ca\/#website"},"primaryImageOfPage":{"@id":"https:\/\/www.tressis.com\/ca\/blog\/bolsas-asustadas\/#primaryimage"},"image":{"@id":"https:\/\/www.tressis.com\/ca\/blog\/bolsas-asustadas\/#primaryimage"},"thumbnailUrl":"https:\/\/www.tressis.com\/wp-content\/uploads\/2021\/10\/recuperacion-economica-mundial-1.jpg","datePublished":"2021-10-05T07:16:05+00:00","dateModified":"2025-03-11T07:49:30+00:00","description":"El mercado solo es capaz de contemplar el lado negativo de las cosas y por su naturaleza puede entrar en modo temor y alarma a toda velocidad.","breadcrumb":{"@id":"https:\/\/www.tressis.com\/ca\/blog\/bolsas-asustadas\/#breadcrumb"},"inLanguage":"ca","potentialAction":[{"@type":"ReadAction","target":["https:\/\/www.tressis.com\/ca\/blog\/bolsas-asustadas\/"]}]},{"@type":"ImageObject","inLanguage":"ca","@id":"https:\/\/www.tressis.com\/ca\/blog\/bolsas-asustadas\/#primaryimage","url":"https:\/\/www.tressis.com\/wp-content\/uploads\/2021\/10\/recuperacion-economica-mundial-1.jpg","contentUrl":"https:\/\/www.tressis.com\/wp-content\/uploads\/2021\/10\/recuperacion-economica-mundial-1.jpg","width":1100,"height":487},{"@type":"BreadcrumbList","@id":"https:\/\/www.tressis.com\/ca\/blog\/bolsas-asustadas\/#breadcrumb","itemListElement":[{"@type":"ListItem","position":1,"name":"Inicio","item":"https:\/\/www.tressis.com\/ca\/"},{"@type":"ListItem","position":2,"name":"Morning meeting","item":"https:\/\/www.tressis.com\/ca\/blog\/categorias\/morning-meeting-ca\/"},{"@type":"ListItem","position":3,"name":"Bolsas asustadas"}]},{"@type":"WebSite","@id":"https:\/\/www.tressis.com\/ca\/#website","url":"https:\/\/www.tressis.com\/ca\/","name":"Tressis banca privada","description":"Tressis | Planificaci\u00f3n financiera y gesti\u00f3n de patrimonios","publisher":{"@id":"https:\/\/www.tressis.com\/ca\/#organization"},"potentialAction":[{"@type":"SearchAction","target":{"@type":"EntryPoint","urlTemplate":"https:\/\/www.tressis.com\/ca\/?s={search_term_string}"},"query-input":{"@type":"PropertyValueSpecification","valueRequired":true,"valueName":"search_term_string"}}],"inLanguage":"ca"},{"@type":"Organization","@id":"https:\/\/www.tressis.com\/ca\/#organization","name":"Tressis","url":"https:\/\/www.tressis.com\/ca\/","logo":{"@type":"ImageObject","inLanguage":"ca","@id":"https:\/\/www.tressis.com\/ca\/#\/schema\/logo\/image\/","url":"https:\/\/www.tressis.com\/wp-content\/uploads\/2025\/06\/logo-tressis-112.png","contentUrl":"https:\/\/www.tressis.com\/wp-content\/uploads\/2025\/06\/logo-tressis-112.png","width":112,"height":112,"caption":"Tressis"},"image":{"@id":"https:\/\/www.tressis.com\/ca\/#\/schema\/logo\/image\/"},"sameAs":["https:\/\/www.facebook.com\/Tressis\/","https:\/\/x.com\/TressisSV","https:\/\/www.instagram.com\/tressissv\/?hl=es","https:\/\/linkedin.com\/company\/tressis\/","https:\/\/www.youtube.com\/user\/tressissv","https:\/\/open.spotify.com\/show\/3jmTe1Nf0wqMILl7diWV6h?si=d7112519f13c4593&nd=1"]},{"@type":"Person","@id":"https:\/\/www.tressis.com\/ca\/#\/schema\/person\/b833c1d724d8764920b6d6852c70584e","name":"Lola","image":{"@type":"ImageObject","inLanguage":"ca","@id":"https:\/\/secure.gravatar.com\/avatar\/05e646486b23ff45df9649110609c7e31b8c4a3e2821caa23d6317f405e0c51d?s=96&d=mm&r=g","url":"https:\/\/secure.gravatar.com\/avatar\/05e646486b23ff45df9649110609c7e31b8c4a3e2821caa23d6317f405e0c51d?s=96&d=mm&r=g","contentUrl":"https:\/\/secure.gravatar.com\/avatar\/05e646486b23ff45df9649110609c7e31b8c4a3e2821caa23d6317f405e0c51d?s=96&d=mm&r=g","caption":"Lola"}}]}},"_links":{"self":[{"href":"https:\/\/www.tressis.com\/ca\/wp-json\/wp\/v2\/posts\/45800","targetHints":{"allow":["GET"]}}],"collection":[{"href":"https:\/\/www.tressis.com\/ca\/wp-json\/wp\/v2\/posts"}],"about":[{"href":"https:\/\/www.tressis.com\/ca\/wp-json\/wp\/v2\/types\/post"}],"author":[{"embeddable":true,"href":"https:\/\/www.tressis.com\/ca\/wp-json\/wp\/v2\/users\/4"}],"replies":[{"embeddable":true,"href":"https:\/\/www.tressis.com\/ca\/wp-json\/wp\/v2\/comments?post=45800"}],"version-history":[{"count":1,"href":"https:\/\/www.tressis.com\/ca\/wp-json\/wp\/v2\/posts\/45800\/revisions"}],"predecessor-version":[{"id":106254,"href":"https:\/\/www.tressis.com\/ca\/wp-json\/wp\/v2\/posts\/45800\/revisions\/106254"}],"wp:featuredmedia":[{"embeddable":true,"href":"https:\/\/www.tressis.com\/ca\/wp-json\/wp\/v2\/media\/45902"}],"wp:attachment":[{"href":"https:\/\/www.tressis.com\/ca\/wp-json\/wp\/v2\/media?parent=45800"}],"wp:term":[{"taxonomy":"category","embeddable":true,"href":"https:\/\/www.tressis.com\/ca\/wp-json\/wp\/v2\/categories?post=45800"},{"taxonomy":"post_tag","embeddable":true,"href":"https:\/\/www.tressis.com\/ca\/wp-json\/wp\/v2\/tags?post=45800"}],"curies":[{"name":"wp","href":"https:\/\/api.w.org\/{rel}","templated":true}]}}