{"id":37133,"date":"2021-09-30T09:27:18","date_gmt":"2021-09-30T09:27:18","guid":{"rendered":"https:\/\/www.tressis.com\/blog\/?p=37133"},"modified":"2023-05-29T18:50:44","modified_gmt":"2023-05-29T16:50:44","slug":"camara-baja-eeuu-aprueba-suspender-techo-deuda","status":"publish","type":"post","link":"https:\/\/www.tressis.com\/ca\/blog\/camara-baja-eeuu-aprueba-suspender-techo-deuda\/","title":{"rendered":"La C\u00e1mara Baja de EE. UU. aprob\u00f3 esta noche un proyecto de ley para suspender el techo de deuda"},"content":{"rendered":"\t\t<div data-elementor-type=\"wp-post\" data-elementor-id=\"37133\" class=\"elementor elementor-37133\" data-elementor-post-type=\"post\">\n\t\t\t\t\t\t<section class=\"elementor-section elementor-top-section elementor-element elementor-element-548d9eaf elementor-section-boxed elementor-section-height-default elementor-section-height-default\" data-id=\"548d9eaf\" data-element_type=\"section\" data-e-type=\"section\">\n\t\t\t\t\t\t<div class=\"elementor-container elementor-column-gap-default\">\n\t\t\t\t\t<div class=\"elementor-column elementor-col-100 elementor-top-column elementor-element elementor-element-6adb6b7\" data-id=\"6adb6b7\" data-element_type=\"column\" data-e-type=\"column\">\n\t\t\t<div class=\"elementor-widget-wrap elementor-element-populated\">\n\t\t\t\t\t\t<div class=\"elementor-element elementor-element-5a4d3260 elementor-widget elementor-widget-text-editor\" data-id=\"5a4d3260\" data-element_type=\"widget\" data-e-type=\"widget\" data-widget_type=\"text-editor.default\">\n\t\t\t\t<div class=\"elementor-widget-container\">\n\t\t\t\t\t\t\t\t\tLa sesi\u00f3n de ayer volvi\u00f3 a dejarnos un mal sabor de boca.<\/div><\/div><\/div><\/div><\/div><\/section><\/div> <a href=\"https:\/\/www.tressis.com\/ca\/blog\/camara-baja-eeuu-aprueba-suspender-techo-deuda\/#more-37133\" class=\"more-link elementor-more-link\"><span aria-label=\"Continua llegint La C\u00e1mara Baja de EE. UU. aprob\u00f3 esta noche un proyecto de ley para suspender el techo de deuda\">(m\u00e9s&hellip;)<\/span><\/a>","protected":false},"excerpt":{"rendered":"<p>La sesi\u00f3n de ayer volvi\u00f3 a dejarnos un mal sabor de boca.<\/p>\n","protected":false},"author":4,"featured_media":37135,"comment_status":"open","ping_status":"closed","sticky":false,"template":"","format":"standard","meta":{"_acf_changed":false,"footnotes":""},"categories":[9721],"tags":[670,943,4856,4927,6478],"class_list":["post-37133","post","type-post","status-publish","format-standard","has-post-thumbnail","hentry","category-morning-meeting","tag-bolsas-europeas","tag-caixin","tag-pib","tag-pmi","tag-techo-deuda"],"acf":[],"yoast_head":"<!-- This site is optimized with the Yoast SEO plugin v27.5 - https:\/\/yoast.com\/product\/yoast-seo-wordpress\/ -->\n<title>La C\u00e1mara Baja de EE. UU. aprob\u00f3 esta noche un proyecto de ley para suspender el techo de deuda<\/title>\n<meta name=\"description\" content=\"La C\u00e1mara de Representantes de EE. UU. aprob\u00f3 esta noche un proyecto de ley para suspender el techo de deuda y evitar la tan temida suspensi\u00f3n de pagos. Creo que estamos todos de acuerdo en que la duda no era si se iba a aprobar sino cu\u00e1ndo\" \/>\n<meta name=\"robots\" content=\"index, follow, max-snippet:-1, max-image-preview:large, max-video-preview:-1\" \/>\n<link rel=\"canonical\" href=\"https:\/\/www.tressis.com\/ca\/blog\/camara-baja-eeuu-aprueba-suspender-techo-deuda\/\" \/>\n<meta property=\"og:locale\" content=\"ca_ES\" \/>\n<meta property=\"og:type\" content=\"article\" \/>\n<meta property=\"og:title\" content=\"La C\u00e1mara Baja de EE. UU. aprob\u00f3 esta noche un proyecto de ley para suspender el techo de deuda\" \/>\n<meta property=\"og:description\" content=\"La C\u00e1mara de Representantes de EE. UU. aprob\u00f3 esta noche un proyecto de ley para suspender el techo de deuda y evitar la tan temida suspensi\u00f3n de pagos. Creo que estamos todos de acuerdo en que la duda no era si se iba a aprobar sino cu\u00e1ndo\" \/>\n<meta property=\"og:url\" content=\"https:\/\/www.tressis.com\/ca\/blog\/camara-baja-eeuu-aprueba-suspender-techo-deuda\/\" \/>\n<meta property=\"og:site_name\" content=\"Tressis\" \/>\n<meta property=\"article:publisher\" content=\"https:\/\/www.facebook.com\/Tressis\/\" \/>\n<meta property=\"article:published_time\" content=\"2021-09-30T09:27:18+00:00\" \/>\n<meta property=\"article:modified_time\" content=\"2023-05-29T16:50:44+00:00\" \/>\n<meta property=\"og:image\" content=\"https:\/\/www.tressis.com\/wp-content\/uploads\/2021\/09\/Nancy-Pelosi.jpg\" \/>\n\t<meta property=\"og:image:width\" content=\"1100\" \/>\n\t<meta property=\"og:image:height\" content=\"487\" \/>\n\t<meta property=\"og:image:type\" content=\"image\/jpeg\" \/>\n<meta name=\"author\" content=\"Lola\" \/>\n<meta name=\"twitter:card\" content=\"summary_large_image\" \/>\n<meta name=\"twitter:creator\" content=\"@TressisSV\" \/>\n<meta name=\"twitter:site\" content=\"@TressisSV\" \/>\n<meta name=\"twitter:label1\" content=\"Escrit per\" \/>\n\t<meta name=\"twitter:data1\" content=\"Lola\" \/>\n\t<meta name=\"twitter:label2\" content=\"Temps estimat de lectura\" \/>\n\t<meta name=\"twitter:data2\" content=\"3 minuts\" \/>\n<script type=\"application\/ld+json\" class=\"yoast-schema-graph\">{\"@context\":\"https:\\\/\\\/schema.org\",\"@graph\":[{\"@type\":\"Article\",\"@id\":\"https:\\\/\\\/www.tressis.com\\\/ca\\\/blog\\\/camara-baja-eeuu-aprueba-suspender-techo-deuda\\\/#article\",\"isPartOf\":{\"@id\":\"https:\\\/\\\/www.tressis.com\\\/ca\\\/blog\\\/camara-baja-eeuu-aprueba-suspender-techo-deuda\\\/\"},\"author\":{\"name\":\"Lola\",\"@id\":\"https:\\\/\\\/www.tressis.com\\\/ca\\\/#\\\/schema\\\/person\\\/b833c1d724d8764920b6d6852c70584e\"},\"headline\":\"La C\u00e1mara Baja de EE. UU. aprob\u00f3 esta noche un proyecto de ley para suspender el techo de deuda\",\"datePublished\":\"2021-09-30T09:27:18+00:00\",\"dateModified\":\"2023-05-29T16:50:44+00:00\",\"mainEntityOfPage\":{\"@id\":\"https:\\\/\\\/www.tressis.com\\\/ca\\\/blog\\\/camara-baja-eeuu-aprueba-suspender-techo-deuda\\\/\"},\"wordCount\":502,\"commentCount\":0,\"publisher\":{\"@id\":\"https:\\\/\\\/www.tressis.com\\\/ca\\\/#organization\"},\"image\":{\"@id\":\"https:\\\/\\\/www.tressis.com\\\/ca\\\/blog\\\/camara-baja-eeuu-aprueba-suspender-techo-deuda\\\/#primaryimage\"},\"thumbnailUrl\":\"https:\\\/\\\/www.tressis.com\\\/wp-content\\\/uploads\\\/2021\\\/09\\\/Nancy-Pelosi.jpg\",\"keywords\":[\"bolsas europeas\",\"Caixin\",\"PIB\",\"PMI\",\"techo deuda\"],\"articleSection\":[\"Morning meeting\"],\"inLanguage\":\"ca\",\"potentialAction\":[{\"@type\":\"CommentAction\",\"name\":\"Comment\",\"target\":[\"https:\\\/\\\/www.tressis.com\\\/ca\\\/blog\\\/camara-baja-eeuu-aprueba-suspender-techo-deuda\\\/#respond\"]}]},{\"@type\":\"WebPage\",\"@id\":\"https:\\\/\\\/www.tressis.com\\\/ca\\\/blog\\\/camara-baja-eeuu-aprueba-suspender-techo-deuda\\\/\",\"url\":\"https:\\\/\\\/www.tressis.com\\\/ca\\\/blog\\\/camara-baja-eeuu-aprueba-suspender-techo-deuda\\\/\",\"name\":\"La C\u00e1mara Baja de EE. UU. aprob\u00f3 esta noche un proyecto de ley para suspender el techo de deuda\",\"isPartOf\":{\"@id\":\"https:\\\/\\\/www.tressis.com\\\/ca\\\/#website\"},\"primaryImageOfPage\":{\"@id\":\"https:\\\/\\\/www.tressis.com\\\/ca\\\/blog\\\/camara-baja-eeuu-aprueba-suspender-techo-deuda\\\/#primaryimage\"},\"image\":{\"@id\":\"https:\\\/\\\/www.tressis.com\\\/ca\\\/blog\\\/camara-baja-eeuu-aprueba-suspender-techo-deuda\\\/#primaryimage\"},\"thumbnailUrl\":\"https:\\\/\\\/www.tressis.com\\\/wp-content\\\/uploads\\\/2021\\\/09\\\/Nancy-Pelosi.jpg\",\"datePublished\":\"2021-09-30T09:27:18+00:00\",\"dateModified\":\"2023-05-29T16:50:44+00:00\",\"description\":\"La C\u00e1mara de Representantes de EE. UU. aprob\u00f3 esta noche un proyecto de ley para suspender el techo de deuda y evitar la tan temida suspensi\u00f3n de pagos. Creo que estamos todos de acuerdo en que la duda no era si se iba a aprobar sino cu\u00e1ndo\",\"breadcrumb\":{\"@id\":\"https:\\\/\\\/www.tressis.com\\\/ca\\\/blog\\\/camara-baja-eeuu-aprueba-suspender-techo-deuda\\\/#breadcrumb\"},\"inLanguage\":\"ca\",\"potentialAction\":[{\"@type\":\"ReadAction\",\"target\":[\"https:\\\/\\\/www.tressis.com\\\/ca\\\/blog\\\/camara-baja-eeuu-aprueba-suspender-techo-deuda\\\/\"]}]},{\"@type\":\"ImageObject\",\"inLanguage\":\"ca\",\"@id\":\"https:\\\/\\\/www.tressis.com\\\/ca\\\/blog\\\/camara-baja-eeuu-aprueba-suspender-techo-deuda\\\/#primaryimage\",\"url\":\"https:\\\/\\\/www.tressis.com\\\/wp-content\\\/uploads\\\/2021\\\/09\\\/Nancy-Pelosi.jpg\",\"contentUrl\":\"https:\\\/\\\/www.tressis.com\\\/wp-content\\\/uploads\\\/2021\\\/09\\\/Nancy-Pelosi.jpg\",\"width\":1100,\"height\":487},{\"@type\":\"BreadcrumbList\",\"@id\":\"https:\\\/\\\/www.tressis.com\\\/ca\\\/blog\\\/camara-baja-eeuu-aprueba-suspender-techo-deuda\\\/#breadcrumb\",\"itemListElement\":[{\"@type\":\"ListItem\",\"position\":1,\"name\":\"Inicio\",\"item\":\"https:\\\/\\\/www.tressis.com\\\/ca\\\/\"},{\"@type\":\"ListItem\",\"position\":2,\"name\":\"La C\u00e1mara Baja de EE. UU. aprob\u00f3 esta noche un proyecto de ley para suspender el techo de deuda\"}]},{\"@type\":\"WebSite\",\"@id\":\"https:\\\/\\\/www.tressis.com\\\/ca\\\/#website\",\"url\":\"https:\\\/\\\/www.tressis.com\\\/ca\\\/\",\"name\":\"Tressis banca privada\",\"description\":\"Tressis | Planificaci\u00f3n financiera y gesti\u00f3n de patrimonios\",\"publisher\":{\"@id\":\"https:\\\/\\\/www.tressis.com\\\/ca\\\/#organization\"},\"potentialAction\":[{\"@type\":\"SearchAction\",\"target\":{\"@type\":\"EntryPoint\",\"urlTemplate\":\"https:\\\/\\\/www.tressis.com\\\/ca\\\/?s={search_term_string}\"},\"query-input\":{\"@type\":\"PropertyValueSpecification\",\"valueRequired\":true,\"valueName\":\"search_term_string\"}}],\"inLanguage\":\"ca\"},{\"@type\":\"Organization\",\"@id\":\"https:\\\/\\\/www.tressis.com\\\/ca\\\/#organization\",\"name\":\"Tressis\",\"url\":\"https:\\\/\\\/www.tressis.com\\\/ca\\\/\",\"logo\":{\"@type\":\"ImageObject\",\"inLanguage\":\"ca\",\"@id\":\"https:\\\/\\\/www.tressis.com\\\/ca\\\/#\\\/schema\\\/logo\\\/image\\\/\",\"url\":\"https:\\\/\\\/www.tressis.com\\\/wp-content\\\/uploads\\\/2025\\\/06\\\/logo-tressis-112.png\",\"contentUrl\":\"https:\\\/\\\/www.tressis.com\\\/wp-content\\\/uploads\\\/2025\\\/06\\\/logo-tressis-112.png\",\"width\":112,\"height\":112,\"caption\":\"Tressis\"},\"image\":{\"@id\":\"https:\\\/\\\/www.tressis.com\\\/ca\\\/#\\\/schema\\\/logo\\\/image\\\/\"},\"sameAs\":[\"https:\\\/\\\/www.facebook.com\\\/Tressis\\\/\",\"https:\\\/\\\/x.com\\\/TressisSV\",\"https:\\\/\\\/www.instagram.com\\\/tressissv\\\/?hl=es\",\"https:\\\/\\\/linkedin.com\\\/company\\\/tressis\\\/\",\"https:\\\/\\\/www.youtube.com\\\/user\\\/tressissv\",\"https:\\\/\\\/open.spotify.com\\\/show\\\/3jmTe1Nf0wqMILl7diWV6h?si=d7112519f13c4593&nd=1\"]},{\"@type\":\"Person\",\"@id\":\"https:\\\/\\\/www.tressis.com\\\/ca\\\/#\\\/schema\\\/person\\\/b833c1d724d8764920b6d6852c70584e\",\"name\":\"Lola\",\"image\":{\"@type\":\"ImageObject\",\"inLanguage\":\"ca\",\"@id\":\"https:\\\/\\\/secure.gravatar.com\\\/avatar\\\/05e646486b23ff45df9649110609c7e31b8c4a3e2821caa23d6317f405e0c51d?s=96&d=mm&r=g\",\"url\":\"https:\\\/\\\/secure.gravatar.com\\\/avatar\\\/05e646486b23ff45df9649110609c7e31b8c4a3e2821caa23d6317f405e0c51d?s=96&d=mm&r=g\",\"contentUrl\":\"https:\\\/\\\/secure.gravatar.com\\\/avatar\\\/05e646486b23ff45df9649110609c7e31b8c4a3e2821caa23d6317f405e0c51d?s=96&d=mm&r=g\",\"caption\":\"Lola\"}}]}<\/script>\n<!-- \/ Yoast SEO plugin. -->","yoast_head_json":{"title":"La C\u00e1mara Baja de EE. UU. aprob\u00f3 esta noche un proyecto de ley para suspender el techo de deuda","description":"La C\u00e1mara de Representantes de EE. UU. aprob\u00f3 esta noche un proyecto de ley para suspender el techo de deuda y evitar la tan temida suspensi\u00f3n de pagos. Creo que estamos todos de acuerdo en que la duda no era si se iba a aprobar sino cu\u00e1ndo","robots":{"index":"index","follow":"follow","max-snippet":"max-snippet:-1","max-image-preview":"max-image-preview:large","max-video-preview":"max-video-preview:-1"},"canonical":"https:\/\/www.tressis.com\/ca\/blog\/camara-baja-eeuu-aprueba-suspender-techo-deuda\/","og_locale":"ca_ES","og_type":"article","og_title":"La C\u00e1mara Baja de EE. UU. aprob\u00f3 esta noche un proyecto de ley para suspender el techo de deuda","og_description":"La C\u00e1mara de Representantes de EE. UU. aprob\u00f3 esta noche un proyecto de ley para suspender el techo de deuda y evitar la tan temida suspensi\u00f3n de pagos. Creo que estamos todos de acuerdo en que la duda no era si se iba a aprobar sino cu\u00e1ndo","og_url":"https:\/\/www.tressis.com\/ca\/blog\/camara-baja-eeuu-aprueba-suspender-techo-deuda\/","og_site_name":"Tressis","article_publisher":"https:\/\/www.facebook.com\/Tressis\/","article_published_time":"2021-09-30T09:27:18+00:00","article_modified_time":"2023-05-29T16:50:44+00:00","og_image":[{"width":1100,"height":487,"url":"https:\/\/www.tressis.com\/wp-content\/uploads\/2021\/09\/Nancy-Pelosi.jpg","type":"image\/jpeg"}],"author":"Lola","twitter_card":"summary_large_image","twitter_creator":"@TressisSV","twitter_site":"@TressisSV","twitter_misc":{"Escrit per":"Lola","Temps estimat de lectura":"3 minuts"},"schema":{"@context":"https:\/\/schema.org","@graph":[{"@type":"Article","@id":"https:\/\/www.tressis.com\/ca\/blog\/camara-baja-eeuu-aprueba-suspender-techo-deuda\/#article","isPartOf":{"@id":"https:\/\/www.tressis.com\/ca\/blog\/camara-baja-eeuu-aprueba-suspender-techo-deuda\/"},"author":{"name":"Lola","@id":"https:\/\/www.tressis.com\/ca\/#\/schema\/person\/b833c1d724d8764920b6d6852c70584e"},"headline":"La C\u00e1mara Baja de EE. UU. aprob\u00f3 esta noche un proyecto de ley para suspender el techo de deuda","datePublished":"2021-09-30T09:27:18+00:00","dateModified":"2023-05-29T16:50:44+00:00","mainEntityOfPage":{"@id":"https:\/\/www.tressis.com\/ca\/blog\/camara-baja-eeuu-aprueba-suspender-techo-deuda\/"},"wordCount":502,"commentCount":0,"publisher":{"@id":"https:\/\/www.tressis.com\/ca\/#organization"},"image":{"@id":"https:\/\/www.tressis.com\/ca\/blog\/camara-baja-eeuu-aprueba-suspender-techo-deuda\/#primaryimage"},"thumbnailUrl":"https:\/\/www.tressis.com\/wp-content\/uploads\/2021\/09\/Nancy-Pelosi.jpg","keywords":["bolsas europeas","Caixin","PIB","PMI","techo deuda"],"articleSection":["Morning meeting"],"inLanguage":"ca","potentialAction":[{"@type":"CommentAction","name":"Comment","target":["https:\/\/www.tressis.com\/ca\/blog\/camara-baja-eeuu-aprueba-suspender-techo-deuda\/#respond"]}]},{"@type":"WebPage","@id":"https:\/\/www.tressis.com\/ca\/blog\/camara-baja-eeuu-aprueba-suspender-techo-deuda\/","url":"https:\/\/www.tressis.com\/ca\/blog\/camara-baja-eeuu-aprueba-suspender-techo-deuda\/","name":"La C\u00e1mara Baja de EE. UU. aprob\u00f3 esta noche un proyecto de ley para suspender el techo de deuda","isPartOf":{"@id":"https:\/\/www.tressis.com\/ca\/#website"},"primaryImageOfPage":{"@id":"https:\/\/www.tressis.com\/ca\/blog\/camara-baja-eeuu-aprueba-suspender-techo-deuda\/#primaryimage"},"image":{"@id":"https:\/\/www.tressis.com\/ca\/blog\/camara-baja-eeuu-aprueba-suspender-techo-deuda\/#primaryimage"},"thumbnailUrl":"https:\/\/www.tressis.com\/wp-content\/uploads\/2021\/09\/Nancy-Pelosi.jpg","datePublished":"2021-09-30T09:27:18+00:00","dateModified":"2023-05-29T16:50:44+00:00","description":"La C\u00e1mara de Representantes de EE. UU. aprob\u00f3 esta noche un proyecto de ley para suspender el techo de deuda y evitar la tan temida suspensi\u00f3n de pagos. Creo que estamos todos de acuerdo en que la duda no era si se iba a aprobar sino cu\u00e1ndo","breadcrumb":{"@id":"https:\/\/www.tressis.com\/ca\/blog\/camara-baja-eeuu-aprueba-suspender-techo-deuda\/#breadcrumb"},"inLanguage":"ca","potentialAction":[{"@type":"ReadAction","target":["https:\/\/www.tressis.com\/ca\/blog\/camara-baja-eeuu-aprueba-suspender-techo-deuda\/"]}]},{"@type":"ImageObject","inLanguage":"ca","@id":"https:\/\/www.tressis.com\/ca\/blog\/camara-baja-eeuu-aprueba-suspender-techo-deuda\/#primaryimage","url":"https:\/\/www.tressis.com\/wp-content\/uploads\/2021\/09\/Nancy-Pelosi.jpg","contentUrl":"https:\/\/www.tressis.com\/wp-content\/uploads\/2021\/09\/Nancy-Pelosi.jpg","width":1100,"height":487},{"@type":"BreadcrumbList","@id":"https:\/\/www.tressis.com\/ca\/blog\/camara-baja-eeuu-aprueba-suspender-techo-deuda\/#breadcrumb","itemListElement":[{"@type":"ListItem","position":1,"name":"Inicio","item":"https:\/\/www.tressis.com\/ca\/"},{"@type":"ListItem","position":2,"name":"La C\u00e1mara Baja de EE. UU. aprob\u00f3 esta noche un proyecto de ley para suspender el techo de deuda"}]},{"@type":"WebSite","@id":"https:\/\/www.tressis.com\/ca\/#website","url":"https:\/\/www.tressis.com\/ca\/","name":"Tressis banca privada","description":"Tressis | Planificaci\u00f3n financiera y gesti\u00f3n de patrimonios","publisher":{"@id":"https:\/\/www.tressis.com\/ca\/#organization"},"potentialAction":[{"@type":"SearchAction","target":{"@type":"EntryPoint","urlTemplate":"https:\/\/www.tressis.com\/ca\/?s={search_term_string}"},"query-input":{"@type":"PropertyValueSpecification","valueRequired":true,"valueName":"search_term_string"}}],"inLanguage":"ca"},{"@type":"Organization","@id":"https:\/\/www.tressis.com\/ca\/#organization","name":"Tressis","url":"https:\/\/www.tressis.com\/ca\/","logo":{"@type":"ImageObject","inLanguage":"ca","@id":"https:\/\/www.tressis.com\/ca\/#\/schema\/logo\/image\/","url":"https:\/\/www.tressis.com\/wp-content\/uploads\/2025\/06\/logo-tressis-112.png","contentUrl":"https:\/\/www.tressis.com\/wp-content\/uploads\/2025\/06\/logo-tressis-112.png","width":112,"height":112,"caption":"Tressis"},"image":{"@id":"https:\/\/www.tressis.com\/ca\/#\/schema\/logo\/image\/"},"sameAs":["https:\/\/www.facebook.com\/Tressis\/","https:\/\/x.com\/TressisSV","https:\/\/www.instagram.com\/tressissv\/?hl=es","https:\/\/linkedin.com\/company\/tressis\/","https:\/\/www.youtube.com\/user\/tressissv","https:\/\/open.spotify.com\/show\/3jmTe1Nf0wqMILl7diWV6h?si=d7112519f13c4593&nd=1"]},{"@type":"Person","@id":"https:\/\/www.tressis.com\/ca\/#\/schema\/person\/b833c1d724d8764920b6d6852c70584e","name":"Lola","image":{"@type":"ImageObject","inLanguage":"ca","@id":"https:\/\/secure.gravatar.com\/avatar\/05e646486b23ff45df9649110609c7e31b8c4a3e2821caa23d6317f405e0c51d?s=96&d=mm&r=g","url":"https:\/\/secure.gravatar.com\/avatar\/05e646486b23ff45df9649110609c7e31b8c4a3e2821caa23d6317f405e0c51d?s=96&d=mm&r=g","contentUrl":"https:\/\/secure.gravatar.com\/avatar\/05e646486b23ff45df9649110609c7e31b8c4a3e2821caa23d6317f405e0c51d?s=96&d=mm&r=g","caption":"Lola"}}]}},"_links":{"self":[{"href":"https:\/\/www.tressis.com\/ca\/wp-json\/wp\/v2\/posts\/37133","targetHints":{"allow":["GET"]}}],"collection":[{"href":"https:\/\/www.tressis.com\/ca\/wp-json\/wp\/v2\/posts"}],"about":[{"href":"https:\/\/www.tressis.com\/ca\/wp-json\/wp\/v2\/types\/post"}],"author":[{"embeddable":true,"href":"https:\/\/www.tressis.com\/ca\/wp-json\/wp\/v2\/users\/4"}],"replies":[{"embeddable":true,"href":"https:\/\/www.tressis.com\/ca\/wp-json\/wp\/v2\/comments?post=37133"}],"version-history":[{"count":0,"href":"https:\/\/www.tressis.com\/ca\/wp-json\/wp\/v2\/posts\/37133\/revisions"}],"wp:featuredmedia":[{"embeddable":true,"href":"https:\/\/www.tressis.com\/ca\/wp-json\/wp\/v2\/media\/37135"}],"wp:attachment":[{"href":"https:\/\/www.tressis.com\/ca\/wp-json\/wp\/v2\/media?parent=37133"}],"wp:term":[{"taxonomy":"category","embeddable":true,"href":"https:\/\/www.tressis.com\/ca\/wp-json\/wp\/v2\/categories?post=37133"},{"taxonomy":"post_tag","embeddable":true,"href":"https:\/\/www.tressis.com\/ca\/wp-json\/wp\/v2\/tags?post=37133"}],"curies":[{"name":"wp","href":"https:\/\/api.w.org\/{rel}","templated":true}]}}