{"id":37098,"date":"2021-09-24T10:22:23","date_gmt":"2021-09-24T10:22:23","guid":{"rendered":"https:\/\/www.tressis.com\/blog\/?p=37098"},"modified":"2021-11-08T09:01:01","modified_gmt":"2021-11-08T09:01:01","slug":"revision-baja-pib","status":"publish","type":"post","link":"https:\/\/www.tressis.com\/ca\/blog\/revision-baja-pib\/","title":{"rendered":"La revisi\u00f3n a la baja del PIB"},"content":{"rendered":"<p>Evergrande sigue dando mucho que hablar, pero los mercados ya parecen haberle dado la espalda despu\u00e9s de la volatilidad que vivimos a principios de semana.<!--more--> No obstante, seguro que la gran mayor\u00eda de inversores est\u00e1n mirando hacia la inmobiliaria de soslayo pues la historia no ha hecho m\u00e1s que empezar. Si lo que tranquiliz\u00f3 a los mercados fue el compromiso del pago de uno de sus cupones en yuanes, lo que puede volver a ponernos nerviosos son sus obligaciones en d\u00f3lares. La compa\u00f1\u00eda china deber\u00eda haber pagado ayer mismo un cup\u00f3n por valor de 83 millones de d\u00f3lares del que no se sabe nada. No podemos hablar de impago hasta dentro de los treinta d\u00edas de carencia que existen, pero a este se le va a sumar tan pronto como la semana que viene otro de 43 millones. Tendremos que estar muy atentos a c\u00f3mo evoluciona este tema y si la empresa consigue salir de esta. Por ahora el Gobierno chino ya ha ido deslizando que no habr\u00e1 rescate de Evergrande a la vez que se ocupan de establecer los cortafuegos necesarios para que no afecte a la econom\u00eda del pa\u00eds.<\/p>\n<p>En Espa\u00f1a, y aunque esto no interese para nada a los mercados internacionales en los que invertimos mayoritariamente, ayer nos encontr\u00e1bamos con la sorpresa de una importante revisi\u00f3n a la baja en el dato del PIB nacional para el segundo trimestre del a\u00f1o. Desde un crecimiento del 2,8%, el Instituto Nacional de Estad\u00edstica ha publicado que el dato real es de 1,1%. Y no solo eso, sino que tambi\u00e9n ha revisado, mayoritariamente a la baja, todos los datos trimestrales desde el inicio de la pandemia. Como dec\u00eda, esto no importa mucho a unos inversores internacionales cuya \u00fanica conclusi\u00f3n es reafirmarse en que Espa\u00f1a vuelve a quedarse a la cola de la recuperaci\u00f3n en Europa.<\/p>\n<p>No estar\u00e1n muy contentos con nosotros los alemanes, pues nuestra dr\u00e1stica rebaja del PIB afecta en unas d\u00e9cimas al crecimiento comunitario. En cualquier caso, ya no ser\u00e1 Angela Merkel quien est\u00e9 al frente despu\u00e9s de este fin de semana. La pr\u00f3xima edici\u00f3n de este blog que escribamos conocer\u00e1 ya el resultado de unas elecciones que finalmente parecen m\u00e1s ajustadas de lo que en alg\u00fan momento hemos pensado. Aunque Merkel est\u00e9 deseando jubilarse, veremos cu\u00e1nto tiempo tardan los partidos en ponerse de acuerdo. Mientras tanto, la seguiremos teniendo a ella en funciones.<\/p>\n<p>Buen fin de semana.<br \/>\n<center><strong>M\u00aa Salom\u00e9 Bouzas Romero<\/strong><br \/>\nAnalista <\/center><\/p>\n","protected":false},"excerpt":{"rendered":"<p>Evergrande sigue dando mucho que hablar, pero los mercados ya parecen haberle dado la espalda despu\u00e9s de la volatilidad que vivimos a principios de semana.<\/p>\n","protected":false},"author":4,"featured_media":37099,"comment_status":"open","ping_status":"closed","sticky":false,"template":"","format":"standard","meta":{"_acf_changed":false,"footnotes":""},"categories":[9721],"tags":[2248,2581,3443,4856],"class_list":["post-37098","post","type-post","status-publish","format-standard","has-post-thumbnail","hentry","category-morning-meeting","tag-elecciones-alemanas","tag-evergrande","tag-ine","tag-pib"],"acf":[],"yoast_head":"<!-- This site is optimized with the Yoast SEO plugin v27.5 - https:\/\/yoast.com\/product\/yoast-seo-wordpress\/ -->\n<title>La revisi\u00f3n a la baja del PIB<\/title>\n<meta name=\"description\" content=\"En Espa\u00f1a, y aunque esto no interese para nada a los mercados internacionales en los que invertimos mayoritariamente, ayer nos encontr\u00e1bamos con la sorpresa de una importante revisi\u00f3n a la baja en el dato del PIB nacional para el segundo trimestre del a\u00f1o. Desde un crecimiento del 2,8%, el Instituto Nacional de Estad\u00edstica ha publicado que el dato real es de 1,1%. Y no solo eso, sino que tambi\u00e9n ha revisado, mayoritariamente a la baja, todos los datos trimestrales desde el inicio de la pandemia.\" \/>\n<meta name=\"robots\" content=\"index, follow, max-snippet:-1, max-image-preview:large, max-video-preview:-1\" \/>\n<link rel=\"canonical\" href=\"https:\/\/www.tressis.com\/ca\/blog\/revision-baja-pib\/\" \/>\n<meta property=\"og:locale\" content=\"ca_ES\" \/>\n<meta property=\"og:type\" content=\"article\" \/>\n<meta property=\"og:title\" content=\"La revisi\u00f3n a la baja del PIB\" \/>\n<meta property=\"og:description\" content=\"En Espa\u00f1a, y aunque esto no interese para nada a los mercados internacionales en los que invertimos mayoritariamente, ayer nos encontr\u00e1bamos con la sorpresa de una importante revisi\u00f3n a la baja en el dato del PIB nacional para el segundo trimestre del a\u00f1o. Desde un crecimiento del 2,8%, el Instituto Nacional de Estad\u00edstica ha publicado que el dato real es de 1,1%. Y no solo eso, sino que tambi\u00e9n ha revisado, mayoritariamente a la baja, todos los datos trimestrales desde el inicio de la pandemia.\" \/>\n<meta property=\"og:url\" content=\"https:\/\/www.tressis.com\/ca\/blog\/revision-baja-pib\/\" \/>\n<meta property=\"og:site_name\" content=\"Tressis\" \/>\n<meta property=\"article:publisher\" content=\"https:\/\/www.facebook.com\/Tressis\/\" \/>\n<meta property=\"article:published_time\" content=\"2021-09-24T10:22:23+00:00\" \/>\n<meta property=\"article:modified_time\" content=\"2021-11-08T09:01:01+00:00\" \/>\n<meta property=\"og:image\" content=\"https:\/\/www.tressis.com\/wp-content\/uploads\/2021\/09\/revision-pib.jpg\" \/>\n\t<meta property=\"og:image:width\" content=\"1100\" \/>\n\t<meta property=\"og:image:height\" content=\"487\" \/>\n\t<meta property=\"og:image:type\" content=\"image\/jpeg\" \/>\n<meta name=\"author\" content=\"Lola\" \/>\n<meta name=\"twitter:card\" content=\"summary_large_image\" \/>\n<meta name=\"twitter:creator\" content=\"@TressisSV\" \/>\n<meta name=\"twitter:site\" content=\"@TressisSV\" \/>\n<meta name=\"twitter:label1\" content=\"Escrit per\" \/>\n\t<meta name=\"twitter:data1\" content=\"Lola\" \/>\n\t<meta name=\"twitter:label2\" content=\"Temps estimat de lectura\" \/>\n\t<meta name=\"twitter:data2\" content=\"2 minuts\" \/>\n<script type=\"application\/ld+json\" class=\"yoast-schema-graph\">{\"@context\":\"https:\\\/\\\/schema.org\",\"@graph\":[{\"@type\":\"Article\",\"@id\":\"https:\\\/\\\/www.tressis.com\\\/ca\\\/blog\\\/revision-baja-pib\\\/#article\",\"isPartOf\":{\"@id\":\"https:\\\/\\\/www.tressis.com\\\/ca\\\/blog\\\/revision-baja-pib\\\/\"},\"author\":{\"name\":\"Lola\",\"@id\":\"https:\\\/\\\/www.tressis.com\\\/ca\\\/#\\\/schema\\\/person\\\/b833c1d724d8764920b6d6852c70584e\"},\"headline\":\"La revisi\u00f3n a la baja del PIB\",\"datePublished\":\"2021-09-24T10:22:23+00:00\",\"dateModified\":\"2021-11-08T09:01:01+00:00\",\"mainEntityOfPage\":{\"@id\":\"https:\\\/\\\/www.tressis.com\\\/ca\\\/blog\\\/revision-baja-pib\\\/\"},\"wordCount\":441,\"commentCount\":0,\"publisher\":{\"@id\":\"https:\\\/\\\/www.tressis.com\\\/ca\\\/#organization\"},\"image\":{\"@id\":\"https:\\\/\\\/www.tressis.com\\\/ca\\\/blog\\\/revision-baja-pib\\\/#primaryimage\"},\"thumbnailUrl\":\"https:\\\/\\\/www.tressis.com\\\/wp-content\\\/uploads\\\/2021\\\/09\\\/revision-pib.jpg\",\"keywords\":[\"elecciones alemanas\",\"evergrande\",\"INE\",\"PIB\"],\"articleSection\":[\"Morning meeting\"],\"inLanguage\":\"ca\",\"potentialAction\":[{\"@type\":\"CommentAction\",\"name\":\"Comment\",\"target\":[\"https:\\\/\\\/www.tressis.com\\\/ca\\\/blog\\\/revision-baja-pib\\\/#respond\"]}]},{\"@type\":\"WebPage\",\"@id\":\"https:\\\/\\\/www.tressis.com\\\/ca\\\/blog\\\/revision-baja-pib\\\/\",\"url\":\"https:\\\/\\\/www.tressis.com\\\/ca\\\/blog\\\/revision-baja-pib\\\/\",\"name\":\"La revisi\u00f3n a la baja del PIB\",\"isPartOf\":{\"@id\":\"https:\\\/\\\/www.tressis.com\\\/ca\\\/#website\"},\"primaryImageOfPage\":{\"@id\":\"https:\\\/\\\/www.tressis.com\\\/ca\\\/blog\\\/revision-baja-pib\\\/#primaryimage\"},\"image\":{\"@id\":\"https:\\\/\\\/www.tressis.com\\\/ca\\\/blog\\\/revision-baja-pib\\\/#primaryimage\"},\"thumbnailUrl\":\"https:\\\/\\\/www.tressis.com\\\/wp-content\\\/uploads\\\/2021\\\/09\\\/revision-pib.jpg\",\"datePublished\":\"2021-09-24T10:22:23+00:00\",\"dateModified\":\"2021-11-08T09:01:01+00:00\",\"description\":\"En Espa\u00f1a, y aunque esto no interese para nada a los mercados internacionales en los que invertimos mayoritariamente, ayer nos encontr\u00e1bamos con la sorpresa de una importante revisi\u00f3n a la baja en el dato del PIB nacional para el segundo trimestre del a\u00f1o. Desde un crecimiento del 2,8%, el Instituto Nacional de Estad\u00edstica ha publicado que el dato real es de 1,1%. Y no solo eso, sino que tambi\u00e9n ha revisado, mayoritariamente a la baja, todos los datos trimestrales desde el inicio de la pandemia.\",\"breadcrumb\":{\"@id\":\"https:\\\/\\\/www.tressis.com\\\/ca\\\/blog\\\/revision-baja-pib\\\/#breadcrumb\"},\"inLanguage\":\"ca\",\"potentialAction\":[{\"@type\":\"ReadAction\",\"target\":[\"https:\\\/\\\/www.tressis.com\\\/ca\\\/blog\\\/revision-baja-pib\\\/\"]}]},{\"@type\":\"ImageObject\",\"inLanguage\":\"ca\",\"@id\":\"https:\\\/\\\/www.tressis.com\\\/ca\\\/blog\\\/revision-baja-pib\\\/#primaryimage\",\"url\":\"https:\\\/\\\/www.tressis.com\\\/wp-content\\\/uploads\\\/2021\\\/09\\\/revision-pib.jpg\",\"contentUrl\":\"https:\\\/\\\/www.tressis.com\\\/wp-content\\\/uploads\\\/2021\\\/09\\\/revision-pib.jpg\",\"width\":1100,\"height\":487},{\"@type\":\"BreadcrumbList\",\"@id\":\"https:\\\/\\\/www.tressis.com\\\/ca\\\/blog\\\/revision-baja-pib\\\/#breadcrumb\",\"itemListElement\":[{\"@type\":\"ListItem\",\"position\":1,\"name\":\"Inicio\",\"item\":\"https:\\\/\\\/www.tressis.com\\\/ca\\\/\"},{\"@type\":\"ListItem\",\"position\":2,\"name\":\"La revisi\u00f3n a la baja del PIB\"}]},{\"@type\":\"WebSite\",\"@id\":\"https:\\\/\\\/www.tressis.com\\\/ca\\\/#website\",\"url\":\"https:\\\/\\\/www.tressis.com\\\/ca\\\/\",\"name\":\"Tressis banca privada\",\"description\":\"Tressis | Planificaci\u00f3n financiera y gesti\u00f3n de patrimonios\",\"publisher\":{\"@id\":\"https:\\\/\\\/www.tressis.com\\\/ca\\\/#organization\"},\"potentialAction\":[{\"@type\":\"SearchAction\",\"target\":{\"@type\":\"EntryPoint\",\"urlTemplate\":\"https:\\\/\\\/www.tressis.com\\\/ca\\\/?s={search_term_string}\"},\"query-input\":{\"@type\":\"PropertyValueSpecification\",\"valueRequired\":true,\"valueName\":\"search_term_string\"}}],\"inLanguage\":\"ca\"},{\"@type\":\"Organization\",\"@id\":\"https:\\\/\\\/www.tressis.com\\\/ca\\\/#organization\",\"name\":\"Tressis\",\"url\":\"https:\\\/\\\/www.tressis.com\\\/ca\\\/\",\"logo\":{\"@type\":\"ImageObject\",\"inLanguage\":\"ca\",\"@id\":\"https:\\\/\\\/www.tressis.com\\\/ca\\\/#\\\/schema\\\/logo\\\/image\\\/\",\"url\":\"https:\\\/\\\/www.tressis.com\\\/wp-content\\\/uploads\\\/2025\\\/06\\\/logo-tressis-112.png\",\"contentUrl\":\"https:\\\/\\\/www.tressis.com\\\/wp-content\\\/uploads\\\/2025\\\/06\\\/logo-tressis-112.png\",\"width\":112,\"height\":112,\"caption\":\"Tressis\"},\"image\":{\"@id\":\"https:\\\/\\\/www.tressis.com\\\/ca\\\/#\\\/schema\\\/logo\\\/image\\\/\"},\"sameAs\":[\"https:\\\/\\\/www.facebook.com\\\/Tressis\\\/\",\"https:\\\/\\\/x.com\\\/TressisSV\",\"https:\\\/\\\/www.instagram.com\\\/tressissv\\\/?hl=es\",\"https:\\\/\\\/linkedin.com\\\/company\\\/tressis\\\/\",\"https:\\\/\\\/www.youtube.com\\\/user\\\/tressissv\",\"https:\\\/\\\/open.spotify.com\\\/show\\\/3jmTe1Nf0wqMILl7diWV6h?si=d7112519f13c4593&nd=1\"]},{\"@type\":\"Person\",\"@id\":\"https:\\\/\\\/www.tressis.com\\\/ca\\\/#\\\/schema\\\/person\\\/b833c1d724d8764920b6d6852c70584e\",\"name\":\"Lola\",\"image\":{\"@type\":\"ImageObject\",\"inLanguage\":\"ca\",\"@id\":\"https:\\\/\\\/secure.gravatar.com\\\/avatar\\\/05e646486b23ff45df9649110609c7e31b8c4a3e2821caa23d6317f405e0c51d?s=96&d=mm&r=g\",\"url\":\"https:\\\/\\\/secure.gravatar.com\\\/avatar\\\/05e646486b23ff45df9649110609c7e31b8c4a3e2821caa23d6317f405e0c51d?s=96&d=mm&r=g\",\"contentUrl\":\"https:\\\/\\\/secure.gravatar.com\\\/avatar\\\/05e646486b23ff45df9649110609c7e31b8c4a3e2821caa23d6317f405e0c51d?s=96&d=mm&r=g\",\"caption\":\"Lola\"}}]}<\/script>\n<!-- \/ Yoast SEO plugin. -->","yoast_head_json":{"title":"La revisi\u00f3n a la baja del PIB","description":"En Espa\u00f1a, y aunque esto no interese para nada a los mercados internacionales en los que invertimos mayoritariamente, ayer nos encontr\u00e1bamos con la sorpresa de una importante revisi\u00f3n a la baja en el dato del PIB nacional para el segundo trimestre del a\u00f1o. Desde un crecimiento del 2,8%, el Instituto Nacional de Estad\u00edstica ha publicado que el dato real es de 1,1%. Y no solo eso, sino que tambi\u00e9n ha revisado, mayoritariamente a la baja, todos los datos trimestrales desde el inicio de la pandemia.","robots":{"index":"index","follow":"follow","max-snippet":"max-snippet:-1","max-image-preview":"max-image-preview:large","max-video-preview":"max-video-preview:-1"},"canonical":"https:\/\/www.tressis.com\/ca\/blog\/revision-baja-pib\/","og_locale":"ca_ES","og_type":"article","og_title":"La revisi\u00f3n a la baja del PIB","og_description":"En Espa\u00f1a, y aunque esto no interese para nada a los mercados internacionales en los que invertimos mayoritariamente, ayer nos encontr\u00e1bamos con la sorpresa de una importante revisi\u00f3n a la baja en el dato del PIB nacional para el segundo trimestre del a\u00f1o. Desde un crecimiento del 2,8%, el Instituto Nacional de Estad\u00edstica ha publicado que el dato real es de 1,1%. Y no solo eso, sino que tambi\u00e9n ha revisado, mayoritariamente a la baja, todos los datos trimestrales desde el inicio de la pandemia.","og_url":"https:\/\/www.tressis.com\/ca\/blog\/revision-baja-pib\/","og_site_name":"Tressis","article_publisher":"https:\/\/www.facebook.com\/Tressis\/","article_published_time":"2021-09-24T10:22:23+00:00","article_modified_time":"2021-11-08T09:01:01+00:00","og_image":[{"width":1100,"height":487,"url":"https:\/\/www.tressis.com\/wp-content\/uploads\/2021\/09\/revision-pib.jpg","type":"image\/jpeg"}],"author":"Lola","twitter_card":"summary_large_image","twitter_creator":"@TressisSV","twitter_site":"@TressisSV","twitter_misc":{"Escrit per":"Lola","Temps estimat de lectura":"2 minuts"},"schema":{"@context":"https:\/\/schema.org","@graph":[{"@type":"Article","@id":"https:\/\/www.tressis.com\/ca\/blog\/revision-baja-pib\/#article","isPartOf":{"@id":"https:\/\/www.tressis.com\/ca\/blog\/revision-baja-pib\/"},"author":{"name":"Lola","@id":"https:\/\/www.tressis.com\/ca\/#\/schema\/person\/b833c1d724d8764920b6d6852c70584e"},"headline":"La revisi\u00f3n a la baja del PIB","datePublished":"2021-09-24T10:22:23+00:00","dateModified":"2021-11-08T09:01:01+00:00","mainEntityOfPage":{"@id":"https:\/\/www.tressis.com\/ca\/blog\/revision-baja-pib\/"},"wordCount":441,"commentCount":0,"publisher":{"@id":"https:\/\/www.tressis.com\/ca\/#organization"},"image":{"@id":"https:\/\/www.tressis.com\/ca\/blog\/revision-baja-pib\/#primaryimage"},"thumbnailUrl":"https:\/\/www.tressis.com\/wp-content\/uploads\/2021\/09\/revision-pib.jpg","keywords":["elecciones alemanas","evergrande","INE","PIB"],"articleSection":["Morning meeting"],"inLanguage":"ca","potentialAction":[{"@type":"CommentAction","name":"Comment","target":["https:\/\/www.tressis.com\/ca\/blog\/revision-baja-pib\/#respond"]}]},{"@type":"WebPage","@id":"https:\/\/www.tressis.com\/ca\/blog\/revision-baja-pib\/","url":"https:\/\/www.tressis.com\/ca\/blog\/revision-baja-pib\/","name":"La revisi\u00f3n a la baja del PIB","isPartOf":{"@id":"https:\/\/www.tressis.com\/ca\/#website"},"primaryImageOfPage":{"@id":"https:\/\/www.tressis.com\/ca\/blog\/revision-baja-pib\/#primaryimage"},"image":{"@id":"https:\/\/www.tressis.com\/ca\/blog\/revision-baja-pib\/#primaryimage"},"thumbnailUrl":"https:\/\/www.tressis.com\/wp-content\/uploads\/2021\/09\/revision-pib.jpg","datePublished":"2021-09-24T10:22:23+00:00","dateModified":"2021-11-08T09:01:01+00:00","description":"En Espa\u00f1a, y aunque esto no interese para nada a los mercados internacionales en los que invertimos mayoritariamente, ayer nos encontr\u00e1bamos con la sorpresa de una importante revisi\u00f3n a la baja en el dato del PIB nacional para el segundo trimestre del a\u00f1o. Desde un crecimiento del 2,8%, el Instituto Nacional de Estad\u00edstica ha publicado que el dato real es de 1,1%. Y no solo eso, sino que tambi\u00e9n ha revisado, mayoritariamente a la baja, todos los datos trimestrales desde el inicio de la pandemia.","breadcrumb":{"@id":"https:\/\/www.tressis.com\/ca\/blog\/revision-baja-pib\/#breadcrumb"},"inLanguage":"ca","potentialAction":[{"@type":"ReadAction","target":["https:\/\/www.tressis.com\/ca\/blog\/revision-baja-pib\/"]}]},{"@type":"ImageObject","inLanguage":"ca","@id":"https:\/\/www.tressis.com\/ca\/blog\/revision-baja-pib\/#primaryimage","url":"https:\/\/www.tressis.com\/wp-content\/uploads\/2021\/09\/revision-pib.jpg","contentUrl":"https:\/\/www.tressis.com\/wp-content\/uploads\/2021\/09\/revision-pib.jpg","width":1100,"height":487},{"@type":"BreadcrumbList","@id":"https:\/\/www.tressis.com\/ca\/blog\/revision-baja-pib\/#breadcrumb","itemListElement":[{"@type":"ListItem","position":1,"name":"Inicio","item":"https:\/\/www.tressis.com\/ca\/"},{"@type":"ListItem","position":2,"name":"La revisi\u00f3n a la baja del PIB"}]},{"@type":"WebSite","@id":"https:\/\/www.tressis.com\/ca\/#website","url":"https:\/\/www.tressis.com\/ca\/","name":"Tressis banca privada","description":"Tressis | Planificaci\u00f3n financiera y gesti\u00f3n de patrimonios","publisher":{"@id":"https:\/\/www.tressis.com\/ca\/#organization"},"potentialAction":[{"@type":"SearchAction","target":{"@type":"EntryPoint","urlTemplate":"https:\/\/www.tressis.com\/ca\/?s={search_term_string}"},"query-input":{"@type":"PropertyValueSpecification","valueRequired":true,"valueName":"search_term_string"}}],"inLanguage":"ca"},{"@type":"Organization","@id":"https:\/\/www.tressis.com\/ca\/#organization","name":"Tressis","url":"https:\/\/www.tressis.com\/ca\/","logo":{"@type":"ImageObject","inLanguage":"ca","@id":"https:\/\/www.tressis.com\/ca\/#\/schema\/logo\/image\/","url":"https:\/\/www.tressis.com\/wp-content\/uploads\/2025\/06\/logo-tressis-112.png","contentUrl":"https:\/\/www.tressis.com\/wp-content\/uploads\/2025\/06\/logo-tressis-112.png","width":112,"height":112,"caption":"Tressis"},"image":{"@id":"https:\/\/www.tressis.com\/ca\/#\/schema\/logo\/image\/"},"sameAs":["https:\/\/www.facebook.com\/Tressis\/","https:\/\/x.com\/TressisSV","https:\/\/www.instagram.com\/tressissv\/?hl=es","https:\/\/linkedin.com\/company\/tressis\/","https:\/\/www.youtube.com\/user\/tressissv","https:\/\/open.spotify.com\/show\/3jmTe1Nf0wqMILl7diWV6h?si=d7112519f13c4593&nd=1"]},{"@type":"Person","@id":"https:\/\/www.tressis.com\/ca\/#\/schema\/person\/b833c1d724d8764920b6d6852c70584e","name":"Lola","image":{"@type":"ImageObject","inLanguage":"ca","@id":"https:\/\/secure.gravatar.com\/avatar\/05e646486b23ff45df9649110609c7e31b8c4a3e2821caa23d6317f405e0c51d?s=96&d=mm&r=g","url":"https:\/\/secure.gravatar.com\/avatar\/05e646486b23ff45df9649110609c7e31b8c4a3e2821caa23d6317f405e0c51d?s=96&d=mm&r=g","contentUrl":"https:\/\/secure.gravatar.com\/avatar\/05e646486b23ff45df9649110609c7e31b8c4a3e2821caa23d6317f405e0c51d?s=96&d=mm&r=g","caption":"Lola"}}]}},"_links":{"self":[{"href":"https:\/\/www.tressis.com\/ca\/wp-json\/wp\/v2\/posts\/37098","targetHints":{"allow":["GET"]}}],"collection":[{"href":"https:\/\/www.tressis.com\/ca\/wp-json\/wp\/v2\/posts"}],"about":[{"href":"https:\/\/www.tressis.com\/ca\/wp-json\/wp\/v2\/types\/post"}],"author":[{"embeddable":true,"href":"https:\/\/www.tressis.com\/ca\/wp-json\/wp\/v2\/users\/4"}],"replies":[{"embeddable":true,"href":"https:\/\/www.tressis.com\/ca\/wp-json\/wp\/v2\/comments?post=37098"}],"version-history":[{"count":0,"href":"https:\/\/www.tressis.com\/ca\/wp-json\/wp\/v2\/posts\/37098\/revisions"}],"wp:featuredmedia":[{"embeddable":true,"href":"https:\/\/www.tressis.com\/ca\/wp-json\/wp\/v2\/media\/37099"}],"wp:attachment":[{"href":"https:\/\/www.tressis.com\/ca\/wp-json\/wp\/v2\/media?parent=37098"}],"wp:term":[{"taxonomy":"category","embeddable":true,"href":"https:\/\/www.tressis.com\/ca\/wp-json\/wp\/v2\/categories?post=37098"},{"taxonomy":"post_tag","embeddable":true,"href":"https:\/\/www.tressis.com\/ca\/wp-json\/wp\/v2\/tags?post=37098"}],"curies":[{"name":"wp","href":"https:\/\/api.w.org\/{rel}","templated":true}]}}