{"id":37089,"date":"2021-09-23T09:23:00","date_gmt":"2021-09-23T07:23:00","guid":{"rendered":"https:\/\/www.tressis.com\/blog\/?p=37089"},"modified":"2023-05-29T18:50:42","modified_gmt":"2023-05-29T16:50:42","slug":"retirada-estimulos-pronto","status":"publish","type":"post","link":"https:\/\/www.tressis.com\/ca\/blog\/retirada-estimulos-pronto\/","title":{"rendered":"La retirada de est\u00edmulos se iniciar\u00e1 &#8220;pronto&#8221;"},"content":{"rendered":"<p>El miedo en los mercados a otro caso Lehman por Evergrande y el sector inmobiliario chino ha durado lo mismo que el papel higi\u00e9nico en los supermercados durante el confinamiento.<!--more--> &#8220;China Evergrande Group conf\u00eda en que la empresa saldr\u00e1 de su momento m\u00e1s oscuro&#8221;, ha afirmado Hui Ka Yuan \u2014presidente de la promotora\u2014 en una carta dirigida a la plantilla, en la que se compromete a entregar los proyectos inmobiliarios seg\u00fan lo prometido y a cumplir con sus responsabilidades con los compradores de inmuebles, inversores, socios e instituciones financieras. <\/p>\n<p>Por otro lado, ayer tuvimos reuni\u00f3n del Comit\u00e9 Federal de Mercado Abierto de la Reserva Federal (FOMC) y, como viene siendo habitual, poco o nada se sali\u00f3 de lo esperado. La retirada de est\u00edmulos se iniciar\u00e1 &#8220;pronto&#8221; si los objetivos de empleo e inflaci\u00f3n del organismo siguen mejorando. Parece, y reitero parece, que el anuncio oficial podr\u00eda hacerse en la reuni\u00f3n de noviembre y finalizar\u00eda a mediados de 2022. Adem\u00e1s, seg\u00fan el diagrama de puntos que suelen publicar, vimos c\u00f3mo ahora hay m\u00e1s miembros que ven necesaria una primera subida de tipos en 2022. La verdad es que me imagino a Powell tratando de convencer a todos como Henry Fonda en &#8220;12 hombres sin piedad&#8221;.<\/p>\n<p>El S&#038;P 500 rebot\u00f3 hasta el 4.395 y supone haber recuperado un 2% desde los m\u00ednimos del lunes (4.305), cuando el \u00edndice lleg\u00f3 incluso a situarse en sobreventa. Lo m\u00e1s curioso es que a pesar de estar a poco m\u00e1s de un 3% de m\u00e1ximos y que apenas hayamos retrocedido, el sentimiento de los inversores norteamericanos sigue siendo mayoritariamente bajista:<\/p>\n<p><a href=\"https:\/\/www.tressis.com\/wp-content\/uploads\/2021\/09\/sentimiento-americano.png\"><img fetchpriority=\"high\" decoding=\"async\" src=\"https:\/\/www.tressis.com\/wp-content\/uploads\/2021\/09\/sentimiento-americano.png\" alt=\"\" width=\"794\" height=\"439\" class=\"aligncenter size-full wp-image-37090\" srcset=\"https:\/\/www.tressis.com\/wp-content\/uploads\/2021\/09\/sentimiento-americano.png 794w, https:\/\/www.tressis.com\/wp-content\/uploads\/2021\/09\/sentimiento-americano-300x166.png 300w, https:\/\/www.tressis.com\/wp-content\/uploads\/2021\/09\/sentimiento-americano-768x425.png 768w\" sizes=\"(max-width: 794px) 100vw, 794px\" \/><\/a><\/p>\n<p>Teniendo en cuenta que aunque ha mejorado el dato de alcistas respecto a la semana pasada \u2014uno de los datos m\u00e1s d\u00e9biles desde los meses posteriores al estallido de la pandemia\u2014, sigue estando bastante por debajo de la media hist\u00f3rica (38%). Lo hemos comentado en m\u00e1s de una ocasi\u00f3n: si buena parte del mercado se considera bajista, esto suele ser positivo para las bolsas y viceversa.  <\/p>\n<p>Hoy, y ya termino, tendremos una agenda macroecon\u00f3mica bastante apretada, donde conoceremos tanto los datos de actividad a ambos lados del Atl\u00e1ntico como las peticiones de subsidio por desempleo en EE. UU. Dos buenos term\u00f3metros para medir la situaci\u00f3n econ\u00f3mica actual. Aunque parece que hoy tampoco se acabar\u00e1 el mundo.<\/p>\n<p>Feliz jueves.<\/p>\n<p><center><strong>V\u00edctor \u00c1lvarez Sanz<\/strong><br \/>\nAnalista <\/center><\/p>\n","protected":false},"excerpt":{"rendered":"<p>El miedo en los mercados a otro caso Lehman por Evergrande y el sector inmobiliario chino ha durado lo mismo que el papel higi\u00e9nico en los supermercados durante el confinamiento.<\/p>\n","protected":false},"author":4,"featured_media":37091,"comment_status":"open","ping_status":"closed","sticky":false,"template":"","format":"standard","meta":{"_acf_changed":false,"footnotes":""},"categories":[9721],"tags":[2581,2720,2792,5078,5761,6272],"class_list":["post-37089","post","type-post","status-publish","format-standard","has-post-thumbnail","hentry","category-morning-meeting","tag-evergrande","tag-fed","tag-fomc","tag-powell","tag-reserva-federal","tag-sp-500"],"acf":[],"yoast_head":"<!-- This site is optimized with the Yoast SEO plugin v27.5 - https:\/\/yoast.com\/product\/yoast-seo-wordpress\/ -->\n<title>La retirada de est\u00edmulos se iniciar\u00e1 &quot;pronto&quot;<\/title>\n<meta name=\"description\" content=\"El anuncio oficial podr\u00eda hacerse en la reuni\u00f3n de noviembre y finalizar\u00eda a mediados de 2022. Adem\u00e1s, seg\u00fan el diagrama de puntos que suelen publicar, vimos como ahora hay m\u00e1s miembros que ven necesaria una primera subida de tipos en 2022. La verdad es que me imagino a Powell tratando de convencer a todos como Henry Fonda en &quot;12 hombres sin piedad&quot;.\" \/>\n<meta name=\"robots\" content=\"index, follow, max-snippet:-1, max-image-preview:large, max-video-preview:-1\" \/>\n<link rel=\"canonical\" href=\"https:\/\/www.tressis.com\/ca\/blog\/retirada-estimulos-pronto\/\" \/>\n<meta property=\"og:locale\" content=\"ca_ES\" \/>\n<meta property=\"og:type\" content=\"article\" \/>\n<meta property=\"og:title\" content=\"La retirada de est\u00edmulos se iniciar\u00e1 &quot;pronto&quot;\" \/>\n<meta property=\"og:description\" content=\"El anuncio oficial podr\u00eda hacerse en la reuni\u00f3n de noviembre y finalizar\u00eda a mediados de 2022. Adem\u00e1s, seg\u00fan el diagrama de puntos que suelen publicar, vimos como ahora hay m\u00e1s miembros que ven necesaria una primera subida de tipos en 2022. La verdad es que me imagino a Powell tratando de convencer a todos como Henry Fonda en &quot;12 hombres sin piedad&quot;.\" \/>\n<meta property=\"og:url\" content=\"https:\/\/www.tressis.com\/ca\/blog\/retirada-estimulos-pronto\/\" \/>\n<meta property=\"og:site_name\" content=\"Tressis\" \/>\n<meta property=\"article:publisher\" content=\"https:\/\/www.facebook.com\/Tressis\/\" \/>\n<meta property=\"article:published_time\" content=\"2021-09-23T07:23:00+00:00\" \/>\n<meta property=\"article:modified_time\" content=\"2023-05-29T16:50:42+00:00\" \/>\n<meta property=\"og:image\" content=\"https:\/\/www.tressis.com\/wp-content\/uploads\/2021\/09\/reserva-federal.jpg\" \/>\n\t<meta property=\"og:image:width\" content=\"1100\" \/>\n\t<meta property=\"og:image:height\" content=\"487\" \/>\n\t<meta property=\"og:image:type\" content=\"image\/jpeg\" \/>\n<meta name=\"author\" content=\"Lola\" \/>\n<meta name=\"twitter:card\" content=\"summary_large_image\" \/>\n<meta name=\"twitter:creator\" content=\"@TressisSV\" \/>\n<meta name=\"twitter:site\" content=\"@TressisSV\" \/>\n<meta name=\"twitter:label1\" content=\"Escrit per\" \/>\n\t<meta name=\"twitter:data1\" content=\"Lola\" \/>\n\t<meta name=\"twitter:label2\" content=\"Temps estimat de lectura\" \/>\n\t<meta name=\"twitter:data2\" content=\"2 minuts\" \/>\n<script type=\"application\/ld+json\" class=\"yoast-schema-graph\">{\"@context\":\"https:\\\/\\\/schema.org\",\"@graph\":[{\"@type\":\"Article\",\"@id\":\"https:\\\/\\\/www.tressis.com\\\/ca\\\/blog\\\/retirada-estimulos-pronto\\\/#article\",\"isPartOf\":{\"@id\":\"https:\\\/\\\/www.tressis.com\\\/ca\\\/blog\\\/retirada-estimulos-pronto\\\/\"},\"author\":{\"name\":\"Lola\",\"@id\":\"https:\\\/\\\/www.tressis.com\\\/ca\\\/#\\\/schema\\\/person\\\/b833c1d724d8764920b6d6852c70584e\"},\"headline\":\"La retirada de est\u00edmulos se iniciar\u00e1 &#8220;pronto&#8221;\",\"datePublished\":\"2021-09-23T07:23:00+00:00\",\"dateModified\":\"2023-05-29T16:50:42+00:00\",\"mainEntityOfPage\":{\"@id\":\"https:\\\/\\\/www.tressis.com\\\/ca\\\/blog\\\/retirada-estimulos-pronto\\\/\"},\"wordCount\":415,\"commentCount\":0,\"publisher\":{\"@id\":\"https:\\\/\\\/www.tressis.com\\\/ca\\\/#organization\"},\"image\":{\"@id\":\"https:\\\/\\\/www.tressis.com\\\/ca\\\/blog\\\/retirada-estimulos-pronto\\\/#primaryimage\"},\"thumbnailUrl\":\"https:\\\/\\\/www.tressis.com\\\/wp-content\\\/uploads\\\/2021\\\/09\\\/reserva-federal.jpg\",\"keywords\":[\"evergrande\",\"fed\",\"FOMC\",\"Powell\",\"Reserva Federal\",\"SP 500\"],\"articleSection\":[\"Morning meeting\"],\"inLanguage\":\"ca\",\"potentialAction\":[{\"@type\":\"CommentAction\",\"name\":\"Comment\",\"target\":[\"https:\\\/\\\/www.tressis.com\\\/ca\\\/blog\\\/retirada-estimulos-pronto\\\/#respond\"]}]},{\"@type\":\"WebPage\",\"@id\":\"https:\\\/\\\/www.tressis.com\\\/ca\\\/blog\\\/retirada-estimulos-pronto\\\/\",\"url\":\"https:\\\/\\\/www.tressis.com\\\/ca\\\/blog\\\/retirada-estimulos-pronto\\\/\",\"name\":\"La retirada de est\u00edmulos se iniciar\u00e1 \\\"pronto\\\"\",\"isPartOf\":{\"@id\":\"https:\\\/\\\/www.tressis.com\\\/ca\\\/#website\"},\"primaryImageOfPage\":{\"@id\":\"https:\\\/\\\/www.tressis.com\\\/ca\\\/blog\\\/retirada-estimulos-pronto\\\/#primaryimage\"},\"image\":{\"@id\":\"https:\\\/\\\/www.tressis.com\\\/ca\\\/blog\\\/retirada-estimulos-pronto\\\/#primaryimage\"},\"thumbnailUrl\":\"https:\\\/\\\/www.tressis.com\\\/wp-content\\\/uploads\\\/2021\\\/09\\\/reserva-federal.jpg\",\"datePublished\":\"2021-09-23T07:23:00+00:00\",\"dateModified\":\"2023-05-29T16:50:42+00:00\",\"description\":\"El anuncio oficial podr\u00eda hacerse en la reuni\u00f3n de noviembre y finalizar\u00eda a mediados de 2022. Adem\u00e1s, seg\u00fan el diagrama de puntos que suelen publicar, vimos como ahora hay m\u00e1s miembros que ven necesaria una primera subida de tipos en 2022. La verdad es que me imagino a Powell tratando de convencer a todos como Henry Fonda en \\\"12 hombres sin piedad\\\".\",\"breadcrumb\":{\"@id\":\"https:\\\/\\\/www.tressis.com\\\/ca\\\/blog\\\/retirada-estimulos-pronto\\\/#breadcrumb\"},\"inLanguage\":\"ca\",\"potentialAction\":[{\"@type\":\"ReadAction\",\"target\":[\"https:\\\/\\\/www.tressis.com\\\/ca\\\/blog\\\/retirada-estimulos-pronto\\\/\"]}]},{\"@type\":\"ImageObject\",\"inLanguage\":\"ca\",\"@id\":\"https:\\\/\\\/www.tressis.com\\\/ca\\\/blog\\\/retirada-estimulos-pronto\\\/#primaryimage\",\"url\":\"https:\\\/\\\/www.tressis.com\\\/wp-content\\\/uploads\\\/2021\\\/09\\\/reserva-federal.jpg\",\"contentUrl\":\"https:\\\/\\\/www.tressis.com\\\/wp-content\\\/uploads\\\/2021\\\/09\\\/reserva-federal.jpg\",\"width\":1100,\"height\":487},{\"@type\":\"BreadcrumbList\",\"@id\":\"https:\\\/\\\/www.tressis.com\\\/ca\\\/blog\\\/retirada-estimulos-pronto\\\/#breadcrumb\",\"itemListElement\":[{\"@type\":\"ListItem\",\"position\":1,\"name\":\"Inicio\",\"item\":\"https:\\\/\\\/www.tressis.com\\\/ca\\\/\"},{\"@type\":\"ListItem\",\"position\":2,\"name\":\"La retirada de est\u00edmulos se iniciar\u00e1 \u00abpronto\u00bb\"}]},{\"@type\":\"WebSite\",\"@id\":\"https:\\\/\\\/www.tressis.com\\\/ca\\\/#website\",\"url\":\"https:\\\/\\\/www.tressis.com\\\/ca\\\/\",\"name\":\"Tressis banca privada\",\"description\":\"Tressis | Planificaci\u00f3n financiera y gesti\u00f3n de patrimonios\",\"publisher\":{\"@id\":\"https:\\\/\\\/www.tressis.com\\\/ca\\\/#organization\"},\"potentialAction\":[{\"@type\":\"SearchAction\",\"target\":{\"@type\":\"EntryPoint\",\"urlTemplate\":\"https:\\\/\\\/www.tressis.com\\\/ca\\\/?s={search_term_string}\"},\"query-input\":{\"@type\":\"PropertyValueSpecification\",\"valueRequired\":true,\"valueName\":\"search_term_string\"}}],\"inLanguage\":\"ca\"},{\"@type\":\"Organization\",\"@id\":\"https:\\\/\\\/www.tressis.com\\\/ca\\\/#organization\",\"name\":\"Tressis\",\"url\":\"https:\\\/\\\/www.tressis.com\\\/ca\\\/\",\"logo\":{\"@type\":\"ImageObject\",\"inLanguage\":\"ca\",\"@id\":\"https:\\\/\\\/www.tressis.com\\\/ca\\\/#\\\/schema\\\/logo\\\/image\\\/\",\"url\":\"https:\\\/\\\/www.tressis.com\\\/wp-content\\\/uploads\\\/2025\\\/06\\\/logo-tressis-112.png\",\"contentUrl\":\"https:\\\/\\\/www.tressis.com\\\/wp-content\\\/uploads\\\/2025\\\/06\\\/logo-tressis-112.png\",\"width\":112,\"height\":112,\"caption\":\"Tressis\"},\"image\":{\"@id\":\"https:\\\/\\\/www.tressis.com\\\/ca\\\/#\\\/schema\\\/logo\\\/image\\\/\"},\"sameAs\":[\"https:\\\/\\\/www.facebook.com\\\/Tressis\\\/\",\"https:\\\/\\\/x.com\\\/TressisSV\",\"https:\\\/\\\/www.instagram.com\\\/tressissv\\\/?hl=es\",\"https:\\\/\\\/linkedin.com\\\/company\\\/tressis\\\/\",\"https:\\\/\\\/www.youtube.com\\\/user\\\/tressissv\",\"https:\\\/\\\/open.spotify.com\\\/show\\\/3jmTe1Nf0wqMILl7diWV6h?si=d7112519f13c4593&nd=1\"]},{\"@type\":\"Person\",\"@id\":\"https:\\\/\\\/www.tressis.com\\\/ca\\\/#\\\/schema\\\/person\\\/b833c1d724d8764920b6d6852c70584e\",\"name\":\"Lola\",\"image\":{\"@type\":\"ImageObject\",\"inLanguage\":\"ca\",\"@id\":\"https:\\\/\\\/secure.gravatar.com\\\/avatar\\\/05e646486b23ff45df9649110609c7e31b8c4a3e2821caa23d6317f405e0c51d?s=96&d=mm&r=g\",\"url\":\"https:\\\/\\\/secure.gravatar.com\\\/avatar\\\/05e646486b23ff45df9649110609c7e31b8c4a3e2821caa23d6317f405e0c51d?s=96&d=mm&r=g\",\"contentUrl\":\"https:\\\/\\\/secure.gravatar.com\\\/avatar\\\/05e646486b23ff45df9649110609c7e31b8c4a3e2821caa23d6317f405e0c51d?s=96&d=mm&r=g\",\"caption\":\"Lola\"}}]}<\/script>\n<!-- \/ Yoast SEO plugin. -->","yoast_head_json":{"title":"La retirada de est\u00edmulos se iniciar\u00e1 \"pronto\"","description":"El anuncio oficial podr\u00eda hacerse en la reuni\u00f3n de noviembre y finalizar\u00eda a mediados de 2022. Adem\u00e1s, seg\u00fan el diagrama de puntos que suelen publicar, vimos como ahora hay m\u00e1s miembros que ven necesaria una primera subida de tipos en 2022. La verdad es que me imagino a Powell tratando de convencer a todos como Henry Fonda en \"12 hombres sin piedad\".","robots":{"index":"index","follow":"follow","max-snippet":"max-snippet:-1","max-image-preview":"max-image-preview:large","max-video-preview":"max-video-preview:-1"},"canonical":"https:\/\/www.tressis.com\/ca\/blog\/retirada-estimulos-pronto\/","og_locale":"ca_ES","og_type":"article","og_title":"La retirada de est\u00edmulos se iniciar\u00e1 \"pronto\"","og_description":"El anuncio oficial podr\u00eda hacerse en la reuni\u00f3n de noviembre y finalizar\u00eda a mediados de 2022. Adem\u00e1s, seg\u00fan el diagrama de puntos que suelen publicar, vimos como ahora hay m\u00e1s miembros que ven necesaria una primera subida de tipos en 2022. La verdad es que me imagino a Powell tratando de convencer a todos como Henry Fonda en \"12 hombres sin piedad\".","og_url":"https:\/\/www.tressis.com\/ca\/blog\/retirada-estimulos-pronto\/","og_site_name":"Tressis","article_publisher":"https:\/\/www.facebook.com\/Tressis\/","article_published_time":"2021-09-23T07:23:00+00:00","article_modified_time":"2023-05-29T16:50:42+00:00","og_image":[{"width":1100,"height":487,"url":"https:\/\/www.tressis.com\/wp-content\/uploads\/2021\/09\/reserva-federal.jpg","type":"image\/jpeg"}],"author":"Lola","twitter_card":"summary_large_image","twitter_creator":"@TressisSV","twitter_site":"@TressisSV","twitter_misc":{"Escrit per":"Lola","Temps estimat de lectura":"2 minuts"},"schema":{"@context":"https:\/\/schema.org","@graph":[{"@type":"Article","@id":"https:\/\/www.tressis.com\/ca\/blog\/retirada-estimulos-pronto\/#article","isPartOf":{"@id":"https:\/\/www.tressis.com\/ca\/blog\/retirada-estimulos-pronto\/"},"author":{"name":"Lola","@id":"https:\/\/www.tressis.com\/ca\/#\/schema\/person\/b833c1d724d8764920b6d6852c70584e"},"headline":"La retirada de est\u00edmulos se iniciar\u00e1 &#8220;pronto&#8221;","datePublished":"2021-09-23T07:23:00+00:00","dateModified":"2023-05-29T16:50:42+00:00","mainEntityOfPage":{"@id":"https:\/\/www.tressis.com\/ca\/blog\/retirada-estimulos-pronto\/"},"wordCount":415,"commentCount":0,"publisher":{"@id":"https:\/\/www.tressis.com\/ca\/#organization"},"image":{"@id":"https:\/\/www.tressis.com\/ca\/blog\/retirada-estimulos-pronto\/#primaryimage"},"thumbnailUrl":"https:\/\/www.tressis.com\/wp-content\/uploads\/2021\/09\/reserva-federal.jpg","keywords":["evergrande","fed","FOMC","Powell","Reserva Federal","SP 500"],"articleSection":["Morning meeting"],"inLanguage":"ca","potentialAction":[{"@type":"CommentAction","name":"Comment","target":["https:\/\/www.tressis.com\/ca\/blog\/retirada-estimulos-pronto\/#respond"]}]},{"@type":"WebPage","@id":"https:\/\/www.tressis.com\/ca\/blog\/retirada-estimulos-pronto\/","url":"https:\/\/www.tressis.com\/ca\/blog\/retirada-estimulos-pronto\/","name":"La retirada de est\u00edmulos se iniciar\u00e1 \"pronto\"","isPartOf":{"@id":"https:\/\/www.tressis.com\/ca\/#website"},"primaryImageOfPage":{"@id":"https:\/\/www.tressis.com\/ca\/blog\/retirada-estimulos-pronto\/#primaryimage"},"image":{"@id":"https:\/\/www.tressis.com\/ca\/blog\/retirada-estimulos-pronto\/#primaryimage"},"thumbnailUrl":"https:\/\/www.tressis.com\/wp-content\/uploads\/2021\/09\/reserva-federal.jpg","datePublished":"2021-09-23T07:23:00+00:00","dateModified":"2023-05-29T16:50:42+00:00","description":"El anuncio oficial podr\u00eda hacerse en la reuni\u00f3n de noviembre y finalizar\u00eda a mediados de 2022. Adem\u00e1s, seg\u00fan el diagrama de puntos que suelen publicar, vimos como ahora hay m\u00e1s miembros que ven necesaria una primera subida de tipos en 2022. La verdad es que me imagino a Powell tratando de convencer a todos como Henry Fonda en \"12 hombres sin piedad\".","breadcrumb":{"@id":"https:\/\/www.tressis.com\/ca\/blog\/retirada-estimulos-pronto\/#breadcrumb"},"inLanguage":"ca","potentialAction":[{"@type":"ReadAction","target":["https:\/\/www.tressis.com\/ca\/blog\/retirada-estimulos-pronto\/"]}]},{"@type":"ImageObject","inLanguage":"ca","@id":"https:\/\/www.tressis.com\/ca\/blog\/retirada-estimulos-pronto\/#primaryimage","url":"https:\/\/www.tressis.com\/wp-content\/uploads\/2021\/09\/reserva-federal.jpg","contentUrl":"https:\/\/www.tressis.com\/wp-content\/uploads\/2021\/09\/reserva-federal.jpg","width":1100,"height":487},{"@type":"BreadcrumbList","@id":"https:\/\/www.tressis.com\/ca\/blog\/retirada-estimulos-pronto\/#breadcrumb","itemListElement":[{"@type":"ListItem","position":1,"name":"Inicio","item":"https:\/\/www.tressis.com\/ca\/"},{"@type":"ListItem","position":2,"name":"La retirada de est\u00edmulos se iniciar\u00e1 \u00abpronto\u00bb"}]},{"@type":"WebSite","@id":"https:\/\/www.tressis.com\/ca\/#website","url":"https:\/\/www.tressis.com\/ca\/","name":"Tressis banca privada","description":"Tressis | Planificaci\u00f3n financiera y gesti\u00f3n de patrimonios","publisher":{"@id":"https:\/\/www.tressis.com\/ca\/#organization"},"potentialAction":[{"@type":"SearchAction","target":{"@type":"EntryPoint","urlTemplate":"https:\/\/www.tressis.com\/ca\/?s={search_term_string}"},"query-input":{"@type":"PropertyValueSpecification","valueRequired":true,"valueName":"search_term_string"}}],"inLanguage":"ca"},{"@type":"Organization","@id":"https:\/\/www.tressis.com\/ca\/#organization","name":"Tressis","url":"https:\/\/www.tressis.com\/ca\/","logo":{"@type":"ImageObject","inLanguage":"ca","@id":"https:\/\/www.tressis.com\/ca\/#\/schema\/logo\/image\/","url":"https:\/\/www.tressis.com\/wp-content\/uploads\/2025\/06\/logo-tressis-112.png","contentUrl":"https:\/\/www.tressis.com\/wp-content\/uploads\/2025\/06\/logo-tressis-112.png","width":112,"height":112,"caption":"Tressis"},"image":{"@id":"https:\/\/www.tressis.com\/ca\/#\/schema\/logo\/image\/"},"sameAs":["https:\/\/www.facebook.com\/Tressis\/","https:\/\/x.com\/TressisSV","https:\/\/www.instagram.com\/tressissv\/?hl=es","https:\/\/linkedin.com\/company\/tressis\/","https:\/\/www.youtube.com\/user\/tressissv","https:\/\/open.spotify.com\/show\/3jmTe1Nf0wqMILl7diWV6h?si=d7112519f13c4593&nd=1"]},{"@type":"Person","@id":"https:\/\/www.tressis.com\/ca\/#\/schema\/person\/b833c1d724d8764920b6d6852c70584e","name":"Lola","image":{"@type":"ImageObject","inLanguage":"ca","@id":"https:\/\/secure.gravatar.com\/avatar\/05e646486b23ff45df9649110609c7e31b8c4a3e2821caa23d6317f405e0c51d?s=96&d=mm&r=g","url":"https:\/\/secure.gravatar.com\/avatar\/05e646486b23ff45df9649110609c7e31b8c4a3e2821caa23d6317f405e0c51d?s=96&d=mm&r=g","contentUrl":"https:\/\/secure.gravatar.com\/avatar\/05e646486b23ff45df9649110609c7e31b8c4a3e2821caa23d6317f405e0c51d?s=96&d=mm&r=g","caption":"Lola"}}]}},"_links":{"self":[{"href":"https:\/\/www.tressis.com\/ca\/wp-json\/wp\/v2\/posts\/37089","targetHints":{"allow":["GET"]}}],"collection":[{"href":"https:\/\/www.tressis.com\/ca\/wp-json\/wp\/v2\/posts"}],"about":[{"href":"https:\/\/www.tressis.com\/ca\/wp-json\/wp\/v2\/types\/post"}],"author":[{"embeddable":true,"href":"https:\/\/www.tressis.com\/ca\/wp-json\/wp\/v2\/users\/4"}],"replies":[{"embeddable":true,"href":"https:\/\/www.tressis.com\/ca\/wp-json\/wp\/v2\/comments?post=37089"}],"version-history":[{"count":0,"href":"https:\/\/www.tressis.com\/ca\/wp-json\/wp\/v2\/posts\/37089\/revisions"}],"wp:featuredmedia":[{"embeddable":true,"href":"https:\/\/www.tressis.com\/ca\/wp-json\/wp\/v2\/media\/37091"}],"wp:attachment":[{"href":"https:\/\/www.tressis.com\/ca\/wp-json\/wp\/v2\/media?parent=37089"}],"wp:term":[{"taxonomy":"category","embeddable":true,"href":"https:\/\/www.tressis.com\/ca\/wp-json\/wp\/v2\/categories?post=37089"},{"taxonomy":"post_tag","embeddable":true,"href":"https:\/\/www.tressis.com\/ca\/wp-json\/wp\/v2\/tags?post=37089"}],"curies":[{"name":"wp","href":"https:\/\/api.w.org\/{rel}","templated":true}]}}