{"id":37060,"date":"2021-09-20T10:08:14","date_gmt":"2021-09-20T08:08:14","guid":{"rendered":"https:\/\/www.tressis.com\/blog\/?p=37060"},"modified":"2021-09-20T10:08:14","modified_gmt":"2021-09-20T08:08:14","slug":"cambio-color-gobierno-aleman","status":"publish","type":"post","link":"https:\/\/www.tressis.com\/ca\/blog\/cambio-color-gobierno-aleman\/","title":{"rendered":"\u00bfHabr\u00e1 un cambio de color en el gobierno alem\u00e1n?"},"content":{"rendered":"<p>Tenemos por delante unos d\u00edas con importantes temas por resolverse, siendo los m\u00e1s relevantes tanto la reuni\u00f3n mensual de la Reserva Federal como las elecciones alemanas que se celebrar\u00e1n el domingo.<!--more--> En realidad, nadie habr\u00eda pensado que el Banco Central Europeo se iba a adelantar en tomar medidas con cierto corte restrictivo a su hom\u00f3logo americano. Pero no solo eso, sino que, si termina sucediendo lo que espera el consenso, en esta reuni\u00f3n &#8220;solamente&#8221; tendremos un ligero cambio de discurso que prepare a los mercados para la efectiva toma de decisi\u00f3n que se retrasar\u00eda al siguiente encuentro del mes de noviembre o incluso a principios de 2022. Datos menos halag\u00fce\u00f1os de lo esperado como las ventas minoristas conocidas la semana pasada, las \u00faltimas publicaciones de mercado laboral o la propia inflaci\u00f3n parecen estar obligando a la Fed a no ser tan agresiva como en un principio se preve\u00eda.<\/p>\n<p>Con respecto al otro gran foco, \u00bfhabr\u00e1 un cambio de color en el gobierno alem\u00e1n? La respuesta, seg\u00fan las encuestas, ser\u00e1 s\u00ed. As\u00ed, una coalici\u00f3n formada por los socialistas, los verdes y los liberales sumar\u00eda una mayor\u00eda suficiente para gobernar, recogiendo el testigo de Angela Merkel, la cual seguir\u00e1 en funciones al frente del Ejecutivo hasta que se terminen las negociaciones entre los partidos pol\u00edticos.<\/p>\n<p>Pero el calendario electoral no se reduce a Alemania, pues hoy mismo est\u00e1n llamados a las urnas los canadienses: Justin Trudeau se juega su sill\u00f3n en unas elecciones adelantadas dos a\u00f1os sobre la fecha prevista. El actual primer ministro convocaba nuevos comicios tratando de capitalizar la buena aceptaci\u00f3n que sus pol\u00edticas han tenido durante la crisis generada por la pandemia, pero la posibilidad de que alcance una mayor\u00eda absoluta parece ser exigua, y las encuestas reflejan un empate entre su partido liberal y el conservador.<\/p>\n<p>Tras cerrar una semana negativa para los activos de riesgo la gran pregunta es si los mercados ser\u00e1n capaces de sobreponerse a todos los eventos ya expuestos y a los que arrastramos, con un ojo en la viabilidad de Evergrande como el gran potencial perturbador, y el otro en la actividad negociadora que se est\u00e1 llevando a cabo en el Congreso americano.<\/p>\n<p>Finalmente, cabe destacar que hoy mismo se har\u00e1 efectiva la entrada tanto de BBVA como de Stellantis en el Eurostoxx 50 en lugar de Amadeus y Engie. Por si fueran pocos, ya tenemos otro banco y otra automovil\u00edstica para la lista.<\/p>\n<p>Buena semana.<\/p>\n<p><center><strong>M\u00aa Salom\u00e9 Bouzas Romero<\/strong><br \/>\nAnalista<\/center><\/p>\n","protected":false},"excerpt":{"rendered":"<p>Tenemos por delante unos d\u00edas con importantes temas por resolverse, siendo los m\u00e1s relevantes tanto la reuni\u00f3n mensual de la Reserva Federal como las elecciones alemanas que se celebrar\u00e1n el domingo.<\/p>\n","protected":false},"author":4,"featured_media":37062,"comment_status":"open","ping_status":"closed","sticky":false,"template":"","format":"standard","meta":{"_acf_changed":false,"footnotes":""},"categories":[9721],"tags":[483,559,2248,2575,2720],"class_list":["post-37060","post","type-post","status-publish","format-standard","has-post-thumbnail","hentry","category-morning-meeting","tag-banco-central-europeo","tag-bce","tag-elecciones-alemanas","tag-eurostoxx-50","tag-fed"],"acf":[],"yoast_head":"<!-- This site is optimized with the Yoast SEO plugin v27.5 - https:\/\/yoast.com\/product\/yoast-seo-wordpress\/ -->\n<title>\u00bfHabr\u00e1 un cambio de color en el gobierno alem\u00e1n?<\/title>\n<meta name=\"description\" content=\"La respuesta, seg\u00fan las encuestas, ser\u00e1 s\u00ed. As\u00ed, una coalici\u00f3n formada por los socialistas, los verdes y los liberales sumar\u00eda una mayor\u00eda suficiente para gobernar\" \/>\n<meta name=\"robots\" content=\"index, follow, max-snippet:-1, max-image-preview:large, max-video-preview:-1\" \/>\n<link rel=\"canonical\" href=\"https:\/\/www.tressis.com\/ca\/blog\/cambio-color-gobierno-aleman\/\" \/>\n<meta property=\"og:locale\" content=\"ca_ES\" \/>\n<meta property=\"og:type\" content=\"article\" \/>\n<meta property=\"og:title\" content=\"\u00bfHabr\u00e1 un cambio de color en el gobierno alem\u00e1n?\" \/>\n<meta property=\"og:description\" content=\"La respuesta, seg\u00fan las encuestas, ser\u00e1 s\u00ed. As\u00ed, una coalici\u00f3n formada por los socialistas, los verdes y los liberales sumar\u00eda una mayor\u00eda suficiente para gobernar\" \/>\n<meta property=\"og:url\" content=\"https:\/\/www.tressis.com\/ca\/blog\/cambio-color-gobierno-aleman\/\" \/>\n<meta property=\"og:site_name\" content=\"Tressis\" \/>\n<meta property=\"article:publisher\" content=\"https:\/\/www.facebook.com\/Tressis\/\" \/>\n<meta property=\"article:published_time\" content=\"2021-09-20T08:08:14+00:00\" \/>\n<meta property=\"og:image\" content=\"https:\/\/www.tressis.com\/wp-content\/uploads\/2021\/09\/elecciones-alemanas.jpg\" \/>\n\t<meta property=\"og:image:width\" content=\"1100\" \/>\n\t<meta property=\"og:image:height\" content=\"487\" \/>\n\t<meta property=\"og:image:type\" content=\"image\/jpeg\" \/>\n<meta name=\"author\" content=\"Lola\" \/>\n<meta name=\"twitter:card\" content=\"summary_large_image\" \/>\n<meta name=\"twitter:creator\" content=\"@TressisSV\" \/>\n<meta name=\"twitter:site\" content=\"@TressisSV\" \/>\n<meta name=\"twitter:label1\" content=\"Escrit per\" \/>\n\t<meta name=\"twitter:data1\" content=\"Lola\" \/>\n\t<meta name=\"twitter:label2\" content=\"Temps estimat de lectura\" \/>\n\t<meta name=\"twitter:data2\" content=\"2 minuts\" \/>\n<script type=\"application\/ld+json\" class=\"yoast-schema-graph\">{\"@context\":\"https:\\\/\\\/schema.org\",\"@graph\":[{\"@type\":\"Article\",\"@id\":\"https:\\\/\\\/www.tressis.com\\\/ca\\\/blog\\\/cambio-color-gobierno-aleman\\\/#article\",\"isPartOf\":{\"@id\":\"https:\\\/\\\/www.tressis.com\\\/ca\\\/blog\\\/cambio-color-gobierno-aleman\\\/\"},\"author\":{\"name\":\"Lola\",\"@id\":\"https:\\\/\\\/www.tressis.com\\\/ca\\\/#\\\/schema\\\/person\\\/b833c1d724d8764920b6d6852c70584e\"},\"headline\":\"\u00bfHabr\u00e1 un cambio de color en el gobierno alem\u00e1n?\",\"datePublished\":\"2021-09-20T08:08:14+00:00\",\"mainEntityOfPage\":{\"@id\":\"https:\\\/\\\/www.tressis.com\\\/ca\\\/blog\\\/cambio-color-gobierno-aleman\\\/\"},\"wordCount\":443,\"commentCount\":0,\"publisher\":{\"@id\":\"https:\\\/\\\/www.tressis.com\\\/ca\\\/#organization\"},\"image\":{\"@id\":\"https:\\\/\\\/www.tressis.com\\\/ca\\\/blog\\\/cambio-color-gobierno-aleman\\\/#primaryimage\"},\"thumbnailUrl\":\"https:\\\/\\\/www.tressis.com\\\/wp-content\\\/uploads\\\/2021\\\/09\\\/elecciones-alemanas.jpg\",\"keywords\":[\"banco central europeo\",\"BCE\",\"elecciones alemanas\",\"Eurostoxx 50\",\"fed\"],\"articleSection\":[\"Morning meeting\"],\"inLanguage\":\"ca\",\"potentialAction\":[{\"@type\":\"CommentAction\",\"name\":\"Comment\",\"target\":[\"https:\\\/\\\/www.tressis.com\\\/ca\\\/blog\\\/cambio-color-gobierno-aleman\\\/#respond\"]}]},{\"@type\":\"WebPage\",\"@id\":\"https:\\\/\\\/www.tressis.com\\\/ca\\\/blog\\\/cambio-color-gobierno-aleman\\\/\",\"url\":\"https:\\\/\\\/www.tressis.com\\\/ca\\\/blog\\\/cambio-color-gobierno-aleman\\\/\",\"name\":\"\u00bfHabr\u00e1 un cambio de color en el gobierno alem\u00e1n?\",\"isPartOf\":{\"@id\":\"https:\\\/\\\/www.tressis.com\\\/ca\\\/#website\"},\"primaryImageOfPage\":{\"@id\":\"https:\\\/\\\/www.tressis.com\\\/ca\\\/blog\\\/cambio-color-gobierno-aleman\\\/#primaryimage\"},\"image\":{\"@id\":\"https:\\\/\\\/www.tressis.com\\\/ca\\\/blog\\\/cambio-color-gobierno-aleman\\\/#primaryimage\"},\"thumbnailUrl\":\"https:\\\/\\\/www.tressis.com\\\/wp-content\\\/uploads\\\/2021\\\/09\\\/elecciones-alemanas.jpg\",\"datePublished\":\"2021-09-20T08:08:14+00:00\",\"description\":\"La respuesta, seg\u00fan las encuestas, ser\u00e1 s\u00ed. As\u00ed, una coalici\u00f3n formada por los socialistas, los verdes y los liberales sumar\u00eda una mayor\u00eda suficiente para gobernar\",\"breadcrumb\":{\"@id\":\"https:\\\/\\\/www.tressis.com\\\/ca\\\/blog\\\/cambio-color-gobierno-aleman\\\/#breadcrumb\"},\"inLanguage\":\"ca\",\"potentialAction\":[{\"@type\":\"ReadAction\",\"target\":[\"https:\\\/\\\/www.tressis.com\\\/ca\\\/blog\\\/cambio-color-gobierno-aleman\\\/\"]}]},{\"@type\":\"ImageObject\",\"inLanguage\":\"ca\",\"@id\":\"https:\\\/\\\/www.tressis.com\\\/ca\\\/blog\\\/cambio-color-gobierno-aleman\\\/#primaryimage\",\"url\":\"https:\\\/\\\/www.tressis.com\\\/wp-content\\\/uploads\\\/2021\\\/09\\\/elecciones-alemanas.jpg\",\"contentUrl\":\"https:\\\/\\\/www.tressis.com\\\/wp-content\\\/uploads\\\/2021\\\/09\\\/elecciones-alemanas.jpg\",\"width\":1100,\"height\":487},{\"@type\":\"BreadcrumbList\",\"@id\":\"https:\\\/\\\/www.tressis.com\\\/ca\\\/blog\\\/cambio-color-gobierno-aleman\\\/#breadcrumb\",\"itemListElement\":[{\"@type\":\"ListItem\",\"position\":1,\"name\":\"Inicio\",\"item\":\"https:\\\/\\\/www.tressis.com\\\/ca\\\/\"},{\"@type\":\"ListItem\",\"position\":2,\"name\":\"\u00bfHabr\u00e1 un cambio de color en el gobierno alem\u00e1n?\"}]},{\"@type\":\"WebSite\",\"@id\":\"https:\\\/\\\/www.tressis.com\\\/ca\\\/#website\",\"url\":\"https:\\\/\\\/www.tressis.com\\\/ca\\\/\",\"name\":\"Tressis banca privada\",\"description\":\"Tressis | Planificaci\u00f3n financiera y gesti\u00f3n de patrimonios\",\"publisher\":{\"@id\":\"https:\\\/\\\/www.tressis.com\\\/ca\\\/#organization\"},\"potentialAction\":[{\"@type\":\"SearchAction\",\"target\":{\"@type\":\"EntryPoint\",\"urlTemplate\":\"https:\\\/\\\/www.tressis.com\\\/ca\\\/?s={search_term_string}\"},\"query-input\":{\"@type\":\"PropertyValueSpecification\",\"valueRequired\":true,\"valueName\":\"search_term_string\"}}],\"inLanguage\":\"ca\"},{\"@type\":\"Organization\",\"@id\":\"https:\\\/\\\/www.tressis.com\\\/ca\\\/#organization\",\"name\":\"Tressis\",\"url\":\"https:\\\/\\\/www.tressis.com\\\/ca\\\/\",\"logo\":{\"@type\":\"ImageObject\",\"inLanguage\":\"ca\",\"@id\":\"https:\\\/\\\/www.tressis.com\\\/ca\\\/#\\\/schema\\\/logo\\\/image\\\/\",\"url\":\"https:\\\/\\\/www.tressis.com\\\/wp-content\\\/uploads\\\/2025\\\/06\\\/logo-tressis-112.png\",\"contentUrl\":\"https:\\\/\\\/www.tressis.com\\\/wp-content\\\/uploads\\\/2025\\\/06\\\/logo-tressis-112.png\",\"width\":112,\"height\":112,\"caption\":\"Tressis\"},\"image\":{\"@id\":\"https:\\\/\\\/www.tressis.com\\\/ca\\\/#\\\/schema\\\/logo\\\/image\\\/\"},\"sameAs\":[\"https:\\\/\\\/www.facebook.com\\\/Tressis\\\/\",\"https:\\\/\\\/x.com\\\/TressisSV\",\"https:\\\/\\\/www.instagram.com\\\/tressissv\\\/?hl=es\",\"https:\\\/\\\/linkedin.com\\\/company\\\/tressis\\\/\",\"https:\\\/\\\/www.youtube.com\\\/user\\\/tressissv\",\"https:\\\/\\\/open.spotify.com\\\/show\\\/3jmTe1Nf0wqMILl7diWV6h?si=d7112519f13c4593&nd=1\"]},{\"@type\":\"Person\",\"@id\":\"https:\\\/\\\/www.tressis.com\\\/ca\\\/#\\\/schema\\\/person\\\/b833c1d724d8764920b6d6852c70584e\",\"name\":\"Lola\",\"image\":{\"@type\":\"ImageObject\",\"inLanguage\":\"ca\",\"@id\":\"https:\\\/\\\/secure.gravatar.com\\\/avatar\\\/05e646486b23ff45df9649110609c7e31b8c4a3e2821caa23d6317f405e0c51d?s=96&d=mm&r=g\",\"url\":\"https:\\\/\\\/secure.gravatar.com\\\/avatar\\\/05e646486b23ff45df9649110609c7e31b8c4a3e2821caa23d6317f405e0c51d?s=96&d=mm&r=g\",\"contentUrl\":\"https:\\\/\\\/secure.gravatar.com\\\/avatar\\\/05e646486b23ff45df9649110609c7e31b8c4a3e2821caa23d6317f405e0c51d?s=96&d=mm&r=g\",\"caption\":\"Lola\"}}]}<\/script>\n<!-- \/ Yoast SEO plugin. -->","yoast_head_json":{"title":"\u00bfHabr\u00e1 un cambio de color en el gobierno alem\u00e1n?","description":"La respuesta, seg\u00fan las encuestas, ser\u00e1 s\u00ed. As\u00ed, una coalici\u00f3n formada por los socialistas, los verdes y los liberales sumar\u00eda una mayor\u00eda suficiente para gobernar","robots":{"index":"index","follow":"follow","max-snippet":"max-snippet:-1","max-image-preview":"max-image-preview:large","max-video-preview":"max-video-preview:-1"},"canonical":"https:\/\/www.tressis.com\/ca\/blog\/cambio-color-gobierno-aleman\/","og_locale":"ca_ES","og_type":"article","og_title":"\u00bfHabr\u00e1 un cambio de color en el gobierno alem\u00e1n?","og_description":"La respuesta, seg\u00fan las encuestas, ser\u00e1 s\u00ed. As\u00ed, una coalici\u00f3n formada por los socialistas, los verdes y los liberales sumar\u00eda una mayor\u00eda suficiente para gobernar","og_url":"https:\/\/www.tressis.com\/ca\/blog\/cambio-color-gobierno-aleman\/","og_site_name":"Tressis","article_publisher":"https:\/\/www.facebook.com\/Tressis\/","article_published_time":"2021-09-20T08:08:14+00:00","og_image":[{"width":1100,"height":487,"url":"https:\/\/www.tressis.com\/wp-content\/uploads\/2021\/09\/elecciones-alemanas.jpg","type":"image\/jpeg"}],"author":"Lola","twitter_card":"summary_large_image","twitter_creator":"@TressisSV","twitter_site":"@TressisSV","twitter_misc":{"Escrit per":"Lola","Temps estimat de lectura":"2 minuts"},"schema":{"@context":"https:\/\/schema.org","@graph":[{"@type":"Article","@id":"https:\/\/www.tressis.com\/ca\/blog\/cambio-color-gobierno-aleman\/#article","isPartOf":{"@id":"https:\/\/www.tressis.com\/ca\/blog\/cambio-color-gobierno-aleman\/"},"author":{"name":"Lola","@id":"https:\/\/www.tressis.com\/ca\/#\/schema\/person\/b833c1d724d8764920b6d6852c70584e"},"headline":"\u00bfHabr\u00e1 un cambio de color en el gobierno alem\u00e1n?","datePublished":"2021-09-20T08:08:14+00:00","mainEntityOfPage":{"@id":"https:\/\/www.tressis.com\/ca\/blog\/cambio-color-gobierno-aleman\/"},"wordCount":443,"commentCount":0,"publisher":{"@id":"https:\/\/www.tressis.com\/ca\/#organization"},"image":{"@id":"https:\/\/www.tressis.com\/ca\/blog\/cambio-color-gobierno-aleman\/#primaryimage"},"thumbnailUrl":"https:\/\/www.tressis.com\/wp-content\/uploads\/2021\/09\/elecciones-alemanas.jpg","keywords":["banco central europeo","BCE","elecciones alemanas","Eurostoxx 50","fed"],"articleSection":["Morning meeting"],"inLanguage":"ca","potentialAction":[{"@type":"CommentAction","name":"Comment","target":["https:\/\/www.tressis.com\/ca\/blog\/cambio-color-gobierno-aleman\/#respond"]}]},{"@type":"WebPage","@id":"https:\/\/www.tressis.com\/ca\/blog\/cambio-color-gobierno-aleman\/","url":"https:\/\/www.tressis.com\/ca\/blog\/cambio-color-gobierno-aleman\/","name":"\u00bfHabr\u00e1 un cambio de color en el gobierno alem\u00e1n?","isPartOf":{"@id":"https:\/\/www.tressis.com\/ca\/#website"},"primaryImageOfPage":{"@id":"https:\/\/www.tressis.com\/ca\/blog\/cambio-color-gobierno-aleman\/#primaryimage"},"image":{"@id":"https:\/\/www.tressis.com\/ca\/blog\/cambio-color-gobierno-aleman\/#primaryimage"},"thumbnailUrl":"https:\/\/www.tressis.com\/wp-content\/uploads\/2021\/09\/elecciones-alemanas.jpg","datePublished":"2021-09-20T08:08:14+00:00","description":"La respuesta, seg\u00fan las encuestas, ser\u00e1 s\u00ed. As\u00ed, una coalici\u00f3n formada por los socialistas, los verdes y los liberales sumar\u00eda una mayor\u00eda suficiente para gobernar","breadcrumb":{"@id":"https:\/\/www.tressis.com\/ca\/blog\/cambio-color-gobierno-aleman\/#breadcrumb"},"inLanguage":"ca","potentialAction":[{"@type":"ReadAction","target":["https:\/\/www.tressis.com\/ca\/blog\/cambio-color-gobierno-aleman\/"]}]},{"@type":"ImageObject","inLanguage":"ca","@id":"https:\/\/www.tressis.com\/ca\/blog\/cambio-color-gobierno-aleman\/#primaryimage","url":"https:\/\/www.tressis.com\/wp-content\/uploads\/2021\/09\/elecciones-alemanas.jpg","contentUrl":"https:\/\/www.tressis.com\/wp-content\/uploads\/2021\/09\/elecciones-alemanas.jpg","width":1100,"height":487},{"@type":"BreadcrumbList","@id":"https:\/\/www.tressis.com\/ca\/blog\/cambio-color-gobierno-aleman\/#breadcrumb","itemListElement":[{"@type":"ListItem","position":1,"name":"Inicio","item":"https:\/\/www.tressis.com\/ca\/"},{"@type":"ListItem","position":2,"name":"\u00bfHabr\u00e1 un cambio de color en el gobierno alem\u00e1n?"}]},{"@type":"WebSite","@id":"https:\/\/www.tressis.com\/ca\/#website","url":"https:\/\/www.tressis.com\/ca\/","name":"Tressis banca privada","description":"Tressis | Planificaci\u00f3n financiera y gesti\u00f3n de patrimonios","publisher":{"@id":"https:\/\/www.tressis.com\/ca\/#organization"},"potentialAction":[{"@type":"SearchAction","target":{"@type":"EntryPoint","urlTemplate":"https:\/\/www.tressis.com\/ca\/?s={search_term_string}"},"query-input":{"@type":"PropertyValueSpecification","valueRequired":true,"valueName":"search_term_string"}}],"inLanguage":"ca"},{"@type":"Organization","@id":"https:\/\/www.tressis.com\/ca\/#organization","name":"Tressis","url":"https:\/\/www.tressis.com\/ca\/","logo":{"@type":"ImageObject","inLanguage":"ca","@id":"https:\/\/www.tressis.com\/ca\/#\/schema\/logo\/image\/","url":"https:\/\/www.tressis.com\/wp-content\/uploads\/2025\/06\/logo-tressis-112.png","contentUrl":"https:\/\/www.tressis.com\/wp-content\/uploads\/2025\/06\/logo-tressis-112.png","width":112,"height":112,"caption":"Tressis"},"image":{"@id":"https:\/\/www.tressis.com\/ca\/#\/schema\/logo\/image\/"},"sameAs":["https:\/\/www.facebook.com\/Tressis\/","https:\/\/x.com\/TressisSV","https:\/\/www.instagram.com\/tressissv\/?hl=es","https:\/\/linkedin.com\/company\/tressis\/","https:\/\/www.youtube.com\/user\/tressissv","https:\/\/open.spotify.com\/show\/3jmTe1Nf0wqMILl7diWV6h?si=d7112519f13c4593&nd=1"]},{"@type":"Person","@id":"https:\/\/www.tressis.com\/ca\/#\/schema\/person\/b833c1d724d8764920b6d6852c70584e","name":"Lola","image":{"@type":"ImageObject","inLanguage":"ca","@id":"https:\/\/secure.gravatar.com\/avatar\/05e646486b23ff45df9649110609c7e31b8c4a3e2821caa23d6317f405e0c51d?s=96&d=mm&r=g","url":"https:\/\/secure.gravatar.com\/avatar\/05e646486b23ff45df9649110609c7e31b8c4a3e2821caa23d6317f405e0c51d?s=96&d=mm&r=g","contentUrl":"https:\/\/secure.gravatar.com\/avatar\/05e646486b23ff45df9649110609c7e31b8c4a3e2821caa23d6317f405e0c51d?s=96&d=mm&r=g","caption":"Lola"}}]}},"_links":{"self":[{"href":"https:\/\/www.tressis.com\/ca\/wp-json\/wp\/v2\/posts\/37060","targetHints":{"allow":["GET"]}}],"collection":[{"href":"https:\/\/www.tressis.com\/ca\/wp-json\/wp\/v2\/posts"}],"about":[{"href":"https:\/\/www.tressis.com\/ca\/wp-json\/wp\/v2\/types\/post"}],"author":[{"embeddable":true,"href":"https:\/\/www.tressis.com\/ca\/wp-json\/wp\/v2\/users\/4"}],"replies":[{"embeddable":true,"href":"https:\/\/www.tressis.com\/ca\/wp-json\/wp\/v2\/comments?post=37060"}],"version-history":[{"count":0,"href":"https:\/\/www.tressis.com\/ca\/wp-json\/wp\/v2\/posts\/37060\/revisions"}],"wp:featuredmedia":[{"embeddable":true,"href":"https:\/\/www.tressis.com\/ca\/wp-json\/wp\/v2\/media\/37062"}],"wp:attachment":[{"href":"https:\/\/www.tressis.com\/ca\/wp-json\/wp\/v2\/media?parent=37060"}],"wp:term":[{"taxonomy":"category","embeddable":true,"href":"https:\/\/www.tressis.com\/ca\/wp-json\/wp\/v2\/categories?post=37060"},{"taxonomy":"post_tag","embeddable":true,"href":"https:\/\/www.tressis.com\/ca\/wp-json\/wp\/v2\/tags?post=37060"}],"curies":[{"name":"wp","href":"https:\/\/api.w.org\/{rel}","templated":true}]}}