{"id":37016,"date":"2021-09-13T10:13:56","date_gmt":"2021-09-13T08:13:56","guid":{"rendered":"https:\/\/www.tressis.com\/blog\/?p=37016"},"modified":"2021-09-13T10:13:56","modified_gmt":"2021-09-13T08:13:56","slug":"moda-subir-impuestos","status":"publish","type":"post","link":"https:\/\/www.tressis.com\/ca\/blog\/moda-subir-impuestos\/","title":{"rendered":"La moda de subir impuestos"},"content":{"rendered":"<p>Parece que est\u00e1 de moda subir impuestos en los pa\u00edses anglosajones.<!--more--> Al ya anunciado plan de Boris Jonhson de incrementar impuestos a los brit\u00e1nicos para financiar los gastos extraordinarios del sistema nacional de salud se ha unido, a trav\u00e9s de una filtraci\u00f3n, el detalle de los planes de Joe Biden. Que la idea de incrementar los tipos impositivos formaba parte del plan de gobierno del dem\u00f3crata era algo que ya todos sab\u00edamos, pero ahora The Wall Street Journal arroja algo m\u00e1s de luz sobre ello: un incremento del tipo de sociedades desde el 21% actual hasta el 26,5%, un alza del gravamen sobre las plusval\u00edas de m\u00e1s de cinco puntos o un recargo del 3,5% para aquellos con rentas superiores a los cinco millones de d\u00f3lares son algunas de las medidas que se plantean.<\/p>\n<p>Las negociaciones ser\u00e1n, casi con total seguridad, m\u00e1s arduas en este punto que en el seno de la Reserva Federal, donde los mensajes que anticipan medidas de car\u00e1cter restrictivo ya se van deslizando desde muchos de los actores principales. Una disminuci\u00f3n de los programas acomodaticios sigue sobre la mesa aun tras los datos de empleo conocidos el viernes, los cuales hacen cambiar de parecer a los analistas de una semana a otra. Para saber a ciencia cierta los planes de Powell y compa\u00f1\u00eda no habr\u00e1 que esperar mucho, pues su reuni\u00f3n mensual comienza en ocho d\u00edas.<\/p>\n<p>En Alemania, las encuestas van aupando poco a poco a Olaf Scholz hacia el sill\u00f3n presidencial. Tras el debate de ayer, la intenci\u00f3n de voto no ha tenido ning\u00fan cambio dram\u00e1tico, saliendo como ganador del mismo el socialista, seg\u00fan la mayor\u00eda de prensa especializada.<\/p>\n<p>En la semana que hoy comienza tendremos una importante bater\u00eda de indicadores econ\u00f3micos, entre los que destacan las ventas minoristas americanas, relevantes dada la fuerte dependencia del crecimiento del pa\u00eds de su consumo interno, as\u00ed como datos de precios tanto en la eurozona como en Estados Unidos, los cuales siguen siendo el centro de todos los an\u00e1lisis.<\/p>\n<p>Buena semana.<\/p>\n<p><center><strong>M\u00aa Salom\u00e9 Bouzas Romero<\/strong><br \/>\nAnalista <\/center><\/p>\n","protected":false},"excerpt":{"rendered":"<p>Parece que est\u00e1 de moda subir impuestos en los pa\u00edses anglosajones.<\/p>\n","protected":false},"author":4,"featured_media":37017,"comment_status":"open","ping_status":"closed","sticky":false,"template":"","format":"standard","meta":{"_acf_changed":false,"footnotes":""},"categories":[9721],"tags":[801,2249,3727,5079,6341],"class_list":["post-37016","post","type-post","status-publish","format-standard","has-post-thumbnail","hentry","category-morning-meeting","tag-boris-jonhson","tag-elecciones-alemania","tag-joe-biden","tag-powell-reunion","tag-subida-impuestos"],"acf":[],"yoast_head":"<!-- This site is optimized with the Yoast SEO plugin v27.5 - https:\/\/yoast.com\/product\/yoast-seo-wordpress\/ -->\n<title>La moda de subir impuestos<\/title>\n<meta name=\"description\" content=\"Todos sab\u00edamos que la idea de incrementar los impuestos en Estados Unidos formaba parte del plan del gobierno dem\u00f3crata, pero ahora The Wall Street Journal arroja algo m\u00e1s de luz sobre ello\" \/>\n<meta name=\"robots\" content=\"index, follow, max-snippet:-1, max-image-preview:large, max-video-preview:-1\" \/>\n<link rel=\"canonical\" href=\"https:\/\/www.tressis.com\/ca\/blog\/moda-subir-impuestos\/\" \/>\n<meta property=\"og:locale\" content=\"ca_ES\" \/>\n<meta property=\"og:type\" content=\"article\" \/>\n<meta property=\"og:title\" content=\"La moda de subir impuestos\" \/>\n<meta property=\"og:description\" content=\"Todos sab\u00edamos que la idea de incrementar los impuestos en Estados Unidos formaba parte del plan del gobierno dem\u00f3crata, pero ahora The Wall Street Journal arroja algo m\u00e1s de luz sobre ello\" \/>\n<meta property=\"og:url\" content=\"https:\/\/www.tressis.com\/ca\/blog\/moda-subir-impuestos\/\" \/>\n<meta property=\"og:site_name\" content=\"Tressis\" \/>\n<meta property=\"article:publisher\" content=\"https:\/\/www.facebook.com\/Tressis\/\" \/>\n<meta property=\"article:published_time\" content=\"2021-09-13T08:13:56+00:00\" \/>\n<meta property=\"og:image\" content=\"https:\/\/www.tressis.com\/wp-content\/uploads\/2021\/09\/impuestos-estados-unidos.jpg\" \/>\n\t<meta property=\"og:image:width\" content=\"1100\" \/>\n\t<meta property=\"og:image:height\" content=\"487\" \/>\n\t<meta property=\"og:image:type\" content=\"image\/jpeg\" \/>\n<meta name=\"author\" content=\"Lola\" \/>\n<meta name=\"twitter:card\" content=\"summary_large_image\" \/>\n<meta name=\"twitter:creator\" content=\"@TressisSV\" \/>\n<meta name=\"twitter:site\" content=\"@TressisSV\" \/>\n<meta name=\"twitter:label1\" content=\"Escrit per\" \/>\n\t<meta name=\"twitter:data1\" content=\"Lola\" \/>\n\t<meta name=\"twitter:label2\" content=\"Temps estimat de lectura\" \/>\n\t<meta name=\"twitter:data2\" content=\"2 minuts\" \/>\n<script type=\"application\/ld+json\" class=\"yoast-schema-graph\">{\"@context\":\"https:\\\/\\\/schema.org\",\"@graph\":[{\"@type\":\"Article\",\"@id\":\"https:\\\/\\\/www.tressis.com\\\/ca\\\/blog\\\/moda-subir-impuestos\\\/#article\",\"isPartOf\":{\"@id\":\"https:\\\/\\\/www.tressis.com\\\/ca\\\/blog\\\/moda-subir-impuestos\\\/\"},\"author\":{\"name\":\"Lola\",\"@id\":\"https:\\\/\\\/www.tressis.com\\\/ca\\\/#\\\/schema\\\/person\\\/b833c1d724d8764920b6d6852c70584e\"},\"headline\":\"La moda de subir impuestos\",\"datePublished\":\"2021-09-13T08:13:56+00:00\",\"mainEntityOfPage\":{\"@id\":\"https:\\\/\\\/www.tressis.com\\\/ca\\\/blog\\\/moda-subir-impuestos\\\/\"},\"wordCount\":367,\"commentCount\":0,\"publisher\":{\"@id\":\"https:\\\/\\\/www.tressis.com\\\/ca\\\/#organization\"},\"image\":{\"@id\":\"https:\\\/\\\/www.tressis.com\\\/ca\\\/blog\\\/moda-subir-impuestos\\\/#primaryimage\"},\"thumbnailUrl\":\"https:\\\/\\\/www.tressis.com\\\/wp-content\\\/uploads\\\/2021\\\/09\\\/impuestos-estados-unidos.jpg\",\"keywords\":[\"Boris Jonhson\",\"elecciones alemania\",\"joe biden\",\"powell reuni\u00f3n\",\"subida impuestos\"],\"articleSection\":[\"Morning meeting\"],\"inLanguage\":\"ca\",\"potentialAction\":[{\"@type\":\"CommentAction\",\"name\":\"Comment\",\"target\":[\"https:\\\/\\\/www.tressis.com\\\/ca\\\/blog\\\/moda-subir-impuestos\\\/#respond\"]}]},{\"@type\":\"WebPage\",\"@id\":\"https:\\\/\\\/www.tressis.com\\\/ca\\\/blog\\\/moda-subir-impuestos\\\/\",\"url\":\"https:\\\/\\\/www.tressis.com\\\/ca\\\/blog\\\/moda-subir-impuestos\\\/\",\"name\":\"La moda de subir impuestos\",\"isPartOf\":{\"@id\":\"https:\\\/\\\/www.tressis.com\\\/ca\\\/#website\"},\"primaryImageOfPage\":{\"@id\":\"https:\\\/\\\/www.tressis.com\\\/ca\\\/blog\\\/moda-subir-impuestos\\\/#primaryimage\"},\"image\":{\"@id\":\"https:\\\/\\\/www.tressis.com\\\/ca\\\/blog\\\/moda-subir-impuestos\\\/#primaryimage\"},\"thumbnailUrl\":\"https:\\\/\\\/www.tressis.com\\\/wp-content\\\/uploads\\\/2021\\\/09\\\/impuestos-estados-unidos.jpg\",\"datePublished\":\"2021-09-13T08:13:56+00:00\",\"description\":\"Todos sab\u00edamos que la idea de incrementar los impuestos en Estados Unidos formaba parte del plan del gobierno dem\u00f3crata, pero ahora The Wall Street Journal arroja algo m\u00e1s de luz sobre ello\",\"breadcrumb\":{\"@id\":\"https:\\\/\\\/www.tressis.com\\\/ca\\\/blog\\\/moda-subir-impuestos\\\/#breadcrumb\"},\"inLanguage\":\"ca\",\"potentialAction\":[{\"@type\":\"ReadAction\",\"target\":[\"https:\\\/\\\/www.tressis.com\\\/ca\\\/blog\\\/moda-subir-impuestos\\\/\"]}]},{\"@type\":\"ImageObject\",\"inLanguage\":\"ca\",\"@id\":\"https:\\\/\\\/www.tressis.com\\\/ca\\\/blog\\\/moda-subir-impuestos\\\/#primaryimage\",\"url\":\"https:\\\/\\\/www.tressis.com\\\/wp-content\\\/uploads\\\/2021\\\/09\\\/impuestos-estados-unidos.jpg\",\"contentUrl\":\"https:\\\/\\\/www.tressis.com\\\/wp-content\\\/uploads\\\/2021\\\/09\\\/impuestos-estados-unidos.jpg\",\"width\":1100,\"height\":487},{\"@type\":\"BreadcrumbList\",\"@id\":\"https:\\\/\\\/www.tressis.com\\\/ca\\\/blog\\\/moda-subir-impuestos\\\/#breadcrumb\",\"itemListElement\":[{\"@type\":\"ListItem\",\"position\":1,\"name\":\"Inicio\",\"item\":\"https:\\\/\\\/www.tressis.com\\\/ca\\\/\"},{\"@type\":\"ListItem\",\"position\":2,\"name\":\"La moda de subir impuestos\"}]},{\"@type\":\"WebSite\",\"@id\":\"https:\\\/\\\/www.tressis.com\\\/ca\\\/#website\",\"url\":\"https:\\\/\\\/www.tressis.com\\\/ca\\\/\",\"name\":\"Tressis banca privada\",\"description\":\"Tressis | Planificaci\u00f3n financiera y gesti\u00f3n de patrimonios\",\"publisher\":{\"@id\":\"https:\\\/\\\/www.tressis.com\\\/ca\\\/#organization\"},\"potentialAction\":[{\"@type\":\"SearchAction\",\"target\":{\"@type\":\"EntryPoint\",\"urlTemplate\":\"https:\\\/\\\/www.tressis.com\\\/ca\\\/?s={search_term_string}\"},\"query-input\":{\"@type\":\"PropertyValueSpecification\",\"valueRequired\":true,\"valueName\":\"search_term_string\"}}],\"inLanguage\":\"ca\"},{\"@type\":\"Organization\",\"@id\":\"https:\\\/\\\/www.tressis.com\\\/ca\\\/#organization\",\"name\":\"Tressis\",\"url\":\"https:\\\/\\\/www.tressis.com\\\/ca\\\/\",\"logo\":{\"@type\":\"ImageObject\",\"inLanguage\":\"ca\",\"@id\":\"https:\\\/\\\/www.tressis.com\\\/ca\\\/#\\\/schema\\\/logo\\\/image\\\/\",\"url\":\"https:\\\/\\\/www.tressis.com\\\/wp-content\\\/uploads\\\/2025\\\/06\\\/logo-tressis-112.png\",\"contentUrl\":\"https:\\\/\\\/www.tressis.com\\\/wp-content\\\/uploads\\\/2025\\\/06\\\/logo-tressis-112.png\",\"width\":112,\"height\":112,\"caption\":\"Tressis\"},\"image\":{\"@id\":\"https:\\\/\\\/www.tressis.com\\\/ca\\\/#\\\/schema\\\/logo\\\/image\\\/\"},\"sameAs\":[\"https:\\\/\\\/www.facebook.com\\\/Tressis\\\/\",\"https:\\\/\\\/x.com\\\/TressisSV\",\"https:\\\/\\\/www.instagram.com\\\/tressissv\\\/?hl=es\",\"https:\\\/\\\/linkedin.com\\\/company\\\/tressis\\\/\",\"https:\\\/\\\/www.youtube.com\\\/user\\\/tressissv\",\"https:\\\/\\\/open.spotify.com\\\/show\\\/3jmTe1Nf0wqMILl7diWV6h?si=d7112519f13c4593&nd=1\"]},{\"@type\":\"Person\",\"@id\":\"https:\\\/\\\/www.tressis.com\\\/ca\\\/#\\\/schema\\\/person\\\/b833c1d724d8764920b6d6852c70584e\",\"name\":\"Lola\",\"image\":{\"@type\":\"ImageObject\",\"inLanguage\":\"ca\",\"@id\":\"https:\\\/\\\/secure.gravatar.com\\\/avatar\\\/05e646486b23ff45df9649110609c7e31b8c4a3e2821caa23d6317f405e0c51d?s=96&d=mm&r=g\",\"url\":\"https:\\\/\\\/secure.gravatar.com\\\/avatar\\\/05e646486b23ff45df9649110609c7e31b8c4a3e2821caa23d6317f405e0c51d?s=96&d=mm&r=g\",\"contentUrl\":\"https:\\\/\\\/secure.gravatar.com\\\/avatar\\\/05e646486b23ff45df9649110609c7e31b8c4a3e2821caa23d6317f405e0c51d?s=96&d=mm&r=g\",\"caption\":\"Lola\"}}]}<\/script>\n<!-- \/ Yoast SEO plugin. -->","yoast_head_json":{"title":"La moda de subir impuestos","description":"Todos sab\u00edamos que la idea de incrementar los impuestos en Estados Unidos formaba parte del plan del gobierno dem\u00f3crata, pero ahora The Wall Street Journal arroja algo m\u00e1s de luz sobre ello","robots":{"index":"index","follow":"follow","max-snippet":"max-snippet:-1","max-image-preview":"max-image-preview:large","max-video-preview":"max-video-preview:-1"},"canonical":"https:\/\/www.tressis.com\/ca\/blog\/moda-subir-impuestos\/","og_locale":"ca_ES","og_type":"article","og_title":"La moda de subir impuestos","og_description":"Todos sab\u00edamos que la idea de incrementar los impuestos en Estados Unidos formaba parte del plan del gobierno dem\u00f3crata, pero ahora The Wall Street Journal arroja algo m\u00e1s de luz sobre ello","og_url":"https:\/\/www.tressis.com\/ca\/blog\/moda-subir-impuestos\/","og_site_name":"Tressis","article_publisher":"https:\/\/www.facebook.com\/Tressis\/","article_published_time":"2021-09-13T08:13:56+00:00","og_image":[{"width":1100,"height":487,"url":"https:\/\/www.tressis.com\/wp-content\/uploads\/2021\/09\/impuestos-estados-unidos.jpg","type":"image\/jpeg"}],"author":"Lola","twitter_card":"summary_large_image","twitter_creator":"@TressisSV","twitter_site":"@TressisSV","twitter_misc":{"Escrit per":"Lola","Temps estimat de lectura":"2 minuts"},"schema":{"@context":"https:\/\/schema.org","@graph":[{"@type":"Article","@id":"https:\/\/www.tressis.com\/ca\/blog\/moda-subir-impuestos\/#article","isPartOf":{"@id":"https:\/\/www.tressis.com\/ca\/blog\/moda-subir-impuestos\/"},"author":{"name":"Lola","@id":"https:\/\/www.tressis.com\/ca\/#\/schema\/person\/b833c1d724d8764920b6d6852c70584e"},"headline":"La moda de subir impuestos","datePublished":"2021-09-13T08:13:56+00:00","mainEntityOfPage":{"@id":"https:\/\/www.tressis.com\/ca\/blog\/moda-subir-impuestos\/"},"wordCount":367,"commentCount":0,"publisher":{"@id":"https:\/\/www.tressis.com\/ca\/#organization"},"image":{"@id":"https:\/\/www.tressis.com\/ca\/blog\/moda-subir-impuestos\/#primaryimage"},"thumbnailUrl":"https:\/\/www.tressis.com\/wp-content\/uploads\/2021\/09\/impuestos-estados-unidos.jpg","keywords":["Boris Jonhson","elecciones alemania","joe biden","powell reuni\u00f3n","subida impuestos"],"articleSection":["Morning meeting"],"inLanguage":"ca","potentialAction":[{"@type":"CommentAction","name":"Comment","target":["https:\/\/www.tressis.com\/ca\/blog\/moda-subir-impuestos\/#respond"]}]},{"@type":"WebPage","@id":"https:\/\/www.tressis.com\/ca\/blog\/moda-subir-impuestos\/","url":"https:\/\/www.tressis.com\/ca\/blog\/moda-subir-impuestos\/","name":"La moda de subir impuestos","isPartOf":{"@id":"https:\/\/www.tressis.com\/ca\/#website"},"primaryImageOfPage":{"@id":"https:\/\/www.tressis.com\/ca\/blog\/moda-subir-impuestos\/#primaryimage"},"image":{"@id":"https:\/\/www.tressis.com\/ca\/blog\/moda-subir-impuestos\/#primaryimage"},"thumbnailUrl":"https:\/\/www.tressis.com\/wp-content\/uploads\/2021\/09\/impuestos-estados-unidos.jpg","datePublished":"2021-09-13T08:13:56+00:00","description":"Todos sab\u00edamos que la idea de incrementar los impuestos en Estados Unidos formaba parte del plan del gobierno dem\u00f3crata, pero ahora The Wall Street Journal arroja algo m\u00e1s de luz sobre ello","breadcrumb":{"@id":"https:\/\/www.tressis.com\/ca\/blog\/moda-subir-impuestos\/#breadcrumb"},"inLanguage":"ca","potentialAction":[{"@type":"ReadAction","target":["https:\/\/www.tressis.com\/ca\/blog\/moda-subir-impuestos\/"]}]},{"@type":"ImageObject","inLanguage":"ca","@id":"https:\/\/www.tressis.com\/ca\/blog\/moda-subir-impuestos\/#primaryimage","url":"https:\/\/www.tressis.com\/wp-content\/uploads\/2021\/09\/impuestos-estados-unidos.jpg","contentUrl":"https:\/\/www.tressis.com\/wp-content\/uploads\/2021\/09\/impuestos-estados-unidos.jpg","width":1100,"height":487},{"@type":"BreadcrumbList","@id":"https:\/\/www.tressis.com\/ca\/blog\/moda-subir-impuestos\/#breadcrumb","itemListElement":[{"@type":"ListItem","position":1,"name":"Inicio","item":"https:\/\/www.tressis.com\/ca\/"},{"@type":"ListItem","position":2,"name":"La moda de subir impuestos"}]},{"@type":"WebSite","@id":"https:\/\/www.tressis.com\/ca\/#website","url":"https:\/\/www.tressis.com\/ca\/","name":"Tressis banca privada","description":"Tressis | Planificaci\u00f3n financiera y gesti\u00f3n de patrimonios","publisher":{"@id":"https:\/\/www.tressis.com\/ca\/#organization"},"potentialAction":[{"@type":"SearchAction","target":{"@type":"EntryPoint","urlTemplate":"https:\/\/www.tressis.com\/ca\/?s={search_term_string}"},"query-input":{"@type":"PropertyValueSpecification","valueRequired":true,"valueName":"search_term_string"}}],"inLanguage":"ca"},{"@type":"Organization","@id":"https:\/\/www.tressis.com\/ca\/#organization","name":"Tressis","url":"https:\/\/www.tressis.com\/ca\/","logo":{"@type":"ImageObject","inLanguage":"ca","@id":"https:\/\/www.tressis.com\/ca\/#\/schema\/logo\/image\/","url":"https:\/\/www.tressis.com\/wp-content\/uploads\/2025\/06\/logo-tressis-112.png","contentUrl":"https:\/\/www.tressis.com\/wp-content\/uploads\/2025\/06\/logo-tressis-112.png","width":112,"height":112,"caption":"Tressis"},"image":{"@id":"https:\/\/www.tressis.com\/ca\/#\/schema\/logo\/image\/"},"sameAs":["https:\/\/www.facebook.com\/Tressis\/","https:\/\/x.com\/TressisSV","https:\/\/www.instagram.com\/tressissv\/?hl=es","https:\/\/linkedin.com\/company\/tressis\/","https:\/\/www.youtube.com\/user\/tressissv","https:\/\/open.spotify.com\/show\/3jmTe1Nf0wqMILl7diWV6h?si=d7112519f13c4593&nd=1"]},{"@type":"Person","@id":"https:\/\/www.tressis.com\/ca\/#\/schema\/person\/b833c1d724d8764920b6d6852c70584e","name":"Lola","image":{"@type":"ImageObject","inLanguage":"ca","@id":"https:\/\/secure.gravatar.com\/avatar\/05e646486b23ff45df9649110609c7e31b8c4a3e2821caa23d6317f405e0c51d?s=96&d=mm&r=g","url":"https:\/\/secure.gravatar.com\/avatar\/05e646486b23ff45df9649110609c7e31b8c4a3e2821caa23d6317f405e0c51d?s=96&d=mm&r=g","contentUrl":"https:\/\/secure.gravatar.com\/avatar\/05e646486b23ff45df9649110609c7e31b8c4a3e2821caa23d6317f405e0c51d?s=96&d=mm&r=g","caption":"Lola"}}]}},"_links":{"self":[{"href":"https:\/\/www.tressis.com\/ca\/wp-json\/wp\/v2\/posts\/37016","targetHints":{"allow":["GET"]}}],"collection":[{"href":"https:\/\/www.tressis.com\/ca\/wp-json\/wp\/v2\/posts"}],"about":[{"href":"https:\/\/www.tressis.com\/ca\/wp-json\/wp\/v2\/types\/post"}],"author":[{"embeddable":true,"href":"https:\/\/www.tressis.com\/ca\/wp-json\/wp\/v2\/users\/4"}],"replies":[{"embeddable":true,"href":"https:\/\/www.tressis.com\/ca\/wp-json\/wp\/v2\/comments?post=37016"}],"version-history":[{"count":0,"href":"https:\/\/www.tressis.com\/ca\/wp-json\/wp\/v2\/posts\/37016\/revisions"}],"wp:featuredmedia":[{"embeddable":true,"href":"https:\/\/www.tressis.com\/ca\/wp-json\/wp\/v2\/media\/37017"}],"wp:attachment":[{"href":"https:\/\/www.tressis.com\/ca\/wp-json\/wp\/v2\/media?parent=37016"}],"wp:term":[{"taxonomy":"category","embeddable":true,"href":"https:\/\/www.tressis.com\/ca\/wp-json\/wp\/v2\/categories?post=37016"},{"taxonomy":"post_tag","embeddable":true,"href":"https:\/\/www.tressis.com\/ca\/wp-json\/wp\/v2\/tags?post=37016"}],"curies":[{"name":"wp","href":"https:\/\/api.w.org\/{rel}","templated":true}]}}