{"id":37009,"date":"2021-09-10T10:24:14","date_gmt":"2021-09-10T08:24:14","guid":{"rendered":"https:\/\/www.tressis.com\/blog\/?p=37009"},"modified":"2021-09-10T10:24:14","modified_gmt":"2021-09-10T08:24:14","slug":"bce-reduce-compras-emergencia","status":"publish","type":"post","link":"https:\/\/www.tressis.com\/ca\/blog\/bce-reduce-compras-emergencia\/","title":{"rendered":"El BCE reduce el volumen de compras de emergencia"},"content":{"rendered":"<p>Pas\u00f3 lo que se sab\u00eda que iba a pasar: Christine Lagarde no desvel\u00f3 ninguna sorpresa inesperada.<!--more--> Quiz\u00e1 s\u00ed podr\u00edamos calificar como tal los bandazos en sus palabras, lanzando algunos mensajes con tono acomodaticio, junto con otros que sonaban m\u00e1s restrictivos. En claro sacamos que se comenzar\u00e1 a reducir el volumen de las compras mensuales bajo el PEPP (programa de compras de emergencia) desde los actuales 80.000 millones hasta una cifra que, si bien no se ha especificado, se encontrar\u00e1 entre los 60.000 y los 70.000 millones. As\u00ed mismo, se revisaban las expectativas de crecimiento e inflaci\u00f3n de la regi\u00f3n al alza para el presente ejercicio, 2022 y 2023.<\/p>\n<p>La reacci\u00f3n que a esto tuvo el mercado de renta fija fue positiva, con los precios al alza y, consecuentemente, las rentabilidades a la baja. As\u00ed, mientras el bono alem\u00e1n se iba hasta el -0,362%, el franc\u00e9s se quedaba en -0,03% y los perif\u00e9ricos con movimientos en el entorno de los siete puntos b\u00e1sicos. Mientras, las bolsas volv\u00edan a ceder algo de terreno y ya suman cuatro sesiones consecutivas en el caso de Wall Street. Es probable que en dicha plaza estuviesen prestando m\u00e1s atenci\u00f3n al dato de peticiones de subsidio por desempleo semanal que al primer movimiento muy ligeramente restrictivo en mucho tiempo. En cualquier caso, los sectores c\u00edclicos cerraban una mejor sesi\u00f3n, en l\u00ednea con el mensaje que pueden trasladar los datos de mercado laboral conocidos. \u00a1C\u00f3mo cambia el sentimiento de los inversores en una semana!<\/p>\n<p>Los que s\u00ed se animaron esta madrugada fueron los \u00edndices asi\u00e1ticos. \u00bfLa raz\u00f3n? Parece que el hecho de que Joe Biden y Xi Jinping hayan mantenido, al parecer, una conversaci\u00f3n telef\u00f3nica de m\u00e1s de una hora en la que se emplazar\u00edan a intensificar las reuniones entre representantes de ambos pa\u00edses.<\/p>\n<p>Y si algo m\u00e1s tuviese que comentar antes de cerrar, es la sorpresa que nos est\u00e1 dando Jap\u00f3n en los \u00faltimos d\u00edas. Al rev\u00e9s de lo que se pod\u00eda esperar, la ya anunciada no concurrencia de Yosihide Suga, actual primer ministro, a las elecciones de oto\u00f1o, lastrado por las extendidas cr\u00edticas a su gesti\u00f3n durante la pandemia, est\u00e1 alimentando a sus principales selectivos. El Nikkei se revaloriza m\u00e1s de un 12% en las \u00faltimas 14 sesiones.<\/p>\n<p>Puestos en pol\u00edtica deber\u00edamos mencionar los comicios germanos, pero para eso les emplazo a <a href=\"https:\/\/www.tressis.com\/blog\/panorama-politico-aleman-gana-complejidad\/#ancler\" rel=\"noopener\" target=\"_blank\">la entrada de ayer de Virginia P\u00e9rez Palomino<\/a>, que explica de forma inmejorable la cantidad de opciones posibles.<\/p>\n<p>Buen fin de semana.<br \/>\n<center><strong>M\u00aa Salom\u00e9 Bouzas Romero<\/strong><br \/>\nAnalista <\/center><\/p>\n","protected":false},"excerpt":{"rendered":"<p>Pas\u00f3 lo que se sab\u00eda que iba a pasar: Christine Lagarde no desvel\u00f3 ninguna sorpresa inesperada.<\/p>\n","protected":false},"author":4,"featured_media":37010,"comment_status":"open","ping_status":"closed","sticky":false,"template":"","format":"standard","meta":{"_acf_changed":false,"footnotes":""},"categories":[9721],"tags":[1130,2249,3714,4176,4424],"class_list":["post-37009","post","type-post","status-publish","format-standard","has-post-thumbnail","hentry","category-morning-meeting","tag-christine-lagarde","tag-elecciones-alemania","tag-japon","tag-mercado-renta-fija","tag-nikkei"],"acf":[],"yoast_head":"<!-- This site is optimized with the Yoast SEO plugin v27.5 - https:\/\/yoast.com\/product\/yoast-seo-wordpress\/ -->\n<title>El BCE reduce el volumen de compras de emergencia<\/title>\n<meta name=\"description\" content=\"Se comenzar\u00e1 a reducir el volumen de las compras mensuales bajo el PEPP (programa de compras de emergencia) desde los actuales 80.000 millones hasta una cifra que, si bien no se ha especificado, se encontrar\u00e1 entre los 60.000 y los 70.000 millones\" \/>\n<meta name=\"robots\" content=\"index, follow, max-snippet:-1, max-image-preview:large, max-video-preview:-1\" \/>\n<link rel=\"canonical\" href=\"https:\/\/www.tressis.com\/ca\/blog\/bce-reduce-compras-emergencia\/\" \/>\n<meta property=\"og:locale\" content=\"ca_ES\" \/>\n<meta property=\"og:type\" content=\"article\" \/>\n<meta property=\"og:title\" content=\"El BCE reduce el volumen de compras de emergencia\" \/>\n<meta property=\"og:description\" content=\"Se comenzar\u00e1 a reducir el volumen de las compras mensuales bajo el PEPP (programa de compras de emergencia) desde los actuales 80.000 millones hasta una cifra que, si bien no se ha especificado, se encontrar\u00e1 entre los 60.000 y los 70.000 millones\" \/>\n<meta property=\"og:url\" content=\"https:\/\/www.tressis.com\/ca\/blog\/bce-reduce-compras-emergencia\/\" \/>\n<meta property=\"og:site_name\" content=\"Tressis\" \/>\n<meta property=\"article:publisher\" content=\"https:\/\/www.facebook.com\/Tressis\/\" \/>\n<meta property=\"article:published_time\" content=\"2021-09-10T08:24:14+00:00\" \/>\n<meta property=\"og:image\" content=\"https:\/\/www.tressis.com\/wp-content\/uploads\/2021\/09\/christine-lagarde-bce.jpg\" \/>\n\t<meta property=\"og:image:width\" content=\"1100\" \/>\n\t<meta property=\"og:image:height\" content=\"487\" \/>\n\t<meta property=\"og:image:type\" content=\"image\/jpeg\" \/>\n<meta name=\"author\" content=\"Lola\" \/>\n<meta name=\"twitter:card\" content=\"summary_large_image\" \/>\n<meta name=\"twitter:creator\" content=\"@TressisSV\" \/>\n<meta name=\"twitter:site\" content=\"@TressisSV\" \/>\n<meta name=\"twitter:label1\" content=\"Escrit per\" \/>\n\t<meta name=\"twitter:data1\" content=\"Lola\" \/>\n\t<meta name=\"twitter:label2\" content=\"Temps estimat de lectura\" \/>\n\t<meta name=\"twitter:data2\" content=\"2 minuts\" \/>\n<script type=\"application\/ld+json\" class=\"yoast-schema-graph\">{\"@context\":\"https:\\\/\\\/schema.org\",\"@graph\":[{\"@type\":\"Article\",\"@id\":\"https:\\\/\\\/www.tressis.com\\\/ca\\\/blog\\\/bce-reduce-compras-emergencia\\\/#article\",\"isPartOf\":{\"@id\":\"https:\\\/\\\/www.tressis.com\\\/ca\\\/blog\\\/bce-reduce-compras-emergencia\\\/\"},\"author\":{\"name\":\"Lola\",\"@id\":\"https:\\\/\\\/www.tressis.com\\\/ca\\\/#\\\/schema\\\/person\\\/b833c1d724d8764920b6d6852c70584e\"},\"headline\":\"El BCE reduce el volumen de compras de emergencia\",\"datePublished\":\"2021-09-10T08:24:14+00:00\",\"mainEntityOfPage\":{\"@id\":\"https:\\\/\\\/www.tressis.com\\\/ca\\\/blog\\\/bce-reduce-compras-emergencia\\\/\"},\"wordCount\":451,\"commentCount\":0,\"publisher\":{\"@id\":\"https:\\\/\\\/www.tressis.com\\\/ca\\\/#organization\"},\"image\":{\"@id\":\"https:\\\/\\\/www.tressis.com\\\/ca\\\/blog\\\/bce-reduce-compras-emergencia\\\/#primaryimage\"},\"thumbnailUrl\":\"https:\\\/\\\/www.tressis.com\\\/wp-content\\\/uploads\\\/2021\\\/09\\\/christine-lagarde-bce.jpg\",\"keywords\":[\"Christine Lagarde\",\"elecciones alemania\",\"Jap\u00f3n\",\"mercado renta fija\",\"Nikkei\"],\"articleSection\":[\"Morning meeting\"],\"inLanguage\":\"ca\",\"potentialAction\":[{\"@type\":\"CommentAction\",\"name\":\"Comment\",\"target\":[\"https:\\\/\\\/www.tressis.com\\\/ca\\\/blog\\\/bce-reduce-compras-emergencia\\\/#respond\"]}]},{\"@type\":\"WebPage\",\"@id\":\"https:\\\/\\\/www.tressis.com\\\/ca\\\/blog\\\/bce-reduce-compras-emergencia\\\/\",\"url\":\"https:\\\/\\\/www.tressis.com\\\/ca\\\/blog\\\/bce-reduce-compras-emergencia\\\/\",\"name\":\"El BCE reduce el volumen de compras de emergencia\",\"isPartOf\":{\"@id\":\"https:\\\/\\\/www.tressis.com\\\/ca\\\/#website\"},\"primaryImageOfPage\":{\"@id\":\"https:\\\/\\\/www.tressis.com\\\/ca\\\/blog\\\/bce-reduce-compras-emergencia\\\/#primaryimage\"},\"image\":{\"@id\":\"https:\\\/\\\/www.tressis.com\\\/ca\\\/blog\\\/bce-reduce-compras-emergencia\\\/#primaryimage\"},\"thumbnailUrl\":\"https:\\\/\\\/www.tressis.com\\\/wp-content\\\/uploads\\\/2021\\\/09\\\/christine-lagarde-bce.jpg\",\"datePublished\":\"2021-09-10T08:24:14+00:00\",\"description\":\"Se comenzar\u00e1 a reducir el volumen de las compras mensuales bajo el PEPP (programa de compras de emergencia) desde los actuales 80.000 millones hasta una cifra que, si bien no se ha especificado, se encontrar\u00e1 entre los 60.000 y los 70.000 millones\",\"breadcrumb\":{\"@id\":\"https:\\\/\\\/www.tressis.com\\\/ca\\\/blog\\\/bce-reduce-compras-emergencia\\\/#breadcrumb\"},\"inLanguage\":\"ca\",\"potentialAction\":[{\"@type\":\"ReadAction\",\"target\":[\"https:\\\/\\\/www.tressis.com\\\/ca\\\/blog\\\/bce-reduce-compras-emergencia\\\/\"]}]},{\"@type\":\"ImageObject\",\"inLanguage\":\"ca\",\"@id\":\"https:\\\/\\\/www.tressis.com\\\/ca\\\/blog\\\/bce-reduce-compras-emergencia\\\/#primaryimage\",\"url\":\"https:\\\/\\\/www.tressis.com\\\/wp-content\\\/uploads\\\/2021\\\/09\\\/christine-lagarde-bce.jpg\",\"contentUrl\":\"https:\\\/\\\/www.tressis.com\\\/wp-content\\\/uploads\\\/2021\\\/09\\\/christine-lagarde-bce.jpg\",\"width\":1100,\"height\":487},{\"@type\":\"BreadcrumbList\",\"@id\":\"https:\\\/\\\/www.tressis.com\\\/ca\\\/blog\\\/bce-reduce-compras-emergencia\\\/#breadcrumb\",\"itemListElement\":[{\"@type\":\"ListItem\",\"position\":1,\"name\":\"Inicio\",\"item\":\"https:\\\/\\\/www.tressis.com\\\/ca\\\/\"},{\"@type\":\"ListItem\",\"position\":2,\"name\":\"El BCE reduce el volumen de compras de emergencia\"}]},{\"@type\":\"WebSite\",\"@id\":\"https:\\\/\\\/www.tressis.com\\\/ca\\\/#website\",\"url\":\"https:\\\/\\\/www.tressis.com\\\/ca\\\/\",\"name\":\"Tressis banca privada\",\"description\":\"Tressis | Planificaci\u00f3n financiera y gesti\u00f3n de patrimonios\",\"publisher\":{\"@id\":\"https:\\\/\\\/www.tressis.com\\\/ca\\\/#organization\"},\"potentialAction\":[{\"@type\":\"SearchAction\",\"target\":{\"@type\":\"EntryPoint\",\"urlTemplate\":\"https:\\\/\\\/www.tressis.com\\\/ca\\\/?s={search_term_string}\"},\"query-input\":{\"@type\":\"PropertyValueSpecification\",\"valueRequired\":true,\"valueName\":\"search_term_string\"}}],\"inLanguage\":\"ca\"},{\"@type\":\"Organization\",\"@id\":\"https:\\\/\\\/www.tressis.com\\\/ca\\\/#organization\",\"name\":\"Tressis\",\"url\":\"https:\\\/\\\/www.tressis.com\\\/ca\\\/\",\"logo\":{\"@type\":\"ImageObject\",\"inLanguage\":\"ca\",\"@id\":\"https:\\\/\\\/www.tressis.com\\\/ca\\\/#\\\/schema\\\/logo\\\/image\\\/\",\"url\":\"https:\\\/\\\/www.tressis.com\\\/wp-content\\\/uploads\\\/2025\\\/06\\\/logo-tressis-112.png\",\"contentUrl\":\"https:\\\/\\\/www.tressis.com\\\/wp-content\\\/uploads\\\/2025\\\/06\\\/logo-tressis-112.png\",\"width\":112,\"height\":112,\"caption\":\"Tressis\"},\"image\":{\"@id\":\"https:\\\/\\\/www.tressis.com\\\/ca\\\/#\\\/schema\\\/logo\\\/image\\\/\"},\"sameAs\":[\"https:\\\/\\\/www.facebook.com\\\/Tressis\\\/\",\"https:\\\/\\\/x.com\\\/TressisSV\",\"https:\\\/\\\/www.instagram.com\\\/tressissv\\\/?hl=es\",\"https:\\\/\\\/linkedin.com\\\/company\\\/tressis\\\/\",\"https:\\\/\\\/www.youtube.com\\\/user\\\/tressissv\",\"https:\\\/\\\/open.spotify.com\\\/show\\\/3jmTe1Nf0wqMILl7diWV6h?si=d7112519f13c4593&nd=1\"]},{\"@type\":\"Person\",\"@id\":\"https:\\\/\\\/www.tressis.com\\\/ca\\\/#\\\/schema\\\/person\\\/b833c1d724d8764920b6d6852c70584e\",\"name\":\"Lola\",\"image\":{\"@type\":\"ImageObject\",\"inLanguage\":\"ca\",\"@id\":\"https:\\\/\\\/secure.gravatar.com\\\/avatar\\\/05e646486b23ff45df9649110609c7e31b8c4a3e2821caa23d6317f405e0c51d?s=96&d=mm&r=g\",\"url\":\"https:\\\/\\\/secure.gravatar.com\\\/avatar\\\/05e646486b23ff45df9649110609c7e31b8c4a3e2821caa23d6317f405e0c51d?s=96&d=mm&r=g\",\"contentUrl\":\"https:\\\/\\\/secure.gravatar.com\\\/avatar\\\/05e646486b23ff45df9649110609c7e31b8c4a3e2821caa23d6317f405e0c51d?s=96&d=mm&r=g\",\"caption\":\"Lola\"}}]}<\/script>\n<!-- \/ Yoast SEO plugin. -->","yoast_head_json":{"title":"El BCE reduce el volumen de compras de emergencia","description":"Se comenzar\u00e1 a reducir el volumen de las compras mensuales bajo el PEPP (programa de compras de emergencia) desde los actuales 80.000 millones hasta una cifra que, si bien no se ha especificado, se encontrar\u00e1 entre los 60.000 y los 70.000 millones","robots":{"index":"index","follow":"follow","max-snippet":"max-snippet:-1","max-image-preview":"max-image-preview:large","max-video-preview":"max-video-preview:-1"},"canonical":"https:\/\/www.tressis.com\/ca\/blog\/bce-reduce-compras-emergencia\/","og_locale":"ca_ES","og_type":"article","og_title":"El BCE reduce el volumen de compras de emergencia","og_description":"Se comenzar\u00e1 a reducir el volumen de las compras mensuales bajo el PEPP (programa de compras de emergencia) desde los actuales 80.000 millones hasta una cifra que, si bien no se ha especificado, se encontrar\u00e1 entre los 60.000 y los 70.000 millones","og_url":"https:\/\/www.tressis.com\/ca\/blog\/bce-reduce-compras-emergencia\/","og_site_name":"Tressis","article_publisher":"https:\/\/www.facebook.com\/Tressis\/","article_published_time":"2021-09-10T08:24:14+00:00","og_image":[{"width":1100,"height":487,"url":"https:\/\/www.tressis.com\/wp-content\/uploads\/2021\/09\/christine-lagarde-bce.jpg","type":"image\/jpeg"}],"author":"Lola","twitter_card":"summary_large_image","twitter_creator":"@TressisSV","twitter_site":"@TressisSV","twitter_misc":{"Escrit per":"Lola","Temps estimat de lectura":"2 minuts"},"schema":{"@context":"https:\/\/schema.org","@graph":[{"@type":"Article","@id":"https:\/\/www.tressis.com\/ca\/blog\/bce-reduce-compras-emergencia\/#article","isPartOf":{"@id":"https:\/\/www.tressis.com\/ca\/blog\/bce-reduce-compras-emergencia\/"},"author":{"name":"Lola","@id":"https:\/\/www.tressis.com\/ca\/#\/schema\/person\/b833c1d724d8764920b6d6852c70584e"},"headline":"El BCE reduce el volumen de compras de emergencia","datePublished":"2021-09-10T08:24:14+00:00","mainEntityOfPage":{"@id":"https:\/\/www.tressis.com\/ca\/blog\/bce-reduce-compras-emergencia\/"},"wordCount":451,"commentCount":0,"publisher":{"@id":"https:\/\/www.tressis.com\/ca\/#organization"},"image":{"@id":"https:\/\/www.tressis.com\/ca\/blog\/bce-reduce-compras-emergencia\/#primaryimage"},"thumbnailUrl":"https:\/\/www.tressis.com\/wp-content\/uploads\/2021\/09\/christine-lagarde-bce.jpg","keywords":["Christine Lagarde","elecciones alemania","Jap\u00f3n","mercado renta fija","Nikkei"],"articleSection":["Morning meeting"],"inLanguage":"ca","potentialAction":[{"@type":"CommentAction","name":"Comment","target":["https:\/\/www.tressis.com\/ca\/blog\/bce-reduce-compras-emergencia\/#respond"]}]},{"@type":"WebPage","@id":"https:\/\/www.tressis.com\/ca\/blog\/bce-reduce-compras-emergencia\/","url":"https:\/\/www.tressis.com\/ca\/blog\/bce-reduce-compras-emergencia\/","name":"El BCE reduce el volumen de compras de emergencia","isPartOf":{"@id":"https:\/\/www.tressis.com\/ca\/#website"},"primaryImageOfPage":{"@id":"https:\/\/www.tressis.com\/ca\/blog\/bce-reduce-compras-emergencia\/#primaryimage"},"image":{"@id":"https:\/\/www.tressis.com\/ca\/blog\/bce-reduce-compras-emergencia\/#primaryimage"},"thumbnailUrl":"https:\/\/www.tressis.com\/wp-content\/uploads\/2021\/09\/christine-lagarde-bce.jpg","datePublished":"2021-09-10T08:24:14+00:00","description":"Se comenzar\u00e1 a reducir el volumen de las compras mensuales bajo el PEPP (programa de compras de emergencia) desde los actuales 80.000 millones hasta una cifra que, si bien no se ha especificado, se encontrar\u00e1 entre los 60.000 y los 70.000 millones","breadcrumb":{"@id":"https:\/\/www.tressis.com\/ca\/blog\/bce-reduce-compras-emergencia\/#breadcrumb"},"inLanguage":"ca","potentialAction":[{"@type":"ReadAction","target":["https:\/\/www.tressis.com\/ca\/blog\/bce-reduce-compras-emergencia\/"]}]},{"@type":"ImageObject","inLanguage":"ca","@id":"https:\/\/www.tressis.com\/ca\/blog\/bce-reduce-compras-emergencia\/#primaryimage","url":"https:\/\/www.tressis.com\/wp-content\/uploads\/2021\/09\/christine-lagarde-bce.jpg","contentUrl":"https:\/\/www.tressis.com\/wp-content\/uploads\/2021\/09\/christine-lagarde-bce.jpg","width":1100,"height":487},{"@type":"BreadcrumbList","@id":"https:\/\/www.tressis.com\/ca\/blog\/bce-reduce-compras-emergencia\/#breadcrumb","itemListElement":[{"@type":"ListItem","position":1,"name":"Inicio","item":"https:\/\/www.tressis.com\/ca\/"},{"@type":"ListItem","position":2,"name":"El BCE reduce el volumen de compras de emergencia"}]},{"@type":"WebSite","@id":"https:\/\/www.tressis.com\/ca\/#website","url":"https:\/\/www.tressis.com\/ca\/","name":"Tressis banca privada","description":"Tressis | Planificaci\u00f3n financiera y gesti\u00f3n de patrimonios","publisher":{"@id":"https:\/\/www.tressis.com\/ca\/#organization"},"potentialAction":[{"@type":"SearchAction","target":{"@type":"EntryPoint","urlTemplate":"https:\/\/www.tressis.com\/ca\/?s={search_term_string}"},"query-input":{"@type":"PropertyValueSpecification","valueRequired":true,"valueName":"search_term_string"}}],"inLanguage":"ca"},{"@type":"Organization","@id":"https:\/\/www.tressis.com\/ca\/#organization","name":"Tressis","url":"https:\/\/www.tressis.com\/ca\/","logo":{"@type":"ImageObject","inLanguage":"ca","@id":"https:\/\/www.tressis.com\/ca\/#\/schema\/logo\/image\/","url":"https:\/\/www.tressis.com\/wp-content\/uploads\/2025\/06\/logo-tressis-112.png","contentUrl":"https:\/\/www.tressis.com\/wp-content\/uploads\/2025\/06\/logo-tressis-112.png","width":112,"height":112,"caption":"Tressis"},"image":{"@id":"https:\/\/www.tressis.com\/ca\/#\/schema\/logo\/image\/"},"sameAs":["https:\/\/www.facebook.com\/Tressis\/","https:\/\/x.com\/TressisSV","https:\/\/www.instagram.com\/tressissv\/?hl=es","https:\/\/linkedin.com\/company\/tressis\/","https:\/\/www.youtube.com\/user\/tressissv","https:\/\/open.spotify.com\/show\/3jmTe1Nf0wqMILl7diWV6h?si=d7112519f13c4593&nd=1"]},{"@type":"Person","@id":"https:\/\/www.tressis.com\/ca\/#\/schema\/person\/b833c1d724d8764920b6d6852c70584e","name":"Lola","image":{"@type":"ImageObject","inLanguage":"ca","@id":"https:\/\/secure.gravatar.com\/avatar\/05e646486b23ff45df9649110609c7e31b8c4a3e2821caa23d6317f405e0c51d?s=96&d=mm&r=g","url":"https:\/\/secure.gravatar.com\/avatar\/05e646486b23ff45df9649110609c7e31b8c4a3e2821caa23d6317f405e0c51d?s=96&d=mm&r=g","contentUrl":"https:\/\/secure.gravatar.com\/avatar\/05e646486b23ff45df9649110609c7e31b8c4a3e2821caa23d6317f405e0c51d?s=96&d=mm&r=g","caption":"Lola"}}]}},"_links":{"self":[{"href":"https:\/\/www.tressis.com\/ca\/wp-json\/wp\/v2\/posts\/37009","targetHints":{"allow":["GET"]}}],"collection":[{"href":"https:\/\/www.tressis.com\/ca\/wp-json\/wp\/v2\/posts"}],"about":[{"href":"https:\/\/www.tressis.com\/ca\/wp-json\/wp\/v2\/types\/post"}],"author":[{"embeddable":true,"href":"https:\/\/www.tressis.com\/ca\/wp-json\/wp\/v2\/users\/4"}],"replies":[{"embeddable":true,"href":"https:\/\/www.tressis.com\/ca\/wp-json\/wp\/v2\/comments?post=37009"}],"version-history":[{"count":0,"href":"https:\/\/www.tressis.com\/ca\/wp-json\/wp\/v2\/posts\/37009\/revisions"}],"wp:featuredmedia":[{"embeddable":true,"href":"https:\/\/www.tressis.com\/ca\/wp-json\/wp\/v2\/media\/37010"}],"wp:attachment":[{"href":"https:\/\/www.tressis.com\/ca\/wp-json\/wp\/v2\/media?parent=37009"}],"wp:term":[{"taxonomy":"category","embeddable":true,"href":"https:\/\/www.tressis.com\/ca\/wp-json\/wp\/v2\/categories?post=37009"},{"taxonomy":"post_tag","embeddable":true,"href":"https:\/\/www.tressis.com\/ca\/wp-json\/wp\/v2\/tags?post=37009"}],"curies":[{"name":"wp","href":"https:\/\/api.w.org\/{rel}","templated":true}]}}