{"id":36908,"date":"2021-08-23T09:24:25","date_gmt":"2021-08-23T07:24:25","guid":{"rendered":"https:\/\/www.tressis.com\/blog\/?p=36908"},"modified":"2021-08-23T09:24:25","modified_gmt":"2021-08-23T07:24:25","slug":"libra-esterlina-euro-debiles-frente-dolar","status":"publish","type":"post","link":"https:\/\/www.tressis.com\/ca\/blog\/libra-esterlina-euro-debiles-frente-dolar\/","title":{"rendered":"La libra esterlina y el euro se debilitaron frente al d\u00f3lar estadounidense"},"content":{"rendered":"<p>Dejamos atr\u00e1s una semana negativa en la que se ha notado mucho la falta de informaci\u00f3n relevante, as\u00ed como de volumen suficiente para contener una ca\u00edda desde m\u00e1ximos.<!--more--><\/p>\n<p>Parece que la confianza se ha visto debilitada ante la creciente opini\u00f3n de que el est\u00edmulo monetario no durar\u00e1 para siempre, ya que el acta de la \u00faltima reuni\u00f3n de la Reserva Federal confirma que se est\u00e1 vislumbrando una reducci\u00f3n gradual de la relajaci\u00f3n cuantitativa. Esto parece haber afectado al estado de \u00e1nimo m\u00e1s que las preocupaciones actuales por la pandemia de la COVID-19, que sigue viendo crecer los casos mundiales, y las preocupaciones geopol\u00edticas en torno al retorno al poder de los talibanes en Afganist\u00e1n.<\/p>\n<p>Los \u00faltimos quince d\u00edas hemos conocido pocos datos macroecon\u00f3micos relevantes y, adem\u00e1s, estos simplemente nos mostraban resultados pasados que no nos aportan informaci\u00f3n relevante sobre el devenir futuro de la econom\u00eda. Una vez conocidos los resultados empresariales del segundo trimestre, ahora nos toca centrarnos nuevamente en la evoluci\u00f3n econ\u00f3mica y en tratar de adelantarse a los movimientos de los bancos centrales. Esos organismos que esta semana se reunir\u00e1n en un pueblo de Wyoming, Jackson Hole, a compartir sus previsiones sobre c\u00f3mo ser\u00e1 el pr\u00f3ximo curso.<\/p>\n<p>Por lo pronto, las \u00faltimas cifras mensuales de China sugirieron que el ritmo de crecimiento econ\u00f3mico segu\u00eda siendo m\u00e1s d\u00e9bil de lo esperado, con ventas minoristas, producci\u00f3n industrial y crecimiento de la inversi\u00f3n en activos fijos por debajo de las expectativas. Las encuestas a los consumidores de Estados Unidos tambi\u00e9n causaron cierta preocupaci\u00f3n, ya que la confianza cay\u00f3 muy por debajo de las expectativas, hasta el nivel m\u00e1s d\u00e9bil en casi una d\u00e9cada, mientras que las ventas minoristas de julio no daban se\u00f1ales de fortaleza, sobre todo teniendo en cuenta que coincid\u00edan con un r\u00e1pido aumento de los casos de COVID-19. Adem\u00e1s, conoc\u00edamos un fuerte desplome del inicio de nuevas viviendas de julio, que se un\u00eda a la confianza de los constructores, en m\u00ednimos en un a\u00f1o. Por lo que, las preocupaciones de que el crecimiento podr\u00eda estar alcanzando un m\u00e1ximo tambi\u00e9n parec\u00edan obstaculizar la confianza de los inversores.<\/p>\n<p>Pero los mercados siguen a lo suyo. Los principales indicadores de renta variable retrocedieron durante la semana, pero no antes de que el \u00edndice S&#038;P 500 alcanzara un nuevo m\u00e1ximo hist\u00f3rico de 4,480 el lunes por la tarde, m\u00e1s del doble de su m\u00ednimo intrad\u00eda de 2,192 el 23 de marzo de 2020. En los mercados de renta fija, los rendimientos de los bonos del Tesoro de Estados Unidos disminuyeron durante la mayor parte de la semana, para terminar en el 1,27%, mientras el alem\u00e1n se acercaba al -0,5%. En cambio, los inversores exigieron m\u00e1s rentabilidad en relaci\u00f3n con la deuda p\u00fablica para el cr\u00e9dito corporativo con grado de inversi\u00f3n durante gran parte de la semana, por las preocupaciones sobre COVID-19 y el repunte de la deuda p\u00fablica a m\u00e1s largo plazo. En los mercados de divisas, la libra esterlina y el euro se debilitaron frente al d\u00f3lar estadounidense, ya que el billete verde se benefici\u00f3 del entorno de reducci\u00f3n del riesgo.<\/p>\n<p>La nota negativa sigue proviniendo del gigante asi\u00e1tico. Las acciones chinas han vuelto a vivir una semana de correcciones y se desplomaron ante la posibilidad de que Pek\u00edn traslade las presiones regulatorias del sector tecnol\u00f3gico a otros. Las \u00faltimas en verse penalizadas han sido las acciones de empresas de licores, toda vez que los medios estatales informaron que la Administraci\u00f3n Estatal para la Regulaci\u00f3n de Mercados estaba considerando nuevas regulaciones para dichas compa\u00f1\u00edas. Asimismo, est\u00e1 aumentando la preocupaci\u00f3n entre las empresas de atenci\u00f3n sanitaria de que los beneficios de la industria tambi\u00e9n se ver\u00edan frenados por nuevas regulaciones.<\/p>\n<p>Esta semana conoceremos importantes datos macroecon\u00f3micos como los PMI de las principales econom\u00edas del mes de agosto y la revisi\u00f3n del PIB del segundo trimestre de EE.UU. y Alemania, econom\u00eda en la que conoceremos tambi\u00e9n los datos del IFO y Gfk. Pero toda la atenci\u00f3n estar\u00e1 en lo que pueda salir de Wyoming, sobre todo de la conferencia de Powell, en la que podr\u00eda dar alguna pincelada de c\u00f3mo pretende reducir el ritmo de compra de activos.<\/p>\n<p>Buena semana.<br \/>\n<center><strong>Jorge Gonz\u00e1lez G\u00f3mez<\/strong><br \/>\nDirector de An\u00e1lisis <\/center><\/p>\n","protected":false},"excerpt":{"rendered":"<p>Dejamos atr\u00e1s una semana negativa en la que se ha notado mucho la falta de informaci\u00f3n relevante, as\u00ed como de volumen suficiente para contener una ca\u00edda desde m\u00e1ximos.<\/p>\n","protected":false},"author":4,"featured_media":36909,"comment_status":"open","ping_status":"closed","sticky":false,"template":"","format":"standard","meta":{"_acf_changed":false,"footnotes":""},"categories":[9721],"tags":[1976,2102,2542,3708,3840,6272],"class_list":["post-36908","post","type-post","status-publish","format-standard","has-post-thumbnail","hentry","category-morning-meeting","tag-deuda-publica","tag-dolar","tag-euro","tag-jackson-hole","tag-libra","tag-sp-500"],"acf":[],"yoast_head":"<!-- This site is optimized with the Yoast SEO plugin v27.5 - https:\/\/yoast.com\/product\/yoast-seo-wordpress\/ -->\n<title>La libra esterlina y el euro se debilitaron frente al d\u00f3lar estadounidense<\/title>\n<meta name=\"description\" content=\"Los inversores exigieron m\u00e1s rentabilidad en relaci\u00f3n con la deuda p\u00fablica para el cr\u00e9dito corporativo con grado de inversi\u00f3n durante gran parte de la semana, por las preocupaciones sobre COVID-19 y el repunte de la deuda p\u00fablica a m\u00e1s largo plazo. En los mercados de divisas, la libra esterlina y el euro se debilitaron frente al d\u00f3lar estadounidense, ya que el billete verde se benefici\u00f3 del entorno de reducci\u00f3n del riesgo.\" \/>\n<meta name=\"robots\" content=\"index, follow, max-snippet:-1, max-image-preview:large, max-video-preview:-1\" \/>\n<link rel=\"canonical\" href=\"https:\/\/www.tressis.com\/ca\/blog\/libra-esterlina-euro-debiles-frente-dolar\/\" \/>\n<meta property=\"og:locale\" content=\"ca_ES\" \/>\n<meta property=\"og:type\" content=\"article\" \/>\n<meta property=\"og:title\" content=\"La libra esterlina y el euro se debilitaron frente al d\u00f3lar estadounidense\" \/>\n<meta property=\"og:description\" content=\"Los inversores exigieron m\u00e1s rentabilidad en relaci\u00f3n con la deuda p\u00fablica para el cr\u00e9dito corporativo con grado de inversi\u00f3n durante gran parte de la semana, por las preocupaciones sobre COVID-19 y el repunte de la deuda p\u00fablica a m\u00e1s largo plazo. En los mercados de divisas, la libra esterlina y el euro se debilitaron frente al d\u00f3lar estadounidense, ya que el billete verde se benefici\u00f3 del entorno de reducci\u00f3n del riesgo.\" \/>\n<meta property=\"og:url\" content=\"https:\/\/www.tressis.com\/ca\/blog\/libra-esterlina-euro-debiles-frente-dolar\/\" \/>\n<meta property=\"og:site_name\" content=\"Tressis\" \/>\n<meta property=\"article:publisher\" content=\"https:\/\/www.facebook.com\/Tressis\/\" \/>\n<meta property=\"article:published_time\" content=\"2021-08-23T07:24:25+00:00\" \/>\n<meta property=\"og:image\" content=\"https:\/\/www.tressis.com\/wp-content\/uploads\/2021\/08\/euro-libra-dolar.jpg\" \/>\n\t<meta property=\"og:image:width\" content=\"1100\" \/>\n\t<meta property=\"og:image:height\" content=\"487\" \/>\n\t<meta property=\"og:image:type\" content=\"image\/jpeg\" \/>\n<meta name=\"author\" content=\"Lola\" \/>\n<meta name=\"twitter:card\" content=\"summary_large_image\" \/>\n<meta name=\"twitter:creator\" content=\"@TressisSV\" \/>\n<meta name=\"twitter:site\" content=\"@TressisSV\" \/>\n<meta name=\"twitter:label1\" content=\"Escrit per\" \/>\n\t<meta name=\"twitter:data1\" content=\"Lola\" \/>\n\t<meta name=\"twitter:label2\" content=\"Temps estimat de lectura\" \/>\n\t<meta name=\"twitter:data2\" content=\"4 minuts\" \/>\n<script type=\"application\/ld+json\" class=\"yoast-schema-graph\">{\"@context\":\"https:\\\/\\\/schema.org\",\"@graph\":[{\"@type\":\"Article\",\"@id\":\"https:\\\/\\\/www.tressis.com\\\/ca\\\/blog\\\/libra-esterlina-euro-debiles-frente-dolar\\\/#article\",\"isPartOf\":{\"@id\":\"https:\\\/\\\/www.tressis.com\\\/ca\\\/blog\\\/libra-esterlina-euro-debiles-frente-dolar\\\/\"},\"author\":{\"name\":\"Lola\",\"@id\":\"https:\\\/\\\/www.tressis.com\\\/ca\\\/#\\\/schema\\\/person\\\/b833c1d724d8764920b6d6852c70584e\"},\"headline\":\"La libra esterlina y el euro se debilitaron frente al d\u00f3lar estadounidense\",\"datePublished\":\"2021-08-23T07:24:25+00:00\",\"mainEntityOfPage\":{\"@id\":\"https:\\\/\\\/www.tressis.com\\\/ca\\\/blog\\\/libra-esterlina-euro-debiles-frente-dolar\\\/\"},\"wordCount\":783,\"commentCount\":0,\"publisher\":{\"@id\":\"https:\\\/\\\/www.tressis.com\\\/ca\\\/#organization\"},\"image\":{\"@id\":\"https:\\\/\\\/www.tressis.com\\\/ca\\\/blog\\\/libra-esterlina-euro-debiles-frente-dolar\\\/#primaryimage\"},\"thumbnailUrl\":\"https:\\\/\\\/www.tressis.com\\\/wp-content\\\/uploads\\\/2021\\\/08\\\/euro-libra-dolar.jpg\",\"keywords\":[\"deuda p\u00fablica\",\"dolar\",\"euro\",\"Jackson Hole\",\"libra\",\"SP 500\"],\"articleSection\":[\"Morning meeting\"],\"inLanguage\":\"ca\",\"potentialAction\":[{\"@type\":\"CommentAction\",\"name\":\"Comment\",\"target\":[\"https:\\\/\\\/www.tressis.com\\\/ca\\\/blog\\\/libra-esterlina-euro-debiles-frente-dolar\\\/#respond\"]}]},{\"@type\":\"WebPage\",\"@id\":\"https:\\\/\\\/www.tressis.com\\\/ca\\\/blog\\\/libra-esterlina-euro-debiles-frente-dolar\\\/\",\"url\":\"https:\\\/\\\/www.tressis.com\\\/ca\\\/blog\\\/libra-esterlina-euro-debiles-frente-dolar\\\/\",\"name\":\"La libra esterlina y el euro se debilitaron frente al d\u00f3lar estadounidense\",\"isPartOf\":{\"@id\":\"https:\\\/\\\/www.tressis.com\\\/ca\\\/#website\"},\"primaryImageOfPage\":{\"@id\":\"https:\\\/\\\/www.tressis.com\\\/ca\\\/blog\\\/libra-esterlina-euro-debiles-frente-dolar\\\/#primaryimage\"},\"image\":{\"@id\":\"https:\\\/\\\/www.tressis.com\\\/ca\\\/blog\\\/libra-esterlina-euro-debiles-frente-dolar\\\/#primaryimage\"},\"thumbnailUrl\":\"https:\\\/\\\/www.tressis.com\\\/wp-content\\\/uploads\\\/2021\\\/08\\\/euro-libra-dolar.jpg\",\"datePublished\":\"2021-08-23T07:24:25+00:00\",\"description\":\"Los inversores exigieron m\u00e1s rentabilidad en relaci\u00f3n con la deuda p\u00fablica para el cr\u00e9dito corporativo con grado de inversi\u00f3n durante gran parte de la semana, por las preocupaciones sobre COVID-19 y el repunte de la deuda p\u00fablica a m\u00e1s largo plazo. En los mercados de divisas, la libra esterlina y el euro se debilitaron frente al d\u00f3lar estadounidense, ya que el billete verde se benefici\u00f3 del entorno de reducci\u00f3n del riesgo.\",\"breadcrumb\":{\"@id\":\"https:\\\/\\\/www.tressis.com\\\/ca\\\/blog\\\/libra-esterlina-euro-debiles-frente-dolar\\\/#breadcrumb\"},\"inLanguage\":\"ca\",\"potentialAction\":[{\"@type\":\"ReadAction\",\"target\":[\"https:\\\/\\\/www.tressis.com\\\/ca\\\/blog\\\/libra-esterlina-euro-debiles-frente-dolar\\\/\"]}]},{\"@type\":\"ImageObject\",\"inLanguage\":\"ca\",\"@id\":\"https:\\\/\\\/www.tressis.com\\\/ca\\\/blog\\\/libra-esterlina-euro-debiles-frente-dolar\\\/#primaryimage\",\"url\":\"https:\\\/\\\/www.tressis.com\\\/wp-content\\\/uploads\\\/2021\\\/08\\\/euro-libra-dolar.jpg\",\"contentUrl\":\"https:\\\/\\\/www.tressis.com\\\/wp-content\\\/uploads\\\/2021\\\/08\\\/euro-libra-dolar.jpg\",\"width\":1100,\"height\":487},{\"@type\":\"BreadcrumbList\",\"@id\":\"https:\\\/\\\/www.tressis.com\\\/ca\\\/blog\\\/libra-esterlina-euro-debiles-frente-dolar\\\/#breadcrumb\",\"itemListElement\":[{\"@type\":\"ListItem\",\"position\":1,\"name\":\"Inicio\",\"item\":\"https:\\\/\\\/www.tressis.com\\\/ca\\\/\"},{\"@type\":\"ListItem\",\"position\":2,\"name\":\"La libra esterlina y el euro se debilitaron frente al d\u00f3lar estadounidense\"}]},{\"@type\":\"WebSite\",\"@id\":\"https:\\\/\\\/www.tressis.com\\\/ca\\\/#website\",\"url\":\"https:\\\/\\\/www.tressis.com\\\/ca\\\/\",\"name\":\"Tressis banca privada\",\"description\":\"Tressis | Planificaci\u00f3n financiera y gesti\u00f3n de patrimonios\",\"publisher\":{\"@id\":\"https:\\\/\\\/www.tressis.com\\\/ca\\\/#organization\"},\"potentialAction\":[{\"@type\":\"SearchAction\",\"target\":{\"@type\":\"EntryPoint\",\"urlTemplate\":\"https:\\\/\\\/www.tressis.com\\\/ca\\\/?s={search_term_string}\"},\"query-input\":{\"@type\":\"PropertyValueSpecification\",\"valueRequired\":true,\"valueName\":\"search_term_string\"}}],\"inLanguage\":\"ca\"},{\"@type\":\"Organization\",\"@id\":\"https:\\\/\\\/www.tressis.com\\\/ca\\\/#organization\",\"name\":\"Tressis\",\"url\":\"https:\\\/\\\/www.tressis.com\\\/ca\\\/\",\"logo\":{\"@type\":\"ImageObject\",\"inLanguage\":\"ca\",\"@id\":\"https:\\\/\\\/www.tressis.com\\\/ca\\\/#\\\/schema\\\/logo\\\/image\\\/\",\"url\":\"https:\\\/\\\/www.tressis.com\\\/wp-content\\\/uploads\\\/2025\\\/06\\\/logo-tressis-112.png\",\"contentUrl\":\"https:\\\/\\\/www.tressis.com\\\/wp-content\\\/uploads\\\/2025\\\/06\\\/logo-tressis-112.png\",\"width\":112,\"height\":112,\"caption\":\"Tressis\"},\"image\":{\"@id\":\"https:\\\/\\\/www.tressis.com\\\/ca\\\/#\\\/schema\\\/logo\\\/image\\\/\"},\"sameAs\":[\"https:\\\/\\\/www.facebook.com\\\/Tressis\\\/\",\"https:\\\/\\\/x.com\\\/TressisSV\",\"https:\\\/\\\/www.instagram.com\\\/tressissv\\\/?hl=es\",\"https:\\\/\\\/linkedin.com\\\/company\\\/tressis\\\/\",\"https:\\\/\\\/www.youtube.com\\\/user\\\/tressissv\",\"https:\\\/\\\/open.spotify.com\\\/show\\\/3jmTe1Nf0wqMILl7diWV6h?si=d7112519f13c4593&nd=1\"]},{\"@type\":\"Person\",\"@id\":\"https:\\\/\\\/www.tressis.com\\\/ca\\\/#\\\/schema\\\/person\\\/b833c1d724d8764920b6d6852c70584e\",\"name\":\"Lola\",\"image\":{\"@type\":\"ImageObject\",\"inLanguage\":\"ca\",\"@id\":\"https:\\\/\\\/secure.gravatar.com\\\/avatar\\\/05e646486b23ff45df9649110609c7e31b8c4a3e2821caa23d6317f405e0c51d?s=96&d=mm&r=g\",\"url\":\"https:\\\/\\\/secure.gravatar.com\\\/avatar\\\/05e646486b23ff45df9649110609c7e31b8c4a3e2821caa23d6317f405e0c51d?s=96&d=mm&r=g\",\"contentUrl\":\"https:\\\/\\\/secure.gravatar.com\\\/avatar\\\/05e646486b23ff45df9649110609c7e31b8c4a3e2821caa23d6317f405e0c51d?s=96&d=mm&r=g\",\"caption\":\"Lola\"}}]}<\/script>\n<!-- \/ Yoast SEO plugin. -->","yoast_head_json":{"title":"La libra esterlina y el euro se debilitaron frente al d\u00f3lar estadounidense","description":"Los inversores exigieron m\u00e1s rentabilidad en relaci\u00f3n con la deuda p\u00fablica para el cr\u00e9dito corporativo con grado de inversi\u00f3n durante gran parte de la semana, por las preocupaciones sobre COVID-19 y el repunte de la deuda p\u00fablica a m\u00e1s largo plazo. En los mercados de divisas, la libra esterlina y el euro se debilitaron frente al d\u00f3lar estadounidense, ya que el billete verde se benefici\u00f3 del entorno de reducci\u00f3n del riesgo.","robots":{"index":"index","follow":"follow","max-snippet":"max-snippet:-1","max-image-preview":"max-image-preview:large","max-video-preview":"max-video-preview:-1"},"canonical":"https:\/\/www.tressis.com\/ca\/blog\/libra-esterlina-euro-debiles-frente-dolar\/","og_locale":"ca_ES","og_type":"article","og_title":"La libra esterlina y el euro se debilitaron frente al d\u00f3lar estadounidense","og_description":"Los inversores exigieron m\u00e1s rentabilidad en relaci\u00f3n con la deuda p\u00fablica para el cr\u00e9dito corporativo con grado de inversi\u00f3n durante gran parte de la semana, por las preocupaciones sobre COVID-19 y el repunte de la deuda p\u00fablica a m\u00e1s largo plazo. En los mercados de divisas, la libra esterlina y el euro se debilitaron frente al d\u00f3lar estadounidense, ya que el billete verde se benefici\u00f3 del entorno de reducci\u00f3n del riesgo.","og_url":"https:\/\/www.tressis.com\/ca\/blog\/libra-esterlina-euro-debiles-frente-dolar\/","og_site_name":"Tressis","article_publisher":"https:\/\/www.facebook.com\/Tressis\/","article_published_time":"2021-08-23T07:24:25+00:00","og_image":[{"width":1100,"height":487,"url":"https:\/\/www.tressis.com\/wp-content\/uploads\/2021\/08\/euro-libra-dolar.jpg","type":"image\/jpeg"}],"author":"Lola","twitter_card":"summary_large_image","twitter_creator":"@TressisSV","twitter_site":"@TressisSV","twitter_misc":{"Escrit per":"Lola","Temps estimat de lectura":"4 minuts"},"schema":{"@context":"https:\/\/schema.org","@graph":[{"@type":"Article","@id":"https:\/\/www.tressis.com\/ca\/blog\/libra-esterlina-euro-debiles-frente-dolar\/#article","isPartOf":{"@id":"https:\/\/www.tressis.com\/ca\/blog\/libra-esterlina-euro-debiles-frente-dolar\/"},"author":{"name":"Lola","@id":"https:\/\/www.tressis.com\/ca\/#\/schema\/person\/b833c1d724d8764920b6d6852c70584e"},"headline":"La libra esterlina y el euro se debilitaron frente al d\u00f3lar estadounidense","datePublished":"2021-08-23T07:24:25+00:00","mainEntityOfPage":{"@id":"https:\/\/www.tressis.com\/ca\/blog\/libra-esterlina-euro-debiles-frente-dolar\/"},"wordCount":783,"commentCount":0,"publisher":{"@id":"https:\/\/www.tressis.com\/ca\/#organization"},"image":{"@id":"https:\/\/www.tressis.com\/ca\/blog\/libra-esterlina-euro-debiles-frente-dolar\/#primaryimage"},"thumbnailUrl":"https:\/\/www.tressis.com\/wp-content\/uploads\/2021\/08\/euro-libra-dolar.jpg","keywords":["deuda p\u00fablica","dolar","euro","Jackson Hole","libra","SP 500"],"articleSection":["Morning meeting"],"inLanguage":"ca","potentialAction":[{"@type":"CommentAction","name":"Comment","target":["https:\/\/www.tressis.com\/ca\/blog\/libra-esterlina-euro-debiles-frente-dolar\/#respond"]}]},{"@type":"WebPage","@id":"https:\/\/www.tressis.com\/ca\/blog\/libra-esterlina-euro-debiles-frente-dolar\/","url":"https:\/\/www.tressis.com\/ca\/blog\/libra-esterlina-euro-debiles-frente-dolar\/","name":"La libra esterlina y el euro se debilitaron frente al d\u00f3lar estadounidense","isPartOf":{"@id":"https:\/\/www.tressis.com\/ca\/#website"},"primaryImageOfPage":{"@id":"https:\/\/www.tressis.com\/ca\/blog\/libra-esterlina-euro-debiles-frente-dolar\/#primaryimage"},"image":{"@id":"https:\/\/www.tressis.com\/ca\/blog\/libra-esterlina-euro-debiles-frente-dolar\/#primaryimage"},"thumbnailUrl":"https:\/\/www.tressis.com\/wp-content\/uploads\/2021\/08\/euro-libra-dolar.jpg","datePublished":"2021-08-23T07:24:25+00:00","description":"Los inversores exigieron m\u00e1s rentabilidad en relaci\u00f3n con la deuda p\u00fablica para el cr\u00e9dito corporativo con grado de inversi\u00f3n durante gran parte de la semana, por las preocupaciones sobre COVID-19 y el repunte de la deuda p\u00fablica a m\u00e1s largo plazo. En los mercados de divisas, la libra esterlina y el euro se debilitaron frente al d\u00f3lar estadounidense, ya que el billete verde se benefici\u00f3 del entorno de reducci\u00f3n del riesgo.","breadcrumb":{"@id":"https:\/\/www.tressis.com\/ca\/blog\/libra-esterlina-euro-debiles-frente-dolar\/#breadcrumb"},"inLanguage":"ca","potentialAction":[{"@type":"ReadAction","target":["https:\/\/www.tressis.com\/ca\/blog\/libra-esterlina-euro-debiles-frente-dolar\/"]}]},{"@type":"ImageObject","inLanguage":"ca","@id":"https:\/\/www.tressis.com\/ca\/blog\/libra-esterlina-euro-debiles-frente-dolar\/#primaryimage","url":"https:\/\/www.tressis.com\/wp-content\/uploads\/2021\/08\/euro-libra-dolar.jpg","contentUrl":"https:\/\/www.tressis.com\/wp-content\/uploads\/2021\/08\/euro-libra-dolar.jpg","width":1100,"height":487},{"@type":"BreadcrumbList","@id":"https:\/\/www.tressis.com\/ca\/blog\/libra-esterlina-euro-debiles-frente-dolar\/#breadcrumb","itemListElement":[{"@type":"ListItem","position":1,"name":"Inicio","item":"https:\/\/www.tressis.com\/ca\/"},{"@type":"ListItem","position":2,"name":"La libra esterlina y el euro se debilitaron frente al d\u00f3lar estadounidense"}]},{"@type":"WebSite","@id":"https:\/\/www.tressis.com\/ca\/#website","url":"https:\/\/www.tressis.com\/ca\/","name":"Tressis banca privada","description":"Tressis | Planificaci\u00f3n financiera y gesti\u00f3n de patrimonios","publisher":{"@id":"https:\/\/www.tressis.com\/ca\/#organization"},"potentialAction":[{"@type":"SearchAction","target":{"@type":"EntryPoint","urlTemplate":"https:\/\/www.tressis.com\/ca\/?s={search_term_string}"},"query-input":{"@type":"PropertyValueSpecification","valueRequired":true,"valueName":"search_term_string"}}],"inLanguage":"ca"},{"@type":"Organization","@id":"https:\/\/www.tressis.com\/ca\/#organization","name":"Tressis","url":"https:\/\/www.tressis.com\/ca\/","logo":{"@type":"ImageObject","inLanguage":"ca","@id":"https:\/\/www.tressis.com\/ca\/#\/schema\/logo\/image\/","url":"https:\/\/www.tressis.com\/wp-content\/uploads\/2025\/06\/logo-tressis-112.png","contentUrl":"https:\/\/www.tressis.com\/wp-content\/uploads\/2025\/06\/logo-tressis-112.png","width":112,"height":112,"caption":"Tressis"},"image":{"@id":"https:\/\/www.tressis.com\/ca\/#\/schema\/logo\/image\/"},"sameAs":["https:\/\/www.facebook.com\/Tressis\/","https:\/\/x.com\/TressisSV","https:\/\/www.instagram.com\/tressissv\/?hl=es","https:\/\/linkedin.com\/company\/tressis\/","https:\/\/www.youtube.com\/user\/tressissv","https:\/\/open.spotify.com\/show\/3jmTe1Nf0wqMILl7diWV6h?si=d7112519f13c4593&nd=1"]},{"@type":"Person","@id":"https:\/\/www.tressis.com\/ca\/#\/schema\/person\/b833c1d724d8764920b6d6852c70584e","name":"Lola","image":{"@type":"ImageObject","inLanguage":"ca","@id":"https:\/\/secure.gravatar.com\/avatar\/05e646486b23ff45df9649110609c7e31b8c4a3e2821caa23d6317f405e0c51d?s=96&d=mm&r=g","url":"https:\/\/secure.gravatar.com\/avatar\/05e646486b23ff45df9649110609c7e31b8c4a3e2821caa23d6317f405e0c51d?s=96&d=mm&r=g","contentUrl":"https:\/\/secure.gravatar.com\/avatar\/05e646486b23ff45df9649110609c7e31b8c4a3e2821caa23d6317f405e0c51d?s=96&d=mm&r=g","caption":"Lola"}}]}},"_links":{"self":[{"href":"https:\/\/www.tressis.com\/ca\/wp-json\/wp\/v2\/posts\/36908","targetHints":{"allow":["GET"]}}],"collection":[{"href":"https:\/\/www.tressis.com\/ca\/wp-json\/wp\/v2\/posts"}],"about":[{"href":"https:\/\/www.tressis.com\/ca\/wp-json\/wp\/v2\/types\/post"}],"author":[{"embeddable":true,"href":"https:\/\/www.tressis.com\/ca\/wp-json\/wp\/v2\/users\/4"}],"replies":[{"embeddable":true,"href":"https:\/\/www.tressis.com\/ca\/wp-json\/wp\/v2\/comments?post=36908"}],"version-history":[{"count":0,"href":"https:\/\/www.tressis.com\/ca\/wp-json\/wp\/v2\/posts\/36908\/revisions"}],"wp:featuredmedia":[{"embeddable":true,"href":"https:\/\/www.tressis.com\/ca\/wp-json\/wp\/v2\/media\/36909"}],"wp:attachment":[{"href":"https:\/\/www.tressis.com\/ca\/wp-json\/wp\/v2\/media?parent=36908"}],"wp:term":[{"taxonomy":"category","embeddable":true,"href":"https:\/\/www.tressis.com\/ca\/wp-json\/wp\/v2\/categories?post=36908"},{"taxonomy":"post_tag","embeddable":true,"href":"https:\/\/www.tressis.com\/ca\/wp-json\/wp\/v2\/tags?post=36908"}],"curies":[{"name":"wp","href":"https:\/\/api.w.org\/{rel}","templated":true}]}}