{"id":36890,"date":"2021-08-18T09:40:17","date_gmt":"2021-08-18T07:40:17","guid":{"rendered":"https:\/\/www.tressis.com\/blog\/?p=36890"},"modified":"2021-08-18T09:40:17","modified_gmt":"2021-08-18T07:40:17","slug":"inversores-preocupacion-ritmo-crecimiento-economico","status":"publish","type":"post","link":"https:\/\/www.tressis.com\/ca\/blog\/inversores-preocupacion-ritmo-crecimiento-economico\/","title":{"rendered":"Los inversores empiezan a tener cierta preocupaci\u00f3n e incertidumbre sobre el ritmo de crecimiento econ\u00f3mico"},"content":{"rendered":"<p>Despu\u00e9s de varias sesiones marcando m\u00e1ximos hist\u00f3ricos, los \u00edndices americanos frenan su <i>rally<\/i> lastrado por el mal dato de ventas minoristas.<!--more--> Este dato arroj\u00f3 una ca\u00edda de un -1,1% en julio, m\u00e1s del 0,3% esperado, mermado por la escasez de compra de veh\u00edculos de motor y otros bienes. Desagregando por partidas, la que m\u00e1s sufri\u00f3 fueron las compras de autos que cayeron un -4,3% seguido por los componentes de autos (-3,9%). El Dow Jones cay\u00f3 un -0,79% hasta los 35.343,28 puntos, el selectivo S&#038;P 500 cedi\u00f3 un -0,71%  hasta los 4.448,08 puntos y el tecnol\u00f3gico Nasdaq perdi\u00f3 un -0,93% hasta los cerrando en los 14.656,18.<\/p>\n<p>El temor sobre el avance de la variante delta, la desaceleraci\u00f3n del crecimiento de China, la inflaci\u00f3n y, adem\u00e1s, la nueva situaci\u00f3n geopol\u00edtica tan dram\u00e1tica que se est\u00e1 viviendo en el pueblo afgano, provoca en los inversores cierta preocupaci\u00f3n e incertidumbre sobre el ritmo de crecimiento econ\u00f3mico. As\u00ed lo constataba el presidente de la Fed, Jerome Powell, en su comparecencia, donde manifest\u00f3 que la variante delta y la disminuci\u00f3n en el ritmo de vacunaci\u00f3n podr\u00edan frenar esa recuperaci\u00f3n. Tambi\u00e9n escuch\u00e1bamos a Neel Kashari, presidente de la Fed de Minneapolis, abogando porque esa reducci\u00f3n de est\u00edmulos tendr\u00eda que venir acompa\u00f1ada del buen progreso del mercado laboral.<\/p>\n<p>Pero no todo fueron datos malos. Ayer tambi\u00e9n tuvimos el dato de la producci\u00f3n industrial que aument\u00f3 un 0,9% en julio vs. 0,5% previsto donde mejora con fuerza la producci\u00f3n manufacturera, +1,4% vs. -0,3% anterior. Adem\u00e1s de la tasa de Utilizaci\u00f3n de Capacidad Productiva que mejor\u00f3 hasta 76,1% vs 75,7% estimado y 75,4% anterior.<\/p>\n<p>En el mercado de deuda, el inter\u00e9s del bono americano a 10 a\u00f1os cede 3 punto b\u00e1sicos hasta el 1,268% condicionado por las ca\u00eddas de las ventas <i>retail<\/i>, mostr\u00e1ndose una desaceleraci\u00f3n en el consumo y cierta aversi\u00f3n al riesgo por parte de los inversores. En el caso del Bund registraba una rentabilidad de -0,479% mientras que en la espa\u00f1ola, con el dato de ayer donde la deuda p\u00fablica volv\u00eda a superar un nuevo r\u00e9cord de 1,42 billones de euros, ganaba 5 puntos b\u00e1sicos hasta el 0,223%.<\/p>\n<p>De cara a la sesi\u00f3n de hoy, el foco lo pondremos en la publicaci\u00f3n del acta correspondiente a la \u00faltima reuni\u00f3n del Comit\u00e9 Federal de Mercado Abierto de la Fed (FOMC) que podr\u00edan aportar alg\u00fan adelanto acerca del comienzo del <i>tapering<\/i>.<\/p>\n<p>Feliz mi\u00e9rcoles.<br \/>\n<center><strong>Joanna Galindo Huayanay<\/strong><br \/>\nAnalista <\/center><\/p>\n","protected":false},"excerpt":{"rendered":"<p>Despu\u00e9s de varias sesiones marcando m\u00e1ximos hist\u00f3ricos, los \u00edndices americanos frenan su rally lastrado por el mal dato de ventas minoristas.<\/p>\n","protected":false},"author":4,"featured_media":36892,"comment_status":"open","ping_status":"closed","sticky":false,"template":"","format":"standard","meta":{"_acf_changed":false,"footnotes":""},"categories":[9721],"tags":[699,1555,3399,4144,5224],"class_list":["post-36890","post","type-post","status-publish","format-standard","has-post-thumbnail","hentry","category-morning-meeting","tag-bono-americano-a-diez-anos","tag-crecimiento-economico","tag-indices-americanos","tag-mercado-de-deuda","tag-produccion-industrial"],"acf":[],"yoast_head":"<!-- This site is optimized with the Yoast SEO plugin v27.5 - https:\/\/yoast.com\/product\/yoast-seo-wordpress\/ -->\n<title>Los inversores empiezan a tener cierta preocupaci\u00f3n e incertidumbre sobre el ritmo de crecimiento econ\u00f3mico<\/title>\n<meta name=\"description\" content=\"Jerome Powell manifest\u00f3 que la variante delta y la disminuci\u00f3n en el ritmo de vacunaci\u00f3n podr\u00edan frenar la recuperaci\u00f3n\" \/>\n<meta name=\"robots\" content=\"index, follow, max-snippet:-1, max-image-preview:large, max-video-preview:-1\" \/>\n<link rel=\"canonical\" href=\"https:\/\/www.tressis.com\/ca\/blog\/inversores-preocupacion-ritmo-crecimiento-economico\/\" \/>\n<meta property=\"og:locale\" content=\"ca_ES\" \/>\n<meta property=\"og:type\" content=\"article\" \/>\n<meta property=\"og:title\" content=\"Los inversores empiezan a tener cierta preocupaci\u00f3n e incertidumbre sobre el ritmo de crecimiento econ\u00f3mico\" \/>\n<meta property=\"og:description\" content=\"Jerome Powell manifest\u00f3 que la variante delta y la disminuci\u00f3n en el ritmo de vacunaci\u00f3n podr\u00edan frenar la recuperaci\u00f3n\" \/>\n<meta property=\"og:url\" content=\"https:\/\/www.tressis.com\/ca\/blog\/inversores-preocupacion-ritmo-crecimiento-economico\/\" \/>\n<meta property=\"og:site_name\" content=\"Tressis\" \/>\n<meta property=\"article:publisher\" content=\"https:\/\/www.facebook.com\/Tressis\/\" \/>\n<meta property=\"article:published_time\" content=\"2021-08-18T07:40:17+00:00\" \/>\n<meta property=\"og:image\" content=\"https:\/\/www.tressis.com\/wp-content\/uploads\/2021\/08\/preocupacion-inversor.jpg\" \/>\n\t<meta property=\"og:image:width\" content=\"1100\" \/>\n\t<meta property=\"og:image:height\" content=\"487\" \/>\n\t<meta property=\"og:image:type\" content=\"image\/jpeg\" \/>\n<meta name=\"author\" content=\"Lola\" \/>\n<meta name=\"twitter:card\" content=\"summary_large_image\" \/>\n<meta name=\"twitter:creator\" content=\"@TressisSV\" \/>\n<meta name=\"twitter:site\" content=\"@TressisSV\" \/>\n<meta name=\"twitter:label1\" content=\"Escrit per\" \/>\n\t<meta name=\"twitter:data1\" content=\"Lola\" \/>\n\t<meta name=\"twitter:label2\" content=\"Temps estimat de lectura\" \/>\n\t<meta name=\"twitter:data2\" content=\"2 minuts\" \/>\n<script type=\"application\/ld+json\" class=\"yoast-schema-graph\">{\"@context\":\"https:\\\/\\\/schema.org\",\"@graph\":[{\"@type\":\"Article\",\"@id\":\"https:\\\/\\\/www.tressis.com\\\/ca\\\/blog\\\/inversores-preocupacion-ritmo-crecimiento-economico\\\/#article\",\"isPartOf\":{\"@id\":\"https:\\\/\\\/www.tressis.com\\\/ca\\\/blog\\\/inversores-preocupacion-ritmo-crecimiento-economico\\\/\"},\"author\":{\"name\":\"Lola\",\"@id\":\"https:\\\/\\\/www.tressis.com\\\/ca\\\/#\\\/schema\\\/person\\\/b833c1d724d8764920b6d6852c70584e\"},\"headline\":\"Los inversores empiezan a tener cierta preocupaci\u00f3n e incertidumbre sobre el ritmo de crecimiento econ\u00f3mico\",\"datePublished\":\"2021-08-18T07:40:17+00:00\",\"mainEntityOfPage\":{\"@id\":\"https:\\\/\\\/www.tressis.com\\\/ca\\\/blog\\\/inversores-preocupacion-ritmo-crecimiento-economico\\\/\"},\"wordCount\":447,\"commentCount\":0,\"publisher\":{\"@id\":\"https:\\\/\\\/www.tressis.com\\\/ca\\\/#organization\"},\"image\":{\"@id\":\"https:\\\/\\\/www.tressis.com\\\/ca\\\/blog\\\/inversores-preocupacion-ritmo-crecimiento-economico\\\/#primaryimage\"},\"thumbnailUrl\":\"https:\\\/\\\/www.tressis.com\\\/wp-content\\\/uploads\\\/2021\\\/08\\\/preocupacion-inversor.jpg\",\"keywords\":[\"bono americano a diez a\u00f1os\",\"crecimiento econ\u00f3mico\",\"\u00edndices americanos\",\"mercado de deuda\",\"producci\u00f3n industrial\"],\"articleSection\":[\"Morning meeting\"],\"inLanguage\":\"ca\",\"potentialAction\":[{\"@type\":\"CommentAction\",\"name\":\"Comment\",\"target\":[\"https:\\\/\\\/www.tressis.com\\\/ca\\\/blog\\\/inversores-preocupacion-ritmo-crecimiento-economico\\\/#respond\"]}]},{\"@type\":\"WebPage\",\"@id\":\"https:\\\/\\\/www.tressis.com\\\/ca\\\/blog\\\/inversores-preocupacion-ritmo-crecimiento-economico\\\/\",\"url\":\"https:\\\/\\\/www.tressis.com\\\/ca\\\/blog\\\/inversores-preocupacion-ritmo-crecimiento-economico\\\/\",\"name\":\"Los inversores empiezan a tener cierta preocupaci\u00f3n e incertidumbre sobre el ritmo de crecimiento econ\u00f3mico\",\"isPartOf\":{\"@id\":\"https:\\\/\\\/www.tressis.com\\\/ca\\\/#website\"},\"primaryImageOfPage\":{\"@id\":\"https:\\\/\\\/www.tressis.com\\\/ca\\\/blog\\\/inversores-preocupacion-ritmo-crecimiento-economico\\\/#primaryimage\"},\"image\":{\"@id\":\"https:\\\/\\\/www.tressis.com\\\/ca\\\/blog\\\/inversores-preocupacion-ritmo-crecimiento-economico\\\/#primaryimage\"},\"thumbnailUrl\":\"https:\\\/\\\/www.tressis.com\\\/wp-content\\\/uploads\\\/2021\\\/08\\\/preocupacion-inversor.jpg\",\"datePublished\":\"2021-08-18T07:40:17+00:00\",\"description\":\"Jerome Powell manifest\u00f3 que la variante delta y la disminuci\u00f3n en el ritmo de vacunaci\u00f3n podr\u00edan frenar la recuperaci\u00f3n\",\"breadcrumb\":{\"@id\":\"https:\\\/\\\/www.tressis.com\\\/ca\\\/blog\\\/inversores-preocupacion-ritmo-crecimiento-economico\\\/#breadcrumb\"},\"inLanguage\":\"ca\",\"potentialAction\":[{\"@type\":\"ReadAction\",\"target\":[\"https:\\\/\\\/www.tressis.com\\\/ca\\\/blog\\\/inversores-preocupacion-ritmo-crecimiento-economico\\\/\"]}]},{\"@type\":\"ImageObject\",\"inLanguage\":\"ca\",\"@id\":\"https:\\\/\\\/www.tressis.com\\\/ca\\\/blog\\\/inversores-preocupacion-ritmo-crecimiento-economico\\\/#primaryimage\",\"url\":\"https:\\\/\\\/www.tressis.com\\\/wp-content\\\/uploads\\\/2021\\\/08\\\/preocupacion-inversor.jpg\",\"contentUrl\":\"https:\\\/\\\/www.tressis.com\\\/wp-content\\\/uploads\\\/2021\\\/08\\\/preocupacion-inversor.jpg\",\"width\":1100,\"height\":487},{\"@type\":\"BreadcrumbList\",\"@id\":\"https:\\\/\\\/www.tressis.com\\\/ca\\\/blog\\\/inversores-preocupacion-ritmo-crecimiento-economico\\\/#breadcrumb\",\"itemListElement\":[{\"@type\":\"ListItem\",\"position\":1,\"name\":\"Inicio\",\"item\":\"https:\\\/\\\/www.tressis.com\\\/ca\\\/\"},{\"@type\":\"ListItem\",\"position\":2,\"name\":\"Los inversores empiezan a tener cierta preocupaci\u00f3n e incertidumbre sobre el ritmo de crecimiento econ\u00f3mico\"}]},{\"@type\":\"WebSite\",\"@id\":\"https:\\\/\\\/www.tressis.com\\\/ca\\\/#website\",\"url\":\"https:\\\/\\\/www.tressis.com\\\/ca\\\/\",\"name\":\"Tressis banca privada\",\"description\":\"Tressis | Planificaci\u00f3n financiera y gesti\u00f3n de patrimonios\",\"publisher\":{\"@id\":\"https:\\\/\\\/www.tressis.com\\\/ca\\\/#organization\"},\"potentialAction\":[{\"@type\":\"SearchAction\",\"target\":{\"@type\":\"EntryPoint\",\"urlTemplate\":\"https:\\\/\\\/www.tressis.com\\\/ca\\\/?s={search_term_string}\"},\"query-input\":{\"@type\":\"PropertyValueSpecification\",\"valueRequired\":true,\"valueName\":\"search_term_string\"}}],\"inLanguage\":\"ca\"},{\"@type\":\"Organization\",\"@id\":\"https:\\\/\\\/www.tressis.com\\\/ca\\\/#organization\",\"name\":\"Tressis\",\"url\":\"https:\\\/\\\/www.tressis.com\\\/ca\\\/\",\"logo\":{\"@type\":\"ImageObject\",\"inLanguage\":\"ca\",\"@id\":\"https:\\\/\\\/www.tressis.com\\\/ca\\\/#\\\/schema\\\/logo\\\/image\\\/\",\"url\":\"https:\\\/\\\/www.tressis.com\\\/wp-content\\\/uploads\\\/2025\\\/06\\\/logo-tressis-112.png\",\"contentUrl\":\"https:\\\/\\\/www.tressis.com\\\/wp-content\\\/uploads\\\/2025\\\/06\\\/logo-tressis-112.png\",\"width\":112,\"height\":112,\"caption\":\"Tressis\"},\"image\":{\"@id\":\"https:\\\/\\\/www.tressis.com\\\/ca\\\/#\\\/schema\\\/logo\\\/image\\\/\"},\"sameAs\":[\"https:\\\/\\\/www.facebook.com\\\/Tressis\\\/\",\"https:\\\/\\\/x.com\\\/TressisSV\",\"https:\\\/\\\/www.instagram.com\\\/tressissv\\\/?hl=es\",\"https:\\\/\\\/linkedin.com\\\/company\\\/tressis\\\/\",\"https:\\\/\\\/www.youtube.com\\\/user\\\/tressissv\",\"https:\\\/\\\/open.spotify.com\\\/show\\\/3jmTe1Nf0wqMILl7diWV6h?si=d7112519f13c4593&nd=1\"]},{\"@type\":\"Person\",\"@id\":\"https:\\\/\\\/www.tressis.com\\\/ca\\\/#\\\/schema\\\/person\\\/b833c1d724d8764920b6d6852c70584e\",\"name\":\"Lola\",\"image\":{\"@type\":\"ImageObject\",\"inLanguage\":\"ca\",\"@id\":\"https:\\\/\\\/secure.gravatar.com\\\/avatar\\\/05e646486b23ff45df9649110609c7e31b8c4a3e2821caa23d6317f405e0c51d?s=96&d=mm&r=g\",\"url\":\"https:\\\/\\\/secure.gravatar.com\\\/avatar\\\/05e646486b23ff45df9649110609c7e31b8c4a3e2821caa23d6317f405e0c51d?s=96&d=mm&r=g\",\"contentUrl\":\"https:\\\/\\\/secure.gravatar.com\\\/avatar\\\/05e646486b23ff45df9649110609c7e31b8c4a3e2821caa23d6317f405e0c51d?s=96&d=mm&r=g\",\"caption\":\"Lola\"}}]}<\/script>\n<!-- \/ Yoast SEO plugin. -->","yoast_head_json":{"title":"Los inversores empiezan a tener cierta preocupaci\u00f3n e incertidumbre sobre el ritmo de crecimiento econ\u00f3mico","description":"Jerome Powell manifest\u00f3 que la variante delta y la disminuci\u00f3n en el ritmo de vacunaci\u00f3n podr\u00edan frenar la recuperaci\u00f3n","robots":{"index":"index","follow":"follow","max-snippet":"max-snippet:-1","max-image-preview":"max-image-preview:large","max-video-preview":"max-video-preview:-1"},"canonical":"https:\/\/www.tressis.com\/ca\/blog\/inversores-preocupacion-ritmo-crecimiento-economico\/","og_locale":"ca_ES","og_type":"article","og_title":"Los inversores empiezan a tener cierta preocupaci\u00f3n e incertidumbre sobre el ritmo de crecimiento econ\u00f3mico","og_description":"Jerome Powell manifest\u00f3 que la variante delta y la disminuci\u00f3n en el ritmo de vacunaci\u00f3n podr\u00edan frenar la recuperaci\u00f3n","og_url":"https:\/\/www.tressis.com\/ca\/blog\/inversores-preocupacion-ritmo-crecimiento-economico\/","og_site_name":"Tressis","article_publisher":"https:\/\/www.facebook.com\/Tressis\/","article_published_time":"2021-08-18T07:40:17+00:00","og_image":[{"width":1100,"height":487,"url":"https:\/\/www.tressis.com\/wp-content\/uploads\/2021\/08\/preocupacion-inversor.jpg","type":"image\/jpeg"}],"author":"Lola","twitter_card":"summary_large_image","twitter_creator":"@TressisSV","twitter_site":"@TressisSV","twitter_misc":{"Escrit per":"Lola","Temps estimat de lectura":"2 minuts"},"schema":{"@context":"https:\/\/schema.org","@graph":[{"@type":"Article","@id":"https:\/\/www.tressis.com\/ca\/blog\/inversores-preocupacion-ritmo-crecimiento-economico\/#article","isPartOf":{"@id":"https:\/\/www.tressis.com\/ca\/blog\/inversores-preocupacion-ritmo-crecimiento-economico\/"},"author":{"name":"Lola","@id":"https:\/\/www.tressis.com\/ca\/#\/schema\/person\/b833c1d724d8764920b6d6852c70584e"},"headline":"Los inversores empiezan a tener cierta preocupaci\u00f3n e incertidumbre sobre el ritmo de crecimiento econ\u00f3mico","datePublished":"2021-08-18T07:40:17+00:00","mainEntityOfPage":{"@id":"https:\/\/www.tressis.com\/ca\/blog\/inversores-preocupacion-ritmo-crecimiento-economico\/"},"wordCount":447,"commentCount":0,"publisher":{"@id":"https:\/\/www.tressis.com\/ca\/#organization"},"image":{"@id":"https:\/\/www.tressis.com\/ca\/blog\/inversores-preocupacion-ritmo-crecimiento-economico\/#primaryimage"},"thumbnailUrl":"https:\/\/www.tressis.com\/wp-content\/uploads\/2021\/08\/preocupacion-inversor.jpg","keywords":["bono americano a diez a\u00f1os","crecimiento econ\u00f3mico","\u00edndices americanos","mercado de deuda","producci\u00f3n industrial"],"articleSection":["Morning meeting"],"inLanguage":"ca","potentialAction":[{"@type":"CommentAction","name":"Comment","target":["https:\/\/www.tressis.com\/ca\/blog\/inversores-preocupacion-ritmo-crecimiento-economico\/#respond"]}]},{"@type":"WebPage","@id":"https:\/\/www.tressis.com\/ca\/blog\/inversores-preocupacion-ritmo-crecimiento-economico\/","url":"https:\/\/www.tressis.com\/ca\/blog\/inversores-preocupacion-ritmo-crecimiento-economico\/","name":"Los inversores empiezan a tener cierta preocupaci\u00f3n e incertidumbre sobre el ritmo de crecimiento econ\u00f3mico","isPartOf":{"@id":"https:\/\/www.tressis.com\/ca\/#website"},"primaryImageOfPage":{"@id":"https:\/\/www.tressis.com\/ca\/blog\/inversores-preocupacion-ritmo-crecimiento-economico\/#primaryimage"},"image":{"@id":"https:\/\/www.tressis.com\/ca\/blog\/inversores-preocupacion-ritmo-crecimiento-economico\/#primaryimage"},"thumbnailUrl":"https:\/\/www.tressis.com\/wp-content\/uploads\/2021\/08\/preocupacion-inversor.jpg","datePublished":"2021-08-18T07:40:17+00:00","description":"Jerome Powell manifest\u00f3 que la variante delta y la disminuci\u00f3n en el ritmo de vacunaci\u00f3n podr\u00edan frenar la recuperaci\u00f3n","breadcrumb":{"@id":"https:\/\/www.tressis.com\/ca\/blog\/inversores-preocupacion-ritmo-crecimiento-economico\/#breadcrumb"},"inLanguage":"ca","potentialAction":[{"@type":"ReadAction","target":["https:\/\/www.tressis.com\/ca\/blog\/inversores-preocupacion-ritmo-crecimiento-economico\/"]}]},{"@type":"ImageObject","inLanguage":"ca","@id":"https:\/\/www.tressis.com\/ca\/blog\/inversores-preocupacion-ritmo-crecimiento-economico\/#primaryimage","url":"https:\/\/www.tressis.com\/wp-content\/uploads\/2021\/08\/preocupacion-inversor.jpg","contentUrl":"https:\/\/www.tressis.com\/wp-content\/uploads\/2021\/08\/preocupacion-inversor.jpg","width":1100,"height":487},{"@type":"BreadcrumbList","@id":"https:\/\/www.tressis.com\/ca\/blog\/inversores-preocupacion-ritmo-crecimiento-economico\/#breadcrumb","itemListElement":[{"@type":"ListItem","position":1,"name":"Inicio","item":"https:\/\/www.tressis.com\/ca\/"},{"@type":"ListItem","position":2,"name":"Los inversores empiezan a tener cierta preocupaci\u00f3n e incertidumbre sobre el ritmo de crecimiento econ\u00f3mico"}]},{"@type":"WebSite","@id":"https:\/\/www.tressis.com\/ca\/#website","url":"https:\/\/www.tressis.com\/ca\/","name":"Tressis banca privada","description":"Tressis | Planificaci\u00f3n financiera y gesti\u00f3n de patrimonios","publisher":{"@id":"https:\/\/www.tressis.com\/ca\/#organization"},"potentialAction":[{"@type":"SearchAction","target":{"@type":"EntryPoint","urlTemplate":"https:\/\/www.tressis.com\/ca\/?s={search_term_string}"},"query-input":{"@type":"PropertyValueSpecification","valueRequired":true,"valueName":"search_term_string"}}],"inLanguage":"ca"},{"@type":"Organization","@id":"https:\/\/www.tressis.com\/ca\/#organization","name":"Tressis","url":"https:\/\/www.tressis.com\/ca\/","logo":{"@type":"ImageObject","inLanguage":"ca","@id":"https:\/\/www.tressis.com\/ca\/#\/schema\/logo\/image\/","url":"https:\/\/www.tressis.com\/wp-content\/uploads\/2025\/06\/logo-tressis-112.png","contentUrl":"https:\/\/www.tressis.com\/wp-content\/uploads\/2025\/06\/logo-tressis-112.png","width":112,"height":112,"caption":"Tressis"},"image":{"@id":"https:\/\/www.tressis.com\/ca\/#\/schema\/logo\/image\/"},"sameAs":["https:\/\/www.facebook.com\/Tressis\/","https:\/\/x.com\/TressisSV","https:\/\/www.instagram.com\/tressissv\/?hl=es","https:\/\/linkedin.com\/company\/tressis\/","https:\/\/www.youtube.com\/user\/tressissv","https:\/\/open.spotify.com\/show\/3jmTe1Nf0wqMILl7diWV6h?si=d7112519f13c4593&nd=1"]},{"@type":"Person","@id":"https:\/\/www.tressis.com\/ca\/#\/schema\/person\/b833c1d724d8764920b6d6852c70584e","name":"Lola","image":{"@type":"ImageObject","inLanguage":"ca","@id":"https:\/\/secure.gravatar.com\/avatar\/05e646486b23ff45df9649110609c7e31b8c4a3e2821caa23d6317f405e0c51d?s=96&d=mm&r=g","url":"https:\/\/secure.gravatar.com\/avatar\/05e646486b23ff45df9649110609c7e31b8c4a3e2821caa23d6317f405e0c51d?s=96&d=mm&r=g","contentUrl":"https:\/\/secure.gravatar.com\/avatar\/05e646486b23ff45df9649110609c7e31b8c4a3e2821caa23d6317f405e0c51d?s=96&d=mm&r=g","caption":"Lola"}}]}},"_links":{"self":[{"href":"https:\/\/www.tressis.com\/ca\/wp-json\/wp\/v2\/posts\/36890","targetHints":{"allow":["GET"]}}],"collection":[{"href":"https:\/\/www.tressis.com\/ca\/wp-json\/wp\/v2\/posts"}],"about":[{"href":"https:\/\/www.tressis.com\/ca\/wp-json\/wp\/v2\/types\/post"}],"author":[{"embeddable":true,"href":"https:\/\/www.tressis.com\/ca\/wp-json\/wp\/v2\/users\/4"}],"replies":[{"embeddable":true,"href":"https:\/\/www.tressis.com\/ca\/wp-json\/wp\/v2\/comments?post=36890"}],"version-history":[{"count":0,"href":"https:\/\/www.tressis.com\/ca\/wp-json\/wp\/v2\/posts\/36890\/revisions"}],"wp:featuredmedia":[{"embeddable":true,"href":"https:\/\/www.tressis.com\/ca\/wp-json\/wp\/v2\/media\/36892"}],"wp:attachment":[{"href":"https:\/\/www.tressis.com\/ca\/wp-json\/wp\/v2\/media?parent=36890"}],"wp:term":[{"taxonomy":"category","embeddable":true,"href":"https:\/\/www.tressis.com\/ca\/wp-json\/wp\/v2\/categories?post=36890"},{"taxonomy":"post_tag","embeddable":true,"href":"https:\/\/www.tressis.com\/ca\/wp-json\/wp\/v2\/tags?post=36890"}],"curies":[{"name":"wp","href":"https:\/\/api.w.org\/{rel}","templated":true}]}}