{"id":36626,"date":"2021-07-08T10:37:34","date_gmt":"2021-07-08T08:37:34","guid":{"rendered":"https:\/\/www.tressis.com\/blog\/?p=36626"},"modified":"2021-07-08T10:37:34","modified_gmt":"2021-07-08T08:37:34","slug":"hoy-turno-banco-central-europeo","status":"publish","type":"post","link":"https:\/\/www.tressis.com\/ca\/blog\/hoy-turno-banco-central-europeo\/","title":{"rendered":"Hoy es el turno para el Banco Central Europeo"},"content":{"rendered":"<p>Semana de bancos centrales como antesala al inicio de la temporada de presentaci\u00f3n de resultados empresariales.<!--more--> Ayer conoc\u00edamos el contenido del acta de la \u00faltima reuni\u00f3n de la Reserva Federal en la que comenzaba a sentirse un tono algo m\u00e1s duro por parte de algunos miembros, los cuales creen que la situaci\u00f3n econ\u00f3mica del pa\u00eds podr\u00eda justificar alg\u00fan tipo de movimiento en su pol\u00edtica monetaria. No obstante, no figura ninguna alusi\u00f3n espec\u00edfica a una retirada de est\u00edmulos, ni al calendario que podr\u00eda barajarse. Hoy es el turno para el Banco Central Europeo, del que se espera que modifique su objetivo de inflaci\u00f3n para que, de igual modo que ya sucede en Estados Unidos, se permita que los precios se disparen de forma puntual por encima del nivel de referencia sin que esto implique un ajuste por parte de la instituci\u00f3n.<\/p>\n<p>En otro orden de cosas, la sesi\u00f3n de ayer fue relativamente tranquila, con la deuda p\u00fablica americana manteni\u00e9ndose bastante estable. Es m\u00e1s, la rentabilidad exigida a las referencias de treinta a\u00f1os se encuentra ya en su m\u00ednimo desde el pasado 11 de febrero, cuando las expectativas de inflaci\u00f3n se encontraban en pleno repunte. Viaje de ida y vuelta.<\/p>\n<p>En cuanto a la renta variable, la volatilidad que estamos viendo en los \u00faltimos d\u00edas sobre el precio del petr\u00f3leo, motivada por los desencuentros que parecen estar surgiendo entre los distintos pa\u00edses productores (OPEP y no-OPEP), lastraba a los valores energ\u00e9ticos, siendo los de peor comportamiento en la sesi\u00f3n. No obstante, el d\u00eda fue positivo a nivel general con el S&amp;P 500 marcando m\u00e1ximos.<\/p>\n<p>Buen jueves.<\/p>\n<p><center><strong>M\u00aa Salom\u00e9 Bouzas Romero<\/strong><br \/>\nAnalista<\/center><\/p>\n","protected":false},"excerpt":{"rendered":"<p>Semana de bancos centrales como antesala al inicio de la temporada de presentaci\u00f3n de resultados empresariales.<\/p>\n","protected":false},"author":4,"featured_media":36627,"comment_status":"open","ping_status":"closed","sticky":false,"template":"","format":"standard","meta":{"_acf_changed":false,"footnotes":""},"categories":[9721],"tags":[483,559,1978,4845,6272],"class_list":["post-36626","post","type-post","status-publish","format-standard","has-post-thumbnail","hentry","category-morning-meeting","tag-banco-central-europeo","tag-bce","tag-deuda-publica-americana","tag-petroleo","tag-sp-500"],"acf":[],"yoast_head":"<!-- This site is optimized with the Yoast SEO plugin v27.5 - https:\/\/yoast.com\/product\/yoast-seo-wordpress\/ -->\n<title>Hoy es el turno para el Banco Central Europeo<\/title>\n<meta name=\"description\" content=\"Se espera que modifique su objetivo de inflaci\u00f3n para que, de igual modo que ya sucede en Estados Unidos, se permita que los precios se disparen de forma puntual\" \/>\n<meta name=\"robots\" content=\"index, follow, max-snippet:-1, max-image-preview:large, max-video-preview:-1\" \/>\n<link rel=\"canonical\" href=\"https:\/\/www.tressis.com\/ca\/blog\/hoy-turno-banco-central-europeo\/\" \/>\n<meta property=\"og:locale\" content=\"ca_ES\" \/>\n<meta property=\"og:type\" content=\"article\" \/>\n<meta property=\"og:title\" content=\"Hoy es el turno para el Banco Central Europeo\" \/>\n<meta property=\"og:description\" content=\"Se espera que modifique su objetivo de inflaci\u00f3n para que, de igual modo que ya sucede en Estados Unidos, se permita que los precios se disparen de forma puntual\" \/>\n<meta property=\"og:url\" content=\"https:\/\/www.tressis.com\/ca\/blog\/hoy-turno-banco-central-europeo\/\" \/>\n<meta property=\"og:site_name\" content=\"Tressis\" \/>\n<meta property=\"article:publisher\" content=\"https:\/\/www.facebook.com\/Tressis\/\" \/>\n<meta property=\"article:published_time\" content=\"2021-07-08T08:37:34+00:00\" \/>\n<meta property=\"og:image\" content=\"https:\/\/www.tressis.com\/wp-content\/uploads\/2021\/07\/banco-central-europeo.jpg\" \/>\n\t<meta property=\"og:image:width\" content=\"1100\" \/>\n\t<meta property=\"og:image:height\" content=\"487\" \/>\n\t<meta property=\"og:image:type\" content=\"image\/jpeg\" \/>\n<meta name=\"author\" content=\"Lola\" \/>\n<meta name=\"twitter:card\" content=\"summary_large_image\" \/>\n<meta name=\"twitter:creator\" content=\"@TressisSV\" \/>\n<meta name=\"twitter:site\" content=\"@TressisSV\" \/>\n<meta name=\"twitter:label1\" content=\"Escrit per\" \/>\n\t<meta name=\"twitter:data1\" content=\"Lola\" \/>\n\t<meta name=\"twitter:label2\" content=\"Temps estimat de lectura\" \/>\n\t<meta name=\"twitter:data2\" content=\"2 minuts\" \/>\n<script type=\"application\/ld+json\" class=\"yoast-schema-graph\">{\"@context\":\"https:\\\/\\\/schema.org\",\"@graph\":[{\"@type\":\"Article\",\"@id\":\"https:\\\/\\\/www.tressis.com\\\/ca\\\/blog\\\/hoy-turno-banco-central-europeo\\\/#article\",\"isPartOf\":{\"@id\":\"https:\\\/\\\/www.tressis.com\\\/ca\\\/blog\\\/hoy-turno-banco-central-europeo\\\/\"},\"author\":{\"name\":\"Lola\",\"@id\":\"https:\\\/\\\/www.tressis.com\\\/ca\\\/#\\\/schema\\\/person\\\/b833c1d724d8764920b6d6852c70584e\"},\"headline\":\"Hoy es el turno para el Banco Central Europeo\",\"datePublished\":\"2021-07-08T08:37:34+00:00\",\"mainEntityOfPage\":{\"@id\":\"https:\\\/\\\/www.tressis.com\\\/ca\\\/blog\\\/hoy-turno-banco-central-europeo\\\/\"},\"wordCount\":308,\"commentCount\":0,\"publisher\":{\"@id\":\"https:\\\/\\\/www.tressis.com\\\/ca\\\/#organization\"},\"image\":{\"@id\":\"https:\\\/\\\/www.tressis.com\\\/ca\\\/blog\\\/hoy-turno-banco-central-europeo\\\/#primaryimage\"},\"thumbnailUrl\":\"https:\\\/\\\/www.tressis.com\\\/wp-content\\\/uploads\\\/2021\\\/07\\\/banco-central-europeo.jpg\",\"keywords\":[\"banco central europeo\",\"BCE\",\"deuda p\u00fablica americana\",\"petr\u00f3leo\",\"SP 500\"],\"articleSection\":[\"Morning meeting\"],\"inLanguage\":\"ca\",\"potentialAction\":[{\"@type\":\"CommentAction\",\"name\":\"Comment\",\"target\":[\"https:\\\/\\\/www.tressis.com\\\/ca\\\/blog\\\/hoy-turno-banco-central-europeo\\\/#respond\"]}]},{\"@type\":\"WebPage\",\"@id\":\"https:\\\/\\\/www.tressis.com\\\/ca\\\/blog\\\/hoy-turno-banco-central-europeo\\\/\",\"url\":\"https:\\\/\\\/www.tressis.com\\\/ca\\\/blog\\\/hoy-turno-banco-central-europeo\\\/\",\"name\":\"Hoy es el turno para el Banco Central Europeo\",\"isPartOf\":{\"@id\":\"https:\\\/\\\/www.tressis.com\\\/ca\\\/#website\"},\"primaryImageOfPage\":{\"@id\":\"https:\\\/\\\/www.tressis.com\\\/ca\\\/blog\\\/hoy-turno-banco-central-europeo\\\/#primaryimage\"},\"image\":{\"@id\":\"https:\\\/\\\/www.tressis.com\\\/ca\\\/blog\\\/hoy-turno-banco-central-europeo\\\/#primaryimage\"},\"thumbnailUrl\":\"https:\\\/\\\/www.tressis.com\\\/wp-content\\\/uploads\\\/2021\\\/07\\\/banco-central-europeo.jpg\",\"datePublished\":\"2021-07-08T08:37:34+00:00\",\"description\":\"Se espera que modifique su objetivo de inflaci\u00f3n para que, de igual modo que ya sucede en Estados Unidos, se permita que los precios se disparen de forma puntual\",\"breadcrumb\":{\"@id\":\"https:\\\/\\\/www.tressis.com\\\/ca\\\/blog\\\/hoy-turno-banco-central-europeo\\\/#breadcrumb\"},\"inLanguage\":\"ca\",\"potentialAction\":[{\"@type\":\"ReadAction\",\"target\":[\"https:\\\/\\\/www.tressis.com\\\/ca\\\/blog\\\/hoy-turno-banco-central-europeo\\\/\"]}]},{\"@type\":\"ImageObject\",\"inLanguage\":\"ca\",\"@id\":\"https:\\\/\\\/www.tressis.com\\\/ca\\\/blog\\\/hoy-turno-banco-central-europeo\\\/#primaryimage\",\"url\":\"https:\\\/\\\/www.tressis.com\\\/wp-content\\\/uploads\\\/2021\\\/07\\\/banco-central-europeo.jpg\",\"contentUrl\":\"https:\\\/\\\/www.tressis.com\\\/wp-content\\\/uploads\\\/2021\\\/07\\\/banco-central-europeo.jpg\",\"width\":1100,\"height\":487},{\"@type\":\"BreadcrumbList\",\"@id\":\"https:\\\/\\\/www.tressis.com\\\/ca\\\/blog\\\/hoy-turno-banco-central-europeo\\\/#breadcrumb\",\"itemListElement\":[{\"@type\":\"ListItem\",\"position\":1,\"name\":\"Inicio\",\"item\":\"https:\\\/\\\/www.tressis.com\\\/ca\\\/\"},{\"@type\":\"ListItem\",\"position\":2,\"name\":\"Hoy es el turno para el Banco Central Europeo\"}]},{\"@type\":\"WebSite\",\"@id\":\"https:\\\/\\\/www.tressis.com\\\/ca\\\/#website\",\"url\":\"https:\\\/\\\/www.tressis.com\\\/ca\\\/\",\"name\":\"Tressis banca privada\",\"description\":\"Tressis | Planificaci\u00f3n financiera y gesti\u00f3n de patrimonios\",\"publisher\":{\"@id\":\"https:\\\/\\\/www.tressis.com\\\/ca\\\/#organization\"},\"potentialAction\":[{\"@type\":\"SearchAction\",\"target\":{\"@type\":\"EntryPoint\",\"urlTemplate\":\"https:\\\/\\\/www.tressis.com\\\/ca\\\/?s={search_term_string}\"},\"query-input\":{\"@type\":\"PropertyValueSpecification\",\"valueRequired\":true,\"valueName\":\"search_term_string\"}}],\"inLanguage\":\"ca\"},{\"@type\":\"Organization\",\"@id\":\"https:\\\/\\\/www.tressis.com\\\/ca\\\/#organization\",\"name\":\"Tressis\",\"url\":\"https:\\\/\\\/www.tressis.com\\\/ca\\\/\",\"logo\":{\"@type\":\"ImageObject\",\"inLanguage\":\"ca\",\"@id\":\"https:\\\/\\\/www.tressis.com\\\/ca\\\/#\\\/schema\\\/logo\\\/image\\\/\",\"url\":\"https:\\\/\\\/www.tressis.com\\\/wp-content\\\/uploads\\\/2025\\\/06\\\/logo-tressis-112.png\",\"contentUrl\":\"https:\\\/\\\/www.tressis.com\\\/wp-content\\\/uploads\\\/2025\\\/06\\\/logo-tressis-112.png\",\"width\":112,\"height\":112,\"caption\":\"Tressis\"},\"image\":{\"@id\":\"https:\\\/\\\/www.tressis.com\\\/ca\\\/#\\\/schema\\\/logo\\\/image\\\/\"},\"sameAs\":[\"https:\\\/\\\/www.facebook.com\\\/Tressis\\\/\",\"https:\\\/\\\/x.com\\\/TressisSV\",\"https:\\\/\\\/www.instagram.com\\\/tressissv\\\/?hl=es\",\"https:\\\/\\\/linkedin.com\\\/company\\\/tressis\\\/\",\"https:\\\/\\\/www.youtube.com\\\/user\\\/tressissv\",\"https:\\\/\\\/open.spotify.com\\\/show\\\/3jmTe1Nf0wqMILl7diWV6h?si=d7112519f13c4593&nd=1\"]},{\"@type\":\"Person\",\"@id\":\"https:\\\/\\\/www.tressis.com\\\/ca\\\/#\\\/schema\\\/person\\\/b833c1d724d8764920b6d6852c70584e\",\"name\":\"Lola\",\"image\":{\"@type\":\"ImageObject\",\"inLanguage\":\"ca\",\"@id\":\"https:\\\/\\\/secure.gravatar.com\\\/avatar\\\/05e646486b23ff45df9649110609c7e31b8c4a3e2821caa23d6317f405e0c51d?s=96&d=mm&r=g\",\"url\":\"https:\\\/\\\/secure.gravatar.com\\\/avatar\\\/05e646486b23ff45df9649110609c7e31b8c4a3e2821caa23d6317f405e0c51d?s=96&d=mm&r=g\",\"contentUrl\":\"https:\\\/\\\/secure.gravatar.com\\\/avatar\\\/05e646486b23ff45df9649110609c7e31b8c4a3e2821caa23d6317f405e0c51d?s=96&d=mm&r=g\",\"caption\":\"Lola\"}}]}<\/script>\n<!-- \/ Yoast SEO plugin. -->","yoast_head_json":{"title":"Hoy es el turno para el Banco Central Europeo","description":"Se espera que modifique su objetivo de inflaci\u00f3n para que, de igual modo que ya sucede en Estados Unidos, se permita que los precios se disparen de forma puntual","robots":{"index":"index","follow":"follow","max-snippet":"max-snippet:-1","max-image-preview":"max-image-preview:large","max-video-preview":"max-video-preview:-1"},"canonical":"https:\/\/www.tressis.com\/ca\/blog\/hoy-turno-banco-central-europeo\/","og_locale":"ca_ES","og_type":"article","og_title":"Hoy es el turno para el Banco Central Europeo","og_description":"Se espera que modifique su objetivo de inflaci\u00f3n para que, de igual modo que ya sucede en Estados Unidos, se permita que los precios se disparen de forma puntual","og_url":"https:\/\/www.tressis.com\/ca\/blog\/hoy-turno-banco-central-europeo\/","og_site_name":"Tressis","article_publisher":"https:\/\/www.facebook.com\/Tressis\/","article_published_time":"2021-07-08T08:37:34+00:00","og_image":[{"width":1100,"height":487,"url":"https:\/\/www.tressis.com\/wp-content\/uploads\/2021\/07\/banco-central-europeo.jpg","type":"image\/jpeg"}],"author":"Lola","twitter_card":"summary_large_image","twitter_creator":"@TressisSV","twitter_site":"@TressisSV","twitter_misc":{"Escrit per":"Lola","Temps estimat de lectura":"2 minuts"},"schema":{"@context":"https:\/\/schema.org","@graph":[{"@type":"Article","@id":"https:\/\/www.tressis.com\/ca\/blog\/hoy-turno-banco-central-europeo\/#article","isPartOf":{"@id":"https:\/\/www.tressis.com\/ca\/blog\/hoy-turno-banco-central-europeo\/"},"author":{"name":"Lola","@id":"https:\/\/www.tressis.com\/ca\/#\/schema\/person\/b833c1d724d8764920b6d6852c70584e"},"headline":"Hoy es el turno para el Banco Central Europeo","datePublished":"2021-07-08T08:37:34+00:00","mainEntityOfPage":{"@id":"https:\/\/www.tressis.com\/ca\/blog\/hoy-turno-banco-central-europeo\/"},"wordCount":308,"commentCount":0,"publisher":{"@id":"https:\/\/www.tressis.com\/ca\/#organization"},"image":{"@id":"https:\/\/www.tressis.com\/ca\/blog\/hoy-turno-banco-central-europeo\/#primaryimage"},"thumbnailUrl":"https:\/\/www.tressis.com\/wp-content\/uploads\/2021\/07\/banco-central-europeo.jpg","keywords":["banco central europeo","BCE","deuda p\u00fablica americana","petr\u00f3leo","SP 500"],"articleSection":["Morning meeting"],"inLanguage":"ca","potentialAction":[{"@type":"CommentAction","name":"Comment","target":["https:\/\/www.tressis.com\/ca\/blog\/hoy-turno-banco-central-europeo\/#respond"]}]},{"@type":"WebPage","@id":"https:\/\/www.tressis.com\/ca\/blog\/hoy-turno-banco-central-europeo\/","url":"https:\/\/www.tressis.com\/ca\/blog\/hoy-turno-banco-central-europeo\/","name":"Hoy es el turno para el Banco Central Europeo","isPartOf":{"@id":"https:\/\/www.tressis.com\/ca\/#website"},"primaryImageOfPage":{"@id":"https:\/\/www.tressis.com\/ca\/blog\/hoy-turno-banco-central-europeo\/#primaryimage"},"image":{"@id":"https:\/\/www.tressis.com\/ca\/blog\/hoy-turno-banco-central-europeo\/#primaryimage"},"thumbnailUrl":"https:\/\/www.tressis.com\/wp-content\/uploads\/2021\/07\/banco-central-europeo.jpg","datePublished":"2021-07-08T08:37:34+00:00","description":"Se espera que modifique su objetivo de inflaci\u00f3n para que, de igual modo que ya sucede en Estados Unidos, se permita que los precios se disparen de forma puntual","breadcrumb":{"@id":"https:\/\/www.tressis.com\/ca\/blog\/hoy-turno-banco-central-europeo\/#breadcrumb"},"inLanguage":"ca","potentialAction":[{"@type":"ReadAction","target":["https:\/\/www.tressis.com\/ca\/blog\/hoy-turno-banco-central-europeo\/"]}]},{"@type":"ImageObject","inLanguage":"ca","@id":"https:\/\/www.tressis.com\/ca\/blog\/hoy-turno-banco-central-europeo\/#primaryimage","url":"https:\/\/www.tressis.com\/wp-content\/uploads\/2021\/07\/banco-central-europeo.jpg","contentUrl":"https:\/\/www.tressis.com\/wp-content\/uploads\/2021\/07\/banco-central-europeo.jpg","width":1100,"height":487},{"@type":"BreadcrumbList","@id":"https:\/\/www.tressis.com\/ca\/blog\/hoy-turno-banco-central-europeo\/#breadcrumb","itemListElement":[{"@type":"ListItem","position":1,"name":"Inicio","item":"https:\/\/www.tressis.com\/ca\/"},{"@type":"ListItem","position":2,"name":"Hoy es el turno para el Banco Central Europeo"}]},{"@type":"WebSite","@id":"https:\/\/www.tressis.com\/ca\/#website","url":"https:\/\/www.tressis.com\/ca\/","name":"Tressis banca privada","description":"Tressis | Planificaci\u00f3n financiera y gesti\u00f3n de patrimonios","publisher":{"@id":"https:\/\/www.tressis.com\/ca\/#organization"},"potentialAction":[{"@type":"SearchAction","target":{"@type":"EntryPoint","urlTemplate":"https:\/\/www.tressis.com\/ca\/?s={search_term_string}"},"query-input":{"@type":"PropertyValueSpecification","valueRequired":true,"valueName":"search_term_string"}}],"inLanguage":"ca"},{"@type":"Organization","@id":"https:\/\/www.tressis.com\/ca\/#organization","name":"Tressis","url":"https:\/\/www.tressis.com\/ca\/","logo":{"@type":"ImageObject","inLanguage":"ca","@id":"https:\/\/www.tressis.com\/ca\/#\/schema\/logo\/image\/","url":"https:\/\/www.tressis.com\/wp-content\/uploads\/2025\/06\/logo-tressis-112.png","contentUrl":"https:\/\/www.tressis.com\/wp-content\/uploads\/2025\/06\/logo-tressis-112.png","width":112,"height":112,"caption":"Tressis"},"image":{"@id":"https:\/\/www.tressis.com\/ca\/#\/schema\/logo\/image\/"},"sameAs":["https:\/\/www.facebook.com\/Tressis\/","https:\/\/x.com\/TressisSV","https:\/\/www.instagram.com\/tressissv\/?hl=es","https:\/\/linkedin.com\/company\/tressis\/","https:\/\/www.youtube.com\/user\/tressissv","https:\/\/open.spotify.com\/show\/3jmTe1Nf0wqMILl7diWV6h?si=d7112519f13c4593&nd=1"]},{"@type":"Person","@id":"https:\/\/www.tressis.com\/ca\/#\/schema\/person\/b833c1d724d8764920b6d6852c70584e","name":"Lola","image":{"@type":"ImageObject","inLanguage":"ca","@id":"https:\/\/secure.gravatar.com\/avatar\/05e646486b23ff45df9649110609c7e31b8c4a3e2821caa23d6317f405e0c51d?s=96&d=mm&r=g","url":"https:\/\/secure.gravatar.com\/avatar\/05e646486b23ff45df9649110609c7e31b8c4a3e2821caa23d6317f405e0c51d?s=96&d=mm&r=g","contentUrl":"https:\/\/secure.gravatar.com\/avatar\/05e646486b23ff45df9649110609c7e31b8c4a3e2821caa23d6317f405e0c51d?s=96&d=mm&r=g","caption":"Lola"}}]}},"_links":{"self":[{"href":"https:\/\/www.tressis.com\/ca\/wp-json\/wp\/v2\/posts\/36626","targetHints":{"allow":["GET"]}}],"collection":[{"href":"https:\/\/www.tressis.com\/ca\/wp-json\/wp\/v2\/posts"}],"about":[{"href":"https:\/\/www.tressis.com\/ca\/wp-json\/wp\/v2\/types\/post"}],"author":[{"embeddable":true,"href":"https:\/\/www.tressis.com\/ca\/wp-json\/wp\/v2\/users\/4"}],"replies":[{"embeddable":true,"href":"https:\/\/www.tressis.com\/ca\/wp-json\/wp\/v2\/comments?post=36626"}],"version-history":[{"count":0,"href":"https:\/\/www.tressis.com\/ca\/wp-json\/wp\/v2\/posts\/36626\/revisions"}],"wp:featuredmedia":[{"embeddable":true,"href":"https:\/\/www.tressis.com\/ca\/wp-json\/wp\/v2\/media\/36627"}],"wp:attachment":[{"href":"https:\/\/www.tressis.com\/ca\/wp-json\/wp\/v2\/media?parent=36626"}],"wp:term":[{"taxonomy":"category","embeddable":true,"href":"https:\/\/www.tressis.com\/ca\/wp-json\/wp\/v2\/categories?post=36626"},{"taxonomy":"post_tag","embeddable":true,"href":"https:\/\/www.tressis.com\/ca\/wp-json\/wp\/v2\/tags?post=36626"}],"curies":[{"name":"wp","href":"https:\/\/api.w.org\/{rel}","templated":true}]}}