{"id":36593,"date":"2021-07-02T11:13:37","date_gmt":"2021-07-02T09:13:37","guid":{"rendered":"https:\/\/www.tressis.com\/blog\/?p=36593"},"modified":"2021-07-02T11:13:37","modified_gmt":"2021-07-02T09:13:37","slug":"pmi-manufacturero-zona-euro","status":"publish","type":"post","link":"https:\/\/www.tressis.com\/ca\/blog\/pmi-manufacturero-zona-euro\/","title":{"rendered":"El PMI manufacturero de la zona euro alcanza los 63,4 puntos"},"content":{"rendered":"<p>La econom\u00eda americana contin\u00faa dando se\u00f1ales de recuperaci\u00f3n (o podemos llamarlo directamente crecimiento, porque parecen estar m\u00e1s que de sobra recuperados), siendo ayer el dato de peticiones de subsidio de desempleo la buena noticia de la jornada.<!--more--> Lo cierto es que, a la espera de lo que suceda hoy cuando conozcamos el resultado de la creaci\u00f3n de empleo no agr\u00edcola, ayer vimos el registro m\u00e1s bajo de solicitudes de ayudas desde que comenz\u00f3 la pandemia, junto con el menor n\u00famero de despidos. Bien es cierto que la tasa de participaci\u00f3n laboral contin\u00faa siendo m\u00e1s baja de lo que esper\u00e1bamos, pero es una tendencia que deber\u00eda revertirse a medida que se vayan eliminando los programas de est\u00edmulo establecidos por la irrupci\u00f3n de la COVID-19 y que vaya mejorando la situaci\u00f3n epid\u00e9mica.<\/p>\n<p>Situaci\u00f3n que preocupa en Europa, con la variante delta de la cepa india comenzando a ser generalizada y de la que algunos expertos dicen que es m\u00e1s contagiosa. En cualquier caso, la buena noticia es que las vacunas funcionan y que dicha transmisibilidad no se est\u00e1 reflejando en un incremento relevante de la ocupaci\u00f3n hospitalaria al estar ya la mayor\u00eda de los colectivos vulnerables inmunizados. No solo es un alivio desde el punto de vista humano, sino tambi\u00e9n desde el econ\u00f3mico, pues tras una lectura del PMI manufacturero hist\u00f3rica como la de ayer, en la que la regi\u00f3n alcanzaba los 63,4 puntos, nos posibilita seguir con la recuperaci\u00f3n que, ahora s\u00ed, parece en marcha en nuestro querido Viejo Continente. De hecho, puede que incluso el Banco Central Europeo se est\u00e9 uniendo a este optimismo al planear derogar la prohibici\u00f3n de que las entidades bancarias de la regi\u00f3n repartan dividendos, reconociendo as\u00ed la solvencia del sistema financiero en esta crisis.<\/p>\n<p>En otro \u00e1mbito de cosas, en Estados Unidos existe ya un consenso con respecto a un proyecto de ley de infraestructuras, aprobado ayer en el Congreso por 221 votos a favor frente a 201 en contra. Y utilizo dicho art\u00edculo \u201cun\u201d porque contiene inversiones para el transporte terrestre y mar\u00edtimo pero, tal y como es el juego pol\u00edtico, puede que sirva de base para que se engorde poco a poco recogiendo mayores pretensiones de los dem\u00f3cratas, hasta alcanzar un importe sustancialmente mayor que el actual de 715.000 millones de d\u00f3lares.<\/p>\n<p>Ya para finalizar, hoy deber\u00edamos estar hablando de la decisi\u00f3n que habr\u00edan tomado la OPEP y otros productores no adscritos al c\u00e1rtel, pero, poco antes de sentarse a dialogar, Arabia Saud\u00ed y Emiratos \u00c1rabes aireaban sus diferencias, con los \u00faltimos en desacuerdo con el ritmo de incremento paulatino de la producci\u00f3n que pretenden los primeros. La reuni\u00f3n, pues, se ha pospuesto a hoy, por si alguno de los dos actores lo ha consultado mejor con la almohada y no llega el petr\u00f3leo al r\u00edo\u2026<\/p>\n<p>Buen fin de semana.<\/p>\n<p><center><strong>M\u00aa Salom\u00e9 Bouzas Romero<\/strong><br \/>\nAnalista<\/center><\/p>\n","protected":false},"excerpt":{"rendered":"<p>La econom\u00eda americana contin\u00faa dando se\u00f1ales de recuperaci\u00f3n (o podemos llamarlo directamente crecimiento, porque parecen estar m\u00e1s que de sobra recuperados), siendo ayer el dato de peticiones de subsidio de desempleo la buena noticia de la jornada.<\/p>\n","protected":false},"author":4,"featured_media":36594,"comment_status":"open","ping_status":"closed","sticky":false,"template":"","format":"standard","meta":{"_acf_changed":false,"footnotes":""},"categories":[9721],"tags":[3828,4610,4845,4939,6199],"class_list":["post-36593","post","type-post","status-publish","format-standard","has-post-thumbnail","hentry","category-morning-meeting","tag-ley-de-infraestructuras","tag-opep","tag-petroleo","tag-pmi-manufacturero","tag-sistema-financiero"],"acf":[],"yoast_head":"<!-- This site is optimized with the Yoast SEO plugin v27.5 - https:\/\/yoast.com\/product\/yoast-seo-wordpress\/ -->\n<title>El PMI manufacturero de la zona euro alcanza los 63,4 puntos<\/title>\n<meta name=\"description\" content=\"Puede que incluso el Banco Central Europeo se est\u00e9 uniendo a este optimismo al planear derogar la prohibici\u00f3n de que las entidades bancarias de la regi\u00f3n repartan dividendos, reconociendo as\u00ed la solvencia del sistema financiero en esta crisis.\" \/>\n<meta name=\"robots\" content=\"index, follow, max-snippet:-1, max-image-preview:large, max-video-preview:-1\" \/>\n<link rel=\"canonical\" href=\"https:\/\/www.tressis.com\/ca\/blog\/pmi-manufacturero-zona-euro\/\" \/>\n<meta property=\"og:locale\" content=\"ca_ES\" \/>\n<meta property=\"og:type\" content=\"article\" \/>\n<meta property=\"og:title\" content=\"El PMI manufacturero de la zona euro alcanza los 63,4 puntos\" \/>\n<meta property=\"og:description\" content=\"Puede que incluso el Banco Central Europeo se est\u00e9 uniendo a este optimismo al planear derogar la prohibici\u00f3n de que las entidades bancarias de la regi\u00f3n repartan dividendos, reconociendo as\u00ed la solvencia del sistema financiero en esta crisis.\" \/>\n<meta property=\"og:url\" content=\"https:\/\/www.tressis.com\/ca\/blog\/pmi-manufacturero-zona-euro\/\" \/>\n<meta property=\"og:site_name\" content=\"Tressis\" \/>\n<meta property=\"article:publisher\" content=\"https:\/\/www.facebook.com\/Tressis\/\" \/>\n<meta property=\"article:published_time\" content=\"2021-07-02T09:13:37+00:00\" \/>\n<meta property=\"og:image\" content=\"https:\/\/www.tressis.com\/wp-content\/uploads\/2021\/07\/pmi-manufacturero.jpg\" \/>\n\t<meta property=\"og:image:width\" content=\"1100\" \/>\n\t<meta property=\"og:image:height\" content=\"487\" \/>\n\t<meta property=\"og:image:type\" content=\"image\/jpeg\" \/>\n<meta name=\"author\" content=\"Lola\" \/>\n<meta name=\"twitter:card\" content=\"summary_large_image\" \/>\n<meta name=\"twitter:creator\" content=\"@TressisSV\" \/>\n<meta name=\"twitter:site\" content=\"@TressisSV\" \/>\n<meta name=\"twitter:label1\" content=\"Escrit per\" \/>\n\t<meta name=\"twitter:data1\" content=\"Lola\" \/>\n\t<meta name=\"twitter:label2\" content=\"Temps estimat de lectura\" \/>\n\t<meta name=\"twitter:data2\" content=\"3 minuts\" \/>\n<script type=\"application\/ld+json\" class=\"yoast-schema-graph\">{\"@context\":\"https:\\\/\\\/schema.org\",\"@graph\":[{\"@type\":\"Article\",\"@id\":\"https:\\\/\\\/www.tressis.com\\\/ca\\\/blog\\\/pmi-manufacturero-zona-euro\\\/#article\",\"isPartOf\":{\"@id\":\"https:\\\/\\\/www.tressis.com\\\/ca\\\/blog\\\/pmi-manufacturero-zona-euro\\\/\"},\"author\":{\"name\":\"Lola\",\"@id\":\"https:\\\/\\\/www.tressis.com\\\/ca\\\/#\\\/schema\\\/person\\\/b833c1d724d8764920b6d6852c70584e\"},\"headline\":\"El PMI manufacturero de la zona euro alcanza los 63,4 puntos\",\"datePublished\":\"2021-07-02T09:13:37+00:00\",\"mainEntityOfPage\":{\"@id\":\"https:\\\/\\\/www.tressis.com\\\/ca\\\/blog\\\/pmi-manufacturero-zona-euro\\\/\"},\"wordCount\":520,\"commentCount\":0,\"publisher\":{\"@id\":\"https:\\\/\\\/www.tressis.com\\\/ca\\\/#organization\"},\"image\":{\"@id\":\"https:\\\/\\\/www.tressis.com\\\/ca\\\/blog\\\/pmi-manufacturero-zona-euro\\\/#primaryimage\"},\"thumbnailUrl\":\"https:\\\/\\\/www.tressis.com\\\/wp-content\\\/uploads\\\/2021\\\/07\\\/pmi-manufacturero.jpg\",\"keywords\":[\"ley de infraestructuras\",\"OPEP\",\"petr\u00f3leo\",\"PMI manufacturero\",\"sistema financiero\"],\"articleSection\":[\"Morning meeting\"],\"inLanguage\":\"ca\",\"potentialAction\":[{\"@type\":\"CommentAction\",\"name\":\"Comment\",\"target\":[\"https:\\\/\\\/www.tressis.com\\\/ca\\\/blog\\\/pmi-manufacturero-zona-euro\\\/#respond\"]}]},{\"@type\":\"WebPage\",\"@id\":\"https:\\\/\\\/www.tressis.com\\\/ca\\\/blog\\\/pmi-manufacturero-zona-euro\\\/\",\"url\":\"https:\\\/\\\/www.tressis.com\\\/ca\\\/blog\\\/pmi-manufacturero-zona-euro\\\/\",\"name\":\"El PMI manufacturero de la zona euro alcanza los 63,4 puntos\",\"isPartOf\":{\"@id\":\"https:\\\/\\\/www.tressis.com\\\/ca\\\/#website\"},\"primaryImageOfPage\":{\"@id\":\"https:\\\/\\\/www.tressis.com\\\/ca\\\/blog\\\/pmi-manufacturero-zona-euro\\\/#primaryimage\"},\"image\":{\"@id\":\"https:\\\/\\\/www.tressis.com\\\/ca\\\/blog\\\/pmi-manufacturero-zona-euro\\\/#primaryimage\"},\"thumbnailUrl\":\"https:\\\/\\\/www.tressis.com\\\/wp-content\\\/uploads\\\/2021\\\/07\\\/pmi-manufacturero.jpg\",\"datePublished\":\"2021-07-02T09:13:37+00:00\",\"description\":\"Puede que incluso el Banco Central Europeo se est\u00e9 uniendo a este optimismo al planear derogar la prohibici\u00f3n de que las entidades bancarias de la regi\u00f3n repartan dividendos, reconociendo as\u00ed la solvencia del sistema financiero en esta crisis.\",\"breadcrumb\":{\"@id\":\"https:\\\/\\\/www.tressis.com\\\/ca\\\/blog\\\/pmi-manufacturero-zona-euro\\\/#breadcrumb\"},\"inLanguage\":\"ca\",\"potentialAction\":[{\"@type\":\"ReadAction\",\"target\":[\"https:\\\/\\\/www.tressis.com\\\/ca\\\/blog\\\/pmi-manufacturero-zona-euro\\\/\"]}]},{\"@type\":\"ImageObject\",\"inLanguage\":\"ca\",\"@id\":\"https:\\\/\\\/www.tressis.com\\\/ca\\\/blog\\\/pmi-manufacturero-zona-euro\\\/#primaryimage\",\"url\":\"https:\\\/\\\/www.tressis.com\\\/wp-content\\\/uploads\\\/2021\\\/07\\\/pmi-manufacturero.jpg\",\"contentUrl\":\"https:\\\/\\\/www.tressis.com\\\/wp-content\\\/uploads\\\/2021\\\/07\\\/pmi-manufacturero.jpg\",\"width\":1100,\"height\":487},{\"@type\":\"BreadcrumbList\",\"@id\":\"https:\\\/\\\/www.tressis.com\\\/ca\\\/blog\\\/pmi-manufacturero-zona-euro\\\/#breadcrumb\",\"itemListElement\":[{\"@type\":\"ListItem\",\"position\":1,\"name\":\"Inicio\",\"item\":\"https:\\\/\\\/www.tressis.com\\\/ca\\\/\"},{\"@type\":\"ListItem\",\"position\":2,\"name\":\"El PMI manufacturero de la zona euro alcanza los 63,4 puntos\"}]},{\"@type\":\"WebSite\",\"@id\":\"https:\\\/\\\/www.tressis.com\\\/ca\\\/#website\",\"url\":\"https:\\\/\\\/www.tressis.com\\\/ca\\\/\",\"name\":\"Tressis banca privada\",\"description\":\"Tressis | Planificaci\u00f3n financiera y gesti\u00f3n de patrimonios\",\"publisher\":{\"@id\":\"https:\\\/\\\/www.tressis.com\\\/ca\\\/#organization\"},\"potentialAction\":[{\"@type\":\"SearchAction\",\"target\":{\"@type\":\"EntryPoint\",\"urlTemplate\":\"https:\\\/\\\/www.tressis.com\\\/ca\\\/?s={search_term_string}\"},\"query-input\":{\"@type\":\"PropertyValueSpecification\",\"valueRequired\":true,\"valueName\":\"search_term_string\"}}],\"inLanguage\":\"ca\"},{\"@type\":\"Organization\",\"@id\":\"https:\\\/\\\/www.tressis.com\\\/ca\\\/#organization\",\"name\":\"Tressis\",\"url\":\"https:\\\/\\\/www.tressis.com\\\/ca\\\/\",\"logo\":{\"@type\":\"ImageObject\",\"inLanguage\":\"ca\",\"@id\":\"https:\\\/\\\/www.tressis.com\\\/ca\\\/#\\\/schema\\\/logo\\\/image\\\/\",\"url\":\"https:\\\/\\\/www.tressis.com\\\/wp-content\\\/uploads\\\/2025\\\/06\\\/logo-tressis-112.png\",\"contentUrl\":\"https:\\\/\\\/www.tressis.com\\\/wp-content\\\/uploads\\\/2025\\\/06\\\/logo-tressis-112.png\",\"width\":112,\"height\":112,\"caption\":\"Tressis\"},\"image\":{\"@id\":\"https:\\\/\\\/www.tressis.com\\\/ca\\\/#\\\/schema\\\/logo\\\/image\\\/\"},\"sameAs\":[\"https:\\\/\\\/www.facebook.com\\\/Tressis\\\/\",\"https:\\\/\\\/x.com\\\/TressisSV\",\"https:\\\/\\\/www.instagram.com\\\/tressissv\\\/?hl=es\",\"https:\\\/\\\/linkedin.com\\\/company\\\/tressis\\\/\",\"https:\\\/\\\/www.youtube.com\\\/user\\\/tressissv\",\"https:\\\/\\\/open.spotify.com\\\/show\\\/3jmTe1Nf0wqMILl7diWV6h?si=d7112519f13c4593&nd=1\"]},{\"@type\":\"Person\",\"@id\":\"https:\\\/\\\/www.tressis.com\\\/ca\\\/#\\\/schema\\\/person\\\/b833c1d724d8764920b6d6852c70584e\",\"name\":\"Lola\",\"image\":{\"@type\":\"ImageObject\",\"inLanguage\":\"ca\",\"@id\":\"https:\\\/\\\/secure.gravatar.com\\\/avatar\\\/05e646486b23ff45df9649110609c7e31b8c4a3e2821caa23d6317f405e0c51d?s=96&d=mm&r=g\",\"url\":\"https:\\\/\\\/secure.gravatar.com\\\/avatar\\\/05e646486b23ff45df9649110609c7e31b8c4a3e2821caa23d6317f405e0c51d?s=96&d=mm&r=g\",\"contentUrl\":\"https:\\\/\\\/secure.gravatar.com\\\/avatar\\\/05e646486b23ff45df9649110609c7e31b8c4a3e2821caa23d6317f405e0c51d?s=96&d=mm&r=g\",\"caption\":\"Lola\"}}]}<\/script>\n<!-- \/ Yoast SEO plugin. -->","yoast_head_json":{"title":"El PMI manufacturero de la zona euro alcanza los 63,4 puntos","description":"Puede que incluso el Banco Central Europeo se est\u00e9 uniendo a este optimismo al planear derogar la prohibici\u00f3n de que las entidades bancarias de la regi\u00f3n repartan dividendos, reconociendo as\u00ed la solvencia del sistema financiero en esta crisis.","robots":{"index":"index","follow":"follow","max-snippet":"max-snippet:-1","max-image-preview":"max-image-preview:large","max-video-preview":"max-video-preview:-1"},"canonical":"https:\/\/www.tressis.com\/ca\/blog\/pmi-manufacturero-zona-euro\/","og_locale":"ca_ES","og_type":"article","og_title":"El PMI manufacturero de la zona euro alcanza los 63,4 puntos","og_description":"Puede que incluso el Banco Central Europeo se est\u00e9 uniendo a este optimismo al planear derogar la prohibici\u00f3n de que las entidades bancarias de la regi\u00f3n repartan dividendos, reconociendo as\u00ed la solvencia del sistema financiero en esta crisis.","og_url":"https:\/\/www.tressis.com\/ca\/blog\/pmi-manufacturero-zona-euro\/","og_site_name":"Tressis","article_publisher":"https:\/\/www.facebook.com\/Tressis\/","article_published_time":"2021-07-02T09:13:37+00:00","og_image":[{"width":1100,"height":487,"url":"https:\/\/www.tressis.com\/wp-content\/uploads\/2021\/07\/pmi-manufacturero.jpg","type":"image\/jpeg"}],"author":"Lola","twitter_card":"summary_large_image","twitter_creator":"@TressisSV","twitter_site":"@TressisSV","twitter_misc":{"Escrit per":"Lola","Temps estimat de lectura":"3 minuts"},"schema":{"@context":"https:\/\/schema.org","@graph":[{"@type":"Article","@id":"https:\/\/www.tressis.com\/ca\/blog\/pmi-manufacturero-zona-euro\/#article","isPartOf":{"@id":"https:\/\/www.tressis.com\/ca\/blog\/pmi-manufacturero-zona-euro\/"},"author":{"name":"Lola","@id":"https:\/\/www.tressis.com\/ca\/#\/schema\/person\/b833c1d724d8764920b6d6852c70584e"},"headline":"El PMI manufacturero de la zona euro alcanza los 63,4 puntos","datePublished":"2021-07-02T09:13:37+00:00","mainEntityOfPage":{"@id":"https:\/\/www.tressis.com\/ca\/blog\/pmi-manufacturero-zona-euro\/"},"wordCount":520,"commentCount":0,"publisher":{"@id":"https:\/\/www.tressis.com\/ca\/#organization"},"image":{"@id":"https:\/\/www.tressis.com\/ca\/blog\/pmi-manufacturero-zona-euro\/#primaryimage"},"thumbnailUrl":"https:\/\/www.tressis.com\/wp-content\/uploads\/2021\/07\/pmi-manufacturero.jpg","keywords":["ley de infraestructuras","OPEP","petr\u00f3leo","PMI manufacturero","sistema financiero"],"articleSection":["Morning meeting"],"inLanguage":"ca","potentialAction":[{"@type":"CommentAction","name":"Comment","target":["https:\/\/www.tressis.com\/ca\/blog\/pmi-manufacturero-zona-euro\/#respond"]}]},{"@type":"WebPage","@id":"https:\/\/www.tressis.com\/ca\/blog\/pmi-manufacturero-zona-euro\/","url":"https:\/\/www.tressis.com\/ca\/blog\/pmi-manufacturero-zona-euro\/","name":"El PMI manufacturero de la zona euro alcanza los 63,4 puntos","isPartOf":{"@id":"https:\/\/www.tressis.com\/ca\/#website"},"primaryImageOfPage":{"@id":"https:\/\/www.tressis.com\/ca\/blog\/pmi-manufacturero-zona-euro\/#primaryimage"},"image":{"@id":"https:\/\/www.tressis.com\/ca\/blog\/pmi-manufacturero-zona-euro\/#primaryimage"},"thumbnailUrl":"https:\/\/www.tressis.com\/wp-content\/uploads\/2021\/07\/pmi-manufacturero.jpg","datePublished":"2021-07-02T09:13:37+00:00","description":"Puede que incluso el Banco Central Europeo se est\u00e9 uniendo a este optimismo al planear derogar la prohibici\u00f3n de que las entidades bancarias de la regi\u00f3n repartan dividendos, reconociendo as\u00ed la solvencia del sistema financiero en esta crisis.","breadcrumb":{"@id":"https:\/\/www.tressis.com\/ca\/blog\/pmi-manufacturero-zona-euro\/#breadcrumb"},"inLanguage":"ca","potentialAction":[{"@type":"ReadAction","target":["https:\/\/www.tressis.com\/ca\/blog\/pmi-manufacturero-zona-euro\/"]}]},{"@type":"ImageObject","inLanguage":"ca","@id":"https:\/\/www.tressis.com\/ca\/blog\/pmi-manufacturero-zona-euro\/#primaryimage","url":"https:\/\/www.tressis.com\/wp-content\/uploads\/2021\/07\/pmi-manufacturero.jpg","contentUrl":"https:\/\/www.tressis.com\/wp-content\/uploads\/2021\/07\/pmi-manufacturero.jpg","width":1100,"height":487},{"@type":"BreadcrumbList","@id":"https:\/\/www.tressis.com\/ca\/blog\/pmi-manufacturero-zona-euro\/#breadcrumb","itemListElement":[{"@type":"ListItem","position":1,"name":"Inicio","item":"https:\/\/www.tressis.com\/ca\/"},{"@type":"ListItem","position":2,"name":"El PMI manufacturero de la zona euro alcanza los 63,4 puntos"}]},{"@type":"WebSite","@id":"https:\/\/www.tressis.com\/ca\/#website","url":"https:\/\/www.tressis.com\/ca\/","name":"Tressis banca privada","description":"Tressis | Planificaci\u00f3n financiera y gesti\u00f3n de patrimonios","publisher":{"@id":"https:\/\/www.tressis.com\/ca\/#organization"},"potentialAction":[{"@type":"SearchAction","target":{"@type":"EntryPoint","urlTemplate":"https:\/\/www.tressis.com\/ca\/?s={search_term_string}"},"query-input":{"@type":"PropertyValueSpecification","valueRequired":true,"valueName":"search_term_string"}}],"inLanguage":"ca"},{"@type":"Organization","@id":"https:\/\/www.tressis.com\/ca\/#organization","name":"Tressis","url":"https:\/\/www.tressis.com\/ca\/","logo":{"@type":"ImageObject","inLanguage":"ca","@id":"https:\/\/www.tressis.com\/ca\/#\/schema\/logo\/image\/","url":"https:\/\/www.tressis.com\/wp-content\/uploads\/2025\/06\/logo-tressis-112.png","contentUrl":"https:\/\/www.tressis.com\/wp-content\/uploads\/2025\/06\/logo-tressis-112.png","width":112,"height":112,"caption":"Tressis"},"image":{"@id":"https:\/\/www.tressis.com\/ca\/#\/schema\/logo\/image\/"},"sameAs":["https:\/\/www.facebook.com\/Tressis\/","https:\/\/x.com\/TressisSV","https:\/\/www.instagram.com\/tressissv\/?hl=es","https:\/\/linkedin.com\/company\/tressis\/","https:\/\/www.youtube.com\/user\/tressissv","https:\/\/open.spotify.com\/show\/3jmTe1Nf0wqMILl7diWV6h?si=d7112519f13c4593&nd=1"]},{"@type":"Person","@id":"https:\/\/www.tressis.com\/ca\/#\/schema\/person\/b833c1d724d8764920b6d6852c70584e","name":"Lola","image":{"@type":"ImageObject","inLanguage":"ca","@id":"https:\/\/secure.gravatar.com\/avatar\/05e646486b23ff45df9649110609c7e31b8c4a3e2821caa23d6317f405e0c51d?s=96&d=mm&r=g","url":"https:\/\/secure.gravatar.com\/avatar\/05e646486b23ff45df9649110609c7e31b8c4a3e2821caa23d6317f405e0c51d?s=96&d=mm&r=g","contentUrl":"https:\/\/secure.gravatar.com\/avatar\/05e646486b23ff45df9649110609c7e31b8c4a3e2821caa23d6317f405e0c51d?s=96&d=mm&r=g","caption":"Lola"}}]}},"_links":{"self":[{"href":"https:\/\/www.tressis.com\/ca\/wp-json\/wp\/v2\/posts\/36593","targetHints":{"allow":["GET"]}}],"collection":[{"href":"https:\/\/www.tressis.com\/ca\/wp-json\/wp\/v2\/posts"}],"about":[{"href":"https:\/\/www.tressis.com\/ca\/wp-json\/wp\/v2\/types\/post"}],"author":[{"embeddable":true,"href":"https:\/\/www.tressis.com\/ca\/wp-json\/wp\/v2\/users\/4"}],"replies":[{"embeddable":true,"href":"https:\/\/www.tressis.com\/ca\/wp-json\/wp\/v2\/comments?post=36593"}],"version-history":[{"count":0,"href":"https:\/\/www.tressis.com\/ca\/wp-json\/wp\/v2\/posts\/36593\/revisions"}],"wp:featuredmedia":[{"embeddable":true,"href":"https:\/\/www.tressis.com\/ca\/wp-json\/wp\/v2\/media\/36594"}],"wp:attachment":[{"href":"https:\/\/www.tressis.com\/ca\/wp-json\/wp\/v2\/media?parent=36593"}],"wp:term":[{"taxonomy":"category","embeddable":true,"href":"https:\/\/www.tressis.com\/ca\/wp-json\/wp\/v2\/categories?post=36593"},{"taxonomy":"post_tag","embeddable":true,"href":"https:\/\/www.tressis.com\/ca\/wp-json\/wp\/v2\/tags?post=36593"}],"curies":[{"name":"wp","href":"https:\/\/api.w.org\/{rel}","templated":true}]}}