{"id":36531,"date":"2021-06-24T10:20:29","date_gmt":"2021-06-24T08:20:29","guid":{"rendered":"https:\/\/www.tressis.com\/blog\/?p=36531"},"modified":"2021-06-24T10:20:29","modified_gmt":"2021-06-24T08:20:29","slug":"noticia-jornada-pmi-zona-euro","status":"publish","type":"post","link":"https:\/\/www.tressis.com\/ca\/blog\/noticia-jornada-pmi-zona-euro\/","title":{"rendered":"La noticia de la jornada fue el PMI de la zona euro"},"content":{"rendered":"<p>Las acciones europeas cayeron a pesar de los s\u00f3lidos datos econ\u00f3micos a medida que aumentan las preocupaciones por la inflaci\u00f3n. <!--more-->Algo que parece no afectar a los mercados de bonos, en los que se vivi\u00f3 otro d\u00eda de compras. En cambio, en Estados Unidos, ve\u00edamos ventas en las acciones c\u00edclicas y la deuda p\u00fablica, lo cual no impidi\u00f3 que el Nasdaq registrara un nuevo m\u00e1ximo hist\u00f3rico.<\/p>\n<p>La noticia de la jornada fue el PMI de la zona euro, seg\u00fan el cual, la actividad comercial en la zona euro creci\u00f3 al ritmo m\u00e1s r\u00e1pido de los \u00faltimos quince a\u00f1os en junio, a medida que la econom\u00eda continu\u00f3 su reapertura, gracias a que el relajamiento progresivo de las medidas para mitigar el virus y el progreso de las campa\u00f1as de vacunaci\u00f3n fortalecieron la confianza. No obstante, los precios cobrados por los productos y servicios aumentaron a un ritmo sin precedentes debido a que la demanda sigui\u00f3 superando a la oferta. Pese a que las firmas contrataron m\u00e1s personal al ritmo m\u00e1s acentuado en casi tres a\u00f1os, en junio se ha observado un alza incre\u00edble de los pedidos pendientes de realizaci\u00f3n, un nuevo alargamiento casi r\u00e9cord de los plazos de entrega de las cadenas de suministro y la erosi\u00f3n cada vez m\u00e1s generalizada de los inventarios de las compa\u00f1\u00edas.<\/p>\n<p>Unas magn\u00edficas noticias para una regi\u00f3n que lleva muchos a\u00f1os sufriendo un escaso crecimiento y la ca\u00edda de la productividad. No obstante, la solidez del repunte, tanto en Europa como en el resto del mundo, hace que las empresas tengan dificultades para satisfacer la demanda, ya que se ven afectadas por la escasez de materias primas y personal. En estas condiciones, el poder de fijaci\u00f3n de precios de las empresas seguir\u00e1 aumentando, ejerciendo inevitablemente m\u00e1s presi\u00f3n alcista en la inflaci\u00f3n en los pr\u00f3ximos meses. Que mal que nos pese a los ciudadanos, que somos lo que vamos a hacer frente a dicha inflaci\u00f3n, no termina de ser mala noticia para las bolsas y unos Estados hiperendeudados.<\/p>\n<p>La otra noticia de la jornada era el desplome de la operativa. Ya empieza a llamar la atenci\u00f3n que a estas alturas del a\u00f1o y estando a las puertas del t\u00edpico rebalanceo trimestral, los vol\u00famenes de contrataci\u00f3n est\u00e1n muy bajos. No sabemos si es que los inversores est\u00e1n a la expectativa de nuevas se\u00f1ales por parte de los miembros de la FED o de las negociaciones entre republicanos y dem\u00f3cratas americanos. Del primer punto, ayer ve\u00edamos a nuevos miembros dejando la puerta abierta a subidas de tipos ya el a\u00f1o que viene y del segundo, veinte congresistas est\u00e1n empezando a llegar a acuerdos sobre el futuro plan de infraestructuras. El problema ahora podr\u00eda ser el techo de gasto que vence el 31 de julio.<\/p>\n<p>Hoy tenemos la agenda repleta de publicaciones macroecon\u00f3mica europeas, as\u00ed como la ultima revisi\u00f3n del PIB del primer trimestre de EE.UU.<\/p>\n<p>Buen d\u00eda.<br \/>\n<center><strong>Jorge Gonz\u00e1lez G\u00f3mez<\/strong><br \/>\nDirector de An\u00e1lisis <\/center><\/p>\n","protected":false},"excerpt":{"rendered":"<p>Las acciones europeas cayeron a pesar de los s\u00f3lidos datos econ\u00f3micos a medida que aumentan las preocupaciones por la inflaci\u00f3n.<\/p>\n","protected":false},"author":4,"featured_media":36535,"comment_status":"open","ping_status":"closed","sticky":false,"template":"","format":"standard","meta":{"_acf_changed":false,"footnotes":""},"categories":[9721],"tags":[2720,4002,4927,6792,6987],"class_list":["post-36531","post","type-post","status-publish","format-standard","has-post-thumbnail","hentry","category-morning-meeting","tag-fed","tag-materias-primas","tag-pmi","tag-vacunacion","tag-zona-euro"],"acf":[],"yoast_head":"<!-- This site is optimized with the Yoast SEO plugin v27.5 - https:\/\/yoast.com\/product\/yoast-seo-wordpress\/ -->\n<title>La noticia de la jornada fue el PMI de la zona euro<\/title>\n<meta name=\"description\" content=\"La econom\u00eda de la zona euro crece en junio a su mayor ritmo en quince a\u00f1os\" \/>\n<meta name=\"robots\" content=\"index, follow, max-snippet:-1, max-image-preview:large, max-video-preview:-1\" \/>\n<link rel=\"canonical\" href=\"https:\/\/www.tressis.com\/ca\/blog\/noticia-jornada-pmi-zona-euro\/\" \/>\n<meta property=\"og:locale\" content=\"ca_ES\" \/>\n<meta property=\"og:type\" content=\"article\" \/>\n<meta property=\"og:title\" content=\"La noticia de la jornada fue el PMI de la zona euro\" \/>\n<meta property=\"og:description\" content=\"La econom\u00eda de la zona euro crece en junio a su mayor ritmo en quince a\u00f1os\" \/>\n<meta property=\"og:url\" content=\"https:\/\/www.tressis.com\/ca\/blog\/noticia-jornada-pmi-zona-euro\/\" \/>\n<meta property=\"og:site_name\" content=\"Tressis\" \/>\n<meta property=\"article:publisher\" content=\"https:\/\/www.facebook.com\/Tressis\/\" \/>\n<meta property=\"article:published_time\" content=\"2021-06-24T08:20:29+00:00\" \/>\n<meta property=\"og:image\" content=\"https:\/\/www.tressis.com\/wp-content\/uploads\/2021\/06\/pmi-zona-euro.jpg\" \/>\n\t<meta property=\"og:image:width\" content=\"1100\" \/>\n\t<meta property=\"og:image:height\" content=\"487\" \/>\n\t<meta property=\"og:image:type\" content=\"image\/jpeg\" \/>\n<meta name=\"author\" content=\"Lola\" \/>\n<meta name=\"twitter:card\" content=\"summary_large_image\" \/>\n<meta name=\"twitter:creator\" content=\"@TressisSV\" \/>\n<meta name=\"twitter:site\" content=\"@TressisSV\" \/>\n<meta name=\"twitter:label1\" content=\"Escrit per\" \/>\n\t<meta name=\"twitter:data1\" content=\"Lola\" \/>\n\t<meta name=\"twitter:label2\" content=\"Temps estimat de lectura\" \/>\n\t<meta name=\"twitter:data2\" content=\"3 minuts\" \/>\n<script type=\"application\/ld+json\" class=\"yoast-schema-graph\">{\"@context\":\"https:\\\/\\\/schema.org\",\"@graph\":[{\"@type\":\"Article\",\"@id\":\"https:\\\/\\\/www.tressis.com\\\/ca\\\/blog\\\/noticia-jornada-pmi-zona-euro\\\/#article\",\"isPartOf\":{\"@id\":\"https:\\\/\\\/www.tressis.com\\\/ca\\\/blog\\\/noticia-jornada-pmi-zona-euro\\\/\"},\"author\":{\"name\":\"Lola\",\"@id\":\"https:\\\/\\\/www.tressis.com\\\/ca\\\/#\\\/schema\\\/person\\\/b833c1d724d8764920b6d6852c70584e\"},\"headline\":\"La noticia de la jornada fue el PMI de la zona euro\",\"datePublished\":\"2021-06-24T08:20:29+00:00\",\"mainEntityOfPage\":{\"@id\":\"https:\\\/\\\/www.tressis.com\\\/ca\\\/blog\\\/noticia-jornada-pmi-zona-euro\\\/\"},\"wordCount\":551,\"commentCount\":0,\"publisher\":{\"@id\":\"https:\\\/\\\/www.tressis.com\\\/ca\\\/#organization\"},\"image\":{\"@id\":\"https:\\\/\\\/www.tressis.com\\\/ca\\\/blog\\\/noticia-jornada-pmi-zona-euro\\\/#primaryimage\"},\"thumbnailUrl\":\"https:\\\/\\\/www.tressis.com\\\/wp-content\\\/uploads\\\/2021\\\/06\\\/pmi-zona-euro.jpg\",\"keywords\":[\"fed\",\"materias primas\",\"PMI\",\"vacunaci\u00f3n\",\"zona euro\"],\"articleSection\":[\"Morning meeting\"],\"inLanguage\":\"ca\",\"potentialAction\":[{\"@type\":\"CommentAction\",\"name\":\"Comment\",\"target\":[\"https:\\\/\\\/www.tressis.com\\\/ca\\\/blog\\\/noticia-jornada-pmi-zona-euro\\\/#respond\"]}]},{\"@type\":\"WebPage\",\"@id\":\"https:\\\/\\\/www.tressis.com\\\/ca\\\/blog\\\/noticia-jornada-pmi-zona-euro\\\/\",\"url\":\"https:\\\/\\\/www.tressis.com\\\/ca\\\/blog\\\/noticia-jornada-pmi-zona-euro\\\/\",\"name\":\"La noticia de la jornada fue el PMI de la zona euro\",\"isPartOf\":{\"@id\":\"https:\\\/\\\/www.tressis.com\\\/ca\\\/#website\"},\"primaryImageOfPage\":{\"@id\":\"https:\\\/\\\/www.tressis.com\\\/ca\\\/blog\\\/noticia-jornada-pmi-zona-euro\\\/#primaryimage\"},\"image\":{\"@id\":\"https:\\\/\\\/www.tressis.com\\\/ca\\\/blog\\\/noticia-jornada-pmi-zona-euro\\\/#primaryimage\"},\"thumbnailUrl\":\"https:\\\/\\\/www.tressis.com\\\/wp-content\\\/uploads\\\/2021\\\/06\\\/pmi-zona-euro.jpg\",\"datePublished\":\"2021-06-24T08:20:29+00:00\",\"description\":\"La econom\u00eda de la zona euro crece en junio a su mayor ritmo en quince a\u00f1os\",\"breadcrumb\":{\"@id\":\"https:\\\/\\\/www.tressis.com\\\/ca\\\/blog\\\/noticia-jornada-pmi-zona-euro\\\/#breadcrumb\"},\"inLanguage\":\"ca\",\"potentialAction\":[{\"@type\":\"ReadAction\",\"target\":[\"https:\\\/\\\/www.tressis.com\\\/ca\\\/blog\\\/noticia-jornada-pmi-zona-euro\\\/\"]}]},{\"@type\":\"ImageObject\",\"inLanguage\":\"ca\",\"@id\":\"https:\\\/\\\/www.tressis.com\\\/ca\\\/blog\\\/noticia-jornada-pmi-zona-euro\\\/#primaryimage\",\"url\":\"https:\\\/\\\/www.tressis.com\\\/wp-content\\\/uploads\\\/2021\\\/06\\\/pmi-zona-euro.jpg\",\"contentUrl\":\"https:\\\/\\\/www.tressis.com\\\/wp-content\\\/uploads\\\/2021\\\/06\\\/pmi-zona-euro.jpg\",\"width\":1100,\"height\":487},{\"@type\":\"BreadcrumbList\",\"@id\":\"https:\\\/\\\/www.tressis.com\\\/ca\\\/blog\\\/noticia-jornada-pmi-zona-euro\\\/#breadcrumb\",\"itemListElement\":[{\"@type\":\"ListItem\",\"position\":1,\"name\":\"Inicio\",\"item\":\"https:\\\/\\\/www.tressis.com\\\/ca\\\/\"},{\"@type\":\"ListItem\",\"position\":2,\"name\":\"La noticia de la jornada fue el PMI de la zona euro\"}]},{\"@type\":\"WebSite\",\"@id\":\"https:\\\/\\\/www.tressis.com\\\/ca\\\/#website\",\"url\":\"https:\\\/\\\/www.tressis.com\\\/ca\\\/\",\"name\":\"Tressis banca privada\",\"description\":\"Tressis | Planificaci\u00f3n financiera y gesti\u00f3n de patrimonios\",\"publisher\":{\"@id\":\"https:\\\/\\\/www.tressis.com\\\/ca\\\/#organization\"},\"potentialAction\":[{\"@type\":\"SearchAction\",\"target\":{\"@type\":\"EntryPoint\",\"urlTemplate\":\"https:\\\/\\\/www.tressis.com\\\/ca\\\/?s={search_term_string}\"},\"query-input\":{\"@type\":\"PropertyValueSpecification\",\"valueRequired\":true,\"valueName\":\"search_term_string\"}}],\"inLanguage\":\"ca\"},{\"@type\":\"Organization\",\"@id\":\"https:\\\/\\\/www.tressis.com\\\/ca\\\/#organization\",\"name\":\"Tressis\",\"url\":\"https:\\\/\\\/www.tressis.com\\\/ca\\\/\",\"logo\":{\"@type\":\"ImageObject\",\"inLanguage\":\"ca\",\"@id\":\"https:\\\/\\\/www.tressis.com\\\/ca\\\/#\\\/schema\\\/logo\\\/image\\\/\",\"url\":\"https:\\\/\\\/www.tressis.com\\\/wp-content\\\/uploads\\\/2025\\\/06\\\/logo-tressis-112.png\",\"contentUrl\":\"https:\\\/\\\/www.tressis.com\\\/wp-content\\\/uploads\\\/2025\\\/06\\\/logo-tressis-112.png\",\"width\":112,\"height\":112,\"caption\":\"Tressis\"},\"image\":{\"@id\":\"https:\\\/\\\/www.tressis.com\\\/ca\\\/#\\\/schema\\\/logo\\\/image\\\/\"},\"sameAs\":[\"https:\\\/\\\/www.facebook.com\\\/Tressis\\\/\",\"https:\\\/\\\/x.com\\\/TressisSV\",\"https:\\\/\\\/www.instagram.com\\\/tressissv\\\/?hl=es\",\"https:\\\/\\\/linkedin.com\\\/company\\\/tressis\\\/\",\"https:\\\/\\\/www.youtube.com\\\/user\\\/tressissv\",\"https:\\\/\\\/open.spotify.com\\\/show\\\/3jmTe1Nf0wqMILl7diWV6h?si=d7112519f13c4593&nd=1\"]},{\"@type\":\"Person\",\"@id\":\"https:\\\/\\\/www.tressis.com\\\/ca\\\/#\\\/schema\\\/person\\\/b833c1d724d8764920b6d6852c70584e\",\"name\":\"Lola\",\"image\":{\"@type\":\"ImageObject\",\"inLanguage\":\"ca\",\"@id\":\"https:\\\/\\\/secure.gravatar.com\\\/avatar\\\/05e646486b23ff45df9649110609c7e31b8c4a3e2821caa23d6317f405e0c51d?s=96&d=mm&r=g\",\"url\":\"https:\\\/\\\/secure.gravatar.com\\\/avatar\\\/05e646486b23ff45df9649110609c7e31b8c4a3e2821caa23d6317f405e0c51d?s=96&d=mm&r=g\",\"contentUrl\":\"https:\\\/\\\/secure.gravatar.com\\\/avatar\\\/05e646486b23ff45df9649110609c7e31b8c4a3e2821caa23d6317f405e0c51d?s=96&d=mm&r=g\",\"caption\":\"Lola\"}}]}<\/script>\n<!-- \/ Yoast SEO plugin. -->","yoast_head_json":{"title":"La noticia de la jornada fue el PMI de la zona euro","description":"La econom\u00eda de la zona euro crece en junio a su mayor ritmo en quince a\u00f1os","robots":{"index":"index","follow":"follow","max-snippet":"max-snippet:-1","max-image-preview":"max-image-preview:large","max-video-preview":"max-video-preview:-1"},"canonical":"https:\/\/www.tressis.com\/ca\/blog\/noticia-jornada-pmi-zona-euro\/","og_locale":"ca_ES","og_type":"article","og_title":"La noticia de la jornada fue el PMI de la zona euro","og_description":"La econom\u00eda de la zona euro crece en junio a su mayor ritmo en quince a\u00f1os","og_url":"https:\/\/www.tressis.com\/ca\/blog\/noticia-jornada-pmi-zona-euro\/","og_site_name":"Tressis","article_publisher":"https:\/\/www.facebook.com\/Tressis\/","article_published_time":"2021-06-24T08:20:29+00:00","og_image":[{"width":1100,"height":487,"url":"https:\/\/www.tressis.com\/wp-content\/uploads\/2021\/06\/pmi-zona-euro.jpg","type":"image\/jpeg"}],"author":"Lola","twitter_card":"summary_large_image","twitter_creator":"@TressisSV","twitter_site":"@TressisSV","twitter_misc":{"Escrit per":"Lola","Temps estimat de lectura":"3 minuts"},"schema":{"@context":"https:\/\/schema.org","@graph":[{"@type":"Article","@id":"https:\/\/www.tressis.com\/ca\/blog\/noticia-jornada-pmi-zona-euro\/#article","isPartOf":{"@id":"https:\/\/www.tressis.com\/ca\/blog\/noticia-jornada-pmi-zona-euro\/"},"author":{"name":"Lola","@id":"https:\/\/www.tressis.com\/ca\/#\/schema\/person\/b833c1d724d8764920b6d6852c70584e"},"headline":"La noticia de la jornada fue el PMI de la zona euro","datePublished":"2021-06-24T08:20:29+00:00","mainEntityOfPage":{"@id":"https:\/\/www.tressis.com\/ca\/blog\/noticia-jornada-pmi-zona-euro\/"},"wordCount":551,"commentCount":0,"publisher":{"@id":"https:\/\/www.tressis.com\/ca\/#organization"},"image":{"@id":"https:\/\/www.tressis.com\/ca\/blog\/noticia-jornada-pmi-zona-euro\/#primaryimage"},"thumbnailUrl":"https:\/\/www.tressis.com\/wp-content\/uploads\/2021\/06\/pmi-zona-euro.jpg","keywords":["fed","materias primas","PMI","vacunaci\u00f3n","zona euro"],"articleSection":["Morning meeting"],"inLanguage":"ca","potentialAction":[{"@type":"CommentAction","name":"Comment","target":["https:\/\/www.tressis.com\/ca\/blog\/noticia-jornada-pmi-zona-euro\/#respond"]}]},{"@type":"WebPage","@id":"https:\/\/www.tressis.com\/ca\/blog\/noticia-jornada-pmi-zona-euro\/","url":"https:\/\/www.tressis.com\/ca\/blog\/noticia-jornada-pmi-zona-euro\/","name":"La noticia de la jornada fue el PMI de la zona euro","isPartOf":{"@id":"https:\/\/www.tressis.com\/ca\/#website"},"primaryImageOfPage":{"@id":"https:\/\/www.tressis.com\/ca\/blog\/noticia-jornada-pmi-zona-euro\/#primaryimage"},"image":{"@id":"https:\/\/www.tressis.com\/ca\/blog\/noticia-jornada-pmi-zona-euro\/#primaryimage"},"thumbnailUrl":"https:\/\/www.tressis.com\/wp-content\/uploads\/2021\/06\/pmi-zona-euro.jpg","datePublished":"2021-06-24T08:20:29+00:00","description":"La econom\u00eda de la zona euro crece en junio a su mayor ritmo en quince a\u00f1os","breadcrumb":{"@id":"https:\/\/www.tressis.com\/ca\/blog\/noticia-jornada-pmi-zona-euro\/#breadcrumb"},"inLanguage":"ca","potentialAction":[{"@type":"ReadAction","target":["https:\/\/www.tressis.com\/ca\/blog\/noticia-jornada-pmi-zona-euro\/"]}]},{"@type":"ImageObject","inLanguage":"ca","@id":"https:\/\/www.tressis.com\/ca\/blog\/noticia-jornada-pmi-zona-euro\/#primaryimage","url":"https:\/\/www.tressis.com\/wp-content\/uploads\/2021\/06\/pmi-zona-euro.jpg","contentUrl":"https:\/\/www.tressis.com\/wp-content\/uploads\/2021\/06\/pmi-zona-euro.jpg","width":1100,"height":487},{"@type":"BreadcrumbList","@id":"https:\/\/www.tressis.com\/ca\/blog\/noticia-jornada-pmi-zona-euro\/#breadcrumb","itemListElement":[{"@type":"ListItem","position":1,"name":"Inicio","item":"https:\/\/www.tressis.com\/ca\/"},{"@type":"ListItem","position":2,"name":"La noticia de la jornada fue el PMI de la zona euro"}]},{"@type":"WebSite","@id":"https:\/\/www.tressis.com\/ca\/#website","url":"https:\/\/www.tressis.com\/ca\/","name":"Tressis banca privada","description":"Tressis | Planificaci\u00f3n financiera y gesti\u00f3n de patrimonios","publisher":{"@id":"https:\/\/www.tressis.com\/ca\/#organization"},"potentialAction":[{"@type":"SearchAction","target":{"@type":"EntryPoint","urlTemplate":"https:\/\/www.tressis.com\/ca\/?s={search_term_string}"},"query-input":{"@type":"PropertyValueSpecification","valueRequired":true,"valueName":"search_term_string"}}],"inLanguage":"ca"},{"@type":"Organization","@id":"https:\/\/www.tressis.com\/ca\/#organization","name":"Tressis","url":"https:\/\/www.tressis.com\/ca\/","logo":{"@type":"ImageObject","inLanguage":"ca","@id":"https:\/\/www.tressis.com\/ca\/#\/schema\/logo\/image\/","url":"https:\/\/www.tressis.com\/wp-content\/uploads\/2025\/06\/logo-tressis-112.png","contentUrl":"https:\/\/www.tressis.com\/wp-content\/uploads\/2025\/06\/logo-tressis-112.png","width":112,"height":112,"caption":"Tressis"},"image":{"@id":"https:\/\/www.tressis.com\/ca\/#\/schema\/logo\/image\/"},"sameAs":["https:\/\/www.facebook.com\/Tressis\/","https:\/\/x.com\/TressisSV","https:\/\/www.instagram.com\/tressissv\/?hl=es","https:\/\/linkedin.com\/company\/tressis\/","https:\/\/www.youtube.com\/user\/tressissv","https:\/\/open.spotify.com\/show\/3jmTe1Nf0wqMILl7diWV6h?si=d7112519f13c4593&nd=1"]},{"@type":"Person","@id":"https:\/\/www.tressis.com\/ca\/#\/schema\/person\/b833c1d724d8764920b6d6852c70584e","name":"Lola","image":{"@type":"ImageObject","inLanguage":"ca","@id":"https:\/\/secure.gravatar.com\/avatar\/05e646486b23ff45df9649110609c7e31b8c4a3e2821caa23d6317f405e0c51d?s=96&d=mm&r=g","url":"https:\/\/secure.gravatar.com\/avatar\/05e646486b23ff45df9649110609c7e31b8c4a3e2821caa23d6317f405e0c51d?s=96&d=mm&r=g","contentUrl":"https:\/\/secure.gravatar.com\/avatar\/05e646486b23ff45df9649110609c7e31b8c4a3e2821caa23d6317f405e0c51d?s=96&d=mm&r=g","caption":"Lola"}}]}},"_links":{"self":[{"href":"https:\/\/www.tressis.com\/ca\/wp-json\/wp\/v2\/posts\/36531","targetHints":{"allow":["GET"]}}],"collection":[{"href":"https:\/\/www.tressis.com\/ca\/wp-json\/wp\/v2\/posts"}],"about":[{"href":"https:\/\/www.tressis.com\/ca\/wp-json\/wp\/v2\/types\/post"}],"author":[{"embeddable":true,"href":"https:\/\/www.tressis.com\/ca\/wp-json\/wp\/v2\/users\/4"}],"replies":[{"embeddable":true,"href":"https:\/\/www.tressis.com\/ca\/wp-json\/wp\/v2\/comments?post=36531"}],"version-history":[{"count":0,"href":"https:\/\/www.tressis.com\/ca\/wp-json\/wp\/v2\/posts\/36531\/revisions"}],"wp:featuredmedia":[{"embeddable":true,"href":"https:\/\/www.tressis.com\/ca\/wp-json\/wp\/v2\/media\/36535"}],"wp:attachment":[{"href":"https:\/\/www.tressis.com\/ca\/wp-json\/wp\/v2\/media?parent=36531"}],"wp:term":[{"taxonomy":"category","embeddable":true,"href":"https:\/\/www.tressis.com\/ca\/wp-json\/wp\/v2\/categories?post=36531"},{"taxonomy":"post_tag","embeddable":true,"href":"https:\/\/www.tressis.com\/ca\/wp-json\/wp\/v2\/tags?post=36531"}],"curies":[{"name":"wp","href":"https:\/\/api.w.org\/{rel}","templated":true}]}}