{"id":36457,"date":"2021-06-16T10:09:42","date_gmt":"2021-06-16T08:09:42","guid":{"rendered":"https:\/\/www.tressis.com\/blog\/?p=36457"},"modified":"2021-06-16T10:09:42","modified_gmt":"2021-06-16T08:09:42","slug":"dia-activo-mercados-primarios-deuda","status":"publish","type":"post","link":"https:\/\/www.tressis.com\/ca\/blog\/dia-activo-mercados-primarios-deuda\/","title":{"rendered":"Un d\u00eda bastante activo en los mercados primarios de deuda"},"content":{"rendered":"<p>Los inversores tienen los ojos puestos en la reuni\u00f3n de la Fed hoy.<!--more--> De hecho, ya los ten\u00edan durante la jornada de ayer, en la cual las acciones estadounidenses registraban ligeras ca\u00eddas y las europeas continuaban con su escalada. Por su parte, las acciones chinas cayeron a medida que los planes intervencionistas del gobierno pesaban sobre los sectores de materiales y atenci\u00f3n m\u00e9dica.<\/p>\n<p>El d\u00eda fue especialmente activo en los mercados primarios de deuda, donde vimos subastas por valor de 20.000 millones de euros de la Comisi\u00f3n Europea para financiar el programa de est\u00edmulo EU Next Generation y 24.000 millones de d\u00f3lares del gobierno americano a veinte a\u00f1os. Ambos con una fuerte sobredemanda. Por su parte, en los mercados secundarios, los rendimientos disminuyeron marginalmente y la curva se aplan\u00f3.<\/p>\n<p>Llevamos varios d\u00edas en los que los mercados de deuda, las bolsas y las materias primas han perdido toda correlaci\u00f3n. Como si unos inversores vieran la evoluci\u00f3n econ\u00f3mica, y sobre todo la inflaci\u00f3n, de una manera y otros de la contraria. En el caso del mercado de bonos, las se\u00f1ales son de que la inflaci\u00f3n va a ser transitoria y de que los bancos centrales van a seguir apoyando, pero, \u00bfhasta cu\u00e1ndo?<\/p>\n<p>Hoy podr\u00edamos tener alguna pista, aunque el mercado espera que la Reserva Federal no cambie nada, salvo sus previsiones econ\u00f3micas. Posiblemente revisen al alza su estimaci\u00f3n del PIB del \u00edndice de precios PCE (gasto en consumo personal) subyacente frente a los que ten\u00edan en marzo. Tambi\u00e9n es posible que veamos alguna modificaci\u00f3n en el diagrama de puntos que representa los niveles en los que piensan los diferentes gobernadores que deber\u00edan situarse los tipos de inter\u00e9s oficiales en los pr\u00f3ximos a\u00f1os.<\/p>\n<p>En cuanto a las noticias macroecon\u00f3micas de la jornada de ayer, las ventas minoristas norteamericanas de mayo se quedan por debajo de las previsiones. No obstante, se produc\u00eda una revisi\u00f3n al alza de los meses de marzo y abril. Adem\u00e1s, la producci\u00f3n industrial del pa\u00eds aumentaba un poco m\u00e1s de lo esperado y la mayor\u00eda de los componentes se expand\u00edan durante el mes, con la excepci\u00f3n de defensa y construcci\u00f3n. Destacaba el buen comportamiento del sector de automoci\u00f3n y eso a pesar de que siguen enfrent\u00e1ndose a cuellos de botella por culpa de los semiconductores.<\/p>\n<p>Buen d\u00eda.<br \/>\n<center><strong>Jorge Gonz\u00e1lez G\u00f3mez<\/strong><br \/>\nDirector de An\u00e1lisis <\/center><\/p>\n","protected":false},"excerpt":{"rendered":"<p>Los inversores tienen los ojos puestos en la reuni\u00f3n de la Fed hoy.<\/p>\n","protected":false},"author":4,"featured_media":36459,"comment_status":"open","ping_status":"closed","sticky":false,"template":"","format":"standard","meta":{"_acf_changed":false,"footnotes":""},"categories":[9721],"tags":[],"class_list":["post-36457","post","type-post","status-publish","format-standard","has-post-thumbnail","hentry","category-morning-meeting"],"acf":[],"yoast_head":"<!-- This site is optimized with the Yoast SEO plugin v27.5 - https:\/\/yoast.com\/product\/yoast-seo-wordpress\/ -->\n<title>Un d\u00eda bastante activo en los mercados primarios de deuda<\/title>\n<meta name=\"description\" content=\"Vimos subastas por valor de 20.000 millones de euros de la Comisi\u00f3n Europea para financiar el programa de est\u00edmulo EU Next Generation y 24.000 millones de d\u00f3lares del gobierno americano a veinte a\u00f1os\" \/>\n<meta name=\"robots\" content=\"index, follow, max-snippet:-1, max-image-preview:large, max-video-preview:-1\" \/>\n<link rel=\"canonical\" href=\"https:\/\/www.tressis.com\/ca\/blog\/dia-activo-mercados-primarios-deuda\/\" \/>\n<meta property=\"og:locale\" content=\"ca_ES\" \/>\n<meta property=\"og:type\" content=\"article\" \/>\n<meta property=\"og:title\" content=\"Un d\u00eda bastante activo en los mercados primarios de deuda\" \/>\n<meta property=\"og:description\" content=\"Vimos subastas por valor de 20.000 millones de euros de la Comisi\u00f3n Europea para financiar el programa de est\u00edmulo EU Next Generation y 24.000 millones de d\u00f3lares del gobierno americano a veinte a\u00f1os\" \/>\n<meta property=\"og:url\" content=\"https:\/\/www.tressis.com\/ca\/blog\/dia-activo-mercados-primarios-deuda\/\" \/>\n<meta property=\"og:site_name\" content=\"Tressis\" \/>\n<meta property=\"article:publisher\" content=\"https:\/\/www.facebook.com\/Tressis\/\" \/>\n<meta property=\"article:published_time\" content=\"2021-06-16T08:09:42+00:00\" \/>\n<meta property=\"og:image\" content=\"https:\/\/www.tressis.com\/wp-content\/uploads\/2021\/06\/EU-Next-Generation.jpg\" \/>\n\t<meta property=\"og:image:width\" content=\"1100\" \/>\n\t<meta property=\"og:image:height\" content=\"487\" \/>\n\t<meta property=\"og:image:type\" content=\"image\/jpeg\" \/>\n<meta name=\"author\" content=\"Lola\" \/>\n<meta name=\"twitter:card\" content=\"summary_large_image\" \/>\n<meta name=\"twitter:creator\" content=\"@TressisSV\" \/>\n<meta name=\"twitter:site\" content=\"@TressisSV\" \/>\n<meta name=\"twitter:label1\" content=\"Escrit per\" \/>\n\t<meta name=\"twitter:data1\" content=\"Lola\" \/>\n\t<meta name=\"twitter:label2\" content=\"Temps estimat de lectura\" \/>\n\t<meta name=\"twitter:data2\" content=\"2 minuts\" \/>\n<script type=\"application\/ld+json\" class=\"yoast-schema-graph\">{\"@context\":\"https:\\\/\\\/schema.org\",\"@graph\":[{\"@type\":\"Article\",\"@id\":\"https:\\\/\\\/www.tressis.com\\\/ca\\\/blog\\\/dia-activo-mercados-primarios-deuda\\\/#article\",\"isPartOf\":{\"@id\":\"https:\\\/\\\/www.tressis.com\\\/ca\\\/blog\\\/dia-activo-mercados-primarios-deuda\\\/\"},\"author\":{\"name\":\"Lola\",\"@id\":\"https:\\\/\\\/www.tressis.com\\\/ca\\\/#\\\/schema\\\/person\\\/b833c1d724d8764920b6d6852c70584e\"},\"headline\":\"Un d\u00eda bastante activo en los mercados primarios de deuda\",\"datePublished\":\"2021-06-16T08:09:42+00:00\",\"mainEntityOfPage\":{\"@id\":\"https:\\\/\\\/www.tressis.com\\\/ca\\\/blog\\\/dia-activo-mercados-primarios-deuda\\\/\"},\"wordCount\":438,\"commentCount\":0,\"publisher\":{\"@id\":\"https:\\\/\\\/www.tressis.com\\\/ca\\\/#organization\"},\"image\":{\"@id\":\"https:\\\/\\\/www.tressis.com\\\/ca\\\/blog\\\/dia-activo-mercados-primarios-deuda\\\/#primaryimage\"},\"thumbnailUrl\":\"https:\\\/\\\/www.tressis.com\\\/wp-content\\\/uploads\\\/2021\\\/06\\\/EU-Next-Generation.jpg\",\"articleSection\":[\"Morning meeting\"],\"inLanguage\":\"ca\",\"potentialAction\":[{\"@type\":\"CommentAction\",\"name\":\"Comment\",\"target\":[\"https:\\\/\\\/www.tressis.com\\\/ca\\\/blog\\\/dia-activo-mercados-primarios-deuda\\\/#respond\"]}]},{\"@type\":\"WebPage\",\"@id\":\"https:\\\/\\\/www.tressis.com\\\/ca\\\/blog\\\/dia-activo-mercados-primarios-deuda\\\/\",\"url\":\"https:\\\/\\\/www.tressis.com\\\/ca\\\/blog\\\/dia-activo-mercados-primarios-deuda\\\/\",\"name\":\"Un d\u00eda bastante activo en los mercados primarios de deuda\",\"isPartOf\":{\"@id\":\"https:\\\/\\\/www.tressis.com\\\/ca\\\/#website\"},\"primaryImageOfPage\":{\"@id\":\"https:\\\/\\\/www.tressis.com\\\/ca\\\/blog\\\/dia-activo-mercados-primarios-deuda\\\/#primaryimage\"},\"image\":{\"@id\":\"https:\\\/\\\/www.tressis.com\\\/ca\\\/blog\\\/dia-activo-mercados-primarios-deuda\\\/#primaryimage\"},\"thumbnailUrl\":\"https:\\\/\\\/www.tressis.com\\\/wp-content\\\/uploads\\\/2021\\\/06\\\/EU-Next-Generation.jpg\",\"datePublished\":\"2021-06-16T08:09:42+00:00\",\"description\":\"Vimos subastas por valor de 20.000 millones de euros de la Comisi\u00f3n Europea para financiar el programa de est\u00edmulo EU Next Generation y 24.000 millones de d\u00f3lares del gobierno americano a veinte a\u00f1os\",\"breadcrumb\":{\"@id\":\"https:\\\/\\\/www.tressis.com\\\/ca\\\/blog\\\/dia-activo-mercados-primarios-deuda\\\/#breadcrumb\"},\"inLanguage\":\"ca\",\"potentialAction\":[{\"@type\":\"ReadAction\",\"target\":[\"https:\\\/\\\/www.tressis.com\\\/ca\\\/blog\\\/dia-activo-mercados-primarios-deuda\\\/\"]}]},{\"@type\":\"ImageObject\",\"inLanguage\":\"ca\",\"@id\":\"https:\\\/\\\/www.tressis.com\\\/ca\\\/blog\\\/dia-activo-mercados-primarios-deuda\\\/#primaryimage\",\"url\":\"https:\\\/\\\/www.tressis.com\\\/wp-content\\\/uploads\\\/2021\\\/06\\\/EU-Next-Generation.jpg\",\"contentUrl\":\"https:\\\/\\\/www.tressis.com\\\/wp-content\\\/uploads\\\/2021\\\/06\\\/EU-Next-Generation.jpg\",\"width\":1100,\"height\":487},{\"@type\":\"BreadcrumbList\",\"@id\":\"https:\\\/\\\/www.tressis.com\\\/ca\\\/blog\\\/dia-activo-mercados-primarios-deuda\\\/#breadcrumb\",\"itemListElement\":[{\"@type\":\"ListItem\",\"position\":1,\"name\":\"Inicio\",\"item\":\"https:\\\/\\\/www.tressis.com\\\/ca\\\/\"},{\"@type\":\"ListItem\",\"position\":2,\"name\":\"Un d\u00eda bastante activo en los mercados primarios de deuda\"}]},{\"@type\":\"WebSite\",\"@id\":\"https:\\\/\\\/www.tressis.com\\\/ca\\\/#website\",\"url\":\"https:\\\/\\\/www.tressis.com\\\/ca\\\/\",\"name\":\"Tressis banca privada\",\"description\":\"Tressis | Planificaci\u00f3n financiera y gesti\u00f3n de patrimonios\",\"publisher\":{\"@id\":\"https:\\\/\\\/www.tressis.com\\\/ca\\\/#organization\"},\"potentialAction\":[{\"@type\":\"SearchAction\",\"target\":{\"@type\":\"EntryPoint\",\"urlTemplate\":\"https:\\\/\\\/www.tressis.com\\\/ca\\\/?s={search_term_string}\"},\"query-input\":{\"@type\":\"PropertyValueSpecification\",\"valueRequired\":true,\"valueName\":\"search_term_string\"}}],\"inLanguage\":\"ca\"},{\"@type\":\"Organization\",\"@id\":\"https:\\\/\\\/www.tressis.com\\\/ca\\\/#organization\",\"name\":\"Tressis\",\"url\":\"https:\\\/\\\/www.tressis.com\\\/ca\\\/\",\"logo\":{\"@type\":\"ImageObject\",\"inLanguage\":\"ca\",\"@id\":\"https:\\\/\\\/www.tressis.com\\\/ca\\\/#\\\/schema\\\/logo\\\/image\\\/\",\"url\":\"https:\\\/\\\/www.tressis.com\\\/wp-content\\\/uploads\\\/2025\\\/06\\\/logo-tressis-112.png\",\"contentUrl\":\"https:\\\/\\\/www.tressis.com\\\/wp-content\\\/uploads\\\/2025\\\/06\\\/logo-tressis-112.png\",\"width\":112,\"height\":112,\"caption\":\"Tressis\"},\"image\":{\"@id\":\"https:\\\/\\\/www.tressis.com\\\/ca\\\/#\\\/schema\\\/logo\\\/image\\\/\"},\"sameAs\":[\"https:\\\/\\\/www.facebook.com\\\/Tressis\\\/\",\"https:\\\/\\\/x.com\\\/TressisSV\",\"https:\\\/\\\/www.instagram.com\\\/tressissv\\\/?hl=es\",\"https:\\\/\\\/linkedin.com\\\/company\\\/tressis\\\/\",\"https:\\\/\\\/www.youtube.com\\\/user\\\/tressissv\",\"https:\\\/\\\/open.spotify.com\\\/show\\\/3jmTe1Nf0wqMILl7diWV6h?si=d7112519f13c4593&nd=1\"]},{\"@type\":\"Person\",\"@id\":\"https:\\\/\\\/www.tressis.com\\\/ca\\\/#\\\/schema\\\/person\\\/b833c1d724d8764920b6d6852c70584e\",\"name\":\"Lola\",\"image\":{\"@type\":\"ImageObject\",\"inLanguage\":\"ca\",\"@id\":\"https:\\\/\\\/secure.gravatar.com\\\/avatar\\\/05e646486b23ff45df9649110609c7e31b8c4a3e2821caa23d6317f405e0c51d?s=96&d=mm&r=g\",\"url\":\"https:\\\/\\\/secure.gravatar.com\\\/avatar\\\/05e646486b23ff45df9649110609c7e31b8c4a3e2821caa23d6317f405e0c51d?s=96&d=mm&r=g\",\"contentUrl\":\"https:\\\/\\\/secure.gravatar.com\\\/avatar\\\/05e646486b23ff45df9649110609c7e31b8c4a3e2821caa23d6317f405e0c51d?s=96&d=mm&r=g\",\"caption\":\"Lola\"}}]}<\/script>\n<!-- \/ Yoast SEO plugin. -->","yoast_head_json":{"title":"Un d\u00eda bastante activo en los mercados primarios de deuda","description":"Vimos subastas por valor de 20.000 millones de euros de la Comisi\u00f3n Europea para financiar el programa de est\u00edmulo EU Next Generation y 24.000 millones de d\u00f3lares del gobierno americano a veinte a\u00f1os","robots":{"index":"index","follow":"follow","max-snippet":"max-snippet:-1","max-image-preview":"max-image-preview:large","max-video-preview":"max-video-preview:-1"},"canonical":"https:\/\/www.tressis.com\/ca\/blog\/dia-activo-mercados-primarios-deuda\/","og_locale":"ca_ES","og_type":"article","og_title":"Un d\u00eda bastante activo en los mercados primarios de deuda","og_description":"Vimos subastas por valor de 20.000 millones de euros de la Comisi\u00f3n Europea para financiar el programa de est\u00edmulo EU Next Generation y 24.000 millones de d\u00f3lares del gobierno americano a veinte a\u00f1os","og_url":"https:\/\/www.tressis.com\/ca\/blog\/dia-activo-mercados-primarios-deuda\/","og_site_name":"Tressis","article_publisher":"https:\/\/www.facebook.com\/Tressis\/","article_published_time":"2021-06-16T08:09:42+00:00","og_image":[{"width":1100,"height":487,"url":"https:\/\/www.tressis.com\/wp-content\/uploads\/2021\/06\/EU-Next-Generation.jpg","type":"image\/jpeg"}],"author":"Lola","twitter_card":"summary_large_image","twitter_creator":"@TressisSV","twitter_site":"@TressisSV","twitter_misc":{"Escrit per":"Lola","Temps estimat de lectura":"2 minuts"},"schema":{"@context":"https:\/\/schema.org","@graph":[{"@type":"Article","@id":"https:\/\/www.tressis.com\/ca\/blog\/dia-activo-mercados-primarios-deuda\/#article","isPartOf":{"@id":"https:\/\/www.tressis.com\/ca\/blog\/dia-activo-mercados-primarios-deuda\/"},"author":{"name":"Lola","@id":"https:\/\/www.tressis.com\/ca\/#\/schema\/person\/b833c1d724d8764920b6d6852c70584e"},"headline":"Un d\u00eda bastante activo en los mercados primarios de deuda","datePublished":"2021-06-16T08:09:42+00:00","mainEntityOfPage":{"@id":"https:\/\/www.tressis.com\/ca\/blog\/dia-activo-mercados-primarios-deuda\/"},"wordCount":438,"commentCount":0,"publisher":{"@id":"https:\/\/www.tressis.com\/ca\/#organization"},"image":{"@id":"https:\/\/www.tressis.com\/ca\/blog\/dia-activo-mercados-primarios-deuda\/#primaryimage"},"thumbnailUrl":"https:\/\/www.tressis.com\/wp-content\/uploads\/2021\/06\/EU-Next-Generation.jpg","articleSection":["Morning meeting"],"inLanguage":"ca","potentialAction":[{"@type":"CommentAction","name":"Comment","target":["https:\/\/www.tressis.com\/ca\/blog\/dia-activo-mercados-primarios-deuda\/#respond"]}]},{"@type":"WebPage","@id":"https:\/\/www.tressis.com\/ca\/blog\/dia-activo-mercados-primarios-deuda\/","url":"https:\/\/www.tressis.com\/ca\/blog\/dia-activo-mercados-primarios-deuda\/","name":"Un d\u00eda bastante activo en los mercados primarios de deuda","isPartOf":{"@id":"https:\/\/www.tressis.com\/ca\/#website"},"primaryImageOfPage":{"@id":"https:\/\/www.tressis.com\/ca\/blog\/dia-activo-mercados-primarios-deuda\/#primaryimage"},"image":{"@id":"https:\/\/www.tressis.com\/ca\/blog\/dia-activo-mercados-primarios-deuda\/#primaryimage"},"thumbnailUrl":"https:\/\/www.tressis.com\/wp-content\/uploads\/2021\/06\/EU-Next-Generation.jpg","datePublished":"2021-06-16T08:09:42+00:00","description":"Vimos subastas por valor de 20.000 millones de euros de la Comisi\u00f3n Europea para financiar el programa de est\u00edmulo EU Next Generation y 24.000 millones de d\u00f3lares del gobierno americano a veinte a\u00f1os","breadcrumb":{"@id":"https:\/\/www.tressis.com\/ca\/blog\/dia-activo-mercados-primarios-deuda\/#breadcrumb"},"inLanguage":"ca","potentialAction":[{"@type":"ReadAction","target":["https:\/\/www.tressis.com\/ca\/blog\/dia-activo-mercados-primarios-deuda\/"]}]},{"@type":"ImageObject","inLanguage":"ca","@id":"https:\/\/www.tressis.com\/ca\/blog\/dia-activo-mercados-primarios-deuda\/#primaryimage","url":"https:\/\/www.tressis.com\/wp-content\/uploads\/2021\/06\/EU-Next-Generation.jpg","contentUrl":"https:\/\/www.tressis.com\/wp-content\/uploads\/2021\/06\/EU-Next-Generation.jpg","width":1100,"height":487},{"@type":"BreadcrumbList","@id":"https:\/\/www.tressis.com\/ca\/blog\/dia-activo-mercados-primarios-deuda\/#breadcrumb","itemListElement":[{"@type":"ListItem","position":1,"name":"Inicio","item":"https:\/\/www.tressis.com\/ca\/"},{"@type":"ListItem","position":2,"name":"Un d\u00eda bastante activo en los mercados primarios de deuda"}]},{"@type":"WebSite","@id":"https:\/\/www.tressis.com\/ca\/#website","url":"https:\/\/www.tressis.com\/ca\/","name":"Tressis banca privada","description":"Tressis | Planificaci\u00f3n financiera y gesti\u00f3n de patrimonios","publisher":{"@id":"https:\/\/www.tressis.com\/ca\/#organization"},"potentialAction":[{"@type":"SearchAction","target":{"@type":"EntryPoint","urlTemplate":"https:\/\/www.tressis.com\/ca\/?s={search_term_string}"},"query-input":{"@type":"PropertyValueSpecification","valueRequired":true,"valueName":"search_term_string"}}],"inLanguage":"ca"},{"@type":"Organization","@id":"https:\/\/www.tressis.com\/ca\/#organization","name":"Tressis","url":"https:\/\/www.tressis.com\/ca\/","logo":{"@type":"ImageObject","inLanguage":"ca","@id":"https:\/\/www.tressis.com\/ca\/#\/schema\/logo\/image\/","url":"https:\/\/www.tressis.com\/wp-content\/uploads\/2025\/06\/logo-tressis-112.png","contentUrl":"https:\/\/www.tressis.com\/wp-content\/uploads\/2025\/06\/logo-tressis-112.png","width":112,"height":112,"caption":"Tressis"},"image":{"@id":"https:\/\/www.tressis.com\/ca\/#\/schema\/logo\/image\/"},"sameAs":["https:\/\/www.facebook.com\/Tressis\/","https:\/\/x.com\/TressisSV","https:\/\/www.instagram.com\/tressissv\/?hl=es","https:\/\/linkedin.com\/company\/tressis\/","https:\/\/www.youtube.com\/user\/tressissv","https:\/\/open.spotify.com\/show\/3jmTe1Nf0wqMILl7diWV6h?si=d7112519f13c4593&nd=1"]},{"@type":"Person","@id":"https:\/\/www.tressis.com\/ca\/#\/schema\/person\/b833c1d724d8764920b6d6852c70584e","name":"Lola","image":{"@type":"ImageObject","inLanguage":"ca","@id":"https:\/\/secure.gravatar.com\/avatar\/05e646486b23ff45df9649110609c7e31b8c4a3e2821caa23d6317f405e0c51d?s=96&d=mm&r=g","url":"https:\/\/secure.gravatar.com\/avatar\/05e646486b23ff45df9649110609c7e31b8c4a3e2821caa23d6317f405e0c51d?s=96&d=mm&r=g","contentUrl":"https:\/\/secure.gravatar.com\/avatar\/05e646486b23ff45df9649110609c7e31b8c4a3e2821caa23d6317f405e0c51d?s=96&d=mm&r=g","caption":"Lola"}}]}},"_links":{"self":[{"href":"https:\/\/www.tressis.com\/ca\/wp-json\/wp\/v2\/posts\/36457","targetHints":{"allow":["GET"]}}],"collection":[{"href":"https:\/\/www.tressis.com\/ca\/wp-json\/wp\/v2\/posts"}],"about":[{"href":"https:\/\/www.tressis.com\/ca\/wp-json\/wp\/v2\/types\/post"}],"author":[{"embeddable":true,"href":"https:\/\/www.tressis.com\/ca\/wp-json\/wp\/v2\/users\/4"}],"replies":[{"embeddable":true,"href":"https:\/\/www.tressis.com\/ca\/wp-json\/wp\/v2\/comments?post=36457"}],"version-history":[{"count":0,"href":"https:\/\/www.tressis.com\/ca\/wp-json\/wp\/v2\/posts\/36457\/revisions"}],"wp:featuredmedia":[{"embeddable":true,"href":"https:\/\/www.tressis.com\/ca\/wp-json\/wp\/v2\/media\/36459"}],"wp:attachment":[{"href":"https:\/\/www.tressis.com\/ca\/wp-json\/wp\/v2\/media?parent=36457"}],"wp:term":[{"taxonomy":"category","embeddable":true,"href":"https:\/\/www.tressis.com\/ca\/wp-json\/wp\/v2\/categories?post=36457"},{"taxonomy":"post_tag","embeddable":true,"href":"https:\/\/www.tressis.com\/ca\/wp-json\/wp\/v2\/tags?post=36457"}],"curies":[{"name":"wp","href":"https:\/\/api.w.org\/{rel}","templated":true}]}}