{"id":36295,"date":"2021-06-01T10:28:01","date_gmt":"2021-06-01T08:28:01","guid":{"rendered":"https:\/\/www.tressis.com\/blog\/?p=36295"},"modified":"2021-06-01T10:28:01","modified_gmt":"2021-06-01T08:28:01","slug":"revolcon-gobierno-espanol-electricas","status":"publish","type":"post","link":"https:\/\/www.tressis.com\/ca\/blog\/revolcon-gobierno-espanol-electricas\/","title":{"rendered":"Revolc\u00f3n del Gobierno espa\u00f1ol a las el\u00e9ctricas"},"content":{"rendered":"<p>Como cada vez que cierran los mercados anglosajones, sobre todo los americanos, los vol\u00famenes de contrataci\u00f3n de ayer fueron m\u00e1s bajos de lo habitual y la sesi\u00f3n discurr\u00eda sin grandes variaciones ni un rumbo definido.<!--more--> En las plazas europeas pocas sorpresas m\u00e1s all\u00e1 del revolc\u00f3n que el Gobierno espa\u00f1ol ha dado a las el\u00e9ctricas al conocerse que pretende eliminar los incentivos para aquellos tipos de energ\u00eda que no emiten gases de efecto invernadero.<\/p>\n<p>El ritmo del proceso de vacunaci\u00f3n, ese catalizador del que hablamos pr\u00e1cticamente todos los d\u00edas, parece haber ilusionado a los miembros de la OPEP+, los cuales ven un incremento de la demanda para la segunda parte del a\u00f1o al calor de una mayor actividad y movilidad. Esta idea la refrenda tambi\u00e9n la revisi\u00f3n de estimaciones de crecimiento de la OCDE, la cual eleva las previsiones de los tres principales bloques econ\u00f3micos mundiales (Estados Unidos, Europa y China). En el caso del gigante asi\u00e1tico, adem\u00e1s, seguro que la OPEP ha recibido animadamente ver la noticia de que China permitir\u00e1 a las familias tener hasta tres hijos. \u00bfUn <i>boom<\/i> de nuevos consumidores de petr\u00f3leo o m\u00e1s adeptos a la causa de la energ\u00eda limpia?<\/p>\n<p>En la pol\u00edtica monetaria europea predomina el tono suave, pues, a la posible primera emisi\u00f3n de bonos del <i>EU Next Generation<\/i>, se unen las declaraciones de distintos miembros del BCE dando continuidad a la actitud laxa del organismo. Jap\u00f3n, ese espejo en el que nos miramos, sin embargo, ha dado un paso hist\u00f3rico, qui\u00e9n sabe si hacia la normalizaci\u00f3n monetaria, tras no haber participado durante el mes de mayo en el mercado dom\u00e9stico de ETF.<\/p>\n<p>Hoy esperamos un d\u00eda m\u00e1s animado, con Nueva York y Londres abiertos, y con numerosas referencias macroecon\u00f3micas que van desde los datos PMI e ISM de actividad manufacturera correspondientes al mes de mayo hasta los niveles de precios oficiales de la eurozona.<\/p>\n<p>Buen martes.<\/p>\n<p><center><strong>M\u00aa Salom\u00e9 Bouzas Romero<\/strong><br \/>\nAnalista <\/center><\/p>\n","protected":false},"excerpt":{"rendered":"<p>Como cada vez que cierran los mercados anglosajones, sobre todo los americanos, los vol\u00famenes de contrataci\u00f3n de ayer fueron m\u00e1s bajos de lo habitual y la sesi\u00f3n discurr\u00eda sin grandes variaciones ni un rumbo definido.<\/p>\n","protected":false},"author":4,"featured_media":36296,"comment_status":"open","ping_status":"closed","sticky":false,"template":"","format":"standard","meta":{"_acf_changed":false,"footnotes":""},"categories":[9721],"tags":[559,2278,2533,2537,4610],"class_list":["post-36295","post","type-post","status-publish","format-standard","has-post-thumbnail","hentry","category-morning-meeting","tag-bce","tag-electricas","tag-etf","tag-eu-next-generation","tag-opep"],"acf":[],"yoast_head":"<!-- This site is optimized with the Yoast SEO plugin v27.5 - https:\/\/yoast.com\/product\/yoast-seo-wordpress\/ -->\n<title>Revolc\u00f3n del Gobierno espa\u00f1ol a las el\u00e9ctricas<\/title>\n<meta name=\"description\" content=\"En las plazas europeas pocas sorpresas m\u00e1s all\u00e1 del revolc\u00f3n que el Gobierno espa\u00f1ol ha dado a las el\u00e9ctricas al conocerse que pretende eliminar los incentivos para aquellos tipos de energ\u00eda que no emiten gases de efecto invernadero.\" \/>\n<meta name=\"robots\" content=\"index, follow, max-snippet:-1, max-image-preview:large, max-video-preview:-1\" \/>\n<link rel=\"canonical\" href=\"https:\/\/www.tressis.com\/ca\/blog\/revolcon-gobierno-espanol-electricas\/\" \/>\n<meta property=\"og:locale\" content=\"ca_ES\" \/>\n<meta property=\"og:type\" content=\"article\" \/>\n<meta property=\"og:title\" content=\"Revolc\u00f3n del Gobierno espa\u00f1ol a las el\u00e9ctricas\" \/>\n<meta property=\"og:description\" content=\"En las plazas europeas pocas sorpresas m\u00e1s all\u00e1 del revolc\u00f3n que el Gobierno espa\u00f1ol ha dado a las el\u00e9ctricas al conocerse que pretende eliminar los incentivos para aquellos tipos de energ\u00eda que no emiten gases de efecto invernadero.\" \/>\n<meta property=\"og:url\" content=\"https:\/\/www.tressis.com\/ca\/blog\/revolcon-gobierno-espanol-electricas\/\" \/>\n<meta property=\"og:site_name\" content=\"Tressis\" \/>\n<meta property=\"article:publisher\" content=\"https:\/\/www.facebook.com\/Tressis\/\" \/>\n<meta property=\"article:published_time\" content=\"2021-06-01T08:28:01+00:00\" \/>\n<meta property=\"og:image\" content=\"https:\/\/www.tressis.com\/wp-content\/uploads\/2021\/06\/electricas.jpg\" \/>\n\t<meta property=\"og:image:width\" content=\"1100\" \/>\n\t<meta property=\"og:image:height\" content=\"487\" \/>\n\t<meta property=\"og:image:type\" content=\"image\/jpeg\" \/>\n<meta name=\"author\" content=\"Lola\" \/>\n<meta name=\"twitter:card\" content=\"summary_large_image\" \/>\n<meta name=\"twitter:creator\" content=\"@TressisSV\" \/>\n<meta name=\"twitter:site\" content=\"@TressisSV\" \/>\n<meta name=\"twitter:label1\" content=\"Escrit per\" \/>\n\t<meta name=\"twitter:data1\" content=\"Lola\" \/>\n\t<meta name=\"twitter:label2\" content=\"Temps estimat de lectura\" \/>\n\t<meta name=\"twitter:data2\" content=\"2 minuts\" \/>\n<script type=\"application\/ld+json\" class=\"yoast-schema-graph\">{\"@context\":\"https:\\\/\\\/schema.org\",\"@graph\":[{\"@type\":\"Article\",\"@id\":\"https:\\\/\\\/www.tressis.com\\\/ca\\\/blog\\\/revolcon-gobierno-espanol-electricas\\\/#article\",\"isPartOf\":{\"@id\":\"https:\\\/\\\/www.tressis.com\\\/ca\\\/blog\\\/revolcon-gobierno-espanol-electricas\\\/\"},\"author\":{\"name\":\"Lola\",\"@id\":\"https:\\\/\\\/www.tressis.com\\\/ca\\\/#\\\/schema\\\/person\\\/b833c1d724d8764920b6d6852c70584e\"},\"headline\":\"Revolc\u00f3n del Gobierno espa\u00f1ol a las el\u00e9ctricas\",\"datePublished\":\"2021-06-01T08:28:01+00:00\",\"mainEntityOfPage\":{\"@id\":\"https:\\\/\\\/www.tressis.com\\\/ca\\\/blog\\\/revolcon-gobierno-espanol-electricas\\\/\"},\"wordCount\":361,\"commentCount\":0,\"publisher\":{\"@id\":\"https:\\\/\\\/www.tressis.com\\\/ca\\\/#organization\"},\"image\":{\"@id\":\"https:\\\/\\\/www.tressis.com\\\/ca\\\/blog\\\/revolcon-gobierno-espanol-electricas\\\/#primaryimage\"},\"thumbnailUrl\":\"https:\\\/\\\/www.tressis.com\\\/wp-content\\\/uploads\\\/2021\\\/06\\\/electricas.jpg\",\"keywords\":[\"BCE\",\"electricas\",\"ETF\",\"EU Next Generation\",\"OPEP\"],\"articleSection\":[\"Morning meeting\"],\"inLanguage\":\"ca\",\"potentialAction\":[{\"@type\":\"CommentAction\",\"name\":\"Comment\",\"target\":[\"https:\\\/\\\/www.tressis.com\\\/ca\\\/blog\\\/revolcon-gobierno-espanol-electricas\\\/#respond\"]}]},{\"@type\":\"WebPage\",\"@id\":\"https:\\\/\\\/www.tressis.com\\\/ca\\\/blog\\\/revolcon-gobierno-espanol-electricas\\\/\",\"url\":\"https:\\\/\\\/www.tressis.com\\\/ca\\\/blog\\\/revolcon-gobierno-espanol-electricas\\\/\",\"name\":\"Revolc\u00f3n del Gobierno espa\u00f1ol a las el\u00e9ctricas\",\"isPartOf\":{\"@id\":\"https:\\\/\\\/www.tressis.com\\\/ca\\\/#website\"},\"primaryImageOfPage\":{\"@id\":\"https:\\\/\\\/www.tressis.com\\\/ca\\\/blog\\\/revolcon-gobierno-espanol-electricas\\\/#primaryimage\"},\"image\":{\"@id\":\"https:\\\/\\\/www.tressis.com\\\/ca\\\/blog\\\/revolcon-gobierno-espanol-electricas\\\/#primaryimage\"},\"thumbnailUrl\":\"https:\\\/\\\/www.tressis.com\\\/wp-content\\\/uploads\\\/2021\\\/06\\\/electricas.jpg\",\"datePublished\":\"2021-06-01T08:28:01+00:00\",\"description\":\"En las plazas europeas pocas sorpresas m\u00e1s all\u00e1 del revolc\u00f3n que el Gobierno espa\u00f1ol ha dado a las el\u00e9ctricas al conocerse que pretende eliminar los incentivos para aquellos tipos de energ\u00eda que no emiten gases de efecto invernadero.\",\"breadcrumb\":{\"@id\":\"https:\\\/\\\/www.tressis.com\\\/ca\\\/blog\\\/revolcon-gobierno-espanol-electricas\\\/#breadcrumb\"},\"inLanguage\":\"ca\",\"potentialAction\":[{\"@type\":\"ReadAction\",\"target\":[\"https:\\\/\\\/www.tressis.com\\\/ca\\\/blog\\\/revolcon-gobierno-espanol-electricas\\\/\"]}]},{\"@type\":\"ImageObject\",\"inLanguage\":\"ca\",\"@id\":\"https:\\\/\\\/www.tressis.com\\\/ca\\\/blog\\\/revolcon-gobierno-espanol-electricas\\\/#primaryimage\",\"url\":\"https:\\\/\\\/www.tressis.com\\\/wp-content\\\/uploads\\\/2021\\\/06\\\/electricas.jpg\",\"contentUrl\":\"https:\\\/\\\/www.tressis.com\\\/wp-content\\\/uploads\\\/2021\\\/06\\\/electricas.jpg\",\"width\":1100,\"height\":487},{\"@type\":\"BreadcrumbList\",\"@id\":\"https:\\\/\\\/www.tressis.com\\\/ca\\\/blog\\\/revolcon-gobierno-espanol-electricas\\\/#breadcrumb\",\"itemListElement\":[{\"@type\":\"ListItem\",\"position\":1,\"name\":\"Inicio\",\"item\":\"https:\\\/\\\/www.tressis.com\\\/ca\\\/\"},{\"@type\":\"ListItem\",\"position\":2,\"name\":\"Revolc\u00f3n del Gobierno espa\u00f1ol a las el\u00e9ctricas\"}]},{\"@type\":\"WebSite\",\"@id\":\"https:\\\/\\\/www.tressis.com\\\/ca\\\/#website\",\"url\":\"https:\\\/\\\/www.tressis.com\\\/ca\\\/\",\"name\":\"Tressis banca privada\",\"description\":\"Tressis | Planificaci\u00f3n financiera y gesti\u00f3n de patrimonios\",\"publisher\":{\"@id\":\"https:\\\/\\\/www.tressis.com\\\/ca\\\/#organization\"},\"potentialAction\":[{\"@type\":\"SearchAction\",\"target\":{\"@type\":\"EntryPoint\",\"urlTemplate\":\"https:\\\/\\\/www.tressis.com\\\/ca\\\/?s={search_term_string}\"},\"query-input\":{\"@type\":\"PropertyValueSpecification\",\"valueRequired\":true,\"valueName\":\"search_term_string\"}}],\"inLanguage\":\"ca\"},{\"@type\":\"Organization\",\"@id\":\"https:\\\/\\\/www.tressis.com\\\/ca\\\/#organization\",\"name\":\"Tressis\",\"url\":\"https:\\\/\\\/www.tressis.com\\\/ca\\\/\",\"logo\":{\"@type\":\"ImageObject\",\"inLanguage\":\"ca\",\"@id\":\"https:\\\/\\\/www.tressis.com\\\/ca\\\/#\\\/schema\\\/logo\\\/image\\\/\",\"url\":\"https:\\\/\\\/www.tressis.com\\\/wp-content\\\/uploads\\\/2025\\\/06\\\/logo-tressis-112.png\",\"contentUrl\":\"https:\\\/\\\/www.tressis.com\\\/wp-content\\\/uploads\\\/2025\\\/06\\\/logo-tressis-112.png\",\"width\":112,\"height\":112,\"caption\":\"Tressis\"},\"image\":{\"@id\":\"https:\\\/\\\/www.tressis.com\\\/ca\\\/#\\\/schema\\\/logo\\\/image\\\/\"},\"sameAs\":[\"https:\\\/\\\/www.facebook.com\\\/Tressis\\\/\",\"https:\\\/\\\/x.com\\\/TressisSV\",\"https:\\\/\\\/www.instagram.com\\\/tressissv\\\/?hl=es\",\"https:\\\/\\\/linkedin.com\\\/company\\\/tressis\\\/\",\"https:\\\/\\\/www.youtube.com\\\/user\\\/tressissv\",\"https:\\\/\\\/open.spotify.com\\\/show\\\/3jmTe1Nf0wqMILl7diWV6h?si=d7112519f13c4593&nd=1\"]},{\"@type\":\"Person\",\"@id\":\"https:\\\/\\\/www.tressis.com\\\/ca\\\/#\\\/schema\\\/person\\\/b833c1d724d8764920b6d6852c70584e\",\"name\":\"Lola\",\"image\":{\"@type\":\"ImageObject\",\"inLanguage\":\"ca\",\"@id\":\"https:\\\/\\\/secure.gravatar.com\\\/avatar\\\/05e646486b23ff45df9649110609c7e31b8c4a3e2821caa23d6317f405e0c51d?s=96&d=mm&r=g\",\"url\":\"https:\\\/\\\/secure.gravatar.com\\\/avatar\\\/05e646486b23ff45df9649110609c7e31b8c4a3e2821caa23d6317f405e0c51d?s=96&d=mm&r=g\",\"contentUrl\":\"https:\\\/\\\/secure.gravatar.com\\\/avatar\\\/05e646486b23ff45df9649110609c7e31b8c4a3e2821caa23d6317f405e0c51d?s=96&d=mm&r=g\",\"caption\":\"Lola\"}}]}<\/script>\n<!-- \/ Yoast SEO plugin. -->","yoast_head_json":{"title":"Revolc\u00f3n del Gobierno espa\u00f1ol a las el\u00e9ctricas","description":"En las plazas europeas pocas sorpresas m\u00e1s all\u00e1 del revolc\u00f3n que el Gobierno espa\u00f1ol ha dado a las el\u00e9ctricas al conocerse que pretende eliminar los incentivos para aquellos tipos de energ\u00eda que no emiten gases de efecto invernadero.","robots":{"index":"index","follow":"follow","max-snippet":"max-snippet:-1","max-image-preview":"max-image-preview:large","max-video-preview":"max-video-preview:-1"},"canonical":"https:\/\/www.tressis.com\/ca\/blog\/revolcon-gobierno-espanol-electricas\/","og_locale":"ca_ES","og_type":"article","og_title":"Revolc\u00f3n del Gobierno espa\u00f1ol a las el\u00e9ctricas","og_description":"En las plazas europeas pocas sorpresas m\u00e1s all\u00e1 del revolc\u00f3n que el Gobierno espa\u00f1ol ha dado a las el\u00e9ctricas al conocerse que pretende eliminar los incentivos para aquellos tipos de energ\u00eda que no emiten gases de efecto invernadero.","og_url":"https:\/\/www.tressis.com\/ca\/blog\/revolcon-gobierno-espanol-electricas\/","og_site_name":"Tressis","article_publisher":"https:\/\/www.facebook.com\/Tressis\/","article_published_time":"2021-06-01T08:28:01+00:00","og_image":[{"width":1100,"height":487,"url":"https:\/\/www.tressis.com\/wp-content\/uploads\/2021\/06\/electricas.jpg","type":"image\/jpeg"}],"author":"Lola","twitter_card":"summary_large_image","twitter_creator":"@TressisSV","twitter_site":"@TressisSV","twitter_misc":{"Escrit per":"Lola","Temps estimat de lectura":"2 minuts"},"schema":{"@context":"https:\/\/schema.org","@graph":[{"@type":"Article","@id":"https:\/\/www.tressis.com\/ca\/blog\/revolcon-gobierno-espanol-electricas\/#article","isPartOf":{"@id":"https:\/\/www.tressis.com\/ca\/blog\/revolcon-gobierno-espanol-electricas\/"},"author":{"name":"Lola","@id":"https:\/\/www.tressis.com\/ca\/#\/schema\/person\/b833c1d724d8764920b6d6852c70584e"},"headline":"Revolc\u00f3n del Gobierno espa\u00f1ol a las el\u00e9ctricas","datePublished":"2021-06-01T08:28:01+00:00","mainEntityOfPage":{"@id":"https:\/\/www.tressis.com\/ca\/blog\/revolcon-gobierno-espanol-electricas\/"},"wordCount":361,"commentCount":0,"publisher":{"@id":"https:\/\/www.tressis.com\/ca\/#organization"},"image":{"@id":"https:\/\/www.tressis.com\/ca\/blog\/revolcon-gobierno-espanol-electricas\/#primaryimage"},"thumbnailUrl":"https:\/\/www.tressis.com\/wp-content\/uploads\/2021\/06\/electricas.jpg","keywords":["BCE","electricas","ETF","EU Next Generation","OPEP"],"articleSection":["Morning meeting"],"inLanguage":"ca","potentialAction":[{"@type":"CommentAction","name":"Comment","target":["https:\/\/www.tressis.com\/ca\/blog\/revolcon-gobierno-espanol-electricas\/#respond"]}]},{"@type":"WebPage","@id":"https:\/\/www.tressis.com\/ca\/blog\/revolcon-gobierno-espanol-electricas\/","url":"https:\/\/www.tressis.com\/ca\/blog\/revolcon-gobierno-espanol-electricas\/","name":"Revolc\u00f3n del Gobierno espa\u00f1ol a las el\u00e9ctricas","isPartOf":{"@id":"https:\/\/www.tressis.com\/ca\/#website"},"primaryImageOfPage":{"@id":"https:\/\/www.tressis.com\/ca\/blog\/revolcon-gobierno-espanol-electricas\/#primaryimage"},"image":{"@id":"https:\/\/www.tressis.com\/ca\/blog\/revolcon-gobierno-espanol-electricas\/#primaryimage"},"thumbnailUrl":"https:\/\/www.tressis.com\/wp-content\/uploads\/2021\/06\/electricas.jpg","datePublished":"2021-06-01T08:28:01+00:00","description":"En las plazas europeas pocas sorpresas m\u00e1s all\u00e1 del revolc\u00f3n que el Gobierno espa\u00f1ol ha dado a las el\u00e9ctricas al conocerse que pretende eliminar los incentivos para aquellos tipos de energ\u00eda que no emiten gases de efecto invernadero.","breadcrumb":{"@id":"https:\/\/www.tressis.com\/ca\/blog\/revolcon-gobierno-espanol-electricas\/#breadcrumb"},"inLanguage":"ca","potentialAction":[{"@type":"ReadAction","target":["https:\/\/www.tressis.com\/ca\/blog\/revolcon-gobierno-espanol-electricas\/"]}]},{"@type":"ImageObject","inLanguage":"ca","@id":"https:\/\/www.tressis.com\/ca\/blog\/revolcon-gobierno-espanol-electricas\/#primaryimage","url":"https:\/\/www.tressis.com\/wp-content\/uploads\/2021\/06\/electricas.jpg","contentUrl":"https:\/\/www.tressis.com\/wp-content\/uploads\/2021\/06\/electricas.jpg","width":1100,"height":487},{"@type":"BreadcrumbList","@id":"https:\/\/www.tressis.com\/ca\/blog\/revolcon-gobierno-espanol-electricas\/#breadcrumb","itemListElement":[{"@type":"ListItem","position":1,"name":"Inicio","item":"https:\/\/www.tressis.com\/ca\/"},{"@type":"ListItem","position":2,"name":"Revolc\u00f3n del Gobierno espa\u00f1ol a las el\u00e9ctricas"}]},{"@type":"WebSite","@id":"https:\/\/www.tressis.com\/ca\/#website","url":"https:\/\/www.tressis.com\/ca\/","name":"Tressis banca privada","description":"Tressis | Planificaci\u00f3n financiera y gesti\u00f3n de patrimonios","publisher":{"@id":"https:\/\/www.tressis.com\/ca\/#organization"},"potentialAction":[{"@type":"SearchAction","target":{"@type":"EntryPoint","urlTemplate":"https:\/\/www.tressis.com\/ca\/?s={search_term_string}"},"query-input":{"@type":"PropertyValueSpecification","valueRequired":true,"valueName":"search_term_string"}}],"inLanguage":"ca"},{"@type":"Organization","@id":"https:\/\/www.tressis.com\/ca\/#organization","name":"Tressis","url":"https:\/\/www.tressis.com\/ca\/","logo":{"@type":"ImageObject","inLanguage":"ca","@id":"https:\/\/www.tressis.com\/ca\/#\/schema\/logo\/image\/","url":"https:\/\/www.tressis.com\/wp-content\/uploads\/2025\/06\/logo-tressis-112.png","contentUrl":"https:\/\/www.tressis.com\/wp-content\/uploads\/2025\/06\/logo-tressis-112.png","width":112,"height":112,"caption":"Tressis"},"image":{"@id":"https:\/\/www.tressis.com\/ca\/#\/schema\/logo\/image\/"},"sameAs":["https:\/\/www.facebook.com\/Tressis\/","https:\/\/x.com\/TressisSV","https:\/\/www.instagram.com\/tressissv\/?hl=es","https:\/\/linkedin.com\/company\/tressis\/","https:\/\/www.youtube.com\/user\/tressissv","https:\/\/open.spotify.com\/show\/3jmTe1Nf0wqMILl7diWV6h?si=d7112519f13c4593&nd=1"]},{"@type":"Person","@id":"https:\/\/www.tressis.com\/ca\/#\/schema\/person\/b833c1d724d8764920b6d6852c70584e","name":"Lola","image":{"@type":"ImageObject","inLanguage":"ca","@id":"https:\/\/secure.gravatar.com\/avatar\/05e646486b23ff45df9649110609c7e31b8c4a3e2821caa23d6317f405e0c51d?s=96&d=mm&r=g","url":"https:\/\/secure.gravatar.com\/avatar\/05e646486b23ff45df9649110609c7e31b8c4a3e2821caa23d6317f405e0c51d?s=96&d=mm&r=g","contentUrl":"https:\/\/secure.gravatar.com\/avatar\/05e646486b23ff45df9649110609c7e31b8c4a3e2821caa23d6317f405e0c51d?s=96&d=mm&r=g","caption":"Lola"}}]}},"_links":{"self":[{"href":"https:\/\/www.tressis.com\/ca\/wp-json\/wp\/v2\/posts\/36295","targetHints":{"allow":["GET"]}}],"collection":[{"href":"https:\/\/www.tressis.com\/ca\/wp-json\/wp\/v2\/posts"}],"about":[{"href":"https:\/\/www.tressis.com\/ca\/wp-json\/wp\/v2\/types\/post"}],"author":[{"embeddable":true,"href":"https:\/\/www.tressis.com\/ca\/wp-json\/wp\/v2\/users\/4"}],"replies":[{"embeddable":true,"href":"https:\/\/www.tressis.com\/ca\/wp-json\/wp\/v2\/comments?post=36295"}],"version-history":[{"count":0,"href":"https:\/\/www.tressis.com\/ca\/wp-json\/wp\/v2\/posts\/36295\/revisions"}],"wp:featuredmedia":[{"embeddable":true,"href":"https:\/\/www.tressis.com\/ca\/wp-json\/wp\/v2\/media\/36296"}],"wp:attachment":[{"href":"https:\/\/www.tressis.com\/ca\/wp-json\/wp\/v2\/media?parent=36295"}],"wp:term":[{"taxonomy":"category","embeddable":true,"href":"https:\/\/www.tressis.com\/ca\/wp-json\/wp\/v2\/categories?post=36295"},{"taxonomy":"post_tag","embeddable":true,"href":"https:\/\/www.tressis.com\/ca\/wp-json\/wp\/v2\/tags?post=36295"}],"curies":[{"name":"wp","href":"https:\/\/api.w.org\/{rel}","templated":true}]}}