{"id":36214,"date":"2021-05-19T10:09:06","date_gmt":"2021-05-19T08:09:06","guid":{"rendered":"https:\/\/www.tressis.com\/blog\/?p=36214"},"modified":"2021-05-19T10:09:06","modified_gmt":"2021-05-19T08:09:06","slug":"dia-de-respiro-para-los-inversores-europeos","status":"publish","type":"post","link":"https:\/\/www.tressis.com\/ca\/blog\/dia-de-respiro-para-los-inversores-europeos\/","title":{"rendered":"D\u00eda de respiro para los inversores europeos"},"content":{"rendered":"<p>En el caso americano, el mercado correg\u00eda, pero el sector sanitario salvaba los n\u00fameros verdes.<!--more--><\/p>\n<p>Dentro de los mercados de renta fija asistimos a una emisi\u00f3n de bonos sociales para financiar el fondo contra el paro SURE con una sobresubscripci\u00f3n muy importante, y en la que se captaron 6.000 millones de euros en bonos a veinticinco a\u00f1os y otros 8.137 millones en bonos a ocho a\u00f1os para cubrir los sistemas de protecci\u00f3n de ingresos, como los expedientes de regulaci\u00f3n temporal de empleo (ERTE) espa\u00f1oles, por la pandemia. Tras estas primeras emisiones de la Comisi\u00f3n Europea, cuyo programa ha alcanzado los 100.000 millones, continuar\u00e1 ahora con las emisiones para financiar el fondo de recuperaci\u00f3n comunitario por la pandemia y en el que la Comisi\u00f3n Europea espera captar hasta 800.000 millones de euros en deuda desde julio hasta finales de 2026, unos 150.000 millones al a\u00f1o, para financiar ese fondo. En cambio, la emisi\u00f3n del bono alem\u00e1n a dos a\u00f1os no ten\u00eda muy buena acogida.<\/p>\n<p>La jornada no tuvo apenas noticias macro, entre las que destacaba que la construcci\u00f3n de nuevas viviendas en Estados Unidos cay\u00f3 en abril un 9,5% tras un fuerte aumento en el mes previo.<\/p>\n<p>A nivel pol\u00edtico, la Administraci\u00f3n Biden sigue dando a conocer nuevas propuestas dentro de su plan de infraestructuras. La \u00faltima es la apuesta por los coches el\u00e9ctricos y la producci\u00f3n de bater\u00edas. Adem\u00e1s, ante la actual coyuntura de producci\u00f3n mundial, se estar\u00eda planteando la opci\u00f3n de que EE.UU. deje de necesitar los semiconductores producidos en Asia y que tantos quebraderos de cabeza est\u00e1n dando este a\u00f1o.<\/p>\n<p>Buen d\u00eda.<br \/>\n<center><strong>Jorge Gonz\u00e1lez G\u00f3mez<\/strong><br \/>\nDirector de An\u00e1lisis <\/center><\/p>\n","protected":false},"excerpt":{"rendered":"<p>En el caso americano, el mercado correg\u00eda, pero el sector sanitario salvaba los n\u00fameros verdes.<\/p>\n","protected":false},"author":4,"featured_media":36215,"comment_status":"open","ping_status":"closed","sticky":false,"template":"","format":"standard","meta":{"_acf_changed":false,"footnotes":""},"categories":[9721],"tags":[593,2429,5614,5642],"class_list":["post-36214","post","type-post","status-publish","format-standard","has-post-thumbnail","hentry","category-morning-meeting","tag-biden","tag-erte","tag-renta-fija","tag-renta-variable"],"acf":[],"yoast_head":"<!-- This site is optimized with the Yoast SEO plugin v27.5 - https:\/\/yoast.com\/product\/yoast-seo-wordpress\/ -->\n<title>D\u00eda de respiro para los inversores europeos<\/title>\n<meta name=\"description\" content=\"El mercado de renta variable cerr\u00f3 sin apenas variaciones y eso que el optimismo es cada vez mayor de cara a la recuperaci\u00f3n econ\u00f3mica y tras los buenos resultados presentados por las compa\u00f1\u00edas\" \/>\n<meta name=\"robots\" content=\"index, follow, max-snippet:-1, max-image-preview:large, max-video-preview:-1\" \/>\n<link rel=\"canonical\" href=\"https:\/\/www.tressis.com\/ca\/blog\/dia-de-respiro-para-los-inversores-europeos\/\" \/>\n<meta property=\"og:locale\" content=\"ca_ES\" \/>\n<meta property=\"og:type\" content=\"article\" \/>\n<meta property=\"og:title\" content=\"D\u00eda de respiro para los inversores europeos\" \/>\n<meta property=\"og:description\" content=\"El mercado de renta variable cerr\u00f3 sin apenas variaciones y eso que el optimismo es cada vez mayor de cara a la recuperaci\u00f3n econ\u00f3mica y tras los buenos resultados presentados por las compa\u00f1\u00edas\" \/>\n<meta property=\"og:url\" content=\"https:\/\/www.tressis.com\/ca\/blog\/dia-de-respiro-para-los-inversores-europeos\/\" \/>\n<meta property=\"og:site_name\" content=\"Tressis\" \/>\n<meta property=\"article:publisher\" content=\"https:\/\/www.facebook.com\/Tressis\/\" \/>\n<meta property=\"article:published_time\" content=\"2021-05-19T08:09:06+00:00\" \/>\n<meta property=\"og:image\" content=\"https:\/\/www.tressis.com\/wp-content\/uploads\/2021\/05\/respiro-inversores-europeos.jpg\" \/>\n\t<meta property=\"og:image:width\" content=\"1100\" \/>\n\t<meta property=\"og:image:height\" content=\"487\" \/>\n\t<meta property=\"og:image:type\" content=\"image\/jpeg\" \/>\n<meta name=\"author\" content=\"Lola\" \/>\n<meta name=\"twitter:card\" content=\"summary_large_image\" \/>\n<meta name=\"twitter:creator\" content=\"@TressisSV\" \/>\n<meta name=\"twitter:site\" content=\"@TressisSV\" \/>\n<meta name=\"twitter:label1\" content=\"Escrit per\" \/>\n\t<meta name=\"twitter:data1\" content=\"Lola\" \/>\n\t<meta name=\"twitter:label2\" content=\"Temps estimat de lectura\" \/>\n\t<meta name=\"twitter:data2\" content=\"1 minut\" \/>\n<script type=\"application\/ld+json\" class=\"yoast-schema-graph\">{\"@context\":\"https:\\\/\\\/schema.org\",\"@graph\":[{\"@type\":\"Article\",\"@id\":\"https:\\\/\\\/www.tressis.com\\\/ca\\\/blog\\\/dia-de-respiro-para-los-inversores-europeos\\\/#article\",\"isPartOf\":{\"@id\":\"https:\\\/\\\/www.tressis.com\\\/ca\\\/blog\\\/dia-de-respiro-para-los-inversores-europeos\\\/\"},\"author\":{\"name\":\"Lola\",\"@id\":\"https:\\\/\\\/www.tressis.com\\\/ca\\\/#\\\/schema\\\/person\\\/b833c1d724d8764920b6d6852c70584e\"},\"headline\":\"D\u00eda de respiro para los inversores europeos\",\"datePublished\":\"2021-05-19T08:09:06+00:00\",\"mainEntityOfPage\":{\"@id\":\"https:\\\/\\\/www.tressis.com\\\/ca\\\/blog\\\/dia-de-respiro-para-los-inversores-europeos\\\/\"},\"wordCount\":305,\"commentCount\":0,\"publisher\":{\"@id\":\"https:\\\/\\\/www.tressis.com\\\/ca\\\/#organization\"},\"image\":{\"@id\":\"https:\\\/\\\/www.tressis.com\\\/ca\\\/blog\\\/dia-de-respiro-para-los-inversores-europeos\\\/#primaryimage\"},\"thumbnailUrl\":\"https:\\\/\\\/www.tressis.com\\\/wp-content\\\/uploads\\\/2021\\\/05\\\/respiro-inversores-europeos.jpg\",\"keywords\":[\"Biden\",\"erte\",\"renta fija\",\"renta variable\"],\"articleSection\":[\"Morning meeting\"],\"inLanguage\":\"ca\",\"potentialAction\":[{\"@type\":\"CommentAction\",\"name\":\"Comment\",\"target\":[\"https:\\\/\\\/www.tressis.com\\\/ca\\\/blog\\\/dia-de-respiro-para-los-inversores-europeos\\\/#respond\"]}]},{\"@type\":\"WebPage\",\"@id\":\"https:\\\/\\\/www.tressis.com\\\/ca\\\/blog\\\/dia-de-respiro-para-los-inversores-europeos\\\/\",\"url\":\"https:\\\/\\\/www.tressis.com\\\/ca\\\/blog\\\/dia-de-respiro-para-los-inversores-europeos\\\/\",\"name\":\"D\u00eda de respiro para los inversores europeos\",\"isPartOf\":{\"@id\":\"https:\\\/\\\/www.tressis.com\\\/ca\\\/#website\"},\"primaryImageOfPage\":{\"@id\":\"https:\\\/\\\/www.tressis.com\\\/ca\\\/blog\\\/dia-de-respiro-para-los-inversores-europeos\\\/#primaryimage\"},\"image\":{\"@id\":\"https:\\\/\\\/www.tressis.com\\\/ca\\\/blog\\\/dia-de-respiro-para-los-inversores-europeos\\\/#primaryimage\"},\"thumbnailUrl\":\"https:\\\/\\\/www.tressis.com\\\/wp-content\\\/uploads\\\/2021\\\/05\\\/respiro-inversores-europeos.jpg\",\"datePublished\":\"2021-05-19T08:09:06+00:00\",\"description\":\"El mercado de renta variable cerr\u00f3 sin apenas variaciones y eso que el optimismo es cada vez mayor de cara a la recuperaci\u00f3n econ\u00f3mica y tras los buenos resultados presentados por las compa\u00f1\u00edas\",\"breadcrumb\":{\"@id\":\"https:\\\/\\\/www.tressis.com\\\/ca\\\/blog\\\/dia-de-respiro-para-los-inversores-europeos\\\/#breadcrumb\"},\"inLanguage\":\"ca\",\"potentialAction\":[{\"@type\":\"ReadAction\",\"target\":[\"https:\\\/\\\/www.tressis.com\\\/ca\\\/blog\\\/dia-de-respiro-para-los-inversores-europeos\\\/\"]}]},{\"@type\":\"ImageObject\",\"inLanguage\":\"ca\",\"@id\":\"https:\\\/\\\/www.tressis.com\\\/ca\\\/blog\\\/dia-de-respiro-para-los-inversores-europeos\\\/#primaryimage\",\"url\":\"https:\\\/\\\/www.tressis.com\\\/wp-content\\\/uploads\\\/2021\\\/05\\\/respiro-inversores-europeos.jpg\",\"contentUrl\":\"https:\\\/\\\/www.tressis.com\\\/wp-content\\\/uploads\\\/2021\\\/05\\\/respiro-inversores-europeos.jpg\",\"width\":1100,\"height\":487},{\"@type\":\"BreadcrumbList\",\"@id\":\"https:\\\/\\\/www.tressis.com\\\/ca\\\/blog\\\/dia-de-respiro-para-los-inversores-europeos\\\/#breadcrumb\",\"itemListElement\":[{\"@type\":\"ListItem\",\"position\":1,\"name\":\"Inicio\",\"item\":\"https:\\\/\\\/www.tressis.com\\\/ca\\\/\"},{\"@type\":\"ListItem\",\"position\":2,\"name\":\"D\u00eda de respiro para los inversores europeos\"}]},{\"@type\":\"WebSite\",\"@id\":\"https:\\\/\\\/www.tressis.com\\\/ca\\\/#website\",\"url\":\"https:\\\/\\\/www.tressis.com\\\/ca\\\/\",\"name\":\"Tressis banca privada\",\"description\":\"Tressis | Planificaci\u00f3n financiera y gesti\u00f3n de patrimonios\",\"publisher\":{\"@id\":\"https:\\\/\\\/www.tressis.com\\\/ca\\\/#organization\"},\"potentialAction\":[{\"@type\":\"SearchAction\",\"target\":{\"@type\":\"EntryPoint\",\"urlTemplate\":\"https:\\\/\\\/www.tressis.com\\\/ca\\\/?s={search_term_string}\"},\"query-input\":{\"@type\":\"PropertyValueSpecification\",\"valueRequired\":true,\"valueName\":\"search_term_string\"}}],\"inLanguage\":\"ca\"},{\"@type\":\"Organization\",\"@id\":\"https:\\\/\\\/www.tressis.com\\\/ca\\\/#organization\",\"name\":\"Tressis\",\"url\":\"https:\\\/\\\/www.tressis.com\\\/ca\\\/\",\"logo\":{\"@type\":\"ImageObject\",\"inLanguage\":\"ca\",\"@id\":\"https:\\\/\\\/www.tressis.com\\\/ca\\\/#\\\/schema\\\/logo\\\/image\\\/\",\"url\":\"https:\\\/\\\/www.tressis.com\\\/wp-content\\\/uploads\\\/2025\\\/06\\\/logo-tressis-112.png\",\"contentUrl\":\"https:\\\/\\\/www.tressis.com\\\/wp-content\\\/uploads\\\/2025\\\/06\\\/logo-tressis-112.png\",\"width\":112,\"height\":112,\"caption\":\"Tressis\"},\"image\":{\"@id\":\"https:\\\/\\\/www.tressis.com\\\/ca\\\/#\\\/schema\\\/logo\\\/image\\\/\"},\"sameAs\":[\"https:\\\/\\\/www.facebook.com\\\/Tressis\\\/\",\"https:\\\/\\\/x.com\\\/TressisSV\",\"https:\\\/\\\/www.instagram.com\\\/tressissv\\\/?hl=es\",\"https:\\\/\\\/linkedin.com\\\/company\\\/tressis\\\/\",\"https:\\\/\\\/www.youtube.com\\\/user\\\/tressissv\",\"https:\\\/\\\/open.spotify.com\\\/show\\\/3jmTe1Nf0wqMILl7diWV6h?si=d7112519f13c4593&nd=1\"]},{\"@type\":\"Person\",\"@id\":\"https:\\\/\\\/www.tressis.com\\\/ca\\\/#\\\/schema\\\/person\\\/b833c1d724d8764920b6d6852c70584e\",\"name\":\"Lola\",\"image\":{\"@type\":\"ImageObject\",\"inLanguage\":\"ca\",\"@id\":\"https:\\\/\\\/secure.gravatar.com\\\/avatar\\\/05e646486b23ff45df9649110609c7e31b8c4a3e2821caa23d6317f405e0c51d?s=96&d=mm&r=g\",\"url\":\"https:\\\/\\\/secure.gravatar.com\\\/avatar\\\/05e646486b23ff45df9649110609c7e31b8c4a3e2821caa23d6317f405e0c51d?s=96&d=mm&r=g\",\"contentUrl\":\"https:\\\/\\\/secure.gravatar.com\\\/avatar\\\/05e646486b23ff45df9649110609c7e31b8c4a3e2821caa23d6317f405e0c51d?s=96&d=mm&r=g\",\"caption\":\"Lola\"}}]}<\/script>\n<!-- \/ Yoast SEO plugin. -->","yoast_head_json":{"title":"D\u00eda de respiro para los inversores europeos","description":"El mercado de renta variable cerr\u00f3 sin apenas variaciones y eso que el optimismo es cada vez mayor de cara a la recuperaci\u00f3n econ\u00f3mica y tras los buenos resultados presentados por las compa\u00f1\u00edas","robots":{"index":"index","follow":"follow","max-snippet":"max-snippet:-1","max-image-preview":"max-image-preview:large","max-video-preview":"max-video-preview:-1"},"canonical":"https:\/\/www.tressis.com\/ca\/blog\/dia-de-respiro-para-los-inversores-europeos\/","og_locale":"ca_ES","og_type":"article","og_title":"D\u00eda de respiro para los inversores europeos","og_description":"El mercado de renta variable cerr\u00f3 sin apenas variaciones y eso que el optimismo es cada vez mayor de cara a la recuperaci\u00f3n econ\u00f3mica y tras los buenos resultados presentados por las compa\u00f1\u00edas","og_url":"https:\/\/www.tressis.com\/ca\/blog\/dia-de-respiro-para-los-inversores-europeos\/","og_site_name":"Tressis","article_publisher":"https:\/\/www.facebook.com\/Tressis\/","article_published_time":"2021-05-19T08:09:06+00:00","og_image":[{"width":1100,"height":487,"url":"https:\/\/www.tressis.com\/wp-content\/uploads\/2021\/05\/respiro-inversores-europeos.jpg","type":"image\/jpeg"}],"author":"Lola","twitter_card":"summary_large_image","twitter_creator":"@TressisSV","twitter_site":"@TressisSV","twitter_misc":{"Escrit per":"Lola","Temps estimat de lectura":"1 minut"},"schema":{"@context":"https:\/\/schema.org","@graph":[{"@type":"Article","@id":"https:\/\/www.tressis.com\/ca\/blog\/dia-de-respiro-para-los-inversores-europeos\/#article","isPartOf":{"@id":"https:\/\/www.tressis.com\/ca\/blog\/dia-de-respiro-para-los-inversores-europeos\/"},"author":{"name":"Lola","@id":"https:\/\/www.tressis.com\/ca\/#\/schema\/person\/b833c1d724d8764920b6d6852c70584e"},"headline":"D\u00eda de respiro para los inversores europeos","datePublished":"2021-05-19T08:09:06+00:00","mainEntityOfPage":{"@id":"https:\/\/www.tressis.com\/ca\/blog\/dia-de-respiro-para-los-inversores-europeos\/"},"wordCount":305,"commentCount":0,"publisher":{"@id":"https:\/\/www.tressis.com\/ca\/#organization"},"image":{"@id":"https:\/\/www.tressis.com\/ca\/blog\/dia-de-respiro-para-los-inversores-europeos\/#primaryimage"},"thumbnailUrl":"https:\/\/www.tressis.com\/wp-content\/uploads\/2021\/05\/respiro-inversores-europeos.jpg","keywords":["Biden","erte","renta fija","renta variable"],"articleSection":["Morning meeting"],"inLanguage":"ca","potentialAction":[{"@type":"CommentAction","name":"Comment","target":["https:\/\/www.tressis.com\/ca\/blog\/dia-de-respiro-para-los-inversores-europeos\/#respond"]}]},{"@type":"WebPage","@id":"https:\/\/www.tressis.com\/ca\/blog\/dia-de-respiro-para-los-inversores-europeos\/","url":"https:\/\/www.tressis.com\/ca\/blog\/dia-de-respiro-para-los-inversores-europeos\/","name":"D\u00eda de respiro para los inversores europeos","isPartOf":{"@id":"https:\/\/www.tressis.com\/ca\/#website"},"primaryImageOfPage":{"@id":"https:\/\/www.tressis.com\/ca\/blog\/dia-de-respiro-para-los-inversores-europeos\/#primaryimage"},"image":{"@id":"https:\/\/www.tressis.com\/ca\/blog\/dia-de-respiro-para-los-inversores-europeos\/#primaryimage"},"thumbnailUrl":"https:\/\/www.tressis.com\/wp-content\/uploads\/2021\/05\/respiro-inversores-europeos.jpg","datePublished":"2021-05-19T08:09:06+00:00","description":"El mercado de renta variable cerr\u00f3 sin apenas variaciones y eso que el optimismo es cada vez mayor de cara a la recuperaci\u00f3n econ\u00f3mica y tras los buenos resultados presentados por las compa\u00f1\u00edas","breadcrumb":{"@id":"https:\/\/www.tressis.com\/ca\/blog\/dia-de-respiro-para-los-inversores-europeos\/#breadcrumb"},"inLanguage":"ca","potentialAction":[{"@type":"ReadAction","target":["https:\/\/www.tressis.com\/ca\/blog\/dia-de-respiro-para-los-inversores-europeos\/"]}]},{"@type":"ImageObject","inLanguage":"ca","@id":"https:\/\/www.tressis.com\/ca\/blog\/dia-de-respiro-para-los-inversores-europeos\/#primaryimage","url":"https:\/\/www.tressis.com\/wp-content\/uploads\/2021\/05\/respiro-inversores-europeos.jpg","contentUrl":"https:\/\/www.tressis.com\/wp-content\/uploads\/2021\/05\/respiro-inversores-europeos.jpg","width":1100,"height":487},{"@type":"BreadcrumbList","@id":"https:\/\/www.tressis.com\/ca\/blog\/dia-de-respiro-para-los-inversores-europeos\/#breadcrumb","itemListElement":[{"@type":"ListItem","position":1,"name":"Inicio","item":"https:\/\/www.tressis.com\/ca\/"},{"@type":"ListItem","position":2,"name":"D\u00eda de respiro para los inversores europeos"}]},{"@type":"WebSite","@id":"https:\/\/www.tressis.com\/ca\/#website","url":"https:\/\/www.tressis.com\/ca\/","name":"Tressis banca privada","description":"Tressis | Planificaci\u00f3n financiera y gesti\u00f3n de patrimonios","publisher":{"@id":"https:\/\/www.tressis.com\/ca\/#organization"},"potentialAction":[{"@type":"SearchAction","target":{"@type":"EntryPoint","urlTemplate":"https:\/\/www.tressis.com\/ca\/?s={search_term_string}"},"query-input":{"@type":"PropertyValueSpecification","valueRequired":true,"valueName":"search_term_string"}}],"inLanguage":"ca"},{"@type":"Organization","@id":"https:\/\/www.tressis.com\/ca\/#organization","name":"Tressis","url":"https:\/\/www.tressis.com\/ca\/","logo":{"@type":"ImageObject","inLanguage":"ca","@id":"https:\/\/www.tressis.com\/ca\/#\/schema\/logo\/image\/","url":"https:\/\/www.tressis.com\/wp-content\/uploads\/2025\/06\/logo-tressis-112.png","contentUrl":"https:\/\/www.tressis.com\/wp-content\/uploads\/2025\/06\/logo-tressis-112.png","width":112,"height":112,"caption":"Tressis"},"image":{"@id":"https:\/\/www.tressis.com\/ca\/#\/schema\/logo\/image\/"},"sameAs":["https:\/\/www.facebook.com\/Tressis\/","https:\/\/x.com\/TressisSV","https:\/\/www.instagram.com\/tressissv\/?hl=es","https:\/\/linkedin.com\/company\/tressis\/","https:\/\/www.youtube.com\/user\/tressissv","https:\/\/open.spotify.com\/show\/3jmTe1Nf0wqMILl7diWV6h?si=d7112519f13c4593&nd=1"]},{"@type":"Person","@id":"https:\/\/www.tressis.com\/ca\/#\/schema\/person\/b833c1d724d8764920b6d6852c70584e","name":"Lola","image":{"@type":"ImageObject","inLanguage":"ca","@id":"https:\/\/secure.gravatar.com\/avatar\/05e646486b23ff45df9649110609c7e31b8c4a3e2821caa23d6317f405e0c51d?s=96&d=mm&r=g","url":"https:\/\/secure.gravatar.com\/avatar\/05e646486b23ff45df9649110609c7e31b8c4a3e2821caa23d6317f405e0c51d?s=96&d=mm&r=g","contentUrl":"https:\/\/secure.gravatar.com\/avatar\/05e646486b23ff45df9649110609c7e31b8c4a3e2821caa23d6317f405e0c51d?s=96&d=mm&r=g","caption":"Lola"}}]}},"_links":{"self":[{"href":"https:\/\/www.tressis.com\/ca\/wp-json\/wp\/v2\/posts\/36214","targetHints":{"allow":["GET"]}}],"collection":[{"href":"https:\/\/www.tressis.com\/ca\/wp-json\/wp\/v2\/posts"}],"about":[{"href":"https:\/\/www.tressis.com\/ca\/wp-json\/wp\/v2\/types\/post"}],"author":[{"embeddable":true,"href":"https:\/\/www.tressis.com\/ca\/wp-json\/wp\/v2\/users\/4"}],"replies":[{"embeddable":true,"href":"https:\/\/www.tressis.com\/ca\/wp-json\/wp\/v2\/comments?post=36214"}],"version-history":[{"count":0,"href":"https:\/\/www.tressis.com\/ca\/wp-json\/wp\/v2\/posts\/36214\/revisions"}],"wp:featuredmedia":[{"embeddable":true,"href":"https:\/\/www.tressis.com\/ca\/wp-json\/wp\/v2\/media\/36215"}],"wp:attachment":[{"href":"https:\/\/www.tressis.com\/ca\/wp-json\/wp\/v2\/media?parent=36214"}],"wp:term":[{"taxonomy":"category","embeddable":true,"href":"https:\/\/www.tressis.com\/ca\/wp-json\/wp\/v2\/categories?post=36214"},{"taxonomy":"post_tag","embeddable":true,"href":"https:\/\/www.tressis.com\/ca\/wp-json\/wp\/v2\/tags?post=36214"}],"curies":[{"name":"wp","href":"https:\/\/api.w.org\/{rel}","templated":true}]}}